{"id":4190,"date":"2012-08-05T07:34:19","date_gmt":"2012-08-05T06:34:19","guid":{"rendered":"http:\/\/www.fjala.info\/?p=4190"},"modified":"2012-08-05T07:34:19","modified_gmt":"2012-08-05T06:34:19","slug":"nje-perdorimi-i-te-huajve-inferioritet-paracivilizues","status":"publish","type":"post","link":"https:\/\/fjala.info\/2009-2015\/nje-perdorimi-i-te-huajve-inferioritet-paracivilizues\/","title":{"rendered":"\u201cNj\u00eb-p\u00ebrdorimi\u201d i t\u00eb huajve: inferioritet paracivilizues!"},"content":{"rendered":"<p><img decoding=\"async\" class=\"alignright size-thumbnail wp-image-7236\" title=\"Arben Manaj\" src=\"http:\/\/www.fjala.info\/2012\/arben_manaj.jpg\" alt=\"\" width=\"150\" \/> Nga <strong>Arben Manaj<\/strong>, <em>4 Gusht 2012<\/em><\/p>\n<p>S\u2019na u ndan\u00eb Rajerson\u00ebt e rinj! Luca Volonte, Joseph Daul, Bernd Posselt apo edhe Wolfgang Grossruck, jan\u00eb batak\u00e7injt\u00eb m\u00eb t\u00eb rinj politik per\u00ebndimor, q\u00eb edhe n\u00eb 2012, ende tallen me inteligjenc\u00ebn e shqiptar\u00ebve.<\/p>\n<p>Dikur, kur sapo kishte lindur l\u00ebvizja pro-demokratike, ish-ambasadori amerikan Rajerson n\u00eb Tiran\u00eb b\u00ebnte pak a shum\u00eb t\u00eb nj\u00ebjt\u00ebn gj\u00eb. Por realisht atij i falej p\u00ebr koh\u00ebn, madje do thosha deri diku, ishte i justifikuar.<\/p>\n<p>Shqiptar\u00ebt kishin n\u00eb at\u00eb mot nevoj\u00eb p\u00ebr nj\u00eb pik\u00eb referimi mb\u00ebshtet\u00ebse tek aleati i ri i sapogjetur, por i vjet\u00ebr dhe i madh i kombit, dhe Rajersoni edhe pse e shkeli disi statusin e tij diplomatik, ishte m\u00eb shum\u00eb emisar i demokracis\u00eb m\u00eb t\u00eb madhe n\u00eb bot\u00eb.<\/p>\n<p>Por sot, 22 vjet m\u00eb von\u00eb, ardhja e k\u00ebtyre pala\u00e7ove q\u00eb p\u00ebrgjith\u00ebsisht jan\u00eb n\u00eb skalionin e fundit t\u00eb politik\u00ebs nga vendet nga vijn\u00eb, \u00ebsht\u00eb nj\u00eb praktik\u00eb d\u00e9mod\u00e9, pasi edhe n\u00ebse votohen n\u00ebp\u00ebr institucionet politike parlamentare n\u00eb institucionet e Brukselit apo Strasburgut, t\u00eb pakt\u00ebn nga eksperienca britanike jan\u00eb nga tak\u00ebmi i \u201cfundit t\u00eb kavallit\u201d.<\/p>\n<p>\u00cbsht\u00eb fakt se ata zgjidhen nga nj\u00eb p\u00ebrqindje shum\u00eb e ul\u00ebt e elektoratit n\u00eb vendet nga vijn\u00eb dhe p\u00ebr hir t\u00eb s\u00eb v\u00ebrtet\u00ebs, jan\u00eb njer\u00ebz q\u00eb vet\u00ebm b\u00ebjn\u00eb gam-gam dhe marrin dieta e rroga t\u00eb majme.<\/p>\n<p>P\u00ebr m\u00eb tep\u00ebr, komprometojn\u00eb parimet e demokracis\u00eb n\u00eb vendet ku i lejojn\u00eb t\u00eb fusin hund\u00ebt p\u00ebrdhunsh\u00ebm.<\/p>\n<p>Ky tak\u00ebm politiqen\u00ebsh, me nd\u00ebrhyrjet flagrante n\u00eb politikat e brendshme t\u00eb vendeve ende t\u00eb pakonsoliduara nga pik\u00ebpamja demokratike, jan\u00eb padyshim nj\u00eb devijim dhe shfryt\u00ebzim i keq me imazhin dhe p\u00ebrfytyrimin q\u00eb popujt e sapodemokratizuar kan\u00eb p\u00ebr politikan\u00ebt e sofistikuar modern t\u00eb Evrop\u00ebs.<\/p>\n<p>Prania e tyre e pafytyrshme n\u00eb politik\u00ebn nacionale, si\u00e7 \u00ebsht\u00eb rasti i Shqip\u00ebris\u00eb, \u00ebsht\u00eb e d\u00ebnueshme edhe nga ana etike dhe morale.<\/p>\n<p>Ajo \u00ebsht\u00eb tallje me intelektin e popujve, ku ata vijn\u00eb e b\u00ebhen si t\u00eb zot\u00ebt e vendit, duke mbajtur an\u00eb n\u00eb form\u00ebn m\u00eb t\u00eb paturpshme t\u00eb mundshme.<\/p>\n<p>K\u00ebta politikan\u00eb \u201cnj\u00eb-p\u00ebrdorim\u00ebsh\u201d, luajn\u00eb keq edhe me mikprit\u00ebsit, dhe nuk do habitesha aspak n\u00ebse nuk kontraktohen edhe p\u00ebrkundrejt p\u00ebrfitimeve dhe leht\u00ebsirave financiare apo atyre n\u00eb fush\u00ebn e biznesit, p\u00ebr vete apo miqt\u00eb e tyre n\u00eb pritje p\u00ebr t\u00eb peshkuar ndonj\u00eb tender n\u00eb Shqip\u00ebri.<\/p>\n<p>Ardhja e tyre dhe nj\u00ebanshm\u00ebria e frikshme politike me nj\u00eb pal\u00eb kund\u00ebr nj\u00eb pale tjet\u00ebr, p\u00ebrb\u00ebn nj\u00eb d\u00ebm t\u00eb madh edhe p\u00ebr kultur\u00ebn politike dhe imazhin e Evrop\u00ebs nga k\u00ebta emisar\u00eb, q\u00eb n\u00eb syt\u00eb e shqiptar\u00ebve, p\u00ebr hir t\u00eb s\u00eb v\u00ebrtet\u00ebs, n\u00eb pjes\u00ebn m\u00eb t\u00eb madhe tallen dhe u nxjerrin gishtin e mesit sa her\u00eb q\u00eb ata shfaqen p\u00ebrdhunsh\u00ebm n\u00eb ekranet shqiptare p\u00ebrkrah sponsor\u00ebve t\u00eb tyre.<\/p>\n<p>Ky lobim politik \u00ebsht\u00eb dhe duhet d\u00ebnuar edhe ligj\u00ebrisht.<\/p>\n<p>Do ishte m\u00eb e pranueshme n\u00ebse k\u00ebta pinjoll politik t\u00eb grupacioneve politike dhe ideologjike, do t\u00eb lobonin p\u00ebr v\u00ebrsnik\u00ebt e tyre n\u00ebp\u00ebr konferencat partiake t\u00eb simotrave apo siv\u00ebllez\u00ebrve ideologjik, apo edhe ti k\u00ebshillonin pas kuintave, por kurrsesi n\u00eb nivele shtet\u00ebrore.<\/p>\n<p>Marrja borxh e k\u00ebtyre z\u00ebdh\u00ebn\u00ebsve jozyrtar\u00eb t\u00eb Evrop\u00ebs, \u00ebsht\u00eb shprehje e kompleksit t\u00eb inferioritetit t\u00eb porosit\u00ebsve, aq sa edhe patronizmi q\u00eb i b\u00ebhet nj\u00eb populli t\u00eb t\u00ebr\u00eb, q\u00eb konsiderohet p\u00ebrbuzsh\u00ebm si i lesht\u00eb.<\/p>\n<p>Madje, ata duhen k\u00ebshilluar diplomatikisht edhe nga p\u00ebrfaq\u00ebsuesit diplomatik\u00eb t\u00eb vendeve t\u00eb tyre n\u00eb Tirane n\u00eb parim, q\u00eb t\u00eb mos investohen kaq publikisht. Nuk jam aq naiv ta kuptoj q\u00eb kjo s\u2019b\u00ebhet.<\/p>\n<p>Fenomeni i \u201cflet-volontes\u201d fatkeq\u00ebsisht tregon n\u00eb fakt paracivizilimin e sponsor\u00ebve t\u00eb tyre dhe n\u00eb fund t\u00eb fundit \u00ebsht\u00eb nj\u00eb humbje kohe dhe energjish n\u00eb tentativ\u00ebn jasht\u00eb mode, p\u00ebr t\u2019i shp\u00eblar\u00eb politikisht trut\u00eb e shqiptar\u00ebve, q\u00eb sot nuk jan\u00eb me ata t\u00eb 1990-\u00ebs!<\/p>\n","protected":false},"excerpt":{"rendered":"<p>Nga Arben Manaj, 4 Gusht 2012 S\u2019na u ndan\u00eb Rajerson\u00ebt e rinj! Luca Volonte, Joseph Daul, Bernd Posselt apo edhe Wolfgang Grossruck, jan\u00eb batak\u00e7injt\u00eb m\u00eb t\u00eb rinj politik per\u00ebndimor, q\u00eb edhe n\u00eb 2012, ende tallen me inteligjenc\u00ebn e shqiptar\u00ebve. Dikur, kur sapo kishte lindur l\u00ebvizja pro-demokratike, ish-ambasadori amerikan Rajerson n\u00eb Tiran\u00eb b\u00ebnte pak a shum\u00eb [&hellip;]<\/p>\n","protected":false},"author":1,"featured_media":0,"comment_status":"open","ping_status":"closed","sticky":false,"template":"","format":"standard","meta":{"footnotes":""},"categories":[2],"tags":[],"class_list":{"0":"post-4190","1":"post","2":"type-post","3":"status-publish","4":"format-standard","6":"category-artikuj"},"yoast_head":"<!-- This site is optimized with the Yoast SEO plugin v27.4 - https:\/\/yoast.com\/product\/yoast-seo-wordpress\/ -->\n<title>\u201cNj\u00eb-p\u00ebrdorimi\u201d i t\u00eb huajve: inferioritet paracivilizues! - FjALA e LIR\u00cb - Arkivi<\/title>\n<meta name=\"robots\" content=\"index, follow, max-snippet:-1, max-image-preview:large, max-video-preview:-1\" \/>\n<link rel=\"canonical\" href=\"https:\/\/fjala.info\/2009-2015\/nje-perdorimi-i-te-huajve-inferioritet-paracivilizues\/\" \/>\n<meta property=\"og:locale\" content=\"sq_AL\" \/>\n<meta property=\"og:type\" content=\"article\" \/>\n<meta property=\"og:title\" content=\"\u201cNj\u00eb-p\u00ebrdorimi\u201d i t\u00eb huajve: inferioritet paracivilizues! - FjALA e LIR\u00cb - Arkivi\" \/>\n<meta property=\"og:description\" content=\"Nga Arben Manaj, 4 Gusht 2012 S\u2019na u ndan\u00eb Rajerson\u00ebt e rinj! Luca Volonte, Joseph Daul, Bernd Posselt apo edhe Wolfgang Grossruck, jan\u00eb batak\u00e7injt\u00eb m\u00eb t\u00eb rinj politik per\u00ebndimor, q\u00eb edhe n\u00eb 2012, ende tallen me inteligjenc\u00ebn e shqiptar\u00ebve. Dikur, kur sapo kishte lindur l\u00ebvizja pro-demokratike, ish-ambasadori amerikan Rajerson n\u00eb Tiran\u00eb b\u00ebnte pak a shum\u00eb [&hellip;]\" \/>\n<meta property=\"og:url\" content=\"https:\/\/fjala.info\/2009-2015\/nje-perdorimi-i-te-huajve-inferioritet-paracivilizues\/\" \/>\n<meta property=\"og:site_name\" content=\"FjALA e LIR\u00cb - Arkivi\" \/>\n<meta property=\"article:published_time\" content=\"2012-08-05T06:34:19+00:00\" \/>\n<meta property=\"og:image\" content=\"http:\/\/www.fjala.info\/2012\/arben_manaj.jpg\" \/>\n<meta name=\"author\" content=\"admin\" \/>\n<meta name=\"twitter:card\" content=\"summary_large_image\" \/>\n<meta name=\"twitter:label1\" content=\"Written by\" \/>\n\t<meta name=\"twitter:data1\" content=\"admin\" \/>\n\t<meta name=\"twitter:label2\" content=\"Est. reading time\" \/>\n\t<meta name=\"twitter:data2\" content=\"4 minutes\" \/>\n<script type=\"application\/ld+json\" class=\"yoast-schema-graph\">{\"@context\":\"https:\\\/\\\/schema.org\",\"@graph\":[{\"@type\":\"Article\",\"@id\":\"https:\\\/\\\/fjala.info\\\/2009-2015\\\/nje-perdorimi-i-te-huajve-inferioritet-paracivilizues\\\/#article\",\"isPartOf\":{\"@id\":\"https:\\\/\\\/fjala.info\\\/2009-2015\\\/nje-perdorimi-i-te-huajve-inferioritet-paracivilizues\\\/\"},\"author\":{\"name\":\"admin\",\"@id\":\"https:\\\/\\\/fjala.info\\\/2009-2015\\\/#\\\/schema\\\/person\\\/3aa1163ef05469c496fc94e77611ada2\"},\"headline\":\"\u201cNj\u00eb-p\u00ebrdorimi\u201d i t\u00eb huajve: inferioritet paracivilizues!\",\"datePublished\":\"2012-08-05T06:34:19+00:00\",\"mainEntityOfPage\":{\"@id\":\"https:\\\/\\\/fjala.info\\\/2009-2015\\\/nje-perdorimi-i-te-huajve-inferioritet-paracivilizues\\\/\"},\"wordCount\":710,\"commentCount\":0,\"publisher\":{\"@id\":\"https:\\\/\\\/fjala.info\\\/2009-2015\\\/#organization\"},\"image\":{\"@id\":\"https:\\\/\\\/fjala.info\\\/2009-2015\\\/nje-perdorimi-i-te-huajve-inferioritet-paracivilizues\\\/#primaryimage\"},\"thumbnailUrl\":\"http:\\\/\\\/www.fjala.info\\\/2012\\\/arben_manaj.jpg\",\"articleSection\":[\"Artikuj\"],\"inLanguage\":\"sq-AL\",\"potentialAction\":[{\"@type\":\"CommentAction\",\"name\":\"Comment\",\"target\":[\"https:\\\/\\\/fjala.info\\\/2009-2015\\\/nje-perdorimi-i-te-huajve-inferioritet-paracivilizues\\\/#respond\"]}]},{\"@type\":\"WebPage\",\"@id\":\"https:\\\/\\\/fjala.info\\\/2009-2015\\\/nje-perdorimi-i-te-huajve-inferioritet-paracivilizues\\\/\",\"url\":\"https:\\\/\\\/fjala.info\\\/2009-2015\\\/nje-perdorimi-i-te-huajve-inferioritet-paracivilizues\\\/\",\"name\":\"\u201cNj\u00eb-p\u00ebrdorimi\u201d i t\u00eb huajve: inferioritet paracivilizues! - FjALA e LIR\u00cb - Arkivi\",\"isPartOf\":{\"@id\":\"https:\\\/\\\/fjala.info\\\/2009-2015\\\/#website\"},\"primaryImageOfPage\":{\"@id\":\"https:\\\/\\\/fjala.info\\\/2009-2015\\\/nje-perdorimi-i-te-huajve-inferioritet-paracivilizues\\\/#primaryimage\"},\"image\":{\"@id\":\"https:\\\/\\\/fjala.info\\\/2009-2015\\\/nje-perdorimi-i-te-huajve-inferioritet-paracivilizues\\\/#primaryimage\"},\"thumbnailUrl\":\"http:\\\/\\\/www.fjala.info\\\/2012\\\/arben_manaj.jpg\",\"datePublished\":\"2012-08-05T06:34:19+00:00\",\"breadcrumb\":{\"@id\":\"https:\\\/\\\/fjala.info\\\/2009-2015\\\/nje-perdorimi-i-te-huajve-inferioritet-paracivilizues\\\/#breadcrumb\"},\"inLanguage\":\"sq-AL\",\"potentialAction\":[{\"@type\":\"ReadAction\",\"target\":[\"https:\\\/\\\/fjala.info\\\/2009-2015\\\/nje-perdorimi-i-te-huajve-inferioritet-paracivilizues\\\/\"]}]},{\"@type\":\"ImageObject\",\"inLanguage\":\"sq-AL\",\"@id\":\"https:\\\/\\\/fjala.info\\\/2009-2015\\\/nje-perdorimi-i-te-huajve-inferioritet-paracivilizues\\\/#primaryimage\",\"url\":\"http:\\\/\\\/www.fjala.info\\\/2012\\\/arben_manaj.jpg\",\"contentUrl\":\"http:\\\/\\\/www.fjala.info\\\/2012\\\/arben_manaj.jpg\"},{\"@type\":\"BreadcrumbList\",\"@id\":\"https:\\\/\\\/fjala.info\\\/2009-2015\\\/nje-perdorimi-i-te-huajve-inferioritet-paracivilizues\\\/#breadcrumb\",\"itemListElement\":[{\"@type\":\"ListItem\",\"position\":1,\"name\":\"Home\",\"item\":\"https:\\\/\\\/fjala.info\\\/2009-2015\\\/\"},{\"@type\":\"ListItem\",\"position\":2,\"name\":\"\u201cNj\u00eb-p\u00ebrdorimi\u201d i t\u00eb huajve: inferioritet paracivilizues!\"}]},{\"@type\":\"WebSite\",\"@id\":\"https:\\\/\\\/fjala.info\\\/2009-2015\\\/#website\",\"url\":\"https:\\\/\\\/fjala.info\\\/2009-2015\\\/\",\"name\":\"FjALA e LIR\u00cb - Arkivi\",\"description\":\"Arkivi 2009-2015\",\"publisher\":{\"@id\":\"https:\\\/\\\/fjala.info\\\/2009-2015\\\/#organization\"},\"potentialAction\":[{\"@type\":\"SearchAction\",\"target\":{\"@type\":\"EntryPoint\",\"urlTemplate\":\"https:\\\/\\\/fjala.info\\\/2009-2015\\\/?s={search_term_string}\"},\"query-input\":{\"@type\":\"PropertyValueSpecification\",\"valueRequired\":true,\"valueName\":\"search_term_string\"}}],\"inLanguage\":\"sq-AL\"},{\"@type\":\"Organization\",\"@id\":\"https:\\\/\\\/fjala.info\\\/2009-2015\\\/#organization\",\"name\":\"FjALA e LIR\u00cb - Arkivi\",\"url\":\"https:\\\/\\\/fjala.info\\\/2009-2015\\\/\",\"logo\":{\"@type\":\"ImageObject\",\"inLanguage\":\"sq-AL\",\"@id\":\"https:\\\/\\\/fjala.info\\\/2009-2015\\\/#\\\/schema\\\/logo\\\/image\\\/\",\"url\":\"\",\"contentUrl\":\"\",\"caption\":\"FjALA e LIR\u00cb - Arkivi\"},\"image\":{\"@id\":\"https:\\\/\\\/fjala.info\\\/2009-2015\\\/#\\\/schema\\\/logo\\\/image\\\/\"}},{\"@type\":\"Person\",\"@id\":\"https:\\\/\\\/fjala.info\\\/2009-2015\\\/#\\\/schema\\\/person\\\/3aa1163ef05469c496fc94e77611ada2\",\"name\":\"admin\",\"image\":{\"@type\":\"ImageObject\",\"inLanguage\":\"sq-AL\",\"@id\":\"https:\\\/\\\/fjala.info\\\/2009-2015\\\/wp-content\\\/uploads\\\/2012\\\/02\\\/arben_cokaj-120x150.jpg\",\"url\":\"https:\\\/\\\/fjala.info\\\/2009-2015\\\/wp-content\\\/uploads\\\/2012\\\/02\\\/arben_cokaj-120x150.jpg\",\"contentUrl\":\"https:\\\/\\\/fjala.info\\\/2009-2015\\\/wp-content\\\/uploads\\\/2012\\\/02\\\/arben_cokaj-120x150.jpg\",\"caption\":\"admin\"},\"description\":\"Admin, Fjala e Lir\u00eb\",\"sameAs\":[\"https:\\\/\\\/fjala.info\\\/\"],\"url\":\"https:\\\/\\\/fjala.info\\\/2009-2015\\\/author\\\/admin\\\/\"}]}<\/script>\n<!-- \/ Yoast SEO plugin. -->","yoast_head_json":{"title":"\u201cNj\u00eb-p\u00ebrdorimi\u201d i t\u00eb huajve: inferioritet paracivilizues! - FjALA e LIR\u00cb - Arkivi","robots":{"index":"index","follow":"follow","max-snippet":"max-snippet:-1","max-image-preview":"max-image-preview:large","max-video-preview":"max-video-preview:-1"},"canonical":"https:\/\/fjala.info\/2009-2015\/nje-perdorimi-i-te-huajve-inferioritet-paracivilizues\/","og_locale":"sq_AL","og_type":"article","og_title":"\u201cNj\u00eb-p\u00ebrdorimi\u201d i t\u00eb huajve: inferioritet paracivilizues! - FjALA e LIR\u00cb - Arkivi","og_description":"Nga Arben Manaj, 4 Gusht 2012 S\u2019na u ndan\u00eb Rajerson\u00ebt e rinj! Luca Volonte, Joseph Daul, Bernd Posselt apo edhe Wolfgang Grossruck, jan\u00eb batak\u00e7injt\u00eb m\u00eb t\u00eb rinj politik per\u00ebndimor, q\u00eb edhe n\u00eb 2012, ende tallen me inteligjenc\u00ebn e shqiptar\u00ebve. Dikur, kur sapo kishte lindur l\u00ebvizja pro-demokratike, ish-ambasadori amerikan Rajerson n\u00eb Tiran\u00eb b\u00ebnte pak a shum\u00eb [&hellip;]","og_url":"https:\/\/fjala.info\/2009-2015\/nje-perdorimi-i-te-huajve-inferioritet-paracivilizues\/","og_site_name":"FjALA e LIR\u00cb - Arkivi","article_published_time":"2012-08-05T06:34:19+00:00","og_image":[{"url":"http:\/\/www.fjala.info\/2012\/arben_manaj.jpg","type":"","width":"","height":""}],"author":"admin","twitter_card":"summary_large_image","twitter_misc":{"Written by":"admin","Est. reading time":"4 minutes"},"schema":{"@context":"https:\/\/schema.org","@graph":[{"@type":"Article","@id":"https:\/\/fjala.info\/2009-2015\/nje-perdorimi-i-te-huajve-inferioritet-paracivilizues\/#article","isPartOf":{"@id":"https:\/\/fjala.info\/2009-2015\/nje-perdorimi-i-te-huajve-inferioritet-paracivilizues\/"},"author":{"name":"admin","@id":"https:\/\/fjala.info\/2009-2015\/#\/schema\/person\/3aa1163ef05469c496fc94e77611ada2"},"headline":"\u201cNj\u00eb-p\u00ebrdorimi\u201d i t\u00eb huajve: inferioritet paracivilizues!","datePublished":"2012-08-05T06:34:19+00:00","mainEntityOfPage":{"@id":"https:\/\/fjala.info\/2009-2015\/nje-perdorimi-i-te-huajve-inferioritet-paracivilizues\/"},"wordCount":710,"commentCount":0,"publisher":{"@id":"https:\/\/fjala.info\/2009-2015\/#organization"},"image":{"@id":"https:\/\/fjala.info\/2009-2015\/nje-perdorimi-i-te-huajve-inferioritet-paracivilizues\/#primaryimage"},"thumbnailUrl":"http:\/\/www.fjala.info\/2012\/arben_manaj.jpg","articleSection":["Artikuj"],"inLanguage":"sq-AL","potentialAction":[{"@type":"CommentAction","name":"Comment","target":["https:\/\/fjala.info\/2009-2015\/nje-perdorimi-i-te-huajve-inferioritet-paracivilizues\/#respond"]}]},{"@type":"WebPage","@id":"https:\/\/fjala.info\/2009-2015\/nje-perdorimi-i-te-huajve-inferioritet-paracivilizues\/","url":"https:\/\/fjala.info\/2009-2015\/nje-perdorimi-i-te-huajve-inferioritet-paracivilizues\/","name":"\u201cNj\u00eb-p\u00ebrdorimi\u201d i t\u00eb huajve: inferioritet paracivilizues! - FjALA e LIR\u00cb - Arkivi","isPartOf":{"@id":"https:\/\/fjala.info\/2009-2015\/#website"},"primaryImageOfPage":{"@id":"https:\/\/fjala.info\/2009-2015\/nje-perdorimi-i-te-huajve-inferioritet-paracivilizues\/#primaryimage"},"image":{"@id":"https:\/\/fjala.info\/2009-2015\/nje-perdorimi-i-te-huajve-inferioritet-paracivilizues\/#primaryimage"},"thumbnailUrl":"http:\/\/www.fjala.info\/2012\/arben_manaj.jpg","datePublished":"2012-08-05T06:34:19+00:00","breadcrumb":{"@id":"https:\/\/fjala.info\/2009-2015\/nje-perdorimi-i-te-huajve-inferioritet-paracivilizues\/#breadcrumb"},"inLanguage":"sq-AL","potentialAction":[{"@type":"ReadAction","target":["https:\/\/fjala.info\/2009-2015\/nje-perdorimi-i-te-huajve-inferioritet-paracivilizues\/"]}]},{"@type":"ImageObject","inLanguage":"sq-AL","@id":"https:\/\/fjala.info\/2009-2015\/nje-perdorimi-i-te-huajve-inferioritet-paracivilizues\/#primaryimage","url":"http:\/\/www.fjala.info\/2012\/arben_manaj.jpg","contentUrl":"http:\/\/www.fjala.info\/2012\/arben_manaj.jpg"},{"@type":"BreadcrumbList","@id":"https:\/\/fjala.info\/2009-2015\/nje-perdorimi-i-te-huajve-inferioritet-paracivilizues\/#breadcrumb","itemListElement":[{"@type":"ListItem","position":1,"name":"Home","item":"https:\/\/fjala.info\/2009-2015\/"},{"@type":"ListItem","position":2,"name":"\u201cNj\u00eb-p\u00ebrdorimi\u201d i t\u00eb huajve: inferioritet paracivilizues!"}]},{"@type":"WebSite","@id":"https:\/\/fjala.info\/2009-2015\/#website","url":"https:\/\/fjala.info\/2009-2015\/","name":"FjALA e LIR\u00cb - Arkivi","description":"Arkivi 2009-2015","publisher":{"@id":"https:\/\/fjala.info\/2009-2015\/#organization"},"potentialAction":[{"@type":"SearchAction","target":{"@type":"EntryPoint","urlTemplate":"https:\/\/fjala.info\/2009-2015\/?s={search_term_string}"},"query-input":{"@type":"PropertyValueSpecification","valueRequired":true,"valueName":"search_term_string"}}],"inLanguage":"sq-AL"},{"@type":"Organization","@id":"https:\/\/fjala.info\/2009-2015\/#organization","name":"FjALA e LIR\u00cb - Arkivi","url":"https:\/\/fjala.info\/2009-2015\/","logo":{"@type":"ImageObject","inLanguage":"sq-AL","@id":"https:\/\/fjala.info\/2009-2015\/#\/schema\/logo\/image\/","url":"","contentUrl":"","caption":"FjALA e LIR\u00cb - Arkivi"},"image":{"@id":"https:\/\/fjala.info\/2009-2015\/#\/schema\/logo\/image\/"}},{"@type":"Person","@id":"https:\/\/fjala.info\/2009-2015\/#\/schema\/person\/3aa1163ef05469c496fc94e77611ada2","name":"admin","image":{"@type":"ImageObject","inLanguage":"sq-AL","@id":"https:\/\/fjala.info\/2009-2015\/wp-content\/uploads\/2012\/02\/arben_cokaj-120x150.jpg","url":"https:\/\/fjala.info\/2009-2015\/wp-content\/uploads\/2012\/02\/arben_cokaj-120x150.jpg","contentUrl":"https:\/\/fjala.info\/2009-2015\/wp-content\/uploads\/2012\/02\/arben_cokaj-120x150.jpg","caption":"admin"},"description":"Admin, Fjala e Lir\u00eb","sameAs":["https:\/\/fjala.info\/"],"url":"https:\/\/fjala.info\/2009-2015\/author\/admin\/"}]}},"_links":{"self":[{"href":"https:\/\/fjala.info\/2009-2015\/wp-json\/wp\/v2\/posts\/4190","targetHints":{"allow":["GET"]}}],"collection":[{"href":"https:\/\/fjala.info\/2009-2015\/wp-json\/wp\/v2\/posts"}],"about":[{"href":"https:\/\/fjala.info\/2009-2015\/wp-json\/wp\/v2\/types\/post"}],"author":[{"embeddable":true,"href":"https:\/\/fjala.info\/2009-2015\/wp-json\/wp\/v2\/users\/1"}],"replies":[{"embeddable":true,"href":"https:\/\/fjala.info\/2009-2015\/wp-json\/wp\/v2\/comments?post=4190"}],"version-history":[{"count":0,"href":"https:\/\/fjala.info\/2009-2015\/wp-json\/wp\/v2\/posts\/4190\/revisions"}],"wp:attachment":[{"href":"https:\/\/fjala.info\/2009-2015\/wp-json\/wp\/v2\/media?parent=4190"}],"wp:term":[{"taxonomy":"category","embeddable":true,"href":"https:\/\/fjala.info\/2009-2015\/wp-json\/wp\/v2\/categories?post=4190"},{"taxonomy":"post_tag","embeddable":true,"href":"https:\/\/fjala.info\/2009-2015\/wp-json\/wp\/v2\/tags?post=4190"}],"curies":[{"name":"wp","href":"https:\/\/api.w.org\/{rel}","templated":true}]}}