{"id":419,"date":"2011-12-02T09:24:24","date_gmt":"2011-12-02T08:24:24","guid":{"rendered":"http:\/\/fjala.shkoder.net\/?p=419"},"modified":"2011-12-02T09:24:24","modified_gmt":"2011-12-02T08:24:24","slug":"regjizor-i-famshem-rumun-me-prejardhje-shqiptare","status":"publish","type":"post","link":"https:\/\/fjala.info\/2009-2015\/regjizor-i-famshem-rumun-me-prejardhje-shqiptare\/","title":{"rendered":"REGJIZOR I FAMSH\u00cbM RUMUN ME PREJARDHJE SHQIPTARE"},"content":{"rendered":"<p><strong>In memoriam: Alexandru Tocilescu<\/strong><\/p>\n<p>U nda nga jeta regjisori i madh rumun, me origjin\u00eb shqiptare Alexandru Tocilescu. Vdekja e tij arriti n\u00eb dhjet\u00ebra gazeta bot\u00ebrore, nd\u00ebr t\u00eb cilat &#8220;The Washington Post&#8221;, &#8220;The New York Times&#8221;, Boston.com, &#8220;Seattle Intelligencer&#8221; dhe &#8220;Forbes&#8221;. Regjisori q\u00eb mburrej se p\u00ebrmes gjyshes s\u00eb tij n\u00eb damar\u00ebt e tij qarkullon edhe gjaku shqiptar, pati nj\u00eb karier\u00eb pothuajse 40 vje\u00e7are. Alexandru Tocilescu, mbante si medaljon gjat\u00eb gjith\u00eb koh\u00ebs, nj\u00eb medaljon t\u00eb shoq\u00ebris\u00eb shqiptare t\u00eb &#8220;Bukureshtit&#8221;, me t\u00eb cil\u00ebn mburrej sa her\u00eb kishte rastin t\u00eb jepte shpjegime para shtypit dhe gazetar\u00ebve televiziv\u00eb kureshtar\u00eb.<\/p>\n<p>Vdiq pas nj\u00eb ataku kardiak, n\u00eb spitalin Floreasca t\u00eb Bukureshtit, deklaruan mjek\u00ebt. To\u00e7ilesku ishte ai q\u00eb &#8220;e kishte kuptuar teatrin si nj\u00eb vokacion t\u00eb p\u00ebrditshm\u00ebris\u00eb, si nj\u00eb form\u00eb t\u00eb privilegjuar t\u00eb dialogut me jet\u00ebn dhe me problemet e historis\u00eb&#8221;, ka theksuar presidenti i Rumanis\u00eb Traian Basescu n\u00eb nj\u00eb mesazh ngush\u00ebllimi drejtuar familjes s\u00eb k\u00ebtij regjisori t\u00eb shquar t\u00eb teatrit modern rumun dhe europian.<\/p>\n<p style=\"text-align: center;\"><img decoding=\"async\" class=\"aligncenter size-thumbnail wp-image-7236\" title=\"Alexandru Tocilescu\" src=\"http:\/\/www.shkoder.net\/images\/fjala\/2011\/alexandru_tocilescu_sofika_milkani.jpg\" alt=\"\" width=\"350\" \/><em>Me zonj\u00ebn Sofika Milkani e cila piqte pet\u00eb p\u00ebr Asdrenin<\/em><\/p>\n<p>&#8220;Ishte nj\u00eb flak\u00eb e gjall\u00eb q\u00eb u dogj p\u00ebr teatrin&#8221;, shkruan Washington Post, duke cituar cotidianul.ro. Kam patur fatin ta njoh para 15 vitesh n\u00eb oborrin e sht\u00ebpis\u00eb s\u00eb zonj\u00ebs Sofika Milkani (tashm\u00eb 90 vje\u00e7are), e cila flet shqip dhe e mban mend Asdrenin, t\u00eb cilin e ftonte p\u00ebr drek\u00eb n\u00eb sht\u00ebpin\u00eb e saj, para 70 vitesh, kur ishte nuse e re 20 vje\u00e7are, bashk\u00ebshortja e tregtarit patriot, Teodor Milkani, me origjin\u00eb drenovare.<\/p>\n<p>&#8220;S\u00eb paku me artist\u00eb rumun\u00eb kemi nj\u00eb sh\u00ebmb\u00eblltyr\u00eb t\u00eb mir\u00eb n\u00eb bot\u00eb&#8221;, thekson nj\u00eb gazetar rumun, n\u00eb koh\u00ebn kur shtypi shqiptar dhe Televizioni i Tiran\u00ebs i ka qitur n\u00eb harres\u00eb bijt\u00eb dhe bijat e rilind\u00ebsve tan\u00eb, disa q\u00eb kan\u00eb vdekur dhe disa q\u00eb jan\u00eb gjall\u00eb, si\u00e7 jan\u00eb Dr. Xhelku Maksuti, Dr. Nicolae Anastasiu (nip i sekretarit t\u00eb Shoqatave Drita, Shpresa dhe Bashkimi, Rafail Anastasiu), apo nj\u00eb mik tjet\u00ebr i madh i shqiptar\u00ebve, albanologun Grigore Br\u00ebnkush (rum. Grigore Br\u00e2ncu\u015f).<\/p>\n<p style=\"text-align: center;\"><img decoding=\"async\" class=\"aligncenter size-thumbnail wp-image-7236\" title=\"Alexandru Tocilescu me stem\u00ebn e Shoqat\u00ebs Bashkimi\" src=\"http:\/\/www.shkoder.net\/images\/fjala\/2011\/alexandru_tocilescu_bashkimi.jpg\" alt=\"\" width=\"350\" \/><em>Aleksand\u00ebr To\u00e7ilesku me emblem\u00ebn e Shoqat\u00ebs Bashkimi<\/em><\/p>\n<p>Duket se diplomat\u00ebt e demoduar, me formim komunist, i kan\u00eb z\u00ebvend\u00ebsuar interesat nacionale me interesa personale. Meq\u00eb jemi duke e q\u00ebndisur nj\u00eb nekrologji, do t\u00eb duhet t\u00eb gjejm\u00eb tjet\u00ebr her\u00eb koh\u00eb p\u00ebr t&#8217;u marr\u00eb seriozisht me ata. Dua t\u00eb p\u00ebrmend ambasadorin Fran \u00c7ukaj apo minist\u00ebr-k\u00ebshilltarin e Ambasad\u00ebs sot, Dr. Luan Top\u00e7iu, nj\u00eb personalitet kulturor, q\u00eb digjeshin e digjen p\u00ebr shqiptar\u00ebt dhe Shqip\u00ebrin\u00eb. Aleksand\u00ebr To\u00e7ilesku kishte gjak, karakter, mentalitet, fisnik\u00ebri dhe prejardhje rumuno-shqiptare, si\u00e7 kishte edhe aktori i madh Niku Konstantin, poeti \u00c7ezar Ivanescu e shum\u00eb t\u00eb tjer\u00eb. Komuniteti shqiptar n\u00eb Rumani \u00ebsht\u00eb dalluar gjat\u00eb gjith\u00eb historis\u00eb s\u00eb k\u00ebtij komunitet intelektual\u00ebsh dhe njer\u00ebz t\u00eb kultur\u00ebs.<\/p>\n<p style=\"text-align: center;\"><img decoding=\"async\" class=\"aligncenter size-thumbnail wp-image-7236\" title=\"Alexandru Tocilescu me stem\u00ebn e Shoqat\u00ebs Bashkimi\" src=\"http:\/\/www.shkoder.net\/images\/fjala\/2011\/alexandru_tocilescu_bashkimi1.jpg\" alt=\"\" width=\"350\" \/><em>Gjithmon\u00eb me simbolin e Bashkimit n\u00eb gjoks<\/em><\/p>\n<p>Gjat\u00eb karrier\u00ebs s\u00eb tij ka v\u00ebn\u00eb n\u00eb sken\u00eb dhjet\u00ebra produkcione n\u00eb Tatrin e famsh\u00ebm Bulandra t\u00eb Bukureshtit, n\u00eb Oper\u00ebn Rumune dhe teatro t\u00eb tjera. UNITER-i i ka akorduar tre \u00e7mime t\u00eb r\u00ebnd\u00ebsishme p\u00ebr aktivitetin e tij. P\u00ebrve\u00e7 veprave t\u00eb shkruara nga dramaturgu m\u00eb i madh klasik i k\u00ebtij vendi, Ion Luca Caragiale (Jon Luka Karaxhiale, edhe ky me origjin\u00eb shqiptare), Aleksand\u00ebr To\u00e7ilesku ka qen\u00eb i njohur p\u00ebr produkcionin e tij me Hamletin, n\u00eb Lond\u00ebr dhe Dublin, m\u00eb 1990, nj\u00eb vit pas revolucionit antikomunist t\u00eb Rumanis\u00eb. Spektakli i tij i fundit ka qen\u00eb &#8220;Mbarimi i loj\u00ebs&#8221;, t\u00eb Samuel Beckett-it n\u00eb Bukuresht, m\u00eb 2009. Me largimin e Alexandru To\u00e7ilescu-t nga jeta, teatri rumun dhe ai europian humb\u00ebn nj\u00eb artist t\u00eb p\u00ebrmasave t\u00eb m\u00ebdha, nj\u00eb provokator t\u00eb risive artistike, nj\u00eb talent t\u00eb befasive t\u00eb m\u00ebdha.<\/p>\n<p style=\"text-align: center;\"><img decoding=\"async\" class=\"aligncenter size-thumbnail wp-image-7236\" title=\"Alexandru Tocilescu me stem\u00ebn e Shoqat\u00ebs Bashkimi\" src=\"http:\/\/www.shkoder.net\/images\/fjala\/2011\/alexandru_tocilescu_diplome.jpg\" alt=\"\" width=\"350\" \/><em>Diplom\u00eb e Shoq\u00ebris\u00eb Bashkimi p\u00ebr Rafail Anastasiun<\/em><\/p>\n<p>Regjisori Alexandru Tocilescu ka l\u00ebn\u00eb pas tij nj\u00eb djal\u00eb, shkrimtarin Alex Tocilescu, autor i nj\u00eb reportazhi t\u00eb mir\u00eb p\u00ebr Kosov\u00ebn, t\u00eb cil\u00ebn e ka vizituar dhe p\u00ebr t\u00eb cil\u00ebn ka shkruar me admirim, duke ua p\u00ebrkujtuar rumun\u00ebve se Kosova \u00ebsht\u00eb nj\u00eb vend q\u00eb p\u00ebrparon dhe shkon nga drita drejt drit\u00ebs. (Baki Ymeri)<\/p>\n","protected":false},"excerpt":{"rendered":"<p>In memoriam: Alexandru Tocilescu U nda nga jeta regjisori i madh rumun, me origjin\u00eb shqiptare Alexandru Tocilescu. Vdekja e tij arriti n\u00eb dhjet\u00ebra gazeta bot\u00ebrore, nd\u00ebr t\u00eb cilat &#8220;The Washington Post&#8221;, &#8220;The New York Times&#8221;, Boston.com, &#8220;Seattle Intelligencer&#8221; dhe &#8220;Forbes&#8221;. Regjisori q\u00eb mburrej se p\u00ebrmes gjyshes s\u00eb tij n\u00eb damar\u00ebt e tij qarkullon edhe gjaku [&hellip;]<\/p>\n","protected":false},"author":1,"featured_media":0,"comment_status":"open","ping_status":"closed","sticky":false,"template":"","format":"standard","meta":{"footnotes":""},"categories":[2,5],"tags":[],"class_list":{"0":"post-419","1":"post","2":"type-post","3":"status-publish","4":"format-standard","6":"category-artikuj","7":"category-lajme"},"yoast_head":"<!-- This site is optimized with the Yoast SEO plugin v27.4 - https:\/\/yoast.com\/product\/yoast-seo-wordpress\/ -->\n<title>REGJIZOR I FAMSH\u00cbM RUMUN ME PREJARDHJE SHQIPTARE - FjALA e LIR\u00cb - Arkivi<\/title>\n<meta name=\"robots\" content=\"index, follow, max-snippet:-1, max-image-preview:large, max-video-preview:-1\" \/>\n<link rel=\"canonical\" href=\"https:\/\/fjala.info\/2009-2015\/regjizor-i-famshem-rumun-me-prejardhje-shqiptare\/\" \/>\n<meta property=\"og:locale\" content=\"sq_AL\" \/>\n<meta property=\"og:type\" content=\"article\" \/>\n<meta property=\"og:title\" content=\"REGJIZOR I FAMSH\u00cbM RUMUN ME PREJARDHJE SHQIPTARE - FjALA e LIR\u00cb - Arkivi\" \/>\n<meta property=\"og:description\" content=\"In memoriam: Alexandru Tocilescu U nda nga jeta regjisori i madh rumun, me origjin\u00eb shqiptare Alexandru Tocilescu. Vdekja e tij arriti n\u00eb dhjet\u00ebra gazeta bot\u00ebrore, nd\u00ebr t\u00eb cilat &#8220;The Washington Post&#8221;, &#8220;The New York Times&#8221;, Boston.com, &#8220;Seattle Intelligencer&#8221; dhe &#8220;Forbes&#8221;. Regjisori q\u00eb mburrej se p\u00ebrmes gjyshes s\u00eb tij n\u00eb damar\u00ebt e tij qarkullon edhe gjaku [&hellip;]\" \/>\n<meta property=\"og:url\" content=\"https:\/\/fjala.info\/2009-2015\/regjizor-i-famshem-rumun-me-prejardhje-shqiptare\/\" \/>\n<meta property=\"og:site_name\" content=\"FjALA e LIR\u00cb - Arkivi\" \/>\n<meta property=\"article:published_time\" content=\"2011-12-02T08:24:24+00:00\" \/>\n<meta property=\"og:image\" content=\"http:\/\/www.shkoder.net\/images\/fjala\/2011\/alexandru_tocilescu_sofika_milkani.jpg\" \/>\n<meta name=\"author\" content=\"admin\" \/>\n<meta name=\"twitter:card\" content=\"summary_large_image\" \/>\n<meta name=\"twitter:label1\" content=\"Written by\" \/>\n\t<meta name=\"twitter:data1\" content=\"admin\" \/>\n\t<meta name=\"twitter:label2\" content=\"Est. reading time\" \/>\n\t<meta name=\"twitter:data2\" content=\"4 minutes\" \/>\n<script type=\"application\/ld+json\" class=\"yoast-schema-graph\">{\"@context\":\"https:\\\/\\\/schema.org\",\"@graph\":[{\"@type\":\"Article\",\"@id\":\"https:\\\/\\\/fjala.info\\\/2009-2015\\\/regjizor-i-famshem-rumun-me-prejardhje-shqiptare\\\/#article\",\"isPartOf\":{\"@id\":\"https:\\\/\\\/fjala.info\\\/2009-2015\\\/regjizor-i-famshem-rumun-me-prejardhje-shqiptare\\\/\"},\"author\":{\"name\":\"admin\",\"@id\":\"https:\\\/\\\/fjala.info\\\/2009-2015\\\/#\\\/schema\\\/person\\\/3aa1163ef05469c496fc94e77611ada2\"},\"headline\":\"REGJIZOR I FAMSH\u00cbM RUMUN ME PREJARDHJE SHQIPTARE\",\"datePublished\":\"2011-12-02T08:24:24+00:00\",\"mainEntityOfPage\":{\"@id\":\"https:\\\/\\\/fjala.info\\\/2009-2015\\\/regjizor-i-famshem-rumun-me-prejardhje-shqiptare\\\/\"},\"wordCount\":724,\"commentCount\":0,\"publisher\":{\"@id\":\"https:\\\/\\\/fjala.info\\\/2009-2015\\\/#organization\"},\"image\":{\"@id\":\"https:\\\/\\\/fjala.info\\\/2009-2015\\\/regjizor-i-famshem-rumun-me-prejardhje-shqiptare\\\/#primaryimage\"},\"thumbnailUrl\":\"http:\\\/\\\/www.shkoder.net\\\/images\\\/fjala\\\/2011\\\/alexandru_tocilescu_sofika_milkani.jpg\",\"articleSection\":[\"Artikuj\",\"Lajme\"],\"inLanguage\":\"sq-AL\",\"potentialAction\":[{\"@type\":\"CommentAction\",\"name\":\"Comment\",\"target\":[\"https:\\\/\\\/fjala.info\\\/2009-2015\\\/regjizor-i-famshem-rumun-me-prejardhje-shqiptare\\\/#respond\"]}]},{\"@type\":\"WebPage\",\"@id\":\"https:\\\/\\\/fjala.info\\\/2009-2015\\\/regjizor-i-famshem-rumun-me-prejardhje-shqiptare\\\/\",\"url\":\"https:\\\/\\\/fjala.info\\\/2009-2015\\\/regjizor-i-famshem-rumun-me-prejardhje-shqiptare\\\/\",\"name\":\"REGJIZOR I FAMSH\u00cbM RUMUN ME PREJARDHJE SHQIPTARE - FjALA e LIR\u00cb - Arkivi\",\"isPartOf\":{\"@id\":\"https:\\\/\\\/fjala.info\\\/2009-2015\\\/#website\"},\"primaryImageOfPage\":{\"@id\":\"https:\\\/\\\/fjala.info\\\/2009-2015\\\/regjizor-i-famshem-rumun-me-prejardhje-shqiptare\\\/#primaryimage\"},\"image\":{\"@id\":\"https:\\\/\\\/fjala.info\\\/2009-2015\\\/regjizor-i-famshem-rumun-me-prejardhje-shqiptare\\\/#primaryimage\"},\"thumbnailUrl\":\"http:\\\/\\\/www.shkoder.net\\\/images\\\/fjala\\\/2011\\\/alexandru_tocilescu_sofika_milkani.jpg\",\"datePublished\":\"2011-12-02T08:24:24+00:00\",\"breadcrumb\":{\"@id\":\"https:\\\/\\\/fjala.info\\\/2009-2015\\\/regjizor-i-famshem-rumun-me-prejardhje-shqiptare\\\/#breadcrumb\"},\"inLanguage\":\"sq-AL\",\"potentialAction\":[{\"@type\":\"ReadAction\",\"target\":[\"https:\\\/\\\/fjala.info\\\/2009-2015\\\/regjizor-i-famshem-rumun-me-prejardhje-shqiptare\\\/\"]}]},{\"@type\":\"ImageObject\",\"inLanguage\":\"sq-AL\",\"@id\":\"https:\\\/\\\/fjala.info\\\/2009-2015\\\/regjizor-i-famshem-rumun-me-prejardhje-shqiptare\\\/#primaryimage\",\"url\":\"http:\\\/\\\/www.shkoder.net\\\/images\\\/fjala\\\/2011\\\/alexandru_tocilescu_sofika_milkani.jpg\",\"contentUrl\":\"http:\\\/\\\/www.shkoder.net\\\/images\\\/fjala\\\/2011\\\/alexandru_tocilescu_sofika_milkani.jpg\"},{\"@type\":\"BreadcrumbList\",\"@id\":\"https:\\\/\\\/fjala.info\\\/2009-2015\\\/regjizor-i-famshem-rumun-me-prejardhje-shqiptare\\\/#breadcrumb\",\"itemListElement\":[{\"@type\":\"ListItem\",\"position\":1,\"name\":\"Home\",\"item\":\"https:\\\/\\\/fjala.info\\\/2009-2015\\\/\"},{\"@type\":\"ListItem\",\"position\":2,\"name\":\"REGJIZOR I FAMSH\u00cbM RUMUN ME PREJARDHJE SHQIPTARE\"}]},{\"@type\":\"WebSite\",\"@id\":\"https:\\\/\\\/fjala.info\\\/2009-2015\\\/#website\",\"url\":\"https:\\\/\\\/fjala.info\\\/2009-2015\\\/\",\"name\":\"FjALA e LIR\u00cb - Arkivi\",\"description\":\"Arkivi 2009-2015\",\"publisher\":{\"@id\":\"https:\\\/\\\/fjala.info\\\/2009-2015\\\/#organization\"},\"potentialAction\":[{\"@type\":\"SearchAction\",\"target\":{\"@type\":\"EntryPoint\",\"urlTemplate\":\"https:\\\/\\\/fjala.info\\\/2009-2015\\\/?s={search_term_string}\"},\"query-input\":{\"@type\":\"PropertyValueSpecification\",\"valueRequired\":true,\"valueName\":\"search_term_string\"}}],\"inLanguage\":\"sq-AL\"},{\"@type\":\"Organization\",\"@id\":\"https:\\\/\\\/fjala.info\\\/2009-2015\\\/#organization\",\"name\":\"FjALA e LIR\u00cb - Arkivi\",\"url\":\"https:\\\/\\\/fjala.info\\\/2009-2015\\\/\",\"logo\":{\"@type\":\"ImageObject\",\"inLanguage\":\"sq-AL\",\"@id\":\"https:\\\/\\\/fjala.info\\\/2009-2015\\\/#\\\/schema\\\/logo\\\/image\\\/\",\"url\":\"\",\"contentUrl\":\"\",\"caption\":\"FjALA e LIR\u00cb - Arkivi\"},\"image\":{\"@id\":\"https:\\\/\\\/fjala.info\\\/2009-2015\\\/#\\\/schema\\\/logo\\\/image\\\/\"}},{\"@type\":\"Person\",\"@id\":\"https:\\\/\\\/fjala.info\\\/2009-2015\\\/#\\\/schema\\\/person\\\/3aa1163ef05469c496fc94e77611ada2\",\"name\":\"admin\",\"image\":{\"@type\":\"ImageObject\",\"inLanguage\":\"sq-AL\",\"@id\":\"https:\\\/\\\/fjala.info\\\/2009-2015\\\/wp-content\\\/uploads\\\/2012\\\/02\\\/arben_cokaj-120x150.jpg\",\"url\":\"https:\\\/\\\/fjala.info\\\/2009-2015\\\/wp-content\\\/uploads\\\/2012\\\/02\\\/arben_cokaj-120x150.jpg\",\"contentUrl\":\"https:\\\/\\\/fjala.info\\\/2009-2015\\\/wp-content\\\/uploads\\\/2012\\\/02\\\/arben_cokaj-120x150.jpg\",\"caption\":\"admin\"},\"description\":\"Admin, Fjala e Lir\u00eb\",\"sameAs\":[\"https:\\\/\\\/fjala.info\\\/\"],\"url\":\"https:\\\/\\\/fjala.info\\\/2009-2015\\\/author\\\/admin\\\/\"}]}<\/script>\n<!-- \/ Yoast SEO plugin. -->","yoast_head_json":{"title":"REGJIZOR I FAMSH\u00cbM RUMUN ME PREJARDHJE SHQIPTARE - FjALA e LIR\u00cb - Arkivi","robots":{"index":"index","follow":"follow","max-snippet":"max-snippet:-1","max-image-preview":"max-image-preview:large","max-video-preview":"max-video-preview:-1"},"canonical":"https:\/\/fjala.info\/2009-2015\/regjizor-i-famshem-rumun-me-prejardhje-shqiptare\/","og_locale":"sq_AL","og_type":"article","og_title":"REGJIZOR I FAMSH\u00cbM RUMUN ME PREJARDHJE SHQIPTARE - FjALA e LIR\u00cb - Arkivi","og_description":"In memoriam: Alexandru Tocilescu U nda nga jeta regjisori i madh rumun, me origjin\u00eb shqiptare Alexandru Tocilescu. Vdekja e tij arriti n\u00eb dhjet\u00ebra gazeta bot\u00ebrore, nd\u00ebr t\u00eb cilat &#8220;The Washington Post&#8221;, &#8220;The New York Times&#8221;, Boston.com, &#8220;Seattle Intelligencer&#8221; dhe &#8220;Forbes&#8221;. Regjisori q\u00eb mburrej se p\u00ebrmes gjyshes s\u00eb tij n\u00eb damar\u00ebt e tij qarkullon edhe gjaku [&hellip;]","og_url":"https:\/\/fjala.info\/2009-2015\/regjizor-i-famshem-rumun-me-prejardhje-shqiptare\/","og_site_name":"FjALA e LIR\u00cb - Arkivi","article_published_time":"2011-12-02T08:24:24+00:00","og_image":[{"url":"http:\/\/www.shkoder.net\/images\/fjala\/2011\/alexandru_tocilescu_sofika_milkani.jpg","type":"","width":"","height":""}],"author":"admin","twitter_card":"summary_large_image","twitter_misc":{"Written by":"admin","Est. reading time":"4 minutes"},"schema":{"@context":"https:\/\/schema.org","@graph":[{"@type":"Article","@id":"https:\/\/fjala.info\/2009-2015\/regjizor-i-famshem-rumun-me-prejardhje-shqiptare\/#article","isPartOf":{"@id":"https:\/\/fjala.info\/2009-2015\/regjizor-i-famshem-rumun-me-prejardhje-shqiptare\/"},"author":{"name":"admin","@id":"https:\/\/fjala.info\/2009-2015\/#\/schema\/person\/3aa1163ef05469c496fc94e77611ada2"},"headline":"REGJIZOR I FAMSH\u00cbM RUMUN ME PREJARDHJE SHQIPTARE","datePublished":"2011-12-02T08:24:24+00:00","mainEntityOfPage":{"@id":"https:\/\/fjala.info\/2009-2015\/regjizor-i-famshem-rumun-me-prejardhje-shqiptare\/"},"wordCount":724,"commentCount":0,"publisher":{"@id":"https:\/\/fjala.info\/2009-2015\/#organization"},"image":{"@id":"https:\/\/fjala.info\/2009-2015\/regjizor-i-famshem-rumun-me-prejardhje-shqiptare\/#primaryimage"},"thumbnailUrl":"http:\/\/www.shkoder.net\/images\/fjala\/2011\/alexandru_tocilescu_sofika_milkani.jpg","articleSection":["Artikuj","Lajme"],"inLanguage":"sq-AL","potentialAction":[{"@type":"CommentAction","name":"Comment","target":["https:\/\/fjala.info\/2009-2015\/regjizor-i-famshem-rumun-me-prejardhje-shqiptare\/#respond"]}]},{"@type":"WebPage","@id":"https:\/\/fjala.info\/2009-2015\/regjizor-i-famshem-rumun-me-prejardhje-shqiptare\/","url":"https:\/\/fjala.info\/2009-2015\/regjizor-i-famshem-rumun-me-prejardhje-shqiptare\/","name":"REGJIZOR I FAMSH\u00cbM RUMUN ME PREJARDHJE SHQIPTARE - FjALA e LIR\u00cb - Arkivi","isPartOf":{"@id":"https:\/\/fjala.info\/2009-2015\/#website"},"primaryImageOfPage":{"@id":"https:\/\/fjala.info\/2009-2015\/regjizor-i-famshem-rumun-me-prejardhje-shqiptare\/#primaryimage"},"image":{"@id":"https:\/\/fjala.info\/2009-2015\/regjizor-i-famshem-rumun-me-prejardhje-shqiptare\/#primaryimage"},"thumbnailUrl":"http:\/\/www.shkoder.net\/images\/fjala\/2011\/alexandru_tocilescu_sofika_milkani.jpg","datePublished":"2011-12-02T08:24:24+00:00","breadcrumb":{"@id":"https:\/\/fjala.info\/2009-2015\/regjizor-i-famshem-rumun-me-prejardhje-shqiptare\/#breadcrumb"},"inLanguage":"sq-AL","potentialAction":[{"@type":"ReadAction","target":["https:\/\/fjala.info\/2009-2015\/regjizor-i-famshem-rumun-me-prejardhje-shqiptare\/"]}]},{"@type":"ImageObject","inLanguage":"sq-AL","@id":"https:\/\/fjala.info\/2009-2015\/regjizor-i-famshem-rumun-me-prejardhje-shqiptare\/#primaryimage","url":"http:\/\/www.shkoder.net\/images\/fjala\/2011\/alexandru_tocilescu_sofika_milkani.jpg","contentUrl":"http:\/\/www.shkoder.net\/images\/fjala\/2011\/alexandru_tocilescu_sofika_milkani.jpg"},{"@type":"BreadcrumbList","@id":"https:\/\/fjala.info\/2009-2015\/regjizor-i-famshem-rumun-me-prejardhje-shqiptare\/#breadcrumb","itemListElement":[{"@type":"ListItem","position":1,"name":"Home","item":"https:\/\/fjala.info\/2009-2015\/"},{"@type":"ListItem","position":2,"name":"REGJIZOR I FAMSH\u00cbM RUMUN ME PREJARDHJE SHQIPTARE"}]},{"@type":"WebSite","@id":"https:\/\/fjala.info\/2009-2015\/#website","url":"https:\/\/fjala.info\/2009-2015\/","name":"FjALA e LIR\u00cb - Arkivi","description":"Arkivi 2009-2015","publisher":{"@id":"https:\/\/fjala.info\/2009-2015\/#organization"},"potentialAction":[{"@type":"SearchAction","target":{"@type":"EntryPoint","urlTemplate":"https:\/\/fjala.info\/2009-2015\/?s={search_term_string}"},"query-input":{"@type":"PropertyValueSpecification","valueRequired":true,"valueName":"search_term_string"}}],"inLanguage":"sq-AL"},{"@type":"Organization","@id":"https:\/\/fjala.info\/2009-2015\/#organization","name":"FjALA e LIR\u00cb - Arkivi","url":"https:\/\/fjala.info\/2009-2015\/","logo":{"@type":"ImageObject","inLanguage":"sq-AL","@id":"https:\/\/fjala.info\/2009-2015\/#\/schema\/logo\/image\/","url":"","contentUrl":"","caption":"FjALA e LIR\u00cb - Arkivi"},"image":{"@id":"https:\/\/fjala.info\/2009-2015\/#\/schema\/logo\/image\/"}},{"@type":"Person","@id":"https:\/\/fjala.info\/2009-2015\/#\/schema\/person\/3aa1163ef05469c496fc94e77611ada2","name":"admin","image":{"@type":"ImageObject","inLanguage":"sq-AL","@id":"https:\/\/fjala.info\/2009-2015\/wp-content\/uploads\/2012\/02\/arben_cokaj-120x150.jpg","url":"https:\/\/fjala.info\/2009-2015\/wp-content\/uploads\/2012\/02\/arben_cokaj-120x150.jpg","contentUrl":"https:\/\/fjala.info\/2009-2015\/wp-content\/uploads\/2012\/02\/arben_cokaj-120x150.jpg","caption":"admin"},"description":"Admin, Fjala e Lir\u00eb","sameAs":["https:\/\/fjala.info\/"],"url":"https:\/\/fjala.info\/2009-2015\/author\/admin\/"}]}},"_links":{"self":[{"href":"https:\/\/fjala.info\/2009-2015\/wp-json\/wp\/v2\/posts\/419","targetHints":{"allow":["GET"]}}],"collection":[{"href":"https:\/\/fjala.info\/2009-2015\/wp-json\/wp\/v2\/posts"}],"about":[{"href":"https:\/\/fjala.info\/2009-2015\/wp-json\/wp\/v2\/types\/post"}],"author":[{"embeddable":true,"href":"https:\/\/fjala.info\/2009-2015\/wp-json\/wp\/v2\/users\/1"}],"replies":[{"embeddable":true,"href":"https:\/\/fjala.info\/2009-2015\/wp-json\/wp\/v2\/comments?post=419"}],"version-history":[{"count":0,"href":"https:\/\/fjala.info\/2009-2015\/wp-json\/wp\/v2\/posts\/419\/revisions"}],"wp:attachment":[{"href":"https:\/\/fjala.info\/2009-2015\/wp-json\/wp\/v2\/media?parent=419"}],"wp:term":[{"taxonomy":"category","embeddable":true,"href":"https:\/\/fjala.info\/2009-2015\/wp-json\/wp\/v2\/categories?post=419"},{"taxonomy":"post_tag","embeddable":true,"href":"https:\/\/fjala.info\/2009-2015\/wp-json\/wp\/v2\/tags?post=419"}],"curies":[{"name":"wp","href":"https:\/\/api.w.org\/{rel}","templated":true}]}}