{"id":4188,"date":"2012-08-05T07:30:21","date_gmt":"2012-08-05T06:30:21","guid":{"rendered":"http:\/\/www.fjala.info\/?p=4188"},"modified":"2012-08-05T07:30:21","modified_gmt":"2012-08-05T06:30:21","slug":"pse-shqiptaret-i-shpetuan-hebrenjte-gjate-holokaustit","status":"publish","type":"post","link":"https:\/\/fjala.info\/2009-2015\/pse-shqiptaret-i-shpetuan-hebrenjte-gjate-holokaustit\/","title":{"rendered":"Pse shqiptar\u00ebt i shp\u00ebtuan hebrenjt\u00eb gjat\u00eb Holokaustit?"},"content":{"rendered":"<p><img decoding=\"async\" class=\"alignright size-thumbnail wp-image-7236\" title=\"Hebrejt\u00eb n\u00eb Shqip\u00ebri\" src=\"http:\/\/www.fjala.info\/2012\/besa_hebrejte.jpg\" alt=\"\" width=\"200\" \/> <strong>TemA<\/strong>, <em>4 Gusht 2012<\/em><\/p>\n<p>Rrall\u00eb ka qen\u00eb e pranishme Shqip\u00ebria kaq shum\u00eb n\u00eb mediat e huaja p\u00ebr nj\u00eb \u00e7\u00ebshtje t\u00eb ve\u00e7ant\u00eb si\u00e7 \u00ebsht\u00eb \u00e7\u00ebshtja e shp\u00ebtimit t\u00eb hebrenjve gjat\u00eb Luft\u00ebs s\u00eb Dyt\u00eb Bot\u00ebrore.<\/p>\n<p>Rrjeti CNN ka p\u00ebrgatitur nj\u00eb artikull me pyetjen se pse shqiptar\u00ebt i shp\u00ebtuan hebrenjt\u00eb gjat\u00eb Holokaustit.<\/p>\n<p>Natyrsh\u00ebm t\u00eb lind pyetja se p\u00ebrse pik\u00ebrisht tani po flitet kaq shum\u00eb p\u00ebr k\u00ebt\u00eb gj\u00eb?<\/p>\n<p>Sepse shum\u00eb producent\u00eb t\u00eb njohur izraelit\u00eb po e trajtojn\u00eb masivisht k\u00ebt\u00eb \u00e7\u00ebshtje. K\u00ebshtu, nj\u00eb film dokumentar me titull \u201cBesa: premtimi\u201d po shfaqet anemban\u00eb Amerik\u00ebs, por jo vet\u00ebm.<\/p>\n<p>CNN thot\u00eb se kjo \u00e7\u00ebshtje nuk \u00ebsht\u00eb trajtuar shum\u00eb p\u00ebr shkak se shqiptar\u00ebt ran\u00eb n\u00ebn regjimin komunist.<\/p>\n<p>Rrjeti televiziv ka intervistuar nj\u00eb fotograf hebre, Norman Gershman, q\u00eb ka kaluar nj\u00eb dekad\u00eb duke u marr\u00eb me k\u00ebt\u00eb \u00e7\u00ebshtje.<\/p>\n<p>Ai ka g\u00ebrmuar p\u00ebr arsyen se pse shqiptar\u00ebt i shp\u00ebtuan hebrenjt\u00eb. Vendi, shkruan CNN, p\u00ebr \u00e7udi, n\u00eb fund t\u00eb Luft\u00ebs Bot\u00ebrore kishte m\u00eb shum\u00eb hebrenj nga sa kishte n\u00eb fillim (200).<\/p>\n<p>Arsyeja q\u00ebndron tek besa.<\/p>\n<p>Gershman thot\u00eb se shum\u00eb shqiptar\u00eb madje habiten se p\u00ebrse duhet t\u2019i kushtohet shum\u00eb v\u00ebmendje k\u00ebsaj \u00e7\u00ebshtje. P\u00ebr ta \u00ebsht\u00eb normale sakrifica p\u00ebr tjetrin kur japin bes\u00ebn.<\/p>\n<p>\u201cGershman kujton nj\u00eb person, prind\u00ebrit e t\u00eb cilit ishin p\u00ebrfshir\u00eb n\u00eb shp\u00ebtimin e hebrenjve. Ai i tha: E \u00e7far\u00eb pastaj? N\u00eb Shqip\u00ebri gjithkush do e kishte b\u00ebr\u00eb k\u00ebt\u00eb gj\u00eb. Nuk kemi b\u00ebr\u00eb ndonj\u00eb gj\u00eb speciale. \u00cbsht\u00eb besa.<\/p>\n<p>Koncepti n\u00ebnkupton q\u00eb nj\u00eb person vendos sigurin\u00eb e mikut mbi at\u00eb t\u00eb tij\u00ebn e familjes s\u00eb tij. Nj\u00eb shqiptar i tha Gershman: M\u00eb mir\u00eb vras djalin se t\u00eb thyej bes\u00ebn.<\/p>\n<p>Gershman thot\u00eb: Gjithkush n\u00eb nevoj\u00eb, n\u00ebse t\u00eb troket n\u00eb der\u00eb, ti ke detyrimin absolut p\u00ebr ta shp\u00ebtuar, p\u00ebr tu kujdesur p\u00ebr t\u00eb, nuk ka r\u00ebnd\u00ebsi n\u00ebse \u00ebsht\u00eb mik apo armik\u201d,\u201d shkruan CNN.<\/p>\n","protected":false},"excerpt":{"rendered":"<p>TemA, 4 Gusht 2012 Rrall\u00eb ka qen\u00eb e pranishme Shqip\u00ebria kaq shum\u00eb n\u00eb mediat e huaja p\u00ebr nj\u00eb \u00e7\u00ebshtje t\u00eb ve\u00e7ant\u00eb si\u00e7 \u00ebsht\u00eb \u00e7\u00ebshtja e shp\u00ebtimit t\u00eb hebrenjve gjat\u00eb Luft\u00ebs s\u00eb Dyt\u00eb Bot\u00ebrore. Rrjeti CNN ka p\u00ebrgatitur nj\u00eb artikull me pyetjen se pse shqiptar\u00ebt i shp\u00ebtuan hebrenjt\u00eb gjat\u00eb Holokaustit. Natyrsh\u00ebm t\u00eb lind pyetja se p\u00ebrse [&hellip;]<\/p>\n","protected":false},"author":1,"featured_media":0,"comment_status":"open","ping_status":"closed","sticky":false,"template":"","format":"standard","meta":{"footnotes":""},"categories":[2],"tags":[],"class_list":{"0":"post-4188","1":"post","2":"type-post","3":"status-publish","4":"format-standard","6":"category-artikuj"},"yoast_head":"<!-- This site is optimized with the Yoast SEO plugin v27.4 - https:\/\/yoast.com\/product\/yoast-seo-wordpress\/ -->\n<title>Pse shqiptar\u00ebt i shp\u00ebtuan hebrenjt\u00eb gjat\u00eb Holokaustit? - FjALA e LIR\u00cb - Arkivi<\/title>\n<meta name=\"robots\" content=\"index, follow, max-snippet:-1, max-image-preview:large, max-video-preview:-1\" \/>\n<link rel=\"canonical\" href=\"https:\/\/fjala.info\/2009-2015\/pse-shqiptaret-i-shpetuan-hebrenjte-gjate-holokaustit\/\" \/>\n<meta property=\"og:locale\" content=\"sq_AL\" \/>\n<meta property=\"og:type\" content=\"article\" \/>\n<meta property=\"og:title\" content=\"Pse shqiptar\u00ebt i shp\u00ebtuan hebrenjt\u00eb gjat\u00eb Holokaustit? - FjALA e LIR\u00cb - Arkivi\" \/>\n<meta property=\"og:description\" content=\"TemA, 4 Gusht 2012 Rrall\u00eb ka qen\u00eb e pranishme Shqip\u00ebria kaq shum\u00eb n\u00eb mediat e huaja p\u00ebr nj\u00eb \u00e7\u00ebshtje t\u00eb ve\u00e7ant\u00eb si\u00e7 \u00ebsht\u00eb \u00e7\u00ebshtja e shp\u00ebtimit t\u00eb hebrenjve gjat\u00eb Luft\u00ebs s\u00eb Dyt\u00eb Bot\u00ebrore. Rrjeti CNN ka p\u00ebrgatitur nj\u00eb artikull me pyetjen se pse shqiptar\u00ebt i shp\u00ebtuan hebrenjt\u00eb gjat\u00eb Holokaustit. Natyrsh\u00ebm t\u00eb lind pyetja se p\u00ebrse [&hellip;]\" \/>\n<meta property=\"og:url\" content=\"https:\/\/fjala.info\/2009-2015\/pse-shqiptaret-i-shpetuan-hebrenjte-gjate-holokaustit\/\" \/>\n<meta property=\"og:site_name\" content=\"FjALA e LIR\u00cb - Arkivi\" \/>\n<meta property=\"article:published_time\" content=\"2012-08-05T06:30:21+00:00\" \/>\n<meta property=\"og:image\" content=\"http:\/\/www.fjala.info\/2012\/besa_hebrejte.jpg\" \/>\n<meta name=\"author\" content=\"admin\" \/>\n<meta name=\"twitter:card\" content=\"summary_large_image\" \/>\n<meta name=\"twitter:label1\" content=\"Written by\" \/>\n\t<meta name=\"twitter:data1\" content=\"admin\" \/>\n\t<meta name=\"twitter:label2\" content=\"Est. reading time\" \/>\n\t<meta name=\"twitter:data2\" content=\"2 minutes\" \/>\n<script type=\"application\/ld+json\" class=\"yoast-schema-graph\">{\"@context\":\"https:\\\/\\\/schema.org\",\"@graph\":[{\"@type\":\"Article\",\"@id\":\"https:\\\/\\\/fjala.info\\\/2009-2015\\\/pse-shqiptaret-i-shpetuan-hebrenjte-gjate-holokaustit\\\/#article\",\"isPartOf\":{\"@id\":\"https:\\\/\\\/fjala.info\\\/2009-2015\\\/pse-shqiptaret-i-shpetuan-hebrenjte-gjate-holokaustit\\\/\"},\"author\":{\"name\":\"admin\",\"@id\":\"https:\\\/\\\/fjala.info\\\/2009-2015\\\/#\\\/schema\\\/person\\\/3aa1163ef05469c496fc94e77611ada2\"},\"headline\":\"Pse shqiptar\u00ebt i shp\u00ebtuan hebrenjt\u00eb gjat\u00eb Holokaustit?\",\"datePublished\":\"2012-08-05T06:30:21+00:00\",\"mainEntityOfPage\":{\"@id\":\"https:\\\/\\\/fjala.info\\\/2009-2015\\\/pse-shqiptaret-i-shpetuan-hebrenjte-gjate-holokaustit\\\/\"},\"wordCount\":349,\"commentCount\":0,\"publisher\":{\"@id\":\"https:\\\/\\\/fjala.info\\\/2009-2015\\\/#organization\"},\"image\":{\"@id\":\"https:\\\/\\\/fjala.info\\\/2009-2015\\\/pse-shqiptaret-i-shpetuan-hebrenjte-gjate-holokaustit\\\/#primaryimage\"},\"thumbnailUrl\":\"http:\\\/\\\/www.fjala.info\\\/2012\\\/besa_hebrejte.jpg\",\"articleSection\":[\"Artikuj\"],\"inLanguage\":\"sq-AL\",\"potentialAction\":[{\"@type\":\"CommentAction\",\"name\":\"Comment\",\"target\":[\"https:\\\/\\\/fjala.info\\\/2009-2015\\\/pse-shqiptaret-i-shpetuan-hebrenjte-gjate-holokaustit\\\/#respond\"]}]},{\"@type\":\"WebPage\",\"@id\":\"https:\\\/\\\/fjala.info\\\/2009-2015\\\/pse-shqiptaret-i-shpetuan-hebrenjte-gjate-holokaustit\\\/\",\"url\":\"https:\\\/\\\/fjala.info\\\/2009-2015\\\/pse-shqiptaret-i-shpetuan-hebrenjte-gjate-holokaustit\\\/\",\"name\":\"Pse shqiptar\u00ebt i shp\u00ebtuan hebrenjt\u00eb gjat\u00eb Holokaustit? - FjALA e LIR\u00cb - Arkivi\",\"isPartOf\":{\"@id\":\"https:\\\/\\\/fjala.info\\\/2009-2015\\\/#website\"},\"primaryImageOfPage\":{\"@id\":\"https:\\\/\\\/fjala.info\\\/2009-2015\\\/pse-shqiptaret-i-shpetuan-hebrenjte-gjate-holokaustit\\\/#primaryimage\"},\"image\":{\"@id\":\"https:\\\/\\\/fjala.info\\\/2009-2015\\\/pse-shqiptaret-i-shpetuan-hebrenjte-gjate-holokaustit\\\/#primaryimage\"},\"thumbnailUrl\":\"http:\\\/\\\/www.fjala.info\\\/2012\\\/besa_hebrejte.jpg\",\"datePublished\":\"2012-08-05T06:30:21+00:00\",\"breadcrumb\":{\"@id\":\"https:\\\/\\\/fjala.info\\\/2009-2015\\\/pse-shqiptaret-i-shpetuan-hebrenjte-gjate-holokaustit\\\/#breadcrumb\"},\"inLanguage\":\"sq-AL\",\"potentialAction\":[{\"@type\":\"ReadAction\",\"target\":[\"https:\\\/\\\/fjala.info\\\/2009-2015\\\/pse-shqiptaret-i-shpetuan-hebrenjte-gjate-holokaustit\\\/\"]}]},{\"@type\":\"ImageObject\",\"inLanguage\":\"sq-AL\",\"@id\":\"https:\\\/\\\/fjala.info\\\/2009-2015\\\/pse-shqiptaret-i-shpetuan-hebrenjte-gjate-holokaustit\\\/#primaryimage\",\"url\":\"http:\\\/\\\/www.fjala.info\\\/2012\\\/besa_hebrejte.jpg\",\"contentUrl\":\"http:\\\/\\\/www.fjala.info\\\/2012\\\/besa_hebrejte.jpg\"},{\"@type\":\"BreadcrumbList\",\"@id\":\"https:\\\/\\\/fjala.info\\\/2009-2015\\\/pse-shqiptaret-i-shpetuan-hebrenjte-gjate-holokaustit\\\/#breadcrumb\",\"itemListElement\":[{\"@type\":\"ListItem\",\"position\":1,\"name\":\"Home\",\"item\":\"https:\\\/\\\/fjala.info\\\/2009-2015\\\/\"},{\"@type\":\"ListItem\",\"position\":2,\"name\":\"Pse shqiptar\u00ebt i shp\u00ebtuan hebrenjt\u00eb gjat\u00eb Holokaustit?\"}]},{\"@type\":\"WebSite\",\"@id\":\"https:\\\/\\\/fjala.info\\\/2009-2015\\\/#website\",\"url\":\"https:\\\/\\\/fjala.info\\\/2009-2015\\\/\",\"name\":\"FjALA e LIR\u00cb - Arkivi\",\"description\":\"Arkivi 2009-2015\",\"publisher\":{\"@id\":\"https:\\\/\\\/fjala.info\\\/2009-2015\\\/#organization\"},\"potentialAction\":[{\"@type\":\"SearchAction\",\"target\":{\"@type\":\"EntryPoint\",\"urlTemplate\":\"https:\\\/\\\/fjala.info\\\/2009-2015\\\/?s={search_term_string}\"},\"query-input\":{\"@type\":\"PropertyValueSpecification\",\"valueRequired\":true,\"valueName\":\"search_term_string\"}}],\"inLanguage\":\"sq-AL\"},{\"@type\":\"Organization\",\"@id\":\"https:\\\/\\\/fjala.info\\\/2009-2015\\\/#organization\",\"name\":\"FjALA e LIR\u00cb - Arkivi\",\"url\":\"https:\\\/\\\/fjala.info\\\/2009-2015\\\/\",\"logo\":{\"@type\":\"ImageObject\",\"inLanguage\":\"sq-AL\",\"@id\":\"https:\\\/\\\/fjala.info\\\/2009-2015\\\/#\\\/schema\\\/logo\\\/image\\\/\",\"url\":\"\",\"contentUrl\":\"\",\"caption\":\"FjALA e LIR\u00cb - Arkivi\"},\"image\":{\"@id\":\"https:\\\/\\\/fjala.info\\\/2009-2015\\\/#\\\/schema\\\/logo\\\/image\\\/\"}},{\"@type\":\"Person\",\"@id\":\"https:\\\/\\\/fjala.info\\\/2009-2015\\\/#\\\/schema\\\/person\\\/3aa1163ef05469c496fc94e77611ada2\",\"name\":\"admin\",\"image\":{\"@type\":\"ImageObject\",\"inLanguage\":\"sq-AL\",\"@id\":\"https:\\\/\\\/fjala.info\\\/2009-2015\\\/wp-content\\\/uploads\\\/2012\\\/02\\\/arben_cokaj-120x150.jpg\",\"url\":\"https:\\\/\\\/fjala.info\\\/2009-2015\\\/wp-content\\\/uploads\\\/2012\\\/02\\\/arben_cokaj-120x150.jpg\",\"contentUrl\":\"https:\\\/\\\/fjala.info\\\/2009-2015\\\/wp-content\\\/uploads\\\/2012\\\/02\\\/arben_cokaj-120x150.jpg\",\"caption\":\"admin\"},\"description\":\"Admin, Fjala e Lir\u00eb\",\"sameAs\":[\"https:\\\/\\\/fjala.info\\\/\"],\"url\":\"https:\\\/\\\/fjala.info\\\/2009-2015\\\/author\\\/admin\\\/\"}]}<\/script>\n<!-- \/ Yoast SEO plugin. -->","yoast_head_json":{"title":"Pse shqiptar\u00ebt i shp\u00ebtuan hebrenjt\u00eb gjat\u00eb Holokaustit? - FjALA e LIR\u00cb - Arkivi","robots":{"index":"index","follow":"follow","max-snippet":"max-snippet:-1","max-image-preview":"max-image-preview:large","max-video-preview":"max-video-preview:-1"},"canonical":"https:\/\/fjala.info\/2009-2015\/pse-shqiptaret-i-shpetuan-hebrenjte-gjate-holokaustit\/","og_locale":"sq_AL","og_type":"article","og_title":"Pse shqiptar\u00ebt i shp\u00ebtuan hebrenjt\u00eb gjat\u00eb Holokaustit? - FjALA e LIR\u00cb - Arkivi","og_description":"TemA, 4 Gusht 2012 Rrall\u00eb ka qen\u00eb e pranishme Shqip\u00ebria kaq shum\u00eb n\u00eb mediat e huaja p\u00ebr nj\u00eb \u00e7\u00ebshtje t\u00eb ve\u00e7ant\u00eb si\u00e7 \u00ebsht\u00eb \u00e7\u00ebshtja e shp\u00ebtimit t\u00eb hebrenjve gjat\u00eb Luft\u00ebs s\u00eb Dyt\u00eb Bot\u00ebrore. Rrjeti CNN ka p\u00ebrgatitur nj\u00eb artikull me pyetjen se pse shqiptar\u00ebt i shp\u00ebtuan hebrenjt\u00eb gjat\u00eb Holokaustit. Natyrsh\u00ebm t\u00eb lind pyetja se p\u00ebrse [&hellip;]","og_url":"https:\/\/fjala.info\/2009-2015\/pse-shqiptaret-i-shpetuan-hebrenjte-gjate-holokaustit\/","og_site_name":"FjALA e LIR\u00cb - Arkivi","article_published_time":"2012-08-05T06:30:21+00:00","og_image":[{"url":"http:\/\/www.fjala.info\/2012\/besa_hebrejte.jpg","type":"","width":"","height":""}],"author":"admin","twitter_card":"summary_large_image","twitter_misc":{"Written by":"admin","Est. reading time":"2 minutes"},"schema":{"@context":"https:\/\/schema.org","@graph":[{"@type":"Article","@id":"https:\/\/fjala.info\/2009-2015\/pse-shqiptaret-i-shpetuan-hebrenjte-gjate-holokaustit\/#article","isPartOf":{"@id":"https:\/\/fjala.info\/2009-2015\/pse-shqiptaret-i-shpetuan-hebrenjte-gjate-holokaustit\/"},"author":{"name":"admin","@id":"https:\/\/fjala.info\/2009-2015\/#\/schema\/person\/3aa1163ef05469c496fc94e77611ada2"},"headline":"Pse shqiptar\u00ebt i shp\u00ebtuan hebrenjt\u00eb gjat\u00eb Holokaustit?","datePublished":"2012-08-05T06:30:21+00:00","mainEntityOfPage":{"@id":"https:\/\/fjala.info\/2009-2015\/pse-shqiptaret-i-shpetuan-hebrenjte-gjate-holokaustit\/"},"wordCount":349,"commentCount":0,"publisher":{"@id":"https:\/\/fjala.info\/2009-2015\/#organization"},"image":{"@id":"https:\/\/fjala.info\/2009-2015\/pse-shqiptaret-i-shpetuan-hebrenjte-gjate-holokaustit\/#primaryimage"},"thumbnailUrl":"http:\/\/www.fjala.info\/2012\/besa_hebrejte.jpg","articleSection":["Artikuj"],"inLanguage":"sq-AL","potentialAction":[{"@type":"CommentAction","name":"Comment","target":["https:\/\/fjala.info\/2009-2015\/pse-shqiptaret-i-shpetuan-hebrenjte-gjate-holokaustit\/#respond"]}]},{"@type":"WebPage","@id":"https:\/\/fjala.info\/2009-2015\/pse-shqiptaret-i-shpetuan-hebrenjte-gjate-holokaustit\/","url":"https:\/\/fjala.info\/2009-2015\/pse-shqiptaret-i-shpetuan-hebrenjte-gjate-holokaustit\/","name":"Pse shqiptar\u00ebt i shp\u00ebtuan hebrenjt\u00eb gjat\u00eb Holokaustit? - FjALA e LIR\u00cb - Arkivi","isPartOf":{"@id":"https:\/\/fjala.info\/2009-2015\/#website"},"primaryImageOfPage":{"@id":"https:\/\/fjala.info\/2009-2015\/pse-shqiptaret-i-shpetuan-hebrenjte-gjate-holokaustit\/#primaryimage"},"image":{"@id":"https:\/\/fjala.info\/2009-2015\/pse-shqiptaret-i-shpetuan-hebrenjte-gjate-holokaustit\/#primaryimage"},"thumbnailUrl":"http:\/\/www.fjala.info\/2012\/besa_hebrejte.jpg","datePublished":"2012-08-05T06:30:21+00:00","breadcrumb":{"@id":"https:\/\/fjala.info\/2009-2015\/pse-shqiptaret-i-shpetuan-hebrenjte-gjate-holokaustit\/#breadcrumb"},"inLanguage":"sq-AL","potentialAction":[{"@type":"ReadAction","target":["https:\/\/fjala.info\/2009-2015\/pse-shqiptaret-i-shpetuan-hebrenjte-gjate-holokaustit\/"]}]},{"@type":"ImageObject","inLanguage":"sq-AL","@id":"https:\/\/fjala.info\/2009-2015\/pse-shqiptaret-i-shpetuan-hebrenjte-gjate-holokaustit\/#primaryimage","url":"http:\/\/www.fjala.info\/2012\/besa_hebrejte.jpg","contentUrl":"http:\/\/www.fjala.info\/2012\/besa_hebrejte.jpg"},{"@type":"BreadcrumbList","@id":"https:\/\/fjala.info\/2009-2015\/pse-shqiptaret-i-shpetuan-hebrenjte-gjate-holokaustit\/#breadcrumb","itemListElement":[{"@type":"ListItem","position":1,"name":"Home","item":"https:\/\/fjala.info\/2009-2015\/"},{"@type":"ListItem","position":2,"name":"Pse shqiptar\u00ebt i shp\u00ebtuan hebrenjt\u00eb gjat\u00eb Holokaustit?"}]},{"@type":"WebSite","@id":"https:\/\/fjala.info\/2009-2015\/#website","url":"https:\/\/fjala.info\/2009-2015\/","name":"FjALA e LIR\u00cb - Arkivi","description":"Arkivi 2009-2015","publisher":{"@id":"https:\/\/fjala.info\/2009-2015\/#organization"},"potentialAction":[{"@type":"SearchAction","target":{"@type":"EntryPoint","urlTemplate":"https:\/\/fjala.info\/2009-2015\/?s={search_term_string}"},"query-input":{"@type":"PropertyValueSpecification","valueRequired":true,"valueName":"search_term_string"}}],"inLanguage":"sq-AL"},{"@type":"Organization","@id":"https:\/\/fjala.info\/2009-2015\/#organization","name":"FjALA e LIR\u00cb - Arkivi","url":"https:\/\/fjala.info\/2009-2015\/","logo":{"@type":"ImageObject","inLanguage":"sq-AL","@id":"https:\/\/fjala.info\/2009-2015\/#\/schema\/logo\/image\/","url":"","contentUrl":"","caption":"FjALA e LIR\u00cb - Arkivi"},"image":{"@id":"https:\/\/fjala.info\/2009-2015\/#\/schema\/logo\/image\/"}},{"@type":"Person","@id":"https:\/\/fjala.info\/2009-2015\/#\/schema\/person\/3aa1163ef05469c496fc94e77611ada2","name":"admin","image":{"@type":"ImageObject","inLanguage":"sq-AL","@id":"https:\/\/fjala.info\/2009-2015\/wp-content\/uploads\/2012\/02\/arben_cokaj-120x150.jpg","url":"https:\/\/fjala.info\/2009-2015\/wp-content\/uploads\/2012\/02\/arben_cokaj-120x150.jpg","contentUrl":"https:\/\/fjala.info\/2009-2015\/wp-content\/uploads\/2012\/02\/arben_cokaj-120x150.jpg","caption":"admin"},"description":"Admin, Fjala e Lir\u00eb","sameAs":["https:\/\/fjala.info\/"],"url":"https:\/\/fjala.info\/2009-2015\/author\/admin\/"}]}},"_links":{"self":[{"href":"https:\/\/fjala.info\/2009-2015\/wp-json\/wp\/v2\/posts\/4188","targetHints":{"allow":["GET"]}}],"collection":[{"href":"https:\/\/fjala.info\/2009-2015\/wp-json\/wp\/v2\/posts"}],"about":[{"href":"https:\/\/fjala.info\/2009-2015\/wp-json\/wp\/v2\/types\/post"}],"author":[{"embeddable":true,"href":"https:\/\/fjala.info\/2009-2015\/wp-json\/wp\/v2\/users\/1"}],"replies":[{"embeddable":true,"href":"https:\/\/fjala.info\/2009-2015\/wp-json\/wp\/v2\/comments?post=4188"}],"version-history":[{"count":0,"href":"https:\/\/fjala.info\/2009-2015\/wp-json\/wp\/v2\/posts\/4188\/revisions"}],"wp:attachment":[{"href":"https:\/\/fjala.info\/2009-2015\/wp-json\/wp\/v2\/media?parent=4188"}],"wp:term":[{"taxonomy":"category","embeddable":true,"href":"https:\/\/fjala.info\/2009-2015\/wp-json\/wp\/v2\/categories?post=4188"},{"taxonomy":"post_tag","embeddable":true,"href":"https:\/\/fjala.info\/2009-2015\/wp-json\/wp\/v2\/tags?post=4188"}],"curies":[{"name":"wp","href":"https:\/\/api.w.org\/{rel}","templated":true}]}}