{"id":4185,"date":"2012-08-05T07:02:12","date_gmt":"2012-08-05T06:02:12","guid":{"rendered":"http:\/\/www.fjala.info\/?p=4185"},"modified":"2012-08-05T07:02:12","modified_gmt":"2012-08-05T06:02:12","slug":"rama-sulmoi-nje-mik-te-shquar-te-shqiperise-te-votoje-heqjen-e-imunitetit-per-ata-qe-vuajne-per-kafshaten","status":"publish","type":"post","link":"https:\/\/fjala.info\/2009-2015\/rama-sulmoi-nje-mik-te-shquar-te-shqiperise-te-votoje-heqjen-e-imunitetit-per-ata-qe-vuajne-per-kafshaten\/","title":{"rendered":"\u201cRama sulmoi nj\u00eb mik t\u00eb shquar t\u00eb Shqip\u00ebris\u00eb. T\u00eb votoj\u00eb heqjen e imunitetit p\u00ebr ata q\u00eb vuajn\u00eb p\u00ebr kafshat\u00ebn\u201d"},"content":{"rendered":"<p><img decoding=\"async\" class=\"alignright size-thumbnail wp-image-7236\" title=\"Erla M\u00ebhilli\" src=\"http:\/\/www.fjala.info\/2012\/erla_mehilli.jpg\" alt=\"\" width=\"300\" \/> <strong>TemA<\/strong>, <em>4 Gusht 2012<\/em><\/p>\n<p><strong><em>Z\u00ebdh\u00ebn\u00ebsja e kryeministrit Sali Berisha, Erla M\u00ebhilli, tha sot se Edi Rama sulmoi nj\u00eb mik t\u00eb shquar t\u00eb shqiptar\u00ebve. M\u00ebhilli tha se q\u00ebndrimi i Ram\u00ebs ndaj Luca Volonte \u00ebsht\u00eb absurd.<\/em><\/strong><\/p>\n<p>\u201cKryetari i PS z. Edi Rama, i cili ka vendosur t\u00eb bllokoj\u00eb p\u00ebr t\u00eb tretin vit radhazi marrjen e statusit t\u00eb vendit kandidat p\u00ebr n\u00eb BE t\u00eb Shqip\u00ebris\u00eb, duke bllokuar heqjen e imunitetit dhe rr\u00ebzimin e murit t\u00eb korrupsionit me dat\u00eb 6 gusht, nd\u00ebrmori dje nj\u00eb sulm absurd dhe t\u00eb pap\u00ebrmbajtur ndaj nj\u00ebrit prej personaliteteve me t\u00eb shquara t\u00eb qendr\u00ebs s\u00eb djatht\u00eb Europiane, Kryetarit t\u00eb Grupit Parlamentar t\u00eb Partive Popullore Europiane, grupit m\u00eb t\u00eb madh n\u00eb Asamblen\u00eb Parlamentare t\u00eb K\u00ebshillit t\u00eb Evrop\u00ebs, mikut t\u00eb shquar t\u00eb Shqip\u00ebris\u00eb z. Luca Volonte,\u201d tha M\u00ebhilli.<\/p>\n<p>\u201cZoti Rama sulmoi verb\u00ebrisht personalitetin e shquar t\u00eb Partive Popullore Europiane q\u00eb qeveris sot n\u00eb 17 vende an\u00ebtare t\u00eb BE, vet\u00ebm e vet\u00ebm se ai i b\u00ebri thirrje z. Rama t\u00eb mos bllokoj\u00eb heqjen me dat\u00eb 6 gusht t\u00eb imunitetit dhe marrjen e statusit t\u00eb vendit kandidat p\u00ebr Shqip\u00ebrin\u00eb, pasi ky \u00ebsht\u00eb nj\u00eb shkelmim i tij i p\u00ebrs\u00ebritur mbi \u00ebndrr\u00ebn Europiane t\u00eb shqiptar\u00ebve.<\/p>\n<p>Zoti Rama nd\u00ebrmori sulmin e tij vulgar ndaj k\u00ebtij miku t\u00eb shqiptar\u00ebve, pra z. Volonte, vet\u00ebm dhe vet\u00ebm, se ai dje i rikujtoi atij, por dhe t\u00eb gjith\u00eb shqiptar\u00ebve se n\u00eb bised\u00ebn e tij t\u00eb fundit n\u00eb selin\u00eb e Partis\u00eb Socialiste, z. Rama kishte denoncuar qeverin\u00eb se nuk pranonte ndryshimin e Kushtetut\u00ebs p\u00ebr heqjen e imunitetit p\u00ebr ministrat dhe zyrtar\u00ebt e tjer\u00eb, pasi kishte frik\u00eb nga hetimet p\u00ebr korrupsion, kurse tani q\u00eb qeveria kishte pranuar ndryshimin e Kushtetut\u00ebs dhe t\u00eb gjitha propozimet tjera p\u00ebr heqjen e korrupsionit ishte vet ai, pra z Rama, q\u00eb nuk pranonte shembjen e murit t\u00eb korrupsionit duke e renditur veten k\u00ebshtu si Kryetari i vet\u00ebm i opozit\u00ebs n\u00eb bot\u00eb, q\u00eb mbron mazhoranc\u00ebn me imunitet, sikur t\u00eb ishte veg\u00ebl dhe jo kund\u00ebrshtar sovran i saj,\u201d vijoi z\u00ebdh\u00ebn\u00ebsja e Berish\u00ebs.<\/p>\n<p>M\u00ebhilli p\u00ebrs\u00ebriti nj\u00ebsoj si Berisha se korrupsioni po u mohon kafshat\u00ebn e buk\u00ebs shqiptar\u00ebve.<\/p>\n<p>\u201cMe q\u00ebndrimin e tij t\u00eb djesh\u00ebm z. Rama faktoi falsitetin e thirrjeve te tij p\u00ebr t\u00eb papun\u00ebt q\u00eb vuajn\u00eb p\u00ebr kafshat\u00ebn e goj\u00ebs s\u00eb f\u00ebmij\u00ebve t\u00eb tyre, ku korrupsioni p\u00ebrvet\u00ebsimi dhe fshehja n\u00eb taksa e dogana t\u00eb pasurive t\u00eb tyre t\u00eb paligjshme nga zyrtar\u00ebt me imunitet, u err\u00ebson shpres\u00ebn e tyre p\u00ebr pun\u00ebsim.<\/p>\n<p>Me sulmin e tij absurd ndaj z. Volonte, vet\u00ebm se ai i k\u00ebrkoi z. Rama t\u00eb pranoj\u00eb barazin\u00eb para ligjit t\u00eb zyrtar\u00ebve t\u00eb vendit me qytetar\u00ebt e thjesht\u00eb, ai d\u00ebshmon se p\u00ebr at\u00eb dhe Partin\u00eb Socialiste kryesore \u00ebsht\u00eb pasurimi i paligjsh\u00ebm i Fidel\u00ebve t\u00eb Partis\u00eb dhe mbushja e ark\u00ebs s\u00eb Partis\u00eb Socialiste dhe jo rritja e pensioneve dhe ndihm\u00ebs ekonomike p\u00ebr 560 mij\u00eb pensionist\u00eb dhe e 100 mij\u00eb familjeve n\u00eb ndihm\u00eb ekonomike.<\/p>\n<p>PD i b\u00ebn thirrje z. Rama t\u00eb heq\u00eb dor\u00eb nga sulmet ndaj miqve t\u00eb Shqip\u00ebris\u00eb dhe personaliteteve t\u00eb larta Europiane dhe t\u00eb lejoj\u00eb grupin parlamentar t\u00eb Partis\u00eb Socialiste, t\u00eb votoj\u00eb me dat\u00eb 6 gusht p\u00ebr heqjen e imunitetit, rr\u00ebzimin e murit t\u00eb korrupsionit dhe p\u00ebr marrjen e statusit t\u00eb vendit kandidat n\u00eb BE p\u00ebr Shqip\u00ebrin\u00eb. Nga ky akt historik fitojn\u00eb t\u00eb gjith\u00eb qytetar\u00ebt shqiptar\u00eb duke b\u00ebr\u00eb t\u00eb mundur k\u00ebshtu q\u00eb \u00ebndrra e tyre Europiane t\u00eb b\u00ebhet gjithnj\u00eb e m\u00eb e v\u00ebrtet\u00eb,\u201d p\u00ebrfundoi M\u00ebhilli.<\/p>\n","protected":false},"excerpt":{"rendered":"<p>TemA, 4 Gusht 2012 Z\u00ebdh\u00ebn\u00ebsja e kryeministrit Sali Berisha, Erla M\u00ebhilli, tha sot se Edi Rama sulmoi nj\u00eb mik t\u00eb shquar t\u00eb shqiptar\u00ebve. M\u00ebhilli tha se q\u00ebndrimi i Ram\u00ebs ndaj Luca Volonte \u00ebsht\u00eb absurd. \u201cKryetari i PS z. Edi Rama, i cili ka vendosur t\u00eb bllokoj\u00eb p\u00ebr t\u00eb tretin vit radhazi marrjen e statusit t\u00eb [&hellip;]<\/p>\n","protected":false},"author":1,"featured_media":0,"comment_status":"open","ping_status":"closed","sticky":false,"template":"","format":"standard","meta":{"footnotes":""},"categories":[2,5],"tags":[],"class_list":{"0":"post-4185","1":"post","2":"type-post","3":"status-publish","4":"format-standard","6":"category-artikuj","7":"category-lajme"},"yoast_head":"<!-- This site is optimized with the Yoast SEO plugin v27.4 - https:\/\/yoast.com\/product\/yoast-seo-wordpress\/ -->\n<title>\u201cRama sulmoi nj\u00eb mik t\u00eb shquar t\u00eb Shqip\u00ebris\u00eb. T\u00eb votoj\u00eb heqjen e imunitetit p\u00ebr ata q\u00eb vuajn\u00eb p\u00ebr kafshat\u00ebn\u201d - FjALA e LIR\u00cb - Arkivi<\/title>\n<meta name=\"robots\" content=\"index, follow, max-snippet:-1, max-image-preview:large, max-video-preview:-1\" \/>\n<link rel=\"canonical\" href=\"https:\/\/fjala.info\/2009-2015\/rama-sulmoi-nje-mik-te-shquar-te-shqiperise-te-votoje-heqjen-e-imunitetit-per-ata-qe-vuajne-per-kafshaten\/\" \/>\n<meta property=\"og:locale\" content=\"sq_AL\" \/>\n<meta property=\"og:type\" content=\"article\" \/>\n<meta property=\"og:title\" content=\"\u201cRama sulmoi nj\u00eb mik t\u00eb shquar t\u00eb Shqip\u00ebris\u00eb. T\u00eb votoj\u00eb heqjen e imunitetit p\u00ebr ata q\u00eb vuajn\u00eb p\u00ebr kafshat\u00ebn\u201d - FjALA e LIR\u00cb - Arkivi\" \/>\n<meta property=\"og:description\" content=\"TemA, 4 Gusht 2012 Z\u00ebdh\u00ebn\u00ebsja e kryeministrit Sali Berisha, Erla M\u00ebhilli, tha sot se Edi Rama sulmoi nj\u00eb mik t\u00eb shquar t\u00eb shqiptar\u00ebve. M\u00ebhilli tha se q\u00ebndrimi i Ram\u00ebs ndaj Luca Volonte \u00ebsht\u00eb absurd. \u201cKryetari i PS z. Edi Rama, i cili ka vendosur t\u00eb bllokoj\u00eb p\u00ebr t\u00eb tretin vit radhazi marrjen e statusit t\u00eb [&hellip;]\" \/>\n<meta property=\"og:url\" content=\"https:\/\/fjala.info\/2009-2015\/rama-sulmoi-nje-mik-te-shquar-te-shqiperise-te-votoje-heqjen-e-imunitetit-per-ata-qe-vuajne-per-kafshaten\/\" \/>\n<meta property=\"og:site_name\" content=\"FjALA e LIR\u00cb - Arkivi\" \/>\n<meta property=\"article:published_time\" content=\"2012-08-05T06:02:12+00:00\" \/>\n<meta property=\"og:image\" content=\"http:\/\/www.fjala.info\/2012\/erla_mehilli.jpg\" \/>\n<meta name=\"author\" content=\"admin\" \/>\n<meta name=\"twitter:card\" content=\"summary_large_image\" \/>\n<meta name=\"twitter:label1\" content=\"Written by\" \/>\n\t<meta name=\"twitter:data1\" content=\"admin\" \/>\n\t<meta name=\"twitter:label2\" content=\"Est. reading time\" \/>\n\t<meta name=\"twitter:data2\" content=\"3 minutes\" \/>\n<script type=\"application\/ld+json\" class=\"yoast-schema-graph\">{\"@context\":\"https:\\\/\\\/schema.org\",\"@graph\":[{\"@type\":\"Article\",\"@id\":\"https:\\\/\\\/fjala.info\\\/2009-2015\\\/rama-sulmoi-nje-mik-te-shquar-te-shqiperise-te-votoje-heqjen-e-imunitetit-per-ata-qe-vuajne-per-kafshaten\\\/#article\",\"isPartOf\":{\"@id\":\"https:\\\/\\\/fjala.info\\\/2009-2015\\\/rama-sulmoi-nje-mik-te-shquar-te-shqiperise-te-votoje-heqjen-e-imunitetit-per-ata-qe-vuajne-per-kafshaten\\\/\"},\"author\":{\"name\":\"admin\",\"@id\":\"https:\\\/\\\/fjala.info\\\/2009-2015\\\/#\\\/schema\\\/person\\\/3aa1163ef05469c496fc94e77611ada2\"},\"headline\":\"\u201cRama sulmoi nj\u00eb mik t\u00eb shquar t\u00eb Shqip\u00ebris\u00eb. T\u00eb votoj\u00eb heqjen e imunitetit p\u00ebr ata q\u00eb vuajn\u00eb p\u00ebr kafshat\u00ebn\u201d\",\"datePublished\":\"2012-08-05T06:02:12+00:00\",\"mainEntityOfPage\":{\"@id\":\"https:\\\/\\\/fjala.info\\\/2009-2015\\\/rama-sulmoi-nje-mik-te-shquar-te-shqiperise-te-votoje-heqjen-e-imunitetit-per-ata-qe-vuajne-per-kafshaten\\\/\"},\"wordCount\":662,\"commentCount\":0,\"publisher\":{\"@id\":\"https:\\\/\\\/fjala.info\\\/2009-2015\\\/#organization\"},\"image\":{\"@id\":\"https:\\\/\\\/fjala.info\\\/2009-2015\\\/rama-sulmoi-nje-mik-te-shquar-te-shqiperise-te-votoje-heqjen-e-imunitetit-per-ata-qe-vuajne-per-kafshaten\\\/#primaryimage\"},\"thumbnailUrl\":\"http:\\\/\\\/www.fjala.info\\\/2012\\\/erla_mehilli.jpg\",\"articleSection\":[\"Artikuj\",\"Lajme\"],\"inLanguage\":\"sq-AL\",\"potentialAction\":[{\"@type\":\"CommentAction\",\"name\":\"Comment\",\"target\":[\"https:\\\/\\\/fjala.info\\\/2009-2015\\\/rama-sulmoi-nje-mik-te-shquar-te-shqiperise-te-votoje-heqjen-e-imunitetit-per-ata-qe-vuajne-per-kafshaten\\\/#respond\"]}]},{\"@type\":\"WebPage\",\"@id\":\"https:\\\/\\\/fjala.info\\\/2009-2015\\\/rama-sulmoi-nje-mik-te-shquar-te-shqiperise-te-votoje-heqjen-e-imunitetit-per-ata-qe-vuajne-per-kafshaten\\\/\",\"url\":\"https:\\\/\\\/fjala.info\\\/2009-2015\\\/rama-sulmoi-nje-mik-te-shquar-te-shqiperise-te-votoje-heqjen-e-imunitetit-per-ata-qe-vuajne-per-kafshaten\\\/\",\"name\":\"\u201cRama sulmoi nj\u00eb mik t\u00eb shquar t\u00eb Shqip\u00ebris\u00eb. T\u00eb votoj\u00eb heqjen e imunitetit p\u00ebr ata q\u00eb vuajn\u00eb p\u00ebr kafshat\u00ebn\u201d - FjALA e LIR\u00cb - Arkivi\",\"isPartOf\":{\"@id\":\"https:\\\/\\\/fjala.info\\\/2009-2015\\\/#website\"},\"primaryImageOfPage\":{\"@id\":\"https:\\\/\\\/fjala.info\\\/2009-2015\\\/rama-sulmoi-nje-mik-te-shquar-te-shqiperise-te-votoje-heqjen-e-imunitetit-per-ata-qe-vuajne-per-kafshaten\\\/#primaryimage\"},\"image\":{\"@id\":\"https:\\\/\\\/fjala.info\\\/2009-2015\\\/rama-sulmoi-nje-mik-te-shquar-te-shqiperise-te-votoje-heqjen-e-imunitetit-per-ata-qe-vuajne-per-kafshaten\\\/#primaryimage\"},\"thumbnailUrl\":\"http:\\\/\\\/www.fjala.info\\\/2012\\\/erla_mehilli.jpg\",\"datePublished\":\"2012-08-05T06:02:12+00:00\",\"breadcrumb\":{\"@id\":\"https:\\\/\\\/fjala.info\\\/2009-2015\\\/rama-sulmoi-nje-mik-te-shquar-te-shqiperise-te-votoje-heqjen-e-imunitetit-per-ata-qe-vuajne-per-kafshaten\\\/#breadcrumb\"},\"inLanguage\":\"sq-AL\",\"potentialAction\":[{\"@type\":\"ReadAction\",\"target\":[\"https:\\\/\\\/fjala.info\\\/2009-2015\\\/rama-sulmoi-nje-mik-te-shquar-te-shqiperise-te-votoje-heqjen-e-imunitetit-per-ata-qe-vuajne-per-kafshaten\\\/\"]}]},{\"@type\":\"ImageObject\",\"inLanguage\":\"sq-AL\",\"@id\":\"https:\\\/\\\/fjala.info\\\/2009-2015\\\/rama-sulmoi-nje-mik-te-shquar-te-shqiperise-te-votoje-heqjen-e-imunitetit-per-ata-qe-vuajne-per-kafshaten\\\/#primaryimage\",\"url\":\"http:\\\/\\\/www.fjala.info\\\/2012\\\/erla_mehilli.jpg\",\"contentUrl\":\"http:\\\/\\\/www.fjala.info\\\/2012\\\/erla_mehilli.jpg\"},{\"@type\":\"BreadcrumbList\",\"@id\":\"https:\\\/\\\/fjala.info\\\/2009-2015\\\/rama-sulmoi-nje-mik-te-shquar-te-shqiperise-te-votoje-heqjen-e-imunitetit-per-ata-qe-vuajne-per-kafshaten\\\/#breadcrumb\",\"itemListElement\":[{\"@type\":\"ListItem\",\"position\":1,\"name\":\"Home\",\"item\":\"https:\\\/\\\/fjala.info\\\/2009-2015\\\/\"},{\"@type\":\"ListItem\",\"position\":2,\"name\":\"\u201cRama sulmoi nj\u00eb mik t\u00eb shquar t\u00eb Shqip\u00ebris\u00eb. T\u00eb votoj\u00eb heqjen e imunitetit p\u00ebr ata q\u00eb vuajn\u00eb p\u00ebr kafshat\u00ebn\u201d\"}]},{\"@type\":\"WebSite\",\"@id\":\"https:\\\/\\\/fjala.info\\\/2009-2015\\\/#website\",\"url\":\"https:\\\/\\\/fjala.info\\\/2009-2015\\\/\",\"name\":\"FjALA e LIR\u00cb - Arkivi\",\"description\":\"Arkivi 2009-2015\",\"publisher\":{\"@id\":\"https:\\\/\\\/fjala.info\\\/2009-2015\\\/#organization\"},\"potentialAction\":[{\"@type\":\"SearchAction\",\"target\":{\"@type\":\"EntryPoint\",\"urlTemplate\":\"https:\\\/\\\/fjala.info\\\/2009-2015\\\/?s={search_term_string}\"},\"query-input\":{\"@type\":\"PropertyValueSpecification\",\"valueRequired\":true,\"valueName\":\"search_term_string\"}}],\"inLanguage\":\"sq-AL\"},{\"@type\":\"Organization\",\"@id\":\"https:\\\/\\\/fjala.info\\\/2009-2015\\\/#organization\",\"name\":\"FjALA e LIR\u00cb - Arkivi\",\"url\":\"https:\\\/\\\/fjala.info\\\/2009-2015\\\/\",\"logo\":{\"@type\":\"ImageObject\",\"inLanguage\":\"sq-AL\",\"@id\":\"https:\\\/\\\/fjala.info\\\/2009-2015\\\/#\\\/schema\\\/logo\\\/image\\\/\",\"url\":\"\",\"contentUrl\":\"\",\"caption\":\"FjALA e LIR\u00cb - Arkivi\"},\"image\":{\"@id\":\"https:\\\/\\\/fjala.info\\\/2009-2015\\\/#\\\/schema\\\/logo\\\/image\\\/\"}},{\"@type\":\"Person\",\"@id\":\"https:\\\/\\\/fjala.info\\\/2009-2015\\\/#\\\/schema\\\/person\\\/3aa1163ef05469c496fc94e77611ada2\",\"name\":\"admin\",\"image\":{\"@type\":\"ImageObject\",\"inLanguage\":\"sq-AL\",\"@id\":\"https:\\\/\\\/fjala.info\\\/2009-2015\\\/wp-content\\\/uploads\\\/2012\\\/02\\\/arben_cokaj-120x150.jpg\",\"url\":\"https:\\\/\\\/fjala.info\\\/2009-2015\\\/wp-content\\\/uploads\\\/2012\\\/02\\\/arben_cokaj-120x150.jpg\",\"contentUrl\":\"https:\\\/\\\/fjala.info\\\/2009-2015\\\/wp-content\\\/uploads\\\/2012\\\/02\\\/arben_cokaj-120x150.jpg\",\"caption\":\"admin\"},\"description\":\"Admin, Fjala e Lir\u00eb\",\"sameAs\":[\"https:\\\/\\\/fjala.info\\\/\"],\"url\":\"https:\\\/\\\/fjala.info\\\/2009-2015\\\/author\\\/admin\\\/\"}]}<\/script>\n<!-- \/ Yoast SEO plugin. -->","yoast_head_json":{"title":"\u201cRama sulmoi nj\u00eb mik t\u00eb shquar t\u00eb Shqip\u00ebris\u00eb. T\u00eb votoj\u00eb heqjen e imunitetit p\u00ebr ata q\u00eb vuajn\u00eb p\u00ebr kafshat\u00ebn\u201d - FjALA e LIR\u00cb - Arkivi","robots":{"index":"index","follow":"follow","max-snippet":"max-snippet:-1","max-image-preview":"max-image-preview:large","max-video-preview":"max-video-preview:-1"},"canonical":"https:\/\/fjala.info\/2009-2015\/rama-sulmoi-nje-mik-te-shquar-te-shqiperise-te-votoje-heqjen-e-imunitetit-per-ata-qe-vuajne-per-kafshaten\/","og_locale":"sq_AL","og_type":"article","og_title":"\u201cRama sulmoi nj\u00eb mik t\u00eb shquar t\u00eb Shqip\u00ebris\u00eb. T\u00eb votoj\u00eb heqjen e imunitetit p\u00ebr ata q\u00eb vuajn\u00eb p\u00ebr kafshat\u00ebn\u201d - FjALA e LIR\u00cb - Arkivi","og_description":"TemA, 4 Gusht 2012 Z\u00ebdh\u00ebn\u00ebsja e kryeministrit Sali Berisha, Erla M\u00ebhilli, tha sot se Edi Rama sulmoi nj\u00eb mik t\u00eb shquar t\u00eb shqiptar\u00ebve. M\u00ebhilli tha se q\u00ebndrimi i Ram\u00ebs ndaj Luca Volonte \u00ebsht\u00eb absurd. \u201cKryetari i PS z. Edi Rama, i cili ka vendosur t\u00eb bllokoj\u00eb p\u00ebr t\u00eb tretin vit radhazi marrjen e statusit t\u00eb [&hellip;]","og_url":"https:\/\/fjala.info\/2009-2015\/rama-sulmoi-nje-mik-te-shquar-te-shqiperise-te-votoje-heqjen-e-imunitetit-per-ata-qe-vuajne-per-kafshaten\/","og_site_name":"FjALA e LIR\u00cb - Arkivi","article_published_time":"2012-08-05T06:02:12+00:00","og_image":[{"url":"http:\/\/www.fjala.info\/2012\/erla_mehilli.jpg","type":"","width":"","height":""}],"author":"admin","twitter_card":"summary_large_image","twitter_misc":{"Written by":"admin","Est. reading time":"3 minutes"},"schema":{"@context":"https:\/\/schema.org","@graph":[{"@type":"Article","@id":"https:\/\/fjala.info\/2009-2015\/rama-sulmoi-nje-mik-te-shquar-te-shqiperise-te-votoje-heqjen-e-imunitetit-per-ata-qe-vuajne-per-kafshaten\/#article","isPartOf":{"@id":"https:\/\/fjala.info\/2009-2015\/rama-sulmoi-nje-mik-te-shquar-te-shqiperise-te-votoje-heqjen-e-imunitetit-per-ata-qe-vuajne-per-kafshaten\/"},"author":{"name":"admin","@id":"https:\/\/fjala.info\/2009-2015\/#\/schema\/person\/3aa1163ef05469c496fc94e77611ada2"},"headline":"\u201cRama sulmoi nj\u00eb mik t\u00eb shquar t\u00eb Shqip\u00ebris\u00eb. T\u00eb votoj\u00eb heqjen e imunitetit p\u00ebr ata q\u00eb vuajn\u00eb p\u00ebr kafshat\u00ebn\u201d","datePublished":"2012-08-05T06:02:12+00:00","mainEntityOfPage":{"@id":"https:\/\/fjala.info\/2009-2015\/rama-sulmoi-nje-mik-te-shquar-te-shqiperise-te-votoje-heqjen-e-imunitetit-per-ata-qe-vuajne-per-kafshaten\/"},"wordCount":662,"commentCount":0,"publisher":{"@id":"https:\/\/fjala.info\/2009-2015\/#organization"},"image":{"@id":"https:\/\/fjala.info\/2009-2015\/rama-sulmoi-nje-mik-te-shquar-te-shqiperise-te-votoje-heqjen-e-imunitetit-per-ata-qe-vuajne-per-kafshaten\/#primaryimage"},"thumbnailUrl":"http:\/\/www.fjala.info\/2012\/erla_mehilli.jpg","articleSection":["Artikuj","Lajme"],"inLanguage":"sq-AL","potentialAction":[{"@type":"CommentAction","name":"Comment","target":["https:\/\/fjala.info\/2009-2015\/rama-sulmoi-nje-mik-te-shquar-te-shqiperise-te-votoje-heqjen-e-imunitetit-per-ata-qe-vuajne-per-kafshaten\/#respond"]}]},{"@type":"WebPage","@id":"https:\/\/fjala.info\/2009-2015\/rama-sulmoi-nje-mik-te-shquar-te-shqiperise-te-votoje-heqjen-e-imunitetit-per-ata-qe-vuajne-per-kafshaten\/","url":"https:\/\/fjala.info\/2009-2015\/rama-sulmoi-nje-mik-te-shquar-te-shqiperise-te-votoje-heqjen-e-imunitetit-per-ata-qe-vuajne-per-kafshaten\/","name":"\u201cRama sulmoi nj\u00eb mik t\u00eb shquar t\u00eb Shqip\u00ebris\u00eb. T\u00eb votoj\u00eb heqjen e imunitetit p\u00ebr ata q\u00eb vuajn\u00eb p\u00ebr kafshat\u00ebn\u201d - FjALA e LIR\u00cb - Arkivi","isPartOf":{"@id":"https:\/\/fjala.info\/2009-2015\/#website"},"primaryImageOfPage":{"@id":"https:\/\/fjala.info\/2009-2015\/rama-sulmoi-nje-mik-te-shquar-te-shqiperise-te-votoje-heqjen-e-imunitetit-per-ata-qe-vuajne-per-kafshaten\/#primaryimage"},"image":{"@id":"https:\/\/fjala.info\/2009-2015\/rama-sulmoi-nje-mik-te-shquar-te-shqiperise-te-votoje-heqjen-e-imunitetit-per-ata-qe-vuajne-per-kafshaten\/#primaryimage"},"thumbnailUrl":"http:\/\/www.fjala.info\/2012\/erla_mehilli.jpg","datePublished":"2012-08-05T06:02:12+00:00","breadcrumb":{"@id":"https:\/\/fjala.info\/2009-2015\/rama-sulmoi-nje-mik-te-shquar-te-shqiperise-te-votoje-heqjen-e-imunitetit-per-ata-qe-vuajne-per-kafshaten\/#breadcrumb"},"inLanguage":"sq-AL","potentialAction":[{"@type":"ReadAction","target":["https:\/\/fjala.info\/2009-2015\/rama-sulmoi-nje-mik-te-shquar-te-shqiperise-te-votoje-heqjen-e-imunitetit-per-ata-qe-vuajne-per-kafshaten\/"]}]},{"@type":"ImageObject","inLanguage":"sq-AL","@id":"https:\/\/fjala.info\/2009-2015\/rama-sulmoi-nje-mik-te-shquar-te-shqiperise-te-votoje-heqjen-e-imunitetit-per-ata-qe-vuajne-per-kafshaten\/#primaryimage","url":"http:\/\/www.fjala.info\/2012\/erla_mehilli.jpg","contentUrl":"http:\/\/www.fjala.info\/2012\/erla_mehilli.jpg"},{"@type":"BreadcrumbList","@id":"https:\/\/fjala.info\/2009-2015\/rama-sulmoi-nje-mik-te-shquar-te-shqiperise-te-votoje-heqjen-e-imunitetit-per-ata-qe-vuajne-per-kafshaten\/#breadcrumb","itemListElement":[{"@type":"ListItem","position":1,"name":"Home","item":"https:\/\/fjala.info\/2009-2015\/"},{"@type":"ListItem","position":2,"name":"\u201cRama sulmoi nj\u00eb mik t\u00eb shquar t\u00eb Shqip\u00ebris\u00eb. T\u00eb votoj\u00eb heqjen e imunitetit p\u00ebr ata q\u00eb vuajn\u00eb p\u00ebr kafshat\u00ebn\u201d"}]},{"@type":"WebSite","@id":"https:\/\/fjala.info\/2009-2015\/#website","url":"https:\/\/fjala.info\/2009-2015\/","name":"FjALA e LIR\u00cb - Arkivi","description":"Arkivi 2009-2015","publisher":{"@id":"https:\/\/fjala.info\/2009-2015\/#organization"},"potentialAction":[{"@type":"SearchAction","target":{"@type":"EntryPoint","urlTemplate":"https:\/\/fjala.info\/2009-2015\/?s={search_term_string}"},"query-input":{"@type":"PropertyValueSpecification","valueRequired":true,"valueName":"search_term_string"}}],"inLanguage":"sq-AL"},{"@type":"Organization","@id":"https:\/\/fjala.info\/2009-2015\/#organization","name":"FjALA e LIR\u00cb - Arkivi","url":"https:\/\/fjala.info\/2009-2015\/","logo":{"@type":"ImageObject","inLanguage":"sq-AL","@id":"https:\/\/fjala.info\/2009-2015\/#\/schema\/logo\/image\/","url":"","contentUrl":"","caption":"FjALA e LIR\u00cb - Arkivi"},"image":{"@id":"https:\/\/fjala.info\/2009-2015\/#\/schema\/logo\/image\/"}},{"@type":"Person","@id":"https:\/\/fjala.info\/2009-2015\/#\/schema\/person\/3aa1163ef05469c496fc94e77611ada2","name":"admin","image":{"@type":"ImageObject","inLanguage":"sq-AL","@id":"https:\/\/fjala.info\/2009-2015\/wp-content\/uploads\/2012\/02\/arben_cokaj-120x150.jpg","url":"https:\/\/fjala.info\/2009-2015\/wp-content\/uploads\/2012\/02\/arben_cokaj-120x150.jpg","contentUrl":"https:\/\/fjala.info\/2009-2015\/wp-content\/uploads\/2012\/02\/arben_cokaj-120x150.jpg","caption":"admin"},"description":"Admin, Fjala e Lir\u00eb","sameAs":["https:\/\/fjala.info\/"],"url":"https:\/\/fjala.info\/2009-2015\/author\/admin\/"}]}},"_links":{"self":[{"href":"https:\/\/fjala.info\/2009-2015\/wp-json\/wp\/v2\/posts\/4185","targetHints":{"allow":["GET"]}}],"collection":[{"href":"https:\/\/fjala.info\/2009-2015\/wp-json\/wp\/v2\/posts"}],"about":[{"href":"https:\/\/fjala.info\/2009-2015\/wp-json\/wp\/v2\/types\/post"}],"author":[{"embeddable":true,"href":"https:\/\/fjala.info\/2009-2015\/wp-json\/wp\/v2\/users\/1"}],"replies":[{"embeddable":true,"href":"https:\/\/fjala.info\/2009-2015\/wp-json\/wp\/v2\/comments?post=4185"}],"version-history":[{"count":0,"href":"https:\/\/fjala.info\/2009-2015\/wp-json\/wp\/v2\/posts\/4185\/revisions"}],"wp:attachment":[{"href":"https:\/\/fjala.info\/2009-2015\/wp-json\/wp\/v2\/media?parent=4185"}],"wp:term":[{"taxonomy":"category","embeddable":true,"href":"https:\/\/fjala.info\/2009-2015\/wp-json\/wp\/v2\/categories?post=4185"},{"taxonomy":"post_tag","embeddable":true,"href":"https:\/\/fjala.info\/2009-2015\/wp-json\/wp\/v2\/tags?post=4185"}],"curies":[{"name":"wp","href":"https:\/\/api.w.org\/{rel}","templated":true}]}}