{"id":4182,"date":"2012-08-05T07:00:12","date_gmt":"2012-08-05T06:00:12","guid":{"rendered":"http:\/\/www.fjala.info\/?p=4182"},"modified":"2012-08-05T07:00:12","modified_gmt":"2012-08-05T06:00:12","slug":"imami-skandal-me-helikopteret-ekspertet-ia-rrezuan-kontraten-ai-i-shperfilli","status":"publish","type":"post","link":"https:\/\/fjala.info\/2009-2015\/imami-skandal-me-helikopteret-ekspertet-ia-rrezuan-kontraten-ai-i-shperfilli\/","title":{"rendered":"Imami, SKANDAL me helikopter\u00ebt, ekspert\u00ebt ia rr\u00ebzuan kontrat\u00ebn, ai i shp\u00ebrfilli"},"content":{"rendered":"<p><img decoding=\"async\" class=\"alignleft size-thumbnail wp-image-7236\" title=\"Arben Imami\" src=\"http:\/\/www.fjala.info\/2012\/arben_imami1.jpg\" alt=\"\" width=\"200\" \/> <strong>TemA<\/strong>, <em>4 Gusht 2012<\/em><\/p>\n<p><em><strong>Arben Imami shp\u00ebrfill mendimin e ekspert\u00ebve. Nj\u00eb dit\u00eb p\u00ebrpara mb\u00ebrritjes n\u00eb Shqip\u00ebri, helikopteri i porositur nga qeveria u rr\u00ebzua n\u00eb Franc\u00eb<\/strong><\/em><\/p>\n<p>Zbulohet nj\u00eb tjet\u00ebr skandal n\u00eb Ministrin\u00eb e Mbrojtjes. \u201cVizion Plus\u201d ka zbardhur nj\u00eb tjet\u00ebr shkelje t\u00eb r\u00ebnd\u00eb ligjore n\u00eb k\u00ebt\u00eb ministri, q\u00eb mban firm\u00ebn e zyrtarit m\u00eb t\u00eb lart\u00eb, Arben Imamit. B\u00ebhet fjal\u00eb p\u00ebr blerjen e helikopter\u00ebve p\u00ebr transportin e personaliteteve, kontrat\u00eb q\u00eb shteti shqiptar e lidhi me nj\u00eb kompani franceze prodhimi. Por p\u00ebrpara se t\u00eb lidhej kontrata, Ministria ngriti nj\u00eb grup pune, n\u00eb p\u00ebrb\u00ebrje t\u00eb t\u00eb cilit ishin 5 eksperte t\u00eb fush\u00ebs, mes tyre edhe komandanti i detashmentit t\u00eb transportit VIP, major Ndrec Llusku. Atyre iu k\u00ebrkua vler\u00ebsim p\u00ebr blerjen, q\u00eb duhet t\u00eb ishte opinioni baze p\u00ebr t\u00eb firmosur kontrat\u00ebn. Kjo \u00ebsht\u00eb korrespodenca mes Ministris\u00eb dhe grupit t\u00eb ngritur.<\/p>\n<p>Pas analiz\u00ebs se holl\u00ebsishme, ekspert\u00ebt rrezojn\u00eb kontrat\u00ebn me argumentet: \u201cGrupi i pun\u00ebs e konsideron ofert\u00ebn e paraqitur nga kompania \u2018Eurocopter\u2019 date 22.12.2010 p\u00ebr helikopter\u00ebt \u2018EC 135\u2019 dhe \u2018EC 145\u2019 si jo t\u00eb p\u00ebrshtatsh\u00ebm p\u00ebr transportin ajror t\u00eb personaliteteve t\u00eb larta t\u00eb shtetit. Helikopteri m\u00eb i pranuesh\u00ebm p\u00ebr k\u00ebt\u00eb q\u00ebllim rekomandojm\u00eb t\u00eb jet\u00eb \u2018EC 155\u2019, pasi ka kapacitete transporti, volum t\u00eb brendsh\u00ebm shfryt\u00ebzimi dhe specifikime teknike te nj\u00eb kategorie m\u00eb t\u00eb lart\u00eb se \u2018EC 135\u2019 dhe \u2018EC 145\u2019.\u201d<\/p>\n<p>Grupi i pun\u00ebs nuk jep vler\u00ebsim p\u00ebr \u00e7mimin e blerjes se helikopter\u00ebve, por rr\u00ebzon kontrat\u00ebn p\u00ebr disponueshm\u00ebrin\u00eb e tyre. Ata evidentojn\u00eb se n\u00eb dokumentacionin e ofruar nga kompania \u2018Eurocopter\u2019 mungojn\u00eb t\u00eb dh\u00ebnat teknike si: fuqia e motor\u00ebve, koh\u00ebzgjatja e fluturimit, lart\u00ebsia maksimale e fluturimit, apo t\u00eb dh\u00ebna t\u00eb tjera, t\u00eb specifikuara n\u00eb shkres\u00ebn e Ministris\u00eb s\u00eb Brendshme n\u00eb dat\u00eb 25 tetor 2010. M\u00eb tej, n\u00eb ekspertiz\u00ebn e grupit t\u00eb pun\u00ebs shtohet se helikopteri model \u2018EC 145\u2019, nuk p\u00ebrdoret nga vende t\u00eb tjera evropiane p\u00ebr transport VIP dhe p\u00ebr pasoj\u00eb nuk sjell p\u00ebrmir\u00ebsim cil\u00ebsor t\u00eb kapaciteteve t\u00eb transportit n\u00eb Shqip\u00ebri, detyre qe aktualisht kryhet me helikopterin n\u00eb p\u00ebrdorim, model \u2018A 109 C\u2019.<\/p>\n<p>Por menj\u00ebher\u00eb pas k\u00ebtij relacioni, q\u00eb duket nuk ka k\u00ebnaqur interesat e Ministris\u00eb se Mbrojtjes, grupi i pun\u00ebs shkrihet dhe n\u00eb vend t\u00eb tij hartohet nj\u00eb tjet\u00ebr relacion, mbi baz\u00ebn e preferencave t\u00eb ministrit. 2 vjet m\u00eb von\u00eb, nj\u00eb dit\u00eb para dor\u00ebzimit ne Shqip\u00ebri, helikopteri n\u00eb testet e fundit ne Franc\u00eb u rrezua aksidentalisht. Por anashkalimi i opinionit t\u00eb eksperteve t\u00eb fush\u00ebs ka prodhuar edhe me her\u00ebt pasoja tragjike ne Ministrin\u00eb e Mbrojtjes. Shp\u00ebrthimi i depove t\u00eb armatimit n\u00eb G\u00ebrdec, ku humb\u00ebn jet\u00ebn 26 vet\u00eb, pati pasoja fatale p\u00ebr banor\u00ebt e zon\u00ebs, pik\u00ebrisht sepse u anashkalua mendimi i ushtarak\u00ebve p\u00ebr ta nd\u00ebrtuar fabrik\u00ebn larg zonave t\u00eb populluara.<\/p>\n<p>Nj\u00eb dit\u00eb m\u00eb par\u00eb \u201cVizon Plus\u201d publikoi shkres\u00ebn q\u00eb provon nj\u00eb nga skandalet m\u00eb t\u00eb r\u00ebnda n\u00eb 2 dekadat e fundit n\u00eb Ministrin\u00eb e Mbrojtjes. Ky \u00ebsht\u00eb urdhri i ministrit Imami, firmosur 2 dite para protest\u00ebs s\u00eb opozit\u00ebs n\u00eb 21 janar, p\u00ebr blerjet e pajisjeve speciale p\u00ebrgjuese. Snajper\u00eb, automatik\u00eb, dylbi me rreze infra p\u00ebr t\u00eb par\u00eb nat\u00ebn, pajisje regjistrimi video dhe audio, pajisje analoge transmetimi, deri rrip p\u00ebrgjimi, jan\u00eb pajisjet q\u00eb opozita dyshon se jan\u00eb p\u00ebrdorur p\u00ebr p\u00ebrgjime jo vet\u00ebm t\u00eb eksponent\u00ebve t\u00eb saj, por edhe diplomat\u00ebve t\u00eb huaj.<\/p>\n","protected":false},"excerpt":{"rendered":"<p>TemA, 4 Gusht 2012 Arben Imami shp\u00ebrfill mendimin e ekspert\u00ebve. Nj\u00eb dit\u00eb p\u00ebrpara mb\u00ebrritjes n\u00eb Shqip\u00ebri, helikopteri i porositur nga qeveria u rr\u00ebzua n\u00eb Franc\u00eb Zbulohet nj\u00eb tjet\u00ebr skandal n\u00eb Ministrin\u00eb e Mbrojtjes. \u201cVizion Plus\u201d ka zbardhur nj\u00eb tjet\u00ebr shkelje t\u00eb r\u00ebnd\u00eb ligjore n\u00eb k\u00ebt\u00eb ministri, q\u00eb mban firm\u00ebn e zyrtarit m\u00eb t\u00eb lart\u00eb, Arben [&hellip;]<\/p>\n","protected":false},"author":1,"featured_media":0,"comment_status":"open","ping_status":"closed","sticky":false,"template":"","format":"standard","meta":{"footnotes":""},"categories":[2,5],"tags":[],"class_list":{"0":"post-4182","1":"post","2":"type-post","3":"status-publish","4":"format-standard","6":"category-artikuj","7":"category-lajme"},"yoast_head":"<!-- This site is optimized with the Yoast SEO plugin v27.4 - https:\/\/yoast.com\/product\/yoast-seo-wordpress\/ -->\n<title>Imami, SKANDAL me helikopter\u00ebt, ekspert\u00ebt ia rr\u00ebzuan kontrat\u00ebn, ai i shp\u00ebrfilli - FjALA e LIR\u00cb - Arkivi<\/title>\n<meta name=\"robots\" content=\"index, follow, max-snippet:-1, max-image-preview:large, max-video-preview:-1\" \/>\n<link rel=\"canonical\" href=\"https:\/\/fjala.info\/2009-2015\/imami-skandal-me-helikopteret-ekspertet-ia-rrezuan-kontraten-ai-i-shperfilli\/\" \/>\n<meta property=\"og:locale\" content=\"sq_AL\" \/>\n<meta property=\"og:type\" content=\"article\" \/>\n<meta property=\"og:title\" content=\"Imami, SKANDAL me helikopter\u00ebt, ekspert\u00ebt ia rr\u00ebzuan kontrat\u00ebn, ai i shp\u00ebrfilli - FjALA e LIR\u00cb - Arkivi\" \/>\n<meta property=\"og:description\" content=\"TemA, 4 Gusht 2012 Arben Imami shp\u00ebrfill mendimin e ekspert\u00ebve. Nj\u00eb dit\u00eb p\u00ebrpara mb\u00ebrritjes n\u00eb Shqip\u00ebri, helikopteri i porositur nga qeveria u rr\u00ebzua n\u00eb Franc\u00eb Zbulohet nj\u00eb tjet\u00ebr skandal n\u00eb Ministrin\u00eb e Mbrojtjes. \u201cVizion Plus\u201d ka zbardhur nj\u00eb tjet\u00ebr shkelje t\u00eb r\u00ebnd\u00eb ligjore n\u00eb k\u00ebt\u00eb ministri, q\u00eb mban firm\u00ebn e zyrtarit m\u00eb t\u00eb lart\u00eb, Arben [&hellip;]\" \/>\n<meta property=\"og:url\" content=\"https:\/\/fjala.info\/2009-2015\/imami-skandal-me-helikopteret-ekspertet-ia-rrezuan-kontraten-ai-i-shperfilli\/\" \/>\n<meta property=\"og:site_name\" content=\"FjALA e LIR\u00cb - Arkivi\" \/>\n<meta property=\"article:published_time\" content=\"2012-08-05T06:00:12+00:00\" \/>\n<meta property=\"og:image\" content=\"http:\/\/www.fjala.info\/2012\/arben_imami1.jpg\" \/>\n<meta name=\"author\" content=\"admin\" \/>\n<meta name=\"twitter:card\" content=\"summary_large_image\" \/>\n<meta name=\"twitter:label1\" content=\"Written by\" \/>\n\t<meta name=\"twitter:data1\" content=\"admin\" \/>\n\t<meta name=\"twitter:label2\" content=\"Est. reading time\" \/>\n\t<meta name=\"twitter:data2\" content=\"3 minutes\" \/>\n<script type=\"application\/ld+json\" class=\"yoast-schema-graph\">{\"@context\":\"https:\\\/\\\/schema.org\",\"@graph\":[{\"@type\":\"Article\",\"@id\":\"https:\\\/\\\/fjala.info\\\/2009-2015\\\/imami-skandal-me-helikopteret-ekspertet-ia-rrezuan-kontraten-ai-i-shperfilli\\\/#article\",\"isPartOf\":{\"@id\":\"https:\\\/\\\/fjala.info\\\/2009-2015\\\/imami-skandal-me-helikopteret-ekspertet-ia-rrezuan-kontraten-ai-i-shperfilli\\\/\"},\"author\":{\"name\":\"admin\",\"@id\":\"https:\\\/\\\/fjala.info\\\/2009-2015\\\/#\\\/schema\\\/person\\\/3aa1163ef05469c496fc94e77611ada2\"},\"headline\":\"Imami, SKANDAL me helikopter\u00ebt, ekspert\u00ebt ia rr\u00ebzuan kontrat\u00ebn, ai i shp\u00ebrfilli\",\"datePublished\":\"2012-08-05T06:00:12+00:00\",\"mainEntityOfPage\":{\"@id\":\"https:\\\/\\\/fjala.info\\\/2009-2015\\\/imami-skandal-me-helikopteret-ekspertet-ia-rrezuan-kontraten-ai-i-shperfilli\\\/\"},\"wordCount\":619,\"commentCount\":0,\"publisher\":{\"@id\":\"https:\\\/\\\/fjala.info\\\/2009-2015\\\/#organization\"},\"image\":{\"@id\":\"https:\\\/\\\/fjala.info\\\/2009-2015\\\/imami-skandal-me-helikopteret-ekspertet-ia-rrezuan-kontraten-ai-i-shperfilli\\\/#primaryimage\"},\"thumbnailUrl\":\"http:\\\/\\\/www.fjala.info\\\/2012\\\/arben_imami1.jpg\",\"articleSection\":[\"Artikuj\",\"Lajme\"],\"inLanguage\":\"sq-AL\",\"potentialAction\":[{\"@type\":\"CommentAction\",\"name\":\"Comment\",\"target\":[\"https:\\\/\\\/fjala.info\\\/2009-2015\\\/imami-skandal-me-helikopteret-ekspertet-ia-rrezuan-kontraten-ai-i-shperfilli\\\/#respond\"]}]},{\"@type\":\"WebPage\",\"@id\":\"https:\\\/\\\/fjala.info\\\/2009-2015\\\/imami-skandal-me-helikopteret-ekspertet-ia-rrezuan-kontraten-ai-i-shperfilli\\\/\",\"url\":\"https:\\\/\\\/fjala.info\\\/2009-2015\\\/imami-skandal-me-helikopteret-ekspertet-ia-rrezuan-kontraten-ai-i-shperfilli\\\/\",\"name\":\"Imami, SKANDAL me helikopter\u00ebt, ekspert\u00ebt ia rr\u00ebzuan kontrat\u00ebn, ai i shp\u00ebrfilli - FjALA e LIR\u00cb - Arkivi\",\"isPartOf\":{\"@id\":\"https:\\\/\\\/fjala.info\\\/2009-2015\\\/#website\"},\"primaryImageOfPage\":{\"@id\":\"https:\\\/\\\/fjala.info\\\/2009-2015\\\/imami-skandal-me-helikopteret-ekspertet-ia-rrezuan-kontraten-ai-i-shperfilli\\\/#primaryimage\"},\"image\":{\"@id\":\"https:\\\/\\\/fjala.info\\\/2009-2015\\\/imami-skandal-me-helikopteret-ekspertet-ia-rrezuan-kontraten-ai-i-shperfilli\\\/#primaryimage\"},\"thumbnailUrl\":\"http:\\\/\\\/www.fjala.info\\\/2012\\\/arben_imami1.jpg\",\"datePublished\":\"2012-08-05T06:00:12+00:00\",\"breadcrumb\":{\"@id\":\"https:\\\/\\\/fjala.info\\\/2009-2015\\\/imami-skandal-me-helikopteret-ekspertet-ia-rrezuan-kontraten-ai-i-shperfilli\\\/#breadcrumb\"},\"inLanguage\":\"sq-AL\",\"potentialAction\":[{\"@type\":\"ReadAction\",\"target\":[\"https:\\\/\\\/fjala.info\\\/2009-2015\\\/imami-skandal-me-helikopteret-ekspertet-ia-rrezuan-kontraten-ai-i-shperfilli\\\/\"]}]},{\"@type\":\"ImageObject\",\"inLanguage\":\"sq-AL\",\"@id\":\"https:\\\/\\\/fjala.info\\\/2009-2015\\\/imami-skandal-me-helikopteret-ekspertet-ia-rrezuan-kontraten-ai-i-shperfilli\\\/#primaryimage\",\"url\":\"http:\\\/\\\/www.fjala.info\\\/2012\\\/arben_imami1.jpg\",\"contentUrl\":\"http:\\\/\\\/www.fjala.info\\\/2012\\\/arben_imami1.jpg\"},{\"@type\":\"BreadcrumbList\",\"@id\":\"https:\\\/\\\/fjala.info\\\/2009-2015\\\/imami-skandal-me-helikopteret-ekspertet-ia-rrezuan-kontraten-ai-i-shperfilli\\\/#breadcrumb\",\"itemListElement\":[{\"@type\":\"ListItem\",\"position\":1,\"name\":\"Home\",\"item\":\"https:\\\/\\\/fjala.info\\\/2009-2015\\\/\"},{\"@type\":\"ListItem\",\"position\":2,\"name\":\"Imami, SKANDAL me helikopter\u00ebt, ekspert\u00ebt ia rr\u00ebzuan kontrat\u00ebn, ai i shp\u00ebrfilli\"}]},{\"@type\":\"WebSite\",\"@id\":\"https:\\\/\\\/fjala.info\\\/2009-2015\\\/#website\",\"url\":\"https:\\\/\\\/fjala.info\\\/2009-2015\\\/\",\"name\":\"FjALA e LIR\u00cb - Arkivi\",\"description\":\"Arkivi 2009-2015\",\"publisher\":{\"@id\":\"https:\\\/\\\/fjala.info\\\/2009-2015\\\/#organization\"},\"potentialAction\":[{\"@type\":\"SearchAction\",\"target\":{\"@type\":\"EntryPoint\",\"urlTemplate\":\"https:\\\/\\\/fjala.info\\\/2009-2015\\\/?s={search_term_string}\"},\"query-input\":{\"@type\":\"PropertyValueSpecification\",\"valueRequired\":true,\"valueName\":\"search_term_string\"}}],\"inLanguage\":\"sq-AL\"},{\"@type\":\"Organization\",\"@id\":\"https:\\\/\\\/fjala.info\\\/2009-2015\\\/#organization\",\"name\":\"FjALA e LIR\u00cb - Arkivi\",\"url\":\"https:\\\/\\\/fjala.info\\\/2009-2015\\\/\",\"logo\":{\"@type\":\"ImageObject\",\"inLanguage\":\"sq-AL\",\"@id\":\"https:\\\/\\\/fjala.info\\\/2009-2015\\\/#\\\/schema\\\/logo\\\/image\\\/\",\"url\":\"\",\"contentUrl\":\"\",\"caption\":\"FjALA e LIR\u00cb - Arkivi\"},\"image\":{\"@id\":\"https:\\\/\\\/fjala.info\\\/2009-2015\\\/#\\\/schema\\\/logo\\\/image\\\/\"}},{\"@type\":\"Person\",\"@id\":\"https:\\\/\\\/fjala.info\\\/2009-2015\\\/#\\\/schema\\\/person\\\/3aa1163ef05469c496fc94e77611ada2\",\"name\":\"admin\",\"image\":{\"@type\":\"ImageObject\",\"inLanguage\":\"sq-AL\",\"@id\":\"https:\\\/\\\/fjala.info\\\/2009-2015\\\/wp-content\\\/uploads\\\/2012\\\/02\\\/arben_cokaj-120x150.jpg\",\"url\":\"https:\\\/\\\/fjala.info\\\/2009-2015\\\/wp-content\\\/uploads\\\/2012\\\/02\\\/arben_cokaj-120x150.jpg\",\"contentUrl\":\"https:\\\/\\\/fjala.info\\\/2009-2015\\\/wp-content\\\/uploads\\\/2012\\\/02\\\/arben_cokaj-120x150.jpg\",\"caption\":\"admin\"},\"description\":\"Admin, Fjala e Lir\u00eb\",\"sameAs\":[\"https:\\\/\\\/fjala.info\\\/\"],\"url\":\"https:\\\/\\\/fjala.info\\\/2009-2015\\\/author\\\/admin\\\/\"}]}<\/script>\n<!-- \/ Yoast SEO plugin. -->","yoast_head_json":{"title":"Imami, SKANDAL me helikopter\u00ebt, ekspert\u00ebt ia rr\u00ebzuan kontrat\u00ebn, ai i shp\u00ebrfilli - FjALA e LIR\u00cb - Arkivi","robots":{"index":"index","follow":"follow","max-snippet":"max-snippet:-1","max-image-preview":"max-image-preview:large","max-video-preview":"max-video-preview:-1"},"canonical":"https:\/\/fjala.info\/2009-2015\/imami-skandal-me-helikopteret-ekspertet-ia-rrezuan-kontraten-ai-i-shperfilli\/","og_locale":"sq_AL","og_type":"article","og_title":"Imami, SKANDAL me helikopter\u00ebt, ekspert\u00ebt ia rr\u00ebzuan kontrat\u00ebn, ai i shp\u00ebrfilli - FjALA e LIR\u00cb - Arkivi","og_description":"TemA, 4 Gusht 2012 Arben Imami shp\u00ebrfill mendimin e ekspert\u00ebve. Nj\u00eb dit\u00eb p\u00ebrpara mb\u00ebrritjes n\u00eb Shqip\u00ebri, helikopteri i porositur nga qeveria u rr\u00ebzua n\u00eb Franc\u00eb Zbulohet nj\u00eb tjet\u00ebr skandal n\u00eb Ministrin\u00eb e Mbrojtjes. \u201cVizion Plus\u201d ka zbardhur nj\u00eb tjet\u00ebr shkelje t\u00eb r\u00ebnd\u00eb ligjore n\u00eb k\u00ebt\u00eb ministri, q\u00eb mban firm\u00ebn e zyrtarit m\u00eb t\u00eb lart\u00eb, Arben [&hellip;]","og_url":"https:\/\/fjala.info\/2009-2015\/imami-skandal-me-helikopteret-ekspertet-ia-rrezuan-kontraten-ai-i-shperfilli\/","og_site_name":"FjALA e LIR\u00cb - Arkivi","article_published_time":"2012-08-05T06:00:12+00:00","og_image":[{"url":"http:\/\/www.fjala.info\/2012\/arben_imami1.jpg","type":"","width":"","height":""}],"author":"admin","twitter_card":"summary_large_image","twitter_misc":{"Written by":"admin","Est. reading time":"3 minutes"},"schema":{"@context":"https:\/\/schema.org","@graph":[{"@type":"Article","@id":"https:\/\/fjala.info\/2009-2015\/imami-skandal-me-helikopteret-ekspertet-ia-rrezuan-kontraten-ai-i-shperfilli\/#article","isPartOf":{"@id":"https:\/\/fjala.info\/2009-2015\/imami-skandal-me-helikopteret-ekspertet-ia-rrezuan-kontraten-ai-i-shperfilli\/"},"author":{"name":"admin","@id":"https:\/\/fjala.info\/2009-2015\/#\/schema\/person\/3aa1163ef05469c496fc94e77611ada2"},"headline":"Imami, SKANDAL me helikopter\u00ebt, ekspert\u00ebt ia rr\u00ebzuan kontrat\u00ebn, ai i shp\u00ebrfilli","datePublished":"2012-08-05T06:00:12+00:00","mainEntityOfPage":{"@id":"https:\/\/fjala.info\/2009-2015\/imami-skandal-me-helikopteret-ekspertet-ia-rrezuan-kontraten-ai-i-shperfilli\/"},"wordCount":619,"commentCount":0,"publisher":{"@id":"https:\/\/fjala.info\/2009-2015\/#organization"},"image":{"@id":"https:\/\/fjala.info\/2009-2015\/imami-skandal-me-helikopteret-ekspertet-ia-rrezuan-kontraten-ai-i-shperfilli\/#primaryimage"},"thumbnailUrl":"http:\/\/www.fjala.info\/2012\/arben_imami1.jpg","articleSection":["Artikuj","Lajme"],"inLanguage":"sq-AL","potentialAction":[{"@type":"CommentAction","name":"Comment","target":["https:\/\/fjala.info\/2009-2015\/imami-skandal-me-helikopteret-ekspertet-ia-rrezuan-kontraten-ai-i-shperfilli\/#respond"]}]},{"@type":"WebPage","@id":"https:\/\/fjala.info\/2009-2015\/imami-skandal-me-helikopteret-ekspertet-ia-rrezuan-kontraten-ai-i-shperfilli\/","url":"https:\/\/fjala.info\/2009-2015\/imami-skandal-me-helikopteret-ekspertet-ia-rrezuan-kontraten-ai-i-shperfilli\/","name":"Imami, SKANDAL me helikopter\u00ebt, ekspert\u00ebt ia rr\u00ebzuan kontrat\u00ebn, ai i shp\u00ebrfilli - FjALA e LIR\u00cb - Arkivi","isPartOf":{"@id":"https:\/\/fjala.info\/2009-2015\/#website"},"primaryImageOfPage":{"@id":"https:\/\/fjala.info\/2009-2015\/imami-skandal-me-helikopteret-ekspertet-ia-rrezuan-kontraten-ai-i-shperfilli\/#primaryimage"},"image":{"@id":"https:\/\/fjala.info\/2009-2015\/imami-skandal-me-helikopteret-ekspertet-ia-rrezuan-kontraten-ai-i-shperfilli\/#primaryimage"},"thumbnailUrl":"http:\/\/www.fjala.info\/2012\/arben_imami1.jpg","datePublished":"2012-08-05T06:00:12+00:00","breadcrumb":{"@id":"https:\/\/fjala.info\/2009-2015\/imami-skandal-me-helikopteret-ekspertet-ia-rrezuan-kontraten-ai-i-shperfilli\/#breadcrumb"},"inLanguage":"sq-AL","potentialAction":[{"@type":"ReadAction","target":["https:\/\/fjala.info\/2009-2015\/imami-skandal-me-helikopteret-ekspertet-ia-rrezuan-kontraten-ai-i-shperfilli\/"]}]},{"@type":"ImageObject","inLanguage":"sq-AL","@id":"https:\/\/fjala.info\/2009-2015\/imami-skandal-me-helikopteret-ekspertet-ia-rrezuan-kontraten-ai-i-shperfilli\/#primaryimage","url":"http:\/\/www.fjala.info\/2012\/arben_imami1.jpg","contentUrl":"http:\/\/www.fjala.info\/2012\/arben_imami1.jpg"},{"@type":"BreadcrumbList","@id":"https:\/\/fjala.info\/2009-2015\/imami-skandal-me-helikopteret-ekspertet-ia-rrezuan-kontraten-ai-i-shperfilli\/#breadcrumb","itemListElement":[{"@type":"ListItem","position":1,"name":"Home","item":"https:\/\/fjala.info\/2009-2015\/"},{"@type":"ListItem","position":2,"name":"Imami, SKANDAL me helikopter\u00ebt, ekspert\u00ebt ia rr\u00ebzuan kontrat\u00ebn, ai i shp\u00ebrfilli"}]},{"@type":"WebSite","@id":"https:\/\/fjala.info\/2009-2015\/#website","url":"https:\/\/fjala.info\/2009-2015\/","name":"FjALA e LIR\u00cb - Arkivi","description":"Arkivi 2009-2015","publisher":{"@id":"https:\/\/fjala.info\/2009-2015\/#organization"},"potentialAction":[{"@type":"SearchAction","target":{"@type":"EntryPoint","urlTemplate":"https:\/\/fjala.info\/2009-2015\/?s={search_term_string}"},"query-input":{"@type":"PropertyValueSpecification","valueRequired":true,"valueName":"search_term_string"}}],"inLanguage":"sq-AL"},{"@type":"Organization","@id":"https:\/\/fjala.info\/2009-2015\/#organization","name":"FjALA e LIR\u00cb - Arkivi","url":"https:\/\/fjala.info\/2009-2015\/","logo":{"@type":"ImageObject","inLanguage":"sq-AL","@id":"https:\/\/fjala.info\/2009-2015\/#\/schema\/logo\/image\/","url":"","contentUrl":"","caption":"FjALA e LIR\u00cb - Arkivi"},"image":{"@id":"https:\/\/fjala.info\/2009-2015\/#\/schema\/logo\/image\/"}},{"@type":"Person","@id":"https:\/\/fjala.info\/2009-2015\/#\/schema\/person\/3aa1163ef05469c496fc94e77611ada2","name":"admin","image":{"@type":"ImageObject","inLanguage":"sq-AL","@id":"https:\/\/fjala.info\/2009-2015\/wp-content\/uploads\/2012\/02\/arben_cokaj-120x150.jpg","url":"https:\/\/fjala.info\/2009-2015\/wp-content\/uploads\/2012\/02\/arben_cokaj-120x150.jpg","contentUrl":"https:\/\/fjala.info\/2009-2015\/wp-content\/uploads\/2012\/02\/arben_cokaj-120x150.jpg","caption":"admin"},"description":"Admin, Fjala e Lir\u00eb","sameAs":["https:\/\/fjala.info\/"],"url":"https:\/\/fjala.info\/2009-2015\/author\/admin\/"}]}},"_links":{"self":[{"href":"https:\/\/fjala.info\/2009-2015\/wp-json\/wp\/v2\/posts\/4182","targetHints":{"allow":["GET"]}}],"collection":[{"href":"https:\/\/fjala.info\/2009-2015\/wp-json\/wp\/v2\/posts"}],"about":[{"href":"https:\/\/fjala.info\/2009-2015\/wp-json\/wp\/v2\/types\/post"}],"author":[{"embeddable":true,"href":"https:\/\/fjala.info\/2009-2015\/wp-json\/wp\/v2\/users\/1"}],"replies":[{"embeddable":true,"href":"https:\/\/fjala.info\/2009-2015\/wp-json\/wp\/v2\/comments?post=4182"}],"version-history":[{"count":0,"href":"https:\/\/fjala.info\/2009-2015\/wp-json\/wp\/v2\/posts\/4182\/revisions"}],"wp:attachment":[{"href":"https:\/\/fjala.info\/2009-2015\/wp-json\/wp\/v2\/media?parent=4182"}],"wp:term":[{"taxonomy":"category","embeddable":true,"href":"https:\/\/fjala.info\/2009-2015\/wp-json\/wp\/v2\/categories?post=4182"},{"taxonomy":"post_tag","embeddable":true,"href":"https:\/\/fjala.info\/2009-2015\/wp-json\/wp\/v2\/tags?post=4182"}],"curies":[{"name":"wp","href":"https:\/\/api.w.org\/{rel}","templated":true}]}}