{"id":4180,"date":"2012-08-05T06:55:46","date_gmt":"2012-08-05T05:55:46","guid":{"rendered":"http:\/\/www.fjala.info\/?p=4180"},"modified":"2012-08-05T06:55:46","modified_gmt":"2012-08-05T05:55:46","slug":"reportazh-ku-jetojne-te-egrit","status":"publish","type":"post","link":"https:\/\/fjala.info\/2009-2015\/reportazh-ku-jetojne-te-egrit\/","title":{"rendered":"REPORTAZH\/ Ku jetojn\u00eb t\u00eb egrit"},"content":{"rendered":"<p><img decoding=\"async\" class=\"alignleft size-thumbnail wp-image-7236\" title=\"Bregdet shqiptar\" src=\"http:\/\/www.fjala.info\/2012\/bregdet.jpg\" alt=\"\" width=\"200\" \/> <strong>TemA<\/strong>, <em>4 Gusht 2012<\/em><\/p>\n<p><em><strong>N\u00eb jug t\u00eb Karpateve, jetojn\u00eb t\u00eb tjer\u00ebt. Ne t\u00eb Transilvanis\u00eb jemi t\u00eb civilizuar. Nj\u00eb udh\u00ebtim me moto\u00e7iklet\u00eb dhe paragjykim n\u00eb fshatrat shqiptare<\/strong><\/em><\/p>\n<p>Nga <strong>Christa Azzola<\/strong><\/p>\n<p>*<em>Ky shkrim \u00ebsht\u00eb botuar n\u00eb t\u00eb p\u00ebrditshmen e Berlinit, Tageszeitung<\/em><\/p>\n<p>Jam me moto\u00e7iklet\u00ebn time n\u00eb portin e Korfuzit. N\u00eb dor\u00eb kam nj\u00eb bilet\u00eb p\u00ebr tragetin q\u00eb t\u00eb \u00e7on n\u00eb Sarand\u00eb, Shqip\u00ebri. Male t\u00eb zhveshura me disa njolla jeshile q\u00ebndrojn\u00eb p\u00ebrpara meje. V\u00ebrtet do t\u00eb shkosh atje? Edhe mund t\u00eb kthehesh. Nuk ia kam as iden\u00eb m\u00eb t\u00eb vog\u00ebl se \u00e7far\u00eb m\u00eb pret. Idet\u00eb e ngurosura q\u00eb n\u00eb f\u00ebmij\u00ebri n\u00eb mendjen time nga periudha e jet\u00ebs n\u00eb Transilvani m\u00eb v\u00ebrshojn\u00eb: atje m\u00eb presin monstra rr\u00ebqeth\u00ebse.<\/p>\n<p>Kryej formalitetet kufitare. M\u00eb pas trageti afrohet. Kat\u00ebr makina dhe dy moto\u00e7ikleta hipin mbi t\u00eb. Nj\u00eb punonj\u00ebs m\u00eb ndihmon q\u00eb t\u00eb hip motorrin. N\u00eb kuvert\u00eb ulem n\u00eb heshtje mes turm\u00ebs. Turist\u00eb grek\u00eb, mendoj me vete, pasi kan\u00eb \u00e7anta Gucci. Oh, sa e madhe, jam rrug\u00ebs p\u00ebr n\u00eb Shqip\u00ebri dhe nuk jam e rrethuar nga asnj\u00eb shqiptar.<\/p>\n<p>\u201cMilate anglika? Flisni anglisht?\u201d pyes nj\u00eb fqinjen time n\u00eb greqisht, e cila \u00ebsht\u00eb thuajse sa mosha ime. M\u00eb sheh n\u00eb sy dhe ma kthen me nj\u00eb anglishte perfekte. Nd\u00ebrkoh\u00eb vjen nj\u00eb pun\u00ebtor q\u00eb na mbledh pasaportat dhe na i rijep s\u00ebrish. T\u00eb gjith\u00eb pasaportat n\u00eb duart e tij jan\u00eb shqiptare. Mir\u00ebsevini n\u00eb Shqip\u00ebri.<\/p>\n<p>Fqinja ime m\u00eb tregon mua se ku mund t\u00eb q\u00ebndroj n\u00eb Sarand\u00eb dhe shton se rrug\u00ebt jan\u00eb shum\u00eb t\u00eb mira. S\u00eb paku n\u00eb bregdet. Ajo dhe familja e saj jetojn\u00eb n\u00eb Tiran\u00eb dhe ishin me pushime. Logjike. Trageti ndalon p\u00ebrgjat\u00eb nj\u00eb bregdeti t\u00eb zhveshur. P\u00ebrpara m\u00eb shfaqet Saranda me \u00e7do gj\u00eb t\u00eb nd\u00ebrtuar. Si m\u00eb kishte shkuar nd\u00ebrmend q\u00eb k\u00ebtu nuk do jetonte kush?<\/p>\n<p>N\u00eb port formalitetet kufitare mbarojn\u00eb pa problem. Nj\u00eb person me uniform\u00eb m\u00eb kontrollon pasaportat dhe dokumentet e moto\u00e7iklet\u00ebs. Ai \u00ebsht\u00eb i regjistruar. M\u00eb pas mund t\u00eb kaloj. \u00cbsht\u00eb momenti q\u00eb t\u00eb them fjal\u00ebn e par\u00eb n\u00eb shqip. Faleminderit! Oficerja m\u00eb buz\u00ebqesh. Nj\u00eb fillim i mir\u00eb.<\/p>\n<p><strong>N\u00eb k\u00ebrkim t\u00eb hotelit pa plan dhe pa orientim<\/strong><\/p>\n<p>Nd\u00ebrkoh\u00eb \u00ebsht\u00eb errur dhe qyteti \u00ebsht\u00eb i ngarkuar. Vazhdoj vet\u00ebm q\u00eb t\u00eb ndjek autokolon\u00ebn. Ajo vazhdon p\u00ebrgjat\u00eb nj\u00eb sh\u00ebtitore. Nj\u00eb polic rregullon shfaqjen. Makina t\u00eb b\u00ebshme ndalojn\u00eb e ecin. Nat\u00ebn nuk do udh\u00ebtoj n\u00eb asnj\u00eb m\u00ebnyr\u00eb, k\u00ebshtu q\u00eb ndahem nga kolona dhe shkoj n\u00eb parkingun e nj\u00eb hoteli pa em\u00ebr. Nj\u00eb burr\u00eb me vajz\u00ebn e tij jan\u00eb sip\u00ebr tek shkall\u00ebt. Ndaloj motorrin dhe ngjis shkall\u00ebt. \u201cA flisni anglisht?\u201d, \u00ebsht\u00eb pyetja ime standarde. Ai \u00ebsht\u00eb kurioz, e bija m\u00eb p\u00ebrgjigjet.<\/p>\n<p>Mesa duket ajo q\u00eb drejton realisht biznesin k\u00ebtu \u00ebsht\u00eb e bija dhjet\u00ebvje\u00e7are. T\u00eb pakt\u00ebn n\u00eb k\u00ebt\u00eb moment. Po, ai e ka nj\u00eb dhom\u00eb p\u00ebr mua. \u201cPo p\u00ebr moto\u00e7iklet\u00ebn time? Ku mund ta l\u00eb at\u00eb\u201d. Ai tregon nj\u00eb hap\u00ebsir\u00eb parkingu, q\u00eb nuk \u00ebsht\u00eb e mbyllur, direkt pran\u00eb rrug\u00ebs. Hm\u2026 \u201cParkingu \u00ebsht\u00eb i sigurt\u201d, m\u00eb p\u00ebrs\u00ebrit ai. Shum\u00eb mir\u00eb. Dhoma \u00ebsht\u00eb e standardit t\u00eb mir\u00eb, e lir\u00eb dhe me aj\u00ebr t\u00eb kondicionuar.<\/p>\n<p>M\u00ebngjesin tjet\u00ebr udh\u00ebtoj p\u00ebrgjat\u00eb bregdetit p\u00ebr n\u00eb veri, drejt Vlor\u00ebs. Rruga e asfaltuar mir\u00eb gjarp\u00ebron mes fshatrave t\u00eb p\u00ebrgjumur. Nuk ka r\u00ebnd\u00ebsi se ku ndaloj, shoh gjithmon\u00eb fytyra miq\u00ebsore. Kur largohem, m\u00eb p\u00ebrsh\u00ebndesin, edhe pse nuk kemi shk\u00ebmbyer asnj\u00eb fjal\u00eb. Akoma jo. K\u00ebta njer\u00ebz jan\u00eb kurioz\u00eb, t\u00eb hapur, por jo t\u00eb bezdissh\u00ebm. Gjith\u00e7ka \u00ebsht\u00eb shum\u00eb e \u00e7lir\u00ebt. Shum\u00eb pak makina n\u00eb rrug\u00ebn bregdetare, por disa kafsh\u00eb.<\/p>\n<p><strong>Kafsh\u00eb e makina n\u00eb harmoni<\/strong><\/p>\n<p>Mendoj se kafsh\u00ebt m\u00eb t\u00eb lira duhet t\u00eb jetojn\u00eb n\u00eb Shqip\u00ebri. Lop\u00eb, derra, dhi, gomer\u00eb, t\u00eb gjith\u00eb jan\u00eb n\u00eb k\u00ebrkim t\u00eb ushqimit t\u00eb shijsh\u00ebm. Sapo pash\u00eb nj\u00eb gomar q\u00eb n\u00eb mes t\u00eb rrug\u00ebs zbuloi nj\u00eb pellg me uj\u00eb. Nj\u00eb kamion dukej nga larg dhe un\u00eb mbylla syt\u00eb menj\u00ebher\u00eb. Por shoferi e shmangu gomarin. Edhe ky i fundit e kuptoi dhe iku. Kafsh\u00ebt dhe makinat n\u00eb harmoni. Gjat\u00eb rrug\u00ebs ndaloj dhe b\u00ebj ndonj\u00eb fotografi.<\/p>\n<p>Vlora, nj\u00eb qytet i madh, por shum\u00eb pak makina n\u00eb rrug\u00eb. Tek- tuk sheh ndonj\u00eb semafor. Kalimtar\u00ebt kalojn\u00eb rrug\u00ebn kudo q\u00eb duan, moto\u00e7iklet\u00ebn time as nuk e marrin parasysh si automjet. Heshtje qiellore. N\u00eb nj\u00eb kiosk\u00eb pyes p\u00ebr rrug\u00ebn. Ku \u00ebsht\u00eb Fieri? Gjithmon\u00eb drejt, m\u00eb b\u00ebn me gjeste nj\u00eb grua duke qeshur. Kur hipi n\u00eb motorr, m\u00eb th\u00ebrret nga pas dhe m\u00eb p\u00ebrsh\u00ebndet me mir\u00ebsi. Sa gj\u00eb e mir\u00eb.<\/p>\n<p>Ngadal\u00eb arrij t\u00eb kuptoj se kuptimi i jet\u00ebs \u00ebsht\u00eb tek komunikimi me nj\u00ebri- tjetrin, si nj\u00eb m\u00ebnyr\u00eb p\u00ebr t\u00eb qen\u00eb reciprokisht t\u00eb lumtur. Dhe k\u00ebta njer\u00ebz q\u00eb takoj rrug\u00ebs, m\u00eb tregojn\u00eb mua se si b\u00ebhet kjo gj\u00eb, pavar\u00ebsisht barrierave t\u00eb gjuh\u00ebs. Kam akoma fuqi, nd\u00ebrsa dielli \u00ebsht\u00eb vendosur n\u00eb m\u00ebnyr\u00eb vertikale. Udh\u00ebtoj drejt Fierit. K\u00ebsaj here m\u00eb n\u00eb brend\u00ebsi t\u00eb vendit, drejt maleve. A jan\u00eb edhe aty miq\u00ebsor\u00eb? Ky \u00ebsht\u00eb mendimi q\u00eb kam n\u00eb kok\u00eb.<\/p>\n<p>Fieri \u00ebsht\u00eb nj\u00eb qytet i madh, por mua m\u00eb p\u00eblqejn\u00eb zonat rurale dhe vendos t\u00eb k\u00ebrkoj nj\u00eb vend n\u00eb fshatrat fqinje p\u00ebr t\u00eb pushuar. Nj\u00eb grua m\u00eb tha se gjasht\u00eb kilometra m\u00eb tej duhet t\u00eb ket\u00eb nj\u00eb hotel, duke m\u00eb ftuar p\u00ebr t\u00eb pir\u00eb nj\u00eb kafe s\u00eb bashku. Jo, m\u00eb vjen keq, dielli po per\u00ebndon dhe un\u00eb nuk udh\u00ebtoj n\u00eb err\u00ebsir\u00eb, mundohem ta sqaroj.<\/p>\n<p>Por bammmm. Motorri im nuk ndez. Edhe k\u00ebt\u00eb kisha mang\u00ebt. E di se \u00e7far\u00eb ka, por m\u00eb duhen nja dy or\u00eb p\u00ebr ta rregulluar. Nd\u00ebrkoh\u00eb dielli \u00ebsht\u00eb zhdukur dhe un\u00eb nuk kam ku t\u00eb kaloj nat\u00ebn. Shkoj tek sht\u00ebpia q\u00eb kam m\u00eb pran\u00eb dhe pyes n\u00ebn\u00ebn e moshuar q\u00eb m\u00eb del p\u00ebrpara n\u00ebse mund t\u00eb kaloj nat\u00ebn aty. Ajo kupton vet\u00ebm shqip. Dalin djemt\u00eb e saj dhe ua b\u00ebj pyetjen n\u00eb anglisht.<\/p>\n<p><strong>Nj\u00eb mikpritje e papritur<\/strong><\/p>\n<p>Ngurrojn\u00eb nj\u00eb sekond\u00eb, m\u00eb pas qeshin. \u201cPo, hajde brenda, do jesh mysafirja jon\u00eb\u201d. Moto\u00e7iklet\u00ebn e shtyjn\u00eb p\u00ebr n\u00eb oborr. Motra e tyre m\u00eb servir nj\u00eb kafe t\u00eb mrekullueshme. Babai dhe fqinj\u00ebt vijn\u00eb brenda. M\u00eb pyesin dhe u p\u00ebrgjigjem me qejf. Nga vjen? Ku shkon? A e je e martuar? A ke f\u00ebmij\u00eb? A do t\u00eb blesh nj\u00eb sht\u00ebpi n\u00eb Shqip\u00ebri? Ku punon? P\u00ebr \u00e7do pyetje e kam nj\u00eb p\u00ebrgjigje.<\/p>\n<p>P\u00ebr dark\u00eb sjellin produkte t\u00eb p\u00ebrgatitura vet\u00eb: kos, mish pule, vez\u00eb, gjith\u00e7ka nga oborri i fshatit. M\u00eb pas m\u00eb thon\u00eb q\u00eb t\u00eb fle n\u00eb dhom\u00eb me motr\u00ebn dhe fal\u00eb ajrit t\u00eb fresk\u00ebt gdhihem her\u00ebt n\u00eb m\u00ebngjes. Detyra e par\u00eb, t\u00eb rregulloj moto\u00e7iklet\u00ebn.<\/p>\n<p>Mikprit\u00ebsit e mi habiten. M\u00eb ftojn\u00eb p\u00ebr t\u00eb q\u00ebndruar akoma. Por un\u00eb duhet t\u00eb l\u00ebviz. Sot pendohem pse nuk q\u00ebndrova m\u00eb shum\u00eb.<\/p>\n","protected":false},"excerpt":{"rendered":"<p>TemA, 4 Gusht 2012 N\u00eb jug t\u00eb Karpateve, jetojn\u00eb t\u00eb tjer\u00ebt. Ne t\u00eb Transilvanis\u00eb jemi t\u00eb civilizuar. Nj\u00eb udh\u00ebtim me moto\u00e7iklet\u00eb dhe paragjykim n\u00eb fshatrat shqiptare Nga Christa Azzola *Ky shkrim \u00ebsht\u00eb botuar n\u00eb t\u00eb p\u00ebrditshmen e Berlinit, Tageszeitung Jam me moto\u00e7iklet\u00ebn time n\u00eb portin e Korfuzit. N\u00eb dor\u00eb kam nj\u00eb bilet\u00eb p\u00ebr tragetin q\u00eb [&hellip;]<\/p>\n","protected":false},"author":1,"featured_media":0,"comment_status":"open","ping_status":"closed","sticky":false,"template":"","format":"standard","meta":{"footnotes":""},"categories":[2],"tags":[],"class_list":{"0":"post-4180","1":"post","2":"type-post","3":"status-publish","4":"format-standard","6":"category-artikuj"},"yoast_head":"<!-- This site is optimized with the Yoast SEO plugin v27.4 - https:\/\/yoast.com\/product\/yoast-seo-wordpress\/ -->\n<title>REPORTAZH\/ Ku jetojn\u00eb t\u00eb egrit - FjALA e LIR\u00cb - Arkivi<\/title>\n<meta name=\"robots\" content=\"index, follow, max-snippet:-1, max-image-preview:large, max-video-preview:-1\" \/>\n<link rel=\"canonical\" href=\"https:\/\/fjala.info\/2009-2015\/reportazh-ku-jetojne-te-egrit\/\" \/>\n<meta property=\"og:locale\" content=\"sq_AL\" \/>\n<meta property=\"og:type\" content=\"article\" \/>\n<meta property=\"og:title\" content=\"REPORTAZH\/ Ku jetojn\u00eb t\u00eb egrit - FjALA e LIR\u00cb - Arkivi\" \/>\n<meta property=\"og:description\" content=\"TemA, 4 Gusht 2012 N\u00eb jug t\u00eb Karpateve, jetojn\u00eb t\u00eb tjer\u00ebt. Ne t\u00eb Transilvanis\u00eb jemi t\u00eb civilizuar. Nj\u00eb udh\u00ebtim me moto\u00e7iklet\u00eb dhe paragjykim n\u00eb fshatrat shqiptare Nga Christa Azzola *Ky shkrim \u00ebsht\u00eb botuar n\u00eb t\u00eb p\u00ebrditshmen e Berlinit, Tageszeitung Jam me moto\u00e7iklet\u00ebn time n\u00eb portin e Korfuzit. N\u00eb dor\u00eb kam nj\u00eb bilet\u00eb p\u00ebr tragetin q\u00eb [&hellip;]\" \/>\n<meta property=\"og:url\" content=\"https:\/\/fjala.info\/2009-2015\/reportazh-ku-jetojne-te-egrit\/\" \/>\n<meta property=\"og:site_name\" content=\"FjALA e LIR\u00cb - Arkivi\" \/>\n<meta property=\"article:published_time\" content=\"2012-08-05T05:55:46+00:00\" \/>\n<meta property=\"og:image\" content=\"http:\/\/www.fjala.info\/2012\/bregdet.jpg\" \/>\n<meta name=\"author\" content=\"admin\" \/>\n<meta name=\"twitter:card\" content=\"summary_large_image\" \/>\n<meta name=\"twitter:label1\" content=\"Written by\" \/>\n\t<meta name=\"twitter:data1\" content=\"admin\" \/>\n\t<meta name=\"twitter:label2\" content=\"Est. reading time\" \/>\n\t<meta name=\"twitter:data2\" content=\"6 minutes\" \/>\n<script type=\"application\/ld+json\" class=\"yoast-schema-graph\">{\"@context\":\"https:\\\/\\\/schema.org\",\"@graph\":[{\"@type\":\"Article\",\"@id\":\"https:\\\/\\\/fjala.info\\\/2009-2015\\\/reportazh-ku-jetojne-te-egrit\\\/#article\",\"isPartOf\":{\"@id\":\"https:\\\/\\\/fjala.info\\\/2009-2015\\\/reportazh-ku-jetojne-te-egrit\\\/\"},\"author\":{\"name\":\"admin\",\"@id\":\"https:\\\/\\\/fjala.info\\\/2009-2015\\\/#\\\/schema\\\/person\\\/3aa1163ef05469c496fc94e77611ada2\"},\"headline\":\"REPORTAZH\\\/ Ku jetojn\u00eb t\u00eb egrit\",\"datePublished\":\"2012-08-05T05:55:46+00:00\",\"mainEntityOfPage\":{\"@id\":\"https:\\\/\\\/fjala.info\\\/2009-2015\\\/reportazh-ku-jetojne-te-egrit\\\/\"},\"wordCount\":1225,\"commentCount\":0,\"publisher\":{\"@id\":\"https:\\\/\\\/fjala.info\\\/2009-2015\\\/#organization\"},\"image\":{\"@id\":\"https:\\\/\\\/fjala.info\\\/2009-2015\\\/reportazh-ku-jetojne-te-egrit\\\/#primaryimage\"},\"thumbnailUrl\":\"http:\\\/\\\/www.fjala.info\\\/2012\\\/bregdet.jpg\",\"articleSection\":[\"Artikuj\"],\"inLanguage\":\"sq-AL\",\"potentialAction\":[{\"@type\":\"CommentAction\",\"name\":\"Comment\",\"target\":[\"https:\\\/\\\/fjala.info\\\/2009-2015\\\/reportazh-ku-jetojne-te-egrit\\\/#respond\"]}]},{\"@type\":\"WebPage\",\"@id\":\"https:\\\/\\\/fjala.info\\\/2009-2015\\\/reportazh-ku-jetojne-te-egrit\\\/\",\"url\":\"https:\\\/\\\/fjala.info\\\/2009-2015\\\/reportazh-ku-jetojne-te-egrit\\\/\",\"name\":\"REPORTAZH\\\/ Ku jetojn\u00eb t\u00eb egrit - FjALA e LIR\u00cb - Arkivi\",\"isPartOf\":{\"@id\":\"https:\\\/\\\/fjala.info\\\/2009-2015\\\/#website\"},\"primaryImageOfPage\":{\"@id\":\"https:\\\/\\\/fjala.info\\\/2009-2015\\\/reportazh-ku-jetojne-te-egrit\\\/#primaryimage\"},\"image\":{\"@id\":\"https:\\\/\\\/fjala.info\\\/2009-2015\\\/reportazh-ku-jetojne-te-egrit\\\/#primaryimage\"},\"thumbnailUrl\":\"http:\\\/\\\/www.fjala.info\\\/2012\\\/bregdet.jpg\",\"datePublished\":\"2012-08-05T05:55:46+00:00\",\"breadcrumb\":{\"@id\":\"https:\\\/\\\/fjala.info\\\/2009-2015\\\/reportazh-ku-jetojne-te-egrit\\\/#breadcrumb\"},\"inLanguage\":\"sq-AL\",\"potentialAction\":[{\"@type\":\"ReadAction\",\"target\":[\"https:\\\/\\\/fjala.info\\\/2009-2015\\\/reportazh-ku-jetojne-te-egrit\\\/\"]}]},{\"@type\":\"ImageObject\",\"inLanguage\":\"sq-AL\",\"@id\":\"https:\\\/\\\/fjala.info\\\/2009-2015\\\/reportazh-ku-jetojne-te-egrit\\\/#primaryimage\",\"url\":\"http:\\\/\\\/www.fjala.info\\\/2012\\\/bregdet.jpg\",\"contentUrl\":\"http:\\\/\\\/www.fjala.info\\\/2012\\\/bregdet.jpg\"},{\"@type\":\"BreadcrumbList\",\"@id\":\"https:\\\/\\\/fjala.info\\\/2009-2015\\\/reportazh-ku-jetojne-te-egrit\\\/#breadcrumb\",\"itemListElement\":[{\"@type\":\"ListItem\",\"position\":1,\"name\":\"Home\",\"item\":\"https:\\\/\\\/fjala.info\\\/2009-2015\\\/\"},{\"@type\":\"ListItem\",\"position\":2,\"name\":\"REPORTAZH\\\/ Ku jetojn\u00eb t\u00eb egrit\"}]},{\"@type\":\"WebSite\",\"@id\":\"https:\\\/\\\/fjala.info\\\/2009-2015\\\/#website\",\"url\":\"https:\\\/\\\/fjala.info\\\/2009-2015\\\/\",\"name\":\"FjALA e LIR\u00cb - Arkivi\",\"description\":\"Arkivi 2009-2015\",\"publisher\":{\"@id\":\"https:\\\/\\\/fjala.info\\\/2009-2015\\\/#organization\"},\"potentialAction\":[{\"@type\":\"SearchAction\",\"target\":{\"@type\":\"EntryPoint\",\"urlTemplate\":\"https:\\\/\\\/fjala.info\\\/2009-2015\\\/?s={search_term_string}\"},\"query-input\":{\"@type\":\"PropertyValueSpecification\",\"valueRequired\":true,\"valueName\":\"search_term_string\"}}],\"inLanguage\":\"sq-AL\"},{\"@type\":\"Organization\",\"@id\":\"https:\\\/\\\/fjala.info\\\/2009-2015\\\/#organization\",\"name\":\"FjALA e LIR\u00cb - Arkivi\",\"url\":\"https:\\\/\\\/fjala.info\\\/2009-2015\\\/\",\"logo\":{\"@type\":\"ImageObject\",\"inLanguage\":\"sq-AL\",\"@id\":\"https:\\\/\\\/fjala.info\\\/2009-2015\\\/#\\\/schema\\\/logo\\\/image\\\/\",\"url\":\"\",\"contentUrl\":\"\",\"caption\":\"FjALA e LIR\u00cb - Arkivi\"},\"image\":{\"@id\":\"https:\\\/\\\/fjala.info\\\/2009-2015\\\/#\\\/schema\\\/logo\\\/image\\\/\"}},{\"@type\":\"Person\",\"@id\":\"https:\\\/\\\/fjala.info\\\/2009-2015\\\/#\\\/schema\\\/person\\\/3aa1163ef05469c496fc94e77611ada2\",\"name\":\"admin\",\"image\":{\"@type\":\"ImageObject\",\"inLanguage\":\"sq-AL\",\"@id\":\"https:\\\/\\\/fjala.info\\\/2009-2015\\\/wp-content\\\/uploads\\\/2012\\\/02\\\/arben_cokaj-120x150.jpg\",\"url\":\"https:\\\/\\\/fjala.info\\\/2009-2015\\\/wp-content\\\/uploads\\\/2012\\\/02\\\/arben_cokaj-120x150.jpg\",\"contentUrl\":\"https:\\\/\\\/fjala.info\\\/2009-2015\\\/wp-content\\\/uploads\\\/2012\\\/02\\\/arben_cokaj-120x150.jpg\",\"caption\":\"admin\"},\"description\":\"Admin, Fjala e Lir\u00eb\",\"sameAs\":[\"https:\\\/\\\/fjala.info\\\/\"],\"url\":\"https:\\\/\\\/fjala.info\\\/2009-2015\\\/author\\\/admin\\\/\"}]}<\/script>\n<!-- \/ Yoast SEO plugin. -->","yoast_head_json":{"title":"REPORTAZH\/ Ku jetojn\u00eb t\u00eb egrit - FjALA e LIR\u00cb - Arkivi","robots":{"index":"index","follow":"follow","max-snippet":"max-snippet:-1","max-image-preview":"max-image-preview:large","max-video-preview":"max-video-preview:-1"},"canonical":"https:\/\/fjala.info\/2009-2015\/reportazh-ku-jetojne-te-egrit\/","og_locale":"sq_AL","og_type":"article","og_title":"REPORTAZH\/ Ku jetojn\u00eb t\u00eb egrit - FjALA e LIR\u00cb - Arkivi","og_description":"TemA, 4 Gusht 2012 N\u00eb jug t\u00eb Karpateve, jetojn\u00eb t\u00eb tjer\u00ebt. Ne t\u00eb Transilvanis\u00eb jemi t\u00eb civilizuar. Nj\u00eb udh\u00ebtim me moto\u00e7iklet\u00eb dhe paragjykim n\u00eb fshatrat shqiptare Nga Christa Azzola *Ky shkrim \u00ebsht\u00eb botuar n\u00eb t\u00eb p\u00ebrditshmen e Berlinit, Tageszeitung Jam me moto\u00e7iklet\u00ebn time n\u00eb portin e Korfuzit. N\u00eb dor\u00eb kam nj\u00eb bilet\u00eb p\u00ebr tragetin q\u00eb [&hellip;]","og_url":"https:\/\/fjala.info\/2009-2015\/reportazh-ku-jetojne-te-egrit\/","og_site_name":"FjALA e LIR\u00cb - Arkivi","article_published_time":"2012-08-05T05:55:46+00:00","og_image":[{"url":"http:\/\/www.fjala.info\/2012\/bregdet.jpg","type":"","width":"","height":""}],"author":"admin","twitter_card":"summary_large_image","twitter_misc":{"Written by":"admin","Est. reading time":"6 minutes"},"schema":{"@context":"https:\/\/schema.org","@graph":[{"@type":"Article","@id":"https:\/\/fjala.info\/2009-2015\/reportazh-ku-jetojne-te-egrit\/#article","isPartOf":{"@id":"https:\/\/fjala.info\/2009-2015\/reportazh-ku-jetojne-te-egrit\/"},"author":{"name":"admin","@id":"https:\/\/fjala.info\/2009-2015\/#\/schema\/person\/3aa1163ef05469c496fc94e77611ada2"},"headline":"REPORTAZH\/ Ku jetojn\u00eb t\u00eb egrit","datePublished":"2012-08-05T05:55:46+00:00","mainEntityOfPage":{"@id":"https:\/\/fjala.info\/2009-2015\/reportazh-ku-jetojne-te-egrit\/"},"wordCount":1225,"commentCount":0,"publisher":{"@id":"https:\/\/fjala.info\/2009-2015\/#organization"},"image":{"@id":"https:\/\/fjala.info\/2009-2015\/reportazh-ku-jetojne-te-egrit\/#primaryimage"},"thumbnailUrl":"http:\/\/www.fjala.info\/2012\/bregdet.jpg","articleSection":["Artikuj"],"inLanguage":"sq-AL","potentialAction":[{"@type":"CommentAction","name":"Comment","target":["https:\/\/fjala.info\/2009-2015\/reportazh-ku-jetojne-te-egrit\/#respond"]}]},{"@type":"WebPage","@id":"https:\/\/fjala.info\/2009-2015\/reportazh-ku-jetojne-te-egrit\/","url":"https:\/\/fjala.info\/2009-2015\/reportazh-ku-jetojne-te-egrit\/","name":"REPORTAZH\/ Ku jetojn\u00eb t\u00eb egrit - FjALA e LIR\u00cb - Arkivi","isPartOf":{"@id":"https:\/\/fjala.info\/2009-2015\/#website"},"primaryImageOfPage":{"@id":"https:\/\/fjala.info\/2009-2015\/reportazh-ku-jetojne-te-egrit\/#primaryimage"},"image":{"@id":"https:\/\/fjala.info\/2009-2015\/reportazh-ku-jetojne-te-egrit\/#primaryimage"},"thumbnailUrl":"http:\/\/www.fjala.info\/2012\/bregdet.jpg","datePublished":"2012-08-05T05:55:46+00:00","breadcrumb":{"@id":"https:\/\/fjala.info\/2009-2015\/reportazh-ku-jetojne-te-egrit\/#breadcrumb"},"inLanguage":"sq-AL","potentialAction":[{"@type":"ReadAction","target":["https:\/\/fjala.info\/2009-2015\/reportazh-ku-jetojne-te-egrit\/"]}]},{"@type":"ImageObject","inLanguage":"sq-AL","@id":"https:\/\/fjala.info\/2009-2015\/reportazh-ku-jetojne-te-egrit\/#primaryimage","url":"http:\/\/www.fjala.info\/2012\/bregdet.jpg","contentUrl":"http:\/\/www.fjala.info\/2012\/bregdet.jpg"},{"@type":"BreadcrumbList","@id":"https:\/\/fjala.info\/2009-2015\/reportazh-ku-jetojne-te-egrit\/#breadcrumb","itemListElement":[{"@type":"ListItem","position":1,"name":"Home","item":"https:\/\/fjala.info\/2009-2015\/"},{"@type":"ListItem","position":2,"name":"REPORTAZH\/ Ku jetojn\u00eb t\u00eb egrit"}]},{"@type":"WebSite","@id":"https:\/\/fjala.info\/2009-2015\/#website","url":"https:\/\/fjala.info\/2009-2015\/","name":"FjALA e LIR\u00cb - Arkivi","description":"Arkivi 2009-2015","publisher":{"@id":"https:\/\/fjala.info\/2009-2015\/#organization"},"potentialAction":[{"@type":"SearchAction","target":{"@type":"EntryPoint","urlTemplate":"https:\/\/fjala.info\/2009-2015\/?s={search_term_string}"},"query-input":{"@type":"PropertyValueSpecification","valueRequired":true,"valueName":"search_term_string"}}],"inLanguage":"sq-AL"},{"@type":"Organization","@id":"https:\/\/fjala.info\/2009-2015\/#organization","name":"FjALA e LIR\u00cb - Arkivi","url":"https:\/\/fjala.info\/2009-2015\/","logo":{"@type":"ImageObject","inLanguage":"sq-AL","@id":"https:\/\/fjala.info\/2009-2015\/#\/schema\/logo\/image\/","url":"","contentUrl":"","caption":"FjALA e LIR\u00cb - Arkivi"},"image":{"@id":"https:\/\/fjala.info\/2009-2015\/#\/schema\/logo\/image\/"}},{"@type":"Person","@id":"https:\/\/fjala.info\/2009-2015\/#\/schema\/person\/3aa1163ef05469c496fc94e77611ada2","name":"admin","image":{"@type":"ImageObject","inLanguage":"sq-AL","@id":"https:\/\/fjala.info\/2009-2015\/wp-content\/uploads\/2012\/02\/arben_cokaj-120x150.jpg","url":"https:\/\/fjala.info\/2009-2015\/wp-content\/uploads\/2012\/02\/arben_cokaj-120x150.jpg","contentUrl":"https:\/\/fjala.info\/2009-2015\/wp-content\/uploads\/2012\/02\/arben_cokaj-120x150.jpg","caption":"admin"},"description":"Admin, Fjala e Lir\u00eb","sameAs":["https:\/\/fjala.info\/"],"url":"https:\/\/fjala.info\/2009-2015\/author\/admin\/"}]}},"_links":{"self":[{"href":"https:\/\/fjala.info\/2009-2015\/wp-json\/wp\/v2\/posts\/4180","targetHints":{"allow":["GET"]}}],"collection":[{"href":"https:\/\/fjala.info\/2009-2015\/wp-json\/wp\/v2\/posts"}],"about":[{"href":"https:\/\/fjala.info\/2009-2015\/wp-json\/wp\/v2\/types\/post"}],"author":[{"embeddable":true,"href":"https:\/\/fjala.info\/2009-2015\/wp-json\/wp\/v2\/users\/1"}],"replies":[{"embeddable":true,"href":"https:\/\/fjala.info\/2009-2015\/wp-json\/wp\/v2\/comments?post=4180"}],"version-history":[{"count":0,"href":"https:\/\/fjala.info\/2009-2015\/wp-json\/wp\/v2\/posts\/4180\/revisions"}],"wp:attachment":[{"href":"https:\/\/fjala.info\/2009-2015\/wp-json\/wp\/v2\/media?parent=4180"}],"wp:term":[{"taxonomy":"category","embeddable":true,"href":"https:\/\/fjala.info\/2009-2015\/wp-json\/wp\/v2\/categories?post=4180"},{"taxonomy":"post_tag","embeddable":true,"href":"https:\/\/fjala.info\/2009-2015\/wp-json\/wp\/v2\/tags?post=4180"}],"curies":[{"name":"wp","href":"https:\/\/api.w.org\/{rel}","templated":true}]}}