{"id":4176,"date":"2012-08-04T08:11:32","date_gmt":"2012-08-04T07:11:32","guid":{"rendered":"http:\/\/www.fjala.info\/?p=4176"},"modified":"2012-08-04T08:11:32","modified_gmt":"2012-08-04T07:11:32","slug":"ky-regjim-mundet-me-vota-por-votat-duhen-mbledhur","status":"publish","type":"post","link":"https:\/\/fjala.info\/2009-2015\/ky-regjim-mundet-me-vota-por-votat-duhen-mbledhur\/","title":{"rendered":"Ky regjim mundet me vota; por votat duhen mbledhur"},"content":{"rendered":"<p><img decoding=\"async\" class=\"alignleft size-thumbnail wp-image-7236\" title=\"Votimet\" src=\"http:\/\/www.fjala.info\/2012\/votimet.jpg\" alt=\"\" width=\"300\" \/> Nga <strong>Mustafa Nano<\/strong>, <em>3 gusht 2012<\/em><\/p>\n<p>Regjimin e Tiran\u00ebs mund ta mundim n\u00eb kutit\u00eb e votimit. Fakti q\u00eb ky regjim po mbahet m\u00eb k\u00ebmb\u00eb me ndihm\u00ebn e partive t\u00eb tjera, do t\u00eb thot\u00eb se trukimit t\u00eb rezultatit i \u00ebsht\u00eb besuar deri n\u00eb nj\u00eb far\u00eb pike. Sikur, fjala vjen, diferenca mes Ram\u00ebs e Bash\u00ebs t\u00eb mos ish dhjet\u00eb vota, por treqind, n\u00eb zgjedhjet administrative t\u00eb 8 majit 2010, edhe nj\u00eb ushtri Ristan\u00ebsh do t\u00eb dilte e pavlefshme dhe e pamjaftueshme p\u00ebr ta ndryshuar rezultatin. Prandaj, ideja se Berisha ka p\u00ebr t\u2019i vjedhur se s\u2019b\u00ebn zgjedhjet e vitit t\u00eb ardhsh\u00ebm \u00ebsht\u00eb e pabaz\u00eb, dhe kapitullante. Ai do t\u2019i p\u00ebrdor\u00eb, sigurisht, t\u00eb gjitha mjetet q\u00eb ka n\u00eb dor\u00eb p\u00ebr ta trukuar sa t\u00eb mundet rezultatin, por kjo rrug\u00eb nuk i jep garanci. Cila \u00ebsht\u00eb rruga tjet\u00ebr? \u00cbsht\u00eb krijimi i nj\u00eb koalicioni sa m\u00eb t\u00eb gjer\u00eb elektoral. Dhe duhet th\u00ebn\u00eb se Berisha beson m\u00eb shum\u00eb te ky \u2018truk\u2019, se sa te truku i vjedhjes s\u00eb zgjedhjeve.<\/p>\n<p>E keni v\u00ebn\u00eb re? N\u00ebse ky \u2018truk\u2019 rrezikohet, apo b\u00ebhet i pamundur, d.m.th. n\u00ebse partit\u00eb e tjera t\u00eb vogla t\u00eb koalicionit qeveris\u00ebs hedhin vickla e b\u00ebjn\u00eb rolin e ku\u00e7k\u00ebs, duke iu vardisur n\u00eb t\u00eb nj\u00ebjt\u00ebn koh\u00eb edhe Ram\u00ebs p\u00ebr t\u00eb rritur pazarin, Berisha b\u00ebhet keq. E pam\u00eb sesi u b\u00eb, kur doli lajmi i takimit t\u00eb Lal\u00ebzit, e kur Ilir Meta po jepte shenja se edhe mund ta braktiste. I iku fytyra krejt; dhe t\u00eb vet\u00ebt u mek\u00ebn fare. Por shum\u00eb shpejt e kuptoi se \u00e7\u2019duhej b\u00ebr\u00eb: duhej rinegociuar \u00e7mimi i ri i LSI-s\u00eb. \u00cbsht\u00eb nj\u00eb proces rinegocimi q\u00eb ka filluar e do t\u00eb mbaroj\u00eb para zgjedhjeve, por \u00ebsht\u00eb nj\u00eb proces q\u00eb Berisha di ta mbaj\u00eb n\u00ebn kontroll. Ai ka avantazhin se n\u00eb k\u00ebto negociata s\u2019ka asgj\u00eb p\u00ebr t\u00eb humbur. Ai mund t\u2019i jap\u00eb pa t\u00eb keq Met\u00ebs, Idrizit, Mediut, Ndok\u00ebs etj., at\u00eb q\u00eb ata k\u00ebrkojn\u00eb. Ka kosto n\u00eb qeverisjen e ardhshme kjo gj\u00eb? Atij aq i b\u00ebn.<\/p>\n<p>Objektivi i tij \u00ebsht\u00eb t\u00eb rrij\u00eb n\u00eb pushtet, e jo t\u00eb qeveris\u00eb, dhe ky fakt ka p\u00ebrb\u00ebr\u00eb n\u00eb negociata t\u00eb tilla nj\u00eb avantazh t\u00eb tijin n\u00eb raport me Ram\u00ebn; ky i fundit, deri para pak koh\u00ebsh (sakt\u00ebsisht, deri n\u00eb zgjedhjet e 8 majit, kur humbi bashkin\u00eb thjesht p\u00ebr shkak t\u00eb refuzimit prej snobi q\u00eb i b\u00ebri Hysni Milloshit), jetonte me shpres\u00ebn se mund ta merrte i vet\u00ebm, kund\u00ebr t\u00eb gjith\u00ebve, pushtetin. Tani nuk mendon k\u00ebshtu. Zgjedhjet e ardhshme jan\u00eb shansi i fundit p\u00ebr Ram\u00ebn. N\u00ebse humbet, do t\u00eb largohet (kuptohet, n\u00ebse \u00ebsht\u00eb i lir\u00eb t\u00eb marr\u00eb vendime, n\u00ebse e ka veten n\u00eb dor\u00eb, e n\u00ebse nuk \u00ebsht\u00eb krejt i marrosur pas pushtetit), e p\u00ebr t\u00eb shmangur nj\u00eb situat\u00eb k\u00ebsodore, i duhet t\u00eb fitoj\u00eb me \u00e7do kusht. E n\u00eb k\u00ebt\u00eb kuptim, ndeshja e ardhshme elektorale do t\u00eb jet\u00eb nj\u00eb duel njer\u00ebzish t\u00eb d\u00ebshp\u00ebruar, q\u00eb t\u00eb vetmin program \u2018qeveris\u00ebs\u2019 kan\u00eb fitoren me \u00e7do kusht.<\/p>\n<p>Thash\u00eb pak m\u00eb sip\u00ebr se Berisha ka dy rrug\u00eb p\u00ebr t\u00eb shpresuar fitoren: 1. T\u00eb vjedh\u00eb zgjedhjet; dhe 2. T\u00eb futet n\u00eb zgjedhje me nj\u00eb koalicion sa m\u00eb t\u00eb gjer\u00eb n\u00eb pik\u00ebpamje numerike. Sa m\u00eb shum\u00eb i ngushtohet rruga e par\u00eb, aq m\u00eb shum\u00eb i duhet t\u00eb zgjeroj\u00eb rrug\u00ebn e dyt\u00eb, e prandaj ai p\u00ebrpiqet t\u2019i mbaj\u00eb af\u00ebr ata q\u00eb i ka t\u00eb vet\u00ebt e t\u00eb ndjell\u00eb t\u00eb tjer\u00eb q\u00eb jan\u00eb af\u00ebr Ram\u00ebs. Nuk e ka t\u00eb leht\u00eb, pasi nuk \u00ebsht\u00eb se t\u00eb gjitha partit\u00eb e vogla mund t\u00eb rrin\u00eb bashk\u00eb n\u00eb nj\u00eb koalicion, por Berisha ka dh\u00ebn\u00eb prova se \u00ebsht\u00eb nj\u00eb alkimist i mir\u00eb.<\/p>\n<p>Po Rama sa rrug\u00eb ka? Rama nuk ka n\u00eb dor\u00eb t\u00eb vjedh\u00eb zgjedhjet, por ai ka dy rrug\u00eb, gjithashtu: 1. T\u00eb krijoj\u00eb nj\u00eb frym\u00eb nacionale, e cila t\u00eb mobilizoj\u00eb t\u00eb gjith\u00eb ata q\u00eb s\u2019kan\u00eb asnj\u00eb lidhje me regjimin e t\u00eb v\u00ebr\u00eb p\u00ebrpara t\u00eb gjith\u00eb ata q\u00eb jan\u00eb t\u00eb lidhur me regjimin; dhe 2. T\u00eb futet n\u00eb zgjedhje \u2013 jemi te rruga 2 e Berish\u00ebs \u2013 me nj\u00eb koalicion sa m\u00eb t\u00eb gjer\u00eb n\u00eb pik\u00ebpamje numerike. T\u00eb par\u00ebn, Rama nuk e b\u00ebn dot. N\u00eb Shqip\u00ebri ka nevoj\u00eb p\u00ebr nj\u00eb leader q\u00eb mund t\u00eb krijoj\u00eb nj\u00eb frym\u00eb antiregjim, por Rama nuk \u00ebsht\u00eb leader-i q\u00eb mund ta b\u00ebj\u00eb k\u00ebt\u00eb gj\u00eb. Rama \u00ebsht\u00eb nj\u00eb politikan q\u00eb ka d\u00ebshmuar, ashtu si t\u00eb fuqishmit e tjer\u00eb t\u00eb k\u00ebtij vendi, se s\u2019ka skrupuj e parime. At\u00ebher\u00eb mbetet vet\u00ebm rruga e dyt\u00eb. E prandaj, t\u00eb dyve, Ram\u00ebs e Berish\u00ebs, do t\u2019u duhet t\u00eb hahen n\u00eb t\u00eb nj\u00ebjt\u00ebn fush\u00eb e me t\u00eb nj\u00ebjtat arm\u00eb. Kush do t\u00eb krijoj\u00eb koalicionin m\u00eb t\u00eb madh, do t\u00eb fitoj\u00eb zgjedhjet.<\/p>\n<p>Deri para ca koh\u00ebsh, ideja q\u00eb mund t\u00eb vinte n\u00eb pushtet e t\u00eb t\u00ebrhiqej zvarr\u00eb nga tekat e Met\u00ebs, Nok\u00ebs, Idrizit, Gjinushit, Milos etj., e b\u00ebnte Ram\u00ebn t\u00eb mendonte se \u201cm\u00eb mir\u00eb t\u2019mos e kesh nj\u00eb pushtet, sesa ta marr\u00ebsh e ta l\u00ebsh n\u00eb dor\u00eb t\u00eb vicklave t\u00eb ca njer\u00ebzve, me t\u00eb cil\u00ebt s\u2019t\u00eb lidh ndonj\u00eb gj\u00eb e madhe\u201d. K\u00ebt\u00eb e mendonte, t\u00eb kuptohemi, ngaq\u00eb kish nj\u00eb siguri se do t\u00eb fitonte, e jo ngaq\u00eb, si nj\u00eb shtetar i mir\u00eb, ish i merakosur p\u00ebr fatin e qeverisjes s\u00eb ardhshme. Mir\u00ebpo, Rama nuk \u00ebsht\u00eb m\u00eb ai i pari. Tani nuk \u00ebsht\u00eb se dremit m\u00eb mbi sigurira t\u00eb tilla. P\u00ebrkundrazi, n\u00ebse ka nj\u00eb gj\u00eb q\u00eb s\u2019e mendon m\u00eb, kjo \u00ebsht\u00eb ardhja n\u00eb pushtet i vet\u00ebm. \u00cbsht\u00eb duke menduar bash t\u00eb kund\u00ebrt\u00ebn. E \u00ebsht\u00eb duke punuar p\u00ebr t\u00eb. Deri para ca koh\u00ebsh ndihej i bezdisur nga ideja e bashk\u00ebpunimit dhe e ndarjes s\u00eb pushtetit me t\u00eb tjer\u00eb.<\/p>\n<p>Nd\u00ebrsa tani kjo ide, jo vet\u00ebm q\u00eb nuk i shkakton asnj\u00eb lloj problemi e sikleti, por e ka b\u00ebr\u00eb t\u00eb hapur e kooperativ. Atij i duhet t\u00eb fitoj\u00eb, e fitorja arrihet duke mbledhur \u00e7do vot\u00eb t\u00eb mundshme. Dhe kuptohet, n\u00eb k\u00ebto rrethana, meraku p\u00ebr nj\u00eb qeverisje t\u00eb nes\u00ebrme \u00ebsht\u00eb nj\u00eb luks q\u00eb Edi Rama s\u2019mund t\u2019ia lejoj\u00eb vetes, n\u2019da\u00e7i p\u00ebr nj\u00eb dispozicion t\u00eb vetin amoral, n\u2019da\u00e7i p\u00ebr nj\u00eb hesap elektoral, n\u2019da\u00e7i p\u00ebr nj\u00eb axhend\u00eb politike t\u00eb emergjenc\u00ebs q\u00eb ka ky vend (jemi n\u00ebn hyqmin e nj\u00eb satrapi marrok).<\/p>\n<p>E bukura \u00ebsht\u00eb se, sikur t\u00eb mos jet\u00eb mjaft kjo t\u00ebrheqje morale q\u00eb kemi pranuar, apo kemi inkurajuar, nj\u00eb pyetje mbetet, prap\u00ebseprap\u00eb: \u00cbsht\u00eb n\u00eb gjendje Rama t\u00eb krijoj\u00eb karvanin elektoral q\u00eb lipset p\u00ebr t\u2019u ballafaquar me satrapin marrok? Un\u00eb personalisht ende nuk kam nj\u00eb p\u00ebrgjigje p\u00ebr k\u00ebt\u00eb.<\/p>\n","protected":false},"excerpt":{"rendered":"<p>Nga Mustafa Nano, 3 gusht 2012 Regjimin e Tiran\u00ebs mund ta mundim n\u00eb kutit\u00eb e votimit. Fakti q\u00eb ky regjim po mbahet m\u00eb k\u00ebmb\u00eb me ndihm\u00ebn e partive t\u00eb tjera, do t\u00eb thot\u00eb se trukimit t\u00eb rezultatit i \u00ebsht\u00eb besuar deri n\u00eb nj\u00eb far\u00eb pike. Sikur, fjala vjen, diferenca mes Ram\u00ebs e Bash\u00ebs t\u00eb mos [&hellip;]<\/p>\n","protected":false},"author":1,"featured_media":0,"comment_status":"open","ping_status":"closed","sticky":false,"template":"","format":"standard","meta":{"footnotes":""},"categories":[2],"tags":[],"class_list":{"0":"post-4176","1":"post","2":"type-post","3":"status-publish","4":"format-standard","6":"category-artikuj"},"yoast_head":"<!-- This site is optimized with the Yoast SEO plugin v27.4 - https:\/\/yoast.com\/product\/yoast-seo-wordpress\/ -->\n<title>Ky regjim mundet me vota; por votat duhen mbledhur - FjALA e LIR\u00cb - Arkivi<\/title>\n<meta name=\"robots\" content=\"index, follow, max-snippet:-1, max-image-preview:large, max-video-preview:-1\" \/>\n<link rel=\"canonical\" href=\"https:\/\/fjala.info\/2009-2015\/ky-regjim-mundet-me-vota-por-votat-duhen-mbledhur\/\" \/>\n<meta property=\"og:locale\" content=\"sq_AL\" \/>\n<meta property=\"og:type\" content=\"article\" \/>\n<meta property=\"og:title\" content=\"Ky regjim mundet me vota; por votat duhen mbledhur - FjALA e LIR\u00cb - Arkivi\" \/>\n<meta property=\"og:description\" content=\"Nga Mustafa Nano, 3 gusht 2012 Regjimin e Tiran\u00ebs mund ta mundim n\u00eb kutit\u00eb e votimit. Fakti q\u00eb ky regjim po mbahet m\u00eb k\u00ebmb\u00eb me ndihm\u00ebn e partive t\u00eb tjera, do t\u00eb thot\u00eb se trukimit t\u00eb rezultatit i \u00ebsht\u00eb besuar deri n\u00eb nj\u00eb far\u00eb pike. Sikur, fjala vjen, diferenca mes Ram\u00ebs e Bash\u00ebs t\u00eb mos [&hellip;]\" \/>\n<meta property=\"og:url\" content=\"https:\/\/fjala.info\/2009-2015\/ky-regjim-mundet-me-vota-por-votat-duhen-mbledhur\/\" \/>\n<meta property=\"og:site_name\" content=\"FjALA e LIR\u00cb - Arkivi\" \/>\n<meta property=\"article:published_time\" content=\"2012-08-04T07:11:32+00:00\" \/>\n<meta property=\"og:image\" content=\"http:\/\/www.fjala.info\/2012\/votimet.jpg\" \/>\n<meta name=\"author\" content=\"admin\" \/>\n<meta name=\"twitter:card\" content=\"summary_large_image\" \/>\n<meta name=\"twitter:label1\" content=\"Written by\" \/>\n\t<meta name=\"twitter:data1\" content=\"admin\" \/>\n\t<meta name=\"twitter:label2\" content=\"Est. reading time\" \/>\n\t<meta name=\"twitter:data2\" content=\"6 minutes\" \/>\n<script type=\"application\/ld+json\" class=\"yoast-schema-graph\">{\"@context\":\"https:\\\/\\\/schema.org\",\"@graph\":[{\"@type\":\"Article\",\"@id\":\"https:\\\/\\\/fjala.info\\\/2009-2015\\\/ky-regjim-mundet-me-vota-por-votat-duhen-mbledhur\\\/#article\",\"isPartOf\":{\"@id\":\"https:\\\/\\\/fjala.info\\\/2009-2015\\\/ky-regjim-mundet-me-vota-por-votat-duhen-mbledhur\\\/\"},\"author\":{\"name\":\"admin\",\"@id\":\"https:\\\/\\\/fjala.info\\\/2009-2015\\\/#\\\/schema\\\/person\\\/3aa1163ef05469c496fc94e77611ada2\"},\"headline\":\"Ky regjim mundet me vota; por votat duhen mbledhur\",\"datePublished\":\"2012-08-04T07:11:32+00:00\",\"mainEntityOfPage\":{\"@id\":\"https:\\\/\\\/fjala.info\\\/2009-2015\\\/ky-regjim-mundet-me-vota-por-votat-duhen-mbledhur\\\/\"},\"wordCount\":1183,\"commentCount\":0,\"publisher\":{\"@id\":\"https:\\\/\\\/fjala.info\\\/2009-2015\\\/#organization\"},\"image\":{\"@id\":\"https:\\\/\\\/fjala.info\\\/2009-2015\\\/ky-regjim-mundet-me-vota-por-votat-duhen-mbledhur\\\/#primaryimage\"},\"thumbnailUrl\":\"http:\\\/\\\/www.fjala.info\\\/2012\\\/votimet.jpg\",\"articleSection\":[\"Artikuj\"],\"inLanguage\":\"sq-AL\",\"potentialAction\":[{\"@type\":\"CommentAction\",\"name\":\"Comment\",\"target\":[\"https:\\\/\\\/fjala.info\\\/2009-2015\\\/ky-regjim-mundet-me-vota-por-votat-duhen-mbledhur\\\/#respond\"]}]},{\"@type\":\"WebPage\",\"@id\":\"https:\\\/\\\/fjala.info\\\/2009-2015\\\/ky-regjim-mundet-me-vota-por-votat-duhen-mbledhur\\\/\",\"url\":\"https:\\\/\\\/fjala.info\\\/2009-2015\\\/ky-regjim-mundet-me-vota-por-votat-duhen-mbledhur\\\/\",\"name\":\"Ky regjim mundet me vota; por votat duhen mbledhur - FjALA e LIR\u00cb - Arkivi\",\"isPartOf\":{\"@id\":\"https:\\\/\\\/fjala.info\\\/2009-2015\\\/#website\"},\"primaryImageOfPage\":{\"@id\":\"https:\\\/\\\/fjala.info\\\/2009-2015\\\/ky-regjim-mundet-me-vota-por-votat-duhen-mbledhur\\\/#primaryimage\"},\"image\":{\"@id\":\"https:\\\/\\\/fjala.info\\\/2009-2015\\\/ky-regjim-mundet-me-vota-por-votat-duhen-mbledhur\\\/#primaryimage\"},\"thumbnailUrl\":\"http:\\\/\\\/www.fjala.info\\\/2012\\\/votimet.jpg\",\"datePublished\":\"2012-08-04T07:11:32+00:00\",\"breadcrumb\":{\"@id\":\"https:\\\/\\\/fjala.info\\\/2009-2015\\\/ky-regjim-mundet-me-vota-por-votat-duhen-mbledhur\\\/#breadcrumb\"},\"inLanguage\":\"sq-AL\",\"potentialAction\":[{\"@type\":\"ReadAction\",\"target\":[\"https:\\\/\\\/fjala.info\\\/2009-2015\\\/ky-regjim-mundet-me-vota-por-votat-duhen-mbledhur\\\/\"]}]},{\"@type\":\"ImageObject\",\"inLanguage\":\"sq-AL\",\"@id\":\"https:\\\/\\\/fjala.info\\\/2009-2015\\\/ky-regjim-mundet-me-vota-por-votat-duhen-mbledhur\\\/#primaryimage\",\"url\":\"http:\\\/\\\/www.fjala.info\\\/2012\\\/votimet.jpg\",\"contentUrl\":\"http:\\\/\\\/www.fjala.info\\\/2012\\\/votimet.jpg\"},{\"@type\":\"BreadcrumbList\",\"@id\":\"https:\\\/\\\/fjala.info\\\/2009-2015\\\/ky-regjim-mundet-me-vota-por-votat-duhen-mbledhur\\\/#breadcrumb\",\"itemListElement\":[{\"@type\":\"ListItem\",\"position\":1,\"name\":\"Home\",\"item\":\"https:\\\/\\\/fjala.info\\\/2009-2015\\\/\"},{\"@type\":\"ListItem\",\"position\":2,\"name\":\"Ky regjim mundet me vota; por votat duhen mbledhur\"}]},{\"@type\":\"WebSite\",\"@id\":\"https:\\\/\\\/fjala.info\\\/2009-2015\\\/#website\",\"url\":\"https:\\\/\\\/fjala.info\\\/2009-2015\\\/\",\"name\":\"FjALA e LIR\u00cb - Arkivi\",\"description\":\"Arkivi 2009-2015\",\"publisher\":{\"@id\":\"https:\\\/\\\/fjala.info\\\/2009-2015\\\/#organization\"},\"potentialAction\":[{\"@type\":\"SearchAction\",\"target\":{\"@type\":\"EntryPoint\",\"urlTemplate\":\"https:\\\/\\\/fjala.info\\\/2009-2015\\\/?s={search_term_string}\"},\"query-input\":{\"@type\":\"PropertyValueSpecification\",\"valueRequired\":true,\"valueName\":\"search_term_string\"}}],\"inLanguage\":\"sq-AL\"},{\"@type\":\"Organization\",\"@id\":\"https:\\\/\\\/fjala.info\\\/2009-2015\\\/#organization\",\"name\":\"FjALA e LIR\u00cb - Arkivi\",\"url\":\"https:\\\/\\\/fjala.info\\\/2009-2015\\\/\",\"logo\":{\"@type\":\"ImageObject\",\"inLanguage\":\"sq-AL\",\"@id\":\"https:\\\/\\\/fjala.info\\\/2009-2015\\\/#\\\/schema\\\/logo\\\/image\\\/\",\"url\":\"\",\"contentUrl\":\"\",\"caption\":\"FjALA e LIR\u00cb - Arkivi\"},\"image\":{\"@id\":\"https:\\\/\\\/fjala.info\\\/2009-2015\\\/#\\\/schema\\\/logo\\\/image\\\/\"}},{\"@type\":\"Person\",\"@id\":\"https:\\\/\\\/fjala.info\\\/2009-2015\\\/#\\\/schema\\\/person\\\/3aa1163ef05469c496fc94e77611ada2\",\"name\":\"admin\",\"image\":{\"@type\":\"ImageObject\",\"inLanguage\":\"sq-AL\",\"@id\":\"https:\\\/\\\/fjala.info\\\/2009-2015\\\/wp-content\\\/uploads\\\/2012\\\/02\\\/arben_cokaj-120x150.jpg\",\"url\":\"https:\\\/\\\/fjala.info\\\/2009-2015\\\/wp-content\\\/uploads\\\/2012\\\/02\\\/arben_cokaj-120x150.jpg\",\"contentUrl\":\"https:\\\/\\\/fjala.info\\\/2009-2015\\\/wp-content\\\/uploads\\\/2012\\\/02\\\/arben_cokaj-120x150.jpg\",\"caption\":\"admin\"},\"description\":\"Admin, Fjala e Lir\u00eb\",\"sameAs\":[\"https:\\\/\\\/fjala.info\\\/\"],\"url\":\"https:\\\/\\\/fjala.info\\\/2009-2015\\\/author\\\/admin\\\/\"}]}<\/script>\n<!-- \/ Yoast SEO plugin. -->","yoast_head_json":{"title":"Ky regjim mundet me vota; por votat duhen mbledhur - FjALA e LIR\u00cb - Arkivi","robots":{"index":"index","follow":"follow","max-snippet":"max-snippet:-1","max-image-preview":"max-image-preview:large","max-video-preview":"max-video-preview:-1"},"canonical":"https:\/\/fjala.info\/2009-2015\/ky-regjim-mundet-me-vota-por-votat-duhen-mbledhur\/","og_locale":"sq_AL","og_type":"article","og_title":"Ky regjim mundet me vota; por votat duhen mbledhur - FjALA e LIR\u00cb - Arkivi","og_description":"Nga Mustafa Nano, 3 gusht 2012 Regjimin e Tiran\u00ebs mund ta mundim n\u00eb kutit\u00eb e votimit. Fakti q\u00eb ky regjim po mbahet m\u00eb k\u00ebmb\u00eb me ndihm\u00ebn e partive t\u00eb tjera, do t\u00eb thot\u00eb se trukimit t\u00eb rezultatit i \u00ebsht\u00eb besuar deri n\u00eb nj\u00eb far\u00eb pike. Sikur, fjala vjen, diferenca mes Ram\u00ebs e Bash\u00ebs t\u00eb mos [&hellip;]","og_url":"https:\/\/fjala.info\/2009-2015\/ky-regjim-mundet-me-vota-por-votat-duhen-mbledhur\/","og_site_name":"FjALA e LIR\u00cb - Arkivi","article_published_time":"2012-08-04T07:11:32+00:00","og_image":[{"url":"http:\/\/www.fjala.info\/2012\/votimet.jpg","type":"","width":"","height":""}],"author":"admin","twitter_card":"summary_large_image","twitter_misc":{"Written by":"admin","Est. reading time":"6 minutes"},"schema":{"@context":"https:\/\/schema.org","@graph":[{"@type":"Article","@id":"https:\/\/fjala.info\/2009-2015\/ky-regjim-mundet-me-vota-por-votat-duhen-mbledhur\/#article","isPartOf":{"@id":"https:\/\/fjala.info\/2009-2015\/ky-regjim-mundet-me-vota-por-votat-duhen-mbledhur\/"},"author":{"name":"admin","@id":"https:\/\/fjala.info\/2009-2015\/#\/schema\/person\/3aa1163ef05469c496fc94e77611ada2"},"headline":"Ky regjim mundet me vota; por votat duhen mbledhur","datePublished":"2012-08-04T07:11:32+00:00","mainEntityOfPage":{"@id":"https:\/\/fjala.info\/2009-2015\/ky-regjim-mundet-me-vota-por-votat-duhen-mbledhur\/"},"wordCount":1183,"commentCount":0,"publisher":{"@id":"https:\/\/fjala.info\/2009-2015\/#organization"},"image":{"@id":"https:\/\/fjala.info\/2009-2015\/ky-regjim-mundet-me-vota-por-votat-duhen-mbledhur\/#primaryimage"},"thumbnailUrl":"http:\/\/www.fjala.info\/2012\/votimet.jpg","articleSection":["Artikuj"],"inLanguage":"sq-AL","potentialAction":[{"@type":"CommentAction","name":"Comment","target":["https:\/\/fjala.info\/2009-2015\/ky-regjim-mundet-me-vota-por-votat-duhen-mbledhur\/#respond"]}]},{"@type":"WebPage","@id":"https:\/\/fjala.info\/2009-2015\/ky-regjim-mundet-me-vota-por-votat-duhen-mbledhur\/","url":"https:\/\/fjala.info\/2009-2015\/ky-regjim-mundet-me-vota-por-votat-duhen-mbledhur\/","name":"Ky regjim mundet me vota; por votat duhen mbledhur - FjALA e LIR\u00cb - Arkivi","isPartOf":{"@id":"https:\/\/fjala.info\/2009-2015\/#website"},"primaryImageOfPage":{"@id":"https:\/\/fjala.info\/2009-2015\/ky-regjim-mundet-me-vota-por-votat-duhen-mbledhur\/#primaryimage"},"image":{"@id":"https:\/\/fjala.info\/2009-2015\/ky-regjim-mundet-me-vota-por-votat-duhen-mbledhur\/#primaryimage"},"thumbnailUrl":"http:\/\/www.fjala.info\/2012\/votimet.jpg","datePublished":"2012-08-04T07:11:32+00:00","breadcrumb":{"@id":"https:\/\/fjala.info\/2009-2015\/ky-regjim-mundet-me-vota-por-votat-duhen-mbledhur\/#breadcrumb"},"inLanguage":"sq-AL","potentialAction":[{"@type":"ReadAction","target":["https:\/\/fjala.info\/2009-2015\/ky-regjim-mundet-me-vota-por-votat-duhen-mbledhur\/"]}]},{"@type":"ImageObject","inLanguage":"sq-AL","@id":"https:\/\/fjala.info\/2009-2015\/ky-regjim-mundet-me-vota-por-votat-duhen-mbledhur\/#primaryimage","url":"http:\/\/www.fjala.info\/2012\/votimet.jpg","contentUrl":"http:\/\/www.fjala.info\/2012\/votimet.jpg"},{"@type":"BreadcrumbList","@id":"https:\/\/fjala.info\/2009-2015\/ky-regjim-mundet-me-vota-por-votat-duhen-mbledhur\/#breadcrumb","itemListElement":[{"@type":"ListItem","position":1,"name":"Home","item":"https:\/\/fjala.info\/2009-2015\/"},{"@type":"ListItem","position":2,"name":"Ky regjim mundet me vota; por votat duhen mbledhur"}]},{"@type":"WebSite","@id":"https:\/\/fjala.info\/2009-2015\/#website","url":"https:\/\/fjala.info\/2009-2015\/","name":"FjALA e LIR\u00cb - Arkivi","description":"Arkivi 2009-2015","publisher":{"@id":"https:\/\/fjala.info\/2009-2015\/#organization"},"potentialAction":[{"@type":"SearchAction","target":{"@type":"EntryPoint","urlTemplate":"https:\/\/fjala.info\/2009-2015\/?s={search_term_string}"},"query-input":{"@type":"PropertyValueSpecification","valueRequired":true,"valueName":"search_term_string"}}],"inLanguage":"sq-AL"},{"@type":"Organization","@id":"https:\/\/fjala.info\/2009-2015\/#organization","name":"FjALA e LIR\u00cb - Arkivi","url":"https:\/\/fjala.info\/2009-2015\/","logo":{"@type":"ImageObject","inLanguage":"sq-AL","@id":"https:\/\/fjala.info\/2009-2015\/#\/schema\/logo\/image\/","url":"","contentUrl":"","caption":"FjALA e LIR\u00cb - Arkivi"},"image":{"@id":"https:\/\/fjala.info\/2009-2015\/#\/schema\/logo\/image\/"}},{"@type":"Person","@id":"https:\/\/fjala.info\/2009-2015\/#\/schema\/person\/3aa1163ef05469c496fc94e77611ada2","name":"admin","image":{"@type":"ImageObject","inLanguage":"sq-AL","@id":"https:\/\/fjala.info\/2009-2015\/wp-content\/uploads\/2012\/02\/arben_cokaj-120x150.jpg","url":"https:\/\/fjala.info\/2009-2015\/wp-content\/uploads\/2012\/02\/arben_cokaj-120x150.jpg","contentUrl":"https:\/\/fjala.info\/2009-2015\/wp-content\/uploads\/2012\/02\/arben_cokaj-120x150.jpg","caption":"admin"},"description":"Admin, Fjala e Lir\u00eb","sameAs":["https:\/\/fjala.info\/"],"url":"https:\/\/fjala.info\/2009-2015\/author\/admin\/"}]}},"_links":{"self":[{"href":"https:\/\/fjala.info\/2009-2015\/wp-json\/wp\/v2\/posts\/4176","targetHints":{"allow":["GET"]}}],"collection":[{"href":"https:\/\/fjala.info\/2009-2015\/wp-json\/wp\/v2\/posts"}],"about":[{"href":"https:\/\/fjala.info\/2009-2015\/wp-json\/wp\/v2\/types\/post"}],"author":[{"embeddable":true,"href":"https:\/\/fjala.info\/2009-2015\/wp-json\/wp\/v2\/users\/1"}],"replies":[{"embeddable":true,"href":"https:\/\/fjala.info\/2009-2015\/wp-json\/wp\/v2\/comments?post=4176"}],"version-history":[{"count":0,"href":"https:\/\/fjala.info\/2009-2015\/wp-json\/wp\/v2\/posts\/4176\/revisions"}],"wp:attachment":[{"href":"https:\/\/fjala.info\/2009-2015\/wp-json\/wp\/v2\/media?parent=4176"}],"wp:term":[{"taxonomy":"category","embeddable":true,"href":"https:\/\/fjala.info\/2009-2015\/wp-json\/wp\/v2\/categories?post=4176"},{"taxonomy":"post_tag","embeddable":true,"href":"https:\/\/fjala.info\/2009-2015\/wp-json\/wp\/v2\/tags?post=4176"}],"curies":[{"name":"wp","href":"https:\/\/api.w.org\/{rel}","templated":true}]}}