{"id":4174,"date":"2012-08-03T08:04:07","date_gmt":"2012-08-03T07:04:07","guid":{"rendered":"http:\/\/www.fjala.info\/?p=4174"},"modified":"2012-08-03T08:04:07","modified_gmt":"2012-08-03T07:04:07","slug":"kukan-beneluksin-ballkanik-e-frenon-ideja-e-shqiperise-se-madhe","status":"publish","type":"post","link":"https:\/\/fjala.info\/2009-2015\/kukan-beneluksin-ballkanik-e-frenon-ideja-e-shqiperise-se-madhe\/","title":{"rendered":"Kukan: &#8220;Beneluksin ballkanik e frenon ideja e Shqip\u00ebris\u00eb s\u00eb Madhe&#8221;"},"content":{"rendered":"<p><img decoding=\"async\" class=\"alignright size-thumbnail wp-image-7236\" title=\"Eduard Kukan\" src=\"http:\/\/www.fjala.info\/2012\/eduard_kukan.gif\" alt=\"\" width=\"300\" \/>&#8220;<em>N\u00ebse do t\u00eb flisnim p\u00ebr nj\u00ebfar\u00eb strukture formale apo organizate, aty jam skeptik, se a \u00ebsht\u00eb kjo e mundur<\/em>.&#8221;<\/p>\n<p><em>BRATISLLAV\u00cb<\/em> &#8211; Eurodeputeti sllovak Eduard Kukan ka vler\u00ebsuar se ideja e formalizimit t\u00eb bashk\u00ebpunimit t\u00eb disa vendeve t\u00eb Ballkanit Per\u00ebndimor n\u00eb nj\u00eb lloj Beneluksi ballkanik \u00ebsht\u00eb joreal.<\/p>\n<p>Ai ka th\u00ebn\u00eb se her\u00ebt a von\u00eb do t\u00eb shtrohej problemi i statusit t\u00eb Kosov\u00ebs, transmeton Qik-u njoftimin. Sipas vler\u00ebsimit t\u00eb tij, k\u00ebt\u00eb ide e frenon edhe frika e krijimit t\u00eb Shqip\u00ebris\u00eb s\u00eb Madhe.<\/p>\n<p>\u201cN\u00ebse do t\u00eb flisnim p\u00ebr nj\u00ebfar\u00eb strukture formale apo organizate, aty jam skeptik, se a \u00ebsht\u00eb kjo e mundur. Nj\u00eb propozim i till\u00eb gjithmon\u00eb do t\u00eb shkaktoj\u00eb droj\u00ebn e shteteve fqinje nga krijimi Shqip\u00ebris\u00eb s\u00eb Madhe. Kjo \u00ebsht\u00eb nj\u00eb tem\u00eb e ndjeshme. P\u00ebr shkak se sot n\u00eb Parlamentin e Kosov\u00ebs \u00ebsht\u00eb l\u00ebvizja shum\u00eb popullore Vet\u00ebvendosje cila shum\u00eb hapur flet p\u00ebr Shqip\u00ebrin\u00eb e Madhe\u201d, ka th\u00ebn\u00eb Kukan p\u00ebr agjencin\u00eb sllovake t\u00eb lajmeve TASR.<\/p>\n<p><em>MA<\/em><\/p>\n","protected":false},"excerpt":{"rendered":"<p>&#8220;N\u00ebse do t\u00eb flisnim p\u00ebr nj\u00ebfar\u00eb strukture formale apo organizate, aty jam skeptik, se a \u00ebsht\u00eb kjo e mundur.&#8221; BRATISLLAV\u00cb &#8211; Eurodeputeti sllovak Eduard Kukan ka vler\u00ebsuar se ideja e formalizimit t\u00eb bashk\u00ebpunimit t\u00eb disa vendeve t\u00eb Ballkanit Per\u00ebndimor n\u00eb nj\u00eb lloj Beneluksi ballkanik \u00ebsht\u00eb joreal. Ai ka th\u00ebn\u00eb se her\u00ebt a von\u00eb do t\u00eb [&hellip;]<\/p>\n","protected":false},"author":1,"featured_media":0,"comment_status":"open","ping_status":"closed","sticky":false,"template":"","format":"standard","meta":{"footnotes":""},"categories":[2,5],"tags":[],"class_list":{"0":"post-4174","1":"post","2":"type-post","3":"status-publish","4":"format-standard","6":"category-artikuj","7":"category-lajme"},"yoast_head":"<!-- This site is optimized with the Yoast SEO plugin v27.4 - https:\/\/yoast.com\/product\/yoast-seo-wordpress\/ -->\n<title>Kukan: &quot;Beneluksin ballkanik e frenon ideja e Shqip\u00ebris\u00eb s\u00eb Madhe&quot; - FjALA e LIR\u00cb - Arkivi<\/title>\n<meta name=\"robots\" content=\"index, follow, max-snippet:-1, max-image-preview:large, max-video-preview:-1\" \/>\n<link rel=\"canonical\" href=\"https:\/\/fjala.info\/2009-2015\/kukan-beneluksin-ballkanik-e-frenon-ideja-e-shqiperise-se-madhe\/\" \/>\n<meta property=\"og:locale\" content=\"sq_AL\" \/>\n<meta property=\"og:type\" content=\"article\" \/>\n<meta property=\"og:title\" content=\"Kukan: &quot;Beneluksin ballkanik e frenon ideja e Shqip\u00ebris\u00eb s\u00eb Madhe&quot; - FjALA e LIR\u00cb - Arkivi\" \/>\n<meta property=\"og:description\" content=\"&#8220;N\u00ebse do t\u00eb flisnim p\u00ebr nj\u00ebfar\u00eb strukture formale apo organizate, aty jam skeptik, se a \u00ebsht\u00eb kjo e mundur.&#8221; BRATISLLAV\u00cb &#8211; Eurodeputeti sllovak Eduard Kukan ka vler\u00ebsuar se ideja e formalizimit t\u00eb bashk\u00ebpunimit t\u00eb disa vendeve t\u00eb Ballkanit Per\u00ebndimor n\u00eb nj\u00eb lloj Beneluksi ballkanik \u00ebsht\u00eb joreal. Ai ka th\u00ebn\u00eb se her\u00ebt a von\u00eb do t\u00eb [&hellip;]\" \/>\n<meta property=\"og:url\" content=\"https:\/\/fjala.info\/2009-2015\/kukan-beneluksin-ballkanik-e-frenon-ideja-e-shqiperise-se-madhe\/\" \/>\n<meta property=\"og:site_name\" content=\"FjALA e LIR\u00cb - Arkivi\" \/>\n<meta property=\"article:published_time\" content=\"2012-08-03T07:04:07+00:00\" \/>\n<meta property=\"og:image\" content=\"http:\/\/www.fjala.info\/2012\/eduard_kukan.gif\" \/>\n<meta name=\"author\" content=\"admin\" \/>\n<meta name=\"twitter:card\" content=\"summary_large_image\" \/>\n<meta name=\"twitter:label1\" content=\"Written by\" \/>\n\t<meta name=\"twitter:data1\" content=\"admin\" \/>\n\t<meta name=\"twitter:label2\" content=\"Est. reading time\" \/>\n\t<meta name=\"twitter:data2\" content=\"1 minute\" \/>\n<script type=\"application\/ld+json\" class=\"yoast-schema-graph\">{\"@context\":\"https:\\\/\\\/schema.org\",\"@graph\":[{\"@type\":\"Article\",\"@id\":\"https:\\\/\\\/fjala.info\\\/2009-2015\\\/kukan-beneluksin-ballkanik-e-frenon-ideja-e-shqiperise-se-madhe\\\/#article\",\"isPartOf\":{\"@id\":\"https:\\\/\\\/fjala.info\\\/2009-2015\\\/kukan-beneluksin-ballkanik-e-frenon-ideja-e-shqiperise-se-madhe\\\/\"},\"author\":{\"name\":\"admin\",\"@id\":\"https:\\\/\\\/fjala.info\\\/2009-2015\\\/#\\\/schema\\\/person\\\/3aa1163ef05469c496fc94e77611ada2\"},\"headline\":\"Kukan: &#8220;Beneluksin ballkanik e frenon ideja e Shqip\u00ebris\u00eb s\u00eb Madhe&#8221;\",\"datePublished\":\"2012-08-03T07:04:07+00:00\",\"mainEntityOfPage\":{\"@id\":\"https:\\\/\\\/fjala.info\\\/2009-2015\\\/kukan-beneluksin-ballkanik-e-frenon-ideja-e-shqiperise-se-madhe\\\/\"},\"wordCount\":189,\"commentCount\":0,\"publisher\":{\"@id\":\"https:\\\/\\\/fjala.info\\\/2009-2015\\\/#organization\"},\"image\":{\"@id\":\"https:\\\/\\\/fjala.info\\\/2009-2015\\\/kukan-beneluksin-ballkanik-e-frenon-ideja-e-shqiperise-se-madhe\\\/#primaryimage\"},\"thumbnailUrl\":\"http:\\\/\\\/www.fjala.info\\\/2012\\\/eduard_kukan.gif\",\"articleSection\":[\"Artikuj\",\"Lajme\"],\"inLanguage\":\"sq-AL\",\"potentialAction\":[{\"@type\":\"CommentAction\",\"name\":\"Comment\",\"target\":[\"https:\\\/\\\/fjala.info\\\/2009-2015\\\/kukan-beneluksin-ballkanik-e-frenon-ideja-e-shqiperise-se-madhe\\\/#respond\"]}]},{\"@type\":\"WebPage\",\"@id\":\"https:\\\/\\\/fjala.info\\\/2009-2015\\\/kukan-beneluksin-ballkanik-e-frenon-ideja-e-shqiperise-se-madhe\\\/\",\"url\":\"https:\\\/\\\/fjala.info\\\/2009-2015\\\/kukan-beneluksin-ballkanik-e-frenon-ideja-e-shqiperise-se-madhe\\\/\",\"name\":\"Kukan: \\\"Beneluksin ballkanik e frenon ideja e Shqip\u00ebris\u00eb s\u00eb Madhe\\\" - FjALA e LIR\u00cb - Arkivi\",\"isPartOf\":{\"@id\":\"https:\\\/\\\/fjala.info\\\/2009-2015\\\/#website\"},\"primaryImageOfPage\":{\"@id\":\"https:\\\/\\\/fjala.info\\\/2009-2015\\\/kukan-beneluksin-ballkanik-e-frenon-ideja-e-shqiperise-se-madhe\\\/#primaryimage\"},\"image\":{\"@id\":\"https:\\\/\\\/fjala.info\\\/2009-2015\\\/kukan-beneluksin-ballkanik-e-frenon-ideja-e-shqiperise-se-madhe\\\/#primaryimage\"},\"thumbnailUrl\":\"http:\\\/\\\/www.fjala.info\\\/2012\\\/eduard_kukan.gif\",\"datePublished\":\"2012-08-03T07:04:07+00:00\",\"breadcrumb\":{\"@id\":\"https:\\\/\\\/fjala.info\\\/2009-2015\\\/kukan-beneluksin-ballkanik-e-frenon-ideja-e-shqiperise-se-madhe\\\/#breadcrumb\"},\"inLanguage\":\"sq-AL\",\"potentialAction\":[{\"@type\":\"ReadAction\",\"target\":[\"https:\\\/\\\/fjala.info\\\/2009-2015\\\/kukan-beneluksin-ballkanik-e-frenon-ideja-e-shqiperise-se-madhe\\\/\"]}]},{\"@type\":\"ImageObject\",\"inLanguage\":\"sq-AL\",\"@id\":\"https:\\\/\\\/fjala.info\\\/2009-2015\\\/kukan-beneluksin-ballkanik-e-frenon-ideja-e-shqiperise-se-madhe\\\/#primaryimage\",\"url\":\"http:\\\/\\\/www.fjala.info\\\/2012\\\/eduard_kukan.gif\",\"contentUrl\":\"http:\\\/\\\/www.fjala.info\\\/2012\\\/eduard_kukan.gif\"},{\"@type\":\"BreadcrumbList\",\"@id\":\"https:\\\/\\\/fjala.info\\\/2009-2015\\\/kukan-beneluksin-ballkanik-e-frenon-ideja-e-shqiperise-se-madhe\\\/#breadcrumb\",\"itemListElement\":[{\"@type\":\"ListItem\",\"position\":1,\"name\":\"Home\",\"item\":\"https:\\\/\\\/fjala.info\\\/2009-2015\\\/\"},{\"@type\":\"ListItem\",\"position\":2,\"name\":\"Kukan: &#8220;Beneluksin ballkanik e frenon ideja e Shqip\u00ebris\u00eb s\u00eb Madhe&#8221;\"}]},{\"@type\":\"WebSite\",\"@id\":\"https:\\\/\\\/fjala.info\\\/2009-2015\\\/#website\",\"url\":\"https:\\\/\\\/fjala.info\\\/2009-2015\\\/\",\"name\":\"FjALA e LIR\u00cb - Arkivi\",\"description\":\"Arkivi 2009-2015\",\"publisher\":{\"@id\":\"https:\\\/\\\/fjala.info\\\/2009-2015\\\/#organization\"},\"potentialAction\":[{\"@type\":\"SearchAction\",\"target\":{\"@type\":\"EntryPoint\",\"urlTemplate\":\"https:\\\/\\\/fjala.info\\\/2009-2015\\\/?s={search_term_string}\"},\"query-input\":{\"@type\":\"PropertyValueSpecification\",\"valueRequired\":true,\"valueName\":\"search_term_string\"}}],\"inLanguage\":\"sq-AL\"},{\"@type\":\"Organization\",\"@id\":\"https:\\\/\\\/fjala.info\\\/2009-2015\\\/#organization\",\"name\":\"FjALA e LIR\u00cb - Arkivi\",\"url\":\"https:\\\/\\\/fjala.info\\\/2009-2015\\\/\",\"logo\":{\"@type\":\"ImageObject\",\"inLanguage\":\"sq-AL\",\"@id\":\"https:\\\/\\\/fjala.info\\\/2009-2015\\\/#\\\/schema\\\/logo\\\/image\\\/\",\"url\":\"\",\"contentUrl\":\"\",\"caption\":\"FjALA e LIR\u00cb - Arkivi\"},\"image\":{\"@id\":\"https:\\\/\\\/fjala.info\\\/2009-2015\\\/#\\\/schema\\\/logo\\\/image\\\/\"}},{\"@type\":\"Person\",\"@id\":\"https:\\\/\\\/fjala.info\\\/2009-2015\\\/#\\\/schema\\\/person\\\/3aa1163ef05469c496fc94e77611ada2\",\"name\":\"admin\",\"image\":{\"@type\":\"ImageObject\",\"inLanguage\":\"sq-AL\",\"@id\":\"https:\\\/\\\/fjala.info\\\/2009-2015\\\/wp-content\\\/uploads\\\/2012\\\/02\\\/arben_cokaj-120x150.jpg\",\"url\":\"https:\\\/\\\/fjala.info\\\/2009-2015\\\/wp-content\\\/uploads\\\/2012\\\/02\\\/arben_cokaj-120x150.jpg\",\"contentUrl\":\"https:\\\/\\\/fjala.info\\\/2009-2015\\\/wp-content\\\/uploads\\\/2012\\\/02\\\/arben_cokaj-120x150.jpg\",\"caption\":\"admin\"},\"description\":\"Admin, Fjala e Lir\u00eb\",\"sameAs\":[\"https:\\\/\\\/fjala.info\\\/\"],\"url\":\"https:\\\/\\\/fjala.info\\\/2009-2015\\\/author\\\/admin\\\/\"}]}<\/script>\n<!-- \/ Yoast SEO plugin. -->","yoast_head_json":{"title":"Kukan: \"Beneluksin ballkanik e frenon ideja e Shqip\u00ebris\u00eb s\u00eb Madhe\" - FjALA e LIR\u00cb - Arkivi","robots":{"index":"index","follow":"follow","max-snippet":"max-snippet:-1","max-image-preview":"max-image-preview:large","max-video-preview":"max-video-preview:-1"},"canonical":"https:\/\/fjala.info\/2009-2015\/kukan-beneluksin-ballkanik-e-frenon-ideja-e-shqiperise-se-madhe\/","og_locale":"sq_AL","og_type":"article","og_title":"Kukan: \"Beneluksin ballkanik e frenon ideja e Shqip\u00ebris\u00eb s\u00eb Madhe\" - FjALA e LIR\u00cb - Arkivi","og_description":"&#8220;N\u00ebse do t\u00eb flisnim p\u00ebr nj\u00ebfar\u00eb strukture formale apo organizate, aty jam skeptik, se a \u00ebsht\u00eb kjo e mundur.&#8221; BRATISLLAV\u00cb &#8211; Eurodeputeti sllovak Eduard Kukan ka vler\u00ebsuar se ideja e formalizimit t\u00eb bashk\u00ebpunimit t\u00eb disa vendeve t\u00eb Ballkanit Per\u00ebndimor n\u00eb nj\u00eb lloj Beneluksi ballkanik \u00ebsht\u00eb joreal. Ai ka th\u00ebn\u00eb se her\u00ebt a von\u00eb do t\u00eb [&hellip;]","og_url":"https:\/\/fjala.info\/2009-2015\/kukan-beneluksin-ballkanik-e-frenon-ideja-e-shqiperise-se-madhe\/","og_site_name":"FjALA e LIR\u00cb - Arkivi","article_published_time":"2012-08-03T07:04:07+00:00","og_image":[{"url":"http:\/\/www.fjala.info\/2012\/eduard_kukan.gif","type":"","width":"","height":""}],"author":"admin","twitter_card":"summary_large_image","twitter_misc":{"Written by":"admin","Est. reading time":"1 minute"},"schema":{"@context":"https:\/\/schema.org","@graph":[{"@type":"Article","@id":"https:\/\/fjala.info\/2009-2015\/kukan-beneluksin-ballkanik-e-frenon-ideja-e-shqiperise-se-madhe\/#article","isPartOf":{"@id":"https:\/\/fjala.info\/2009-2015\/kukan-beneluksin-ballkanik-e-frenon-ideja-e-shqiperise-se-madhe\/"},"author":{"name":"admin","@id":"https:\/\/fjala.info\/2009-2015\/#\/schema\/person\/3aa1163ef05469c496fc94e77611ada2"},"headline":"Kukan: &#8220;Beneluksin ballkanik e frenon ideja e Shqip\u00ebris\u00eb s\u00eb Madhe&#8221;","datePublished":"2012-08-03T07:04:07+00:00","mainEntityOfPage":{"@id":"https:\/\/fjala.info\/2009-2015\/kukan-beneluksin-ballkanik-e-frenon-ideja-e-shqiperise-se-madhe\/"},"wordCount":189,"commentCount":0,"publisher":{"@id":"https:\/\/fjala.info\/2009-2015\/#organization"},"image":{"@id":"https:\/\/fjala.info\/2009-2015\/kukan-beneluksin-ballkanik-e-frenon-ideja-e-shqiperise-se-madhe\/#primaryimage"},"thumbnailUrl":"http:\/\/www.fjala.info\/2012\/eduard_kukan.gif","articleSection":["Artikuj","Lajme"],"inLanguage":"sq-AL","potentialAction":[{"@type":"CommentAction","name":"Comment","target":["https:\/\/fjala.info\/2009-2015\/kukan-beneluksin-ballkanik-e-frenon-ideja-e-shqiperise-se-madhe\/#respond"]}]},{"@type":"WebPage","@id":"https:\/\/fjala.info\/2009-2015\/kukan-beneluksin-ballkanik-e-frenon-ideja-e-shqiperise-se-madhe\/","url":"https:\/\/fjala.info\/2009-2015\/kukan-beneluksin-ballkanik-e-frenon-ideja-e-shqiperise-se-madhe\/","name":"Kukan: \"Beneluksin ballkanik e frenon ideja e Shqip\u00ebris\u00eb s\u00eb Madhe\" - FjALA e LIR\u00cb - Arkivi","isPartOf":{"@id":"https:\/\/fjala.info\/2009-2015\/#website"},"primaryImageOfPage":{"@id":"https:\/\/fjala.info\/2009-2015\/kukan-beneluksin-ballkanik-e-frenon-ideja-e-shqiperise-se-madhe\/#primaryimage"},"image":{"@id":"https:\/\/fjala.info\/2009-2015\/kukan-beneluksin-ballkanik-e-frenon-ideja-e-shqiperise-se-madhe\/#primaryimage"},"thumbnailUrl":"http:\/\/www.fjala.info\/2012\/eduard_kukan.gif","datePublished":"2012-08-03T07:04:07+00:00","breadcrumb":{"@id":"https:\/\/fjala.info\/2009-2015\/kukan-beneluksin-ballkanik-e-frenon-ideja-e-shqiperise-se-madhe\/#breadcrumb"},"inLanguage":"sq-AL","potentialAction":[{"@type":"ReadAction","target":["https:\/\/fjala.info\/2009-2015\/kukan-beneluksin-ballkanik-e-frenon-ideja-e-shqiperise-se-madhe\/"]}]},{"@type":"ImageObject","inLanguage":"sq-AL","@id":"https:\/\/fjala.info\/2009-2015\/kukan-beneluksin-ballkanik-e-frenon-ideja-e-shqiperise-se-madhe\/#primaryimage","url":"http:\/\/www.fjala.info\/2012\/eduard_kukan.gif","contentUrl":"http:\/\/www.fjala.info\/2012\/eduard_kukan.gif"},{"@type":"BreadcrumbList","@id":"https:\/\/fjala.info\/2009-2015\/kukan-beneluksin-ballkanik-e-frenon-ideja-e-shqiperise-se-madhe\/#breadcrumb","itemListElement":[{"@type":"ListItem","position":1,"name":"Home","item":"https:\/\/fjala.info\/2009-2015\/"},{"@type":"ListItem","position":2,"name":"Kukan: &#8220;Beneluksin ballkanik e frenon ideja e Shqip\u00ebris\u00eb s\u00eb Madhe&#8221;"}]},{"@type":"WebSite","@id":"https:\/\/fjala.info\/2009-2015\/#website","url":"https:\/\/fjala.info\/2009-2015\/","name":"FjALA e LIR\u00cb - Arkivi","description":"Arkivi 2009-2015","publisher":{"@id":"https:\/\/fjala.info\/2009-2015\/#organization"},"potentialAction":[{"@type":"SearchAction","target":{"@type":"EntryPoint","urlTemplate":"https:\/\/fjala.info\/2009-2015\/?s={search_term_string}"},"query-input":{"@type":"PropertyValueSpecification","valueRequired":true,"valueName":"search_term_string"}}],"inLanguage":"sq-AL"},{"@type":"Organization","@id":"https:\/\/fjala.info\/2009-2015\/#organization","name":"FjALA e LIR\u00cb - Arkivi","url":"https:\/\/fjala.info\/2009-2015\/","logo":{"@type":"ImageObject","inLanguage":"sq-AL","@id":"https:\/\/fjala.info\/2009-2015\/#\/schema\/logo\/image\/","url":"","contentUrl":"","caption":"FjALA e LIR\u00cb - Arkivi"},"image":{"@id":"https:\/\/fjala.info\/2009-2015\/#\/schema\/logo\/image\/"}},{"@type":"Person","@id":"https:\/\/fjala.info\/2009-2015\/#\/schema\/person\/3aa1163ef05469c496fc94e77611ada2","name":"admin","image":{"@type":"ImageObject","inLanguage":"sq-AL","@id":"https:\/\/fjala.info\/2009-2015\/wp-content\/uploads\/2012\/02\/arben_cokaj-120x150.jpg","url":"https:\/\/fjala.info\/2009-2015\/wp-content\/uploads\/2012\/02\/arben_cokaj-120x150.jpg","contentUrl":"https:\/\/fjala.info\/2009-2015\/wp-content\/uploads\/2012\/02\/arben_cokaj-120x150.jpg","caption":"admin"},"description":"Admin, Fjala e Lir\u00eb","sameAs":["https:\/\/fjala.info\/"],"url":"https:\/\/fjala.info\/2009-2015\/author\/admin\/"}]}},"_links":{"self":[{"href":"https:\/\/fjala.info\/2009-2015\/wp-json\/wp\/v2\/posts\/4174","targetHints":{"allow":["GET"]}}],"collection":[{"href":"https:\/\/fjala.info\/2009-2015\/wp-json\/wp\/v2\/posts"}],"about":[{"href":"https:\/\/fjala.info\/2009-2015\/wp-json\/wp\/v2\/types\/post"}],"author":[{"embeddable":true,"href":"https:\/\/fjala.info\/2009-2015\/wp-json\/wp\/v2\/users\/1"}],"replies":[{"embeddable":true,"href":"https:\/\/fjala.info\/2009-2015\/wp-json\/wp\/v2\/comments?post=4174"}],"version-history":[{"count":0,"href":"https:\/\/fjala.info\/2009-2015\/wp-json\/wp\/v2\/posts\/4174\/revisions"}],"wp:attachment":[{"href":"https:\/\/fjala.info\/2009-2015\/wp-json\/wp\/v2\/media?parent=4174"}],"wp:term":[{"taxonomy":"category","embeddable":true,"href":"https:\/\/fjala.info\/2009-2015\/wp-json\/wp\/v2\/categories?post=4174"},{"taxonomy":"post_tag","embeddable":true,"href":"https:\/\/fjala.info\/2009-2015\/wp-json\/wp\/v2\/tags?post=4174"}],"curies":[{"name":"wp","href":"https:\/\/api.w.org\/{rel}","templated":true}]}}