{"id":4173,"date":"2010-10-05T22:36:51","date_gmt":"2010-10-05T21:36:51","guid":{"rendered":"http:\/\/fjala.shkoder.net\/?p=4173"},"modified":"2010-10-05T22:36:51","modified_gmt":"2010-10-05T21:36:51","slug":"fazllic-ne-tirane-per-ankandin-e-liri-berishes-akuza-nga-ps","status":"publish","type":"post","link":"https:\/\/fjala.info\/2009-2015\/fazllic-ne-tirane-per-ankandin-e-liri-berishes-akuza-nga-ps\/","title":{"rendered":"Fazlli\u00e7 n\u00eb Tiran\u00eb p\u00ebr ankandin e Liri Berish\u00ebs, akuza nga PS"},"content":{"rendered":"<p><img loading=\"lazy\" decoding=\"async\" class=\"alignleft size-medium wp-image-4174\" title=\"Fazllic n\u00eb Tiran\u00eb\" src=\"http:\/\/fjala.shkoder.net\/wp-content\/uploads\/2010\/10\/fazllic_tirane-300x189.jpg\" alt=\"\" width=\"300\" height=\"189\" \/><\/p>\n<p><strong>Shekulli Online<\/strong>, <em>05.10.2010<\/em><\/p>\n<p>Damir Fazlli\u00e7, serbo-boshnjaku i njohur per publikun shqiptar, eshte rishfaqur ne Tirane duke ngritur serish tensionin politik.<\/p>\n<p>Fazllic ka ardhur ne Tirane dhe eshte vendosur n\u00eb hotel Sheraton, ku eshte pare me pas ne zhvillimin e mbr\u00ebmjes gala te ogranizuar nga fondacioni F\u00ebmij\u00ebt Shqiptar\u00eb &#8220;Domenick Scaglione&#8221;, i cili si\u00e7 dihet drejtohet nga bashk\u00ebshortja e kryeministrit Liri Berisha. (fotot ne FOTO GALERI)<br \/>\nKy aktivitet ka shkaktuar sot nje reagim te opozites, e cila ne nje konference per shtyp ka bere deklaraten e meposhtme:<\/p>\n<p>&#8220;&#8230;Mbr\u00ebm\u00eb n\u00eb dark\u00eb n\u00eb Hotel Sheraton \u00ebsht\u00eb b\u00ebr\u00eb nj\u00eb ankand ku kan\u00eb marr\u00eb pjes\u00eb njer\u00ebz t\u00eb pushtetit dhe t\u00eb oborrit t\u00eb pushtetit. N\u00eb k\u00ebt\u00eb aktivitet jan\u00eb shitur piktura t\u00eb ndryshme dhe kan\u00eb marr\u00eb pjes\u00eb tri kategori njer\u00ebzish: tri kategorit\u00eb e njer\u00ebzve q\u00eb sot praktikisht sundojn\u00eb, zhvatin e grabisin Shqip\u00ebrin\u00eb.<\/p>\n<p>Kategoria e par\u00eb e pjes\u00ebmarr\u00ebsve kan\u00eb qen\u00eb pjes\u00ebtar\u00ebt e familjes biologjike t\u00eb Sali Berish\u00ebs: vet\u00eb Sali Berisha, Liri Berisha, Argita Berisha, Jamarb\u00ebr Malltezi, Shk\u00eblzen Berisha dhe Shpresa Bre\u00e7ani q\u00eb \u00ebsht\u00eb b\u00ebr\u00eb e njohur vitet e fundit si eksperte kontab\u00ebl e Fazllicit, G\u00ebrdecit dhe s\u00eb fundi edhe e bizneseve t\u00eb mafiozit Prudentino.<\/p>\n<p>Kategoria e dyt\u00eb e pjes\u00ebmarr\u00ebsve kan\u00eb qen\u00eb ministrat e parave n\u00eb qeverin\u00eb Berisha:<br \/>\nIlir Meta, Lulzim Basha, Sokol Olldashi, Ridvan Bode, Arben Imami, Ferdinand Xhaferri.<\/p>\n<p>Kategoria e tret\u00eb qen\u00eb sekser\u00ebt e familjes Berisha: Albana Vokshi, Arjan Tartari, Damir Fazllic. Na mbetet vet\u00ebm t\u00eb pyesim organizuesit e ankandit n\u00ebse n\u00eb k\u00ebt\u00eb aktivitet ka qen\u00eb i pranish\u00ebm edhe sekseri tjet\u00ebr i familjes Rrahman Selmanllari dhe n\u00ebse jo mund\u00ebsisht t\u00eb na shpjegojn\u00eb se \u00e7&#8217;arsye madhore mund ta ket\u00eb shtyr\u00eb zotin Selmanllari t\u00eb mungoj\u00eb n\u00eb nj\u00eb aktivitet t\u00eb till\u00eb ku jan\u00eb mbledhur nga i pari tek i fundit t\u00eb gjith\u00eb njer\u00ebzit q\u00eb po privatizojn\u00eb e po zhvatin sot pasurit\u00eb publike t\u00eb shqiptar\u00ebve.<\/p>\n<p>U k\u00ebrkojm\u00eb po ashtu organizator\u00ebve t\u00eb k\u00ebtij ankandi t\u00eb b\u00ebjn\u00eb publike sesa piktura jan\u00eb shitur, me \u00e7far\u00eb vlere jan\u00eb shitur ato dhe s\u00eb fundi, t\u00eb deklarojn\u00eb origjin\u00ebn e parave me t\u00eb cilat jan\u00eb b\u00ebr\u00eb k\u00ebto blerje? &#8211; perfundon deklarata e PS-se e lexuar nga deputetja Gjermeni.<\/p>\n<p>Serbo-boshnjaku qe ushtron aktivetitet t\u00eb gjer\u00eb n\u00eb Shqiperi n\u00eb fush\u00ebn e naft\u00ebs dhe t\u00eb gazit, eshte pare te takohet ne kafen e Sheraton edhe me ish-gjeneralin e NATO-s, Uesli Klark. Nuk jane te pakte zerat ne Tirane qe kane folur shpesh per lidhje mes Fazllic dhe lobimit per hyrjen e Shqiperise ne NATO.<\/p>\n<p>I njohuri si miku i kryeministrit te Shqiperise, Damir Fazllic dhe gjenerali kane qendruar se bashku me shume se gjysem ore. Klark u terhoq nga posti qe mbante pas nd\u00ebrrimit t\u00eb administrat\u00ebs s\u00eb presidentit Klinton. N\u00eb prillin e vitit 2007, ai erdhi ne Shqiperi dhe takoi Sali Berishen, por kesaj rradhe si p\u00ebrfaq\u00ebsues i firm\u00ebs &#8220;Blancers Petrolium&#8221; qe interesohej p\u00ebr privazitimin e kompanis\u00eb shtet\u00ebrore t\u00eb nxjerrjes dhe perpunimit t\u00eb naft\u00ebs &#8220;ARMO&#8221;.<\/p>\n<p>Edhe Fazlli\u00e7, njihet per aktivitetin e tij ne Shqiperi n\u00eb fush\u00ebn e karburanteve n\u00ebp\u00ebrmjet fimr\u00ebs &#8220;Rompetrol&#8221; dhe shoqerise &#8220;PETROL SLOVENIA TIRANA WHOLESALE&#8221; ku mbesa e kryeministrit Shpresa Bre\u00e7ani, e perfolur edhe ne skandalin e fundit &#8220;Prudentino&#8221; figuron serish si eksperte kontab\u00ebl.<\/p>\n<p>Ne nje interviste ne TV Klan ne muajt kur emri i tij nisi te lakohet ne media, Fazllic tha se kishte arritur te bente 50 milion euro pasuri ne dy vjet aktivitet ne Shqiperi. Vete policia e shtetit e shoqeroi Damir Fazllicin ne aeroportin e Rinasit, kur ndaj tij u leshua nje urdher ndalimi nga prokuroria gjate qendrimit te tij te fundit ne Tirane. Kesaj here Fazllic nuk eshte shqetesuar ne viziten e tij te rradhes. Gjate protestave te opozites ne Kuvend per aferat e Fazllic me familjen Berisha, kryeministri i vendit deklaroi publikisht se e kishte mik shtepie dhe se do ta sillte ne Kuvend nese akuzat vazhdonin. Fazllic eshte cituar te kete marre pjese deri edhe ne mbledhje te Keshillit te Sigurimit ne Tirane, gje qe ka shkaktuar akuza te reja nga opozita.<\/p>\n<p>Nderkohe edhe kompania serbe e energjis\u00eb &#8220;Rudnap&#8221;, n\u00eb pron\u00ebsi t\u00eb biznesmenit serbo-boshnjak Damir Fazlli\u00e7, ka rilidhur kontrat\u00eb p\u00ebr 2010 me KESH-in p\u00ebr blerjen e energjis\u00eb, ne janar te ketij viti, pikerisht ne kulmin e skandalit te permbytjeve ne Veri nga tejmbushja e Fierzes.<\/p>\n<p>Ne 29 janar te ketij viti KESH b\u00ebri publik faktin se ka siguruara kontratat p\u00ebr eksport gjat\u00eb muajit shkurt me tre kompani, ku Rudnap pritet t\u00eb blej\u00eb afro 17% t\u00eb energjis\u00eb s\u00eb prodhuar n\u00eb vend, duke konfirmuar n\u00eb k\u00ebt\u00eb m\u00ebnyr\u00eb marr\u00ebdh\u00ebnien e pand\u00ebrprer\u00eb mes k\u00ebsaj kompanie dhe qeveris\u00eb shqiptare. Kompania serbe RUDNAP ka q\u00ebn\u00eb bler\u00ebsi m\u00eb i madh i energjis\u00eb shqiptare.<\/p>\n<p>Gjat\u00eb muajit n\u00ebntor e deri m\u00eb dat\u00eb 30 dhjetor te vitit te kaluar, ndodhen &#8220;levizjet&#8221; me nivelin e Fierzes qe sollen permbytjet e mepasme dhe rrezikuan shkaterimin e vete hidrocentralit.<\/p>\n<p>P\u00ebr t&#8217;u theksuar \u00ebsht\u00eb fakti se megjith\u00ebse prodhimi i energjis\u00eb n\u00eb vend gjat\u00eb gjysm\u00ebs s\u00eb dyt\u00eb t\u00eb n\u00ebntorit varionte mesatarisht n\u00eb 16.000 MW\/h n\u00eb dit\u00eb, m\u00eb dat\u00eb 1 dhjetor ajo p\u00ebsoi nj\u00eb ulje t\u00eb fort\u00eb duke arritur n\u00eb 10.676 MW\/h n\u00eb dit\u00eb. Kjo dat\u00eb p\u00ebrkon edhe me dit\u00ebn kur kompania RUDNAP nuk rezulton m\u00eb t\u00eb ket\u00eb bler\u00eb energji nga Shqip\u00ebria.<\/p>\n<p>Dokumentacioni i botuar ne ditet e kaosit te permbytjeve vertetoi se agregatet e HEC-it t\u00eb Fierz\u00ebs jan\u00eb v\u00ebn\u00eb n\u00eb pun\u00eb vet\u00ebm p\u00ebr t\u00eb plot\u00ebsuar nevojat e RUDNAP-it p\u00ebr energji dhe me p\u00ebrfundimin e marr\u00ebveshjes ato kan\u00eb vazhduar n\u00eb &#8220;regjimin&#8221; disa javor t\u00eb prodhimit t\u00eb ul\u00ebt n\u00eb pritje t\u00eb klientit t\u00eb radh\u00ebs megjith\u00ebse niveli i ujit kishte kaluar edhe kuotat e siguris\u00eb.<\/p>\n<p>Djali i kryeministrit Berisha, Shk\u00eblzeni, Damir Fazlli\u00e7, dhe ish-ministri Prifti u pan\u00eb m\u00eb dat\u00ebn kat\u00ebr janar se bashku, vet\u00ebm dy dit\u00eb pasi ishin hapur portat e hidrocentralit t\u00eb Fierz\u00ebs dhe kishte nisur derdhja masive e ujit.<\/p>\n<p>Fazllic \u00ebsht\u00eb favorizuar hapur jo vetem ne fushen e energjise por edhe ne blerje trojesh. Ai ka bler\u00eb prona me \u00e7mim t\u00eb lir\u00eb e m\u00eb pas duke i shitur ato me \u00e7mime shum\u00eb m\u00eb t\u00eb shtrenjta, pas vendimesh qeveritare qe i ndryshojne destinacionet ketyre trojeve duke ua rritur vleren si\u00e7 eshte rasti ne Durres. N\u00eb t\u00eb gjitha rastet firma q\u00eb b\u00ebn konsulenc\u00ebn juridike si dhe p\u00ebrgatit referencat q\u00eb pranohen nga qeveria \u00ebsht\u00eb e vajz\u00ebs s\u00eb kryeministrit Sali Berisha, Argita Malltezit.<\/p>\n","protected":false},"excerpt":{"rendered":"<p>Shekulli Online, 05.10.2010 Damir Fazlli\u00e7, serbo-boshnjaku i njohur per publikun shqiptar, eshte rishfaqur ne Tirane duke ngritur serish tensionin politik. Fazllic ka ardhur ne Tirane dhe eshte vendosur n\u00eb hotel Sheraton, ku eshte pare me pas ne zhvillimin e mbr\u00ebmjes gala te ogranizuar nga fondacioni F\u00ebmij\u00ebt Shqiptar\u00eb &#8220;Domenick Scaglione&#8221;, i cili si\u00e7 dihet drejtohet nga [&hellip;]<\/p>\n","protected":false},"author":1,"featured_media":0,"comment_status":"open","ping_status":"closed","sticky":false,"template":"","format":"standard","meta":{"footnotes":""},"categories":[2],"tags":[],"class_list":{"0":"post-4173","1":"post","2":"type-post","3":"status-publish","4":"format-standard","6":"category-artikuj"},"yoast_head":"<!-- This site is optimized with the Yoast SEO plugin v27.4 - https:\/\/yoast.com\/product\/yoast-seo-wordpress\/ -->\n<title>Fazlli\u00e7 n\u00eb Tiran\u00eb p\u00ebr ankandin e Liri Berish\u00ebs, akuza nga PS - FjALA e LIR\u00cb - Arkivi<\/title>\n<meta name=\"robots\" content=\"index, follow, max-snippet:-1, max-image-preview:large, max-video-preview:-1\" \/>\n<link rel=\"canonical\" href=\"https:\/\/fjala.info\/2009-2015\/fazllic-ne-tirane-per-ankandin-e-liri-berishes-akuza-nga-ps\/\" \/>\n<meta property=\"og:locale\" content=\"sq_AL\" \/>\n<meta property=\"og:type\" content=\"article\" \/>\n<meta property=\"og:title\" content=\"Fazlli\u00e7 n\u00eb Tiran\u00eb p\u00ebr ankandin e Liri Berish\u00ebs, akuza nga PS - FjALA e LIR\u00cb - Arkivi\" \/>\n<meta property=\"og:description\" content=\"Shekulli Online, 05.10.2010 Damir Fazlli\u00e7, serbo-boshnjaku i njohur per publikun shqiptar, eshte rishfaqur ne Tirane duke ngritur serish tensionin politik. Fazllic ka ardhur ne Tirane dhe eshte vendosur n\u00eb hotel Sheraton, ku eshte pare me pas ne zhvillimin e mbr\u00ebmjes gala te ogranizuar nga fondacioni F\u00ebmij\u00ebt Shqiptar\u00eb &#8220;Domenick Scaglione&#8221;, i cili si\u00e7 dihet drejtohet nga [&hellip;]\" \/>\n<meta property=\"og:url\" content=\"https:\/\/fjala.info\/2009-2015\/fazllic-ne-tirane-per-ankandin-e-liri-berishes-akuza-nga-ps\/\" \/>\n<meta property=\"og:site_name\" content=\"FjALA e LIR\u00cb - Arkivi\" \/>\n<meta property=\"article:published_time\" content=\"2010-10-05T21:36:51+00:00\" \/>\n<meta property=\"og:image\" content=\"http:\/\/fjala.shkoder.net\/wp-content\/uploads\/2010\/10\/fazllic_tirane-300x189.jpg\" \/>\n<meta name=\"author\" content=\"admin\" \/>\n<meta name=\"twitter:card\" content=\"summary_large_image\" \/>\n<meta name=\"twitter:label1\" content=\"Written by\" \/>\n\t<meta name=\"twitter:data1\" content=\"admin\" \/>\n\t<meta name=\"twitter:label2\" content=\"Est. reading time\" \/>\n\t<meta name=\"twitter:data2\" content=\"6 minutes\" \/>\n<script type=\"application\/ld+json\" class=\"yoast-schema-graph\">{\"@context\":\"https:\\\/\\\/schema.org\",\"@graph\":[{\"@type\":\"Article\",\"@id\":\"https:\\\/\\\/fjala.info\\\/2009-2015\\\/fazllic-ne-tirane-per-ankandin-e-liri-berishes-akuza-nga-ps\\\/#article\",\"isPartOf\":{\"@id\":\"https:\\\/\\\/fjala.info\\\/2009-2015\\\/fazllic-ne-tirane-per-ankandin-e-liri-berishes-akuza-nga-ps\\\/\"},\"author\":{\"name\":\"admin\",\"@id\":\"https:\\\/\\\/fjala.info\\\/2009-2015\\\/#\\\/schema\\\/person\\\/3aa1163ef05469c496fc94e77611ada2\"},\"headline\":\"Fazlli\u00e7 n\u00eb Tiran\u00eb p\u00ebr ankandin e Liri Berish\u00ebs, akuza nga PS\",\"datePublished\":\"2010-10-05T21:36:51+00:00\",\"mainEntityOfPage\":{\"@id\":\"https:\\\/\\\/fjala.info\\\/2009-2015\\\/fazllic-ne-tirane-per-ankandin-e-liri-berishes-akuza-nga-ps\\\/\"},\"wordCount\":1115,\"commentCount\":0,\"publisher\":{\"@id\":\"https:\\\/\\\/fjala.info\\\/2009-2015\\\/#organization\"},\"image\":{\"@id\":\"https:\\\/\\\/fjala.info\\\/2009-2015\\\/fazllic-ne-tirane-per-ankandin-e-liri-berishes-akuza-nga-ps\\\/#primaryimage\"},\"thumbnailUrl\":\"http:\\\/\\\/fjala.shkoder.net\\\/wp-content\\\/uploads\\\/2010\\\/10\\\/fazllic_tirane-300x189.jpg\",\"articleSection\":[\"Artikuj\"],\"inLanguage\":\"sq-AL\",\"potentialAction\":[{\"@type\":\"CommentAction\",\"name\":\"Comment\",\"target\":[\"https:\\\/\\\/fjala.info\\\/2009-2015\\\/fazllic-ne-tirane-per-ankandin-e-liri-berishes-akuza-nga-ps\\\/#respond\"]}]},{\"@type\":\"WebPage\",\"@id\":\"https:\\\/\\\/fjala.info\\\/2009-2015\\\/fazllic-ne-tirane-per-ankandin-e-liri-berishes-akuza-nga-ps\\\/\",\"url\":\"https:\\\/\\\/fjala.info\\\/2009-2015\\\/fazllic-ne-tirane-per-ankandin-e-liri-berishes-akuza-nga-ps\\\/\",\"name\":\"Fazlli\u00e7 n\u00eb Tiran\u00eb p\u00ebr ankandin e Liri Berish\u00ebs, akuza nga PS - FjALA e LIR\u00cb - Arkivi\",\"isPartOf\":{\"@id\":\"https:\\\/\\\/fjala.info\\\/2009-2015\\\/#website\"},\"primaryImageOfPage\":{\"@id\":\"https:\\\/\\\/fjala.info\\\/2009-2015\\\/fazllic-ne-tirane-per-ankandin-e-liri-berishes-akuza-nga-ps\\\/#primaryimage\"},\"image\":{\"@id\":\"https:\\\/\\\/fjala.info\\\/2009-2015\\\/fazllic-ne-tirane-per-ankandin-e-liri-berishes-akuza-nga-ps\\\/#primaryimage\"},\"thumbnailUrl\":\"http:\\\/\\\/fjala.shkoder.net\\\/wp-content\\\/uploads\\\/2010\\\/10\\\/fazllic_tirane-300x189.jpg\",\"datePublished\":\"2010-10-05T21:36:51+00:00\",\"breadcrumb\":{\"@id\":\"https:\\\/\\\/fjala.info\\\/2009-2015\\\/fazllic-ne-tirane-per-ankandin-e-liri-berishes-akuza-nga-ps\\\/#breadcrumb\"},\"inLanguage\":\"sq-AL\",\"potentialAction\":[{\"@type\":\"ReadAction\",\"target\":[\"https:\\\/\\\/fjala.info\\\/2009-2015\\\/fazllic-ne-tirane-per-ankandin-e-liri-berishes-akuza-nga-ps\\\/\"]}]},{\"@type\":\"ImageObject\",\"inLanguage\":\"sq-AL\",\"@id\":\"https:\\\/\\\/fjala.info\\\/2009-2015\\\/fazllic-ne-tirane-per-ankandin-e-liri-berishes-akuza-nga-ps\\\/#primaryimage\",\"url\":\"http:\\\/\\\/fjala.shkoder.net\\\/wp-content\\\/uploads\\\/2010\\\/10\\\/fazllic_tirane-300x189.jpg\",\"contentUrl\":\"http:\\\/\\\/fjala.shkoder.net\\\/wp-content\\\/uploads\\\/2010\\\/10\\\/fazllic_tirane-300x189.jpg\"},{\"@type\":\"BreadcrumbList\",\"@id\":\"https:\\\/\\\/fjala.info\\\/2009-2015\\\/fazllic-ne-tirane-per-ankandin-e-liri-berishes-akuza-nga-ps\\\/#breadcrumb\",\"itemListElement\":[{\"@type\":\"ListItem\",\"position\":1,\"name\":\"Home\",\"item\":\"https:\\\/\\\/fjala.info\\\/2009-2015\\\/\"},{\"@type\":\"ListItem\",\"position\":2,\"name\":\"Fazlli\u00e7 n\u00eb Tiran\u00eb p\u00ebr ankandin e Liri Berish\u00ebs, akuza nga PS\"}]},{\"@type\":\"WebSite\",\"@id\":\"https:\\\/\\\/fjala.info\\\/2009-2015\\\/#website\",\"url\":\"https:\\\/\\\/fjala.info\\\/2009-2015\\\/\",\"name\":\"FjALA e LIR\u00cb - Arkivi\",\"description\":\"Arkivi 2009-2015\",\"publisher\":{\"@id\":\"https:\\\/\\\/fjala.info\\\/2009-2015\\\/#organization\"},\"potentialAction\":[{\"@type\":\"SearchAction\",\"target\":{\"@type\":\"EntryPoint\",\"urlTemplate\":\"https:\\\/\\\/fjala.info\\\/2009-2015\\\/?s={search_term_string}\"},\"query-input\":{\"@type\":\"PropertyValueSpecification\",\"valueRequired\":true,\"valueName\":\"search_term_string\"}}],\"inLanguage\":\"sq-AL\"},{\"@type\":\"Organization\",\"@id\":\"https:\\\/\\\/fjala.info\\\/2009-2015\\\/#organization\",\"name\":\"FjALA e LIR\u00cb - Arkivi\",\"url\":\"https:\\\/\\\/fjala.info\\\/2009-2015\\\/\",\"logo\":{\"@type\":\"ImageObject\",\"inLanguage\":\"sq-AL\",\"@id\":\"https:\\\/\\\/fjala.info\\\/2009-2015\\\/#\\\/schema\\\/logo\\\/image\\\/\",\"url\":\"\",\"contentUrl\":\"\",\"caption\":\"FjALA e LIR\u00cb - Arkivi\"},\"image\":{\"@id\":\"https:\\\/\\\/fjala.info\\\/2009-2015\\\/#\\\/schema\\\/logo\\\/image\\\/\"}},{\"@type\":\"Person\",\"@id\":\"https:\\\/\\\/fjala.info\\\/2009-2015\\\/#\\\/schema\\\/person\\\/3aa1163ef05469c496fc94e77611ada2\",\"name\":\"admin\",\"image\":{\"@type\":\"ImageObject\",\"inLanguage\":\"sq-AL\",\"@id\":\"https:\\\/\\\/fjala.info\\\/2009-2015\\\/wp-content\\\/uploads\\\/2012\\\/02\\\/arben_cokaj-120x150.jpg\",\"url\":\"https:\\\/\\\/fjala.info\\\/2009-2015\\\/wp-content\\\/uploads\\\/2012\\\/02\\\/arben_cokaj-120x150.jpg\",\"contentUrl\":\"https:\\\/\\\/fjala.info\\\/2009-2015\\\/wp-content\\\/uploads\\\/2012\\\/02\\\/arben_cokaj-120x150.jpg\",\"caption\":\"admin\"},\"description\":\"Admin, Fjala e Lir\u00eb\",\"sameAs\":[\"https:\\\/\\\/fjala.info\\\/\"],\"url\":\"https:\\\/\\\/fjala.info\\\/2009-2015\\\/author\\\/admin\\\/\"}]}<\/script>\n<!-- \/ Yoast SEO plugin. -->","yoast_head_json":{"title":"Fazlli\u00e7 n\u00eb Tiran\u00eb p\u00ebr ankandin e Liri Berish\u00ebs, akuza nga PS - FjALA e LIR\u00cb - Arkivi","robots":{"index":"index","follow":"follow","max-snippet":"max-snippet:-1","max-image-preview":"max-image-preview:large","max-video-preview":"max-video-preview:-1"},"canonical":"https:\/\/fjala.info\/2009-2015\/fazllic-ne-tirane-per-ankandin-e-liri-berishes-akuza-nga-ps\/","og_locale":"sq_AL","og_type":"article","og_title":"Fazlli\u00e7 n\u00eb Tiran\u00eb p\u00ebr ankandin e Liri Berish\u00ebs, akuza nga PS - FjALA e LIR\u00cb - Arkivi","og_description":"Shekulli Online, 05.10.2010 Damir Fazlli\u00e7, serbo-boshnjaku i njohur per publikun shqiptar, eshte rishfaqur ne Tirane duke ngritur serish tensionin politik. Fazllic ka ardhur ne Tirane dhe eshte vendosur n\u00eb hotel Sheraton, ku eshte pare me pas ne zhvillimin e mbr\u00ebmjes gala te ogranizuar nga fondacioni F\u00ebmij\u00ebt Shqiptar\u00eb &#8220;Domenick Scaglione&#8221;, i cili si\u00e7 dihet drejtohet nga [&hellip;]","og_url":"https:\/\/fjala.info\/2009-2015\/fazllic-ne-tirane-per-ankandin-e-liri-berishes-akuza-nga-ps\/","og_site_name":"FjALA e LIR\u00cb - Arkivi","article_published_time":"2010-10-05T21:36:51+00:00","og_image":[{"url":"http:\/\/fjala.shkoder.net\/wp-content\/uploads\/2010\/10\/fazllic_tirane-300x189.jpg","type":"","width":"","height":""}],"author":"admin","twitter_card":"summary_large_image","twitter_misc":{"Written by":"admin","Est. reading time":"6 minutes"},"schema":{"@context":"https:\/\/schema.org","@graph":[{"@type":"Article","@id":"https:\/\/fjala.info\/2009-2015\/fazllic-ne-tirane-per-ankandin-e-liri-berishes-akuza-nga-ps\/#article","isPartOf":{"@id":"https:\/\/fjala.info\/2009-2015\/fazllic-ne-tirane-per-ankandin-e-liri-berishes-akuza-nga-ps\/"},"author":{"name":"admin","@id":"https:\/\/fjala.info\/2009-2015\/#\/schema\/person\/3aa1163ef05469c496fc94e77611ada2"},"headline":"Fazlli\u00e7 n\u00eb Tiran\u00eb p\u00ebr ankandin e Liri Berish\u00ebs, akuza nga PS","datePublished":"2010-10-05T21:36:51+00:00","mainEntityOfPage":{"@id":"https:\/\/fjala.info\/2009-2015\/fazllic-ne-tirane-per-ankandin-e-liri-berishes-akuza-nga-ps\/"},"wordCount":1115,"commentCount":0,"publisher":{"@id":"https:\/\/fjala.info\/2009-2015\/#organization"},"image":{"@id":"https:\/\/fjala.info\/2009-2015\/fazllic-ne-tirane-per-ankandin-e-liri-berishes-akuza-nga-ps\/#primaryimage"},"thumbnailUrl":"http:\/\/fjala.shkoder.net\/wp-content\/uploads\/2010\/10\/fazllic_tirane-300x189.jpg","articleSection":["Artikuj"],"inLanguage":"sq-AL","potentialAction":[{"@type":"CommentAction","name":"Comment","target":["https:\/\/fjala.info\/2009-2015\/fazllic-ne-tirane-per-ankandin-e-liri-berishes-akuza-nga-ps\/#respond"]}]},{"@type":"WebPage","@id":"https:\/\/fjala.info\/2009-2015\/fazllic-ne-tirane-per-ankandin-e-liri-berishes-akuza-nga-ps\/","url":"https:\/\/fjala.info\/2009-2015\/fazllic-ne-tirane-per-ankandin-e-liri-berishes-akuza-nga-ps\/","name":"Fazlli\u00e7 n\u00eb Tiran\u00eb p\u00ebr ankandin e Liri Berish\u00ebs, akuza nga PS - FjALA e LIR\u00cb - Arkivi","isPartOf":{"@id":"https:\/\/fjala.info\/2009-2015\/#website"},"primaryImageOfPage":{"@id":"https:\/\/fjala.info\/2009-2015\/fazllic-ne-tirane-per-ankandin-e-liri-berishes-akuza-nga-ps\/#primaryimage"},"image":{"@id":"https:\/\/fjala.info\/2009-2015\/fazllic-ne-tirane-per-ankandin-e-liri-berishes-akuza-nga-ps\/#primaryimage"},"thumbnailUrl":"http:\/\/fjala.shkoder.net\/wp-content\/uploads\/2010\/10\/fazllic_tirane-300x189.jpg","datePublished":"2010-10-05T21:36:51+00:00","breadcrumb":{"@id":"https:\/\/fjala.info\/2009-2015\/fazllic-ne-tirane-per-ankandin-e-liri-berishes-akuza-nga-ps\/#breadcrumb"},"inLanguage":"sq-AL","potentialAction":[{"@type":"ReadAction","target":["https:\/\/fjala.info\/2009-2015\/fazllic-ne-tirane-per-ankandin-e-liri-berishes-akuza-nga-ps\/"]}]},{"@type":"ImageObject","inLanguage":"sq-AL","@id":"https:\/\/fjala.info\/2009-2015\/fazllic-ne-tirane-per-ankandin-e-liri-berishes-akuza-nga-ps\/#primaryimage","url":"http:\/\/fjala.shkoder.net\/wp-content\/uploads\/2010\/10\/fazllic_tirane-300x189.jpg","contentUrl":"http:\/\/fjala.shkoder.net\/wp-content\/uploads\/2010\/10\/fazllic_tirane-300x189.jpg"},{"@type":"BreadcrumbList","@id":"https:\/\/fjala.info\/2009-2015\/fazllic-ne-tirane-per-ankandin-e-liri-berishes-akuza-nga-ps\/#breadcrumb","itemListElement":[{"@type":"ListItem","position":1,"name":"Home","item":"https:\/\/fjala.info\/2009-2015\/"},{"@type":"ListItem","position":2,"name":"Fazlli\u00e7 n\u00eb Tiran\u00eb p\u00ebr ankandin e Liri Berish\u00ebs, akuza nga PS"}]},{"@type":"WebSite","@id":"https:\/\/fjala.info\/2009-2015\/#website","url":"https:\/\/fjala.info\/2009-2015\/","name":"FjALA e LIR\u00cb - Arkivi","description":"Arkivi 2009-2015","publisher":{"@id":"https:\/\/fjala.info\/2009-2015\/#organization"},"potentialAction":[{"@type":"SearchAction","target":{"@type":"EntryPoint","urlTemplate":"https:\/\/fjala.info\/2009-2015\/?s={search_term_string}"},"query-input":{"@type":"PropertyValueSpecification","valueRequired":true,"valueName":"search_term_string"}}],"inLanguage":"sq-AL"},{"@type":"Organization","@id":"https:\/\/fjala.info\/2009-2015\/#organization","name":"FjALA e LIR\u00cb - Arkivi","url":"https:\/\/fjala.info\/2009-2015\/","logo":{"@type":"ImageObject","inLanguage":"sq-AL","@id":"https:\/\/fjala.info\/2009-2015\/#\/schema\/logo\/image\/","url":"","contentUrl":"","caption":"FjALA e LIR\u00cb - Arkivi"},"image":{"@id":"https:\/\/fjala.info\/2009-2015\/#\/schema\/logo\/image\/"}},{"@type":"Person","@id":"https:\/\/fjala.info\/2009-2015\/#\/schema\/person\/3aa1163ef05469c496fc94e77611ada2","name":"admin","image":{"@type":"ImageObject","inLanguage":"sq-AL","@id":"https:\/\/fjala.info\/2009-2015\/wp-content\/uploads\/2012\/02\/arben_cokaj-120x150.jpg","url":"https:\/\/fjala.info\/2009-2015\/wp-content\/uploads\/2012\/02\/arben_cokaj-120x150.jpg","contentUrl":"https:\/\/fjala.info\/2009-2015\/wp-content\/uploads\/2012\/02\/arben_cokaj-120x150.jpg","caption":"admin"},"description":"Admin, Fjala e Lir\u00eb","sameAs":["https:\/\/fjala.info\/"],"url":"https:\/\/fjala.info\/2009-2015\/author\/admin\/"}]}},"_links":{"self":[{"href":"https:\/\/fjala.info\/2009-2015\/wp-json\/wp\/v2\/posts\/4173","targetHints":{"allow":["GET"]}}],"collection":[{"href":"https:\/\/fjala.info\/2009-2015\/wp-json\/wp\/v2\/posts"}],"about":[{"href":"https:\/\/fjala.info\/2009-2015\/wp-json\/wp\/v2\/types\/post"}],"author":[{"embeddable":true,"href":"https:\/\/fjala.info\/2009-2015\/wp-json\/wp\/v2\/users\/1"}],"replies":[{"embeddable":true,"href":"https:\/\/fjala.info\/2009-2015\/wp-json\/wp\/v2\/comments?post=4173"}],"version-history":[{"count":0,"href":"https:\/\/fjala.info\/2009-2015\/wp-json\/wp\/v2\/posts\/4173\/revisions"}],"wp:attachment":[{"href":"https:\/\/fjala.info\/2009-2015\/wp-json\/wp\/v2\/media?parent=4173"}],"wp:term":[{"taxonomy":"category","embeddable":true,"href":"https:\/\/fjala.info\/2009-2015\/wp-json\/wp\/v2\/categories?post=4173"},{"taxonomy":"post_tag","embeddable":true,"href":"https:\/\/fjala.info\/2009-2015\/wp-json\/wp\/v2\/tags?post=4173"}],"curies":[{"name":"wp","href":"https:\/\/api.w.org\/{rel}","templated":true}]}}