{"id":4169,"date":"2010-10-05T22:28:37","date_gmt":"2010-10-05T21:28:37","guid":{"rendered":"http:\/\/fjala.shkoder.net\/?p=4169"},"modified":"2010-10-05T22:28:37","modified_gmt":"2010-10-05T21:28:37","slug":"ceshtja-beqja-morali-i-opozites-dhe-antikorrupsioni","status":"publish","type":"post","link":"https:\/\/fjala.info\/2009-2015\/ceshtja-beqja-morali-i-opozites-dhe-antikorrupsioni\/","title":{"rendered":"\u00c7\u00cbSHTJA \u201cBEQJA\u201d, MORALI I OPOZIT\u00cbS DHE ANTIKORRUPSIONI"},"content":{"rendered":"<p><img loading=\"lazy\" decoding=\"async\" class=\"alignleft size-full wp-image-4171\" title=\"Andrea Stefani\" src=\"http:\/\/fjala.shkoder.net\/wp-content\/uploads\/2010\/10\/andrea_stefani2.jpg\" alt=\"\" width=\"108\" height=\"118\" \/><\/p>\n<p><strong>Andrea Stefani<\/strong><\/p>\n<p>I ndodhur n\u00ebn goditjen e nj\u00eb vargu skandalesh, Kryeministri Berisha po aktivizon gjith\u00eb propagand\u00ebn e tij p\u00ebr t\u00eb krijuar n\u00eb opinionin publik nj\u00eb perceptim t\u00eb asaj q\u00eb mund t\u00eb quhet \u201cdetant\u00eb e korrupsioneve\u201d. Th\u00ebn\u00eb m\u00eb tro\u00e7, k\u00ebrkon t\u00eb krijoj\u00eb n\u00eb publik p\u00ebrshtypjen e rreme se opozita \u00ebsht\u00eb po aq e korruptuar sa edhe pushteti. Gj\u00eb q\u00eb politikisht po tenton t\u00eb p\u00ebrcjell\u00eb mesazhin se shp\u00ebtimi i Shqip\u00ebris\u00eb nga kalb\u00ebzimi i korrupsionit, nuk ka t\u00eb b\u00ebj\u00eb fare me nd\u00ebrrimin e pushtetit. Si p\u00ebrher\u00eb n\u00eb k\u00ebta 20 vjet, konstante e Berish\u00ebs mbetet p\u00ebrjet\u00ebsimi i pushtetit t\u00eb tij personal. N\u00eb funksion t\u00eb k\u00ebtij q\u00ebllimi ai ka aktivizuar nj\u00eb zinxhir deputet\u00ebsh t\u00eb shumic\u00ebs q\u00eb t\u00eb bombardojn\u00eb vesh\u00ebt dhe arsyen e publikut me nj\u00eb vjersh\u00eb mbi \u201c20 p\u00ebrqind\u00ebshat\u201d e Edi Ram\u00ebs, akuza q\u00eb nuk kan\u00eb arritur t\u2019i provojn\u00eb kurr\u00eb me dokumente.<\/p>\n<p>N\u00eb t\u00eb kund\u00ebrt\u00ebn, opozita ka akuzuar korrupsionin qeveritar, si rrall\u00eb m\u00eb par\u00eb, duke publikuar dokumente mbi korruptimin apo konfliktin e interesit p\u00ebr jo pak ministra. Duke e ndier k\u00ebt\u00eb deficit, berishist\u00ebt duket se kan\u00eb marr\u00eb direktiv\u00ebn t\u00eb thellohen n\u00eb \u201cletrat\u201d e deputeteve socialist\u00eb. Dhe m\u00eb n\u00eb fund kan\u00eb arritur t\u00eb zbulojn\u00eb nj\u00eb konflikt interesi n\u00eb veprimtarin\u00eb e nj\u00eb biznesi t\u00eb drejtuar nga deputeti socialist, Ilir Beqja. Mazhoranca k\u00ebrkoi dor\u00ebheqjen e deputetit. Opozita u vu n\u00eb mbrojtje t\u00eb tij. Por cili duhet t\u00eb kishte qen\u00eb q\u00ebndrimi i duhur i opozit\u00ebs?<\/p>\n<p>* * *<\/p>\n<p>\u00cbsht\u00eb krejt e qart\u00eb se denoncimet e deputet\u00ebve t\u00eb shumic\u00ebs nuk synojn\u00eb luft\u00ebn kund\u00ebr korrupsionit por shantazhimin e opozit\u00ebs p\u00ebr ta detyruar t\u00eb heq\u00eb dor\u00eb nga strategjia e saj antikorrupsion. Dhe nuk \u00ebsht\u00eb e para her\u00eb q\u00eb pushtete t\u00eb korruptuara k\u00ebrkojn\u00eb t\u00eb mbrohen duke q\u00ebmtuar te kund\u00ebrshtar\u00ebt e tyre delikte, m\u00ebkate apo shkelje t\u00eb ligjit. T\u00eb zbuloj\u00eb pikat e dob\u00ebta t\u00eb kujtdo q\u00eb e rrezikon dhe ta shantazhoj\u00eb q\u00eb t\u00eb mbyll\u00eb goj\u00ebn kjo \u00ebsht\u00eb taktik\u00eb edhe e mafies. Berisha si politikan nuk ka hequr dor\u00eb kurr\u00eb nga nj\u00eb taktik\u00eb e till\u00eb. Dob\u00ebsit\u00eb njer\u00ebzore, veset, lakmit\u00eb apo korrupsionet, jan\u00eb burimi i forc\u00ebs s\u00eb pushtetit t\u00eb tij t\u00eb themeluar edhe mbi shantazhin.<\/p>\n<p>N\u00eb funksion t\u00eb k\u00ebsaj taktike nuk \u00ebsht\u00eb lejuar as edhe hapja e dosjeve t\u00eb spiun\u00ebve t\u00eb Sigurimit. Sepse nj\u00eb krim, delikt apo faj i b\u00ebr\u00eb edhe dekada m\u00eb par\u00eb n\u00eb rrethana krejt fatale, \u00ebsht\u00eb nj\u00eb kapital p\u00ebr k\u00ebt\u00eb pushtet q\u00eb fal \u00e7do krim p\u00ebr hir t\u00eb pushtetit. T\u00eb gjith\u00eb, deputet\u00eb, politikan\u00eb, gazetar\u00eb, t\u00eb majt\u00eb apo t\u00eb djatht\u00eb, jan\u00eb n\u00ebn lup\u00ebn e nj\u00eb mekanizmi q\u00eb nuk lodhet s\u00eb mbledhuri nektarin e korrupsionit apo m\u00ebkateve njer\u00ebzore. Nj\u00eb nektar q\u00eb nuk p\u00ebrdoret p\u00ebr t\u00eb prodhuar mjaltin e drejt\u00ebsis\u00eb, por hojet e shantazhit ku nj\u00eb dit\u00eb, do ky\u00e7en kund\u00ebrshtar\u00ebt. \u00cbsht\u00eb nj\u00eb informacion q\u00eb nuk vihet kurr\u00eb n\u00eb dispozicion t\u00eb organeve t\u00eb drejt\u00ebsis\u00eb, por p\u00ebrdoret vet\u00ebm n\u00eb momentin e duhur, pra, kur i vlen pushtetit.<\/p>\n<p>Nj\u00eb moment i till\u00eb ishte edhe ai i para pak dit\u00ebve kur Berisha i tha nj\u00eb deputeti t\u00eb opozit\u00ebs n\u00eb seanc\u00eb parlamentare dhe publikisht para mediave, t\u00eb mbyllte goj\u00eb sepse ai (Berisha) e dinte q\u00eb deputeti n\u00eb fjal\u00eb, i kish dh\u00ebn\u00eb ryshfet nj\u00eb mikut t\u00eb Berish\u00ebs. Vet\u00ebm kaq \u00ebsht\u00eb e mjaft\u00eb p\u00ebr t\u00eb kuptuar sesa e thell\u00eb \u00ebsht\u00eb kalbja. Kryeministri e mban sekret korrupsionin dhe nuk denoncon raste p\u00ebr t\u00eb cilat \u00ebsht\u00eb n\u00eb dijeni, p\u00ebrve\u00e7se n\u00eb momente kur duhet t\u00eb shantazhoj\u00eb deputet\u00eb t\u00eb opozit\u00ebs q\u00eb akuzojn\u00eb qeverin\u00eb e tij p\u00ebr korrupsion! Dhe nuk ka frik\u00eb ta pohoj\u00eb nj\u00eb gj\u00eb t\u00eb till\u00eb edhe n\u00eb tempullin e demokracis\u00eb dhe t\u00eb ligjit. Korrupsioni mbrohet me korrupsion. Ky \u00ebsht\u00eb as m\u00eb shum\u00eb dhe as m\u00eb pak, por triumfi i republik\u00ebs s\u00eb shantazhit!<\/p>\n<p>* * *<\/p>\n<p>Pik\u00ebrisht nga kjo ofi\u00e7in\u00eb berishiste e shantazhit \u00ebsht\u00eb motivuar edhe denoncimi i b\u00ebr\u00eb deputetit Ilir Beqja. Sepse sikur Berisha t\u00eb mos i kishte pun\u00ebt kaq pisk me korrupsionin, v\u00ebshtir\u00eb se ndonj\u00eb deputet i shumic\u00ebs do kujtohej p\u00ebr nj\u00eb tender t\u00eb vog\u00ebl t\u00eb nj\u00eb kompanie softuer\u00ebsh. E megjithat\u00eb, ndryshe nga akuzat n\u00eb er\u00eb p\u00ebr \u201c20 p\u00ebrqind\u00ebsha\u201d q\u00eb s\u2019i ka par\u00eb askush, rasti n\u00eb fjal\u00eb duket m\u00eb i faktuar. Ndaj na duket gabim nga ana e opozit\u00ebs dhe lidershipit t\u00eb saj, marrja n\u00eb mbrojtje e rastit \u201cBeqja\u201d.<\/p>\n<p>Sepse nuk \u00ebsht\u00eb fjala p\u00ebr solidaritet shok\u00ebsh, por p\u00ebr q\u00ebndrimin ndaj ligjit, ndaj Kushtetut\u00ebs e mbi t\u00eb gjitha, p\u00ebr nj\u00eb moral t\u00eb opozit\u00ebs thelb\u00ebsisht t\u00eb ndrysh\u00ebm nga imoraliteti i nj\u00eb pushteti dhe nj\u00eb Kryeministri q\u00eb k\u00ebmb\u00ebngul t\u00eb em\u00ebroj\u00eb dhe mbaj\u00eb n\u00eb detyr\u00eb ministra t\u00eb akuzuar p\u00ebr krim dhe korrupsion deri n\u00eb Strasburg, ministra t\u00eb akuzuar p\u00ebr lidhje t\u00eb af\u00ebrta biznesi me mafien e kazinove dhe pastrimit t\u00eb parave. \u00cbsht\u00eb morali ai q\u00eb duhet ta dalloj\u00eb opozit\u00ebn edhe nga nj\u00eb Kryeminist\u00ebr q\u00eb mban p\u00ebr z\u00ebvend\u00ebskryeminist\u00ebr nj\u00eb politikan si Ilir Meta, i cili sapo \u00ebsht\u00eb akuzuar nga nj\u00eb ish-minist\u00ebr i tij p\u00ebr fshehje dhe larje pasurish n\u00ebn emra personash t\u00eb tjer\u00eb. Dhe nj\u00eb moral i till\u00eb duhet t\u00eb b\u00ebj\u00eb q\u00eb opozita t\u00eb reagoj\u00eb krejt ndryshe kur n\u00eb radh\u00ebt e saj denoncohet (mos vall\u00eb duhet t\u00eb pranojm\u00eb se n\u00eb opozit\u00eb kan\u00eb mbetur vet\u00ebm engj\u00ebj?) qoft\u00eb edhe nj\u00eb rast konflikti interesi si ai i deputetit Beqja. Krejt ndryshe nga arroganca qeveritare, skrupujt moral\u00eb duhet ta detyronin deputetin Beqaj t\u00eb dor\u00ebhiqej.<\/p>\n<p>Se \u00e7\u2019do t\u00eb thot\u00eb m\u00eb von\u00eb gjykata \u00ebsht\u00eb tjet\u00ebr pun\u00eb. Por n\u00eb politik\u00eb merr p\u00ebrpar\u00ebsi morali. Kur akuzohesh nga kund\u00ebrshtar\u00ebt jo n\u00eb tym, por me disa fakte q\u00eb lypin interpretimin e gjykat\u00ebs, duhet t\u00eb largohesh. Jo vet\u00ebm sepse vet\u00eb q\u00ebndrimi n\u00eb nj\u00eb post t\u00eb r\u00ebnd\u00ebsish\u00ebm, p\u00ebrb\u00ebn penges\u00eb p\u00ebr drejt\u00ebsin\u00eb, por edhe sepse nj\u00eb akuz\u00eb e pasqaruar \u00ebsht\u00eb nj\u00eb penges\u00eb edhe p\u00ebr besimin publik. Dhe kjo q\u00eb \u00ebsht\u00eb e v\u00ebrtet\u00eb p\u00ebr deputetin Beqaj \u00ebsht\u00eb edhe m\u00eb urdh\u00ebrore p\u00ebr ministra si Basha, Ruli, Bregu, Olldashi, Mediu mbi t\u00eb cil\u00ebt r\u00ebndojn\u00eb akuza shum\u00eb m\u00eb t\u00eb r\u00ebnda. T\u00eb pakt\u00ebn ky \u00ebsht\u00eb modeli edhe i zyrtarit t\u00eb p\u00ebrgjegjsh\u00ebm n\u00eb Per\u00ebndim. Ndaj \u00ebsht\u00eb e gabuar politikisht, t\u00eb b\u00ebsh avokatin\u00eb e Beqajt duke p\u00ebrdorur sot \u201cargumentet\u201d te t\u00eb cilat Jozefina Topalli bazoi bllokimin, p\u00ebr disa muaj rresht, t\u00eb rrog\u00ebs q\u00eb i takonte deputetit Beqaj.<\/p>\n<p>Sepse n\u00ebse ato \u201cargumente\u201d t\u00eb Topallit mund t\u00eb p\u00ebrdoren sot p\u00ebr t\u00eb mbrojtur nj\u00eb t\u00eb drejt\u00eb, do t\u00eb thot\u00eb se kan\u00eb qen\u00eb t\u00eb drejta edhe at\u00ebher\u00eb kur opozita i shpallte se \u00e7alonin. Do t\u00eb thot\u00eb pra se \u201cXhozi\u201d e kishte drejt kur ua mbajti rrog\u00ebn deputet\u00ebve socialist\u00eb q\u00eb po bojkotonin Kuvendin n\u00eb em\u00ebr t\u00eb liris\u00eb s\u00eb vot\u00ebs, sepse v\u00ebrtet ata nuk paskan pasur mandat. Por nuk ka qen\u00eb aspak k\u00ebshtu. Jan\u00eb ende t\u00eb fresk\u00ebta n\u00eb kujtes\u00eb argumentet e opozit\u00ebs n\u00eb kritik\u00eb t\u00eb arroganc\u00ebs s\u00eb Topallit. At\u00ebher\u00eb opozita shpjegonte se v\u00ebrtet deputet\u00ebt nuk e kishin b\u00ebr\u00eb betimin, por ama mandati i deputetit fillon q\u00ebkur shpallet nga Komisioni Qendror i Zgjedhjeve (KQZ). Dhe n\u00eb fakt, ashtu \u00ebsht\u00eb. Nuk \u00ebsht\u00eb betimi, por vota e elektoratit q\u00eb t\u00eb b\u00ebn deputet dhe t\u00eb \u00e7on te betimi.<\/p>\n<p>Dhe m\u00eb n\u00eb fund, n\u00ebse t\u00eb zgjedhurit socialist\u00eb nuk do t\u00eb ishin ende deputet\u00eb menj\u00ebher\u00eb pas 28 qershorit (sikund\u00ebr k\u00ebmb\u00ebngulte Topalli) at\u00ebher\u00eb nga buronte aft\u00ebsia e tyre p\u00ebr t\u00eb bojkotuar Parlamentin? Parlamenti nuk bojkotohet dot nga qytetar\u00ebt e zakonsh\u00ebm, por vet\u00ebm nga ata q\u00eb g\u00ebzojn\u00eb t\u00eb drejt\u00ebn e nj\u00eb posti n\u00eb aul\u00ebn e tij, ata q\u00eb jan\u00eb deputet\u00eb. Prandaj edhe Ilir Beqja, me t\u2019u shpallur fitues nga KQZ duhet t\u2019u kishte dh\u00ebn\u00eb fund t\u00eb gjitha p\u00ebrfitimeve me fonde publike nga ana e biznesit t\u00eb tij. Fakti q\u00eb e ka b\u00ebr\u00eb at\u00eb vet\u00ebm pas betimit, e nxjerr n\u00eb konflikt interesi p\u00ebr disa muaj. Gjithsesi, tashm\u00eb kjo \u00ebsht\u00eb nj\u00eb \u00e7\u00ebshtje q\u00eb i p\u00ebrket Gjykat\u00ebs Kushtetuese. Beqja mund t\u00eb rezultoj\u00eb edhe pa faj. Por opozita duhet t\u00eb d\u00ebshmonte se, ndryshe nga pushteti, ajo urdh\u00ebrohet n\u00eb vendimet e saj edhe nga morali.<\/p>\n<p>Duke larguar deputetin Beqja, ajo do t\u2019i tregonte publikut dallimin thelb\u00ebsor me nj\u00eb qeveri q\u00eb k\u00ebmb\u00ebngul me arroganc\u00eb despotike dhe mosp\u00ebrfillje ekstreme p\u00ebr moralin, t\u00eb mbaj\u00eb n\u00eb gjirin e vet ministra t\u00eb akuzuar n\u00eb m\u00ebnyr\u00eb t\u00eb dokumentuar p\u00ebr korrupsion dhe konflikte interesi. Vet\u00ebm nj\u00eb opozit\u00eb e till\u00eb do t\u00eb jepte shpres\u00eb se korrupsioni blu i Sali Berish\u00ebs q\u00eb zuri vendin e korrupsionit roz\u00eb t\u00eb Fatos Nanos, nuk do t\u00eb z\u00ebvend\u00ebsohet nes\u00ebr nga nj\u00eb tjet\u00ebr korrupsion. Vet\u00ebm k\u00ebshtu opozita do t\u00eb mund t\u00eb kontribuoj\u00eb sado pak n\u00eb ringjalljen e atij q\u00eb ka vdekur n\u00eb Shqip\u00ebri bashk\u00eb me ligjin dhe drejt\u00ebsin\u00eb, n\u00eb ringjalljen e moralit. Vet\u00ebm k\u00ebshtu opozita do t\u00eb prishte edhe planet e Berish\u00ebs p\u00ebr nj\u00eb \u201cdetant\u00eb korrupsioni\u201d ku t\u00eb gjith\u00eb jan\u00eb t\u00eb zhyer dhe askush nuk \u00ebsht\u00eb i korruptuar, duke i d\u00ebshmuar publikut se ajo \u00ebsht\u00eb m\u00eb t\u00eb v\u00ebrtet\u00eb krejt ndryshe.<\/p>\n","protected":false},"excerpt":{"rendered":"<p>Andrea Stefani I ndodhur n\u00ebn goditjen e nj\u00eb vargu skandalesh, Kryeministri Berisha po aktivizon gjith\u00eb propagand\u00ebn e tij p\u00ebr t\u00eb krijuar n\u00eb opinionin publik nj\u00eb perceptim t\u00eb asaj q\u00eb mund t\u00eb quhet \u201cdetant\u00eb e korrupsioneve\u201d. Th\u00ebn\u00eb m\u00eb tro\u00e7, k\u00ebrkon t\u00eb krijoj\u00eb n\u00eb publik p\u00ebrshtypjen e rreme se opozita \u00ebsht\u00eb po aq e korruptuar sa edhe [&hellip;]<\/p>\n","protected":false},"author":1,"featured_media":0,"comment_status":"open","ping_status":"closed","sticky":false,"template":"","format":"standard","meta":{"footnotes":""},"categories":[2],"tags":[],"class_list":{"0":"post-4169","1":"post","2":"type-post","3":"status-publish","4":"format-standard","6":"category-artikuj"},"yoast_head":"<!-- This site is optimized with the Yoast SEO plugin v27.4 - https:\/\/yoast.com\/product\/yoast-seo-wordpress\/ -->\n<title>\u00c7\u00cbSHTJA \u201cBEQJA\u201d, MORALI I OPOZIT\u00cbS DHE ANTIKORRUPSIONI - FjALA e LIR\u00cb - Arkivi<\/title>\n<meta name=\"robots\" content=\"index, follow, max-snippet:-1, max-image-preview:large, max-video-preview:-1\" \/>\n<link rel=\"canonical\" href=\"https:\/\/fjala.info\/2009-2015\/ceshtja-beqja-morali-i-opozites-dhe-antikorrupsioni\/\" \/>\n<meta property=\"og:locale\" content=\"sq_AL\" \/>\n<meta property=\"og:type\" content=\"article\" \/>\n<meta property=\"og:title\" content=\"\u00c7\u00cbSHTJA \u201cBEQJA\u201d, MORALI I OPOZIT\u00cbS DHE ANTIKORRUPSIONI - FjALA e LIR\u00cb - Arkivi\" \/>\n<meta property=\"og:description\" content=\"Andrea Stefani I ndodhur n\u00ebn goditjen e nj\u00eb vargu skandalesh, Kryeministri Berisha po aktivizon gjith\u00eb propagand\u00ebn e tij p\u00ebr t\u00eb krijuar n\u00eb opinionin publik nj\u00eb perceptim t\u00eb asaj q\u00eb mund t\u00eb quhet \u201cdetant\u00eb e korrupsioneve\u201d. Th\u00ebn\u00eb m\u00eb tro\u00e7, k\u00ebrkon t\u00eb krijoj\u00eb n\u00eb publik p\u00ebrshtypjen e rreme se opozita \u00ebsht\u00eb po aq e korruptuar sa edhe [&hellip;]\" \/>\n<meta property=\"og:url\" content=\"https:\/\/fjala.info\/2009-2015\/ceshtja-beqja-morali-i-opozites-dhe-antikorrupsioni\/\" \/>\n<meta property=\"og:site_name\" content=\"FjALA e LIR\u00cb - Arkivi\" \/>\n<meta property=\"article:published_time\" content=\"2010-10-05T21:28:37+00:00\" \/>\n<meta property=\"og:image\" content=\"http:\/\/fjala.shkoder.net\/wp-content\/uploads\/2010\/10\/andrea_stefani2.jpg\" \/>\n<meta name=\"author\" content=\"admin\" \/>\n<meta name=\"twitter:card\" content=\"summary_large_image\" \/>\n<meta name=\"twitter:label1\" content=\"Written by\" \/>\n\t<meta name=\"twitter:data1\" content=\"admin\" \/>\n\t<meta name=\"twitter:label2\" content=\"Est. reading time\" \/>\n\t<meta name=\"twitter:data2\" content=\"8 minutes\" \/>\n<script type=\"application\/ld+json\" class=\"yoast-schema-graph\">{\"@context\":\"https:\\\/\\\/schema.org\",\"@graph\":[{\"@type\":\"Article\",\"@id\":\"https:\\\/\\\/fjala.info\\\/2009-2015\\\/ceshtja-beqja-morali-i-opozites-dhe-antikorrupsioni\\\/#article\",\"isPartOf\":{\"@id\":\"https:\\\/\\\/fjala.info\\\/2009-2015\\\/ceshtja-beqja-morali-i-opozites-dhe-antikorrupsioni\\\/\"},\"author\":{\"name\":\"admin\",\"@id\":\"https:\\\/\\\/fjala.info\\\/2009-2015\\\/#\\\/schema\\\/person\\\/3aa1163ef05469c496fc94e77611ada2\"},\"headline\":\"\u00c7\u00cbSHTJA \u201cBEQJA\u201d, MORALI I OPOZIT\u00cbS DHE ANTIKORRUPSIONI\",\"datePublished\":\"2010-10-05T21:28:37+00:00\",\"mainEntityOfPage\":{\"@id\":\"https:\\\/\\\/fjala.info\\\/2009-2015\\\/ceshtja-beqja-morali-i-opozites-dhe-antikorrupsioni\\\/\"},\"wordCount\":1611,\"commentCount\":0,\"publisher\":{\"@id\":\"https:\\\/\\\/fjala.info\\\/2009-2015\\\/#organization\"},\"image\":{\"@id\":\"https:\\\/\\\/fjala.info\\\/2009-2015\\\/ceshtja-beqja-morali-i-opozites-dhe-antikorrupsioni\\\/#primaryimage\"},\"thumbnailUrl\":\"http:\\\/\\\/fjala.shkoder.net\\\/wp-content\\\/uploads\\\/2010\\\/10\\\/andrea_stefani2.jpg\",\"articleSection\":[\"Artikuj\"],\"inLanguage\":\"sq-AL\",\"potentialAction\":[{\"@type\":\"CommentAction\",\"name\":\"Comment\",\"target\":[\"https:\\\/\\\/fjala.info\\\/2009-2015\\\/ceshtja-beqja-morali-i-opozites-dhe-antikorrupsioni\\\/#respond\"]}]},{\"@type\":\"WebPage\",\"@id\":\"https:\\\/\\\/fjala.info\\\/2009-2015\\\/ceshtja-beqja-morali-i-opozites-dhe-antikorrupsioni\\\/\",\"url\":\"https:\\\/\\\/fjala.info\\\/2009-2015\\\/ceshtja-beqja-morali-i-opozites-dhe-antikorrupsioni\\\/\",\"name\":\"\u00c7\u00cbSHTJA \u201cBEQJA\u201d, MORALI I OPOZIT\u00cbS DHE ANTIKORRUPSIONI - FjALA e LIR\u00cb - Arkivi\",\"isPartOf\":{\"@id\":\"https:\\\/\\\/fjala.info\\\/2009-2015\\\/#website\"},\"primaryImageOfPage\":{\"@id\":\"https:\\\/\\\/fjala.info\\\/2009-2015\\\/ceshtja-beqja-morali-i-opozites-dhe-antikorrupsioni\\\/#primaryimage\"},\"image\":{\"@id\":\"https:\\\/\\\/fjala.info\\\/2009-2015\\\/ceshtja-beqja-morali-i-opozites-dhe-antikorrupsioni\\\/#primaryimage\"},\"thumbnailUrl\":\"http:\\\/\\\/fjala.shkoder.net\\\/wp-content\\\/uploads\\\/2010\\\/10\\\/andrea_stefani2.jpg\",\"datePublished\":\"2010-10-05T21:28:37+00:00\",\"breadcrumb\":{\"@id\":\"https:\\\/\\\/fjala.info\\\/2009-2015\\\/ceshtja-beqja-morali-i-opozites-dhe-antikorrupsioni\\\/#breadcrumb\"},\"inLanguage\":\"sq-AL\",\"potentialAction\":[{\"@type\":\"ReadAction\",\"target\":[\"https:\\\/\\\/fjala.info\\\/2009-2015\\\/ceshtja-beqja-morali-i-opozites-dhe-antikorrupsioni\\\/\"]}]},{\"@type\":\"ImageObject\",\"inLanguage\":\"sq-AL\",\"@id\":\"https:\\\/\\\/fjala.info\\\/2009-2015\\\/ceshtja-beqja-morali-i-opozites-dhe-antikorrupsioni\\\/#primaryimage\",\"url\":\"http:\\\/\\\/fjala.shkoder.net\\\/wp-content\\\/uploads\\\/2010\\\/10\\\/andrea_stefani2.jpg\",\"contentUrl\":\"http:\\\/\\\/fjala.shkoder.net\\\/wp-content\\\/uploads\\\/2010\\\/10\\\/andrea_stefani2.jpg\"},{\"@type\":\"BreadcrumbList\",\"@id\":\"https:\\\/\\\/fjala.info\\\/2009-2015\\\/ceshtja-beqja-morali-i-opozites-dhe-antikorrupsioni\\\/#breadcrumb\",\"itemListElement\":[{\"@type\":\"ListItem\",\"position\":1,\"name\":\"Home\",\"item\":\"https:\\\/\\\/fjala.info\\\/2009-2015\\\/\"},{\"@type\":\"ListItem\",\"position\":2,\"name\":\"\u00c7\u00cbSHTJA \u201cBEQJA\u201d, MORALI I OPOZIT\u00cbS DHE ANTIKORRUPSIONI\"}]},{\"@type\":\"WebSite\",\"@id\":\"https:\\\/\\\/fjala.info\\\/2009-2015\\\/#website\",\"url\":\"https:\\\/\\\/fjala.info\\\/2009-2015\\\/\",\"name\":\"FjALA e LIR\u00cb - Arkivi\",\"description\":\"Arkivi 2009-2015\",\"publisher\":{\"@id\":\"https:\\\/\\\/fjala.info\\\/2009-2015\\\/#organization\"},\"potentialAction\":[{\"@type\":\"SearchAction\",\"target\":{\"@type\":\"EntryPoint\",\"urlTemplate\":\"https:\\\/\\\/fjala.info\\\/2009-2015\\\/?s={search_term_string}\"},\"query-input\":{\"@type\":\"PropertyValueSpecification\",\"valueRequired\":true,\"valueName\":\"search_term_string\"}}],\"inLanguage\":\"sq-AL\"},{\"@type\":\"Organization\",\"@id\":\"https:\\\/\\\/fjala.info\\\/2009-2015\\\/#organization\",\"name\":\"FjALA e LIR\u00cb - Arkivi\",\"url\":\"https:\\\/\\\/fjala.info\\\/2009-2015\\\/\",\"logo\":{\"@type\":\"ImageObject\",\"inLanguage\":\"sq-AL\",\"@id\":\"https:\\\/\\\/fjala.info\\\/2009-2015\\\/#\\\/schema\\\/logo\\\/image\\\/\",\"url\":\"\",\"contentUrl\":\"\",\"caption\":\"FjALA e LIR\u00cb - Arkivi\"},\"image\":{\"@id\":\"https:\\\/\\\/fjala.info\\\/2009-2015\\\/#\\\/schema\\\/logo\\\/image\\\/\"}},{\"@type\":\"Person\",\"@id\":\"https:\\\/\\\/fjala.info\\\/2009-2015\\\/#\\\/schema\\\/person\\\/3aa1163ef05469c496fc94e77611ada2\",\"name\":\"admin\",\"image\":{\"@type\":\"ImageObject\",\"inLanguage\":\"sq-AL\",\"@id\":\"https:\\\/\\\/fjala.info\\\/2009-2015\\\/wp-content\\\/uploads\\\/2012\\\/02\\\/arben_cokaj-120x150.jpg\",\"url\":\"https:\\\/\\\/fjala.info\\\/2009-2015\\\/wp-content\\\/uploads\\\/2012\\\/02\\\/arben_cokaj-120x150.jpg\",\"contentUrl\":\"https:\\\/\\\/fjala.info\\\/2009-2015\\\/wp-content\\\/uploads\\\/2012\\\/02\\\/arben_cokaj-120x150.jpg\",\"caption\":\"admin\"},\"description\":\"Admin, Fjala e Lir\u00eb\",\"sameAs\":[\"https:\\\/\\\/fjala.info\\\/\"],\"url\":\"https:\\\/\\\/fjala.info\\\/2009-2015\\\/author\\\/admin\\\/\"}]}<\/script>\n<!-- \/ Yoast SEO plugin. -->","yoast_head_json":{"title":"\u00c7\u00cbSHTJA \u201cBEQJA\u201d, MORALI I OPOZIT\u00cbS DHE ANTIKORRUPSIONI - FjALA e LIR\u00cb - Arkivi","robots":{"index":"index","follow":"follow","max-snippet":"max-snippet:-1","max-image-preview":"max-image-preview:large","max-video-preview":"max-video-preview:-1"},"canonical":"https:\/\/fjala.info\/2009-2015\/ceshtja-beqja-morali-i-opozites-dhe-antikorrupsioni\/","og_locale":"sq_AL","og_type":"article","og_title":"\u00c7\u00cbSHTJA \u201cBEQJA\u201d, MORALI I OPOZIT\u00cbS DHE ANTIKORRUPSIONI - FjALA e LIR\u00cb - Arkivi","og_description":"Andrea Stefani I ndodhur n\u00ebn goditjen e nj\u00eb vargu skandalesh, Kryeministri Berisha po aktivizon gjith\u00eb propagand\u00ebn e tij p\u00ebr t\u00eb krijuar n\u00eb opinionin publik nj\u00eb perceptim t\u00eb asaj q\u00eb mund t\u00eb quhet \u201cdetant\u00eb e korrupsioneve\u201d. Th\u00ebn\u00eb m\u00eb tro\u00e7, k\u00ebrkon t\u00eb krijoj\u00eb n\u00eb publik p\u00ebrshtypjen e rreme se opozita \u00ebsht\u00eb po aq e korruptuar sa edhe [&hellip;]","og_url":"https:\/\/fjala.info\/2009-2015\/ceshtja-beqja-morali-i-opozites-dhe-antikorrupsioni\/","og_site_name":"FjALA e LIR\u00cb - Arkivi","article_published_time":"2010-10-05T21:28:37+00:00","og_image":[{"url":"http:\/\/fjala.shkoder.net\/wp-content\/uploads\/2010\/10\/andrea_stefani2.jpg","type":"","width":"","height":""}],"author":"admin","twitter_card":"summary_large_image","twitter_misc":{"Written by":"admin","Est. reading time":"8 minutes"},"schema":{"@context":"https:\/\/schema.org","@graph":[{"@type":"Article","@id":"https:\/\/fjala.info\/2009-2015\/ceshtja-beqja-morali-i-opozites-dhe-antikorrupsioni\/#article","isPartOf":{"@id":"https:\/\/fjala.info\/2009-2015\/ceshtja-beqja-morali-i-opozites-dhe-antikorrupsioni\/"},"author":{"name":"admin","@id":"https:\/\/fjala.info\/2009-2015\/#\/schema\/person\/3aa1163ef05469c496fc94e77611ada2"},"headline":"\u00c7\u00cbSHTJA \u201cBEQJA\u201d, MORALI I OPOZIT\u00cbS DHE ANTIKORRUPSIONI","datePublished":"2010-10-05T21:28:37+00:00","mainEntityOfPage":{"@id":"https:\/\/fjala.info\/2009-2015\/ceshtja-beqja-morali-i-opozites-dhe-antikorrupsioni\/"},"wordCount":1611,"commentCount":0,"publisher":{"@id":"https:\/\/fjala.info\/2009-2015\/#organization"},"image":{"@id":"https:\/\/fjala.info\/2009-2015\/ceshtja-beqja-morali-i-opozites-dhe-antikorrupsioni\/#primaryimage"},"thumbnailUrl":"http:\/\/fjala.shkoder.net\/wp-content\/uploads\/2010\/10\/andrea_stefani2.jpg","articleSection":["Artikuj"],"inLanguage":"sq-AL","potentialAction":[{"@type":"CommentAction","name":"Comment","target":["https:\/\/fjala.info\/2009-2015\/ceshtja-beqja-morali-i-opozites-dhe-antikorrupsioni\/#respond"]}]},{"@type":"WebPage","@id":"https:\/\/fjala.info\/2009-2015\/ceshtja-beqja-morali-i-opozites-dhe-antikorrupsioni\/","url":"https:\/\/fjala.info\/2009-2015\/ceshtja-beqja-morali-i-opozites-dhe-antikorrupsioni\/","name":"\u00c7\u00cbSHTJA \u201cBEQJA\u201d, MORALI I OPOZIT\u00cbS DHE ANTIKORRUPSIONI - FjALA e LIR\u00cb - Arkivi","isPartOf":{"@id":"https:\/\/fjala.info\/2009-2015\/#website"},"primaryImageOfPage":{"@id":"https:\/\/fjala.info\/2009-2015\/ceshtja-beqja-morali-i-opozites-dhe-antikorrupsioni\/#primaryimage"},"image":{"@id":"https:\/\/fjala.info\/2009-2015\/ceshtja-beqja-morali-i-opozites-dhe-antikorrupsioni\/#primaryimage"},"thumbnailUrl":"http:\/\/fjala.shkoder.net\/wp-content\/uploads\/2010\/10\/andrea_stefani2.jpg","datePublished":"2010-10-05T21:28:37+00:00","breadcrumb":{"@id":"https:\/\/fjala.info\/2009-2015\/ceshtja-beqja-morali-i-opozites-dhe-antikorrupsioni\/#breadcrumb"},"inLanguage":"sq-AL","potentialAction":[{"@type":"ReadAction","target":["https:\/\/fjala.info\/2009-2015\/ceshtja-beqja-morali-i-opozites-dhe-antikorrupsioni\/"]}]},{"@type":"ImageObject","inLanguage":"sq-AL","@id":"https:\/\/fjala.info\/2009-2015\/ceshtja-beqja-morali-i-opozites-dhe-antikorrupsioni\/#primaryimage","url":"http:\/\/fjala.shkoder.net\/wp-content\/uploads\/2010\/10\/andrea_stefani2.jpg","contentUrl":"http:\/\/fjala.shkoder.net\/wp-content\/uploads\/2010\/10\/andrea_stefani2.jpg"},{"@type":"BreadcrumbList","@id":"https:\/\/fjala.info\/2009-2015\/ceshtja-beqja-morali-i-opozites-dhe-antikorrupsioni\/#breadcrumb","itemListElement":[{"@type":"ListItem","position":1,"name":"Home","item":"https:\/\/fjala.info\/2009-2015\/"},{"@type":"ListItem","position":2,"name":"\u00c7\u00cbSHTJA \u201cBEQJA\u201d, MORALI I OPOZIT\u00cbS DHE ANTIKORRUPSIONI"}]},{"@type":"WebSite","@id":"https:\/\/fjala.info\/2009-2015\/#website","url":"https:\/\/fjala.info\/2009-2015\/","name":"FjALA e LIR\u00cb - Arkivi","description":"Arkivi 2009-2015","publisher":{"@id":"https:\/\/fjala.info\/2009-2015\/#organization"},"potentialAction":[{"@type":"SearchAction","target":{"@type":"EntryPoint","urlTemplate":"https:\/\/fjala.info\/2009-2015\/?s={search_term_string}"},"query-input":{"@type":"PropertyValueSpecification","valueRequired":true,"valueName":"search_term_string"}}],"inLanguage":"sq-AL"},{"@type":"Organization","@id":"https:\/\/fjala.info\/2009-2015\/#organization","name":"FjALA e LIR\u00cb - Arkivi","url":"https:\/\/fjala.info\/2009-2015\/","logo":{"@type":"ImageObject","inLanguage":"sq-AL","@id":"https:\/\/fjala.info\/2009-2015\/#\/schema\/logo\/image\/","url":"","contentUrl":"","caption":"FjALA e LIR\u00cb - Arkivi"},"image":{"@id":"https:\/\/fjala.info\/2009-2015\/#\/schema\/logo\/image\/"}},{"@type":"Person","@id":"https:\/\/fjala.info\/2009-2015\/#\/schema\/person\/3aa1163ef05469c496fc94e77611ada2","name":"admin","image":{"@type":"ImageObject","inLanguage":"sq-AL","@id":"https:\/\/fjala.info\/2009-2015\/wp-content\/uploads\/2012\/02\/arben_cokaj-120x150.jpg","url":"https:\/\/fjala.info\/2009-2015\/wp-content\/uploads\/2012\/02\/arben_cokaj-120x150.jpg","contentUrl":"https:\/\/fjala.info\/2009-2015\/wp-content\/uploads\/2012\/02\/arben_cokaj-120x150.jpg","caption":"admin"},"description":"Admin, Fjala e Lir\u00eb","sameAs":["https:\/\/fjala.info\/"],"url":"https:\/\/fjala.info\/2009-2015\/author\/admin\/"}]}},"_links":{"self":[{"href":"https:\/\/fjala.info\/2009-2015\/wp-json\/wp\/v2\/posts\/4169","targetHints":{"allow":["GET"]}}],"collection":[{"href":"https:\/\/fjala.info\/2009-2015\/wp-json\/wp\/v2\/posts"}],"about":[{"href":"https:\/\/fjala.info\/2009-2015\/wp-json\/wp\/v2\/types\/post"}],"author":[{"embeddable":true,"href":"https:\/\/fjala.info\/2009-2015\/wp-json\/wp\/v2\/users\/1"}],"replies":[{"embeddable":true,"href":"https:\/\/fjala.info\/2009-2015\/wp-json\/wp\/v2\/comments?post=4169"}],"version-history":[{"count":0,"href":"https:\/\/fjala.info\/2009-2015\/wp-json\/wp\/v2\/posts\/4169\/revisions"}],"wp:attachment":[{"href":"https:\/\/fjala.info\/2009-2015\/wp-json\/wp\/v2\/media?parent=4169"}],"wp:term":[{"taxonomy":"category","embeddable":true,"href":"https:\/\/fjala.info\/2009-2015\/wp-json\/wp\/v2\/categories?post=4169"},{"taxonomy":"post_tag","embeddable":true,"href":"https:\/\/fjala.info\/2009-2015\/wp-json\/wp\/v2\/tags?post=4169"}],"curies":[{"name":"wp","href":"https:\/\/api.w.org\/{rel}","templated":true}]}}