{"id":4164,"date":"2012-08-03T22:04:55","date_gmt":"2012-08-03T21:04:55","guid":{"rendered":"http:\/\/www.fjala.info\/?p=4164"},"modified":"2012-08-03T22:04:55","modified_gmt":"2012-08-03T21:04:55","slug":"daul-volonte-grossruck-dhe-nje-bast-per-berishen","status":"publish","type":"post","link":"https:\/\/fjala.info\/2009-2015\/daul-volonte-grossruck-dhe-nje-bast-per-berishen\/","title":{"rendered":"Daul, Volonte, Grossruck dhe nj\u00eb bast p\u00ebr Berish\u00ebn"},"content":{"rendered":"<p><img decoding=\"async\" class=\"alignleft size-thumbnail wp-image-7236\" title=\"Sali Berisha real\" src=\"http:\/\/www.fjala.info\/2012\/sali_berisha_real.jpg\" alt=\"\" width=\"300\" \/> <strong>TemA<\/strong>, <em>3 Gusht 2012<\/em><\/p>\n<p>N\u00eb fillim kryeministri na tha se Edi Rama nuk votonte p\u00ebr heqjen e imunitetit sepse e pengonte klubi i tij i miliarder\u00ebve n\u00eb Partin\u00eb Socialiste. M\u00eb pas na doli se Edi Rama nuk e voton heqjen e imunitetit sepse k\u00ebrkon t\u00eb pengoj\u00eb marrjen e statusit kandidat p\u00ebr n\u00eb Bashkimin Europian.<\/p>\n<p>Me fraza tipike p\u00ebr formimin e tij soc-realist, tha se shqiptar\u00ebt mezi presin votimin e heqjes s\u00eb imunitetit, se f\u00ebmij\u00ebt qajn\u00eb p\u00ebr buk\u00eb pse Edi Rama nuk pranon heqjen e imunitetit dhe se shqiptar\u00ebt (e di ai k\u00ebt\u00eb) do e nd\u00ebshkojn\u00eb me vot\u00eb Edi Ram\u00ebn.<\/p>\n<p>Nj\u00eb pyetje q\u00eb lind kur d\u00ebgjon Berish\u00ebn duke folur n\u00eb k\u00ebt\u00eb m\u00ebnyr\u00eb \u00ebsht\u00eb: si ka mund\u00ebsi q\u00eb ky njeri na shet p\u00ebr arritje miratimin e ligjeve? Se deri m\u00eb tani vet\u00ebm opozita \u00ebsht\u00eb fajtore p\u00ebr bllokimin e integrimit, sepse nuk voton ligjet (edhe pse i ka votuar ato). A flitet ndonj\u00ebher\u00eb p\u00ebr zbatim ligjesh n\u00eb k\u00ebt\u00eb vend? Pastaj \u00e7far\u00eb quan luft\u00eb ndaj korrupsionit ky njeri, kur fjalia e par\u00eb q\u00eb i thon\u00eb n\u00eb \u00e7do progres raport t\u00eb KE-s\u00eb \u00ebsht\u00eb se nuk po nd\u00ebshkohet asnj\u00eb zyrtar i lart\u00eb? Mos \u00ebsht\u00eb d\u00ebnuar kush dhe nuk e dim\u00eb ne? E keqja \u00ebsht\u00eb se nuk po d\u00ebgjojm\u00eb t\u00eb d\u00ebnohet as edhe ndonj\u00eb peshk i vog\u00ebl.<\/p>\n<p>Por sa her\u00eb mbetet keq, Berisha nxjerr ndonj\u00eb nga zarat e tij t\u00eb djatht\u00eb n\u00eb Partin\u00eb Popullore Europiane, t\u00eb cil\u00ebt as nuk e mbajn\u00eb fare goj\u00ebn, si miku i tij. B\u00ebhet fjal\u00eb p\u00ebr politikan\u00eb, q\u00eb Rama i quan t\u00eb dor\u00ebs s\u00eb dyt\u00eb si Luca Volonte, Joseph Daul, Bernd Posselt apo edhe Wolfgang Grossruck, q\u00eb p\u00ebr ters ngjajn\u00eb edhe n\u00eb fizik nj\u00ebsoj. E mbani mend n\u00eb dhjetor vjet kur Joseph Daul shkaktoi nj\u00eb zem\u00ebrim t\u00eb v\u00ebrtet\u00eb n\u00eb Shqip\u00ebri kur tha se lideri i opozit\u00ebs \u00ebsht\u00eb i s\u00ebmur\u00eb.<\/p>\n<p>Dje Fatmir Xhafaj i PS kishte th\u00ebn\u00eb nj\u00eb deklarat\u00eb interesante: a do jet\u00eb Berisha n\u00eb gjendje t\u00eb vendos\u00eb nj\u00eb bast se n\u00ebse hiqet imuniteti, Shqip\u00ebria do marr\u00eb statusin?<\/p>\n<p>Ky \u00ebsht\u00eb thelbi i problemit.<\/p>\n<p>Pastaj kur d\u00ebgjon edhe Ilir Met\u00ebn duke th\u00ebn\u00eb se heqja e imunitetit \u00ebsht\u00eb vendimtare p\u00ebr integrimin, mbetesh pa fjal\u00eb.<\/p>\n","protected":false},"excerpt":{"rendered":"<p>TemA, 3 Gusht 2012 N\u00eb fillim kryeministri na tha se Edi Rama nuk votonte p\u00ebr heqjen e imunitetit sepse e pengonte klubi i tij i miliarder\u00ebve n\u00eb Partin\u00eb Socialiste. M\u00eb pas na doli se Edi Rama nuk e voton heqjen e imunitetit sepse k\u00ebrkon t\u00eb pengoj\u00eb marrjen e statusit kandidat p\u00ebr n\u00eb Bashkimin Europian. Me [&hellip;]<\/p>\n","protected":false},"author":1,"featured_media":0,"comment_status":"open","ping_status":"closed","sticky":false,"template":"","format":"standard","meta":{"footnotes":""},"categories":[2],"tags":[],"class_list":{"0":"post-4164","1":"post","2":"type-post","3":"status-publish","4":"format-standard","6":"category-artikuj"},"yoast_head":"<!-- This site is optimized with the Yoast SEO plugin v27.4 - https:\/\/yoast.com\/product\/yoast-seo-wordpress\/ -->\n<title>Daul, Volonte, Grossruck dhe nj\u00eb bast p\u00ebr Berish\u00ebn - FjALA e LIR\u00cb - Arkivi<\/title>\n<meta name=\"robots\" content=\"index, follow, max-snippet:-1, max-image-preview:large, max-video-preview:-1\" \/>\n<link rel=\"canonical\" href=\"https:\/\/fjala.info\/2009-2015\/daul-volonte-grossruck-dhe-nje-bast-per-berishen\/\" \/>\n<meta property=\"og:locale\" content=\"sq_AL\" \/>\n<meta property=\"og:type\" content=\"article\" \/>\n<meta property=\"og:title\" content=\"Daul, Volonte, Grossruck dhe nj\u00eb bast p\u00ebr Berish\u00ebn - FjALA e LIR\u00cb - Arkivi\" \/>\n<meta property=\"og:description\" content=\"TemA, 3 Gusht 2012 N\u00eb fillim kryeministri na tha se Edi Rama nuk votonte p\u00ebr heqjen e imunitetit sepse e pengonte klubi i tij i miliarder\u00ebve n\u00eb Partin\u00eb Socialiste. M\u00eb pas na doli se Edi Rama nuk e voton heqjen e imunitetit sepse k\u00ebrkon t\u00eb pengoj\u00eb marrjen e statusit kandidat p\u00ebr n\u00eb Bashkimin Europian. Me [&hellip;]\" \/>\n<meta property=\"og:url\" content=\"https:\/\/fjala.info\/2009-2015\/daul-volonte-grossruck-dhe-nje-bast-per-berishen\/\" \/>\n<meta property=\"og:site_name\" content=\"FjALA e LIR\u00cb - Arkivi\" \/>\n<meta property=\"article:published_time\" content=\"2012-08-03T21:04:55+00:00\" \/>\n<meta property=\"og:image\" content=\"http:\/\/www.fjala.info\/2012\/sali_berisha_real.jpg\" \/>\n<meta name=\"author\" content=\"admin\" \/>\n<meta name=\"twitter:card\" content=\"summary_large_image\" \/>\n<meta name=\"twitter:label1\" content=\"Written by\" \/>\n\t<meta name=\"twitter:data1\" content=\"admin\" \/>\n\t<meta name=\"twitter:label2\" content=\"Est. reading time\" \/>\n\t<meta name=\"twitter:data2\" content=\"2 minutes\" \/>\n<script type=\"application\/ld+json\" class=\"yoast-schema-graph\">{\"@context\":\"https:\\\/\\\/schema.org\",\"@graph\":[{\"@type\":\"Article\",\"@id\":\"https:\\\/\\\/fjala.info\\\/2009-2015\\\/daul-volonte-grossruck-dhe-nje-bast-per-berishen\\\/#article\",\"isPartOf\":{\"@id\":\"https:\\\/\\\/fjala.info\\\/2009-2015\\\/daul-volonte-grossruck-dhe-nje-bast-per-berishen\\\/\"},\"author\":{\"name\":\"admin\",\"@id\":\"https:\\\/\\\/fjala.info\\\/2009-2015\\\/#\\\/schema\\\/person\\\/3aa1163ef05469c496fc94e77611ada2\"},\"headline\":\"Daul, Volonte, Grossruck dhe nj\u00eb bast p\u00ebr Berish\u00ebn\",\"datePublished\":\"2012-08-03T21:04:55+00:00\",\"mainEntityOfPage\":{\"@id\":\"https:\\\/\\\/fjala.info\\\/2009-2015\\\/daul-volonte-grossruck-dhe-nje-bast-per-berishen\\\/\"},\"wordCount\":404,\"commentCount\":0,\"publisher\":{\"@id\":\"https:\\\/\\\/fjala.info\\\/2009-2015\\\/#organization\"},\"image\":{\"@id\":\"https:\\\/\\\/fjala.info\\\/2009-2015\\\/daul-volonte-grossruck-dhe-nje-bast-per-berishen\\\/#primaryimage\"},\"thumbnailUrl\":\"http:\\\/\\\/www.fjala.info\\\/2012\\\/sali_berisha_real.jpg\",\"articleSection\":[\"Artikuj\"],\"inLanguage\":\"sq-AL\",\"potentialAction\":[{\"@type\":\"CommentAction\",\"name\":\"Comment\",\"target\":[\"https:\\\/\\\/fjala.info\\\/2009-2015\\\/daul-volonte-grossruck-dhe-nje-bast-per-berishen\\\/#respond\"]}]},{\"@type\":\"WebPage\",\"@id\":\"https:\\\/\\\/fjala.info\\\/2009-2015\\\/daul-volonte-grossruck-dhe-nje-bast-per-berishen\\\/\",\"url\":\"https:\\\/\\\/fjala.info\\\/2009-2015\\\/daul-volonte-grossruck-dhe-nje-bast-per-berishen\\\/\",\"name\":\"Daul, Volonte, Grossruck dhe nj\u00eb bast p\u00ebr Berish\u00ebn - FjALA e LIR\u00cb - Arkivi\",\"isPartOf\":{\"@id\":\"https:\\\/\\\/fjala.info\\\/2009-2015\\\/#website\"},\"primaryImageOfPage\":{\"@id\":\"https:\\\/\\\/fjala.info\\\/2009-2015\\\/daul-volonte-grossruck-dhe-nje-bast-per-berishen\\\/#primaryimage\"},\"image\":{\"@id\":\"https:\\\/\\\/fjala.info\\\/2009-2015\\\/daul-volonte-grossruck-dhe-nje-bast-per-berishen\\\/#primaryimage\"},\"thumbnailUrl\":\"http:\\\/\\\/www.fjala.info\\\/2012\\\/sali_berisha_real.jpg\",\"datePublished\":\"2012-08-03T21:04:55+00:00\",\"breadcrumb\":{\"@id\":\"https:\\\/\\\/fjala.info\\\/2009-2015\\\/daul-volonte-grossruck-dhe-nje-bast-per-berishen\\\/#breadcrumb\"},\"inLanguage\":\"sq-AL\",\"potentialAction\":[{\"@type\":\"ReadAction\",\"target\":[\"https:\\\/\\\/fjala.info\\\/2009-2015\\\/daul-volonte-grossruck-dhe-nje-bast-per-berishen\\\/\"]}]},{\"@type\":\"ImageObject\",\"inLanguage\":\"sq-AL\",\"@id\":\"https:\\\/\\\/fjala.info\\\/2009-2015\\\/daul-volonte-grossruck-dhe-nje-bast-per-berishen\\\/#primaryimage\",\"url\":\"http:\\\/\\\/www.fjala.info\\\/2012\\\/sali_berisha_real.jpg\",\"contentUrl\":\"http:\\\/\\\/www.fjala.info\\\/2012\\\/sali_berisha_real.jpg\"},{\"@type\":\"BreadcrumbList\",\"@id\":\"https:\\\/\\\/fjala.info\\\/2009-2015\\\/daul-volonte-grossruck-dhe-nje-bast-per-berishen\\\/#breadcrumb\",\"itemListElement\":[{\"@type\":\"ListItem\",\"position\":1,\"name\":\"Home\",\"item\":\"https:\\\/\\\/fjala.info\\\/2009-2015\\\/\"},{\"@type\":\"ListItem\",\"position\":2,\"name\":\"Daul, Volonte, Grossruck dhe nj\u00eb bast p\u00ebr Berish\u00ebn\"}]},{\"@type\":\"WebSite\",\"@id\":\"https:\\\/\\\/fjala.info\\\/2009-2015\\\/#website\",\"url\":\"https:\\\/\\\/fjala.info\\\/2009-2015\\\/\",\"name\":\"FjALA e LIR\u00cb - Arkivi\",\"description\":\"Arkivi 2009-2015\",\"publisher\":{\"@id\":\"https:\\\/\\\/fjala.info\\\/2009-2015\\\/#organization\"},\"potentialAction\":[{\"@type\":\"SearchAction\",\"target\":{\"@type\":\"EntryPoint\",\"urlTemplate\":\"https:\\\/\\\/fjala.info\\\/2009-2015\\\/?s={search_term_string}\"},\"query-input\":{\"@type\":\"PropertyValueSpecification\",\"valueRequired\":true,\"valueName\":\"search_term_string\"}}],\"inLanguage\":\"sq-AL\"},{\"@type\":\"Organization\",\"@id\":\"https:\\\/\\\/fjala.info\\\/2009-2015\\\/#organization\",\"name\":\"FjALA e LIR\u00cb - Arkivi\",\"url\":\"https:\\\/\\\/fjala.info\\\/2009-2015\\\/\",\"logo\":{\"@type\":\"ImageObject\",\"inLanguage\":\"sq-AL\",\"@id\":\"https:\\\/\\\/fjala.info\\\/2009-2015\\\/#\\\/schema\\\/logo\\\/image\\\/\",\"url\":\"\",\"contentUrl\":\"\",\"caption\":\"FjALA e LIR\u00cb - Arkivi\"},\"image\":{\"@id\":\"https:\\\/\\\/fjala.info\\\/2009-2015\\\/#\\\/schema\\\/logo\\\/image\\\/\"}},{\"@type\":\"Person\",\"@id\":\"https:\\\/\\\/fjala.info\\\/2009-2015\\\/#\\\/schema\\\/person\\\/3aa1163ef05469c496fc94e77611ada2\",\"name\":\"admin\",\"image\":{\"@type\":\"ImageObject\",\"inLanguage\":\"sq-AL\",\"@id\":\"https:\\\/\\\/fjala.info\\\/2009-2015\\\/wp-content\\\/uploads\\\/2012\\\/02\\\/arben_cokaj-120x150.jpg\",\"url\":\"https:\\\/\\\/fjala.info\\\/2009-2015\\\/wp-content\\\/uploads\\\/2012\\\/02\\\/arben_cokaj-120x150.jpg\",\"contentUrl\":\"https:\\\/\\\/fjala.info\\\/2009-2015\\\/wp-content\\\/uploads\\\/2012\\\/02\\\/arben_cokaj-120x150.jpg\",\"caption\":\"admin\"},\"description\":\"Admin, Fjala e Lir\u00eb\",\"sameAs\":[\"https:\\\/\\\/fjala.info\\\/\"],\"url\":\"https:\\\/\\\/fjala.info\\\/2009-2015\\\/author\\\/admin\\\/\"}]}<\/script>\n<!-- \/ Yoast SEO plugin. -->","yoast_head_json":{"title":"Daul, Volonte, Grossruck dhe nj\u00eb bast p\u00ebr Berish\u00ebn - FjALA e LIR\u00cb - Arkivi","robots":{"index":"index","follow":"follow","max-snippet":"max-snippet:-1","max-image-preview":"max-image-preview:large","max-video-preview":"max-video-preview:-1"},"canonical":"https:\/\/fjala.info\/2009-2015\/daul-volonte-grossruck-dhe-nje-bast-per-berishen\/","og_locale":"sq_AL","og_type":"article","og_title":"Daul, Volonte, Grossruck dhe nj\u00eb bast p\u00ebr Berish\u00ebn - FjALA e LIR\u00cb - Arkivi","og_description":"TemA, 3 Gusht 2012 N\u00eb fillim kryeministri na tha se Edi Rama nuk votonte p\u00ebr heqjen e imunitetit sepse e pengonte klubi i tij i miliarder\u00ebve n\u00eb Partin\u00eb Socialiste. M\u00eb pas na doli se Edi Rama nuk e voton heqjen e imunitetit sepse k\u00ebrkon t\u00eb pengoj\u00eb marrjen e statusit kandidat p\u00ebr n\u00eb Bashkimin Europian. Me [&hellip;]","og_url":"https:\/\/fjala.info\/2009-2015\/daul-volonte-grossruck-dhe-nje-bast-per-berishen\/","og_site_name":"FjALA e LIR\u00cb - Arkivi","article_published_time":"2012-08-03T21:04:55+00:00","og_image":[{"url":"http:\/\/www.fjala.info\/2012\/sali_berisha_real.jpg","type":"","width":"","height":""}],"author":"admin","twitter_card":"summary_large_image","twitter_misc":{"Written by":"admin","Est. reading time":"2 minutes"},"schema":{"@context":"https:\/\/schema.org","@graph":[{"@type":"Article","@id":"https:\/\/fjala.info\/2009-2015\/daul-volonte-grossruck-dhe-nje-bast-per-berishen\/#article","isPartOf":{"@id":"https:\/\/fjala.info\/2009-2015\/daul-volonte-grossruck-dhe-nje-bast-per-berishen\/"},"author":{"name":"admin","@id":"https:\/\/fjala.info\/2009-2015\/#\/schema\/person\/3aa1163ef05469c496fc94e77611ada2"},"headline":"Daul, Volonte, Grossruck dhe nj\u00eb bast p\u00ebr Berish\u00ebn","datePublished":"2012-08-03T21:04:55+00:00","mainEntityOfPage":{"@id":"https:\/\/fjala.info\/2009-2015\/daul-volonte-grossruck-dhe-nje-bast-per-berishen\/"},"wordCount":404,"commentCount":0,"publisher":{"@id":"https:\/\/fjala.info\/2009-2015\/#organization"},"image":{"@id":"https:\/\/fjala.info\/2009-2015\/daul-volonte-grossruck-dhe-nje-bast-per-berishen\/#primaryimage"},"thumbnailUrl":"http:\/\/www.fjala.info\/2012\/sali_berisha_real.jpg","articleSection":["Artikuj"],"inLanguage":"sq-AL","potentialAction":[{"@type":"CommentAction","name":"Comment","target":["https:\/\/fjala.info\/2009-2015\/daul-volonte-grossruck-dhe-nje-bast-per-berishen\/#respond"]}]},{"@type":"WebPage","@id":"https:\/\/fjala.info\/2009-2015\/daul-volonte-grossruck-dhe-nje-bast-per-berishen\/","url":"https:\/\/fjala.info\/2009-2015\/daul-volonte-grossruck-dhe-nje-bast-per-berishen\/","name":"Daul, Volonte, Grossruck dhe nj\u00eb bast p\u00ebr Berish\u00ebn - FjALA e LIR\u00cb - Arkivi","isPartOf":{"@id":"https:\/\/fjala.info\/2009-2015\/#website"},"primaryImageOfPage":{"@id":"https:\/\/fjala.info\/2009-2015\/daul-volonte-grossruck-dhe-nje-bast-per-berishen\/#primaryimage"},"image":{"@id":"https:\/\/fjala.info\/2009-2015\/daul-volonte-grossruck-dhe-nje-bast-per-berishen\/#primaryimage"},"thumbnailUrl":"http:\/\/www.fjala.info\/2012\/sali_berisha_real.jpg","datePublished":"2012-08-03T21:04:55+00:00","breadcrumb":{"@id":"https:\/\/fjala.info\/2009-2015\/daul-volonte-grossruck-dhe-nje-bast-per-berishen\/#breadcrumb"},"inLanguage":"sq-AL","potentialAction":[{"@type":"ReadAction","target":["https:\/\/fjala.info\/2009-2015\/daul-volonte-grossruck-dhe-nje-bast-per-berishen\/"]}]},{"@type":"ImageObject","inLanguage":"sq-AL","@id":"https:\/\/fjala.info\/2009-2015\/daul-volonte-grossruck-dhe-nje-bast-per-berishen\/#primaryimage","url":"http:\/\/www.fjala.info\/2012\/sali_berisha_real.jpg","contentUrl":"http:\/\/www.fjala.info\/2012\/sali_berisha_real.jpg"},{"@type":"BreadcrumbList","@id":"https:\/\/fjala.info\/2009-2015\/daul-volonte-grossruck-dhe-nje-bast-per-berishen\/#breadcrumb","itemListElement":[{"@type":"ListItem","position":1,"name":"Home","item":"https:\/\/fjala.info\/2009-2015\/"},{"@type":"ListItem","position":2,"name":"Daul, Volonte, Grossruck dhe nj\u00eb bast p\u00ebr Berish\u00ebn"}]},{"@type":"WebSite","@id":"https:\/\/fjala.info\/2009-2015\/#website","url":"https:\/\/fjala.info\/2009-2015\/","name":"FjALA e LIR\u00cb - Arkivi","description":"Arkivi 2009-2015","publisher":{"@id":"https:\/\/fjala.info\/2009-2015\/#organization"},"potentialAction":[{"@type":"SearchAction","target":{"@type":"EntryPoint","urlTemplate":"https:\/\/fjala.info\/2009-2015\/?s={search_term_string}"},"query-input":{"@type":"PropertyValueSpecification","valueRequired":true,"valueName":"search_term_string"}}],"inLanguage":"sq-AL"},{"@type":"Organization","@id":"https:\/\/fjala.info\/2009-2015\/#organization","name":"FjALA e LIR\u00cb - Arkivi","url":"https:\/\/fjala.info\/2009-2015\/","logo":{"@type":"ImageObject","inLanguage":"sq-AL","@id":"https:\/\/fjala.info\/2009-2015\/#\/schema\/logo\/image\/","url":"","contentUrl":"","caption":"FjALA e LIR\u00cb - Arkivi"},"image":{"@id":"https:\/\/fjala.info\/2009-2015\/#\/schema\/logo\/image\/"}},{"@type":"Person","@id":"https:\/\/fjala.info\/2009-2015\/#\/schema\/person\/3aa1163ef05469c496fc94e77611ada2","name":"admin","image":{"@type":"ImageObject","inLanguage":"sq-AL","@id":"https:\/\/fjala.info\/2009-2015\/wp-content\/uploads\/2012\/02\/arben_cokaj-120x150.jpg","url":"https:\/\/fjala.info\/2009-2015\/wp-content\/uploads\/2012\/02\/arben_cokaj-120x150.jpg","contentUrl":"https:\/\/fjala.info\/2009-2015\/wp-content\/uploads\/2012\/02\/arben_cokaj-120x150.jpg","caption":"admin"},"description":"Admin, Fjala e Lir\u00eb","sameAs":["https:\/\/fjala.info\/"],"url":"https:\/\/fjala.info\/2009-2015\/author\/admin\/"}]}},"_links":{"self":[{"href":"https:\/\/fjala.info\/2009-2015\/wp-json\/wp\/v2\/posts\/4164","targetHints":{"allow":["GET"]}}],"collection":[{"href":"https:\/\/fjala.info\/2009-2015\/wp-json\/wp\/v2\/posts"}],"about":[{"href":"https:\/\/fjala.info\/2009-2015\/wp-json\/wp\/v2\/types\/post"}],"author":[{"embeddable":true,"href":"https:\/\/fjala.info\/2009-2015\/wp-json\/wp\/v2\/users\/1"}],"replies":[{"embeddable":true,"href":"https:\/\/fjala.info\/2009-2015\/wp-json\/wp\/v2\/comments?post=4164"}],"version-history":[{"count":0,"href":"https:\/\/fjala.info\/2009-2015\/wp-json\/wp\/v2\/posts\/4164\/revisions"}],"wp:attachment":[{"href":"https:\/\/fjala.info\/2009-2015\/wp-json\/wp\/v2\/media?parent=4164"}],"wp:term":[{"taxonomy":"category","embeddable":true,"href":"https:\/\/fjala.info\/2009-2015\/wp-json\/wp\/v2\/categories?post=4164"},{"taxonomy":"post_tag","embeddable":true,"href":"https:\/\/fjala.info\/2009-2015\/wp-json\/wp\/v2\/tags?post=4164"}],"curies":[{"name":"wp","href":"https:\/\/api.w.org\/{rel}","templated":true}]}}