{"id":4163,"date":"2010-10-05T08:59:09","date_gmt":"2010-10-05T07:59:09","guid":{"rendered":"http:\/\/fjala.shkoder.net\/?p=4163"},"modified":"2010-10-05T08:59:09","modified_gmt":"2010-10-05T07:59:09","slug":"socialist-por-jo-ne-opozite","status":"publish","type":"post","link":"https:\/\/fjala.info\/2009-2015\/socialist-por-jo-ne-opozite\/","title":{"rendered":"Socialist, por jo n\u00eb opozit\u00eb ?!"},"content":{"rendered":"<p><img decoding=\"async\" src=\"http:\/\/fjala.shkoder.net\/wp-content\/uploads\/2010\/10\/vangjel_tavo.jpg\" alt=\"\" title=\"Vangjel Tavo\" width=\"200\" class=\"alignright size-full wp-image-4164\" \/><br \/>\n<strong>PRE\u00c7 ZOGAJ<\/strong>, <em>05.10.2010<\/em><\/p>\n<p>N\u00eb letr\u00ebn e largimit nga grupi socialist deputeti Vangjel Tavo b\u00ebri publike pak\u00ebnaq\u00ebsit\u00eb dhe vleresimet e tij negative p\u00ebr gjendjen e sotme n\u00eb Partin\u00eb Socialiste. Q\u00ebndrimet e tij nuk kishin veshjen emocionale t\u00eb hat\u00ebrmbetjeve t\u00eb rastit, por ishin gjenerike dhe p\u00ebrgjith\u00ebsuese. Flitej p\u00ebr p\u00ebrsonalizim t\u00eb vendimarrjes dhe drejtimit n\u00eb PS, p\u00ebr devijim nga vlerat e krijuara nep\u00ebr vite n\u00eb at\u00eb parti, p\u00ebr mbytje t\u00eb demokracis\u00eb s\u00eb brendshme etj.<\/p>\n<p>E gjith\u00eb kjo tregon se deputeti e kishte pjekur vendimin p\u00ebr t&#8217;u larguar nga grupi i PS-s\u00eb dhe po priste momentin e duhur p\u00ebr ta shpallur. Momenti, edhe pse mund t\u00eb jet\u00eb provokuar nga ndonj\u00eb ngacmim i fundit, erdhi menjeher\u00eb pas largimit t\u00eb deputetit Paulin St\u00ebrkaj nga grupi i PD-s\u00eb, duke e barazuar k\u00ebsisoj loj\u00ebn e numrave n\u00eb Kuvendin e brisht\u00eb t\u00eb Shqip\u00ebris\u00eb, ku nuk ekziston nj\u00eb shumic\u00eb politike e votuar nga zgjedh\u00ebsit.<\/p>\n<p>Largimi i Tavos b\u00ebri &#8220;bis&#8221; me largimin e St\u00ebrkajt jo vet\u00ebm si ngjarje, por edhe n\u00eb jehon\u00ebn q\u00eb pati n\u00eb mjedisin politik. LSI hapi krah\u00ebt p\u00ebr ta mir\u00ebpritur Tavon, ashtu si\u00e7 kishte b\u00ebr\u00eb PS dy tre dit\u00eb me par\u00eb me St\u00ebrkajn. Prapa n\u00ebnqeshjeve t\u00eb holla u duk se kjo gjuh\u00eb gjestesh nga kampi qeveritar p\u00ebrcillte k\u00ebt\u00eb mesazh: sa her\u00eb t\u00eb na merrni do t&#8217;ju marrim, madje mund t&#8217;ju marrim edhe kur nuk na merrni, sepse ne kemi pushtetin dhe pushteti \u00ebsht\u00eb m\u00eb i \u00ebmb\u00ebl se idealet. <\/p>\n<p>Nuk mund ta dim\u00eb a ishte largimi i Tavos nga PS nj\u00eb kund\u00ebr-p\u00ebrgjigje e gatshme ndaj largimit t\u00eb Sterkajt nga PD. Koin\u00e7idencat nuk jan\u00eb nj\u00eb argument, edhe pse ato intrigojn\u00eb dhe madje ushqejn\u00eb shpeshher\u00eb gjykimin popullor p\u00ebr \u00e7\u00ebshtje t\u00eb caktuara. Sot shum\u00eb njer\u00ebz mendojn\u00eb dhe shprehen hapur se prapa l\u00ebvizjeve t\u00eb deputeteve nga opozita n\u00eb qeveri dhe anasjelltas, nga qeveria n\u00eb opozit\u00eb q\u00ebndron dora e lider\u00ebve politik\u00eb t\u00eb formacioneve t\u00eb m\u00ebdha. <\/p>\n<p>Qeveria dhe opozita u ngjajn\u00eb dy kampeve relativisht t\u00eb barabarta, q\u00eb jan\u00eb shum\u00eb af\u00ebr me nj\u00ebra tjetr\u00ebn. N\u00eb k\u00ebto kushte tundimi i secil\u00ebs pal\u00eb p\u00ebr t&#8217;i shk\u00ebputur nj\u00eb ashk\u00ebl pal\u00ebs tjet\u00ebr nuk \u00ebsht\u00eb thjesht nj\u00eb englendisje vanitoze, por nj\u00eb nevoj\u00eb q\u00eb mund t\u00eb rezultoj\u00eb jetike nga \u00e7asti n\u00eb \u00e7ast p\u00ebr synimet politike respektive. Ja pse largimet n\u00eb Kuvendin e tanish\u00ebm, edhe kur b\u00ebhen p\u00ebr motive q\u00eb lidhen me pavar\u00ebsin\u00eb dhe integritetin e deputetit, rrezikojn\u00eb t\u00eb lexohen me leht\u00ebsi si pazare me deputet\u00eb. <\/p>\n<p>Deputetet jan\u00eb sovran\u00eb n\u00eb vendimet q\u00eb marrin, por ata jan\u00eb e duhet t\u00eb jen\u00eb edhe t\u00eb p\u00ebrgjegjsh\u00ebm. Madje para se t\u00eb jen\u00eb sovran\u00eb, ata duhet t\u00eb jen\u00eb t\u00eb p\u00ebrgjegjsh\u00ebm. Q\u00eb do t\u00eb thot\u00eb se n\u00eb p\u00ebrgjith\u00ebsi n\u00eb q\u00ebndrimin e tyre duhet t\u00eb prevaloj\u00eb besnik\u00ebria ndaj zgjedh\u00ebsve, ndaj sigles dhe pozicionit t\u00eb partis\u00eb me t\u00eb cil\u00ebn jan\u00eb votuar. E dim\u00eb se nuk \u00ebsht\u00eb e leht\u00eb n\u00eb partit\u00eb tona t\u00eb mbyllura ku d\u00ebgjohet vet\u00ebm z\u00ebri i kryetarit. Por duhet provuar. Qoft\u00eb edhe p\u00ebr t\u00eb justifikuar n\u00eb publik largimin. Ky pra \u00ebsht\u00eb nj\u00eb q\u00ebndrim parimor, q\u00eb mund t\u00eb ndryshoj\u00eb vet\u00ebm p\u00ebr arsye madhore apo t\u00eb ve\u00e7anta. <\/p>\n<p>Parlamentarizmi shqiptar i dy dekadave t\u00eb fundit i ka njohur t\u00eb gjitha llojet e e largimeve: largimet nga qeveria n\u00eb opozit\u00eb dhe nga opozita n\u00eb qeveri; largimet e shoq\u00ebruara me shpjegime q\u00eb kan\u00eb patur vler\u00ebn e dokumentave politike dhe largime n\u00ebn z\u00eb p\u00ebr interesa vetjake; largime p\u00ebr shkak t\u00eb ideve dhe largime p\u00ebr shkak t\u00eb ryshfeteve. Po t\u00eb na lejonte madhesia e nj\u00eb shkrimi n\u00eb gazet\u00eb do t\u00eb mund ta ilustronim edhe me emra k\u00ebt\u00eb histori . Por ndoshta lexuesi i vemendsh\u00ebm i ka vet\u00eb parasysh rastet konkrete. <\/p>\n<p>Ajo q\u00eb mund t\u00eb themi me bindje \u00ebsht\u00eb se publiku nuk i ka v\u00ebn\u00eb kurr\u00eb n\u00eb nj\u00eb nj\u00eb ballanc\u00eb largimet e ndryshme t\u00eb deputet\u00ebve nga partia e tyre. Ata q\u00eb kan\u00eb l\u00ebvizur nga qeveria n\u00eb opozit\u00eb jan\u00eb par\u00eb gjithnj\u00eb si m\u00eb idealist\u00eb dhe m\u00eb burr\u00ebror\u00eb, sepse n\u00eb fund t\u00eb fundit, edhe po t\u00eb jen\u00eb nxituar, ata kan\u00eb len\u00eb privilegjet e pushtetit p\u00ebr t\u00eb p\u00ebrqafuar opozitarizmin, q\u00eb n\u00eb Shqip\u00ebri ka qen\u00eb dhe mbetet i v\u00ebshtir\u00eb dhe i mbushur me privacione me karakter politik deri te pun\u00ebsimi i f\u00ebmij\u00ebve dhe t\u00eb af\u00ebrm\u00ebve. Megjith\u00eb privacionet e ndryshme, t\u00eb qen\u00ebt n\u00eb opozit\u00eb ka qen\u00eb dhe mbetet nj\u00eb mision i lart\u00eb dhe fisnik\u00ebrues. Shqip\u00ebria e re demokratike \u00ebsht\u00eb thirrur nj\u00eb kauz\u00eb t\u00eb krijoj\u00eb kultur\u00ebn e opozitarizmit, sepse kjo i ka munguar nd\u00ebr shekuj, nd\u00ebrkoh\u00eb q\u00eb pushtetin e ka patur gjithnj\u00eb me tepri n\u00eb kurriz. <\/p>\n<p>Ata q\u00eb kan\u00eb l\u00ebvizur nga opozita n\u00eb qeveri n\u00eb p\u00ebrgjith\u00ebsi jan\u00eb par\u00eb me p\u00ebrbuzje, si interesaxhinj t\u00eb vegj\u00ebl. \u00c7&#8217;nevoja ka qeveria p\u00ebr ta kur ajo i ka numrat? N\u00eb p\u00ebrgjith\u00ebsi e ardhmja i ka nxjerr\u00eb nga skenat deputet\u00ebt q\u00eb kan\u00eb l\u00ebvizur nga opozita drejt qeveris\u00eb. Ky \u00ebsht\u00eb si nj\u00eb ligj q\u00eb gjen e do t\u00eb gjej\u00eb zbatim gjithnj\u00eb. Por forma me e sh\u00ebmtuar e l\u00ebvizjes s\u00eb deputet\u00ebve, apo e devijimit t\u00eb deputet\u00ebve nga vota q\u00eb u ka dh\u00ebn\u00eb elektorati mbetet ajo e joshjes me poste, e blerjes me premtime dhe ryshfete. Blerjet jan\u00eb nj\u00eb fyerje e r\u00ebnd\u00eb p\u00ebr pluralizmin. Dhe po t\u00eb marrin p\u00ebrhapje t\u00eb gjer\u00eb, blerjet jan\u00eb nj\u00eb atentat i mir\u00ebfillt\u00eb ndaj vullnetit t\u00eb zgjedh\u00ebsve. <\/p>\n<p>Largimet nga nj\u00eb qeveri apo drejt nj\u00eb qeverie q\u00eb ka kontrolluar rreth shtat\u00ebdhjet\u00eb p\u00ebrqind t\u00eb pushtetit nuk kan\u00eb patur jehon\u00ebn q\u00eb kan\u00eb largimet analoge nga nj\u00eb qeveri q\u00eb \u00ebsht\u00eb gjithnj\u00eb n\u00eb limitet e numrave t\u00eb nevojsh\u00ebm. Prandaj interesi p\u00ebr t\u00eb kuptuar largimet e koh\u00ebve t\u00eb fundit dhe pritshm\u00ebria q\u00eb ka krijuar kjo dukuri \u00ebsht\u00eb e lart\u00eb. &#8220;Merkatoja filloi&#8221;, tha parmbr\u00ebm\u00eb nj\u00eb analist i respektuar n\u00eb nj\u00eb prej ekraneve televizive. Un\u00eb nuk besoj shum\u00eb n\u00eb variantin e merkatos. M\u00eb e sakt\u00eb do t\u00eb ishte t\u00eb thoshim se jan\u00eb hedhur zaret e interesave. Pa mohuar fatin se ka edhe ikje p\u00ebr shkak t\u00eb ideve t\u00eb ndryshme. Deri tani kemi tre largime. <\/p>\n<p>St\u00ebrkaj, q\u00eb duke ikur nga PD n\u00eb opozit\u00eb, barazoi si me th\u00ebn\u00eb rastin e tij, pasi kishte ikur nga opozita drejt qeveris\u00eb para tre vjet\u00ebsh. Kemi edhe largimet e dy deputeteve t\u00eb votuar n\u00eb listat e PS-s\u00eb. T\u00eb Shp\u00ebtim Idrizit q\u00eb \u00ebsht\u00eb mbuluar me vot\u00eb nga socialist\u00ebt e Vlor\u00ebs dhe t\u00eb Vangjel Tavos q\u00eb \u00ebsht\u00eb mbuluar me vot\u00eb nga socialist\u00ebt e Gjirokastr\u00ebs. Pa u ndalur gjat\u00eb n\u00eb faktin se ikja kur je votuar me list\u00eb partie nuk \u00ebsht\u00eb nj\u00eblloj si ikja kur je votuar si individ i kandiduar nga partia, do t\u00eb doja t\u00eb kthehesha s\u00ebrish te letra e zotit Tavo. <\/p>\n<p>Ai rendit disa difekte t\u00eb jet\u00ebs s\u00eb br\u00ebndshme t\u00eb PS-s\u00eb p\u00ebr t\u00eb cilat un\u00eb dhe shum\u00eb t\u00eb tjer\u00eb si un\u00eb, q\u00eb nuk jan\u00eb an\u00ebtar\u00eb t\u00eb asaj partie nuk mund te japin nj\u00eb gjykim. PS i ka m\u00ebsuar nep\u00ebr vite me nj\u00eb demokraci t\u00eb avancuar an\u00ebtar\u00ebt dhe t\u00eb zgjedhurit e saj, sa ata t\u00eb mos pajtohen me asnj\u00eb millimeter tkurrjeje apo berishizimi t\u00eb k\u00ebsaj demokracie. Mundet pra q\u00eb gjerat t\u00eb jen\u00eb si\u00e7 i thot\u00eb Tavo. Kjo situat\u00eb meriton nj\u00eb analiz\u00eb m\u00eb vete n\u00eb PS. Por Tavon e tradh\u00ebton teksti i tij kur nuk thot\u00eb nj\u00eb fjal\u00eb p\u00ebr misionin historik t\u00eb opozit\u00ebs dhe PS-s\u00eb p\u00ebr trasparenc\u00ebn e zgjedhjeve. <\/p>\n<p>Tavo nuk thot\u00eb asnj\u00eb fjal\u00eb p\u00ebr pozicionin e tij t\u00eb nes\u00ebrm. Do t\u00eb mbetem socialist, thot\u00eb , por e le evazive a do t\u00eb mbetet opozitar si\u00e7 jan\u00eb zgjedh\u00ebsit q\u00eb e kan\u00eb votuar apo jo. Ja p\u00ebrse disa media me plot t\u00eb drejt\u00eb e kishin lexuar deklarat\u00ebn e tij si nj\u00eb afrim drejt pushtetit nep\u00ebrmjet LSI-s\u00eb. A nuk \u00ebsht\u00eb e mundur q\u00eb k\u00ebta t\u00eb pak\u00ebnaqur n\u00eb PS t\u00eb q\u00ebndrojn\u00eb n\u00eb opozit\u00eb edhe kur deklarojn\u00eb pavar\u00ebsin\u00eb nga lidershipi i PS-s\u00eb? Po t\u00eb q\u00ebndronin n\u00eb opozit\u00eb m\u00eb fort se sa kur ishin me lidershipin, q\u00ebndrimi i tyre do t\u00eb vler\u00ebsohej dhe do t\u00eb kishte pasoja pozitive edhe n\u00eb PS. Po ata duket nuk kan\u00eb k\u00ebt\u00eb mendje. &#8220;Socialist, por jo n\u00eb opozit\u00eb&#8221; &#8211; po t\u00eb jet\u00eb kjo motoja e pashpallur por e n\u00ebnkuptuar, do t&#8217;i shum\u00ebzonte me zero t\u00eb gjitha fjal\u00ebt e tjera.<\/p>\n","protected":false},"excerpt":{"rendered":"<p>PRE\u00c7 ZOGAJ, 05.10.2010 N\u00eb letr\u00ebn e largimit nga grupi socialist deputeti Vangjel Tavo b\u00ebri publike pak\u00ebnaq\u00ebsit\u00eb dhe vleresimet e tij negative p\u00ebr gjendjen e sotme n\u00eb Partin\u00eb Socialiste. Q\u00ebndrimet e tij nuk kishin veshjen emocionale t\u00eb hat\u00ebrmbetjeve t\u00eb rastit, por ishin gjenerike dhe p\u00ebrgjith\u00ebsuese. Flitej p\u00ebr p\u00ebrsonalizim t\u00eb vendimarrjes dhe drejtimit n\u00eb PS, p\u00ebr devijim [&hellip;]<\/p>\n","protected":false},"author":1,"featured_media":0,"comment_status":"open","ping_status":"closed","sticky":false,"template":"","format":"standard","meta":{"footnotes":""},"categories":[2],"tags":[],"class_list":{"0":"post-4163","1":"post","2":"type-post","3":"status-publish","4":"format-standard","6":"category-artikuj"},"yoast_head":"<!-- This site is optimized with the Yoast SEO plugin v27.4 - https:\/\/yoast.com\/product\/yoast-seo-wordpress\/ -->\n<title>Socialist, por jo n\u00eb opozit\u00eb ?! - FjALA e LIR\u00cb - Arkivi<\/title>\n<meta name=\"robots\" content=\"index, follow, max-snippet:-1, max-image-preview:large, max-video-preview:-1\" \/>\n<link rel=\"canonical\" href=\"https:\/\/fjala.info\/2009-2015\/socialist-por-jo-ne-opozite\/\" \/>\n<meta property=\"og:locale\" content=\"sq_AL\" \/>\n<meta property=\"og:type\" content=\"article\" \/>\n<meta property=\"og:title\" content=\"Socialist, por jo n\u00eb opozit\u00eb ?! - FjALA e LIR\u00cb - Arkivi\" \/>\n<meta property=\"og:description\" content=\"PRE\u00c7 ZOGAJ, 05.10.2010 N\u00eb letr\u00ebn e largimit nga grupi socialist deputeti Vangjel Tavo b\u00ebri publike pak\u00ebnaq\u00ebsit\u00eb dhe vleresimet e tij negative p\u00ebr gjendjen e sotme n\u00eb Partin\u00eb Socialiste. Q\u00ebndrimet e tij nuk kishin veshjen emocionale t\u00eb hat\u00ebrmbetjeve t\u00eb rastit, por ishin gjenerike dhe p\u00ebrgjith\u00ebsuese. Flitej p\u00ebr p\u00ebrsonalizim t\u00eb vendimarrjes dhe drejtimit n\u00eb PS, p\u00ebr devijim [&hellip;]\" \/>\n<meta property=\"og:url\" content=\"https:\/\/fjala.info\/2009-2015\/socialist-por-jo-ne-opozite\/\" \/>\n<meta property=\"og:site_name\" content=\"FjALA e LIR\u00cb - Arkivi\" \/>\n<meta property=\"article:published_time\" content=\"2010-10-05T07:59:09+00:00\" \/>\n<meta property=\"og:image\" content=\"http:\/\/fjala.shkoder.net\/wp-content\/uploads\/2010\/10\/vangjel_tavo.jpg\" \/>\n<meta name=\"author\" content=\"admin\" \/>\n<meta name=\"twitter:card\" content=\"summary_large_image\" \/>\n<meta name=\"twitter:label1\" content=\"Written by\" \/>\n\t<meta name=\"twitter:data1\" content=\"admin\" \/>\n\t<meta name=\"twitter:label2\" content=\"Est. reading time\" \/>\n\t<meta name=\"twitter:data2\" content=\"7 minutes\" \/>\n<script type=\"application\/ld+json\" class=\"yoast-schema-graph\">{\"@context\":\"https:\\\/\\\/schema.org\",\"@graph\":[{\"@type\":\"Article\",\"@id\":\"https:\\\/\\\/fjala.info\\\/2009-2015\\\/socialist-por-jo-ne-opozite\\\/#article\",\"isPartOf\":{\"@id\":\"https:\\\/\\\/fjala.info\\\/2009-2015\\\/socialist-por-jo-ne-opozite\\\/\"},\"author\":{\"name\":\"admin\",\"@id\":\"https:\\\/\\\/fjala.info\\\/2009-2015\\\/#\\\/schema\\\/person\\\/3aa1163ef05469c496fc94e77611ada2\"},\"headline\":\"Socialist, por jo n\u00eb opozit\u00eb ?!\",\"datePublished\":\"2010-10-05T07:59:09+00:00\",\"mainEntityOfPage\":{\"@id\":\"https:\\\/\\\/fjala.info\\\/2009-2015\\\/socialist-por-jo-ne-opozite\\\/\"},\"wordCount\":1466,\"commentCount\":1,\"publisher\":{\"@id\":\"https:\\\/\\\/fjala.info\\\/2009-2015\\\/#organization\"},\"image\":{\"@id\":\"https:\\\/\\\/fjala.info\\\/2009-2015\\\/socialist-por-jo-ne-opozite\\\/#primaryimage\"},\"thumbnailUrl\":\"http:\\\/\\\/fjala.shkoder.net\\\/wp-content\\\/uploads\\\/2010\\\/10\\\/vangjel_tavo.jpg\",\"articleSection\":[\"Artikuj\"],\"inLanguage\":\"sq-AL\",\"potentialAction\":[{\"@type\":\"CommentAction\",\"name\":\"Comment\",\"target\":[\"https:\\\/\\\/fjala.info\\\/2009-2015\\\/socialist-por-jo-ne-opozite\\\/#respond\"]}]},{\"@type\":\"WebPage\",\"@id\":\"https:\\\/\\\/fjala.info\\\/2009-2015\\\/socialist-por-jo-ne-opozite\\\/\",\"url\":\"https:\\\/\\\/fjala.info\\\/2009-2015\\\/socialist-por-jo-ne-opozite\\\/\",\"name\":\"Socialist, por jo n\u00eb opozit\u00eb ?! - FjALA e LIR\u00cb - Arkivi\",\"isPartOf\":{\"@id\":\"https:\\\/\\\/fjala.info\\\/2009-2015\\\/#website\"},\"primaryImageOfPage\":{\"@id\":\"https:\\\/\\\/fjala.info\\\/2009-2015\\\/socialist-por-jo-ne-opozite\\\/#primaryimage\"},\"image\":{\"@id\":\"https:\\\/\\\/fjala.info\\\/2009-2015\\\/socialist-por-jo-ne-opozite\\\/#primaryimage\"},\"thumbnailUrl\":\"http:\\\/\\\/fjala.shkoder.net\\\/wp-content\\\/uploads\\\/2010\\\/10\\\/vangjel_tavo.jpg\",\"datePublished\":\"2010-10-05T07:59:09+00:00\",\"breadcrumb\":{\"@id\":\"https:\\\/\\\/fjala.info\\\/2009-2015\\\/socialist-por-jo-ne-opozite\\\/#breadcrumb\"},\"inLanguage\":\"sq-AL\",\"potentialAction\":[{\"@type\":\"ReadAction\",\"target\":[\"https:\\\/\\\/fjala.info\\\/2009-2015\\\/socialist-por-jo-ne-opozite\\\/\"]}]},{\"@type\":\"ImageObject\",\"inLanguage\":\"sq-AL\",\"@id\":\"https:\\\/\\\/fjala.info\\\/2009-2015\\\/socialist-por-jo-ne-opozite\\\/#primaryimage\",\"url\":\"http:\\\/\\\/fjala.shkoder.net\\\/wp-content\\\/uploads\\\/2010\\\/10\\\/vangjel_tavo.jpg\",\"contentUrl\":\"http:\\\/\\\/fjala.shkoder.net\\\/wp-content\\\/uploads\\\/2010\\\/10\\\/vangjel_tavo.jpg\"},{\"@type\":\"BreadcrumbList\",\"@id\":\"https:\\\/\\\/fjala.info\\\/2009-2015\\\/socialist-por-jo-ne-opozite\\\/#breadcrumb\",\"itemListElement\":[{\"@type\":\"ListItem\",\"position\":1,\"name\":\"Home\",\"item\":\"https:\\\/\\\/fjala.info\\\/2009-2015\\\/\"},{\"@type\":\"ListItem\",\"position\":2,\"name\":\"Socialist, por jo n\u00eb opozit\u00eb ?!\"}]},{\"@type\":\"WebSite\",\"@id\":\"https:\\\/\\\/fjala.info\\\/2009-2015\\\/#website\",\"url\":\"https:\\\/\\\/fjala.info\\\/2009-2015\\\/\",\"name\":\"FjALA e LIR\u00cb - Arkivi\",\"description\":\"Arkivi 2009-2015\",\"publisher\":{\"@id\":\"https:\\\/\\\/fjala.info\\\/2009-2015\\\/#organization\"},\"potentialAction\":[{\"@type\":\"SearchAction\",\"target\":{\"@type\":\"EntryPoint\",\"urlTemplate\":\"https:\\\/\\\/fjala.info\\\/2009-2015\\\/?s={search_term_string}\"},\"query-input\":{\"@type\":\"PropertyValueSpecification\",\"valueRequired\":true,\"valueName\":\"search_term_string\"}}],\"inLanguage\":\"sq-AL\"},{\"@type\":\"Organization\",\"@id\":\"https:\\\/\\\/fjala.info\\\/2009-2015\\\/#organization\",\"name\":\"FjALA e LIR\u00cb - Arkivi\",\"url\":\"https:\\\/\\\/fjala.info\\\/2009-2015\\\/\",\"logo\":{\"@type\":\"ImageObject\",\"inLanguage\":\"sq-AL\",\"@id\":\"https:\\\/\\\/fjala.info\\\/2009-2015\\\/#\\\/schema\\\/logo\\\/image\\\/\",\"url\":\"\",\"contentUrl\":\"\",\"caption\":\"FjALA e LIR\u00cb - Arkivi\"},\"image\":{\"@id\":\"https:\\\/\\\/fjala.info\\\/2009-2015\\\/#\\\/schema\\\/logo\\\/image\\\/\"}},{\"@type\":\"Person\",\"@id\":\"https:\\\/\\\/fjala.info\\\/2009-2015\\\/#\\\/schema\\\/person\\\/3aa1163ef05469c496fc94e77611ada2\",\"name\":\"admin\",\"image\":{\"@type\":\"ImageObject\",\"inLanguage\":\"sq-AL\",\"@id\":\"https:\\\/\\\/fjala.info\\\/2009-2015\\\/wp-content\\\/uploads\\\/2012\\\/02\\\/arben_cokaj-120x150.jpg\",\"url\":\"https:\\\/\\\/fjala.info\\\/2009-2015\\\/wp-content\\\/uploads\\\/2012\\\/02\\\/arben_cokaj-120x150.jpg\",\"contentUrl\":\"https:\\\/\\\/fjala.info\\\/2009-2015\\\/wp-content\\\/uploads\\\/2012\\\/02\\\/arben_cokaj-120x150.jpg\",\"caption\":\"admin\"},\"description\":\"Admin, Fjala e Lir\u00eb\",\"sameAs\":[\"https:\\\/\\\/fjala.info\\\/\"],\"url\":\"https:\\\/\\\/fjala.info\\\/2009-2015\\\/author\\\/admin\\\/\"}]}<\/script>\n<!-- \/ Yoast SEO plugin. -->","yoast_head_json":{"title":"Socialist, por jo n\u00eb opozit\u00eb ?! - FjALA e LIR\u00cb - Arkivi","robots":{"index":"index","follow":"follow","max-snippet":"max-snippet:-1","max-image-preview":"max-image-preview:large","max-video-preview":"max-video-preview:-1"},"canonical":"https:\/\/fjala.info\/2009-2015\/socialist-por-jo-ne-opozite\/","og_locale":"sq_AL","og_type":"article","og_title":"Socialist, por jo n\u00eb opozit\u00eb ?! - FjALA e LIR\u00cb - Arkivi","og_description":"PRE\u00c7 ZOGAJ, 05.10.2010 N\u00eb letr\u00ebn e largimit nga grupi socialist deputeti Vangjel Tavo b\u00ebri publike pak\u00ebnaq\u00ebsit\u00eb dhe vleresimet e tij negative p\u00ebr gjendjen e sotme n\u00eb Partin\u00eb Socialiste. Q\u00ebndrimet e tij nuk kishin veshjen emocionale t\u00eb hat\u00ebrmbetjeve t\u00eb rastit, por ishin gjenerike dhe p\u00ebrgjith\u00ebsuese. Flitej p\u00ebr p\u00ebrsonalizim t\u00eb vendimarrjes dhe drejtimit n\u00eb PS, p\u00ebr devijim [&hellip;]","og_url":"https:\/\/fjala.info\/2009-2015\/socialist-por-jo-ne-opozite\/","og_site_name":"FjALA e LIR\u00cb - Arkivi","article_published_time":"2010-10-05T07:59:09+00:00","og_image":[{"url":"http:\/\/fjala.shkoder.net\/wp-content\/uploads\/2010\/10\/vangjel_tavo.jpg","type":"","width":"","height":""}],"author":"admin","twitter_card":"summary_large_image","twitter_misc":{"Written by":"admin","Est. reading time":"7 minutes"},"schema":{"@context":"https:\/\/schema.org","@graph":[{"@type":"Article","@id":"https:\/\/fjala.info\/2009-2015\/socialist-por-jo-ne-opozite\/#article","isPartOf":{"@id":"https:\/\/fjala.info\/2009-2015\/socialist-por-jo-ne-opozite\/"},"author":{"name":"admin","@id":"https:\/\/fjala.info\/2009-2015\/#\/schema\/person\/3aa1163ef05469c496fc94e77611ada2"},"headline":"Socialist, por jo n\u00eb opozit\u00eb ?!","datePublished":"2010-10-05T07:59:09+00:00","mainEntityOfPage":{"@id":"https:\/\/fjala.info\/2009-2015\/socialist-por-jo-ne-opozite\/"},"wordCount":1466,"commentCount":1,"publisher":{"@id":"https:\/\/fjala.info\/2009-2015\/#organization"},"image":{"@id":"https:\/\/fjala.info\/2009-2015\/socialist-por-jo-ne-opozite\/#primaryimage"},"thumbnailUrl":"http:\/\/fjala.shkoder.net\/wp-content\/uploads\/2010\/10\/vangjel_tavo.jpg","articleSection":["Artikuj"],"inLanguage":"sq-AL","potentialAction":[{"@type":"CommentAction","name":"Comment","target":["https:\/\/fjala.info\/2009-2015\/socialist-por-jo-ne-opozite\/#respond"]}]},{"@type":"WebPage","@id":"https:\/\/fjala.info\/2009-2015\/socialist-por-jo-ne-opozite\/","url":"https:\/\/fjala.info\/2009-2015\/socialist-por-jo-ne-opozite\/","name":"Socialist, por jo n\u00eb opozit\u00eb ?! - FjALA e LIR\u00cb - Arkivi","isPartOf":{"@id":"https:\/\/fjala.info\/2009-2015\/#website"},"primaryImageOfPage":{"@id":"https:\/\/fjala.info\/2009-2015\/socialist-por-jo-ne-opozite\/#primaryimage"},"image":{"@id":"https:\/\/fjala.info\/2009-2015\/socialist-por-jo-ne-opozite\/#primaryimage"},"thumbnailUrl":"http:\/\/fjala.shkoder.net\/wp-content\/uploads\/2010\/10\/vangjel_tavo.jpg","datePublished":"2010-10-05T07:59:09+00:00","breadcrumb":{"@id":"https:\/\/fjala.info\/2009-2015\/socialist-por-jo-ne-opozite\/#breadcrumb"},"inLanguage":"sq-AL","potentialAction":[{"@type":"ReadAction","target":["https:\/\/fjala.info\/2009-2015\/socialist-por-jo-ne-opozite\/"]}]},{"@type":"ImageObject","inLanguage":"sq-AL","@id":"https:\/\/fjala.info\/2009-2015\/socialist-por-jo-ne-opozite\/#primaryimage","url":"http:\/\/fjala.shkoder.net\/wp-content\/uploads\/2010\/10\/vangjel_tavo.jpg","contentUrl":"http:\/\/fjala.shkoder.net\/wp-content\/uploads\/2010\/10\/vangjel_tavo.jpg"},{"@type":"BreadcrumbList","@id":"https:\/\/fjala.info\/2009-2015\/socialist-por-jo-ne-opozite\/#breadcrumb","itemListElement":[{"@type":"ListItem","position":1,"name":"Home","item":"https:\/\/fjala.info\/2009-2015\/"},{"@type":"ListItem","position":2,"name":"Socialist, por jo n\u00eb opozit\u00eb ?!"}]},{"@type":"WebSite","@id":"https:\/\/fjala.info\/2009-2015\/#website","url":"https:\/\/fjala.info\/2009-2015\/","name":"FjALA e LIR\u00cb - Arkivi","description":"Arkivi 2009-2015","publisher":{"@id":"https:\/\/fjala.info\/2009-2015\/#organization"},"potentialAction":[{"@type":"SearchAction","target":{"@type":"EntryPoint","urlTemplate":"https:\/\/fjala.info\/2009-2015\/?s={search_term_string}"},"query-input":{"@type":"PropertyValueSpecification","valueRequired":true,"valueName":"search_term_string"}}],"inLanguage":"sq-AL"},{"@type":"Organization","@id":"https:\/\/fjala.info\/2009-2015\/#organization","name":"FjALA e LIR\u00cb - Arkivi","url":"https:\/\/fjala.info\/2009-2015\/","logo":{"@type":"ImageObject","inLanguage":"sq-AL","@id":"https:\/\/fjala.info\/2009-2015\/#\/schema\/logo\/image\/","url":"","contentUrl":"","caption":"FjALA e LIR\u00cb - Arkivi"},"image":{"@id":"https:\/\/fjala.info\/2009-2015\/#\/schema\/logo\/image\/"}},{"@type":"Person","@id":"https:\/\/fjala.info\/2009-2015\/#\/schema\/person\/3aa1163ef05469c496fc94e77611ada2","name":"admin","image":{"@type":"ImageObject","inLanguage":"sq-AL","@id":"https:\/\/fjala.info\/2009-2015\/wp-content\/uploads\/2012\/02\/arben_cokaj-120x150.jpg","url":"https:\/\/fjala.info\/2009-2015\/wp-content\/uploads\/2012\/02\/arben_cokaj-120x150.jpg","contentUrl":"https:\/\/fjala.info\/2009-2015\/wp-content\/uploads\/2012\/02\/arben_cokaj-120x150.jpg","caption":"admin"},"description":"Admin, Fjala e Lir\u00eb","sameAs":["https:\/\/fjala.info\/"],"url":"https:\/\/fjala.info\/2009-2015\/author\/admin\/"}]}},"_links":{"self":[{"href":"https:\/\/fjala.info\/2009-2015\/wp-json\/wp\/v2\/posts\/4163","targetHints":{"allow":["GET"]}}],"collection":[{"href":"https:\/\/fjala.info\/2009-2015\/wp-json\/wp\/v2\/posts"}],"about":[{"href":"https:\/\/fjala.info\/2009-2015\/wp-json\/wp\/v2\/types\/post"}],"author":[{"embeddable":true,"href":"https:\/\/fjala.info\/2009-2015\/wp-json\/wp\/v2\/users\/1"}],"replies":[{"embeddable":true,"href":"https:\/\/fjala.info\/2009-2015\/wp-json\/wp\/v2\/comments?post=4163"}],"version-history":[{"count":0,"href":"https:\/\/fjala.info\/2009-2015\/wp-json\/wp\/v2\/posts\/4163\/revisions"}],"wp:attachment":[{"href":"https:\/\/fjala.info\/2009-2015\/wp-json\/wp\/v2\/media?parent=4163"}],"wp:term":[{"taxonomy":"category","embeddable":true,"href":"https:\/\/fjala.info\/2009-2015\/wp-json\/wp\/v2\/categories?post=4163"},{"taxonomy":"post_tag","embeddable":true,"href":"https:\/\/fjala.info\/2009-2015\/wp-json\/wp\/v2\/tags?post=4163"}],"curies":[{"name":"wp","href":"https:\/\/api.w.org\/{rel}","templated":true}]}}