{"id":4162,"date":"2012-08-03T21:15:45","date_gmt":"2012-08-03T20:15:45","guid":{"rendered":"http:\/\/www.fjala.info\/?p=4162"},"modified":"2012-08-03T21:15:45","modified_gmt":"2012-08-03T20:15:45","slug":"demokracia-e-oligarkise","status":"publish","type":"post","link":"https:\/\/fjala.info\/2009-2015\/demokracia-e-oligarkise\/","title":{"rendered":"Demokracia e oligarkis\u00eb"},"content":{"rendered":"<p><img decoding=\"async\" class=\"alignright size-thumbnail wp-image-7236\" title=\"Afrim Krasniqi\" src=\"http:\/\/www.fjala.info\/2012\/afrim_krasniqi.jpg\" alt=\"\" width=\"150\" \/> Analize nga <strong>AFRIM KRASNIQI<\/strong><\/p>\n<p>N\u00eb fillim t\u00eb 1997 nj\u00eb politikan i djatht\u00eb p\u00ebrgatitej p\u00ebr nj\u00eb takim diplomatik dhe problemi kryesor i tij ishte se i mungonte nj\u00eb kostum serioz ceremonial. Dikush doli vullnetar dhe ia dha p\u00ebr 24 or\u00eb. Sot ai \u00ebsht\u00eb nj\u00eb nga 20 politikan\u00ebt m\u00eb t\u00eb pasur, sipas deklaratave n\u00eb ILDKP. Po at\u00eb vit dy politikan\u00eb t\u00eb majt\u00eb erdh\u00ebn n\u00eb qeveri dhe u ndesh\u00ebn me t\u00eb nj\u00ebjtin preokupim: nuk kishin kostume serioze si\u00e7 p\u00ebrcaktohet n\u00eb protokollin yrtar t\u00eb pritjes. Edhe p\u00ebr ata menduan koleg\u00ebt, ndonj\u00eb bodigard apo biznesmen pran\u00eb politik\u00ebs. Edhe ata jan\u00eb n\u00eb grupin e sot\u00ebm t\u00eb 20 m\u00eb t\u00eb pasurve. M\u00eb 2005 nj\u00eb tjet\u00ebr politikan e mori detyr\u00ebn n\u00eb ceremonial zyrtar me nj\u00eb kostum bezh\u00eb e k\u00ebmish\u00eb me vija.<\/p>\n<p>Sot ai \u00ebsht\u00eb nd\u00ebr milioner\u00ebt e rinj dhe kostumi i tij ditor kushton dyfishi i rrog\u00ebs s\u00eb Presidentit. Referuar Bank\u00ebs Bot\u00ebrore m\u00eb 1991 n\u00eb Tiran\u00eb num\u00ebroheshin vet\u00ebm 34 persona milioner\u00eb, sot 45 milioner\u00eb ndodh\u00ebn n\u00eb parlament dhe qeveri. Jan\u00eb detaje t\u00eb shumta me nj\u00eb simbolik\u00eb t\u00eb ve\u00e7ant\u00eb: Shqip\u00ebria ka krijuar nj\u00eb struktur\u00eb sociale informale, me hendek t\u00eb madh midis shumic\u00ebs qytetare dhe pakic\u00ebs s\u00eb pasur, dhe me hendek akoma m\u00eb t\u00eb madh midis pasuris\u00eb q\u00eb vjen nga biznesi konkurrues dhe asaj q\u00eb vjen pa konkurrim e biznes, pra si produkt i postit, pushtetit, lidhjeve dhe vendimmarrjeve politike.<\/p>\n<p>Shqip\u00ebria, si \u00e7do vend tjet\u00ebr, ka biznesmen\u00ebt e saj. Nj\u00eb pjes\u00eb e fituan paran\u00eb p\u00ebrmes mundimesh t\u00eb m\u00ebdha, sakrificash t\u00eb panum\u00ebrta t\u00eb mbijetes\u00ebs ekonomike nga Sofia, Ankaraja e deri n\u00eb Pekin. Disa prej tyre vun\u00eb n\u00eb pun\u00eb dhe sh\u00ebrbim publik nj\u00ebsi prodhimi t\u00eb braktisura, krijuan ekonomi konkurruese dhe ishin e mbet\u00ebn kontribuues me r\u00ebnd\u00ebsi n\u00eb politikat sociale t\u00eb shtetit. T\u00eb k\u00ebsaj kategorie jan\u00eb nj\u00eb pakic\u00eb ish pronar\u00ebsh q\u00eb p\u00ebrfituan nga rivler\u00ebsimi i pron\u00ebs, ata q\u00eb guxuan t\u00eb par\u00ebt t\u00eb rrezikonin me privatizimet lokale, ata q\u00eb arrit\u00ebn t\u00eb shnd\u00ebrrohen n\u00eb filiale t\u00eb kompanive t\u00eb njohura per\u00ebndimore ose ata q\u00eb i mbet\u00ebn besnik\u00eb origjin\u00ebs dhe objektit t\u00eb biznesit t\u00eb profilizuar fillestar.<\/p>\n<p>Nj\u00eb pjes\u00eb tjet\u00ebr biznesmen\u00ebsh, e p\u00ebrb\u00ebr\u00eb kryesisht nga efektiva t\u00eb policis\u00eb sekrete, ushtarake, nj\u00ebsive speciale, doganier\u00eb, gjykat\u00ebs, punonj\u00ebs t\u00eb policis\u00eb financiare\/tatimore, drejtues kooperativash, nd\u00ebrmarrjes bujq\u00ebsore apo enteve publike t\u00eb prodhimit, zyrtar\u00eb p\u00ebrgjegj\u00ebs p\u00ebr librat, ila\u00e7et, karburantet, energjin\u00eb, etj, &#8211; e nis\u00ebn angazhimin zyrtar me kostume t\u00eb marra borxh dhe sot, vijojn\u00eb t\u00eb imponohen si shtresa elitare e biznesit, me rol me r\u00ebnd\u00ebsi n\u00eb fushata elektorale, vendimmarrjet politike, ngjarjet politike, si dhe me lidhje t\u00eb forta e publike me politik\u00ebn e majt\u00eb dhe t\u00eb djatht\u00eb.<\/p>\n<p>Ata nuk jan\u00eb hetuar kurr\u00eb mbi burimet e biznesit, (edhe kur ka ndodhur hetimi, dosjet jan\u00eb mbyllur n\u00eb gjykata), dhe si\u00e7 thoshte Soros, pranojn\u00eb t\u00eb tregojn\u00eb gjith\u00e7ka lidhur me pasurin\u00eb e tyre me p\u00ebrjashtim t\u00eb faktit se sesi fituan milionat e para. Ka nj\u00eb kategori t\u00eb tret\u00eb biznesi, q\u00eb mbijeton p\u00ebrmes lidhjeve t\u00eb duhura administrative dhe politike, me pamund\u00ebsi (pagesa t\u00eb shumta informale) t\u00eb b\u00ebhet m\u00eb e pasur, por e destinuar t\u00eb mbetet mjaftueshm\u00ebrisht e pasur.<\/p>\n<p>Fenomene dhe kategorizime t\u00eb tilla biznesi jan\u00eb t\u00eb njohura n\u00eb vende t\u00eb tjera ish komuniste, si n\u00eb Rusi, Bullgari, Rumani, Serbi, Kroaci, Malin e Zi, Maqedoni etj. I njohur mbetet edhe fakti se nga t\u00eb gjitha k\u00ebto kategori, kategoria e dyt\u00eb, e biznesit me lidhje politike, mori v\u00ebmendjen kryesore n\u00eb tranzicion, kryesisht p\u00ebr shkak t\u00eb aft\u00ebsis\u00eb s\u00eb tyre p\u00ebr t\u00eb imponuar rregulla t\u00eb reja biznesi dhe t\u00eb vendimmarrjes politike. N\u00eb disa prej k\u00ebtyre vendeve demokracia shpesh mori form\u00ebn e oligarkis\u00eb, ku nj\u00eb grup individ\u00ebsh, me lidhje politike e biznesi, mori kontrollin e pasurive publike, medias, institucioneve dhe vendimmarrjes ligjore. E till\u00eb mund t\u00eb konsiderohet edhe modeli politik shqiptar dhe ky kriter p\u00ebrb\u00ebn gur themelin dallues midis demokracis\u00eb s\u00eb vlerave dhe asaj t\u00eb oligarkis\u00eb.<\/p>\n<p>P.sh, n\u00eb Lituani parlamenti shkarkoi Presidentin sepse ai u pa n\u00eb shoq\u00ebri me nj\u00eb shtetas rus t\u00eb akuzuar p\u00ebr trafik arm\u00ebsh e kontraband\u00eb. N\u00eb Shqip\u00ebri ndodh e kund\u00ebrta: shteti vihet n\u00eb dispozicion t\u00eb nj\u00eb shtetasi t\u00eb huaj t\u00eb akuzuar p\u00ebr t\u00eb nj\u00ebjt\u00ebn vep\u00ebr penale, madje t\u00eb gjitha institucionet e siguris\u00eb komb\u00ebtare urdh\u00ebrohen publikisht t\u00eb japin sqarime p\u00ebrpara tij.<\/p>\n<p>N\u00eb Gjermani bashk\u00ebshorti i kancelares Merkel udh\u00ebton me bilet\u00eb avioni ekonomike p\u00ebr t\u00eb arritur n\u00eb vendpushimin e kancelares, e cila g\u00ebzon t\u00eb drejt\u00ebn e avionit qeveritar. N\u00eb Shqip\u00ebri t\u00eb gjitha pronat dhe mjetet e shtetit, p\u00ebrfshir\u00eb vila pushimi, helikopter\u00eb, motoskaf\u00eb policor\u00eb, anije lundrimi ushtarake, vihen falas n\u00eb dispozicion t\u00eb shefit politik t\u00eb radh\u00ebs, familjes s\u00eb tij, nipave e mbesave, t\u00eb af\u00ebrmve dhe miqve p\u00ebrfshir\u00eb edhe kandidat\u00ebve p\u00ebr dh\u00ebndur\u00eb.<\/p>\n<p>N\u00eb Franc\u00eb organet hetimore bastisin zyrat e partis\u00eb n\u00eb pushtet dhe presidentit si pjes\u00eb hetimi e akuzave p\u00ebr evazion fiskal, kurse n\u00eb Shqip\u00ebri konsiderohet i pafajsh\u00ebm ministri i regjistruar duke num\u00ebruara shuma t\u00eb m\u00ebdha valute n\u00eb zyr\u00eb, z\u00ebvend\u00ebsi i tij q\u00eb sjell e merr \u00e7ant\u00ebn me para, shefi i tij q\u00eb urdh\u00ebron fituesit e tenderave dhe p\u00ebrcakton marshin e fitimit, kolegu i tij q\u00eb shpall fitues t\u00eb \u00e7do tenderi baxhanakun e tij; ata q\u00eb b\u00ebjn\u00eb biznes t\u00eb pist\u00eb me pronat ushtarake dhe f\u00ebmij\u00ebt n\u00eb G\u00ebrdec dhe ata q\u00eb me akte zyrtare selektive b\u00ebjn\u00eb pronar t\u00eb pasurive publike sponsor\u00eb personal\u00eb, bashk\u00ebshort\u00eb jozyrtar\u00eb, financues elektoral\u00eb, kunet\u00ebr apo mbesa n\u00eb mosh\u00eb minore.<\/p>\n<p>N\u00eb Franc\u00eb nj\u00eb minist\u00ebr dhe m\u00eb Gjermani nj\u00eb President dhan\u00eb dor\u00ebheqje sepse shkuan p\u00ebr pushime falas tek miqt\u00eb e tyre apo p\u00ebrfituan kredi t\u00eb ult\u00eb p\u00ebr banes\u00eb private, kurse tek ne, rrall\u00eb gjen politikan q\u00eb paguan p\u00ebr pushimet, dhe thuajse t\u00eb gjith\u00eb jan\u00eb p\u00ebrfitues i kredive, dhe masave leht\u00ebsuese financiare. N\u00eb Britani 112 deputet\u00eb lan\u00eb mandatin kur u zbulua se kan\u00eb fituar dieta udh\u00ebtimi t\u00eb dyshimta, kurse tek ne, \u00e7do deputet, p\u00ebrfshir\u00eb drejtuesit parlamentar me dy-tre banesa n\u00eb Tiran\u00eb vijojn\u00eb t\u00eb paguhen me dieta sh\u00ebrbimi sikur jetojn\u00eb n\u00eb qytete t\u00eb periferis\u00eb.<\/p>\n<p>Shembujt jan\u00eb t\u00eb shumt\u00eb sa hendeku i madh midis modelit t\u00eb demokracis\u00eb shqiptare dhe asaj franceze, gjermane, britanike, etj. Kjo nuk \u00ebsht\u00eb gj\u00eb e re. Dihet, njihet, \u00ebsht\u00eb fenomen tranzicioni, dhe thuhet n\u00eb \u00e7do raport nd\u00ebrkomb\u00ebtar mbi Shqip\u00ebrin\u00eb. Kjo p\u00ebrb\u00ebn nj\u00eb shqet\u00ebsim t\u00eb madh, por m\u00eb i madh duket d\u00ebmi q\u00eb ata i sjellin demokracis\u00eb, vlerave, parimeve, institucioneve dhe t\u00eb ardhmes s\u00eb saj. T\u00eb katapultuar me em\u00ebrim n\u00eb politik\u00eb ose t\u00eb pranish\u00ebm n\u00eb rrethet familjare e vendimmarr\u00ebse politike, majtas e djathtas, ata kan\u00eb ndikim politik shum\u00eb m\u00eb t\u00eb madh sesa institucionet, qytetar\u00eb dhe sovraniteti popullor.<\/p>\n<p>T\u00eb prirur p\u00ebr ruajtjen e statusquo-s kjo pakic\u00eb e pavotuar nga qytetar\u00ebt jan\u00eb e mbeten financuesit kryesore t\u00eb mo\u00e7alit politik, vjedhjes s\u00eb vot\u00ebs dhe pasuris\u00eb publike, denigrimit t\u00eb \u00e7do politikani t\u00eb ndersh\u00ebm e jasht\u00eb klaneve, mbytjen e z\u00ebrit t\u00eb shoq\u00ebris\u00eb civile, inkriminimin e politik\u00ebs, medias dhe debatit publik, braktisjes s\u00eb aspiratave demokratike, gjob\u00ebv\u00ebnien mbi investitor\u00ebt e huaj, delegimin e besnik\u00ebve t\u00eb tyre n\u00eb poste kushtetuese e zyrtare, si edhe ruajtjen periodike t\u00eb konsensusit mazhoranc\u00eb-opozit\u00eb n\u00eb \u00e7\u00ebshtje q\u00eb lidhen me interesat e oligarkis\u00eb.<\/p>\n<p>Ata nuk kan\u00eb parime politike, nuk ushqejn\u00eb vlera morale, nuk pranojn\u00eb debate kritike, shantazhojn\u00eb e k\u00ebrc\u00ebnojn\u00eb n\u00eb mediat e tyre e n\u00eb rrug\u00eb, refuzojn\u00eb ndryshimin dhe rotacionin e ideve, dhe jan\u00eb k\u00ebshtu, as m\u00eb shum\u00eb e as m\u00eb pak, financuesit e avokat\u00ebt kryesore n\u00eb pengmarrjen e sistemit demokratik. P\u00ebr ata qytetar\u00ebt jan\u00eb turm\u00eb dhe turma ushqehet me p\u00ebr\u00e7arje, skenar\u00eb frike dhe propagand\u00eb, duke mos u lejuar t\u00eb mendoj\u00eb, veproj\u00eb, reagoj\u00eb apo votoj\u00eb e lir\u00eb dhe e pavarur.<\/p>\n<p>Cila \u00ebsht\u00eb e ardhmja e oligarkis\u00eb shqiptare? Le t\u00eb shohim syt\u00eb n\u00eb Poloni, Kroaci, Slloveni e vende t\u00eb tjera demokratike dhe e kemi nj\u00eb p\u00ebrgjigje. Vendosja e shtetit ligjor dhe demokracis\u00eb funksionale p\u00ebrb\u00ebn fillimin e fundit t\u00eb tyre dhe nj\u00ebher\u00ebsh fillimin e ngritjes morale e institucionale t\u00eb shumic\u00ebs qytetare. Problemi \u00ebsht\u00eb se me cil\u00ebn kosto n\u00eb koh\u00eb, energji dhe \u00e7mim do t\u00eb duhet t\u00eb vij\u00eb ky ndryshim: kalimi nga demokracia e oligarkis\u00eb n\u00eb demokraci funksionale qytetare. Nisma p\u00ebr demokraci direkte, zgjerimi i medias s\u00eb pavarur e kritike, forcimi i komponentit civil, protesta ndaj \u00e7do abuzimi dhe vota politike e 2013 mund t\u00eb mos jen\u00eb zgjidhja finale, por mund t\u00eb jen\u00eb nj\u00eb hap pozitiv, nj\u00eb sinjal drejt zgjidhjes.<\/p>\n<p>Jo si mesazh e vot\u00eb pro e kund\u00ebr nj\u00eb sigle partiake apo nj\u00eb lideri, nj\u00eb koalicioni apo nj\u00eb grupi oligarkik, por si nj\u00eb mesazh i qart\u00eb rezistence, reagimi dhe refuzimi ndaj k\u00ebtij modeli negativ dhe konsensual tranzicioni, si nj\u00eb revolt\u00eb ndaj t\u00eb keqes q\u00eb fshihet pas ngjyrave blu, roz\u00eb, t\u00eb kuqe apo jeshil\u00eb, ashtu edhe si nj\u00eb kusht i panegociuesh\u00ebm se ata q\u00eb duan t\u00eb fitojn\u00eb mandatin qytetar, t\u00eb vjet\u00ebr e t\u00eb rinj, t\u00eb d\u00ebshmojn\u00eb fillimisht se jasht\u00eb fjal\u00ebve mbeten besnik\u00eb t\u00eb disa parimeve, aspiratave dhe vlerave q\u00eb shqiptar\u00ebt ushqyen n\u00eb vitet 1991-1992 dhe q\u00eb sot, jan\u00eb pasuria m\u00eb e burgosur, grabitur e keqp\u00ebrdorur n\u00eb k\u00ebt\u00eb vend.<\/p>\n<p><em>Shkrimi u botua ne Shqiptarja.com<\/em><br \/>\n(<em>sg\/shqiptarja.com<\/em>)<\/p>\n","protected":false},"excerpt":{"rendered":"<p>Analize nga AFRIM KRASNIQI N\u00eb fillim t\u00eb 1997 nj\u00eb politikan i djatht\u00eb p\u00ebrgatitej p\u00ebr nj\u00eb takim diplomatik dhe problemi kryesor i tij ishte se i mungonte nj\u00eb kostum serioz ceremonial. Dikush doli vullnetar dhe ia dha p\u00ebr 24 or\u00eb. Sot ai \u00ebsht\u00eb nj\u00eb nga 20 politikan\u00ebt m\u00eb t\u00eb pasur, sipas deklaratave n\u00eb ILDKP. Po at\u00eb [&hellip;]<\/p>\n","protected":false},"author":1,"featured_media":0,"comment_status":"open","ping_status":"closed","sticky":false,"template":"","format":"standard","meta":{"footnotes":""},"categories":[2],"tags":[],"class_list":{"0":"post-4162","1":"post","2":"type-post","3":"status-publish","4":"format-standard","6":"category-artikuj"},"yoast_head":"<!-- This site is optimized with the Yoast SEO plugin v27.4 - https:\/\/yoast.com\/product\/yoast-seo-wordpress\/ -->\n<title>Demokracia e oligarkis\u00eb - FjALA e LIR\u00cb - Arkivi<\/title>\n<meta name=\"robots\" content=\"index, follow, max-snippet:-1, max-image-preview:large, max-video-preview:-1\" \/>\n<link rel=\"canonical\" href=\"https:\/\/fjala.info\/2009-2015\/demokracia-e-oligarkise\/\" \/>\n<meta property=\"og:locale\" content=\"sq_AL\" \/>\n<meta property=\"og:type\" content=\"article\" \/>\n<meta property=\"og:title\" content=\"Demokracia e oligarkis\u00eb - FjALA e LIR\u00cb - Arkivi\" \/>\n<meta property=\"og:description\" content=\"Analize nga AFRIM KRASNIQI N\u00eb fillim t\u00eb 1997 nj\u00eb politikan i djatht\u00eb p\u00ebrgatitej p\u00ebr nj\u00eb takim diplomatik dhe problemi kryesor i tij ishte se i mungonte nj\u00eb kostum serioz ceremonial. Dikush doli vullnetar dhe ia dha p\u00ebr 24 or\u00eb. Sot ai \u00ebsht\u00eb nj\u00eb nga 20 politikan\u00ebt m\u00eb t\u00eb pasur, sipas deklaratave n\u00eb ILDKP. Po at\u00eb [&hellip;]\" \/>\n<meta property=\"og:url\" content=\"https:\/\/fjala.info\/2009-2015\/demokracia-e-oligarkise\/\" \/>\n<meta property=\"og:site_name\" content=\"FjALA e LIR\u00cb - Arkivi\" \/>\n<meta property=\"article:published_time\" content=\"2012-08-03T20:15:45+00:00\" \/>\n<meta property=\"og:image\" content=\"http:\/\/www.fjala.info\/2012\/afrim_krasniqi.jpg\" \/>\n<meta name=\"author\" content=\"admin\" \/>\n<meta name=\"twitter:card\" content=\"summary_large_image\" \/>\n<meta name=\"twitter:label1\" content=\"Written by\" \/>\n\t<meta name=\"twitter:data1\" content=\"admin\" \/>\n\t<meta name=\"twitter:label2\" content=\"Est. reading time\" \/>\n\t<meta name=\"twitter:data2\" content=\"8 minutes\" \/>\n<script type=\"application\/ld+json\" class=\"yoast-schema-graph\">{\"@context\":\"https:\\\/\\\/schema.org\",\"@graph\":[{\"@type\":\"Article\",\"@id\":\"https:\\\/\\\/fjala.info\\\/2009-2015\\\/demokracia-e-oligarkise\\\/#article\",\"isPartOf\":{\"@id\":\"https:\\\/\\\/fjala.info\\\/2009-2015\\\/demokracia-e-oligarkise\\\/\"},\"author\":{\"name\":\"admin\",\"@id\":\"https:\\\/\\\/fjala.info\\\/2009-2015\\\/#\\\/schema\\\/person\\\/3aa1163ef05469c496fc94e77611ada2\"},\"headline\":\"Demokracia e oligarkis\u00eb\",\"datePublished\":\"2012-08-03T20:15:45+00:00\",\"mainEntityOfPage\":{\"@id\":\"https:\\\/\\\/fjala.info\\\/2009-2015\\\/demokracia-e-oligarkise\\\/\"},\"wordCount\":1604,\"commentCount\":0,\"publisher\":{\"@id\":\"https:\\\/\\\/fjala.info\\\/2009-2015\\\/#organization\"},\"image\":{\"@id\":\"https:\\\/\\\/fjala.info\\\/2009-2015\\\/demokracia-e-oligarkise\\\/#primaryimage\"},\"thumbnailUrl\":\"http:\\\/\\\/www.fjala.info\\\/2012\\\/afrim_krasniqi.jpg\",\"articleSection\":[\"Artikuj\"],\"inLanguage\":\"sq-AL\",\"potentialAction\":[{\"@type\":\"CommentAction\",\"name\":\"Comment\",\"target\":[\"https:\\\/\\\/fjala.info\\\/2009-2015\\\/demokracia-e-oligarkise\\\/#respond\"]}]},{\"@type\":\"WebPage\",\"@id\":\"https:\\\/\\\/fjala.info\\\/2009-2015\\\/demokracia-e-oligarkise\\\/\",\"url\":\"https:\\\/\\\/fjala.info\\\/2009-2015\\\/demokracia-e-oligarkise\\\/\",\"name\":\"Demokracia e oligarkis\u00eb - FjALA e LIR\u00cb - Arkivi\",\"isPartOf\":{\"@id\":\"https:\\\/\\\/fjala.info\\\/2009-2015\\\/#website\"},\"primaryImageOfPage\":{\"@id\":\"https:\\\/\\\/fjala.info\\\/2009-2015\\\/demokracia-e-oligarkise\\\/#primaryimage\"},\"image\":{\"@id\":\"https:\\\/\\\/fjala.info\\\/2009-2015\\\/demokracia-e-oligarkise\\\/#primaryimage\"},\"thumbnailUrl\":\"http:\\\/\\\/www.fjala.info\\\/2012\\\/afrim_krasniqi.jpg\",\"datePublished\":\"2012-08-03T20:15:45+00:00\",\"breadcrumb\":{\"@id\":\"https:\\\/\\\/fjala.info\\\/2009-2015\\\/demokracia-e-oligarkise\\\/#breadcrumb\"},\"inLanguage\":\"sq-AL\",\"potentialAction\":[{\"@type\":\"ReadAction\",\"target\":[\"https:\\\/\\\/fjala.info\\\/2009-2015\\\/demokracia-e-oligarkise\\\/\"]}]},{\"@type\":\"ImageObject\",\"inLanguage\":\"sq-AL\",\"@id\":\"https:\\\/\\\/fjala.info\\\/2009-2015\\\/demokracia-e-oligarkise\\\/#primaryimage\",\"url\":\"http:\\\/\\\/www.fjala.info\\\/2012\\\/afrim_krasniqi.jpg\",\"contentUrl\":\"http:\\\/\\\/www.fjala.info\\\/2012\\\/afrim_krasniqi.jpg\"},{\"@type\":\"BreadcrumbList\",\"@id\":\"https:\\\/\\\/fjala.info\\\/2009-2015\\\/demokracia-e-oligarkise\\\/#breadcrumb\",\"itemListElement\":[{\"@type\":\"ListItem\",\"position\":1,\"name\":\"Home\",\"item\":\"https:\\\/\\\/fjala.info\\\/2009-2015\\\/\"},{\"@type\":\"ListItem\",\"position\":2,\"name\":\"Demokracia e oligarkis\u00eb\"}]},{\"@type\":\"WebSite\",\"@id\":\"https:\\\/\\\/fjala.info\\\/2009-2015\\\/#website\",\"url\":\"https:\\\/\\\/fjala.info\\\/2009-2015\\\/\",\"name\":\"FjALA e LIR\u00cb - Arkivi\",\"description\":\"Arkivi 2009-2015\",\"publisher\":{\"@id\":\"https:\\\/\\\/fjala.info\\\/2009-2015\\\/#organization\"},\"potentialAction\":[{\"@type\":\"SearchAction\",\"target\":{\"@type\":\"EntryPoint\",\"urlTemplate\":\"https:\\\/\\\/fjala.info\\\/2009-2015\\\/?s={search_term_string}\"},\"query-input\":{\"@type\":\"PropertyValueSpecification\",\"valueRequired\":true,\"valueName\":\"search_term_string\"}}],\"inLanguage\":\"sq-AL\"},{\"@type\":\"Organization\",\"@id\":\"https:\\\/\\\/fjala.info\\\/2009-2015\\\/#organization\",\"name\":\"FjALA e LIR\u00cb - Arkivi\",\"url\":\"https:\\\/\\\/fjala.info\\\/2009-2015\\\/\",\"logo\":{\"@type\":\"ImageObject\",\"inLanguage\":\"sq-AL\",\"@id\":\"https:\\\/\\\/fjala.info\\\/2009-2015\\\/#\\\/schema\\\/logo\\\/image\\\/\",\"url\":\"\",\"contentUrl\":\"\",\"caption\":\"FjALA e LIR\u00cb - Arkivi\"},\"image\":{\"@id\":\"https:\\\/\\\/fjala.info\\\/2009-2015\\\/#\\\/schema\\\/logo\\\/image\\\/\"}},{\"@type\":\"Person\",\"@id\":\"https:\\\/\\\/fjala.info\\\/2009-2015\\\/#\\\/schema\\\/person\\\/3aa1163ef05469c496fc94e77611ada2\",\"name\":\"admin\",\"image\":{\"@type\":\"ImageObject\",\"inLanguage\":\"sq-AL\",\"@id\":\"https:\\\/\\\/fjala.info\\\/2009-2015\\\/wp-content\\\/uploads\\\/2012\\\/02\\\/arben_cokaj-120x150.jpg\",\"url\":\"https:\\\/\\\/fjala.info\\\/2009-2015\\\/wp-content\\\/uploads\\\/2012\\\/02\\\/arben_cokaj-120x150.jpg\",\"contentUrl\":\"https:\\\/\\\/fjala.info\\\/2009-2015\\\/wp-content\\\/uploads\\\/2012\\\/02\\\/arben_cokaj-120x150.jpg\",\"caption\":\"admin\"},\"description\":\"Admin, Fjala e Lir\u00eb\",\"sameAs\":[\"https:\\\/\\\/fjala.info\\\/\"],\"url\":\"https:\\\/\\\/fjala.info\\\/2009-2015\\\/author\\\/admin\\\/\"}]}<\/script>\n<!-- \/ Yoast SEO plugin. -->","yoast_head_json":{"title":"Demokracia e oligarkis\u00eb - FjALA e LIR\u00cb - Arkivi","robots":{"index":"index","follow":"follow","max-snippet":"max-snippet:-1","max-image-preview":"max-image-preview:large","max-video-preview":"max-video-preview:-1"},"canonical":"https:\/\/fjala.info\/2009-2015\/demokracia-e-oligarkise\/","og_locale":"sq_AL","og_type":"article","og_title":"Demokracia e oligarkis\u00eb - FjALA e LIR\u00cb - Arkivi","og_description":"Analize nga AFRIM KRASNIQI N\u00eb fillim t\u00eb 1997 nj\u00eb politikan i djatht\u00eb p\u00ebrgatitej p\u00ebr nj\u00eb takim diplomatik dhe problemi kryesor i tij ishte se i mungonte nj\u00eb kostum serioz ceremonial. Dikush doli vullnetar dhe ia dha p\u00ebr 24 or\u00eb. Sot ai \u00ebsht\u00eb nj\u00eb nga 20 politikan\u00ebt m\u00eb t\u00eb pasur, sipas deklaratave n\u00eb ILDKP. Po at\u00eb [&hellip;]","og_url":"https:\/\/fjala.info\/2009-2015\/demokracia-e-oligarkise\/","og_site_name":"FjALA e LIR\u00cb - Arkivi","article_published_time":"2012-08-03T20:15:45+00:00","og_image":[{"url":"http:\/\/www.fjala.info\/2012\/afrim_krasniqi.jpg","type":"","width":"","height":""}],"author":"admin","twitter_card":"summary_large_image","twitter_misc":{"Written by":"admin","Est. reading time":"8 minutes"},"schema":{"@context":"https:\/\/schema.org","@graph":[{"@type":"Article","@id":"https:\/\/fjala.info\/2009-2015\/demokracia-e-oligarkise\/#article","isPartOf":{"@id":"https:\/\/fjala.info\/2009-2015\/demokracia-e-oligarkise\/"},"author":{"name":"admin","@id":"https:\/\/fjala.info\/2009-2015\/#\/schema\/person\/3aa1163ef05469c496fc94e77611ada2"},"headline":"Demokracia e oligarkis\u00eb","datePublished":"2012-08-03T20:15:45+00:00","mainEntityOfPage":{"@id":"https:\/\/fjala.info\/2009-2015\/demokracia-e-oligarkise\/"},"wordCount":1604,"commentCount":0,"publisher":{"@id":"https:\/\/fjala.info\/2009-2015\/#organization"},"image":{"@id":"https:\/\/fjala.info\/2009-2015\/demokracia-e-oligarkise\/#primaryimage"},"thumbnailUrl":"http:\/\/www.fjala.info\/2012\/afrim_krasniqi.jpg","articleSection":["Artikuj"],"inLanguage":"sq-AL","potentialAction":[{"@type":"CommentAction","name":"Comment","target":["https:\/\/fjala.info\/2009-2015\/demokracia-e-oligarkise\/#respond"]}]},{"@type":"WebPage","@id":"https:\/\/fjala.info\/2009-2015\/demokracia-e-oligarkise\/","url":"https:\/\/fjala.info\/2009-2015\/demokracia-e-oligarkise\/","name":"Demokracia e oligarkis\u00eb - FjALA e LIR\u00cb - Arkivi","isPartOf":{"@id":"https:\/\/fjala.info\/2009-2015\/#website"},"primaryImageOfPage":{"@id":"https:\/\/fjala.info\/2009-2015\/demokracia-e-oligarkise\/#primaryimage"},"image":{"@id":"https:\/\/fjala.info\/2009-2015\/demokracia-e-oligarkise\/#primaryimage"},"thumbnailUrl":"http:\/\/www.fjala.info\/2012\/afrim_krasniqi.jpg","datePublished":"2012-08-03T20:15:45+00:00","breadcrumb":{"@id":"https:\/\/fjala.info\/2009-2015\/demokracia-e-oligarkise\/#breadcrumb"},"inLanguage":"sq-AL","potentialAction":[{"@type":"ReadAction","target":["https:\/\/fjala.info\/2009-2015\/demokracia-e-oligarkise\/"]}]},{"@type":"ImageObject","inLanguage":"sq-AL","@id":"https:\/\/fjala.info\/2009-2015\/demokracia-e-oligarkise\/#primaryimage","url":"http:\/\/www.fjala.info\/2012\/afrim_krasniqi.jpg","contentUrl":"http:\/\/www.fjala.info\/2012\/afrim_krasniqi.jpg"},{"@type":"BreadcrumbList","@id":"https:\/\/fjala.info\/2009-2015\/demokracia-e-oligarkise\/#breadcrumb","itemListElement":[{"@type":"ListItem","position":1,"name":"Home","item":"https:\/\/fjala.info\/2009-2015\/"},{"@type":"ListItem","position":2,"name":"Demokracia e oligarkis\u00eb"}]},{"@type":"WebSite","@id":"https:\/\/fjala.info\/2009-2015\/#website","url":"https:\/\/fjala.info\/2009-2015\/","name":"FjALA e LIR\u00cb - Arkivi","description":"Arkivi 2009-2015","publisher":{"@id":"https:\/\/fjala.info\/2009-2015\/#organization"},"potentialAction":[{"@type":"SearchAction","target":{"@type":"EntryPoint","urlTemplate":"https:\/\/fjala.info\/2009-2015\/?s={search_term_string}"},"query-input":{"@type":"PropertyValueSpecification","valueRequired":true,"valueName":"search_term_string"}}],"inLanguage":"sq-AL"},{"@type":"Organization","@id":"https:\/\/fjala.info\/2009-2015\/#organization","name":"FjALA e LIR\u00cb - Arkivi","url":"https:\/\/fjala.info\/2009-2015\/","logo":{"@type":"ImageObject","inLanguage":"sq-AL","@id":"https:\/\/fjala.info\/2009-2015\/#\/schema\/logo\/image\/","url":"","contentUrl":"","caption":"FjALA e LIR\u00cb - Arkivi"},"image":{"@id":"https:\/\/fjala.info\/2009-2015\/#\/schema\/logo\/image\/"}},{"@type":"Person","@id":"https:\/\/fjala.info\/2009-2015\/#\/schema\/person\/3aa1163ef05469c496fc94e77611ada2","name":"admin","image":{"@type":"ImageObject","inLanguage":"sq-AL","@id":"https:\/\/fjala.info\/2009-2015\/wp-content\/uploads\/2012\/02\/arben_cokaj-120x150.jpg","url":"https:\/\/fjala.info\/2009-2015\/wp-content\/uploads\/2012\/02\/arben_cokaj-120x150.jpg","contentUrl":"https:\/\/fjala.info\/2009-2015\/wp-content\/uploads\/2012\/02\/arben_cokaj-120x150.jpg","caption":"admin"},"description":"Admin, Fjala e Lir\u00eb","sameAs":["https:\/\/fjala.info\/"],"url":"https:\/\/fjala.info\/2009-2015\/author\/admin\/"}]}},"_links":{"self":[{"href":"https:\/\/fjala.info\/2009-2015\/wp-json\/wp\/v2\/posts\/4162","targetHints":{"allow":["GET"]}}],"collection":[{"href":"https:\/\/fjala.info\/2009-2015\/wp-json\/wp\/v2\/posts"}],"about":[{"href":"https:\/\/fjala.info\/2009-2015\/wp-json\/wp\/v2\/types\/post"}],"author":[{"embeddable":true,"href":"https:\/\/fjala.info\/2009-2015\/wp-json\/wp\/v2\/users\/1"}],"replies":[{"embeddable":true,"href":"https:\/\/fjala.info\/2009-2015\/wp-json\/wp\/v2\/comments?post=4162"}],"version-history":[{"count":0,"href":"https:\/\/fjala.info\/2009-2015\/wp-json\/wp\/v2\/posts\/4162\/revisions"}],"wp:attachment":[{"href":"https:\/\/fjala.info\/2009-2015\/wp-json\/wp\/v2\/media?parent=4162"}],"wp:term":[{"taxonomy":"category","embeddable":true,"href":"https:\/\/fjala.info\/2009-2015\/wp-json\/wp\/v2\/categories?post=4162"},{"taxonomy":"post_tag","embeddable":true,"href":"https:\/\/fjala.info\/2009-2015\/wp-json\/wp\/v2\/tags?post=4162"}],"curies":[{"name":"wp","href":"https:\/\/api.w.org\/{rel}","templated":true}]}}