{"id":4161,"date":"2010-10-04T08:55:07","date_gmt":"2010-10-04T07:55:07","guid":{"rendered":"http:\/\/fjala.shkoder.net\/?p=4161"},"modified":"2010-10-04T08:55:07","modified_gmt":"2010-10-04T07:55:07","slug":"prosvalja-e-shtetit","status":"publish","type":"post","link":"https:\/\/fjala.info\/2009-2015\/prosvalja-e-shtetit\/","title":{"rendered":"Prosvalja e shtetit"},"content":{"rendered":"<p><strong>Prof. Dr. Rami Memushaj<\/strong>, <em>04.10.2010<\/em><\/p>\n<p>I bombarduar \u00e7do dit\u00eb me lajme rr\u00ebqeth\u00ebse p\u00ebr afera korrupsioni e skandale politike, qytetari i thjesht\u00eb, sidomos ai i mosh\u00ebs s\u00eb mesme e lart, ndihet tep\u00ebr i tronditur. P\u00ebr t\u00eb mos p\u00ebrfunduar n\u00eb \u00e7mendin\u00eb, atij i duhet t\u00eb shkoj\u00eb n\u00eb nj\u00eb punishte p\u00ebr shp\u00eblarjen e trurit a n\u00eb nj\u00eb klinik\u00eb ku t\u00eb mund ta z\u00ebvend\u00ebsoj\u00eb trurin e vet me nj\u00eb tru t\u00eb ri, t\u00eb zbraz\u00ebt si nj\u00eb harddisk i ri. Gjith\u00eb kjo, sepse p\u00ebrvoja jet\u00ebsore q\u00eb ka grumbulluar duke sh\u00ebrbyer n\u00eb shtet p\u00ebr disa dhjet\u00ebvje\u00e7ar\u00eb e b\u00ebn t\u00eb vuaj\u00eb shpirt\u00ebrisht kur sheh p\u00ebrdit\u00eb gj\u00ebra q\u00eb shkojn\u00eb kund\u00ebr logjik\u00ebs m\u00eb t\u00eb thjesht\u00eb njer\u00ebzore, kund\u00ebr asaj logjike e cila e lejon t&#8217;i kuptoj\u00eb gj\u00ebrat q\u00eb nuk shkojn\u00eb si duhet a q\u00eb shkojn\u00eb mbrapsht, pa qen\u00eb nevoja p\u00ebr t\u00eb pasur diplom\u00eb historie, gjuhe, ekonomie a drejt\u00ebsie.<\/p>\n<p>Nj\u00eb bos i mafies italiane, p\u00ebr t&#8217;i shp\u00ebtuar drejt\u00ebsis\u00eb s\u00eb atij vendi, vjen e ngulet n\u00eb Shqip\u00ebrin\u00eb e &#8220;zerotoleranc\u00ebs&#8221; ndaj krimit t\u00eb organizuar dhe trafiqeve. Kalon n\u00eb dogan\u00eb pa iu dridhur qerpiku dhe ngulet n\u00eb Vlor\u00eb p\u00ebr t\u00eb freskuar shqiptar\u00ebt me akulloret e tij t\u00eb korrupsionit. Kurse shteti i jep leje t\u00eb shtrij\u00eb rrjet\u00ebn e merimang\u00ebs n\u00eb gjith\u00eb vendin, duke ngritur nj\u00ebri pas tjetrit bizneset e tij me parat\u00eb e trafiqeve dhe ia regjistron ato, pa k\u00ebrkuar fare informacion nga autoritetet italiane p\u00ebr past\u00ebrtin\u00eb e k\u00ebtij personi, sikur Italia t\u00eb ndodhej n\u00eb Mars dhe jo 100 km larg apo sikur zyrtar\u00ebt e shtetit ton\u00eb t\u00eb kishin zbritur nga nj\u00eb planet ku nuk njihet korrupsioni.<\/p>\n<p>Kur policia italiane e arreston k\u00ebt\u00eb bos q\u00eb ishte ngulur k\u00ebmb\u00ebkryq n\u00eb Shqip\u00ebri, nj\u00eb ministre del para shqiptar\u00ebve dhe, me nj\u00eb pap\u00ebrgjegj\u00ebsi foshnjore, tund disa shkresa p\u00ebr t\u00eb provuar virgj\u00ebrin\u00eb e djalit t\u00eb mafiozit italian. Nga ana tjet\u00ebr, ortak\u00ebt shqiptar\u00eb t\u00eb mafiozit vrapojn\u00eb t\u00eb b\u00ebjn\u00eb transferimin e pron\u00ebs s\u00eb tij n\u00eb duart e veta duke e bler\u00eb at\u00eb; zyra shtet\u00ebrore e regjistrimit t\u00eb bizneseve e regjistron k\u00ebt\u00eb operacion; kurse organet e drejt\u00ebsis\u00eb b\u00ebjn\u00eb sehir, pa u trazuar fare nga gjith\u00eb k\u00ebto allishverishe. Pra, t\u00eb gjitha hallkat shtet\u00ebrore jasht\u00eb funksionit.<\/p>\n<p>Ne qytetar\u00ebt, q\u00eb i m\u00ebsojm\u00eb k\u00ebto afera nga gazeta dhe televizioni, t\u00eb pajisur me logjik\u00ebn m\u00eb t\u00eb thjesht\u00eb njer\u00ebzore, habitemi dhe nj\u00ebkoh\u00ebsisht tmerrohemi nga skandalet q\u00eb ndodhin nj\u00eb n\u00eb \u00e7do dy dit\u00eb. Logjika e thjesht\u00eb jona na thot\u00eb se shteti q\u00eb lufton kontraband\u00ebn, duhet t\u00eb k\u00ebrkoj\u00eb informacion p\u00ebr burimin e fondeve q\u00eb investohen p\u00ebr t\u00eb ngritur nj\u00eb biznes, aq m\u00eb tep\u00ebr kur investuesit vijn\u00eb nga p\u00ebrtej kufijve. Po ta kishte b\u00ebr\u00eb k\u00ebt\u00eb shteti, do t\u00eb dilte n\u00eb televizion ministri i Brendsh\u00ebm t\u00eb na tregonte dokumentet e l\u00ebshuara nga autoritetet italiane. Dhe ne nuk do t\u00eb dyshonim te shteti. Por ministri i Brendsh\u00ebm nuk u duk, as kryeministri i tij. N\u00eb vend t\u00eb tyre del nj\u00eb ministre q\u00eb nuk mbulon at\u00eb fush\u00eb.<\/p>\n<p>Dhe nuk del t\u00eb mbroj\u00eb shtetin, po t&#8217;ia nxij\u00eb faqen p\u00ebrpara qytetar\u00ebve t\u00eb vet. Shfaqja e ministres s\u00eb Integrimit p\u00ebr t\u00eb justifikuar me ca letra mafiozin italian dhe ortak\u00ebt e tij nuk ishte p\u00ebr t\u00eb zbardhur faqen e shtetit, po p\u00ebr t\u00eb mbrojtur t\u00eb vet\u00ebt. Opozita mund t\u00eb akuzoj\u00eb, se prandaj \u00ebsht\u00eb, t\u00eb ruaj\u00eb pozit\u00ebn dhe t\u00eb demaskoj\u00eb \u00e7do veprim joligjor t\u00eb saj. Po p\u00ebr t\u00eb p\u00ebrg\u00ebnjeshtruar akuzat e opozit\u00ebs, duhet t\u00eb dal\u00eb para opinionit ministri q\u00eb mbulon fush\u00ebn e prekur nga akuzat dhe jo nj\u00eb tjet\u00ebr q\u00eb nuk e ka p\u00ebr tag\u00ebr.<\/p>\n<p>Dalja e k\u00ebsaj zonje dhe gjuha k\u00ebrc\u00ebnuese e p\u00ebrdorur n\u00eb konferenc\u00ebn e shtypit, duke i p\u00ebrmendur edhe emrin e babait Edi Ram\u00ebs (i cili nuk ia ka z\u00ebn\u00eb n\u00eb goj\u00eb emrin e t\u00eb atit zonj\u00ebs ministre), n\u00eb vend q\u00eb ta nxjerr\u00eb t\u00eb palar\u00eb para opinionit, provon se ajo ka dor\u00eb n\u00eb k\u00ebt\u00eb afer\u00eb. Ne q\u00eb jetojm\u00eb n\u00eb Shqip\u00ebri, e shohim me sy se n\u00eb k\u00ebt\u00eb vend bizneset m\u00eb fitimprur\u00ebse jan\u00eb n\u00eb duar t\u00eb njer\u00ebzve t\u00eb politik\u00ebs (t\u00eb djatht\u00eb e t\u00eb majt\u00eb) ose t\u00eb njer\u00ebzve q\u00eb jan\u00eb pran\u00eb tyre (familjar\u00ebt, krushqia, farefisi), se nj\u00eb biznes nuk mund t\u00eb ngihet e t\u00eb mbijetoj\u00eb pa dor\u00ebn dhe p\u00ebrkrahjen e padron\u00ebve t\u00eb politik\u00ebs. Zonja ministre na provoi edhe nj\u00ebher\u00eb se nj\u00eb pjes\u00eb e bizneseve k\u00ebtu u ngjajn\u00eb atyre t\u00eb Al Kapones.<\/p>\n<p>M\u00eb tej, logjika e thjesht\u00eb na thot\u00eb se, kur nj\u00eb person arrestohet p\u00ebr veprimtari kriminale, duhet q\u00eb prokuroria t\u00eb bllokoj\u00eb menj\u00ebher\u00eb llogarit\u00eb e tij bankare dhe pronat e deklaruara, n\u00eb m\u00ebnyr\u00eb q\u00eb t&#8217;u pritet udha veprimeve t\u00eb m\u00ebtejshme financiare apo kalimeve t\u00eb pasuris\u00eb. K\u00ebto dit\u00eb ne pyesnim veten dhe shoqi-shoqin pse nuk ndihet prokuroria, pse nuk iu bllokuan q\u00eb n\u00eb \u00e7astin e arrestimit pasurit\u00eb mafiozit (se institucionet veprojn\u00eb n\u00eb sinkron), duke u l\u00ebn\u00eb koh\u00eb bashk\u00ebpun\u00ebtor\u00ebve t\u00eb tij t\u00eb fshehin pasurit\u00eb. Kjo ndodhi se prokuroria \u00ebsht\u00eb paralizuar apo&#8230; Ajo u kujtua vet\u00ebm pas dy dit\u00ebsh t\u00eb b\u00ebhej e gjall\u00eb, pasi ishte b\u00ebr\u00eb kalimi i pasuris\u00eb n\u00eb duar t\u00eb ortak\u00ebve shqiptar\u00eb dhe pasi ky kalim ishte miratuar nga nj\u00eb institucion shtet\u00ebror.<\/p>\n<p>Prap\u00eb, logjika normale e k\u00ebrkonte q\u00eb ky institucion regjistrues i biznesit, menj\u00ebher\u00eb sa u d\u00ebgjua lajmi n\u00eb televizion, edhe pa urdh\u00ebr t\u00eb prokuroris\u00eb, t\u00eb bllokonte procedurat e regjistrit dhe jo t\u00eb fshinte emrat n\u00eb dokumentet elektronike. M\u00eb tej, sapo u ndryshua dokumenti, n\u00ebpun\u00ebsi q\u00eb e urdh\u00ebroi dhe ai q\u00eb e kreu k\u00ebt\u00eb veprim, duhej t\u00eb ishte ndaluar p\u00ebr falsifikim t\u00eb dokumentacionit. Por kjo s&#8217;ndodhi, edhe pse nj\u00eb veprim i till\u00eb \u00ebsht\u00eb i p\u00ebrs\u00ebritur. Po \u00e7far\u00eb mesazhi u jepet n\u00ebpun\u00ebsve t\u00eb shtetit me mosnd\u00ebshkimin ligjor t\u00eb k\u00ebtyre shkeljeve? Shum\u00ebkush nga k\u00ebta merr guximin t\u00eb v\u00ebr\u00eb dor\u00eb n\u00eb dokumentet, t\u00eb ndryshoj\u00eb p\u00ebrmbajtjen e tyre a t\u00eb l\u00ebshoj\u00eb dokumente fiktive. Po p\u00ebr nj\u00eb shtet dokumentacioni \u00ebsht\u00eb i shenjt\u00eb. A duhet t\u00eb ndodhin k\u00ebto n\u00eb nj\u00eb shtet ligjor? Nuk duhet t\u00eb ndodhin, se p\u00ebrndryshe shteti bie.<\/p>\n<p>T\u00eb gjitha k\u00ebto sjellje e praktika shtetshkat\u00ebrruese, bashk\u00eb me tymnaj\u00ebn e akuzave e t\u00eb shpifjeve, tregojn\u00eb se politikan\u00ebt po na trajtojn\u00eb si t\u00eb ishim nj\u00eb turm\u00eb t\u00eb egrish a skllev\u00ebrish dhe jo nj\u00eb popull q\u00eb prej nj\u00ebqind vjet\u00ebsh p\u00ebrplaset me shtetin e vet dhe q\u00eb i kupton shum\u00eb mir\u00eb paudh\u00ebsit\u00eb q\u00eb ky shtet i ka punuar dhe po i punon. Si ka mund\u00ebsi q\u00eb ministrat t\u00eb l\u00ebshojn\u00eb akuza t\u00eb tmerrshme p\u00ebr korrupsion ndaj nj\u00ebri-tjetrit dhe kryeministri t\u00eb thot\u00eb se t\u00eb dy jan\u00eb qengja? Pse nuk ndalohen menj\u00ebher\u00eb nga prokuroria p\u00ebr t\u00eb provuar akuzat ose, p\u00ebrndryshe, n\u00eb rast se ato jan\u00eb t\u00eb rreme, t\u00eb d\u00ebnohen p\u00ebr shpifje dhe tronditje t\u00eb opinionit shoq\u00ebror? Kjo praktik\u00eb mosnd\u00ebshkimi e shkeljes s\u00eb ligjeve, e fyerjeve e shpifjeve publike q\u00eb po vijon prej 20 vjet\u00ebsh e ka helmuar n\u00eb nj\u00eb shkall\u00eb t\u00eb till\u00eb opinionin ton\u00eb shoq\u00ebror, saq\u00eb njer\u00ebzit kan\u00eb humbur besimin se ky vend do t\u00eb b\u00ebhet.<\/p>\n<p>T\u00eb gjitha k\u00ebto zhvillime negative q\u00eb shkojn\u00eb kund\u00ebr logjik\u00ebs s\u00eb thjesht\u00eb njer\u00ebzore, ndodhin sepse shteti \u00ebsht\u00eb prosvalur, i \u00ebsht\u00eb ngr\u00ebn\u00eb autoriteti, \u00ebsht\u00eb paralizuar, kolonat e tij kan\u00eb marr\u00eb t\u00eb krisur dhe, po t\u00eb vijohet m\u00eb gjat\u00eb k\u00ebshtu, t\u00eb k\u00ebqijat do t\u00eb jen\u00eb t\u00eb paparashikueshme. P\u00ebr t\u00eb dal\u00eb nga kjo gjendje, dy zgjidhje mbeten: ose qeveria t\u00eb nd\u00ebrroj\u00eb popullin, d.m.th. t\u00eb gjej\u00eb nj\u00eb popull tjet\u00ebr pa tru (a t&#8217;ia shp\u00eblaj\u00eb trurin), gj\u00eb q\u00eb \u00ebsht\u00eb e pamundur, ose, p\u00ebrndryshe, t\u00eb nd\u00ebrroj\u00eb m\u00ebnyr\u00ebn e t\u00eb qeverisurit.<\/p>\n<p>Af\u00ebrmendsh, p\u00ebrgjegj\u00ebsia p\u00ebr k\u00ebto ngjarje tep\u00ebr t\u00eb r\u00ebnda q\u00eb ndjekin nj\u00ebra-tjetr\u00ebn, bie mbi ata q\u00eb qeverisin. Por n\u00ebse qeveris\u00ebsit nuk ndiejn\u00eb p\u00ebrgjegj\u00ebsi, \u00ebsht\u00eb drejt\u00ebsia, si garante e kushtetut\u00ebs dhe e ligjit, ajo q\u00eb duhet t&#8217;i v\u00ebr\u00eb para p\u00ebrgjegj\u00ebsis\u00eb. Mir\u00ebpo deri tani drejt\u00ebsia shqiptare nuk e ka b\u00ebr\u00eb nj\u00eb gj\u00eb t\u00eb till\u00eb. Me mosveprimet e saj ajo tregon se \u00ebsht\u00eb b\u00ebr\u00eb e pandjeshme ndaj shkeljes s\u00eb ligjeve, se u \u00ebsht\u00eb n\u00ebnshtruar &#8220;sundimtar\u00ebve t\u00eb fort\u00eb&#8221;, q\u00eb i zbatojn\u00eb ligjet si t&#8217;u doj\u00eb qejfi dhe i shkelin ato sa her\u00eb t&#8217;u doj\u00eb qejfi, mu sikur t\u00eb ishim nj\u00eb shtet feudal.<\/p>\n","protected":false},"excerpt":{"rendered":"<p>Prof. Dr. Rami Memushaj, 04.10.2010 I bombarduar \u00e7do dit\u00eb me lajme rr\u00ebqeth\u00ebse p\u00ebr afera korrupsioni e skandale politike, qytetari i thjesht\u00eb, sidomos ai i mosh\u00ebs s\u00eb mesme e lart, ndihet tep\u00ebr i tronditur. P\u00ebr t\u00eb mos p\u00ebrfunduar n\u00eb \u00e7mendin\u00eb, atij i duhet t\u00eb shkoj\u00eb n\u00eb nj\u00eb punishte p\u00ebr shp\u00eblarjen e trurit a n\u00eb nj\u00eb klinik\u00eb [&hellip;]<\/p>\n","protected":false},"author":1,"featured_media":0,"comment_status":"open","ping_status":"closed","sticky":false,"template":"","format":"standard","meta":{"footnotes":""},"categories":[2],"tags":[],"class_list":{"0":"post-4161","1":"post","2":"type-post","3":"status-publish","4":"format-standard","6":"category-artikuj"},"yoast_head":"<!-- This site is optimized with the Yoast SEO plugin v27.4 - https:\/\/yoast.com\/product\/yoast-seo-wordpress\/ -->\n<title>Prosvalja e shtetit - FjALA e LIR\u00cb - Arkivi<\/title>\n<meta name=\"robots\" content=\"index, follow, max-snippet:-1, max-image-preview:large, max-video-preview:-1\" \/>\n<link rel=\"canonical\" href=\"https:\/\/fjala.info\/2009-2015\/prosvalja-e-shtetit\/\" \/>\n<meta property=\"og:locale\" content=\"sq_AL\" \/>\n<meta property=\"og:type\" content=\"article\" \/>\n<meta property=\"og:title\" content=\"Prosvalja e shtetit - FjALA e LIR\u00cb - Arkivi\" \/>\n<meta property=\"og:description\" content=\"Prof. Dr. Rami Memushaj, 04.10.2010 I bombarduar \u00e7do dit\u00eb me lajme rr\u00ebqeth\u00ebse p\u00ebr afera korrupsioni e skandale politike, qytetari i thjesht\u00eb, sidomos ai i mosh\u00ebs s\u00eb mesme e lart, ndihet tep\u00ebr i tronditur. P\u00ebr t\u00eb mos p\u00ebrfunduar n\u00eb \u00e7mendin\u00eb, atij i duhet t\u00eb shkoj\u00eb n\u00eb nj\u00eb punishte p\u00ebr shp\u00eblarjen e trurit a n\u00eb nj\u00eb klinik\u00eb [&hellip;]\" \/>\n<meta property=\"og:url\" content=\"https:\/\/fjala.info\/2009-2015\/prosvalja-e-shtetit\/\" \/>\n<meta property=\"og:site_name\" content=\"FjALA e LIR\u00cb - Arkivi\" \/>\n<meta property=\"article:published_time\" content=\"2010-10-04T07:55:07+00:00\" \/>\n<meta name=\"author\" content=\"admin\" \/>\n<meta name=\"twitter:card\" content=\"summary_large_image\" \/>\n<meta name=\"twitter:label1\" content=\"Written by\" \/>\n\t<meta name=\"twitter:data1\" content=\"admin\" \/>\n\t<meta name=\"twitter:label2\" content=\"Est. reading time\" \/>\n\t<meta name=\"twitter:data2\" content=\"7 minutes\" \/>\n<script type=\"application\/ld+json\" class=\"yoast-schema-graph\">{\"@context\":\"https:\\\/\\\/schema.org\",\"@graph\":[{\"@type\":\"Article\",\"@id\":\"https:\\\/\\\/fjala.info\\\/2009-2015\\\/prosvalja-e-shtetit\\\/#article\",\"isPartOf\":{\"@id\":\"https:\\\/\\\/fjala.info\\\/2009-2015\\\/prosvalja-e-shtetit\\\/\"},\"author\":{\"name\":\"admin\",\"@id\":\"https:\\\/\\\/fjala.info\\\/2009-2015\\\/#\\\/schema\\\/person\\\/3aa1163ef05469c496fc94e77611ada2\"},\"headline\":\"Prosvalja e shtetit\",\"datePublished\":\"2010-10-04T07:55:07+00:00\",\"mainEntityOfPage\":{\"@id\":\"https:\\\/\\\/fjala.info\\\/2009-2015\\\/prosvalja-e-shtetit\\\/\"},\"wordCount\":1496,\"commentCount\":0,\"publisher\":{\"@id\":\"https:\\\/\\\/fjala.info\\\/2009-2015\\\/#organization\"},\"articleSection\":[\"Artikuj\"],\"inLanguage\":\"sq-AL\",\"potentialAction\":[{\"@type\":\"CommentAction\",\"name\":\"Comment\",\"target\":[\"https:\\\/\\\/fjala.info\\\/2009-2015\\\/prosvalja-e-shtetit\\\/#respond\"]}]},{\"@type\":\"WebPage\",\"@id\":\"https:\\\/\\\/fjala.info\\\/2009-2015\\\/prosvalja-e-shtetit\\\/\",\"url\":\"https:\\\/\\\/fjala.info\\\/2009-2015\\\/prosvalja-e-shtetit\\\/\",\"name\":\"Prosvalja e shtetit - FjALA e LIR\u00cb - Arkivi\",\"isPartOf\":{\"@id\":\"https:\\\/\\\/fjala.info\\\/2009-2015\\\/#website\"},\"datePublished\":\"2010-10-04T07:55:07+00:00\",\"breadcrumb\":{\"@id\":\"https:\\\/\\\/fjala.info\\\/2009-2015\\\/prosvalja-e-shtetit\\\/#breadcrumb\"},\"inLanguage\":\"sq-AL\",\"potentialAction\":[{\"@type\":\"ReadAction\",\"target\":[\"https:\\\/\\\/fjala.info\\\/2009-2015\\\/prosvalja-e-shtetit\\\/\"]}]},{\"@type\":\"BreadcrumbList\",\"@id\":\"https:\\\/\\\/fjala.info\\\/2009-2015\\\/prosvalja-e-shtetit\\\/#breadcrumb\",\"itemListElement\":[{\"@type\":\"ListItem\",\"position\":1,\"name\":\"Home\",\"item\":\"https:\\\/\\\/fjala.info\\\/2009-2015\\\/\"},{\"@type\":\"ListItem\",\"position\":2,\"name\":\"Prosvalja e shtetit\"}]},{\"@type\":\"WebSite\",\"@id\":\"https:\\\/\\\/fjala.info\\\/2009-2015\\\/#website\",\"url\":\"https:\\\/\\\/fjala.info\\\/2009-2015\\\/\",\"name\":\"FjALA e LIR\u00cb - Arkivi\",\"description\":\"Arkivi 2009-2015\",\"publisher\":{\"@id\":\"https:\\\/\\\/fjala.info\\\/2009-2015\\\/#organization\"},\"potentialAction\":[{\"@type\":\"SearchAction\",\"target\":{\"@type\":\"EntryPoint\",\"urlTemplate\":\"https:\\\/\\\/fjala.info\\\/2009-2015\\\/?s={search_term_string}\"},\"query-input\":{\"@type\":\"PropertyValueSpecification\",\"valueRequired\":true,\"valueName\":\"search_term_string\"}}],\"inLanguage\":\"sq-AL\"},{\"@type\":\"Organization\",\"@id\":\"https:\\\/\\\/fjala.info\\\/2009-2015\\\/#organization\",\"name\":\"FjALA e LIR\u00cb - Arkivi\",\"url\":\"https:\\\/\\\/fjala.info\\\/2009-2015\\\/\",\"logo\":{\"@type\":\"ImageObject\",\"inLanguage\":\"sq-AL\",\"@id\":\"https:\\\/\\\/fjala.info\\\/2009-2015\\\/#\\\/schema\\\/logo\\\/image\\\/\",\"url\":\"\",\"contentUrl\":\"\",\"caption\":\"FjALA e LIR\u00cb - Arkivi\"},\"image\":{\"@id\":\"https:\\\/\\\/fjala.info\\\/2009-2015\\\/#\\\/schema\\\/logo\\\/image\\\/\"}},{\"@type\":\"Person\",\"@id\":\"https:\\\/\\\/fjala.info\\\/2009-2015\\\/#\\\/schema\\\/person\\\/3aa1163ef05469c496fc94e77611ada2\",\"name\":\"admin\",\"image\":{\"@type\":\"ImageObject\",\"inLanguage\":\"sq-AL\",\"@id\":\"https:\\\/\\\/fjala.info\\\/2009-2015\\\/wp-content\\\/uploads\\\/2012\\\/02\\\/arben_cokaj-120x150.jpg\",\"url\":\"https:\\\/\\\/fjala.info\\\/2009-2015\\\/wp-content\\\/uploads\\\/2012\\\/02\\\/arben_cokaj-120x150.jpg\",\"contentUrl\":\"https:\\\/\\\/fjala.info\\\/2009-2015\\\/wp-content\\\/uploads\\\/2012\\\/02\\\/arben_cokaj-120x150.jpg\",\"caption\":\"admin\"},\"description\":\"Admin, Fjala e Lir\u00eb\",\"sameAs\":[\"https:\\\/\\\/fjala.info\\\/\"],\"url\":\"https:\\\/\\\/fjala.info\\\/2009-2015\\\/author\\\/admin\\\/\"}]}<\/script>\n<!-- \/ Yoast SEO plugin. -->","yoast_head_json":{"title":"Prosvalja e shtetit - FjALA e LIR\u00cb - Arkivi","robots":{"index":"index","follow":"follow","max-snippet":"max-snippet:-1","max-image-preview":"max-image-preview:large","max-video-preview":"max-video-preview:-1"},"canonical":"https:\/\/fjala.info\/2009-2015\/prosvalja-e-shtetit\/","og_locale":"sq_AL","og_type":"article","og_title":"Prosvalja e shtetit - FjALA e LIR\u00cb - Arkivi","og_description":"Prof. Dr. Rami Memushaj, 04.10.2010 I bombarduar \u00e7do dit\u00eb me lajme rr\u00ebqeth\u00ebse p\u00ebr afera korrupsioni e skandale politike, qytetari i thjesht\u00eb, sidomos ai i mosh\u00ebs s\u00eb mesme e lart, ndihet tep\u00ebr i tronditur. P\u00ebr t\u00eb mos p\u00ebrfunduar n\u00eb \u00e7mendin\u00eb, atij i duhet t\u00eb shkoj\u00eb n\u00eb nj\u00eb punishte p\u00ebr shp\u00eblarjen e trurit a n\u00eb nj\u00eb klinik\u00eb [&hellip;]","og_url":"https:\/\/fjala.info\/2009-2015\/prosvalja-e-shtetit\/","og_site_name":"FjALA e LIR\u00cb - Arkivi","article_published_time":"2010-10-04T07:55:07+00:00","author":"admin","twitter_card":"summary_large_image","twitter_misc":{"Written by":"admin","Est. reading time":"7 minutes"},"schema":{"@context":"https:\/\/schema.org","@graph":[{"@type":"Article","@id":"https:\/\/fjala.info\/2009-2015\/prosvalja-e-shtetit\/#article","isPartOf":{"@id":"https:\/\/fjala.info\/2009-2015\/prosvalja-e-shtetit\/"},"author":{"name":"admin","@id":"https:\/\/fjala.info\/2009-2015\/#\/schema\/person\/3aa1163ef05469c496fc94e77611ada2"},"headline":"Prosvalja e shtetit","datePublished":"2010-10-04T07:55:07+00:00","mainEntityOfPage":{"@id":"https:\/\/fjala.info\/2009-2015\/prosvalja-e-shtetit\/"},"wordCount":1496,"commentCount":0,"publisher":{"@id":"https:\/\/fjala.info\/2009-2015\/#organization"},"articleSection":["Artikuj"],"inLanguage":"sq-AL","potentialAction":[{"@type":"CommentAction","name":"Comment","target":["https:\/\/fjala.info\/2009-2015\/prosvalja-e-shtetit\/#respond"]}]},{"@type":"WebPage","@id":"https:\/\/fjala.info\/2009-2015\/prosvalja-e-shtetit\/","url":"https:\/\/fjala.info\/2009-2015\/prosvalja-e-shtetit\/","name":"Prosvalja e shtetit - FjALA e LIR\u00cb - Arkivi","isPartOf":{"@id":"https:\/\/fjala.info\/2009-2015\/#website"},"datePublished":"2010-10-04T07:55:07+00:00","breadcrumb":{"@id":"https:\/\/fjala.info\/2009-2015\/prosvalja-e-shtetit\/#breadcrumb"},"inLanguage":"sq-AL","potentialAction":[{"@type":"ReadAction","target":["https:\/\/fjala.info\/2009-2015\/prosvalja-e-shtetit\/"]}]},{"@type":"BreadcrumbList","@id":"https:\/\/fjala.info\/2009-2015\/prosvalja-e-shtetit\/#breadcrumb","itemListElement":[{"@type":"ListItem","position":1,"name":"Home","item":"https:\/\/fjala.info\/2009-2015\/"},{"@type":"ListItem","position":2,"name":"Prosvalja e shtetit"}]},{"@type":"WebSite","@id":"https:\/\/fjala.info\/2009-2015\/#website","url":"https:\/\/fjala.info\/2009-2015\/","name":"FjALA e LIR\u00cb - Arkivi","description":"Arkivi 2009-2015","publisher":{"@id":"https:\/\/fjala.info\/2009-2015\/#organization"},"potentialAction":[{"@type":"SearchAction","target":{"@type":"EntryPoint","urlTemplate":"https:\/\/fjala.info\/2009-2015\/?s={search_term_string}"},"query-input":{"@type":"PropertyValueSpecification","valueRequired":true,"valueName":"search_term_string"}}],"inLanguage":"sq-AL"},{"@type":"Organization","@id":"https:\/\/fjala.info\/2009-2015\/#organization","name":"FjALA e LIR\u00cb - Arkivi","url":"https:\/\/fjala.info\/2009-2015\/","logo":{"@type":"ImageObject","inLanguage":"sq-AL","@id":"https:\/\/fjala.info\/2009-2015\/#\/schema\/logo\/image\/","url":"","contentUrl":"","caption":"FjALA e LIR\u00cb - Arkivi"},"image":{"@id":"https:\/\/fjala.info\/2009-2015\/#\/schema\/logo\/image\/"}},{"@type":"Person","@id":"https:\/\/fjala.info\/2009-2015\/#\/schema\/person\/3aa1163ef05469c496fc94e77611ada2","name":"admin","image":{"@type":"ImageObject","inLanguage":"sq-AL","@id":"https:\/\/fjala.info\/2009-2015\/wp-content\/uploads\/2012\/02\/arben_cokaj-120x150.jpg","url":"https:\/\/fjala.info\/2009-2015\/wp-content\/uploads\/2012\/02\/arben_cokaj-120x150.jpg","contentUrl":"https:\/\/fjala.info\/2009-2015\/wp-content\/uploads\/2012\/02\/arben_cokaj-120x150.jpg","caption":"admin"},"description":"Admin, Fjala e Lir\u00eb","sameAs":["https:\/\/fjala.info\/"],"url":"https:\/\/fjala.info\/2009-2015\/author\/admin\/"}]}},"_links":{"self":[{"href":"https:\/\/fjala.info\/2009-2015\/wp-json\/wp\/v2\/posts\/4161","targetHints":{"allow":["GET"]}}],"collection":[{"href":"https:\/\/fjala.info\/2009-2015\/wp-json\/wp\/v2\/posts"}],"about":[{"href":"https:\/\/fjala.info\/2009-2015\/wp-json\/wp\/v2\/types\/post"}],"author":[{"embeddable":true,"href":"https:\/\/fjala.info\/2009-2015\/wp-json\/wp\/v2\/users\/1"}],"replies":[{"embeddable":true,"href":"https:\/\/fjala.info\/2009-2015\/wp-json\/wp\/v2\/comments?post=4161"}],"version-history":[{"count":0,"href":"https:\/\/fjala.info\/2009-2015\/wp-json\/wp\/v2\/posts\/4161\/revisions"}],"wp:attachment":[{"href":"https:\/\/fjala.info\/2009-2015\/wp-json\/wp\/v2\/media?parent=4161"}],"wp:term":[{"taxonomy":"category","embeddable":true,"href":"https:\/\/fjala.info\/2009-2015\/wp-json\/wp\/v2\/categories?post=4161"},{"taxonomy":"post_tag","embeddable":true,"href":"https:\/\/fjala.info\/2009-2015\/wp-json\/wp\/v2\/tags?post=4161"}],"curies":[{"name":"wp","href":"https:\/\/api.w.org\/{rel}","templated":true}]}}