{"id":4158,"date":"2010-10-05T08:53:14","date_gmt":"2010-10-05T07:53:14","guid":{"rendered":"http:\/\/fjala.shkoder.net\/?p=4158"},"modified":"2010-10-05T08:53:14","modified_gmt":"2010-10-05T07:53:14","slug":"patologji-mediatike","status":"publish","type":"post","link":"https:\/\/fjala.info\/2009-2015\/patologji-mediatike\/","title":{"rendered":"Patologji mediatike"},"content":{"rendered":"<p><img loading=\"lazy\" decoding=\"async\" class=\"alignright size-full wp-image-4159\" title=\"Bledar H Prifti\" src=\"http:\/\/fjala.shkoder.net\/wp-content\/uploads\/2010\/10\/bledar_prifti.jpg\" alt=\"\" width=\"180\" height=\"240\" \/><\/p>\n<p><strong>BLEDAR H. PRIFTI<\/strong>, <em>05.10.2010<\/em><\/p>\n<p>Lexova k\u00ebto dit\u00eb nj\u00eb shkrim t\u00eb analistit Mustafa Nano titulluar &#8220;Po pla\u00e7kisin Shqip\u00ebrin\u00eb dit\u00ebn me diell&#8221;. Ai ishte nj\u00eb shkrim q\u00eb evidentonte dhe sillte ide n\u00eb lidhje me korrupsionin q\u00eb ka pllakosur qeverin\u00eb Berisha-Meta. Por, fatkeq\u00ebsisht, pas nj\u00eb analize q\u00eb i b\u00ebhet korrupsionit qeveritar, Nano vendos q\u00eb ta p\u00ebrfundoj\u00eb shkrimin me fjalin\u00eb: &#8220;Nj\u00eb pushtet t\u00ebr\u00ebsisht i korruptuar komandon vendin krejt i pashqet\u00ebsuar ve\u00e7 n\u00eb nj\u00eb rrethan\u00eb: kur opozita \u00ebsht\u00eb po kaq e korruptuar.&#8221;<\/p>\n<p>Pa gjykuar v\u00ebrtet\u00ebsin\u00eb apo falsitetin e pretendimit t\u00eb Nanos n\u00eb at\u00eb fjali t\u00eb fundit, duket ashiqare se ajo fjali \u00ebsht\u00eb e palidhur logjikisht me vijshm\u00ebrin\u00eb e analiz\u00ebs s\u00eb autorit. Prej k\u00ebtej m\u00eb lindin pyetjet, t\u00eb cilat kushdo analist ia b\u00ebn vetes p\u00ebrpara se t\u00eb shpalos mendimet e tij\/saja p\u00ebr publikun: Cili \u00ebsht\u00eb q\u00ebllimi i analistit n\u00eb k\u00ebt\u00eb shkrim? \u00c7far\u00eb donte t&#8217;i shpjegonte ai publikut dhe lexuesit? \u00c7far\u00eb sh\u00ebrbimi i b\u00ebn ky shkrim opinionit publik? Si mundet nj\u00eb analist i k\u00ebtij kalibri t\u00eb shpenzoj\u00eb gjith\u00eb k\u00ebt\u00eb hap\u00ebsir\u00eb mediatike p\u00ebr t\u00eb na treguar korrupsionin e qeveris\u00eb Berisha-Meta dhe n\u00eb fund, si nj\u00eb profet, me nj\u00eb fjali t\u00eb vetme na jep arsyen e ekzistenc\u00ebs s\u00eb k\u00ebtij fenomeni??!!&#8221;<\/p>\n<p>Duke u nisur nga q\u00ebllimi i shkrimit, shkrimi i Nanos, si shum\u00eb shkrime t\u00eb tjera n\u00eb media, nuk mbart asnj\u00eb q\u00ebllim, t\u00eb cilin ne mund ta evidentojm\u00eb dhe as nj\u00eb sh\u00ebrbim q\u00eb ai i b\u00ebn opinionit publik. Pas leximit t\u00eb atij shkrimi, opinioni publik do t\u00eb ishte shum\u00eb m\u00eb konfuz dhe pesimist sesa ishte m\u00eb par\u00eb. N\u00eb realitet, analist nuk quhet nj\u00eb person q\u00eb flet e shkruan si gjith\u00eb t\u00eb tjer\u00ebt, por nj\u00eb person q\u00eb flet e shkruan p\u00ebrmes nj\u00eb procesi t\u00eb menduarit kritik dhe q\u00eb ofron zgjidhje p\u00ebr problematikat, me t\u00eb cilat p\u00ebrballet nj\u00eb shoq\u00ebri apo grup shoq\u00ebror. Supozojm\u00eb se autori kishte si q\u00ebllim b\u00ebrjen publike dhe evidentimin e korrupsionit qeveritar. A thua p\u00ebr k\u00ebt\u00eb mund ta quajm\u00eb z. Nano analist??<\/p>\n<p>Me fjal\u00ebt q\u00eb do t&#8217;i shkonin p\u00ebr shtat shprehive t\u00eb vet z. Nano, un\u00eb do t\u00eb thosha: &#8220;dreqi ta haj\u00eb, por nuk quhesh sot analist t\u00eb flas\u00ebsh p\u00ebr korrupsionin qeveritar n\u00eb nj\u00eb koh\u00eb kur i vog\u00ebl dhe i madh, i shkoll\u00eb dhe i pa shkoll\u00eb, e ka kuptuar se kjo qeveri \u00ebsht\u00eb e korruptuar q\u00eb n\u00eb embrion&#8221;. Nj\u00eb analist i v\u00ebrtet\u00eb do t&#8217;i shpjegonte opinionit publik dhe popullit arsyet e k\u00ebtij korrupsioni galopant dhe jo t\u00eb mjaftohej me evidentimin e nj\u00eb fenomeni q\u00eb e shikojn\u00eb dhe ndiejn\u00eb t\u00eb gjith\u00eb.<\/p>\n<p>K\u00ebtu Nano ka b\u00ebr\u00eb mrekullin\u00eb e profetit dhe e ka shpjeguar arsyen e ekzistenc\u00ebs s\u00eb korrupsionit qeveritar n\u00eb fund me nj\u00eb fjali t\u00eb vetme. Normalisht, lexuesi duhet t\u00eb jet\u00eb habitur me faktin se si autori arriti n\u00eb k\u00ebt\u00eb p\u00ebrfundim n\u00eb nj\u00eb koh\u00eb kur jan\u00eb po Nano dhe mendimtar\u00ebt si ai q\u00eb e kan\u00eb sulmuar opozit\u00ebn socialiste p\u00ebr radikalitet dhe sulme tejet agresive kund\u00ebr pushtetit.<\/p>\n<p>Ky shkrim orvatet q\u00eb t\u00eb rifreskoj\u00eb memorien e analist\u00ebve si Nano dhe t\u00eb evidentoj at\u00eb q\u00eb un\u00eb e quaj &#8220;Patologji Mediatike&#8221;, apo s\u00ebmundje t\u00eb mediave dhe analist\u00ebve shqiptar\u00eb. P\u00ebr mbar\u00eb opinionin publik \u00ebsht\u00eb e qart\u00eb se kjo opozit\u00eb nuk e ka l\u00ebn\u00eb n\u00eb asnj\u00eb moment t\u00eb qet\u00eb k\u00ebt\u00eb qeveri t\u00eb krijuar p\u00ebrmes nj\u00eb pazari banal midis Sali Berish\u00ebs dhe Ilir Met\u00ebs. T\u00eb vetmit q\u00eb e kan\u00eb l\u00ebn\u00eb t\u00eb qet\u00eb k\u00ebt\u00eb qeveri ka qen\u00eb media dhe analist\u00ebt e saj. Fill pas p\u00ebrfundimit t\u00eb zgjedhjeve t\u00eb 28 qershorit, media dhe analist\u00ebt nuk kan\u00eb b\u00ebr\u00eb gj\u00eb tjet\u00ebr, por kan\u00eb sulmuar Edi Ram\u00ebn dhe opozit\u00ebn, duke l\u00ebn\u00eb n\u00eb err\u00ebsir\u00eb pazarin Berisha-Meta, element\u00ebt e tij dhe pasojat q\u00eb do t\u00eb kishte ky pazar n\u00eb mbar\u00ebvajtjen e politik\u00ebs dhe ekonomis\u00eb shqiptare.<\/p>\n<p>T\u00eb gjith\u00ebve na kujtohet periudha pas zgjedhjeve t\u00eb 28 qershorit, kur media dhe analist\u00ebt e saj u l\u00ebshuan t\u00eb t\u00ebrbuar si ujq\u00ebr, hiena, e \u00e7akej kund\u00ebr Edi Ram\u00ebs dhe opozit\u00ebs socialiste. U nd\u00ebrsyen t\u00eb gjith\u00eb n\u00eb at\u00eb q\u00eb un\u00eb e kam quajtur &#8220;kryq\u00ebzata anti-Rama&#8221; dhe kushdo p\u00ebrpiqej q\u00eb t\u00eb tregonte se kush i kishte dh\u00ebmb\u00ebt m\u00eb t\u00eb m\u00ebdhenj p\u00ebr t\u00eb kafshuar opozit\u00ebn dhe Ram\u00ebn, t\u00eb cil\u00ebt nuk ishin gj\u00eb tjet\u00ebr, por viktim\u00eb e nj\u00eb pazari, i cili shum\u00eb shpejt\u00eb do t\u00eb fillonte t\u00eb kafshonte median dhe mbar\u00eb shoq\u00ebrin\u00eb shqiptare. \u00c7far\u00eb nuk than\u00eb dhe \u00e7far\u00eb nuk shpif\u00ebn kund\u00ebr Edi Ram\u00ebs.<\/p>\n<p>N\u00eb fillim ul\u00ebrinin dhe u l\u00ebshuan ku\u00e7 e ma\u00e7 duke th\u00ebn\u00eb se Rama proteston p\u00ebr t\u00eb mbajtur postin e kryetarit t\u00eb PS-s\u00eb. Por, shum\u00eb shpejt koha v\u00ebrtetoi se kjo gj\u00eb ishte thjesht nj\u00eb marr\u00ebzi e fabrikuar n\u00eb zyrat e Berish\u00ebs dhe Met\u00ebs. Nuk do t\u00eb mjaftonte aspekti pozitiv, por kjo media dhe shum\u00eb analist\u00eb do t\u00eb futeshin edhe n\u00eb aspektet familjare dhe n\u00eb shtratin e Edi Ram\u00ebs. N\u00eb \u00e7do debat televiziv, mendimtar\u00ebt tan\u00eb n\u00eb media do t\u00eb hidhnin nj\u00eb det akuzash dhe sharjes kund\u00ebr opozit\u00ebs dhe Edi Ram\u00ebs.<\/p>\n<p>T\u00eb budallallepsur, t\u00eb nd\u00ebrsyer dhe pun\u00ebsuar nga mendjet e djall\u00ebzuara, dhe t\u00eb bashkuar n\u00eb tufa q\u00eb ul\u00ebrinin p\u00ebr kurban, media dhe analist\u00ebt e saj mbuluan n\u00eb m\u00ebnyr\u00ebn m\u00eb idioteske dhe djall\u00ebzore pazarin m\u00eb t\u00eb ndyr\u00eb q\u00eb ka ndodhur ndonj\u00ebher\u00eb n\u00eb politik\u00ebn shqiptare dhe at\u00eb bot\u00ebrore. Kjo tuf\u00eb naiv\u00ebsh, ujq\u00ebrish, hienash, dhe \u00e7akejsh injoroi n\u00eb m\u00ebnyr\u00eb absurde pazarin Berisha-Meta edhe pasi u b\u00eb publik ndarja e pushtetit si pla\u00e7k\u00eb lufte, ku 80% i takonin Berish\u00ebs dhe 20% i takonin Met\u00ebs. Kjo tuf\u00eb nuk e kish p\u00ebr gj\u00eb t\u00eb na tregonte ne se ishte normale q\u00eb nj\u00eb parti t\u00eb votohej nga elektorati p\u00ebr nj\u00eb arsye dhe t\u00eb p\u00ebrdorte mandatin e dh\u00ebn\u00eb nga ai elektorat p\u00ebr t\u00eb kund\u00ebrt\u00ebn e arsyes p\u00ebr t\u00eb cil\u00ebn u votua. P\u00ebrkundrejt k\u00ebtij pazari djall\u00ebzor, opozita socialiste nisi nj\u00eb aksion politik p\u00ebr transparenc\u00ebn e zgjedhjeve t\u00eb 28 qershorit dhe t\u00eb pushtetit t\u00eb lindur nga pazari Berisha-Meta.<\/p>\n<p>Repertori i protestave opozitare, q\u00eb p\u00ebrfshinin edhe p\u00ebrfaq\u00ebsues politik t\u00eb forcave t\u00eb djathta, p\u00ebrfshinte protesta mbar\u00ebpopullore, bojkot t\u00eb parlamentit, dhe grev\u00eb urie. N\u00eb \u00e7do hap t\u00eb k\u00ebtyre protestave mbar\u00ebpopullore, opozita do t\u00eb duhej t\u00eb p\u00ebrballej jo vet\u00ebm me pushtetin Berisha-Meta, por edhe me median dhe mendimtar\u00ebt analist\u00eb naiv\u00eb, finok\u00eb, dhe t\u00eb djall\u00ebzuar t\u00eb pun\u00ebsuar prej medias. N\u00eb m\u00ebnyr\u00eb sistematike, media dhe mendimtar\u00ebt e saj u rreshtuan p\u00ebrkrah pushtetit Berisha-Meta duke sulmuar opozit\u00ebn dhe liderin e saj. Mendjendriturit e medias nuk resht\u00ebn s\u00eb sulmuari opozit\u00ebn edhe kur gra e burra t\u00eb k\u00ebsaj force u sakrifikuan n\u00eb grev\u00ebn e uris\u00eb.<\/p>\n<p>Dhe gjat\u00eb gjith\u00eb k\u00ebsaj kohe q\u00eb media dhe mendimtar\u00ebt e saj merreshin me sulmet kund\u00ebr opozit\u00ebs dhe Edi Ram\u00ebs, pushteti Berisha-Meta vazhdonte t\u00eb konsolidonte lidhjet filo-mafioze dhe t\u00eb grabiste dhe mbyste dal\u00eb-nga-dal\u00eb interesat dhe pasurit\u00eb e shqiptar\u00ebve. \u00c7do dit\u00eb opozita dhe lideri i saj paralajm\u00ebronin median, mendimtar\u00ebt e saj, dhe mbar\u00eb shoq\u00ebrin\u00eb p\u00ebr bab\u00ebzin\u00eb e k\u00ebtij pushteti dhe katastrof\u00ebn politike dhe ekonomike q\u00eb do t\u00eb vinte prej ekzistenc\u00ebs s\u00eb tij.<\/p>\n<p>Sot media dhe mendimtar\u00ebt e saj nuk po b\u00ebjn\u00eb gj\u00eb tjet\u00ebr, por po num\u00ebrojn\u00eb rastet e korrupsionit t\u00eb tipit mafioz q\u00eb opozita socialiste i denoncoi dje. P\u00ebr t\u00eb mos mjaftuar marr\u00ebzia mediatike, mendimtar\u00ebt e saj shpik\u00ebn arsyen idioteske se nuk mb\u00ebshtesnin veprimet e opozit\u00ebs, sepse ajo k\u00ebrkon pushtetin. Mos harroni s\u00eb pretendimi fillestar i mendimtar\u00ebve t\u00eb medias ishte q\u00eb Rama i b\u00ebn k\u00ebto protesta p\u00ebr t\u00eb mbajtur postin e kryetarit t\u00eb PS-s\u00eb. Por k\u00ebtu ka nj\u00eb paradoks: Dje k\u00ebta mendimtar\u00eb i k\u00ebrkonin Ram\u00ebs perse nuk protestoi p\u00ebr G\u00ebrdecin, por nuk vonuan ta shanin Ram\u00ebn, sepse protestoi p\u00ebr vjedhjen e zgjedhjeve.<\/p>\n<p>Jam i sigurt se do t\u00eb ishin p\u00ebrs\u00ebri k\u00ebta mendimtar\u00eb q\u00eb n\u00ebse opozita do t\u00eb protestonte p\u00ebr G\u00ebrdecin do ta konsideronin at\u00eb nj\u00eb protest\u00eb p\u00ebr pushtet, t\u00eb pakt\u00ebn k\u00ebtu t\u00eb \u00e7on logjika e argumentit t\u00eb tyre. Pavar\u00ebsisht asaj q\u00eb do t\u00eb b\u00ebnte opozita, media dhe mendimtar\u00ebt e saj do t\u00eb shpiknin nj\u00eb arsye p\u00ebr t\u00eb sulmuar opozit\u00ebn, dhe kjo t\u00eb kujton at\u00eb shprehjen\/loj\u00eb popullore &#8220;\u00e7far\u00eb uji i ke dh\u00ebn\u00eb gomarit?&#8221; Bile, k\u00ebta mendimtar\u00eb kan\u00eb nd\u00ebrmarr\u00eb rolin e Nostradomusit dhe jan\u00eb n\u00eb gjendje t\u00eb parashikojn\u00eb se si do t\u00eb sillej opozita nes\u00ebr n\u00ebse vjen n\u00eb pushtet.<\/p>\n<p>Po k\u00ebta mendimtar\u00eb mediatik kan\u00eb harruar se demokracia bazohet n\u00eb principin e nd\u00ebshkimit dhe shp\u00ebrblimit t\u00eb pushtetit. Zgjedhjet e lira jan\u00eb test p\u00ebr qeverin\u00eb dhe performanc\u00ebn e saj dhe jo nj\u00eb test p\u00ebr opozit\u00ebn. Q\u00ebndrimet dhe sulmet kund\u00ebr opozit\u00ebs nuk jan\u00eb gj\u00eb tjet\u00ebr ve\u00e7se pallavra dhe fjal\u00eb boshe q\u00eb kontribuojn\u00eb n\u00eb zgjatjen e jet\u00ebs s\u00eb pushtetit ekzistues dhe &#8220;status quo&#8221;-s\u00eb politike. Problemi real sot \u00ebsht\u00eb pushteti dhe jo opozita. N\u00ebse n\u00eb nd\u00ebshkojm\u00eb pushtetin sot, opozita \u00ebsht\u00eb e vet\u00ebdijshme rreth fatit t\u00eb saj kur t\u00eb jet\u00eb nes\u00ebr n\u00eb pushtet.<\/p>\n<p>Po p\u00ebrse ndodh k\u00ebshtu me median dhe mendimtar\u00ebt e saj? Si\u00e7 mund ta kuptoni edhe nga analiza e m\u00ebsip\u00ebrme, mund t\u00eb ket\u00eb disa arsye q\u00eb kan\u00eb shkaktuar k\u00ebt\u00eb patologji mediatike. Nj\u00eb arsye \u00ebsht\u00eb blerja e disa mediave dhe mendimtar\u00ebve t\u00eb tyre nga pushteti aktual. Si sh\u00ebrb\u00ebtor t\u00eb pushtetit, ata do t\u00eb b\u00ebnin \u00e7do gj\u00eb p\u00ebr t\u00eb d\u00ebrrmuar opozit\u00ebn dhe ruajtur pushtetin e padron\u00ebve t\u00eb tyre, pavar\u00ebsisht vlerave shoq\u00ebrore dhe politike t\u00eb pushtetit. Nj\u00eb arsye tjet\u00ebr \u00ebsht\u00eb edhe mungesa e nj\u00eb mendimtari me nj\u00eb sistem t\u00eb kristalizuar vlerash dhe besimi. Duke mos pasur nj\u00eb sistem vlerash dhe besimi, k\u00ebta mendimtar\u00eb k\u00ebnaqin veten duke sulmuar k\u00ebdo. Duke mos qen\u00eb pjes\u00eb e forumeve partiake ose politike dhe duke mos pasur nj\u00eb sistem solid vlerash dhe besimi, ata jan\u00eb t\u00eb prirur t\u00eb sulmojn\u00eb k\u00ebdo q\u00eb \u00ebsht\u00eb i angazhuar n\u00eb politik\u00eb, duke e konsideruar klas\u00ebn politike si nj\u00eb klas\u00eb kund\u00ebrshtare.<\/p>\n<p>Nj\u00eb arsye tjet\u00ebr e r\u00ebnd\u00ebsishme, e nd\u00ebrlidhur me t\u00eb parat, \u00ebsht\u00eb edhe injoranca e disa mendimtar\u00ebve mediatik rreth principeve baz\u00eb t\u00eb demokracis\u00eb dhe funksionimit t\u00eb nj\u00eb sistemi demokratik. Para disa dit\u00ebsh d\u00ebgjova nj\u00eb mendimtar mediatik t\u00eb theksonte se vota e lir\u00eb dhe transparenca e zgjedhjeve duhet t\u00eb ishte arsye dyt\u00ebsore p\u00ebr opozit\u00ebn p\u00ebr t\u00eb protestuar. Kjo \u00ebsht\u00eb absurde dhe e pakonceptueshme n\u00eb nj\u00eb shoq\u00ebri demokratike. N\u00eb hierarkin\u00eb e nevoj\u00ebs s\u00eb nj\u00eb sistemi demokratik, nevoja p\u00ebr zgjedhje t\u00eb lira dhe transparenc\u00eb q\u00ebndron n\u00eb maj\u00ebn e hierarkis\u00eb.<\/p>\n<p>Nuk ka nevoj\u00eb m\u00eb t\u00eb madhe n\u00eb nj\u00eb sistem demokratik sesa nevoja p\u00ebr vot\u00ebn e lir\u00eb dhe transparenc\u00ebn e saj. Aty fillon e ardhmja e demokracis\u00eb. K\u00ebto patologji mediatike t\u00eb p\u00ebrmendura m\u00eb sip\u00ebr nuk b\u00ebjn\u00eb gj\u00eb tjet\u00ebr por ruajn\u00eb &#8220;status quo&#8221;-n\u00eb e pushtetit, ndihmojn\u00eb n\u00eb kristalizimin e fenomeneve korruptive dhe mafioze, dhe v\u00ebshtir\u00ebsojn\u00eb rolin e opozit\u00ebb\u00ebrjes deri n\u00eb at\u00eb pik\u00eb sa edhe mendimtarit mediatik Nano i duket sikur opozita \u00ebsht\u00eb n\u00eb pushtet e korruptuar si vet\u00eb pushteti Berisha-Meta.<\/p>\n","protected":false},"excerpt":{"rendered":"<p>BLEDAR H. PRIFTI, 05.10.2010 Lexova k\u00ebto dit\u00eb nj\u00eb shkrim t\u00eb analistit Mustafa Nano titulluar &#8220;Po pla\u00e7kisin Shqip\u00ebrin\u00eb dit\u00ebn me diell&#8221;. Ai ishte nj\u00eb shkrim q\u00eb evidentonte dhe sillte ide n\u00eb lidhje me korrupsionin q\u00eb ka pllakosur qeverin\u00eb Berisha-Meta. Por, fatkeq\u00ebsisht, pas nj\u00eb analize q\u00eb i b\u00ebhet korrupsionit qeveritar, Nano vendos q\u00eb ta p\u00ebrfundoj\u00eb shkrimin me [&hellip;]<\/p>\n","protected":false},"author":1,"featured_media":0,"comment_status":"open","ping_status":"closed","sticky":false,"template":"","format":"standard","meta":{"footnotes":""},"categories":[2],"tags":[],"class_list":{"0":"post-4158","1":"post","2":"type-post","3":"status-publish","4":"format-standard","6":"category-artikuj"},"yoast_head":"<!-- This site is optimized with the Yoast SEO plugin v27.4 - https:\/\/yoast.com\/product\/yoast-seo-wordpress\/ -->\n<title>Patologji mediatike - FjALA e LIR\u00cb - Arkivi<\/title>\n<meta name=\"robots\" content=\"index, follow, max-snippet:-1, max-image-preview:large, max-video-preview:-1\" \/>\n<link rel=\"canonical\" href=\"https:\/\/fjala.info\/2009-2015\/patologji-mediatike\/\" \/>\n<meta property=\"og:locale\" content=\"sq_AL\" \/>\n<meta property=\"og:type\" content=\"article\" \/>\n<meta property=\"og:title\" content=\"Patologji mediatike - FjALA e LIR\u00cb - Arkivi\" \/>\n<meta property=\"og:description\" content=\"BLEDAR H. PRIFTI, 05.10.2010 Lexova k\u00ebto dit\u00eb nj\u00eb shkrim t\u00eb analistit Mustafa Nano titulluar &#8220;Po pla\u00e7kisin Shqip\u00ebrin\u00eb dit\u00ebn me diell&#8221;. Ai ishte nj\u00eb shkrim q\u00eb evidentonte dhe sillte ide n\u00eb lidhje me korrupsionin q\u00eb ka pllakosur qeverin\u00eb Berisha-Meta. Por, fatkeq\u00ebsisht, pas nj\u00eb analize q\u00eb i b\u00ebhet korrupsionit qeveritar, Nano vendos q\u00eb ta p\u00ebrfundoj\u00eb shkrimin me [&hellip;]\" \/>\n<meta property=\"og:url\" content=\"https:\/\/fjala.info\/2009-2015\/patologji-mediatike\/\" \/>\n<meta property=\"og:site_name\" content=\"FjALA e LIR\u00cb - Arkivi\" \/>\n<meta property=\"article:published_time\" content=\"2010-10-05T07:53:14+00:00\" \/>\n<meta property=\"og:image\" content=\"http:\/\/fjala.shkoder.net\/wp-content\/uploads\/2010\/10\/bledar_prifti.jpg\" \/>\n<meta name=\"author\" content=\"admin\" \/>\n<meta name=\"twitter:card\" content=\"summary_large_image\" \/>\n<meta name=\"twitter:label1\" content=\"Written by\" \/>\n\t<meta name=\"twitter:data1\" content=\"admin\" \/>\n\t<meta name=\"twitter:label2\" content=\"Est. reading time\" \/>\n\t<meta name=\"twitter:data2\" content=\"10 minutes\" \/>\n<script type=\"application\/ld+json\" class=\"yoast-schema-graph\">{\"@context\":\"https:\\\/\\\/schema.org\",\"@graph\":[{\"@type\":\"Article\",\"@id\":\"https:\\\/\\\/fjala.info\\\/2009-2015\\\/patologji-mediatike\\\/#article\",\"isPartOf\":{\"@id\":\"https:\\\/\\\/fjala.info\\\/2009-2015\\\/patologji-mediatike\\\/\"},\"author\":{\"name\":\"admin\",\"@id\":\"https:\\\/\\\/fjala.info\\\/2009-2015\\\/#\\\/schema\\\/person\\\/3aa1163ef05469c496fc94e77611ada2\"},\"headline\":\"Patologji mediatike\",\"datePublished\":\"2010-10-05T07:53:14+00:00\",\"mainEntityOfPage\":{\"@id\":\"https:\\\/\\\/fjala.info\\\/2009-2015\\\/patologji-mediatike\\\/\"},\"wordCount\":1981,\"commentCount\":2,\"publisher\":{\"@id\":\"https:\\\/\\\/fjala.info\\\/2009-2015\\\/#organization\"},\"image\":{\"@id\":\"https:\\\/\\\/fjala.info\\\/2009-2015\\\/patologji-mediatike\\\/#primaryimage\"},\"thumbnailUrl\":\"http:\\\/\\\/fjala.shkoder.net\\\/wp-content\\\/uploads\\\/2010\\\/10\\\/bledar_prifti.jpg\",\"articleSection\":[\"Artikuj\"],\"inLanguage\":\"sq-AL\",\"potentialAction\":[{\"@type\":\"CommentAction\",\"name\":\"Comment\",\"target\":[\"https:\\\/\\\/fjala.info\\\/2009-2015\\\/patologji-mediatike\\\/#respond\"]}]},{\"@type\":\"WebPage\",\"@id\":\"https:\\\/\\\/fjala.info\\\/2009-2015\\\/patologji-mediatike\\\/\",\"url\":\"https:\\\/\\\/fjala.info\\\/2009-2015\\\/patologji-mediatike\\\/\",\"name\":\"Patologji mediatike - FjALA e LIR\u00cb - Arkivi\",\"isPartOf\":{\"@id\":\"https:\\\/\\\/fjala.info\\\/2009-2015\\\/#website\"},\"primaryImageOfPage\":{\"@id\":\"https:\\\/\\\/fjala.info\\\/2009-2015\\\/patologji-mediatike\\\/#primaryimage\"},\"image\":{\"@id\":\"https:\\\/\\\/fjala.info\\\/2009-2015\\\/patologji-mediatike\\\/#primaryimage\"},\"thumbnailUrl\":\"http:\\\/\\\/fjala.shkoder.net\\\/wp-content\\\/uploads\\\/2010\\\/10\\\/bledar_prifti.jpg\",\"datePublished\":\"2010-10-05T07:53:14+00:00\",\"breadcrumb\":{\"@id\":\"https:\\\/\\\/fjala.info\\\/2009-2015\\\/patologji-mediatike\\\/#breadcrumb\"},\"inLanguage\":\"sq-AL\",\"potentialAction\":[{\"@type\":\"ReadAction\",\"target\":[\"https:\\\/\\\/fjala.info\\\/2009-2015\\\/patologji-mediatike\\\/\"]}]},{\"@type\":\"ImageObject\",\"inLanguage\":\"sq-AL\",\"@id\":\"https:\\\/\\\/fjala.info\\\/2009-2015\\\/patologji-mediatike\\\/#primaryimage\",\"url\":\"http:\\\/\\\/fjala.shkoder.net\\\/wp-content\\\/uploads\\\/2010\\\/10\\\/bledar_prifti.jpg\",\"contentUrl\":\"http:\\\/\\\/fjala.shkoder.net\\\/wp-content\\\/uploads\\\/2010\\\/10\\\/bledar_prifti.jpg\"},{\"@type\":\"BreadcrumbList\",\"@id\":\"https:\\\/\\\/fjala.info\\\/2009-2015\\\/patologji-mediatike\\\/#breadcrumb\",\"itemListElement\":[{\"@type\":\"ListItem\",\"position\":1,\"name\":\"Home\",\"item\":\"https:\\\/\\\/fjala.info\\\/2009-2015\\\/\"},{\"@type\":\"ListItem\",\"position\":2,\"name\":\"Patologji mediatike\"}]},{\"@type\":\"WebSite\",\"@id\":\"https:\\\/\\\/fjala.info\\\/2009-2015\\\/#website\",\"url\":\"https:\\\/\\\/fjala.info\\\/2009-2015\\\/\",\"name\":\"FjALA e LIR\u00cb - Arkivi\",\"description\":\"Arkivi 2009-2015\",\"publisher\":{\"@id\":\"https:\\\/\\\/fjala.info\\\/2009-2015\\\/#organization\"},\"potentialAction\":[{\"@type\":\"SearchAction\",\"target\":{\"@type\":\"EntryPoint\",\"urlTemplate\":\"https:\\\/\\\/fjala.info\\\/2009-2015\\\/?s={search_term_string}\"},\"query-input\":{\"@type\":\"PropertyValueSpecification\",\"valueRequired\":true,\"valueName\":\"search_term_string\"}}],\"inLanguage\":\"sq-AL\"},{\"@type\":\"Organization\",\"@id\":\"https:\\\/\\\/fjala.info\\\/2009-2015\\\/#organization\",\"name\":\"FjALA e LIR\u00cb - Arkivi\",\"url\":\"https:\\\/\\\/fjala.info\\\/2009-2015\\\/\",\"logo\":{\"@type\":\"ImageObject\",\"inLanguage\":\"sq-AL\",\"@id\":\"https:\\\/\\\/fjala.info\\\/2009-2015\\\/#\\\/schema\\\/logo\\\/image\\\/\",\"url\":\"\",\"contentUrl\":\"\",\"caption\":\"FjALA e LIR\u00cb - Arkivi\"},\"image\":{\"@id\":\"https:\\\/\\\/fjala.info\\\/2009-2015\\\/#\\\/schema\\\/logo\\\/image\\\/\"}},{\"@type\":\"Person\",\"@id\":\"https:\\\/\\\/fjala.info\\\/2009-2015\\\/#\\\/schema\\\/person\\\/3aa1163ef05469c496fc94e77611ada2\",\"name\":\"admin\",\"image\":{\"@type\":\"ImageObject\",\"inLanguage\":\"sq-AL\",\"@id\":\"https:\\\/\\\/fjala.info\\\/2009-2015\\\/wp-content\\\/uploads\\\/2012\\\/02\\\/arben_cokaj-120x150.jpg\",\"url\":\"https:\\\/\\\/fjala.info\\\/2009-2015\\\/wp-content\\\/uploads\\\/2012\\\/02\\\/arben_cokaj-120x150.jpg\",\"contentUrl\":\"https:\\\/\\\/fjala.info\\\/2009-2015\\\/wp-content\\\/uploads\\\/2012\\\/02\\\/arben_cokaj-120x150.jpg\",\"caption\":\"admin\"},\"description\":\"Admin, Fjala e Lir\u00eb\",\"sameAs\":[\"https:\\\/\\\/fjala.info\\\/\"],\"url\":\"https:\\\/\\\/fjala.info\\\/2009-2015\\\/author\\\/admin\\\/\"}]}<\/script>\n<!-- \/ Yoast SEO plugin. -->","yoast_head_json":{"title":"Patologji mediatike - FjALA e LIR\u00cb - Arkivi","robots":{"index":"index","follow":"follow","max-snippet":"max-snippet:-1","max-image-preview":"max-image-preview:large","max-video-preview":"max-video-preview:-1"},"canonical":"https:\/\/fjala.info\/2009-2015\/patologji-mediatike\/","og_locale":"sq_AL","og_type":"article","og_title":"Patologji mediatike - FjALA e LIR\u00cb - Arkivi","og_description":"BLEDAR H. PRIFTI, 05.10.2010 Lexova k\u00ebto dit\u00eb nj\u00eb shkrim t\u00eb analistit Mustafa Nano titulluar &#8220;Po pla\u00e7kisin Shqip\u00ebrin\u00eb dit\u00ebn me diell&#8221;. Ai ishte nj\u00eb shkrim q\u00eb evidentonte dhe sillte ide n\u00eb lidhje me korrupsionin q\u00eb ka pllakosur qeverin\u00eb Berisha-Meta. Por, fatkeq\u00ebsisht, pas nj\u00eb analize q\u00eb i b\u00ebhet korrupsionit qeveritar, Nano vendos q\u00eb ta p\u00ebrfundoj\u00eb shkrimin me [&hellip;]","og_url":"https:\/\/fjala.info\/2009-2015\/patologji-mediatike\/","og_site_name":"FjALA e LIR\u00cb - Arkivi","article_published_time":"2010-10-05T07:53:14+00:00","og_image":[{"url":"http:\/\/fjala.shkoder.net\/wp-content\/uploads\/2010\/10\/bledar_prifti.jpg","type":"","width":"","height":""}],"author":"admin","twitter_card":"summary_large_image","twitter_misc":{"Written by":"admin","Est. reading time":"10 minutes"},"schema":{"@context":"https:\/\/schema.org","@graph":[{"@type":"Article","@id":"https:\/\/fjala.info\/2009-2015\/patologji-mediatike\/#article","isPartOf":{"@id":"https:\/\/fjala.info\/2009-2015\/patologji-mediatike\/"},"author":{"name":"admin","@id":"https:\/\/fjala.info\/2009-2015\/#\/schema\/person\/3aa1163ef05469c496fc94e77611ada2"},"headline":"Patologji mediatike","datePublished":"2010-10-05T07:53:14+00:00","mainEntityOfPage":{"@id":"https:\/\/fjala.info\/2009-2015\/patologji-mediatike\/"},"wordCount":1981,"commentCount":2,"publisher":{"@id":"https:\/\/fjala.info\/2009-2015\/#organization"},"image":{"@id":"https:\/\/fjala.info\/2009-2015\/patologji-mediatike\/#primaryimage"},"thumbnailUrl":"http:\/\/fjala.shkoder.net\/wp-content\/uploads\/2010\/10\/bledar_prifti.jpg","articleSection":["Artikuj"],"inLanguage":"sq-AL","potentialAction":[{"@type":"CommentAction","name":"Comment","target":["https:\/\/fjala.info\/2009-2015\/patologji-mediatike\/#respond"]}]},{"@type":"WebPage","@id":"https:\/\/fjala.info\/2009-2015\/patologji-mediatike\/","url":"https:\/\/fjala.info\/2009-2015\/patologji-mediatike\/","name":"Patologji mediatike - FjALA e LIR\u00cb - Arkivi","isPartOf":{"@id":"https:\/\/fjala.info\/2009-2015\/#website"},"primaryImageOfPage":{"@id":"https:\/\/fjala.info\/2009-2015\/patologji-mediatike\/#primaryimage"},"image":{"@id":"https:\/\/fjala.info\/2009-2015\/patologji-mediatike\/#primaryimage"},"thumbnailUrl":"http:\/\/fjala.shkoder.net\/wp-content\/uploads\/2010\/10\/bledar_prifti.jpg","datePublished":"2010-10-05T07:53:14+00:00","breadcrumb":{"@id":"https:\/\/fjala.info\/2009-2015\/patologji-mediatike\/#breadcrumb"},"inLanguage":"sq-AL","potentialAction":[{"@type":"ReadAction","target":["https:\/\/fjala.info\/2009-2015\/patologji-mediatike\/"]}]},{"@type":"ImageObject","inLanguage":"sq-AL","@id":"https:\/\/fjala.info\/2009-2015\/patologji-mediatike\/#primaryimage","url":"http:\/\/fjala.shkoder.net\/wp-content\/uploads\/2010\/10\/bledar_prifti.jpg","contentUrl":"http:\/\/fjala.shkoder.net\/wp-content\/uploads\/2010\/10\/bledar_prifti.jpg"},{"@type":"BreadcrumbList","@id":"https:\/\/fjala.info\/2009-2015\/patologji-mediatike\/#breadcrumb","itemListElement":[{"@type":"ListItem","position":1,"name":"Home","item":"https:\/\/fjala.info\/2009-2015\/"},{"@type":"ListItem","position":2,"name":"Patologji mediatike"}]},{"@type":"WebSite","@id":"https:\/\/fjala.info\/2009-2015\/#website","url":"https:\/\/fjala.info\/2009-2015\/","name":"FjALA e LIR\u00cb - Arkivi","description":"Arkivi 2009-2015","publisher":{"@id":"https:\/\/fjala.info\/2009-2015\/#organization"},"potentialAction":[{"@type":"SearchAction","target":{"@type":"EntryPoint","urlTemplate":"https:\/\/fjala.info\/2009-2015\/?s={search_term_string}"},"query-input":{"@type":"PropertyValueSpecification","valueRequired":true,"valueName":"search_term_string"}}],"inLanguage":"sq-AL"},{"@type":"Organization","@id":"https:\/\/fjala.info\/2009-2015\/#organization","name":"FjALA e LIR\u00cb - Arkivi","url":"https:\/\/fjala.info\/2009-2015\/","logo":{"@type":"ImageObject","inLanguage":"sq-AL","@id":"https:\/\/fjala.info\/2009-2015\/#\/schema\/logo\/image\/","url":"","contentUrl":"","caption":"FjALA e LIR\u00cb - Arkivi"},"image":{"@id":"https:\/\/fjala.info\/2009-2015\/#\/schema\/logo\/image\/"}},{"@type":"Person","@id":"https:\/\/fjala.info\/2009-2015\/#\/schema\/person\/3aa1163ef05469c496fc94e77611ada2","name":"admin","image":{"@type":"ImageObject","inLanguage":"sq-AL","@id":"https:\/\/fjala.info\/2009-2015\/wp-content\/uploads\/2012\/02\/arben_cokaj-120x150.jpg","url":"https:\/\/fjala.info\/2009-2015\/wp-content\/uploads\/2012\/02\/arben_cokaj-120x150.jpg","contentUrl":"https:\/\/fjala.info\/2009-2015\/wp-content\/uploads\/2012\/02\/arben_cokaj-120x150.jpg","caption":"admin"},"description":"Admin, Fjala e Lir\u00eb","sameAs":["https:\/\/fjala.info\/"],"url":"https:\/\/fjala.info\/2009-2015\/author\/admin\/"}]}},"_links":{"self":[{"href":"https:\/\/fjala.info\/2009-2015\/wp-json\/wp\/v2\/posts\/4158","targetHints":{"allow":["GET"]}}],"collection":[{"href":"https:\/\/fjala.info\/2009-2015\/wp-json\/wp\/v2\/posts"}],"about":[{"href":"https:\/\/fjala.info\/2009-2015\/wp-json\/wp\/v2\/types\/post"}],"author":[{"embeddable":true,"href":"https:\/\/fjala.info\/2009-2015\/wp-json\/wp\/v2\/users\/1"}],"replies":[{"embeddable":true,"href":"https:\/\/fjala.info\/2009-2015\/wp-json\/wp\/v2\/comments?post=4158"}],"version-history":[{"count":0,"href":"https:\/\/fjala.info\/2009-2015\/wp-json\/wp\/v2\/posts\/4158\/revisions"}],"wp:attachment":[{"href":"https:\/\/fjala.info\/2009-2015\/wp-json\/wp\/v2\/media?parent=4158"}],"wp:term":[{"taxonomy":"category","embeddable":true,"href":"https:\/\/fjala.info\/2009-2015\/wp-json\/wp\/v2\/categories?post=4158"},{"taxonomy":"post_tag","embeddable":true,"href":"https:\/\/fjala.info\/2009-2015\/wp-json\/wp\/v2\/tags?post=4158"}],"curies":[{"name":"wp","href":"https:\/\/api.w.org\/{rel}","templated":true}]}}