{"id":4154,"date":"2012-08-03T15:44:39","date_gmt":"2012-08-03T14:44:39","guid":{"rendered":"http:\/\/www.fjala.info\/?p=4154"},"modified":"2012-08-03T15:44:39","modified_gmt":"2012-08-03T14:44:39","slug":"po-pse-kjo-gjakmarrja-juaj-nuk-qenka-pune-myslimanesh","status":"publish","type":"post","link":"https:\/\/fjala.info\/2009-2015\/po-pse-kjo-gjakmarrja-juaj-nuk-qenka-pune-myslimanesh\/","title":{"rendered":"\u201cPo pse, kjo gjakmarrja juaj, nuk qenka\u2026 pun\u00eb mysliman\u00ebsh?!\u201d"},"content":{"rendered":"<p><img decoding=\"async\" class=\"alignleft size-thumbnail wp-image-7236\" title=\"Christina F\u00e4rber\" src=\"http:\/\/www.fjala.info\/2012\/christina_farber.jpg\" alt=\"\" width=\"200\" \/> <strong>ResPublica.al<\/strong>, <em>2 gusht 2012<\/em><\/p>\n<p>Gruaja q\u00eb shihni n\u00eb foto \u00ebsht\u00eb nj\u00eb murgesh\u00eb gjermane. Quhet <strong>Christina F\u00e4rber<\/strong>. Ka 15 vjet q\u00eb jeton n\u00eb Shkod\u00ebr. Mbr\u00ebm\u00eb n\u00eb or\u00ebn 23.30 n\u00eb stacionin televiziv gjerman ARD u shfaq nj\u00eb dokumentar i gjat\u00eb i regjisorit Marc Wiese. Wiese ka ndjekur k\u00ebt\u00eb grua dhe 8 t\u00eb rinj shqiptar\u00eb nga Shkodra n\u00eb Vatikan e m\u00eb pas n\u00eb Gjermani. Nj\u00eb guxim i madh; nj\u00eb udh\u00ebtim i paimagjinuesh\u00ebm sepse 8 t\u00eb rinjt\u00eb n\u00eb fjal\u00eb nuk ishin 8 t\u00eb rinj t\u00eb zakonsh\u00ebm. <\/p>\n<p>Ata ishin 8 t\u00eb rinj q\u00eb t\u00eb vetmen gj\u00eb q\u00eb kishin par\u00eb n\u00eb jet\u00ebn e tyre ishte peizazhi i hirt\u00eb nga dritarja e dhom\u00ebs s\u00eb tyre t\u00eb gjumit n\u00eb kullat e ngujimit n\u00eb Veri. Imagjinojeni pak: Nj\u00ebri prej tyre (ishte v\u00ebn\u00eb n\u00eb qend\u00ebr t\u00eb reportazhit-udh\u00ebtim) ishte nj\u00eb i ri rreth t\u00eb nj\u00ebzetave me emrin Kristian q\u00eb kishte 18 vjet q\u00eb nuk kishte dal\u00eb kurr\u00eb nga sht\u00ebpia e tij: Q\u00eb kur ishte foshnje, kishte qen\u00eb \u201cn\u00eb gjak\u201d!<\/p>\n<p> N\u00ebn drejtimin e Kristin\u00ebs t\u00eb rinjt\u00eb shqiptar\u00eb u betuan n\u00eb nj\u00eb kish\u00eb katolike se do t\u00eb heqin dor\u00eb nga dhuna, kurse Pap\u00ebs i lan\u00eb nj\u00eb let\u00ebr, ku n\u00ebnshkruan se n\u00eb vend t\u00eb Kanunit, Bibla do jet\u00eb p\u00ebrmbajtja e jet\u00ebs s\u00eb tyre. Ajo q\u00eb b\u00ebnte m\u00eb shum\u00eb p\u00ebrshtypje ishte reagimi i bashk\u00ebmoshatar\u00ebve gjerman\u00eb p\u00ebrball\u00eb grupit t\u00eb t\u00eb rinjve shqiptar\u00eb (n\u00eb Gjermani t\u00eb rinjt\u00eb vizituan shum\u00eb shkolla dhe komuna, p\u00ebr t\u00eb treguar p\u00ebr jet\u00ebn e tyre n\u00eb gjakmarrje). P\u00ebr nx\u00ebn\u00ebsit gjerman\u00eb ishte befasuese q\u00eb Kanuni kishte t\u00eb b\u00ebnte me\u2026 t\u00eb krishter\u00ebt si Kristiani. Kishin d\u00ebgjuar p\u00ebr gjakmarrjen shqiptare por pyetja e par\u00eb q\u00eb b\u00ebnin ishte: \u201c<em>Gjakmarrja juaj, nuk \u00ebsht\u00eb nj\u00eb zakon mysliman??<\/em>\u201d (A.N.)<\/p>\n<p>N\u00eb foto: <strong>Christina F\u00e4rber<\/strong>. Filmi i Wiese titullohej \u201c<em>T\u00eb p\u00ebrndjekurit. Pushime nga gjakmarrja<\/em>\u201d, u transmetua mbr\u00ebm\u00eb m\u00eb 1 gusht n\u00eb or\u00ebn 23:30 n\u00eb televizionin gjerman ARD. P\u00ebr Wiese \u00ebsht\u00eb hera e dyt\u00eb q\u00eb pasionohet pas ligjit arkaik t\u00eb hakmarrjes shqiptare. N\u00eb vitin 2007 ai xhiroi filmin dokumentar &#8220;Kanun&#8221;, t\u00eb nderuar me \u00e7mim.<\/p>\n","protected":false},"excerpt":{"rendered":"<p>ResPublica.al, 2 gusht 2012 Gruaja q\u00eb shihni n\u00eb foto \u00ebsht\u00eb nj\u00eb murgesh\u00eb gjermane. Quhet Christina F\u00e4rber. Ka 15 vjet q\u00eb jeton n\u00eb Shkod\u00ebr. Mbr\u00ebm\u00eb n\u00eb or\u00ebn 23.30 n\u00eb stacionin televiziv gjerman ARD u shfaq nj\u00eb dokumentar i gjat\u00eb i regjisorit Marc Wiese. Wiese ka ndjekur k\u00ebt\u00eb grua dhe 8 t\u00eb rinj shqiptar\u00eb nga Shkodra n\u00eb [&hellip;]<\/p>\n","protected":false},"author":1,"featured_media":0,"comment_status":"open","ping_status":"closed","sticky":false,"template":"","format":"standard","meta":{"footnotes":""},"categories":[2,5],"tags":[],"class_list":{"0":"post-4154","1":"post","2":"type-post","3":"status-publish","4":"format-standard","6":"category-artikuj","7":"category-lajme"},"yoast_head":"<!-- This site is optimized with the Yoast SEO plugin v27.4 - https:\/\/yoast.com\/product\/yoast-seo-wordpress\/ -->\n<title>\u201cPo pse, kjo gjakmarrja juaj, nuk qenka\u2026 pun\u00eb mysliman\u00ebsh?!\u201d - FjALA e LIR\u00cb - Arkivi<\/title>\n<meta name=\"robots\" content=\"index, follow, max-snippet:-1, max-image-preview:large, max-video-preview:-1\" \/>\n<link rel=\"canonical\" href=\"https:\/\/fjala.info\/2009-2015\/po-pse-kjo-gjakmarrja-juaj-nuk-qenka-pune-myslimanesh\/\" \/>\n<meta property=\"og:locale\" content=\"sq_AL\" \/>\n<meta property=\"og:type\" content=\"article\" \/>\n<meta property=\"og:title\" content=\"\u201cPo pse, kjo gjakmarrja juaj, nuk qenka\u2026 pun\u00eb mysliman\u00ebsh?!\u201d - FjALA e LIR\u00cb - Arkivi\" \/>\n<meta property=\"og:description\" content=\"ResPublica.al, 2 gusht 2012 Gruaja q\u00eb shihni n\u00eb foto \u00ebsht\u00eb nj\u00eb murgesh\u00eb gjermane. Quhet Christina F\u00e4rber. Ka 15 vjet q\u00eb jeton n\u00eb Shkod\u00ebr. Mbr\u00ebm\u00eb n\u00eb or\u00ebn 23.30 n\u00eb stacionin televiziv gjerman ARD u shfaq nj\u00eb dokumentar i gjat\u00eb i regjisorit Marc Wiese. Wiese ka ndjekur k\u00ebt\u00eb grua dhe 8 t\u00eb rinj shqiptar\u00eb nga Shkodra n\u00eb [&hellip;]\" \/>\n<meta property=\"og:url\" content=\"https:\/\/fjala.info\/2009-2015\/po-pse-kjo-gjakmarrja-juaj-nuk-qenka-pune-myslimanesh\/\" \/>\n<meta property=\"og:site_name\" content=\"FjALA e LIR\u00cb - Arkivi\" \/>\n<meta property=\"article:published_time\" content=\"2012-08-03T14:44:39+00:00\" \/>\n<meta property=\"og:image\" content=\"http:\/\/www.fjala.info\/2012\/christina_farber.jpg\" \/>\n<meta name=\"author\" content=\"admin\" \/>\n<meta name=\"twitter:card\" content=\"summary_large_image\" \/>\n<meta name=\"twitter:label1\" content=\"Written by\" \/>\n\t<meta name=\"twitter:data1\" content=\"admin\" \/>\n\t<meta name=\"twitter:label2\" content=\"Est. reading time\" \/>\n\t<meta name=\"twitter:data2\" content=\"2 minutes\" \/>\n<script type=\"application\/ld+json\" class=\"yoast-schema-graph\">{\"@context\":\"https:\\\/\\\/schema.org\",\"@graph\":[{\"@type\":\"Article\",\"@id\":\"https:\\\/\\\/fjala.info\\\/2009-2015\\\/po-pse-kjo-gjakmarrja-juaj-nuk-qenka-pune-myslimanesh\\\/#article\",\"isPartOf\":{\"@id\":\"https:\\\/\\\/fjala.info\\\/2009-2015\\\/po-pse-kjo-gjakmarrja-juaj-nuk-qenka-pune-myslimanesh\\\/\"},\"author\":{\"name\":\"admin\",\"@id\":\"https:\\\/\\\/fjala.info\\\/2009-2015\\\/#\\\/schema\\\/person\\\/3aa1163ef05469c496fc94e77611ada2\"},\"headline\":\"\u201cPo pse, kjo gjakmarrja juaj, nuk qenka\u2026 pun\u00eb mysliman\u00ebsh?!\u201d\",\"datePublished\":\"2012-08-03T14:44:39+00:00\",\"mainEntityOfPage\":{\"@id\":\"https:\\\/\\\/fjala.info\\\/2009-2015\\\/po-pse-kjo-gjakmarrja-juaj-nuk-qenka-pune-myslimanesh\\\/\"},\"wordCount\":365,\"commentCount\":0,\"publisher\":{\"@id\":\"https:\\\/\\\/fjala.info\\\/2009-2015\\\/#organization\"},\"image\":{\"@id\":\"https:\\\/\\\/fjala.info\\\/2009-2015\\\/po-pse-kjo-gjakmarrja-juaj-nuk-qenka-pune-myslimanesh\\\/#primaryimage\"},\"thumbnailUrl\":\"http:\\\/\\\/www.fjala.info\\\/2012\\\/christina_farber.jpg\",\"articleSection\":[\"Artikuj\",\"Lajme\"],\"inLanguage\":\"sq-AL\",\"potentialAction\":[{\"@type\":\"CommentAction\",\"name\":\"Comment\",\"target\":[\"https:\\\/\\\/fjala.info\\\/2009-2015\\\/po-pse-kjo-gjakmarrja-juaj-nuk-qenka-pune-myslimanesh\\\/#respond\"]}]},{\"@type\":\"WebPage\",\"@id\":\"https:\\\/\\\/fjala.info\\\/2009-2015\\\/po-pse-kjo-gjakmarrja-juaj-nuk-qenka-pune-myslimanesh\\\/\",\"url\":\"https:\\\/\\\/fjala.info\\\/2009-2015\\\/po-pse-kjo-gjakmarrja-juaj-nuk-qenka-pune-myslimanesh\\\/\",\"name\":\"\u201cPo pse, kjo gjakmarrja juaj, nuk qenka\u2026 pun\u00eb mysliman\u00ebsh?!\u201d - FjALA e LIR\u00cb - Arkivi\",\"isPartOf\":{\"@id\":\"https:\\\/\\\/fjala.info\\\/2009-2015\\\/#website\"},\"primaryImageOfPage\":{\"@id\":\"https:\\\/\\\/fjala.info\\\/2009-2015\\\/po-pse-kjo-gjakmarrja-juaj-nuk-qenka-pune-myslimanesh\\\/#primaryimage\"},\"image\":{\"@id\":\"https:\\\/\\\/fjala.info\\\/2009-2015\\\/po-pse-kjo-gjakmarrja-juaj-nuk-qenka-pune-myslimanesh\\\/#primaryimage\"},\"thumbnailUrl\":\"http:\\\/\\\/www.fjala.info\\\/2012\\\/christina_farber.jpg\",\"datePublished\":\"2012-08-03T14:44:39+00:00\",\"breadcrumb\":{\"@id\":\"https:\\\/\\\/fjala.info\\\/2009-2015\\\/po-pse-kjo-gjakmarrja-juaj-nuk-qenka-pune-myslimanesh\\\/#breadcrumb\"},\"inLanguage\":\"sq-AL\",\"potentialAction\":[{\"@type\":\"ReadAction\",\"target\":[\"https:\\\/\\\/fjala.info\\\/2009-2015\\\/po-pse-kjo-gjakmarrja-juaj-nuk-qenka-pune-myslimanesh\\\/\"]}]},{\"@type\":\"ImageObject\",\"inLanguage\":\"sq-AL\",\"@id\":\"https:\\\/\\\/fjala.info\\\/2009-2015\\\/po-pse-kjo-gjakmarrja-juaj-nuk-qenka-pune-myslimanesh\\\/#primaryimage\",\"url\":\"http:\\\/\\\/www.fjala.info\\\/2012\\\/christina_farber.jpg\",\"contentUrl\":\"http:\\\/\\\/www.fjala.info\\\/2012\\\/christina_farber.jpg\"},{\"@type\":\"BreadcrumbList\",\"@id\":\"https:\\\/\\\/fjala.info\\\/2009-2015\\\/po-pse-kjo-gjakmarrja-juaj-nuk-qenka-pune-myslimanesh\\\/#breadcrumb\",\"itemListElement\":[{\"@type\":\"ListItem\",\"position\":1,\"name\":\"Home\",\"item\":\"https:\\\/\\\/fjala.info\\\/2009-2015\\\/\"},{\"@type\":\"ListItem\",\"position\":2,\"name\":\"\u201cPo pse, kjo gjakmarrja juaj, nuk qenka\u2026 pun\u00eb mysliman\u00ebsh?!\u201d\"}]},{\"@type\":\"WebSite\",\"@id\":\"https:\\\/\\\/fjala.info\\\/2009-2015\\\/#website\",\"url\":\"https:\\\/\\\/fjala.info\\\/2009-2015\\\/\",\"name\":\"FjALA e LIR\u00cb - Arkivi\",\"description\":\"Arkivi 2009-2015\",\"publisher\":{\"@id\":\"https:\\\/\\\/fjala.info\\\/2009-2015\\\/#organization\"},\"potentialAction\":[{\"@type\":\"SearchAction\",\"target\":{\"@type\":\"EntryPoint\",\"urlTemplate\":\"https:\\\/\\\/fjala.info\\\/2009-2015\\\/?s={search_term_string}\"},\"query-input\":{\"@type\":\"PropertyValueSpecification\",\"valueRequired\":true,\"valueName\":\"search_term_string\"}}],\"inLanguage\":\"sq-AL\"},{\"@type\":\"Organization\",\"@id\":\"https:\\\/\\\/fjala.info\\\/2009-2015\\\/#organization\",\"name\":\"FjALA e LIR\u00cb - Arkivi\",\"url\":\"https:\\\/\\\/fjala.info\\\/2009-2015\\\/\",\"logo\":{\"@type\":\"ImageObject\",\"inLanguage\":\"sq-AL\",\"@id\":\"https:\\\/\\\/fjala.info\\\/2009-2015\\\/#\\\/schema\\\/logo\\\/image\\\/\",\"url\":\"\",\"contentUrl\":\"\",\"caption\":\"FjALA e LIR\u00cb - Arkivi\"},\"image\":{\"@id\":\"https:\\\/\\\/fjala.info\\\/2009-2015\\\/#\\\/schema\\\/logo\\\/image\\\/\"}},{\"@type\":\"Person\",\"@id\":\"https:\\\/\\\/fjala.info\\\/2009-2015\\\/#\\\/schema\\\/person\\\/3aa1163ef05469c496fc94e77611ada2\",\"name\":\"admin\",\"image\":{\"@type\":\"ImageObject\",\"inLanguage\":\"sq-AL\",\"@id\":\"https:\\\/\\\/fjala.info\\\/2009-2015\\\/wp-content\\\/uploads\\\/2012\\\/02\\\/arben_cokaj-120x150.jpg\",\"url\":\"https:\\\/\\\/fjala.info\\\/2009-2015\\\/wp-content\\\/uploads\\\/2012\\\/02\\\/arben_cokaj-120x150.jpg\",\"contentUrl\":\"https:\\\/\\\/fjala.info\\\/2009-2015\\\/wp-content\\\/uploads\\\/2012\\\/02\\\/arben_cokaj-120x150.jpg\",\"caption\":\"admin\"},\"description\":\"Admin, Fjala e Lir\u00eb\",\"sameAs\":[\"https:\\\/\\\/fjala.info\\\/\"],\"url\":\"https:\\\/\\\/fjala.info\\\/2009-2015\\\/author\\\/admin\\\/\"}]}<\/script>\n<!-- \/ Yoast SEO plugin. -->","yoast_head_json":{"title":"\u201cPo pse, kjo gjakmarrja juaj, nuk qenka\u2026 pun\u00eb mysliman\u00ebsh?!\u201d - FjALA e LIR\u00cb - Arkivi","robots":{"index":"index","follow":"follow","max-snippet":"max-snippet:-1","max-image-preview":"max-image-preview:large","max-video-preview":"max-video-preview:-1"},"canonical":"https:\/\/fjala.info\/2009-2015\/po-pse-kjo-gjakmarrja-juaj-nuk-qenka-pune-myslimanesh\/","og_locale":"sq_AL","og_type":"article","og_title":"\u201cPo pse, kjo gjakmarrja juaj, nuk qenka\u2026 pun\u00eb mysliman\u00ebsh?!\u201d - FjALA e LIR\u00cb - Arkivi","og_description":"ResPublica.al, 2 gusht 2012 Gruaja q\u00eb shihni n\u00eb foto \u00ebsht\u00eb nj\u00eb murgesh\u00eb gjermane. Quhet Christina F\u00e4rber. Ka 15 vjet q\u00eb jeton n\u00eb Shkod\u00ebr. Mbr\u00ebm\u00eb n\u00eb or\u00ebn 23.30 n\u00eb stacionin televiziv gjerman ARD u shfaq nj\u00eb dokumentar i gjat\u00eb i regjisorit Marc Wiese. Wiese ka ndjekur k\u00ebt\u00eb grua dhe 8 t\u00eb rinj shqiptar\u00eb nga Shkodra n\u00eb [&hellip;]","og_url":"https:\/\/fjala.info\/2009-2015\/po-pse-kjo-gjakmarrja-juaj-nuk-qenka-pune-myslimanesh\/","og_site_name":"FjALA e LIR\u00cb - Arkivi","article_published_time":"2012-08-03T14:44:39+00:00","og_image":[{"url":"http:\/\/www.fjala.info\/2012\/christina_farber.jpg","type":"","width":"","height":""}],"author":"admin","twitter_card":"summary_large_image","twitter_misc":{"Written by":"admin","Est. reading time":"2 minutes"},"schema":{"@context":"https:\/\/schema.org","@graph":[{"@type":"Article","@id":"https:\/\/fjala.info\/2009-2015\/po-pse-kjo-gjakmarrja-juaj-nuk-qenka-pune-myslimanesh\/#article","isPartOf":{"@id":"https:\/\/fjala.info\/2009-2015\/po-pse-kjo-gjakmarrja-juaj-nuk-qenka-pune-myslimanesh\/"},"author":{"name":"admin","@id":"https:\/\/fjala.info\/2009-2015\/#\/schema\/person\/3aa1163ef05469c496fc94e77611ada2"},"headline":"\u201cPo pse, kjo gjakmarrja juaj, nuk qenka\u2026 pun\u00eb mysliman\u00ebsh?!\u201d","datePublished":"2012-08-03T14:44:39+00:00","mainEntityOfPage":{"@id":"https:\/\/fjala.info\/2009-2015\/po-pse-kjo-gjakmarrja-juaj-nuk-qenka-pune-myslimanesh\/"},"wordCount":365,"commentCount":0,"publisher":{"@id":"https:\/\/fjala.info\/2009-2015\/#organization"},"image":{"@id":"https:\/\/fjala.info\/2009-2015\/po-pse-kjo-gjakmarrja-juaj-nuk-qenka-pune-myslimanesh\/#primaryimage"},"thumbnailUrl":"http:\/\/www.fjala.info\/2012\/christina_farber.jpg","articleSection":["Artikuj","Lajme"],"inLanguage":"sq-AL","potentialAction":[{"@type":"CommentAction","name":"Comment","target":["https:\/\/fjala.info\/2009-2015\/po-pse-kjo-gjakmarrja-juaj-nuk-qenka-pune-myslimanesh\/#respond"]}]},{"@type":"WebPage","@id":"https:\/\/fjala.info\/2009-2015\/po-pse-kjo-gjakmarrja-juaj-nuk-qenka-pune-myslimanesh\/","url":"https:\/\/fjala.info\/2009-2015\/po-pse-kjo-gjakmarrja-juaj-nuk-qenka-pune-myslimanesh\/","name":"\u201cPo pse, kjo gjakmarrja juaj, nuk qenka\u2026 pun\u00eb mysliman\u00ebsh?!\u201d - FjALA e LIR\u00cb - Arkivi","isPartOf":{"@id":"https:\/\/fjala.info\/2009-2015\/#website"},"primaryImageOfPage":{"@id":"https:\/\/fjala.info\/2009-2015\/po-pse-kjo-gjakmarrja-juaj-nuk-qenka-pune-myslimanesh\/#primaryimage"},"image":{"@id":"https:\/\/fjala.info\/2009-2015\/po-pse-kjo-gjakmarrja-juaj-nuk-qenka-pune-myslimanesh\/#primaryimage"},"thumbnailUrl":"http:\/\/www.fjala.info\/2012\/christina_farber.jpg","datePublished":"2012-08-03T14:44:39+00:00","breadcrumb":{"@id":"https:\/\/fjala.info\/2009-2015\/po-pse-kjo-gjakmarrja-juaj-nuk-qenka-pune-myslimanesh\/#breadcrumb"},"inLanguage":"sq-AL","potentialAction":[{"@type":"ReadAction","target":["https:\/\/fjala.info\/2009-2015\/po-pse-kjo-gjakmarrja-juaj-nuk-qenka-pune-myslimanesh\/"]}]},{"@type":"ImageObject","inLanguage":"sq-AL","@id":"https:\/\/fjala.info\/2009-2015\/po-pse-kjo-gjakmarrja-juaj-nuk-qenka-pune-myslimanesh\/#primaryimage","url":"http:\/\/www.fjala.info\/2012\/christina_farber.jpg","contentUrl":"http:\/\/www.fjala.info\/2012\/christina_farber.jpg"},{"@type":"BreadcrumbList","@id":"https:\/\/fjala.info\/2009-2015\/po-pse-kjo-gjakmarrja-juaj-nuk-qenka-pune-myslimanesh\/#breadcrumb","itemListElement":[{"@type":"ListItem","position":1,"name":"Home","item":"https:\/\/fjala.info\/2009-2015\/"},{"@type":"ListItem","position":2,"name":"\u201cPo pse, kjo gjakmarrja juaj, nuk qenka\u2026 pun\u00eb mysliman\u00ebsh?!\u201d"}]},{"@type":"WebSite","@id":"https:\/\/fjala.info\/2009-2015\/#website","url":"https:\/\/fjala.info\/2009-2015\/","name":"FjALA e LIR\u00cb - Arkivi","description":"Arkivi 2009-2015","publisher":{"@id":"https:\/\/fjala.info\/2009-2015\/#organization"},"potentialAction":[{"@type":"SearchAction","target":{"@type":"EntryPoint","urlTemplate":"https:\/\/fjala.info\/2009-2015\/?s={search_term_string}"},"query-input":{"@type":"PropertyValueSpecification","valueRequired":true,"valueName":"search_term_string"}}],"inLanguage":"sq-AL"},{"@type":"Organization","@id":"https:\/\/fjala.info\/2009-2015\/#organization","name":"FjALA e LIR\u00cb - Arkivi","url":"https:\/\/fjala.info\/2009-2015\/","logo":{"@type":"ImageObject","inLanguage":"sq-AL","@id":"https:\/\/fjala.info\/2009-2015\/#\/schema\/logo\/image\/","url":"","contentUrl":"","caption":"FjALA e LIR\u00cb - Arkivi"},"image":{"@id":"https:\/\/fjala.info\/2009-2015\/#\/schema\/logo\/image\/"}},{"@type":"Person","@id":"https:\/\/fjala.info\/2009-2015\/#\/schema\/person\/3aa1163ef05469c496fc94e77611ada2","name":"admin","image":{"@type":"ImageObject","inLanguage":"sq-AL","@id":"https:\/\/fjala.info\/2009-2015\/wp-content\/uploads\/2012\/02\/arben_cokaj-120x150.jpg","url":"https:\/\/fjala.info\/2009-2015\/wp-content\/uploads\/2012\/02\/arben_cokaj-120x150.jpg","contentUrl":"https:\/\/fjala.info\/2009-2015\/wp-content\/uploads\/2012\/02\/arben_cokaj-120x150.jpg","caption":"admin"},"description":"Admin, Fjala e Lir\u00eb","sameAs":["https:\/\/fjala.info\/"],"url":"https:\/\/fjala.info\/2009-2015\/author\/admin\/"}]}},"_links":{"self":[{"href":"https:\/\/fjala.info\/2009-2015\/wp-json\/wp\/v2\/posts\/4154","targetHints":{"allow":["GET"]}}],"collection":[{"href":"https:\/\/fjala.info\/2009-2015\/wp-json\/wp\/v2\/posts"}],"about":[{"href":"https:\/\/fjala.info\/2009-2015\/wp-json\/wp\/v2\/types\/post"}],"author":[{"embeddable":true,"href":"https:\/\/fjala.info\/2009-2015\/wp-json\/wp\/v2\/users\/1"}],"replies":[{"embeddable":true,"href":"https:\/\/fjala.info\/2009-2015\/wp-json\/wp\/v2\/comments?post=4154"}],"version-history":[{"count":0,"href":"https:\/\/fjala.info\/2009-2015\/wp-json\/wp\/v2\/posts\/4154\/revisions"}],"wp:attachment":[{"href":"https:\/\/fjala.info\/2009-2015\/wp-json\/wp\/v2\/media?parent=4154"}],"wp:term":[{"taxonomy":"category","embeddable":true,"href":"https:\/\/fjala.info\/2009-2015\/wp-json\/wp\/v2\/categories?post=4154"},{"taxonomy":"post_tag","embeddable":true,"href":"https:\/\/fjala.info\/2009-2015\/wp-json\/wp\/v2\/tags?post=4154"}],"curies":[{"name":"wp","href":"https:\/\/api.w.org\/{rel}","templated":true}]}}