{"id":4153,"date":"2010-10-04T08:14:26","date_gmt":"2010-10-04T07:14:26","guid":{"rendered":"http:\/\/fjala.shkoder.net\/?p=4153"},"modified":"2010-10-04T08:14:26","modified_gmt":"2010-10-04T07:14:26","slug":"gruaja-e-perbuzur","status":"publish","type":"post","link":"https:\/\/fjala.info\/2009-2015\/gruaja-e-perbuzur\/","title":{"rendered":"Gruaja e p\u00ebrbuzur"},"content":{"rendered":"<p><img decoding=\"async\" class=\"alignright size-full wp-image-4155\" title=\"Alba Malltezi\" src=\"http:\/\/fjala.shkoder.net\/wp-content\/uploads\/2010\/10\/alba_malltezi.jpg\" alt=\"\" width=\"200\" \/><br \/>\nNga: <strong>ALBA MALLTEZI<\/strong><\/p>\n<p>M\u00eb shum\u00eb se kurr\u00eb, sot n\u00eb shoq\u00ebrin\u00eb ton\u00eb po ushtrohet nj\u00eb shtypje e jasht\u00ebzakonshme ndaj gruas. N\u00eb heshtje, po ndodh nj\u00eb revolucion social q\u00eb gruaja po e b\u00ebn e vetme. Nuk e pat fatin shqiptarja t\u00eb p\u00ebrjetonte e t\u00eb p\u00ebrfitonte nj\u00eb \u201968 evropiane, ku u pren\u00eb nj\u00ebher\u00eb e p\u00ebrgjithmon\u00eb ata zinxhir\u00ebt e paduksh\u00ebm t\u00eb dhun\u00ebs moderne; por sot, edhe pse pa solidaritet, pa pavar\u00ebsi ekonomike, lufta \u00ebsht\u00eb e pandalshme.<\/p>\n<p>Familja, bashk\u00ebshorti, nuk pranon t\u00eb humb\u00eb privilegjet e dikurshme t\u00eb nj\u00eb skllavopronari ndaj bashk\u00ebshortes. \u201cM\u00eb b\u00ebj t\u00eb ha! M\u00eb hekuros k\u00ebmishat! Ku do t\u00eb dal\u00ebsh me shoqet?! M\u00eb sill ujin! Ma hiq k\u00ebt\u00eb pjat\u00eb! Ku i ke v\u00ebn\u00eb pantallonat?! Pse e pe ashtu at\u00eb shit\u00ebsin?! Sa krip\u00eb i ke hedhur gjell\u00ebs! Ku do t\u00eb shkosh ti moj!\u201d. K\u00ebto urdhra, nj\u00eb n\u00ebne n\u00eb familje mund edhe t\u2019i dyfishohen apo trefishohen n\u00eb rast se ka dhe djem. Kjo gjendje konsiderohet normale sidomos n\u00eb shum\u00eb zona t\u00eb Shqip\u00ebris\u00eb s\u00eb Mesme e t\u00eb Veriut.<\/p>\n<p>N\u00eb jug, sidomos juglindje, familja ka zhvilluar dhe ka investuar m\u00eb shum\u00eb n\u00eb bashk\u00ebpunimin e t\u00eb gjith\u00eb familjar\u00ebve n\u00eb mbar\u00ebvajtjen e sht\u00ebpis\u00eb, duket q\u00eb revolucioni i heshtur i gruas aty ka nisur shum\u00eb m\u00eb her\u00ebt. N\u00eb k\u00ebto vite gruaja ka ndryshuar kudo n\u00eb Shqip\u00ebri dhe po lufton p\u00ebr t\u00eb fituar respektin e duhur dhe t\u00eb flak\u00eb bashk\u00eb me vitet q\u00eb shkojn\u00eb, tentativat p\u00ebr ta p\u00ebrdorur si sh\u00ebrb\u00ebtore. E megjithat\u00eb, jo vet\u00ebm q\u00eb vazhdon t\u00eb mbaj\u00eb sht\u00ebpin\u00eb pa asnj\u00eb ndihm\u00eb, por \u00ebsht\u00eb dhe n\u00ebn sh\u00ebnjestr\u00ebn e p\u00ebrbuzjen e m\u00eb t\u00eb af\u00ebrmve, n\u00ebse rebelohet.<\/p>\n<p>Kjo e sh\u00ebrbimit, \u00ebsht\u00eb lufta e par\u00eb e gruas shqiptare. M\u00eb pas vjen ajo e pretendimeve, e d\u00ebshirave, e arg\u00ebtimeve t\u00eb mohuara. Tradicionalisht burrat, si gjat\u00eb regjimit, por edhe sot rr\u00ebmbejn\u00eb pa pyetur k\u00ebnd lirin\u00eb e tyre me shumic\u00eb p\u00ebr t\u00eb b\u00ebr\u00eb e p\u00ebr t\u2019u arg\u00ebtuar si duan. Q\u00eb nga \u201cmonopolizimi\u201d i shikimit t\u00eb programeve t\u00eb preferuara prej tyre n\u00eb televizorin e sht\u00ebpis\u00eb, te or\u00ebt e gjata te klubi i lagjes, deri dhe te tentativat p\u00ebr t\u00eb ngacmuar e joshur vajzat e bot\u00ebs, shum\u00eb burra duket se mbajn\u00eb akoma \u201ccarta bianca\u201d.<\/p>\n<p>Detyrimet n\u00eb familje nuk konsiderohen, nuk konceptohen nga shum\u00eb. Me hapjen e Shqip\u00ebris\u00eb, u hap dhe familja shqiptare. Gruaja m\u00ebsoi se f\u00ebmij\u00ebt mund t\u2019i laj\u00eb, vesh\u00eb, edukoj\u00eb dhe me ndihm\u00ebn e bashk\u00ebshortit dhe ky duhet ta ndihmoj\u00eb. M\u00ebsoi, se kur ajo \u00ebsht\u00eb n\u00eb pun\u00eb, mund t\u00eb gatuaj\u00eb njeriu q\u00eb i ka premtuar dashuri t\u00eb p\u00ebrjetshme; mund t\u00eb kujdeset p\u00ebr f\u00ebmij\u00ebt sa t\u00eb kthehet ajo; mund t\u00eb rrij\u00eb n\u00eb sht\u00ebpi me ta, n\u00ebse n\u00ebn\u00ebs i duhet t\u00eb shkoj\u00eb n\u00eb nj\u00eb mbledhje, udh\u00ebtim pune apo thjesht t\u00eb pij\u00eb nj\u00eb kafe me shoqet.<\/p>\n<p>Dhe kjo \u00ebsht\u00eb m\u00eb e vogla e problemeve, pasi nevoj\u00ebn m\u00eb t\u00eb madhe p\u00ebr ndihm\u00eb, \u00e7lodhje dhe arg\u00ebtim e kan\u00eb n\u00ebnat sht\u00ebpiake. Ato q\u00eb gdhijn\u00eb e ngrysen brenda kat\u00ebr mureve me pak komunikim njer\u00ebzor e shum\u00eb urdhra mbi kurriz. Askush nuk ka p\u00ebr t\u2019ia dh\u00ebn\u00eb k\u00ebt\u00eb ndihm\u00eb, ndaj, brenda mureve t\u00eb sht\u00ebpis\u00eb ajo lufton e vetme, deri n\u00eb vdekje. Dhe \u00e7do gj\u00eb mbyllet me nj\u00eb \u201c&#8230;grindje e momentit\u201d, q\u00eb tregon m\u00eb shum\u00eb se dhjet\u00ebra libra t\u00eb pashkruara akoma p\u00ebr gjendjen e gruas shqiptare.<\/p>\n<p>Po gruaja n\u00eb linj\u00eb t\u00eb par\u00eb? Ajo e politik\u00ebs, artit, medias, sa respektohet, ose m\u00eb mir\u00eb, sa nuk shtypet? Jan\u00eb pjesa m\u00eb e fort\u00eb, edhe pse jan\u00eb n\u00eb presion publik t\u00eb vazhduesh\u00ebm. \u00cbsht\u00eb shum\u00eb i dalluesh\u00ebm toni p\u00ebrbuz\u00ebs, tall\u00ebs, ofendues i p\u00ebrdorur ndaj gruas s\u00eb impenjuar, edhe pse tenton t\u00eb fshihet me fjal\u00eb politikisht korrekte t\u00eb koleg\u00ebve me kollare.<\/p>\n<p>K\u00ebta t\u00eb fundit tregojn\u00eb n\u00eb shprehjet ndaj kolegeve n\u00eb parti, media, art, kultur\u00ebn e tyre, edukat\u00ebn dhe respektin q\u00eb kan\u00eb kultivuar n\u00eb familje. Nga televizionet e shumta, n\u00eb sht\u00ebpit\u00eb e vogla, nga Kuvendi, nga konferencat p\u00ebr shtyp, p\u00ebrbuzja p\u00ebr gruan p\u00ebrcillet dhe g\u00eblltitet me doza t\u00eb vogla, por t\u00eb p\u00ebrditshme. Si nj\u00eb pik\u00eb uji q\u00eb g\u00ebrryen n\u00eb vite dhe shk\u00ebmbin, mesazhet e elit\u00ebs maskiliste shqiptare, g\u00ebrryejn\u00eb pa v\u00ebshtir\u00ebsi trurin e paemancipuar t\u00eb burrit-padron.<\/p>\n<p>Kjo e gruas, p\u00ebr t\u00eb fituar lirin\u00eb individuale, \u00ebsht\u00eb nj\u00eb luft\u00eb e pandalshme; dikush rrezikon t\u00eb humb\u00eb jet\u00ebn edhe p\u00ebr nj\u00eb pjat\u00eb gjell\u00eb t\u00eb v\u00ebn\u00eb m\u00eb von\u00eb se ora 20:00 para bashk\u00ebshortit: \u201cKu ishe? \u00c7far\u00eb do t\u00eb ha un\u00eb, syt\u00eb e tu q\u00eb t\u00eb t\u00eb plasin?! Un\u00eb t\u00eb vras ty e pastaj vras dhe veten!<\/p>\n<p>\u00cbsht\u00eb luft\u00eb e v\u00ebshtir\u00eb, derisa ende n\u00eb opinionin publik (edhe ai q\u00eb mendohet m\u00eb i kualifikuar) gruaja gjykohet, p\u00ebrqeshet, p\u00ebrbuzet. Por jan\u00eb vet\u00ebm grahmat e fundit t\u00eb maskilist\u00ebve t\u00eb fundit q\u00eb feminilitetin e ngat\u00ebrrojn\u00eb me n\u00ebnshtrimin.<\/p>\n<p>(<em>Marr\u00eb nga Gazeta Shqiptare\/BalkanWeb<\/em>)<\/p>\n","protected":false},"excerpt":{"rendered":"<p>Nga: ALBA MALLTEZI M\u00eb shum\u00eb se kurr\u00eb, sot n\u00eb shoq\u00ebrin\u00eb ton\u00eb po ushtrohet nj\u00eb shtypje e jasht\u00ebzakonshme ndaj gruas. N\u00eb heshtje, po ndodh nj\u00eb revolucion social q\u00eb gruaja po e b\u00ebn e vetme. Nuk e pat fatin shqiptarja t\u00eb p\u00ebrjetonte e t\u00eb p\u00ebrfitonte nj\u00eb \u201968 evropiane, ku u pren\u00eb nj\u00ebher\u00eb e p\u00ebrgjithmon\u00eb ata zinxhir\u00ebt e [&hellip;]<\/p>\n","protected":false},"author":1,"featured_media":0,"comment_status":"open","ping_status":"closed","sticky":false,"template":"","format":"standard","meta":{"footnotes":""},"categories":[2],"tags":[],"class_list":{"0":"post-4153","1":"post","2":"type-post","3":"status-publish","4":"format-standard","6":"category-artikuj"},"yoast_head":"<!-- This site is optimized with the Yoast SEO plugin v27.4 - https:\/\/yoast.com\/product\/yoast-seo-wordpress\/ -->\n<title>Gruaja e p\u00ebrbuzur - FjALA e LIR\u00cb - Arkivi<\/title>\n<meta name=\"robots\" content=\"index, follow, max-snippet:-1, max-image-preview:large, max-video-preview:-1\" \/>\n<link rel=\"canonical\" href=\"https:\/\/fjala.info\/2009-2015\/gruaja-e-perbuzur\/\" \/>\n<meta property=\"og:locale\" content=\"sq_AL\" \/>\n<meta property=\"og:type\" content=\"article\" \/>\n<meta property=\"og:title\" content=\"Gruaja e p\u00ebrbuzur - FjALA e LIR\u00cb - Arkivi\" \/>\n<meta property=\"og:description\" content=\"Nga: ALBA MALLTEZI M\u00eb shum\u00eb se kurr\u00eb, sot n\u00eb shoq\u00ebrin\u00eb ton\u00eb po ushtrohet nj\u00eb shtypje e jasht\u00ebzakonshme ndaj gruas. N\u00eb heshtje, po ndodh nj\u00eb revolucion social q\u00eb gruaja po e b\u00ebn e vetme. Nuk e pat fatin shqiptarja t\u00eb p\u00ebrjetonte e t\u00eb p\u00ebrfitonte nj\u00eb \u201968 evropiane, ku u pren\u00eb nj\u00ebher\u00eb e p\u00ebrgjithmon\u00eb ata zinxhir\u00ebt e [&hellip;]\" \/>\n<meta property=\"og:url\" content=\"https:\/\/fjala.info\/2009-2015\/gruaja-e-perbuzur\/\" \/>\n<meta property=\"og:site_name\" content=\"FjALA e LIR\u00cb - Arkivi\" \/>\n<meta property=\"article:published_time\" content=\"2010-10-04T07:14:26+00:00\" \/>\n<meta property=\"og:image\" content=\"http:\/\/fjala.shkoder.net\/wp-content\/uploads\/2010\/10\/alba_malltezi.jpg\" \/>\n<meta name=\"author\" content=\"admin\" \/>\n<meta name=\"twitter:card\" content=\"summary_large_image\" \/>\n<meta name=\"twitter:label1\" content=\"Written by\" \/>\n\t<meta name=\"twitter:data1\" content=\"admin\" \/>\n\t<meta name=\"twitter:label2\" content=\"Est. reading time\" \/>\n\t<meta name=\"twitter:data2\" content=\"4 minutes\" \/>\n<script type=\"application\/ld+json\" class=\"yoast-schema-graph\">{\"@context\":\"https:\\\/\\\/schema.org\",\"@graph\":[{\"@type\":\"Article\",\"@id\":\"https:\\\/\\\/fjala.info\\\/2009-2015\\\/gruaja-e-perbuzur\\\/#article\",\"isPartOf\":{\"@id\":\"https:\\\/\\\/fjala.info\\\/2009-2015\\\/gruaja-e-perbuzur\\\/\"},\"author\":{\"name\":\"admin\",\"@id\":\"https:\\\/\\\/fjala.info\\\/2009-2015\\\/#\\\/schema\\\/person\\\/3aa1163ef05469c496fc94e77611ada2\"},\"headline\":\"Gruaja e p\u00ebrbuzur\",\"datePublished\":\"2010-10-04T07:14:26+00:00\",\"mainEntityOfPage\":{\"@id\":\"https:\\\/\\\/fjala.info\\\/2009-2015\\\/gruaja-e-perbuzur\\\/\"},\"wordCount\":873,\"commentCount\":0,\"publisher\":{\"@id\":\"https:\\\/\\\/fjala.info\\\/2009-2015\\\/#organization\"},\"image\":{\"@id\":\"https:\\\/\\\/fjala.info\\\/2009-2015\\\/gruaja-e-perbuzur\\\/#primaryimage\"},\"thumbnailUrl\":\"http:\\\/\\\/fjala.shkoder.net\\\/wp-content\\\/uploads\\\/2010\\\/10\\\/alba_malltezi.jpg\",\"articleSection\":[\"Artikuj\"],\"inLanguage\":\"sq-AL\",\"potentialAction\":[{\"@type\":\"CommentAction\",\"name\":\"Comment\",\"target\":[\"https:\\\/\\\/fjala.info\\\/2009-2015\\\/gruaja-e-perbuzur\\\/#respond\"]}]},{\"@type\":\"WebPage\",\"@id\":\"https:\\\/\\\/fjala.info\\\/2009-2015\\\/gruaja-e-perbuzur\\\/\",\"url\":\"https:\\\/\\\/fjala.info\\\/2009-2015\\\/gruaja-e-perbuzur\\\/\",\"name\":\"Gruaja e p\u00ebrbuzur - FjALA e LIR\u00cb - Arkivi\",\"isPartOf\":{\"@id\":\"https:\\\/\\\/fjala.info\\\/2009-2015\\\/#website\"},\"primaryImageOfPage\":{\"@id\":\"https:\\\/\\\/fjala.info\\\/2009-2015\\\/gruaja-e-perbuzur\\\/#primaryimage\"},\"image\":{\"@id\":\"https:\\\/\\\/fjala.info\\\/2009-2015\\\/gruaja-e-perbuzur\\\/#primaryimage\"},\"thumbnailUrl\":\"http:\\\/\\\/fjala.shkoder.net\\\/wp-content\\\/uploads\\\/2010\\\/10\\\/alba_malltezi.jpg\",\"datePublished\":\"2010-10-04T07:14:26+00:00\",\"breadcrumb\":{\"@id\":\"https:\\\/\\\/fjala.info\\\/2009-2015\\\/gruaja-e-perbuzur\\\/#breadcrumb\"},\"inLanguage\":\"sq-AL\",\"potentialAction\":[{\"@type\":\"ReadAction\",\"target\":[\"https:\\\/\\\/fjala.info\\\/2009-2015\\\/gruaja-e-perbuzur\\\/\"]}]},{\"@type\":\"ImageObject\",\"inLanguage\":\"sq-AL\",\"@id\":\"https:\\\/\\\/fjala.info\\\/2009-2015\\\/gruaja-e-perbuzur\\\/#primaryimage\",\"url\":\"http:\\\/\\\/fjala.shkoder.net\\\/wp-content\\\/uploads\\\/2010\\\/10\\\/alba_malltezi.jpg\",\"contentUrl\":\"http:\\\/\\\/fjala.shkoder.net\\\/wp-content\\\/uploads\\\/2010\\\/10\\\/alba_malltezi.jpg\"},{\"@type\":\"BreadcrumbList\",\"@id\":\"https:\\\/\\\/fjala.info\\\/2009-2015\\\/gruaja-e-perbuzur\\\/#breadcrumb\",\"itemListElement\":[{\"@type\":\"ListItem\",\"position\":1,\"name\":\"Home\",\"item\":\"https:\\\/\\\/fjala.info\\\/2009-2015\\\/\"},{\"@type\":\"ListItem\",\"position\":2,\"name\":\"Gruaja e p\u00ebrbuzur\"}]},{\"@type\":\"WebSite\",\"@id\":\"https:\\\/\\\/fjala.info\\\/2009-2015\\\/#website\",\"url\":\"https:\\\/\\\/fjala.info\\\/2009-2015\\\/\",\"name\":\"FjALA e LIR\u00cb - Arkivi\",\"description\":\"Arkivi 2009-2015\",\"publisher\":{\"@id\":\"https:\\\/\\\/fjala.info\\\/2009-2015\\\/#organization\"},\"potentialAction\":[{\"@type\":\"SearchAction\",\"target\":{\"@type\":\"EntryPoint\",\"urlTemplate\":\"https:\\\/\\\/fjala.info\\\/2009-2015\\\/?s={search_term_string}\"},\"query-input\":{\"@type\":\"PropertyValueSpecification\",\"valueRequired\":true,\"valueName\":\"search_term_string\"}}],\"inLanguage\":\"sq-AL\"},{\"@type\":\"Organization\",\"@id\":\"https:\\\/\\\/fjala.info\\\/2009-2015\\\/#organization\",\"name\":\"FjALA e LIR\u00cb - Arkivi\",\"url\":\"https:\\\/\\\/fjala.info\\\/2009-2015\\\/\",\"logo\":{\"@type\":\"ImageObject\",\"inLanguage\":\"sq-AL\",\"@id\":\"https:\\\/\\\/fjala.info\\\/2009-2015\\\/#\\\/schema\\\/logo\\\/image\\\/\",\"url\":\"\",\"contentUrl\":\"\",\"caption\":\"FjALA e LIR\u00cb - Arkivi\"},\"image\":{\"@id\":\"https:\\\/\\\/fjala.info\\\/2009-2015\\\/#\\\/schema\\\/logo\\\/image\\\/\"}},{\"@type\":\"Person\",\"@id\":\"https:\\\/\\\/fjala.info\\\/2009-2015\\\/#\\\/schema\\\/person\\\/3aa1163ef05469c496fc94e77611ada2\",\"name\":\"admin\",\"image\":{\"@type\":\"ImageObject\",\"inLanguage\":\"sq-AL\",\"@id\":\"https:\\\/\\\/fjala.info\\\/2009-2015\\\/wp-content\\\/uploads\\\/2012\\\/02\\\/arben_cokaj-120x150.jpg\",\"url\":\"https:\\\/\\\/fjala.info\\\/2009-2015\\\/wp-content\\\/uploads\\\/2012\\\/02\\\/arben_cokaj-120x150.jpg\",\"contentUrl\":\"https:\\\/\\\/fjala.info\\\/2009-2015\\\/wp-content\\\/uploads\\\/2012\\\/02\\\/arben_cokaj-120x150.jpg\",\"caption\":\"admin\"},\"description\":\"Admin, Fjala e Lir\u00eb\",\"sameAs\":[\"https:\\\/\\\/fjala.info\\\/\"],\"url\":\"https:\\\/\\\/fjala.info\\\/2009-2015\\\/author\\\/admin\\\/\"}]}<\/script>\n<!-- \/ Yoast SEO plugin. -->","yoast_head_json":{"title":"Gruaja e p\u00ebrbuzur - FjALA e LIR\u00cb - Arkivi","robots":{"index":"index","follow":"follow","max-snippet":"max-snippet:-1","max-image-preview":"max-image-preview:large","max-video-preview":"max-video-preview:-1"},"canonical":"https:\/\/fjala.info\/2009-2015\/gruaja-e-perbuzur\/","og_locale":"sq_AL","og_type":"article","og_title":"Gruaja e p\u00ebrbuzur - FjALA e LIR\u00cb - Arkivi","og_description":"Nga: ALBA MALLTEZI M\u00eb shum\u00eb se kurr\u00eb, sot n\u00eb shoq\u00ebrin\u00eb ton\u00eb po ushtrohet nj\u00eb shtypje e jasht\u00ebzakonshme ndaj gruas. N\u00eb heshtje, po ndodh nj\u00eb revolucion social q\u00eb gruaja po e b\u00ebn e vetme. Nuk e pat fatin shqiptarja t\u00eb p\u00ebrjetonte e t\u00eb p\u00ebrfitonte nj\u00eb \u201968 evropiane, ku u pren\u00eb nj\u00ebher\u00eb e p\u00ebrgjithmon\u00eb ata zinxhir\u00ebt e [&hellip;]","og_url":"https:\/\/fjala.info\/2009-2015\/gruaja-e-perbuzur\/","og_site_name":"FjALA e LIR\u00cb - Arkivi","article_published_time":"2010-10-04T07:14:26+00:00","og_image":[{"url":"http:\/\/fjala.shkoder.net\/wp-content\/uploads\/2010\/10\/alba_malltezi.jpg","type":"","width":"","height":""}],"author":"admin","twitter_card":"summary_large_image","twitter_misc":{"Written by":"admin","Est. reading time":"4 minutes"},"schema":{"@context":"https:\/\/schema.org","@graph":[{"@type":"Article","@id":"https:\/\/fjala.info\/2009-2015\/gruaja-e-perbuzur\/#article","isPartOf":{"@id":"https:\/\/fjala.info\/2009-2015\/gruaja-e-perbuzur\/"},"author":{"name":"admin","@id":"https:\/\/fjala.info\/2009-2015\/#\/schema\/person\/3aa1163ef05469c496fc94e77611ada2"},"headline":"Gruaja e p\u00ebrbuzur","datePublished":"2010-10-04T07:14:26+00:00","mainEntityOfPage":{"@id":"https:\/\/fjala.info\/2009-2015\/gruaja-e-perbuzur\/"},"wordCount":873,"commentCount":0,"publisher":{"@id":"https:\/\/fjala.info\/2009-2015\/#organization"},"image":{"@id":"https:\/\/fjala.info\/2009-2015\/gruaja-e-perbuzur\/#primaryimage"},"thumbnailUrl":"http:\/\/fjala.shkoder.net\/wp-content\/uploads\/2010\/10\/alba_malltezi.jpg","articleSection":["Artikuj"],"inLanguage":"sq-AL","potentialAction":[{"@type":"CommentAction","name":"Comment","target":["https:\/\/fjala.info\/2009-2015\/gruaja-e-perbuzur\/#respond"]}]},{"@type":"WebPage","@id":"https:\/\/fjala.info\/2009-2015\/gruaja-e-perbuzur\/","url":"https:\/\/fjala.info\/2009-2015\/gruaja-e-perbuzur\/","name":"Gruaja e p\u00ebrbuzur - FjALA e LIR\u00cb - Arkivi","isPartOf":{"@id":"https:\/\/fjala.info\/2009-2015\/#website"},"primaryImageOfPage":{"@id":"https:\/\/fjala.info\/2009-2015\/gruaja-e-perbuzur\/#primaryimage"},"image":{"@id":"https:\/\/fjala.info\/2009-2015\/gruaja-e-perbuzur\/#primaryimage"},"thumbnailUrl":"http:\/\/fjala.shkoder.net\/wp-content\/uploads\/2010\/10\/alba_malltezi.jpg","datePublished":"2010-10-04T07:14:26+00:00","breadcrumb":{"@id":"https:\/\/fjala.info\/2009-2015\/gruaja-e-perbuzur\/#breadcrumb"},"inLanguage":"sq-AL","potentialAction":[{"@type":"ReadAction","target":["https:\/\/fjala.info\/2009-2015\/gruaja-e-perbuzur\/"]}]},{"@type":"ImageObject","inLanguage":"sq-AL","@id":"https:\/\/fjala.info\/2009-2015\/gruaja-e-perbuzur\/#primaryimage","url":"http:\/\/fjala.shkoder.net\/wp-content\/uploads\/2010\/10\/alba_malltezi.jpg","contentUrl":"http:\/\/fjala.shkoder.net\/wp-content\/uploads\/2010\/10\/alba_malltezi.jpg"},{"@type":"BreadcrumbList","@id":"https:\/\/fjala.info\/2009-2015\/gruaja-e-perbuzur\/#breadcrumb","itemListElement":[{"@type":"ListItem","position":1,"name":"Home","item":"https:\/\/fjala.info\/2009-2015\/"},{"@type":"ListItem","position":2,"name":"Gruaja e p\u00ebrbuzur"}]},{"@type":"WebSite","@id":"https:\/\/fjala.info\/2009-2015\/#website","url":"https:\/\/fjala.info\/2009-2015\/","name":"FjALA e LIR\u00cb - Arkivi","description":"Arkivi 2009-2015","publisher":{"@id":"https:\/\/fjala.info\/2009-2015\/#organization"},"potentialAction":[{"@type":"SearchAction","target":{"@type":"EntryPoint","urlTemplate":"https:\/\/fjala.info\/2009-2015\/?s={search_term_string}"},"query-input":{"@type":"PropertyValueSpecification","valueRequired":true,"valueName":"search_term_string"}}],"inLanguage":"sq-AL"},{"@type":"Organization","@id":"https:\/\/fjala.info\/2009-2015\/#organization","name":"FjALA e LIR\u00cb - Arkivi","url":"https:\/\/fjala.info\/2009-2015\/","logo":{"@type":"ImageObject","inLanguage":"sq-AL","@id":"https:\/\/fjala.info\/2009-2015\/#\/schema\/logo\/image\/","url":"","contentUrl":"","caption":"FjALA e LIR\u00cb - Arkivi"},"image":{"@id":"https:\/\/fjala.info\/2009-2015\/#\/schema\/logo\/image\/"}},{"@type":"Person","@id":"https:\/\/fjala.info\/2009-2015\/#\/schema\/person\/3aa1163ef05469c496fc94e77611ada2","name":"admin","image":{"@type":"ImageObject","inLanguage":"sq-AL","@id":"https:\/\/fjala.info\/2009-2015\/wp-content\/uploads\/2012\/02\/arben_cokaj-120x150.jpg","url":"https:\/\/fjala.info\/2009-2015\/wp-content\/uploads\/2012\/02\/arben_cokaj-120x150.jpg","contentUrl":"https:\/\/fjala.info\/2009-2015\/wp-content\/uploads\/2012\/02\/arben_cokaj-120x150.jpg","caption":"admin"},"description":"Admin, Fjala e Lir\u00eb","sameAs":["https:\/\/fjala.info\/"],"url":"https:\/\/fjala.info\/2009-2015\/author\/admin\/"}]}},"_links":{"self":[{"href":"https:\/\/fjala.info\/2009-2015\/wp-json\/wp\/v2\/posts\/4153","targetHints":{"allow":["GET"]}}],"collection":[{"href":"https:\/\/fjala.info\/2009-2015\/wp-json\/wp\/v2\/posts"}],"about":[{"href":"https:\/\/fjala.info\/2009-2015\/wp-json\/wp\/v2\/types\/post"}],"author":[{"embeddable":true,"href":"https:\/\/fjala.info\/2009-2015\/wp-json\/wp\/v2\/users\/1"}],"replies":[{"embeddable":true,"href":"https:\/\/fjala.info\/2009-2015\/wp-json\/wp\/v2\/comments?post=4153"}],"version-history":[{"count":0,"href":"https:\/\/fjala.info\/2009-2015\/wp-json\/wp\/v2\/posts\/4153\/revisions"}],"wp:attachment":[{"href":"https:\/\/fjala.info\/2009-2015\/wp-json\/wp\/v2\/media?parent=4153"}],"wp:term":[{"taxonomy":"category","embeddable":true,"href":"https:\/\/fjala.info\/2009-2015\/wp-json\/wp\/v2\/categories?post=4153"},{"taxonomy":"post_tag","embeddable":true,"href":"https:\/\/fjala.info\/2009-2015\/wp-json\/wp\/v2\/tags?post=4153"}],"curies":[{"name":"wp","href":"https:\/\/api.w.org\/{rel}","templated":true}]}}