{"id":4152,"date":"2012-08-03T15:38:11","date_gmt":"2012-08-03T14:38:11","guid":{"rendered":"http:\/\/www.fjala.info\/?p=4152"},"modified":"2012-08-03T15:38:11","modified_gmt":"2012-08-03T14:38:11","slug":"perse-une-nuk-jam-krenar-qe-jam-shqiptar","status":"publish","type":"post","link":"https:\/\/fjala.info\/2009-2015\/perse-une-nuk-jam-krenar-qe-jam-shqiptar\/","title":{"rendered":"P\u00ebrse un\u00eb nuk jam krenar q\u00eb jam shqiptar"},"content":{"rendered":"<p><img decoding=\"async\" class=\"alignright size-thumbnail wp-image-7236\" title=\"O sa mir\u00eb me qen\u00eb shqiptar\" src=\"http:\/\/www.fjala.info\/2012\/sa_mire_shqiptar.jpg\" alt=\"\" width=\"300\" \/> Nga <strong>Elliot Sacchi<\/strong>, <em>3 gusht 2012<\/em><\/p>\n<p>Shum\u0205kush mund t\u0205 irritohet menj\u0205her\u0205 sapo t\u0205 lexoj\u0205 k\u0205t\u0205 titull dhe pik\u0205risht k\u0205tu fillon arsyeja e mos-krenaris\u0205 time, tek m\u0205nyra se si ne reagojm\u0205 gjaknxeht\u0205sisht pa i shkuar gj\u0205rave deri n\u0205 fund. Koh\u0205t e fundit gjith\u0205kush me nj\u0205 logjik\u0205 normale, v\u0205ren se Shqip\u0205ria \u0205sht\u0205 kthyer jo vet\u0205m n\u0205 vendin e \u00e7udirave, ku ndenjtja n\u0205 uj\u0205 p\u0205r m\u0205 shum\u0205 se 140 minuta merret si nj\u0205 arritje \u201cpolitike\u201d, por edhe n\u0205 vendin ku jeta e njeriut nuk vlen pavar\u0205sisht sa i pasur ose i zgjuar je.<\/p>\n<p>Mosqenia krenar lidhet me faktin se n\u0205 vendin tone po t\u0205 g\u0205rvisht\u0205sh pa dashur nj\u0205 makin\u0205 p\u0205rfundon n\u0205 varr, po t\u0205 futet lopa ose delja n\u0205 oborrin e komshiut p\u0205rfundon n\u0205 varr, po t\u0205 ngresh z\u0205rin p\u0205r taks\u0205n e ashensorit p\u0205rfundon n\u0205 varr, po t\u0205 k\u0205rkosh t\u0205 ndash vij\u0205n e ujit, pron\u0205n p\u0205rfundon n\u0205 varr, po t\u0205 nd\u0205rtoj\u0205 qeveria bisnes af\u0205r sht\u0205pis\u0205 mund t\u0205 p\u0205rfundosh n\u0205n g\u0205rmadha, po t\u0205 ngresh z\u0205rin kund\u0205r bashkis\u0205 p\u0205rfundon i rrahur e t\u0205 tjera raste t\u0205 panum\u0205rta si k\u0205to. Mosqenia krenar gjithashtu vjen dhe nga fakti q\u0205 shumica nuk arrin dot t\u0205 kuptoj\u0205 as t\u0205 drejt\u0205n e tyre minimale: protest\u0205n.<\/p>\n<p>N\u0205 t\u0205 gjith\u0205 k\u0205t\u0205 amulli t\u0205 krijuar nga politika e mbrapsht\u0205 e Sali Berish\u0205s me jeni\u00e7er\u0205t e tij n\u0205 k\u0205to nj\u0205zet vite, ne nuk kemi arsye t\u0205 jemi krenar q\u0205 jetojm\u0205 n\u0205 Shqip\u0205ri, e megjithat\u0205 nacionalizmi sot \u0205sht\u0205 kthyer n\u0205 nj\u0205 streh\u0205 ku ne k\u0205rkojm\u0205 t\u0205 fshehim paaft\u0205sin\u0205 ton\u0205 p\u0205r t\u0205 qeverisur vetveten. Koh\u0205t e fundit nj\u0205 l\u0205vizje q\u0205 n\u0205 fillim nuk u b\u0205nte dot politike p\u0205r shkak t\u0205 q\u0205nies s\u0205 kryetarit t\u0205 saj n\u0205 nj\u0205 post publik nga ku ai bashk\u0205 me t\u0205 tjer\u0205 arriti t\u0205 shkat\u0205rroj\u00eb ate q\u0205 vet\u0205m fjala i ka ngelur drejt\u0205si, \u0205sht\u0205 sot duke p\u0205rdorur nj\u0205 pjes\u0205 t\u0205 pak\u0205naqur t\u0205 shoq\u0205ris\u00eb per t\u0205 marr\u0205 vota n\u0205 zgjedhjet e ardhshme.<\/p>\n<p>Natyrisht \u0205sht\u0205 e drejta kushtetuese e kujtdo t\u0205 krijoj\u0205 parti e t\u0205 ftoj\u0205 njer\u0205zit t\u0205 votojn\u0205 p\u0205r alternativen q\u0205 paraqet, por n\u0205 k\u0205t\u0205 rast ekstremizmi q\u0205 Aleanca Kuq e Zi po tregon, mendoj se kjo force \u0205sht\u0205 nj\u0205 rrezik p\u0205r integrimin Europian dhe t\u0205 ardhmen. E kaluara gri e Kreshnik Spahiut, zgjedhja e tij nga regjimi i Sailut n\u0205 krye t\u0205 drejt\u0205sis\u0205 dhe mospranimi kategorik p\u0205r t\u0205 b\u0205r\u0205 koalicion me nj\u0205 forc\u0205 progresiste si\u00e7 \u0205sht\u0205 Partia Socialiste, e b\u0205n k\u0205t\u0205 forc\u00eb ose t\u0205 paaft\u0205 p\u0205r t\u0205 b\u0205r\u0205 politik\u0205 ose nj\u0205 LSI q\u0205 do t\u0205 mbledh\u0205 at\u0205 vot\u0205 q\u0205 Saliu nuk e mbledh\u0205 dot vet\u0205.<\/p>\n<p>Kjo forc\u0205 po luan qorrazi pa asnj\u0205 vizion me ndjenj\u0205n komb\u0205tare dhe po na k\u0205rkon t\u0205 jemi krenar\u0205 p\u0205r d\u0205shtimin ton\u0205 sepse gjoja qenk\u0205rshka m\u0205 e r\u0205nd\u0205sishme t\u0205 sulmojm\u0205 qorrazi pa asnj\u0205 shkak t\u0205 mir\u0205fillte nj\u0205 fqinj si Greqia ku varet nj\u0205 pjes\u0205 e mire e ekonomis\u0205 Shqiptare se sa t\u0205 shqet\u0205sohemi se pik\u0205risht drejt\u0205sia q\u0205 Kreshniku e b\u0205ri lesh e li ka r\u0205n\u0205 bashk\u0205 me shtetin. Q\u0205 t\u0205 kesh luksin t\u0205 merresh me mullinjt\u0205 e er\u0205s se nacionalizmit do t\u0205 thot\u0205 se ke nj\u0205 baz\u0205 t\u0205 forte ne shtetin am\u0205, ku drejt\u0205sia funksionon, mir\u0205qenia \u0205sht\u0205 n\u0205 nivelet optimale dhe ku njer\u0205zit nuk kan\u0205 me se t\u0205 merren dhe i kthehen frym\u0205s nacionaliste.<\/p>\n<p>Ne fakt ajo q\u0205 AK nuk arrin t\u0205 kuptoj\u0205 \u0205sht\u0205 se hapi i pare i nacionalizmit \u0205sht\u0205 konsolidimi i shtetit ku drejt\u0205sia luan nj\u0205 rol t\u0205 r\u0205nd\u0205sishem, pa k\u0205t\u0205 baze nuk ke se si k\u0205rkon bashkimin e trojeve Shqiptare. Futja e Shqip\u0205ris\u0205, Kosoves, Malit t\u0205 Zi dhe Maqedonise n\u0205 Bashkimin Europian automatikisht bashkon t\u0205 gjitha trojet Shqiptare madje dhe Camerine dhe \u0205sht\u0205 n\u0205 dor\u0205n ton\u0205 pas k\u0205saj t\u0205 manaxhojm\u0205 hapsirat q\u0205 na jep ky bashkim. Kjo \u0205sht\u0205 e vetmja rrug\u0205 q\u0205 do t\u0205 bashkoj\u0205 realisht Shqiptar\u0205t dhe jo sulmet qorre dhe pa adres\u0205 kund\u0205r nj\u0205 vendi t\u0205 Bashkimit Europian ku duam t\u0205 integrohemi.<\/p>\n<p>Per k\u0205to arsye Aleanca Kuq e Zi jo vetem q\u0205 ka zgjedhur nj\u0205 rrug\u0205 qorre por gjithashtu refuzon t\u0205 bashkoje forcat me t\u0205 gjith\u0205 kund\u0205rshtar\u0205t e qeveris\u0205 s\u0205 sotme e cila \u0205sht\u0205 e vetmja penges\u0205 n\u0205 rrug\u0205n drejt Europ\u0205s. P\u0205rpjekja e k\u0205saj force p\u0205r t\u0205 na b\u0205r\u0205 krenar p\u0205r vendin ton\u0205 t\u0205 shkat\u0205rruar, t\u0205 vjedhur e t\u0205 masakruar, \u0205sht\u0205 nj\u0205soj si p\u0205rpjekja e Saliut p\u0205r t\u0205 na shitur varf\u0205rine tone t\u0205 tejskajshme si mir\u0205qenie dhe un\u0205 nuk jam krenar.<\/p>\n<p>Nuk jam krenar q\u0205 ne nuk ngrihemi dot t\u0205 protestojm\u0205 pa pritur t\u0205 na organizojn\u0205 politikan\u0205t, nuk jam krenar q\u0205 ne ngasim makinat si t\u0205 \u00e7mendur duke vrar\u0205 nj\u0205ri tjetrin, nuk jam krenar q\u0205 jemi gjaknxeht\u0205 e nuk dim\u0205 t\u0205 hapim rrug\u0205, nuk jam krenar q\u0205 nuk dime t\u0205 themi t\u0205 lutem dhe faleminderit, nuk jam krenar q\u0205 vjedhim vendin tone, nuk jam krenar p\u0205r Lazaratin, nuk jam krenar p\u0205r mos reagimin popullor ndaj shkat\u0205rrimit t\u0205 ambientit, nuk jam krenar q\u0205 kryeministri vret n\u0205 G\u0205rdec dhe q\u0205ndron n\u0205 pushtet t\u0205 vras\u0205 p\u0205rs\u0205ri dhe nuk jam krenar p\u0205r shum\u0205 e shum\u0205 t\u0205 tjera si k\u0205to.<\/p>\n<p>Un\u0205 do t\u0205 jem krenar kur ne qytetar\u0205t Shqiptar\u00eb t\u0205 marrim n\u0205 dor\u0205 fatet e mohuara nga politika e mbrapsht\u0205, do t\u0205 jem krenar kur ne t\u0205 mos jemi xheloz\u00eb t\u0205 nj\u0205ri tjetrit dhe kur t\u0205 \u00e7b\u0205jm\u0205 t\u0205 gjitha ato q\u0205 kemi b\u0205r\u0205 gabim n\u0205 k\u0205to vite t\u0205 err\u0205ta t\u0205 historis\u0205 pas-komuniste. Nuk ka Sali Berish\u00eb q\u0205 t\u0205 na ndaloj\u0205 t\u0205 k\u0205rkojm\u0205 liri-demokraci edhe nj\u0205her\u0205 si ne 1990 n\u0205 qoft\u0205 se jemi t\u0205 gjith\u0205 bashk\u0205, vet\u00ebm at\u0205here un\u0205 do t\u0205 jem krenar q\u0205 jam Shqiptar.<\/p>\n","protected":false},"excerpt":{"rendered":"<p>Nga Elliot Sacchi, 3 gusht 2012 Shum\u0205kush mund t\u0205 irritohet menj\u0205her\u0205 sapo t\u0205 lexoj\u0205 k\u0205t\u0205 titull dhe pik\u0205risht k\u0205tu fillon arsyeja e mos-krenaris\u0205 time, tek m\u0205nyra se si ne reagojm\u0205 gjaknxeht\u0205sisht pa i shkuar gj\u0205rave deri n\u0205 fund. Koh\u0205t e fundit gjith\u0205kush me nj\u0205 logjik\u0205 normale, v\u0205ren se Shqip\u0205ria \u0205sht\u0205 kthyer jo vet\u0205m n\u0205 vendin [&hellip;]<\/p>\n","protected":false},"author":1,"featured_media":0,"comment_status":"open","ping_status":"closed","sticky":false,"template":"","format":"standard","meta":{"footnotes":""},"categories":[2],"tags":[],"class_list":{"0":"post-4152","1":"post","2":"type-post","3":"status-publish","4":"format-standard","6":"category-artikuj"},"yoast_head":"<!-- This site is optimized with the Yoast SEO plugin v27.4 - https:\/\/yoast.com\/product\/yoast-seo-wordpress\/ -->\n<title>P\u00ebrse un\u00eb nuk jam krenar q\u00eb jam shqiptar - FjALA e LIR\u00cb - Arkivi<\/title>\n<meta name=\"robots\" content=\"index, follow, max-snippet:-1, max-image-preview:large, max-video-preview:-1\" \/>\n<link rel=\"canonical\" href=\"https:\/\/fjala.info\/2009-2015\/perse-une-nuk-jam-krenar-qe-jam-shqiptar\/\" \/>\n<meta property=\"og:locale\" content=\"sq_AL\" \/>\n<meta property=\"og:type\" content=\"article\" \/>\n<meta property=\"og:title\" content=\"P\u00ebrse un\u00eb nuk jam krenar q\u00eb jam shqiptar - FjALA e LIR\u00cb - Arkivi\" \/>\n<meta property=\"og:description\" content=\"Nga Elliot Sacchi, 3 gusht 2012 Shum\u0205kush mund t\u0205 irritohet menj\u0205her\u0205 sapo t\u0205 lexoj\u0205 k\u0205t\u0205 titull dhe pik\u0205risht k\u0205tu fillon arsyeja e mos-krenaris\u0205 time, tek m\u0205nyra se si ne reagojm\u0205 gjaknxeht\u0205sisht pa i shkuar gj\u0205rave deri n\u0205 fund. Koh\u0205t e fundit gjith\u0205kush me nj\u0205 logjik\u0205 normale, v\u0205ren se Shqip\u0205ria \u0205sht\u0205 kthyer jo vet\u0205m n\u0205 vendin [&hellip;]\" \/>\n<meta property=\"og:url\" content=\"https:\/\/fjala.info\/2009-2015\/perse-une-nuk-jam-krenar-qe-jam-shqiptar\/\" \/>\n<meta property=\"og:site_name\" content=\"FjALA e LIR\u00cb - Arkivi\" \/>\n<meta property=\"article:published_time\" content=\"2012-08-03T14:38:11+00:00\" \/>\n<meta property=\"og:image\" content=\"http:\/\/www.fjala.info\/2012\/sa_mire_shqiptar.jpg\" \/>\n<meta name=\"author\" content=\"admin\" \/>\n<meta name=\"twitter:card\" content=\"summary_large_image\" \/>\n<meta name=\"twitter:label1\" content=\"Written by\" \/>\n\t<meta name=\"twitter:data1\" content=\"admin\" \/>\n\t<meta name=\"twitter:label2\" content=\"Est. reading time\" \/>\n\t<meta name=\"twitter:data2\" content=\"5 minutes\" \/>\n<script type=\"application\/ld+json\" class=\"yoast-schema-graph\">{\"@context\":\"https:\\\/\\\/schema.org\",\"@graph\":[{\"@type\":\"Article\",\"@id\":\"https:\\\/\\\/fjala.info\\\/2009-2015\\\/perse-une-nuk-jam-krenar-qe-jam-shqiptar\\\/#article\",\"isPartOf\":{\"@id\":\"https:\\\/\\\/fjala.info\\\/2009-2015\\\/perse-une-nuk-jam-krenar-qe-jam-shqiptar\\\/\"},\"author\":{\"name\":\"admin\",\"@id\":\"https:\\\/\\\/fjala.info\\\/2009-2015\\\/#\\\/schema\\\/person\\\/3aa1163ef05469c496fc94e77611ada2\"},\"headline\":\"P\u00ebrse un\u00eb nuk jam krenar q\u00eb jam shqiptar\",\"datePublished\":\"2012-08-03T14:38:11+00:00\",\"mainEntityOfPage\":{\"@id\":\"https:\\\/\\\/fjala.info\\\/2009-2015\\\/perse-une-nuk-jam-krenar-qe-jam-shqiptar\\\/\"},\"wordCount\":1040,\"commentCount\":0,\"publisher\":{\"@id\":\"https:\\\/\\\/fjala.info\\\/2009-2015\\\/#organization\"},\"image\":{\"@id\":\"https:\\\/\\\/fjala.info\\\/2009-2015\\\/perse-une-nuk-jam-krenar-qe-jam-shqiptar\\\/#primaryimage\"},\"thumbnailUrl\":\"http:\\\/\\\/www.fjala.info\\\/2012\\\/sa_mire_shqiptar.jpg\",\"articleSection\":[\"Artikuj\"],\"inLanguage\":\"sq-AL\",\"potentialAction\":[{\"@type\":\"CommentAction\",\"name\":\"Comment\",\"target\":[\"https:\\\/\\\/fjala.info\\\/2009-2015\\\/perse-une-nuk-jam-krenar-qe-jam-shqiptar\\\/#respond\"]}]},{\"@type\":\"WebPage\",\"@id\":\"https:\\\/\\\/fjala.info\\\/2009-2015\\\/perse-une-nuk-jam-krenar-qe-jam-shqiptar\\\/\",\"url\":\"https:\\\/\\\/fjala.info\\\/2009-2015\\\/perse-une-nuk-jam-krenar-qe-jam-shqiptar\\\/\",\"name\":\"P\u00ebrse un\u00eb nuk jam krenar q\u00eb jam shqiptar - FjALA e LIR\u00cb - Arkivi\",\"isPartOf\":{\"@id\":\"https:\\\/\\\/fjala.info\\\/2009-2015\\\/#website\"},\"primaryImageOfPage\":{\"@id\":\"https:\\\/\\\/fjala.info\\\/2009-2015\\\/perse-une-nuk-jam-krenar-qe-jam-shqiptar\\\/#primaryimage\"},\"image\":{\"@id\":\"https:\\\/\\\/fjala.info\\\/2009-2015\\\/perse-une-nuk-jam-krenar-qe-jam-shqiptar\\\/#primaryimage\"},\"thumbnailUrl\":\"http:\\\/\\\/www.fjala.info\\\/2012\\\/sa_mire_shqiptar.jpg\",\"datePublished\":\"2012-08-03T14:38:11+00:00\",\"breadcrumb\":{\"@id\":\"https:\\\/\\\/fjala.info\\\/2009-2015\\\/perse-une-nuk-jam-krenar-qe-jam-shqiptar\\\/#breadcrumb\"},\"inLanguage\":\"sq-AL\",\"potentialAction\":[{\"@type\":\"ReadAction\",\"target\":[\"https:\\\/\\\/fjala.info\\\/2009-2015\\\/perse-une-nuk-jam-krenar-qe-jam-shqiptar\\\/\"]}]},{\"@type\":\"ImageObject\",\"inLanguage\":\"sq-AL\",\"@id\":\"https:\\\/\\\/fjala.info\\\/2009-2015\\\/perse-une-nuk-jam-krenar-qe-jam-shqiptar\\\/#primaryimage\",\"url\":\"http:\\\/\\\/www.fjala.info\\\/2012\\\/sa_mire_shqiptar.jpg\",\"contentUrl\":\"http:\\\/\\\/www.fjala.info\\\/2012\\\/sa_mire_shqiptar.jpg\"},{\"@type\":\"BreadcrumbList\",\"@id\":\"https:\\\/\\\/fjala.info\\\/2009-2015\\\/perse-une-nuk-jam-krenar-qe-jam-shqiptar\\\/#breadcrumb\",\"itemListElement\":[{\"@type\":\"ListItem\",\"position\":1,\"name\":\"Home\",\"item\":\"https:\\\/\\\/fjala.info\\\/2009-2015\\\/\"},{\"@type\":\"ListItem\",\"position\":2,\"name\":\"P\u00ebrse un\u00eb nuk jam krenar q\u00eb jam shqiptar\"}]},{\"@type\":\"WebSite\",\"@id\":\"https:\\\/\\\/fjala.info\\\/2009-2015\\\/#website\",\"url\":\"https:\\\/\\\/fjala.info\\\/2009-2015\\\/\",\"name\":\"FjALA e LIR\u00cb - Arkivi\",\"description\":\"Arkivi 2009-2015\",\"publisher\":{\"@id\":\"https:\\\/\\\/fjala.info\\\/2009-2015\\\/#organization\"},\"potentialAction\":[{\"@type\":\"SearchAction\",\"target\":{\"@type\":\"EntryPoint\",\"urlTemplate\":\"https:\\\/\\\/fjala.info\\\/2009-2015\\\/?s={search_term_string}\"},\"query-input\":{\"@type\":\"PropertyValueSpecification\",\"valueRequired\":true,\"valueName\":\"search_term_string\"}}],\"inLanguage\":\"sq-AL\"},{\"@type\":\"Organization\",\"@id\":\"https:\\\/\\\/fjala.info\\\/2009-2015\\\/#organization\",\"name\":\"FjALA e LIR\u00cb - Arkivi\",\"url\":\"https:\\\/\\\/fjala.info\\\/2009-2015\\\/\",\"logo\":{\"@type\":\"ImageObject\",\"inLanguage\":\"sq-AL\",\"@id\":\"https:\\\/\\\/fjala.info\\\/2009-2015\\\/#\\\/schema\\\/logo\\\/image\\\/\",\"url\":\"\",\"contentUrl\":\"\",\"caption\":\"FjALA e LIR\u00cb - Arkivi\"},\"image\":{\"@id\":\"https:\\\/\\\/fjala.info\\\/2009-2015\\\/#\\\/schema\\\/logo\\\/image\\\/\"}},{\"@type\":\"Person\",\"@id\":\"https:\\\/\\\/fjala.info\\\/2009-2015\\\/#\\\/schema\\\/person\\\/3aa1163ef05469c496fc94e77611ada2\",\"name\":\"admin\",\"image\":{\"@type\":\"ImageObject\",\"inLanguage\":\"sq-AL\",\"@id\":\"https:\\\/\\\/fjala.info\\\/2009-2015\\\/wp-content\\\/uploads\\\/2012\\\/02\\\/arben_cokaj-120x150.jpg\",\"url\":\"https:\\\/\\\/fjala.info\\\/2009-2015\\\/wp-content\\\/uploads\\\/2012\\\/02\\\/arben_cokaj-120x150.jpg\",\"contentUrl\":\"https:\\\/\\\/fjala.info\\\/2009-2015\\\/wp-content\\\/uploads\\\/2012\\\/02\\\/arben_cokaj-120x150.jpg\",\"caption\":\"admin\"},\"description\":\"Admin, Fjala e Lir\u00eb\",\"sameAs\":[\"https:\\\/\\\/fjala.info\\\/\"],\"url\":\"https:\\\/\\\/fjala.info\\\/2009-2015\\\/author\\\/admin\\\/\"}]}<\/script>\n<!-- \/ Yoast SEO plugin. -->","yoast_head_json":{"title":"P\u00ebrse un\u00eb nuk jam krenar q\u00eb jam shqiptar - FjALA e LIR\u00cb - Arkivi","robots":{"index":"index","follow":"follow","max-snippet":"max-snippet:-1","max-image-preview":"max-image-preview:large","max-video-preview":"max-video-preview:-1"},"canonical":"https:\/\/fjala.info\/2009-2015\/perse-une-nuk-jam-krenar-qe-jam-shqiptar\/","og_locale":"sq_AL","og_type":"article","og_title":"P\u00ebrse un\u00eb nuk jam krenar q\u00eb jam shqiptar - FjALA e LIR\u00cb - Arkivi","og_description":"Nga Elliot Sacchi, 3 gusht 2012 Shum\u0205kush mund t\u0205 irritohet menj\u0205her\u0205 sapo t\u0205 lexoj\u0205 k\u0205t\u0205 titull dhe pik\u0205risht k\u0205tu fillon arsyeja e mos-krenaris\u0205 time, tek m\u0205nyra se si ne reagojm\u0205 gjaknxeht\u0205sisht pa i shkuar gj\u0205rave deri n\u0205 fund. Koh\u0205t e fundit gjith\u0205kush me nj\u0205 logjik\u0205 normale, v\u0205ren se Shqip\u0205ria \u0205sht\u0205 kthyer jo vet\u0205m n\u0205 vendin [&hellip;]","og_url":"https:\/\/fjala.info\/2009-2015\/perse-une-nuk-jam-krenar-qe-jam-shqiptar\/","og_site_name":"FjALA e LIR\u00cb - Arkivi","article_published_time":"2012-08-03T14:38:11+00:00","og_image":[{"url":"http:\/\/www.fjala.info\/2012\/sa_mire_shqiptar.jpg","type":"","width":"","height":""}],"author":"admin","twitter_card":"summary_large_image","twitter_misc":{"Written by":"admin","Est. reading time":"5 minutes"},"schema":{"@context":"https:\/\/schema.org","@graph":[{"@type":"Article","@id":"https:\/\/fjala.info\/2009-2015\/perse-une-nuk-jam-krenar-qe-jam-shqiptar\/#article","isPartOf":{"@id":"https:\/\/fjala.info\/2009-2015\/perse-une-nuk-jam-krenar-qe-jam-shqiptar\/"},"author":{"name":"admin","@id":"https:\/\/fjala.info\/2009-2015\/#\/schema\/person\/3aa1163ef05469c496fc94e77611ada2"},"headline":"P\u00ebrse un\u00eb nuk jam krenar q\u00eb jam shqiptar","datePublished":"2012-08-03T14:38:11+00:00","mainEntityOfPage":{"@id":"https:\/\/fjala.info\/2009-2015\/perse-une-nuk-jam-krenar-qe-jam-shqiptar\/"},"wordCount":1040,"commentCount":0,"publisher":{"@id":"https:\/\/fjala.info\/2009-2015\/#organization"},"image":{"@id":"https:\/\/fjala.info\/2009-2015\/perse-une-nuk-jam-krenar-qe-jam-shqiptar\/#primaryimage"},"thumbnailUrl":"http:\/\/www.fjala.info\/2012\/sa_mire_shqiptar.jpg","articleSection":["Artikuj"],"inLanguage":"sq-AL","potentialAction":[{"@type":"CommentAction","name":"Comment","target":["https:\/\/fjala.info\/2009-2015\/perse-une-nuk-jam-krenar-qe-jam-shqiptar\/#respond"]}]},{"@type":"WebPage","@id":"https:\/\/fjala.info\/2009-2015\/perse-une-nuk-jam-krenar-qe-jam-shqiptar\/","url":"https:\/\/fjala.info\/2009-2015\/perse-une-nuk-jam-krenar-qe-jam-shqiptar\/","name":"P\u00ebrse un\u00eb nuk jam krenar q\u00eb jam shqiptar - FjALA e LIR\u00cb - Arkivi","isPartOf":{"@id":"https:\/\/fjala.info\/2009-2015\/#website"},"primaryImageOfPage":{"@id":"https:\/\/fjala.info\/2009-2015\/perse-une-nuk-jam-krenar-qe-jam-shqiptar\/#primaryimage"},"image":{"@id":"https:\/\/fjala.info\/2009-2015\/perse-une-nuk-jam-krenar-qe-jam-shqiptar\/#primaryimage"},"thumbnailUrl":"http:\/\/www.fjala.info\/2012\/sa_mire_shqiptar.jpg","datePublished":"2012-08-03T14:38:11+00:00","breadcrumb":{"@id":"https:\/\/fjala.info\/2009-2015\/perse-une-nuk-jam-krenar-qe-jam-shqiptar\/#breadcrumb"},"inLanguage":"sq-AL","potentialAction":[{"@type":"ReadAction","target":["https:\/\/fjala.info\/2009-2015\/perse-une-nuk-jam-krenar-qe-jam-shqiptar\/"]}]},{"@type":"ImageObject","inLanguage":"sq-AL","@id":"https:\/\/fjala.info\/2009-2015\/perse-une-nuk-jam-krenar-qe-jam-shqiptar\/#primaryimage","url":"http:\/\/www.fjala.info\/2012\/sa_mire_shqiptar.jpg","contentUrl":"http:\/\/www.fjala.info\/2012\/sa_mire_shqiptar.jpg"},{"@type":"BreadcrumbList","@id":"https:\/\/fjala.info\/2009-2015\/perse-une-nuk-jam-krenar-qe-jam-shqiptar\/#breadcrumb","itemListElement":[{"@type":"ListItem","position":1,"name":"Home","item":"https:\/\/fjala.info\/2009-2015\/"},{"@type":"ListItem","position":2,"name":"P\u00ebrse un\u00eb nuk jam krenar q\u00eb jam shqiptar"}]},{"@type":"WebSite","@id":"https:\/\/fjala.info\/2009-2015\/#website","url":"https:\/\/fjala.info\/2009-2015\/","name":"FjALA e LIR\u00cb - Arkivi","description":"Arkivi 2009-2015","publisher":{"@id":"https:\/\/fjala.info\/2009-2015\/#organization"},"potentialAction":[{"@type":"SearchAction","target":{"@type":"EntryPoint","urlTemplate":"https:\/\/fjala.info\/2009-2015\/?s={search_term_string}"},"query-input":{"@type":"PropertyValueSpecification","valueRequired":true,"valueName":"search_term_string"}}],"inLanguage":"sq-AL"},{"@type":"Organization","@id":"https:\/\/fjala.info\/2009-2015\/#organization","name":"FjALA e LIR\u00cb - Arkivi","url":"https:\/\/fjala.info\/2009-2015\/","logo":{"@type":"ImageObject","inLanguage":"sq-AL","@id":"https:\/\/fjala.info\/2009-2015\/#\/schema\/logo\/image\/","url":"","contentUrl":"","caption":"FjALA e LIR\u00cb - Arkivi"},"image":{"@id":"https:\/\/fjala.info\/2009-2015\/#\/schema\/logo\/image\/"}},{"@type":"Person","@id":"https:\/\/fjala.info\/2009-2015\/#\/schema\/person\/3aa1163ef05469c496fc94e77611ada2","name":"admin","image":{"@type":"ImageObject","inLanguage":"sq-AL","@id":"https:\/\/fjala.info\/2009-2015\/wp-content\/uploads\/2012\/02\/arben_cokaj-120x150.jpg","url":"https:\/\/fjala.info\/2009-2015\/wp-content\/uploads\/2012\/02\/arben_cokaj-120x150.jpg","contentUrl":"https:\/\/fjala.info\/2009-2015\/wp-content\/uploads\/2012\/02\/arben_cokaj-120x150.jpg","caption":"admin"},"description":"Admin, Fjala e Lir\u00eb","sameAs":["https:\/\/fjala.info\/"],"url":"https:\/\/fjala.info\/2009-2015\/author\/admin\/"}]}},"_links":{"self":[{"href":"https:\/\/fjala.info\/2009-2015\/wp-json\/wp\/v2\/posts\/4152","targetHints":{"allow":["GET"]}}],"collection":[{"href":"https:\/\/fjala.info\/2009-2015\/wp-json\/wp\/v2\/posts"}],"about":[{"href":"https:\/\/fjala.info\/2009-2015\/wp-json\/wp\/v2\/types\/post"}],"author":[{"embeddable":true,"href":"https:\/\/fjala.info\/2009-2015\/wp-json\/wp\/v2\/users\/1"}],"replies":[{"embeddable":true,"href":"https:\/\/fjala.info\/2009-2015\/wp-json\/wp\/v2\/comments?post=4152"}],"version-history":[{"count":0,"href":"https:\/\/fjala.info\/2009-2015\/wp-json\/wp\/v2\/posts\/4152\/revisions"}],"wp:attachment":[{"href":"https:\/\/fjala.info\/2009-2015\/wp-json\/wp\/v2\/media?parent=4152"}],"wp:term":[{"taxonomy":"category","embeddable":true,"href":"https:\/\/fjala.info\/2009-2015\/wp-json\/wp\/v2\/categories?post=4152"},{"taxonomy":"post_tag","embeddable":true,"href":"https:\/\/fjala.info\/2009-2015\/wp-json\/wp\/v2\/tags?post=4152"}],"curies":[{"name":"wp","href":"https:\/\/api.w.org\/{rel}","templated":true}]}}