{"id":4147,"date":"2010-10-03T23:09:59","date_gmt":"2010-10-03T22:09:59","guid":{"rendered":"http:\/\/fjala.shkoder.net\/?p=4147"},"modified":"2010-10-03T23:09:59","modified_gmt":"2010-10-03T22:09:59","slug":"nje-ministre-si-lavatrice-per-mafien","status":"publish","type":"post","link":"https:\/\/fjala.info\/2009-2015\/nje-ministre-si-lavatrice-per-mafien\/","title":{"rendered":"NJ\u00cb MINISTRE SI LAVATRI\u00c7E P\u00cbR MAFIEN?"},"content":{"rendered":"<p><img loading=\"lazy\" decoding=\"async\" src=\"http:\/\/fjala.shkoder.net\/wp-content\/uploads\/2010\/10\/andrea_stefani1.jpg\" alt=\"\" title=\"Andrea Stefani\" width=\"108\" height=\"118\" class=\"alignleft size-full wp-image-4148\" \/><\/p>\n<p><strong>Andrea Stefani<\/strong><\/p>\n<p>N\u00ebse k\u00ebrkon n\u00eb \u201cGoogle\u201d t\u00eb dh\u00ebna p\u00ebr nj\u00eb person me emrin, Angelo Prudentino, i pari informacion q\u00eb t\u00eb shfaqet n\u00eb ekran \u00ebsht\u00eb nj\u00eb artikull i s\u00eb p\u00ebrditshmes italiane \u201cCorriere Della Sera\u201d me titull \u201cPrudentino n\u00eb telefon: Takova Provenzanon, afera shkoi n\u00eb rregull\u201d. Dhe artikulli n\u00eb fjal\u00eb shpjegon se b\u00ebhet fjal\u00eb p\u00ebr nj\u00eb bised\u00eb telefonike mes bosit t\u00eb organizat\u00ebs mafioze Sacra Corona Unita, Albino Prudentino dhe t\u00eb birit, Angelo Prudentino, lidhur me kontraband\u00ebn e cigareve n\u00eb bashk\u00ebpunim me mafien siciliane t\u00eb kryesuar nga Bernardo Provenzano, i konsideruar kapoja i kapove t\u00eb mafies. <\/p>\n<p>Artikulli mban dat\u00ebn 20 n\u00ebntor 2001 pra, ka rreth 10 vjet q\u00eb \u00ebsht\u00eb publikuar. E megjithat\u00eb, duket se Majlinda Bregu, ministre e Integrimit n\u00eb qeverin\u00eb Berisha, nuk ka pasur fare koh\u00eb sa p\u00ebr nj\u00eb klikim t\u00eb thjesht\u00eb p\u00ebr t\u00eb m\u00ebsuar se kush \u00ebsht\u00eb dhe \u00e7\u2019p\u00ebrfaq\u00ebson Angelo Prudentino, edhe pse pjes\u00ebtar\u00eb t\u00eb familjes s\u00eb saj, e motra dhe kunati, do integroheshin me Angelon n\u00eb nj\u00eb kompani bastesh t\u00eb pag\u00ebzuar \u201cBetting System Albania\u201d. <\/p>\n<p>Shkurt, ministrja e Integrimit s\u2019ka ditur gj\u00eb p\u00ebr Angelon. Por as edhe p\u00ebr Albinon, t\u00eb atin e njohur si bos t\u00eb Sacra Corona Unitas q\u00eb jetonte prej koh\u00ebsh si biznesmen n\u00eb Shqip\u00ebri. Mafioz n\u00eb Itali dhe biznesmen i nderuar n\u00eb Shqip\u00ebri q\u00eb arrin t\u00eb siguroj\u00eb deri edhe nj\u00eb licenc\u00eb tep\u00ebr t\u00eb privilegjuar kazinoje? Ky \u00ebsht\u00eb nj\u00eb skandal m\u00eb vete p\u00ebr qeverin\u00eb \u201cBerisha\u201d q\u00eb mburret se e ka b\u00ebr\u00eb Shqip\u00ebrin\u00eb vend t\u00eb sigurt. T\u00eb sigurt p\u00ebr k\u00eb, p\u00ebr mafien? Dhe megjith\u00ebse injoranca nuk p\u00ebrb\u00ebn argument t\u00eb sh\u00ebndosh\u00eb mbrojtjeje, nuk mund t\u00eb mos pyes\u00ebsh: v\u00ebrtet nuk e ka ditur Bregu at\u00eb q\u00eb e di thuajse e gjith\u00eb bota? <\/p>\n<p>Po th\u00ebnia e vjet\u00ebr shqipe \u201cb\u00ebm\u00eb baba t\u00eb t\u00eb ngjaj\u201d i ka m\u00ebsuar gj\u00eb? Nd\u00ebrkaq, Kryeministri Berisha hesht p\u00ebr k\u00ebt\u00eb skandal t\u00eb r\u00ebnd\u00eb n\u00eb kabinetin e tij ndon\u00ebse, nuk pushon s\u00eb ngjiruri p\u00ebr \u201ctoleranc\u00eb zero\u201d ndaj krimit t\u00eb organizuar. N\u00eb fakt, edhe ky skandal (sikund\u00ebr edhe G\u00ebrdeci) nuk ka kaluar pa e prekur edhe at\u00eb vet\u00eb, \u201ckalor\u00ebsin e antikorrupsionit\u201d. Sepse bashk\u00ebpun\u00ebtore e Prudentinove n\u00eb nj\u00eb nga bizneset e tyre, figuron edhe nj\u00eb prej mbesave t\u00eb Kryeministrit. \u00cbsht\u00eb edhe vet\u00eb Berisha q\u00eb n\u00eb vend se t\u00eb kund\u00ebrsulmoj\u00eb me tym\u00ebse p\u00ebr korrupsionin e supozuar t\u00eb opozit\u00ebs, duhet t\u00eb jap\u00eb ca shpjegime p\u00ebr publikun.<\/p>\n<p>* * *<\/p>\n<p>Pas p\u00ebrhapjes n\u00eb media t\u00eb lajmit se motra dhe kunati i ministres Bregu ishin p\u00ebrfshir\u00eb n\u00eb nj\u00eb afer\u00eb biznesi me t\u00eb birin e bosit t\u00eb Sakra Corona Unitas, opozita k\u00ebrkoi menj\u00ebher\u00eb dor\u00ebheqjen e ministres Bregu. Dhe do t\u00eb ishte e habitshme, p\u00ebr t\u00eb mos th\u00ebn\u00eb nj\u00eb faj\u00ebsi, po t\u00eb mos e b\u00ebnte. Nd\u00ebrkaq, aspak p\u00ebr \u00e7udi, ministrja Bregu u shfaq n\u00eb ekran duke k\u00ebrc\u00ebnuar se do t\u00eb hidhte n\u00eb gjyq kreun e opozit\u00ebs, Edi Rama. Po p\u00ebrse? Sepse, sipas Bregut, motra dhe kunati i saj nuk jan\u00eb ngat\u00ebrruar me mafien ngaq\u00eb paskan qen\u00eb ortak\u00eb n\u00eb nj\u00eb kompani jo me t\u00eb ndaluarin Albino Prudentino, por me t\u00eb birin, Angelon. <\/p>\n<p>Ky i fundit, sipas ministres Bregu, n\u00eb momentin e themelimit t\u00eb kompanis\u00eb, paska paraqitur nj\u00eb certifikat\u00eb, l\u00ebshuar nga Ministria italiane e Drejt\u00ebsis\u00eb, ku figuron pa precedent\u00eb penal\u00eb. Po sipas Bregut, kjo ka qen\u00eb \u201cnj\u00eb arsye e mjaftueshme p\u00ebr t\u00eb bindur cilindo q\u00eb k\u00ebrkonte t\u00eb hynte n\u00eb marr\u00ebdh\u00ebnie biznesi me t\u00eb\u201d. N\u00eb t\u00eb v\u00ebrtet\u00eb, n\u00eb pik\u00ebpamjen ton\u00eb, nj\u00eb \u201carsye\u201d e dyshimt\u00eb edhe p\u00ebr nj\u00eb qytetar t\u00eb r\u00ebndomt\u00eb dhe prandaj, kurrsesi nj\u00eb justifikim p\u00ebr nj\u00eb ministre t\u00eb qeverisjes \u201cme duar t\u00eb pastra\u201d q\u00eb \u00ebsht\u00eb betuar se do t\u00eb luftoj\u00eb me \u201ctoleranc\u00eb zero\u201d si korrupsionin ashtu edhe krimin e organizuar. <\/p>\n<p>Vet\u00eb ministrja nuk po kupton se ka r\u00ebn\u00eb n\u00eb nj\u00eb pozit\u00eb mjerane kur p\u00ebrpiqet t\u00eb mbrohet, n\u00eb fakt, me kamuflazhin e p\u00ebrdorur nga mafiozi Albino Prudentino p\u00ebr bizneset e tij. \u00cbsht\u00eb e kuptueshme se ky i fundit e ka gjetur m\u00eb t\u00eb p\u00ebrshtatshme t\u2019i regjistroj\u00eb disa biznese n\u00eb em\u00ebr personash relativisht m\u00eb pak t\u00eb ekspozuar, n\u00eb k\u00ebt\u00eb rast, i biri, por dhe e shoqja. Albino ka preferuar t\u00eb fshihet pas Angelos. Zakon ky i njohur i mafioz\u00ebve p\u00ebr t\u00eb maskuar bizneset. Por nj\u00eb gj\u00eb t\u00eb till\u00eb po b\u00ebn pik\u00ebrisht edhe ministrja e Integrimit, Bregu, kur justifikohet duke deklaruar se familjar\u00ebt e saj nuk i kan\u00eb pasur bizneset me Albinon, por me Angelon. Ministrja Bregu k\u00ebrkon ta p\u00ebrdor\u00eb Angelon si nj\u00eb engj\u00ebll mbrojt\u00ebs. Por a \u00ebsht\u00eb Angelo nj\u00eb engj\u00ebll?<\/p>\n<p>* * *<\/p>\n<p>Sipas informacioneve t\u00eb publikuara edhe n\u00eb median italiane k\u00ebto dit\u00eb, bos\u00ebt Prudentino k\u00ebrkonin q\u00eb t\u00eb riciklonin parat\u00eb n\u00eb nj\u00eb kazino n\u00eb qytetin e Vlor\u00ebs. Dhe \u00ebsht\u00eb thuajse evidente q\u00eb ortak\u00ebria me njer\u00ebz t\u00eb af\u00ebrt t\u00eb ministres Bregu ka qen\u00eb nj\u00eb avantazh i madh p\u00ebr ta n\u00eb krijimin e rrjetit mafioz t\u00eb larjes s\u00eb parave. Familja e ministres \u00ebsht\u00eb b\u00ebr\u00eb praktikisht nj\u00eb mask\u00eb, thuajse nj\u00eb lavatri\u00e7e p\u00ebr bizneset e \u201cfamiljes\u201d Prudentino. N\u00ebse familjar\u00ebt e ministres kan\u00eb bashk\u00ebpunuar me dije apo pa dije me nj\u00eb mafioz, kjo \u00ebsht\u00eb pun\u00eb e prokuroris\u00eb q\u00eb ta v\u00ebrtetoj\u00eb. Por \u00ebsht\u00eb fakt se as ministrja as familjar\u00ebt e saj nuk jan\u00eb treguar prudent\u00eb me prudentinot. <\/p>\n<p>Padije apo verbim lakmitar p\u00ebr fitime t\u00eb paligjshme nga biznese q\u00eb dihet se p\u00ebrgjith\u00ebsisht rrotullojn\u00eb para t\u00eb dyshimta? Afera shfaqet mjaft e err\u00ebt. Dhe \u00ebsht\u00eb mjaft komprometues p\u00ebr ministren Bregu, fakti q\u00eb prej vitesh ekzistonin sheshit informacione q\u00eb d\u00ebshmonin p\u00ebr nj\u00eb rol aktiv t\u00eb Angelo Prudentinos n\u00eb aksione mafioze t\u00eb kontraband\u00ebs s\u00eb cigareve. Ushtarak\u00ebt e Guardia di Finanza t\u00eb Barit nuk kan\u00eb dilema, n\u00ebnvizohet n\u00eb artikullin e sip\u00ebrp\u00ebrmendur t\u00eb \u201cCorriere della Sera\u201d: \u201cAngelo Prudentino, shkruajn\u00eb, ka shkuar n\u00eb Sicili p\u00ebr t\u2019iu drejtuar familjeve (mafieve) t\u00eb Palermos ose direkt Bernardo Provenzanos p\u00ebr t\u00eb siguruar autorizimin p\u00ebr shkarkimin e cigareve n\u00eb bregdetin sicilian\u201d. <\/p>\n<p>Pik\u00ebrisht k\u00ebt\u00eb person t\u00eb trazuar n\u00eb tratativa dhe kontraband\u00eb mafioze, ministrja Bregu e paraqet si nj\u00eb qytetar t\u00eb panjoll\u00eb. Nd\u00ebrkaq, \u201cGazeta Shqiptare\u201d e komentoi si nj\u00eb mashtrim p\u00ebrpjekjen e ministres Bregu p\u00ebr t\u00eb justifikuar veten dhe njer\u00ebzit e saj me nj\u00eb d\u00ebshmi penaliteti t\u00eb Angelo Prudentinos. Sipas k\u00ebsaj t\u00eb p\u00ebrditshmeje, n\u00eb Itali qarkullon nj\u00eb tjet\u00ebr dokument q\u00eb provon se \u201cndaj Angelos ka pasur nj\u00eb proces n\u00eb gjykim p\u00ebr organizmin mafioz\u201d. Po i nj\u00ebjti \u201cengj\u00ebll\u201d, shp\u00ebtimtar i ministres Bregu rezulton se \u00ebsht\u00eb arrestuar s\u00eb bashku me t\u00eb atin n\u00eb 11 janar 2001 n\u00eb Greqi p\u00ebr kontraband\u00eb cigaresh. N\u00eb thelb, ministrja Bregu k\u00ebrkon t\u00eb mbrohet duke th\u00ebn\u00eb se nuk i dinte fare t\u00eb gjitha k\u00ebto. <\/p>\n<p>Ajo i thot\u00eb publikut se nuk e dinte q\u00eb familjar\u00eb t\u00eb saj, dhe ajo vet\u00eb n\u00ebp\u00ebrmjet tyre, ishin b\u00ebr\u00eb veg\u00ebl (m\u00eb e pakta, qorre) e nj\u00eb rrjeti mafioz q\u00eb ishte shtrir\u00eb n\u00eb Shqip\u00ebri me q\u00ebllim riciklimin e parave t\u00eb p\u00ebrgjakura t\u00eb mafies italiane. Dikur, n\u00eb vitin 1996, Berisha ka shpalosur t\u00eb nj\u00ebjt\u00ebn padituri, duke deklaruar se parat\u00eb e shqiptar\u00ebve jan\u00eb m\u00eb t\u00eb pastrat n\u00eb bot\u00eb. Nj\u00eb \u201cpadituri\u201d nga a cila vuan edhe sot ai dhe qeverisja e tij. Po a \u00ebsht\u00eb \u201cpadija\u201d, a mund t\u00eb jet\u00eb injoranca (dhe ky \u00ebsht\u00eb interpretimi m\u00eb i favorsh\u00ebm p\u00ebr ministren Bregu), nj\u00eb argument q\u00eb ajo t\u00eb vazhdoj\u00eb t\u00eb mbaj\u00eb postin e nderuar t\u00eb ministres? Pyetje q\u00eb nuk mund t\u00eb mos shkoj\u00eb edhe p\u00ebr Kryeministrin Berisha.<\/p>\n","protected":false},"excerpt":{"rendered":"<p>Andrea Stefani N\u00ebse k\u00ebrkon n\u00eb \u201cGoogle\u201d t\u00eb dh\u00ebna p\u00ebr nj\u00eb person me emrin, Angelo Prudentino, i pari informacion q\u00eb t\u00eb shfaqet n\u00eb ekran \u00ebsht\u00eb nj\u00eb artikull i s\u00eb p\u00ebrditshmes italiane \u201cCorriere Della Sera\u201d me titull \u201cPrudentino n\u00eb telefon: Takova Provenzanon, afera shkoi n\u00eb rregull\u201d. Dhe artikulli n\u00eb fjal\u00eb shpjegon se b\u00ebhet fjal\u00eb p\u00ebr nj\u00eb bised\u00eb [&hellip;]<\/p>\n","protected":false},"author":1,"featured_media":0,"comment_status":"open","ping_status":"closed","sticky":false,"template":"","format":"standard","meta":{"footnotes":""},"categories":[2],"tags":[],"class_list":{"0":"post-4147","1":"post","2":"type-post","3":"status-publish","4":"format-standard","6":"category-artikuj"},"yoast_head":"<!-- This site is optimized with the Yoast SEO plugin v27.4 - https:\/\/yoast.com\/product\/yoast-seo-wordpress\/ -->\n<title>NJ\u00cb MINISTRE SI LAVATRI\u00c7E P\u00cbR MAFIEN? - FjALA e LIR\u00cb - Arkivi<\/title>\n<meta name=\"robots\" content=\"index, follow, max-snippet:-1, max-image-preview:large, max-video-preview:-1\" \/>\n<link rel=\"canonical\" href=\"https:\/\/fjala.info\/2009-2015\/nje-ministre-si-lavatrice-per-mafien\/\" \/>\n<meta property=\"og:locale\" content=\"sq_AL\" \/>\n<meta property=\"og:type\" content=\"article\" \/>\n<meta property=\"og:title\" content=\"NJ\u00cb MINISTRE SI LAVATRI\u00c7E P\u00cbR MAFIEN? - FjALA e LIR\u00cb - Arkivi\" \/>\n<meta property=\"og:description\" content=\"Andrea Stefani N\u00ebse k\u00ebrkon n\u00eb \u201cGoogle\u201d t\u00eb dh\u00ebna p\u00ebr nj\u00eb person me emrin, Angelo Prudentino, i pari informacion q\u00eb t\u00eb shfaqet n\u00eb ekran \u00ebsht\u00eb nj\u00eb artikull i s\u00eb p\u00ebrditshmes italiane \u201cCorriere Della Sera\u201d me titull \u201cPrudentino n\u00eb telefon: Takova Provenzanon, afera shkoi n\u00eb rregull\u201d. Dhe artikulli n\u00eb fjal\u00eb shpjegon se b\u00ebhet fjal\u00eb p\u00ebr nj\u00eb bised\u00eb [&hellip;]\" \/>\n<meta property=\"og:url\" content=\"https:\/\/fjala.info\/2009-2015\/nje-ministre-si-lavatrice-per-mafien\/\" \/>\n<meta property=\"og:site_name\" content=\"FjALA e LIR\u00cb - Arkivi\" \/>\n<meta property=\"article:published_time\" content=\"2010-10-03T22:09:59+00:00\" \/>\n<meta property=\"og:image\" content=\"http:\/\/fjala.shkoder.net\/wp-content\/uploads\/2010\/10\/andrea_stefani1.jpg\" \/>\n<meta name=\"author\" content=\"admin\" \/>\n<meta name=\"twitter:card\" content=\"summary_large_image\" \/>\n<meta name=\"twitter:label1\" content=\"Written by\" \/>\n\t<meta name=\"twitter:data1\" content=\"admin\" \/>\n\t<meta name=\"twitter:label2\" content=\"Est. reading time\" \/>\n\t<meta name=\"twitter:data2\" content=\"7 minutes\" \/>\n<script type=\"application\/ld+json\" class=\"yoast-schema-graph\">{\"@context\":\"https:\\\/\\\/schema.org\",\"@graph\":[{\"@type\":\"Article\",\"@id\":\"https:\\\/\\\/fjala.info\\\/2009-2015\\\/nje-ministre-si-lavatrice-per-mafien\\\/#article\",\"isPartOf\":{\"@id\":\"https:\\\/\\\/fjala.info\\\/2009-2015\\\/nje-ministre-si-lavatrice-per-mafien\\\/\"},\"author\":{\"name\":\"admin\",\"@id\":\"https:\\\/\\\/fjala.info\\\/2009-2015\\\/#\\\/schema\\\/person\\\/3aa1163ef05469c496fc94e77611ada2\"},\"headline\":\"NJ\u00cb MINISTRE SI LAVATRI\u00c7E P\u00cbR MAFIEN?\",\"datePublished\":\"2010-10-03T22:09:59+00:00\",\"mainEntityOfPage\":{\"@id\":\"https:\\\/\\\/fjala.info\\\/2009-2015\\\/nje-ministre-si-lavatrice-per-mafien\\\/\"},\"wordCount\":1314,\"commentCount\":0,\"publisher\":{\"@id\":\"https:\\\/\\\/fjala.info\\\/2009-2015\\\/#organization\"},\"image\":{\"@id\":\"https:\\\/\\\/fjala.info\\\/2009-2015\\\/nje-ministre-si-lavatrice-per-mafien\\\/#primaryimage\"},\"thumbnailUrl\":\"http:\\\/\\\/fjala.shkoder.net\\\/wp-content\\\/uploads\\\/2010\\\/10\\\/andrea_stefani1.jpg\",\"articleSection\":[\"Artikuj\"],\"inLanguage\":\"sq-AL\",\"potentialAction\":[{\"@type\":\"CommentAction\",\"name\":\"Comment\",\"target\":[\"https:\\\/\\\/fjala.info\\\/2009-2015\\\/nje-ministre-si-lavatrice-per-mafien\\\/#respond\"]}]},{\"@type\":\"WebPage\",\"@id\":\"https:\\\/\\\/fjala.info\\\/2009-2015\\\/nje-ministre-si-lavatrice-per-mafien\\\/\",\"url\":\"https:\\\/\\\/fjala.info\\\/2009-2015\\\/nje-ministre-si-lavatrice-per-mafien\\\/\",\"name\":\"NJ\u00cb MINISTRE SI LAVATRI\u00c7E P\u00cbR MAFIEN? - FjALA e LIR\u00cb - Arkivi\",\"isPartOf\":{\"@id\":\"https:\\\/\\\/fjala.info\\\/2009-2015\\\/#website\"},\"primaryImageOfPage\":{\"@id\":\"https:\\\/\\\/fjala.info\\\/2009-2015\\\/nje-ministre-si-lavatrice-per-mafien\\\/#primaryimage\"},\"image\":{\"@id\":\"https:\\\/\\\/fjala.info\\\/2009-2015\\\/nje-ministre-si-lavatrice-per-mafien\\\/#primaryimage\"},\"thumbnailUrl\":\"http:\\\/\\\/fjala.shkoder.net\\\/wp-content\\\/uploads\\\/2010\\\/10\\\/andrea_stefani1.jpg\",\"datePublished\":\"2010-10-03T22:09:59+00:00\",\"breadcrumb\":{\"@id\":\"https:\\\/\\\/fjala.info\\\/2009-2015\\\/nje-ministre-si-lavatrice-per-mafien\\\/#breadcrumb\"},\"inLanguage\":\"sq-AL\",\"potentialAction\":[{\"@type\":\"ReadAction\",\"target\":[\"https:\\\/\\\/fjala.info\\\/2009-2015\\\/nje-ministre-si-lavatrice-per-mafien\\\/\"]}]},{\"@type\":\"ImageObject\",\"inLanguage\":\"sq-AL\",\"@id\":\"https:\\\/\\\/fjala.info\\\/2009-2015\\\/nje-ministre-si-lavatrice-per-mafien\\\/#primaryimage\",\"url\":\"http:\\\/\\\/fjala.shkoder.net\\\/wp-content\\\/uploads\\\/2010\\\/10\\\/andrea_stefani1.jpg\",\"contentUrl\":\"http:\\\/\\\/fjala.shkoder.net\\\/wp-content\\\/uploads\\\/2010\\\/10\\\/andrea_stefani1.jpg\"},{\"@type\":\"BreadcrumbList\",\"@id\":\"https:\\\/\\\/fjala.info\\\/2009-2015\\\/nje-ministre-si-lavatrice-per-mafien\\\/#breadcrumb\",\"itemListElement\":[{\"@type\":\"ListItem\",\"position\":1,\"name\":\"Home\",\"item\":\"https:\\\/\\\/fjala.info\\\/2009-2015\\\/\"},{\"@type\":\"ListItem\",\"position\":2,\"name\":\"NJ\u00cb MINISTRE SI LAVATRI\u00c7E P\u00cbR MAFIEN?\"}]},{\"@type\":\"WebSite\",\"@id\":\"https:\\\/\\\/fjala.info\\\/2009-2015\\\/#website\",\"url\":\"https:\\\/\\\/fjala.info\\\/2009-2015\\\/\",\"name\":\"FjALA e LIR\u00cb - Arkivi\",\"description\":\"Arkivi 2009-2015\",\"publisher\":{\"@id\":\"https:\\\/\\\/fjala.info\\\/2009-2015\\\/#organization\"},\"potentialAction\":[{\"@type\":\"SearchAction\",\"target\":{\"@type\":\"EntryPoint\",\"urlTemplate\":\"https:\\\/\\\/fjala.info\\\/2009-2015\\\/?s={search_term_string}\"},\"query-input\":{\"@type\":\"PropertyValueSpecification\",\"valueRequired\":true,\"valueName\":\"search_term_string\"}}],\"inLanguage\":\"sq-AL\"},{\"@type\":\"Organization\",\"@id\":\"https:\\\/\\\/fjala.info\\\/2009-2015\\\/#organization\",\"name\":\"FjALA e LIR\u00cb - Arkivi\",\"url\":\"https:\\\/\\\/fjala.info\\\/2009-2015\\\/\",\"logo\":{\"@type\":\"ImageObject\",\"inLanguage\":\"sq-AL\",\"@id\":\"https:\\\/\\\/fjala.info\\\/2009-2015\\\/#\\\/schema\\\/logo\\\/image\\\/\",\"url\":\"\",\"contentUrl\":\"\",\"caption\":\"FjALA e LIR\u00cb - Arkivi\"},\"image\":{\"@id\":\"https:\\\/\\\/fjala.info\\\/2009-2015\\\/#\\\/schema\\\/logo\\\/image\\\/\"}},{\"@type\":\"Person\",\"@id\":\"https:\\\/\\\/fjala.info\\\/2009-2015\\\/#\\\/schema\\\/person\\\/3aa1163ef05469c496fc94e77611ada2\",\"name\":\"admin\",\"image\":{\"@type\":\"ImageObject\",\"inLanguage\":\"sq-AL\",\"@id\":\"https:\\\/\\\/fjala.info\\\/2009-2015\\\/wp-content\\\/uploads\\\/2012\\\/02\\\/arben_cokaj-120x150.jpg\",\"url\":\"https:\\\/\\\/fjala.info\\\/2009-2015\\\/wp-content\\\/uploads\\\/2012\\\/02\\\/arben_cokaj-120x150.jpg\",\"contentUrl\":\"https:\\\/\\\/fjala.info\\\/2009-2015\\\/wp-content\\\/uploads\\\/2012\\\/02\\\/arben_cokaj-120x150.jpg\",\"caption\":\"admin\"},\"description\":\"Admin, Fjala e Lir\u00eb\",\"sameAs\":[\"https:\\\/\\\/fjala.info\\\/\"],\"url\":\"https:\\\/\\\/fjala.info\\\/2009-2015\\\/author\\\/admin\\\/\"}]}<\/script>\n<!-- \/ Yoast SEO plugin. -->","yoast_head_json":{"title":"NJ\u00cb MINISTRE SI LAVATRI\u00c7E P\u00cbR MAFIEN? - FjALA e LIR\u00cb - Arkivi","robots":{"index":"index","follow":"follow","max-snippet":"max-snippet:-1","max-image-preview":"max-image-preview:large","max-video-preview":"max-video-preview:-1"},"canonical":"https:\/\/fjala.info\/2009-2015\/nje-ministre-si-lavatrice-per-mafien\/","og_locale":"sq_AL","og_type":"article","og_title":"NJ\u00cb MINISTRE SI LAVATRI\u00c7E P\u00cbR MAFIEN? - FjALA e LIR\u00cb - Arkivi","og_description":"Andrea Stefani N\u00ebse k\u00ebrkon n\u00eb \u201cGoogle\u201d t\u00eb dh\u00ebna p\u00ebr nj\u00eb person me emrin, Angelo Prudentino, i pari informacion q\u00eb t\u00eb shfaqet n\u00eb ekran \u00ebsht\u00eb nj\u00eb artikull i s\u00eb p\u00ebrditshmes italiane \u201cCorriere Della Sera\u201d me titull \u201cPrudentino n\u00eb telefon: Takova Provenzanon, afera shkoi n\u00eb rregull\u201d. Dhe artikulli n\u00eb fjal\u00eb shpjegon se b\u00ebhet fjal\u00eb p\u00ebr nj\u00eb bised\u00eb [&hellip;]","og_url":"https:\/\/fjala.info\/2009-2015\/nje-ministre-si-lavatrice-per-mafien\/","og_site_name":"FjALA e LIR\u00cb - Arkivi","article_published_time":"2010-10-03T22:09:59+00:00","og_image":[{"url":"http:\/\/fjala.shkoder.net\/wp-content\/uploads\/2010\/10\/andrea_stefani1.jpg","type":"","width":"","height":""}],"author":"admin","twitter_card":"summary_large_image","twitter_misc":{"Written by":"admin","Est. reading time":"7 minutes"},"schema":{"@context":"https:\/\/schema.org","@graph":[{"@type":"Article","@id":"https:\/\/fjala.info\/2009-2015\/nje-ministre-si-lavatrice-per-mafien\/#article","isPartOf":{"@id":"https:\/\/fjala.info\/2009-2015\/nje-ministre-si-lavatrice-per-mafien\/"},"author":{"name":"admin","@id":"https:\/\/fjala.info\/2009-2015\/#\/schema\/person\/3aa1163ef05469c496fc94e77611ada2"},"headline":"NJ\u00cb MINISTRE SI LAVATRI\u00c7E P\u00cbR MAFIEN?","datePublished":"2010-10-03T22:09:59+00:00","mainEntityOfPage":{"@id":"https:\/\/fjala.info\/2009-2015\/nje-ministre-si-lavatrice-per-mafien\/"},"wordCount":1314,"commentCount":0,"publisher":{"@id":"https:\/\/fjala.info\/2009-2015\/#organization"},"image":{"@id":"https:\/\/fjala.info\/2009-2015\/nje-ministre-si-lavatrice-per-mafien\/#primaryimage"},"thumbnailUrl":"http:\/\/fjala.shkoder.net\/wp-content\/uploads\/2010\/10\/andrea_stefani1.jpg","articleSection":["Artikuj"],"inLanguage":"sq-AL","potentialAction":[{"@type":"CommentAction","name":"Comment","target":["https:\/\/fjala.info\/2009-2015\/nje-ministre-si-lavatrice-per-mafien\/#respond"]}]},{"@type":"WebPage","@id":"https:\/\/fjala.info\/2009-2015\/nje-ministre-si-lavatrice-per-mafien\/","url":"https:\/\/fjala.info\/2009-2015\/nje-ministre-si-lavatrice-per-mafien\/","name":"NJ\u00cb MINISTRE SI LAVATRI\u00c7E P\u00cbR MAFIEN? - FjALA e LIR\u00cb - Arkivi","isPartOf":{"@id":"https:\/\/fjala.info\/2009-2015\/#website"},"primaryImageOfPage":{"@id":"https:\/\/fjala.info\/2009-2015\/nje-ministre-si-lavatrice-per-mafien\/#primaryimage"},"image":{"@id":"https:\/\/fjala.info\/2009-2015\/nje-ministre-si-lavatrice-per-mafien\/#primaryimage"},"thumbnailUrl":"http:\/\/fjala.shkoder.net\/wp-content\/uploads\/2010\/10\/andrea_stefani1.jpg","datePublished":"2010-10-03T22:09:59+00:00","breadcrumb":{"@id":"https:\/\/fjala.info\/2009-2015\/nje-ministre-si-lavatrice-per-mafien\/#breadcrumb"},"inLanguage":"sq-AL","potentialAction":[{"@type":"ReadAction","target":["https:\/\/fjala.info\/2009-2015\/nje-ministre-si-lavatrice-per-mafien\/"]}]},{"@type":"ImageObject","inLanguage":"sq-AL","@id":"https:\/\/fjala.info\/2009-2015\/nje-ministre-si-lavatrice-per-mafien\/#primaryimage","url":"http:\/\/fjala.shkoder.net\/wp-content\/uploads\/2010\/10\/andrea_stefani1.jpg","contentUrl":"http:\/\/fjala.shkoder.net\/wp-content\/uploads\/2010\/10\/andrea_stefani1.jpg"},{"@type":"BreadcrumbList","@id":"https:\/\/fjala.info\/2009-2015\/nje-ministre-si-lavatrice-per-mafien\/#breadcrumb","itemListElement":[{"@type":"ListItem","position":1,"name":"Home","item":"https:\/\/fjala.info\/2009-2015\/"},{"@type":"ListItem","position":2,"name":"NJ\u00cb MINISTRE SI LAVATRI\u00c7E P\u00cbR MAFIEN?"}]},{"@type":"WebSite","@id":"https:\/\/fjala.info\/2009-2015\/#website","url":"https:\/\/fjala.info\/2009-2015\/","name":"FjALA e LIR\u00cb - Arkivi","description":"Arkivi 2009-2015","publisher":{"@id":"https:\/\/fjala.info\/2009-2015\/#organization"},"potentialAction":[{"@type":"SearchAction","target":{"@type":"EntryPoint","urlTemplate":"https:\/\/fjala.info\/2009-2015\/?s={search_term_string}"},"query-input":{"@type":"PropertyValueSpecification","valueRequired":true,"valueName":"search_term_string"}}],"inLanguage":"sq-AL"},{"@type":"Organization","@id":"https:\/\/fjala.info\/2009-2015\/#organization","name":"FjALA e LIR\u00cb - Arkivi","url":"https:\/\/fjala.info\/2009-2015\/","logo":{"@type":"ImageObject","inLanguage":"sq-AL","@id":"https:\/\/fjala.info\/2009-2015\/#\/schema\/logo\/image\/","url":"","contentUrl":"","caption":"FjALA e LIR\u00cb - Arkivi"},"image":{"@id":"https:\/\/fjala.info\/2009-2015\/#\/schema\/logo\/image\/"}},{"@type":"Person","@id":"https:\/\/fjala.info\/2009-2015\/#\/schema\/person\/3aa1163ef05469c496fc94e77611ada2","name":"admin","image":{"@type":"ImageObject","inLanguage":"sq-AL","@id":"https:\/\/fjala.info\/2009-2015\/wp-content\/uploads\/2012\/02\/arben_cokaj-120x150.jpg","url":"https:\/\/fjala.info\/2009-2015\/wp-content\/uploads\/2012\/02\/arben_cokaj-120x150.jpg","contentUrl":"https:\/\/fjala.info\/2009-2015\/wp-content\/uploads\/2012\/02\/arben_cokaj-120x150.jpg","caption":"admin"},"description":"Admin, Fjala e Lir\u00eb","sameAs":["https:\/\/fjala.info\/"],"url":"https:\/\/fjala.info\/2009-2015\/author\/admin\/"}]}},"_links":{"self":[{"href":"https:\/\/fjala.info\/2009-2015\/wp-json\/wp\/v2\/posts\/4147","targetHints":{"allow":["GET"]}}],"collection":[{"href":"https:\/\/fjala.info\/2009-2015\/wp-json\/wp\/v2\/posts"}],"about":[{"href":"https:\/\/fjala.info\/2009-2015\/wp-json\/wp\/v2\/types\/post"}],"author":[{"embeddable":true,"href":"https:\/\/fjala.info\/2009-2015\/wp-json\/wp\/v2\/users\/1"}],"replies":[{"embeddable":true,"href":"https:\/\/fjala.info\/2009-2015\/wp-json\/wp\/v2\/comments?post=4147"}],"version-history":[{"count":0,"href":"https:\/\/fjala.info\/2009-2015\/wp-json\/wp\/v2\/posts\/4147\/revisions"}],"wp:attachment":[{"href":"https:\/\/fjala.info\/2009-2015\/wp-json\/wp\/v2\/media?parent=4147"}],"wp:term":[{"taxonomy":"category","embeddable":true,"href":"https:\/\/fjala.info\/2009-2015\/wp-json\/wp\/v2\/categories?post=4147"},{"taxonomy":"post_tag","embeddable":true,"href":"https:\/\/fjala.info\/2009-2015\/wp-json\/wp\/v2\/tags?post=4147"}],"curies":[{"name":"wp","href":"https:\/\/api.w.org\/{rel}","templated":true}]}}