{"id":4146,"date":"2012-08-03T15:02:45","date_gmt":"2012-08-03T14:02:45","guid":{"rendered":"http:\/\/www.fjala.info\/?p=4146"},"modified":"2012-08-03T15:02:45","modified_gmt":"2012-08-03T14:02:45","slug":"topi-hyn-ne-frd-dhe-paralajmeron-aleancen-e-kemi-me-qytetaret-jo-me-partite-e-vjetra","status":"publish","type":"post","link":"https:\/\/fjala.info\/2009-2015\/topi-hyn-ne-frd-dhe-paralajmeron-aleancen-e-kemi-me-qytetaret-jo-me-partite-e-vjetra\/","title":{"rendered":"Topi \u2018hyn\u2019 n\u00eb FRD dhe paralajm\u00ebron: Aleanc\u00ebn e kemi me qytetar\u00ebt, jo me partit\u00eb e vjetra"},"content":{"rendered":"<p><img decoding=\"async\" class=\"alignleft size-thumbnail wp-image-7236\" title=\"Topi - FRD\" src=\"http:\/\/www.fjala.info\/2012\/topi_frd.jpg\" alt=\"\" width=\"300\" \/> <strong>TemA<\/strong>, <em>3 Gusht 2012<\/em><\/p>\n<p><strong><em>Bamir Topi thot\u00eb se takimin tjet\u00ebr do e realizojn\u00eb n\u00eb selin\u00eb e Frym\u00ebs s\u00eb Re Demokratike<\/em><\/strong><\/p>\n<p>Ish- presidenti Bamir Topi, ashtu si\u00e7 ishte paralajm\u00ebruar, takoi sot drejtuesit e grupit nism\u00ebtar t\u00eb Frym\u00ebs s\u00eb Re Demokratike. Pas takimit, p\u00ebrpara mediave fol\u00ebn kreu i grupit nism\u00ebtar, Gazmend Oketa dhe vet\u00eb Bamir Topi.<\/p>\n<p>\u201cShpreh\u00ebm mir\u00ebnjohjen ndaj presidentit Topi p\u00ebr kontributin e tij si president i Republik\u00ebs n\u00eb respektim t\u00eb Kushtetut\u00ebs dhe institucioneve t\u00eb pavarura.<\/p>\n<p>E njoh\u00ebm me projektin ton\u00eb politik q\u00eb synon t\u00eb sjell\u00eb nj\u00eb politik\u00eb ndryshe n\u00eb m\u00ebnyr\u00eb q\u00eb \u00ebndrra e shqiptar\u00ebve p\u00ebr integrimin evropian t\u00eb b\u00ebhet realitet.<\/p>\n<p>Eksperienca e Topit si presidenti dhe politikan i spikatur do jet\u00eb nj\u00eb aset i shtuar dhe vler\u00eb e mir\u00ebpritur n\u00eb Frym\u00ebn e Re Demokratike,\u201d deklaroi Oketa.<\/p>\n<p>Kurse presidenti Topi tha se ky ishte nj\u00eb hap i par\u00eb drejt rikthimit n\u00eb politik\u00eb. Topi tha se do ket\u00eb edhe nj\u00eb takim tjet\u00ebr, k\u00ebsaj here n\u00eb selin\u00eb e FRD.<\/p>\n<p>\u201cUn\u00eb e konsideroj k\u00ebt\u00eb takim si hapin e par\u00eb publik t\u00eb procesit t\u00eb zyrtarizmit t\u00eb rikthimit n\u00eb politik\u00eb. M\u00eb vjen mir\u00eb q\u00eb sot kam qen\u00eb me njer\u00ebz t\u00eb nderuar n\u00eb p\u00ebrgjigje t\u00eb ftes\u00ebs s\u00eb tyre.<\/p>\n<p>Natyrisht do jet\u00eb fundi i k\u00ebtij muaji q\u00eb do t\u00eb realizoj\u00eb hapin p\u00ebrfundimtar dhe un\u00eb jam i bindur se takimi tjet\u00ebr do realizohet n\u00eb selin\u00eb e re t\u00eb FRD. Nj\u00eb forc\u00eb e re politike, e cila n\u00eb projektin politik e ka b\u00ebr\u00eb t\u00eb qart\u00eb q\u00eb do t\u00eb jet\u00eb n\u00eb funksion t\u00eb plot\u00eb aspirat\u00ebs qytetar\u00eb dhe m\u00eb ka p\u00eblqyer nj\u00eb shprehje e sakt\u00eb e zotit Oketa kur \u00ebsht\u00eb pyetur p\u00ebr aleancat e mundur, ka th\u00ebn\u00eb se aleanca jon\u00eb \u00ebsht\u00eb aleanc\u00eb me qytetarin,\u201d tha Topi.<\/p>\n<p>I pyetur p\u00ebr mund\u00ebsin\u00eb e aleanc\u00ebs s\u00eb FRD me PS, Topi dha nj\u00eb mendim personal: \u201cN\u00ebse do mbaj nj\u00eb pozicion personal, them se aleanca do jet\u00eb vet\u00ebm me qytetarin dhe jo me ato q\u00eb konsiderohen parti t\u00eb vjetra n\u00eb Shqip\u00ebri. Nuk do kishte sens nj\u00eb forc\u00eb e re politike q\u00eb k\u00ebrkon t\u00eb realizoj\u00eb nj\u00eb model totalisht ndryshe n\u00eb p\u00ebrputhje me standardet evropiane ku do drejtohemi.\u201d<\/p>\n<p>I pyetur n\u00ebse do jet\u00eb ai q\u00eb do drejtoj\u00eb FRD, Topi tha: \u201cNuk jemi futur n\u00eb termat e bisedimit p\u00ebr kryesimin e FRD. Un\u00eb e kam th\u00ebn\u00eb se do rikthehem si misionar politik dhe nuk e lidh k\u00ebt\u00eb me nj\u00eb pozicion t\u00eb caktuar.\u201d<\/p>\n<p>Presidenti Topi u pyet edhe n\u00eb lidhje me deklarat\u00ebn e tij p\u00ebr rotacion politik n\u00eb vitin 2013. \u201cRotacioni n\u00eb demokraci vjen gjithmon\u00eb n\u00ebp\u00ebrmjet vot\u00ebs s\u00eb popullit. Kur e kam th\u00ebn\u00eb k\u00ebt\u00eb, e kam th\u00ebn\u00eb duke argumentuar qart\u00eb se politika ka sjell\u00eb nj\u00eb zhg\u00ebnjim q\u00eb vjen nga z\u00ebri i qytetar\u00ebve,\u201d tha Topi.<\/p>\n<p>Kurse Oketa, duke folur n\u00eb lidhje me rotacionin, deklaroi: \u201cNe do japim kontributin ton\u00eb p\u00ebr nj\u00eb politik\u00eb ndryshe. Rotacionin e garantojn\u00eb qytetar\u00ebt me vot\u00ebn e tyre t\u00eb lir\u00eb.\u201d<\/p>\n","protected":false},"excerpt":{"rendered":"<p>TemA, 3 Gusht 2012 Bamir Topi thot\u00eb se takimin tjet\u00ebr do e realizojn\u00eb n\u00eb selin\u00eb e Frym\u00ebs s\u00eb Re Demokratike Ish- presidenti Bamir Topi, ashtu si\u00e7 ishte paralajm\u00ebruar, takoi sot drejtuesit e grupit nism\u00ebtar t\u00eb Frym\u00ebs s\u00eb Re Demokratike. Pas takimit, p\u00ebrpara mediave fol\u00ebn kreu i grupit nism\u00ebtar, Gazmend Oketa dhe vet\u00eb Bamir Topi. \u201cShpreh\u00ebm [&hellip;]<\/p>\n","protected":false},"author":1,"featured_media":0,"comment_status":"open","ping_status":"closed","sticky":false,"template":"","format":"standard","meta":{"footnotes":""},"categories":[2],"tags":[],"class_list":{"0":"post-4146","1":"post","2":"type-post","3":"status-publish","4":"format-standard","6":"category-artikuj"},"yoast_head":"<!-- This site is optimized with the Yoast SEO plugin v27.4 - https:\/\/yoast.com\/product\/yoast-seo-wordpress\/ -->\n<title>Topi \u2018hyn\u2019 n\u00eb FRD dhe paralajm\u00ebron: Aleanc\u00ebn e kemi me qytetar\u00ebt, jo me partit\u00eb e vjetra - FjALA e LIR\u00cb - Arkivi<\/title>\n<meta name=\"robots\" content=\"index, follow, max-snippet:-1, max-image-preview:large, max-video-preview:-1\" \/>\n<link rel=\"canonical\" href=\"https:\/\/fjala.info\/2009-2015\/topi-hyn-ne-frd-dhe-paralajmeron-aleancen-e-kemi-me-qytetaret-jo-me-partite-e-vjetra\/\" \/>\n<meta property=\"og:locale\" content=\"sq_AL\" \/>\n<meta property=\"og:type\" content=\"article\" \/>\n<meta property=\"og:title\" content=\"Topi \u2018hyn\u2019 n\u00eb FRD dhe paralajm\u00ebron: Aleanc\u00ebn e kemi me qytetar\u00ebt, jo me partit\u00eb e vjetra - FjALA e LIR\u00cb - Arkivi\" \/>\n<meta property=\"og:description\" content=\"TemA, 3 Gusht 2012 Bamir Topi thot\u00eb se takimin tjet\u00ebr do e realizojn\u00eb n\u00eb selin\u00eb e Frym\u00ebs s\u00eb Re Demokratike Ish- presidenti Bamir Topi, ashtu si\u00e7 ishte paralajm\u00ebruar, takoi sot drejtuesit e grupit nism\u00ebtar t\u00eb Frym\u00ebs s\u00eb Re Demokratike. Pas takimit, p\u00ebrpara mediave fol\u00ebn kreu i grupit nism\u00ebtar, Gazmend Oketa dhe vet\u00eb Bamir Topi. \u201cShpreh\u00ebm [&hellip;]\" \/>\n<meta property=\"og:url\" content=\"https:\/\/fjala.info\/2009-2015\/topi-hyn-ne-frd-dhe-paralajmeron-aleancen-e-kemi-me-qytetaret-jo-me-partite-e-vjetra\/\" \/>\n<meta property=\"og:site_name\" content=\"FjALA e LIR\u00cb - Arkivi\" \/>\n<meta property=\"article:published_time\" content=\"2012-08-03T14:02:45+00:00\" \/>\n<meta property=\"og:image\" content=\"http:\/\/www.fjala.info\/2012\/topi_frd.jpg\" \/>\n<meta name=\"author\" content=\"admin\" \/>\n<meta name=\"twitter:card\" content=\"summary_large_image\" \/>\n<meta name=\"twitter:label1\" content=\"Written by\" \/>\n\t<meta name=\"twitter:data1\" content=\"admin\" \/>\n\t<meta name=\"twitter:label2\" content=\"Est. reading time\" \/>\n\t<meta name=\"twitter:data2\" content=\"3 minutes\" \/>\n<script type=\"application\/ld+json\" class=\"yoast-schema-graph\">{\"@context\":\"https:\\\/\\\/schema.org\",\"@graph\":[{\"@type\":\"Article\",\"@id\":\"https:\\\/\\\/fjala.info\\\/2009-2015\\\/topi-hyn-ne-frd-dhe-paralajmeron-aleancen-e-kemi-me-qytetaret-jo-me-partite-e-vjetra\\\/#article\",\"isPartOf\":{\"@id\":\"https:\\\/\\\/fjala.info\\\/2009-2015\\\/topi-hyn-ne-frd-dhe-paralajmeron-aleancen-e-kemi-me-qytetaret-jo-me-partite-e-vjetra\\\/\"},\"author\":{\"name\":\"admin\",\"@id\":\"https:\\\/\\\/fjala.info\\\/2009-2015\\\/#\\\/schema\\\/person\\\/3aa1163ef05469c496fc94e77611ada2\"},\"headline\":\"Topi \u2018hyn\u2019 n\u00eb FRD dhe paralajm\u00ebron: Aleanc\u00ebn e kemi me qytetar\u00ebt, jo me partit\u00eb e vjetra\",\"datePublished\":\"2012-08-03T14:02:45+00:00\",\"mainEntityOfPage\":{\"@id\":\"https:\\\/\\\/fjala.info\\\/2009-2015\\\/topi-hyn-ne-frd-dhe-paralajmeron-aleancen-e-kemi-me-qytetaret-jo-me-partite-e-vjetra\\\/\"},\"wordCount\":537,\"commentCount\":0,\"publisher\":{\"@id\":\"https:\\\/\\\/fjala.info\\\/2009-2015\\\/#organization\"},\"image\":{\"@id\":\"https:\\\/\\\/fjala.info\\\/2009-2015\\\/topi-hyn-ne-frd-dhe-paralajmeron-aleancen-e-kemi-me-qytetaret-jo-me-partite-e-vjetra\\\/#primaryimage\"},\"thumbnailUrl\":\"http:\\\/\\\/www.fjala.info\\\/2012\\\/topi_frd.jpg\",\"articleSection\":[\"Artikuj\"],\"inLanguage\":\"sq-AL\",\"potentialAction\":[{\"@type\":\"CommentAction\",\"name\":\"Comment\",\"target\":[\"https:\\\/\\\/fjala.info\\\/2009-2015\\\/topi-hyn-ne-frd-dhe-paralajmeron-aleancen-e-kemi-me-qytetaret-jo-me-partite-e-vjetra\\\/#respond\"]}]},{\"@type\":\"WebPage\",\"@id\":\"https:\\\/\\\/fjala.info\\\/2009-2015\\\/topi-hyn-ne-frd-dhe-paralajmeron-aleancen-e-kemi-me-qytetaret-jo-me-partite-e-vjetra\\\/\",\"url\":\"https:\\\/\\\/fjala.info\\\/2009-2015\\\/topi-hyn-ne-frd-dhe-paralajmeron-aleancen-e-kemi-me-qytetaret-jo-me-partite-e-vjetra\\\/\",\"name\":\"Topi \u2018hyn\u2019 n\u00eb FRD dhe paralajm\u00ebron: Aleanc\u00ebn e kemi me qytetar\u00ebt, jo me partit\u00eb e vjetra - FjALA e LIR\u00cb - Arkivi\",\"isPartOf\":{\"@id\":\"https:\\\/\\\/fjala.info\\\/2009-2015\\\/#website\"},\"primaryImageOfPage\":{\"@id\":\"https:\\\/\\\/fjala.info\\\/2009-2015\\\/topi-hyn-ne-frd-dhe-paralajmeron-aleancen-e-kemi-me-qytetaret-jo-me-partite-e-vjetra\\\/#primaryimage\"},\"image\":{\"@id\":\"https:\\\/\\\/fjala.info\\\/2009-2015\\\/topi-hyn-ne-frd-dhe-paralajmeron-aleancen-e-kemi-me-qytetaret-jo-me-partite-e-vjetra\\\/#primaryimage\"},\"thumbnailUrl\":\"http:\\\/\\\/www.fjala.info\\\/2012\\\/topi_frd.jpg\",\"datePublished\":\"2012-08-03T14:02:45+00:00\",\"breadcrumb\":{\"@id\":\"https:\\\/\\\/fjala.info\\\/2009-2015\\\/topi-hyn-ne-frd-dhe-paralajmeron-aleancen-e-kemi-me-qytetaret-jo-me-partite-e-vjetra\\\/#breadcrumb\"},\"inLanguage\":\"sq-AL\",\"potentialAction\":[{\"@type\":\"ReadAction\",\"target\":[\"https:\\\/\\\/fjala.info\\\/2009-2015\\\/topi-hyn-ne-frd-dhe-paralajmeron-aleancen-e-kemi-me-qytetaret-jo-me-partite-e-vjetra\\\/\"]}]},{\"@type\":\"ImageObject\",\"inLanguage\":\"sq-AL\",\"@id\":\"https:\\\/\\\/fjala.info\\\/2009-2015\\\/topi-hyn-ne-frd-dhe-paralajmeron-aleancen-e-kemi-me-qytetaret-jo-me-partite-e-vjetra\\\/#primaryimage\",\"url\":\"http:\\\/\\\/www.fjala.info\\\/2012\\\/topi_frd.jpg\",\"contentUrl\":\"http:\\\/\\\/www.fjala.info\\\/2012\\\/topi_frd.jpg\"},{\"@type\":\"BreadcrumbList\",\"@id\":\"https:\\\/\\\/fjala.info\\\/2009-2015\\\/topi-hyn-ne-frd-dhe-paralajmeron-aleancen-e-kemi-me-qytetaret-jo-me-partite-e-vjetra\\\/#breadcrumb\",\"itemListElement\":[{\"@type\":\"ListItem\",\"position\":1,\"name\":\"Home\",\"item\":\"https:\\\/\\\/fjala.info\\\/2009-2015\\\/\"},{\"@type\":\"ListItem\",\"position\":2,\"name\":\"Topi \u2018hyn\u2019 n\u00eb FRD dhe paralajm\u00ebron: Aleanc\u00ebn e kemi me qytetar\u00ebt, jo me partit\u00eb e vjetra\"}]},{\"@type\":\"WebSite\",\"@id\":\"https:\\\/\\\/fjala.info\\\/2009-2015\\\/#website\",\"url\":\"https:\\\/\\\/fjala.info\\\/2009-2015\\\/\",\"name\":\"FjALA e LIR\u00cb - Arkivi\",\"description\":\"Arkivi 2009-2015\",\"publisher\":{\"@id\":\"https:\\\/\\\/fjala.info\\\/2009-2015\\\/#organization\"},\"potentialAction\":[{\"@type\":\"SearchAction\",\"target\":{\"@type\":\"EntryPoint\",\"urlTemplate\":\"https:\\\/\\\/fjala.info\\\/2009-2015\\\/?s={search_term_string}\"},\"query-input\":{\"@type\":\"PropertyValueSpecification\",\"valueRequired\":true,\"valueName\":\"search_term_string\"}}],\"inLanguage\":\"sq-AL\"},{\"@type\":\"Organization\",\"@id\":\"https:\\\/\\\/fjala.info\\\/2009-2015\\\/#organization\",\"name\":\"FjALA e LIR\u00cb - Arkivi\",\"url\":\"https:\\\/\\\/fjala.info\\\/2009-2015\\\/\",\"logo\":{\"@type\":\"ImageObject\",\"inLanguage\":\"sq-AL\",\"@id\":\"https:\\\/\\\/fjala.info\\\/2009-2015\\\/#\\\/schema\\\/logo\\\/image\\\/\",\"url\":\"\",\"contentUrl\":\"\",\"caption\":\"FjALA e LIR\u00cb - Arkivi\"},\"image\":{\"@id\":\"https:\\\/\\\/fjala.info\\\/2009-2015\\\/#\\\/schema\\\/logo\\\/image\\\/\"}},{\"@type\":\"Person\",\"@id\":\"https:\\\/\\\/fjala.info\\\/2009-2015\\\/#\\\/schema\\\/person\\\/3aa1163ef05469c496fc94e77611ada2\",\"name\":\"admin\",\"image\":{\"@type\":\"ImageObject\",\"inLanguage\":\"sq-AL\",\"@id\":\"https:\\\/\\\/fjala.info\\\/2009-2015\\\/wp-content\\\/uploads\\\/2012\\\/02\\\/arben_cokaj-120x150.jpg\",\"url\":\"https:\\\/\\\/fjala.info\\\/2009-2015\\\/wp-content\\\/uploads\\\/2012\\\/02\\\/arben_cokaj-120x150.jpg\",\"contentUrl\":\"https:\\\/\\\/fjala.info\\\/2009-2015\\\/wp-content\\\/uploads\\\/2012\\\/02\\\/arben_cokaj-120x150.jpg\",\"caption\":\"admin\"},\"description\":\"Admin, Fjala e Lir\u00eb\",\"sameAs\":[\"https:\\\/\\\/fjala.info\\\/\"],\"url\":\"https:\\\/\\\/fjala.info\\\/2009-2015\\\/author\\\/admin\\\/\"}]}<\/script>\n<!-- \/ Yoast SEO plugin. -->","yoast_head_json":{"title":"Topi \u2018hyn\u2019 n\u00eb FRD dhe paralajm\u00ebron: Aleanc\u00ebn e kemi me qytetar\u00ebt, jo me partit\u00eb e vjetra - FjALA e LIR\u00cb - Arkivi","robots":{"index":"index","follow":"follow","max-snippet":"max-snippet:-1","max-image-preview":"max-image-preview:large","max-video-preview":"max-video-preview:-1"},"canonical":"https:\/\/fjala.info\/2009-2015\/topi-hyn-ne-frd-dhe-paralajmeron-aleancen-e-kemi-me-qytetaret-jo-me-partite-e-vjetra\/","og_locale":"sq_AL","og_type":"article","og_title":"Topi \u2018hyn\u2019 n\u00eb FRD dhe paralajm\u00ebron: Aleanc\u00ebn e kemi me qytetar\u00ebt, jo me partit\u00eb e vjetra - FjALA e LIR\u00cb - Arkivi","og_description":"TemA, 3 Gusht 2012 Bamir Topi thot\u00eb se takimin tjet\u00ebr do e realizojn\u00eb n\u00eb selin\u00eb e Frym\u00ebs s\u00eb Re Demokratike Ish- presidenti Bamir Topi, ashtu si\u00e7 ishte paralajm\u00ebruar, takoi sot drejtuesit e grupit nism\u00ebtar t\u00eb Frym\u00ebs s\u00eb Re Demokratike. Pas takimit, p\u00ebrpara mediave fol\u00ebn kreu i grupit nism\u00ebtar, Gazmend Oketa dhe vet\u00eb Bamir Topi. \u201cShpreh\u00ebm [&hellip;]","og_url":"https:\/\/fjala.info\/2009-2015\/topi-hyn-ne-frd-dhe-paralajmeron-aleancen-e-kemi-me-qytetaret-jo-me-partite-e-vjetra\/","og_site_name":"FjALA e LIR\u00cb - Arkivi","article_published_time":"2012-08-03T14:02:45+00:00","og_image":[{"url":"http:\/\/www.fjala.info\/2012\/topi_frd.jpg","type":"","width":"","height":""}],"author":"admin","twitter_card":"summary_large_image","twitter_misc":{"Written by":"admin","Est. reading time":"3 minutes"},"schema":{"@context":"https:\/\/schema.org","@graph":[{"@type":"Article","@id":"https:\/\/fjala.info\/2009-2015\/topi-hyn-ne-frd-dhe-paralajmeron-aleancen-e-kemi-me-qytetaret-jo-me-partite-e-vjetra\/#article","isPartOf":{"@id":"https:\/\/fjala.info\/2009-2015\/topi-hyn-ne-frd-dhe-paralajmeron-aleancen-e-kemi-me-qytetaret-jo-me-partite-e-vjetra\/"},"author":{"name":"admin","@id":"https:\/\/fjala.info\/2009-2015\/#\/schema\/person\/3aa1163ef05469c496fc94e77611ada2"},"headline":"Topi \u2018hyn\u2019 n\u00eb FRD dhe paralajm\u00ebron: Aleanc\u00ebn e kemi me qytetar\u00ebt, jo me partit\u00eb e vjetra","datePublished":"2012-08-03T14:02:45+00:00","mainEntityOfPage":{"@id":"https:\/\/fjala.info\/2009-2015\/topi-hyn-ne-frd-dhe-paralajmeron-aleancen-e-kemi-me-qytetaret-jo-me-partite-e-vjetra\/"},"wordCount":537,"commentCount":0,"publisher":{"@id":"https:\/\/fjala.info\/2009-2015\/#organization"},"image":{"@id":"https:\/\/fjala.info\/2009-2015\/topi-hyn-ne-frd-dhe-paralajmeron-aleancen-e-kemi-me-qytetaret-jo-me-partite-e-vjetra\/#primaryimage"},"thumbnailUrl":"http:\/\/www.fjala.info\/2012\/topi_frd.jpg","articleSection":["Artikuj"],"inLanguage":"sq-AL","potentialAction":[{"@type":"CommentAction","name":"Comment","target":["https:\/\/fjala.info\/2009-2015\/topi-hyn-ne-frd-dhe-paralajmeron-aleancen-e-kemi-me-qytetaret-jo-me-partite-e-vjetra\/#respond"]}]},{"@type":"WebPage","@id":"https:\/\/fjala.info\/2009-2015\/topi-hyn-ne-frd-dhe-paralajmeron-aleancen-e-kemi-me-qytetaret-jo-me-partite-e-vjetra\/","url":"https:\/\/fjala.info\/2009-2015\/topi-hyn-ne-frd-dhe-paralajmeron-aleancen-e-kemi-me-qytetaret-jo-me-partite-e-vjetra\/","name":"Topi \u2018hyn\u2019 n\u00eb FRD dhe paralajm\u00ebron: Aleanc\u00ebn e kemi me qytetar\u00ebt, jo me partit\u00eb e vjetra - FjALA e LIR\u00cb - Arkivi","isPartOf":{"@id":"https:\/\/fjala.info\/2009-2015\/#website"},"primaryImageOfPage":{"@id":"https:\/\/fjala.info\/2009-2015\/topi-hyn-ne-frd-dhe-paralajmeron-aleancen-e-kemi-me-qytetaret-jo-me-partite-e-vjetra\/#primaryimage"},"image":{"@id":"https:\/\/fjala.info\/2009-2015\/topi-hyn-ne-frd-dhe-paralajmeron-aleancen-e-kemi-me-qytetaret-jo-me-partite-e-vjetra\/#primaryimage"},"thumbnailUrl":"http:\/\/www.fjala.info\/2012\/topi_frd.jpg","datePublished":"2012-08-03T14:02:45+00:00","breadcrumb":{"@id":"https:\/\/fjala.info\/2009-2015\/topi-hyn-ne-frd-dhe-paralajmeron-aleancen-e-kemi-me-qytetaret-jo-me-partite-e-vjetra\/#breadcrumb"},"inLanguage":"sq-AL","potentialAction":[{"@type":"ReadAction","target":["https:\/\/fjala.info\/2009-2015\/topi-hyn-ne-frd-dhe-paralajmeron-aleancen-e-kemi-me-qytetaret-jo-me-partite-e-vjetra\/"]}]},{"@type":"ImageObject","inLanguage":"sq-AL","@id":"https:\/\/fjala.info\/2009-2015\/topi-hyn-ne-frd-dhe-paralajmeron-aleancen-e-kemi-me-qytetaret-jo-me-partite-e-vjetra\/#primaryimage","url":"http:\/\/www.fjala.info\/2012\/topi_frd.jpg","contentUrl":"http:\/\/www.fjala.info\/2012\/topi_frd.jpg"},{"@type":"BreadcrumbList","@id":"https:\/\/fjala.info\/2009-2015\/topi-hyn-ne-frd-dhe-paralajmeron-aleancen-e-kemi-me-qytetaret-jo-me-partite-e-vjetra\/#breadcrumb","itemListElement":[{"@type":"ListItem","position":1,"name":"Home","item":"https:\/\/fjala.info\/2009-2015\/"},{"@type":"ListItem","position":2,"name":"Topi \u2018hyn\u2019 n\u00eb FRD dhe paralajm\u00ebron: Aleanc\u00ebn e kemi me qytetar\u00ebt, jo me partit\u00eb e vjetra"}]},{"@type":"WebSite","@id":"https:\/\/fjala.info\/2009-2015\/#website","url":"https:\/\/fjala.info\/2009-2015\/","name":"FjALA e LIR\u00cb - Arkivi","description":"Arkivi 2009-2015","publisher":{"@id":"https:\/\/fjala.info\/2009-2015\/#organization"},"potentialAction":[{"@type":"SearchAction","target":{"@type":"EntryPoint","urlTemplate":"https:\/\/fjala.info\/2009-2015\/?s={search_term_string}"},"query-input":{"@type":"PropertyValueSpecification","valueRequired":true,"valueName":"search_term_string"}}],"inLanguage":"sq-AL"},{"@type":"Organization","@id":"https:\/\/fjala.info\/2009-2015\/#organization","name":"FjALA e LIR\u00cb - Arkivi","url":"https:\/\/fjala.info\/2009-2015\/","logo":{"@type":"ImageObject","inLanguage":"sq-AL","@id":"https:\/\/fjala.info\/2009-2015\/#\/schema\/logo\/image\/","url":"","contentUrl":"","caption":"FjALA e LIR\u00cb - Arkivi"},"image":{"@id":"https:\/\/fjala.info\/2009-2015\/#\/schema\/logo\/image\/"}},{"@type":"Person","@id":"https:\/\/fjala.info\/2009-2015\/#\/schema\/person\/3aa1163ef05469c496fc94e77611ada2","name":"admin","image":{"@type":"ImageObject","inLanguage":"sq-AL","@id":"https:\/\/fjala.info\/2009-2015\/wp-content\/uploads\/2012\/02\/arben_cokaj-120x150.jpg","url":"https:\/\/fjala.info\/2009-2015\/wp-content\/uploads\/2012\/02\/arben_cokaj-120x150.jpg","contentUrl":"https:\/\/fjala.info\/2009-2015\/wp-content\/uploads\/2012\/02\/arben_cokaj-120x150.jpg","caption":"admin"},"description":"Admin, Fjala e Lir\u00eb","sameAs":["https:\/\/fjala.info\/"],"url":"https:\/\/fjala.info\/2009-2015\/author\/admin\/"}]}},"_links":{"self":[{"href":"https:\/\/fjala.info\/2009-2015\/wp-json\/wp\/v2\/posts\/4146","targetHints":{"allow":["GET"]}}],"collection":[{"href":"https:\/\/fjala.info\/2009-2015\/wp-json\/wp\/v2\/posts"}],"about":[{"href":"https:\/\/fjala.info\/2009-2015\/wp-json\/wp\/v2\/types\/post"}],"author":[{"embeddable":true,"href":"https:\/\/fjala.info\/2009-2015\/wp-json\/wp\/v2\/users\/1"}],"replies":[{"embeddable":true,"href":"https:\/\/fjala.info\/2009-2015\/wp-json\/wp\/v2\/comments?post=4146"}],"version-history":[{"count":0,"href":"https:\/\/fjala.info\/2009-2015\/wp-json\/wp\/v2\/posts\/4146\/revisions"}],"wp:attachment":[{"href":"https:\/\/fjala.info\/2009-2015\/wp-json\/wp\/v2\/media?parent=4146"}],"wp:term":[{"taxonomy":"category","embeddable":true,"href":"https:\/\/fjala.info\/2009-2015\/wp-json\/wp\/v2\/categories?post=4146"},{"taxonomy":"post_tag","embeddable":true,"href":"https:\/\/fjala.info\/2009-2015\/wp-json\/wp\/v2\/tags?post=4146"}],"curies":[{"name":"wp","href":"https:\/\/api.w.org\/{rel}","templated":true}]}}