{"id":4144,"date":"2012-08-03T14:59:07","date_gmt":"2012-08-03T13:59:07","guid":{"rendered":"http:\/\/www.fjala.info\/?p=4144"},"modified":"2012-08-03T14:59:07","modified_gmt":"2012-08-03T13:59:07","slug":"sali-berisha-je-nje-burre-i-poshter","status":"publish","type":"post","link":"https:\/\/fjala.info\/2009-2015\/sali-berisha-je-nje-burre-i-poshter\/","title":{"rendered":"Sali Berisha, je nj\u00eb burr\u00eb i posht\u00ebr!"},"content":{"rendered":"<p><img decoding=\"async\" class=\"alignright size-thumbnail wp-image-7236\" title=\"Berisha pret shiritin\" src=\"http:\/\/www.fjala.info\/2012\/berisha_pret_shiritin.jpg\" alt=\"\" width=\"300\" \/> Nga <strong>Erion Bra\u00e7e<\/strong>, 2 Gusht 2012<\/p>\n<p>Sali Berisha, je nj\u00eb burr\u00eb i posht\u00ebr si \u00e7do autokrat i korruptuar dhe gjakatar ndaj opozit\u00ebs.<\/p>\n<p>Sali Berisha paska inauguruar \u2018autostrad\u00ebn\u2019 Levan- Dam\u00ebs si loti i par\u00eb i \u2018autostrad\u00ebs Levan- Tepelen\u00eb\u2019.<\/p>\n<p>Sali Berisha na paska th\u00ebn\u00eb se opozita ka penguar k\u00ebt\u00eb rrug\u00eb, se opozita nuk votoi shtes\u00ebn e parave q\u00eb kjo rrug\u00eb t\u00eb mbaronte.<\/p>\n<p>Sali Berisha, je nj\u00eb burr\u00eb i posht\u00ebr. Un\u00eb nuk besoj n\u00eb lajthitjen t\u00ebnde t\u00eb q\u00ebndrueshme. Jo! Ti \u00e7do gj\u00eb e \u2018ngat\u00ebrron\u2019 me dashje!<\/p>\n<p>Sali, ka vet\u00ebm nj\u00eb bllokues e votues t\u00eb nd\u00ebrtimit t\u00eb rrug\u00ebs Levan- Tepelen\u00eb. Ai \u00ebsht\u00eb Sali Ram Berisha, lindur n\u00eb Tropoj\u00eb, por rritur nga regjimi diktatorial me mllef e urrejtje n\u00eb Tiran\u00eb.<\/p>\n<p>N\u00eb maj 2005, socialist\u00ebt i dor\u00ebzuan Kuvendit dy marr\u00ebveshje huaje, nj\u00ebra p\u00ebr rrug\u00ebn Levan- Tepelen\u00eb, e dyta p\u00ebr autostrad\u00ebn Levan- Vlor\u00eb.<\/p>\n<p>Sali Berisha, i ardhur n\u00eb pushtet, iu dor\u00ebzua revanshit dhe hakmarrjes ndaj Jugut, nga Fieri e posht\u00eb. Hakmarrja e tij ra mbi dy akset m\u00eb t\u00eb r\u00ebnd\u00ebsishme t\u00eb Jugut.<\/p>\n<p>Nga shtatori n\u00eb janar 2008, Sali Berisha refuzoi t\u00eb miratonte n\u00eb Kuvend dy marr\u00ebveshjet e huas\u00eb p\u00ebr nd\u00ebrtimin e Levan- Tepelen\u00eb e Levan- Vlor\u00eb. Madje duke ushtruar presion t\u00eb madh ndaj dy bankave zhvilluese, BERZH e BEI. Ato nuk u dor\u00ebzuan!<\/p>\n<p>Pra, tre vjet Sali Berisha mbajti peng nd\u00ebrtimin e rrug\u00ebve t\u00eb Jugut.<\/p>\n<p>Pas 2008-t\u00ebs, kur u miratuan marr\u00ebveshjet p\u00ebr nd\u00ebrtimin e rrug\u00ebve, b\u00ebri d\u00ebmin tjet\u00ebr, ia dha ato p\u00ebr t\u2019i nd\u00ebrtuar nj\u00eb kompani me drejtues serb e n\u00ebnkontraktor fytyr\u00ebn m\u00eb t\u00eb korruptuar pran\u00eb tij, pronarin e gazet\u00ebs apo shkruesin e librave p\u00ebr At\u00eb, Sali Berish\u00ebn.<\/p>\n<p>Korrupsioni \u00ebsht\u00eb arsyeja pse rruga Levan- Tepelen\u00eb nuk ka mbaruar ende pas shtat\u00eb vitesh.<\/p>\n<p>Kjo \u00ebsht\u00eb arsye q\u00eb pasi u vodh, rruga Levan- Vlor\u00eb u shtua me 19 milion euro t\u00eb tjera, borxh q\u00eb do e paguajm\u00eb ne shqiptar\u00ebt.<\/p>\n<p>Korrupsioni \u00ebsht\u00eb arsyeja q\u00eb pasi u vodh edhe rruga Levan- Tepelen\u00eb, do t\u00eb shtohet n\u00eb kosto me nj\u00eb tjet\u00ebr shtes\u00eb parash.<\/p>\n<p>Korrupsioni t\u00eb b\u00ebn edhe m\u00eb t\u00eb posht\u00ebr Sali Berisha!<\/p>\n","protected":false},"excerpt":{"rendered":"<p>Nga Erion Bra\u00e7e, 2 Gusht 2012 Sali Berisha, je nj\u00eb burr\u00eb i posht\u00ebr si \u00e7do autokrat i korruptuar dhe gjakatar ndaj opozit\u00ebs. Sali Berisha paska inauguruar \u2018autostrad\u00ebn\u2019 Levan- Dam\u00ebs si loti i par\u00eb i \u2018autostrad\u00ebs Levan- Tepelen\u00eb\u2019. Sali Berisha na paska th\u00ebn\u00eb se opozita ka penguar k\u00ebt\u00eb rrug\u00eb, se opozita nuk votoi shtes\u00ebn e parave [&hellip;]<\/p>\n","protected":false},"author":1,"featured_media":0,"comment_status":"open","ping_status":"closed","sticky":false,"template":"","format":"standard","meta":{"footnotes":""},"categories":[2],"tags":[],"class_list":{"0":"post-4144","1":"post","2":"type-post","3":"status-publish","4":"format-standard","6":"category-artikuj"},"yoast_head":"<!-- This site is optimized with the Yoast SEO plugin v27.4 - https:\/\/yoast.com\/product\/yoast-seo-wordpress\/ -->\n<title>Sali Berisha, je nj\u00eb burr\u00eb i posht\u00ebr! - FjALA e LIR\u00cb - Arkivi<\/title>\n<meta name=\"robots\" content=\"index, follow, max-snippet:-1, max-image-preview:large, max-video-preview:-1\" \/>\n<link rel=\"canonical\" href=\"https:\/\/fjala.info\/2009-2015\/sali-berisha-je-nje-burre-i-poshter\/\" \/>\n<meta property=\"og:locale\" content=\"sq_AL\" \/>\n<meta property=\"og:type\" content=\"article\" \/>\n<meta property=\"og:title\" content=\"Sali Berisha, je nj\u00eb burr\u00eb i posht\u00ebr! - FjALA e LIR\u00cb - Arkivi\" \/>\n<meta property=\"og:description\" content=\"Nga Erion Bra\u00e7e, 2 Gusht 2012 Sali Berisha, je nj\u00eb burr\u00eb i posht\u00ebr si \u00e7do autokrat i korruptuar dhe gjakatar ndaj opozit\u00ebs. Sali Berisha paska inauguruar \u2018autostrad\u00ebn\u2019 Levan- Dam\u00ebs si loti i par\u00eb i \u2018autostrad\u00ebs Levan- Tepelen\u00eb\u2019. Sali Berisha na paska th\u00ebn\u00eb se opozita ka penguar k\u00ebt\u00eb rrug\u00eb, se opozita nuk votoi shtes\u00ebn e parave [&hellip;]\" \/>\n<meta property=\"og:url\" content=\"https:\/\/fjala.info\/2009-2015\/sali-berisha-je-nje-burre-i-poshter\/\" \/>\n<meta property=\"og:site_name\" content=\"FjALA e LIR\u00cb - Arkivi\" \/>\n<meta property=\"article:published_time\" content=\"2012-08-03T13:59:07+00:00\" \/>\n<meta property=\"og:image\" content=\"http:\/\/www.fjala.info\/2012\/berisha_pret_shiritin.jpg\" \/>\n<meta name=\"author\" content=\"admin\" \/>\n<meta name=\"twitter:card\" content=\"summary_large_image\" \/>\n<meta name=\"twitter:label1\" content=\"Written by\" \/>\n\t<meta name=\"twitter:data1\" content=\"admin\" \/>\n\t<meta name=\"twitter:label2\" content=\"Est. reading time\" \/>\n\t<meta name=\"twitter:data2\" content=\"2 minutes\" \/>\n<script type=\"application\/ld+json\" class=\"yoast-schema-graph\">{\"@context\":\"https:\\\/\\\/schema.org\",\"@graph\":[{\"@type\":\"Article\",\"@id\":\"https:\\\/\\\/fjala.info\\\/2009-2015\\\/sali-berisha-je-nje-burre-i-poshter\\\/#article\",\"isPartOf\":{\"@id\":\"https:\\\/\\\/fjala.info\\\/2009-2015\\\/sali-berisha-je-nje-burre-i-poshter\\\/\"},\"author\":{\"name\":\"admin\",\"@id\":\"https:\\\/\\\/fjala.info\\\/2009-2015\\\/#\\\/schema\\\/person\\\/3aa1163ef05469c496fc94e77611ada2\"},\"headline\":\"Sali Berisha, je nj\u00eb burr\u00eb i posht\u00ebr!\",\"datePublished\":\"2012-08-03T13:59:07+00:00\",\"mainEntityOfPage\":{\"@id\":\"https:\\\/\\\/fjala.info\\\/2009-2015\\\/sali-berisha-je-nje-burre-i-poshter\\\/\"},\"wordCount\":386,\"commentCount\":0,\"publisher\":{\"@id\":\"https:\\\/\\\/fjala.info\\\/2009-2015\\\/#organization\"},\"image\":{\"@id\":\"https:\\\/\\\/fjala.info\\\/2009-2015\\\/sali-berisha-je-nje-burre-i-poshter\\\/#primaryimage\"},\"thumbnailUrl\":\"http:\\\/\\\/www.fjala.info\\\/2012\\\/berisha_pret_shiritin.jpg\",\"articleSection\":[\"Artikuj\"],\"inLanguage\":\"sq-AL\",\"potentialAction\":[{\"@type\":\"CommentAction\",\"name\":\"Comment\",\"target\":[\"https:\\\/\\\/fjala.info\\\/2009-2015\\\/sali-berisha-je-nje-burre-i-poshter\\\/#respond\"]}]},{\"@type\":\"WebPage\",\"@id\":\"https:\\\/\\\/fjala.info\\\/2009-2015\\\/sali-berisha-je-nje-burre-i-poshter\\\/\",\"url\":\"https:\\\/\\\/fjala.info\\\/2009-2015\\\/sali-berisha-je-nje-burre-i-poshter\\\/\",\"name\":\"Sali Berisha, je nj\u00eb burr\u00eb i posht\u00ebr! - FjALA e LIR\u00cb - Arkivi\",\"isPartOf\":{\"@id\":\"https:\\\/\\\/fjala.info\\\/2009-2015\\\/#website\"},\"primaryImageOfPage\":{\"@id\":\"https:\\\/\\\/fjala.info\\\/2009-2015\\\/sali-berisha-je-nje-burre-i-poshter\\\/#primaryimage\"},\"image\":{\"@id\":\"https:\\\/\\\/fjala.info\\\/2009-2015\\\/sali-berisha-je-nje-burre-i-poshter\\\/#primaryimage\"},\"thumbnailUrl\":\"http:\\\/\\\/www.fjala.info\\\/2012\\\/berisha_pret_shiritin.jpg\",\"datePublished\":\"2012-08-03T13:59:07+00:00\",\"breadcrumb\":{\"@id\":\"https:\\\/\\\/fjala.info\\\/2009-2015\\\/sali-berisha-je-nje-burre-i-poshter\\\/#breadcrumb\"},\"inLanguage\":\"sq-AL\",\"potentialAction\":[{\"@type\":\"ReadAction\",\"target\":[\"https:\\\/\\\/fjala.info\\\/2009-2015\\\/sali-berisha-je-nje-burre-i-poshter\\\/\"]}]},{\"@type\":\"ImageObject\",\"inLanguage\":\"sq-AL\",\"@id\":\"https:\\\/\\\/fjala.info\\\/2009-2015\\\/sali-berisha-je-nje-burre-i-poshter\\\/#primaryimage\",\"url\":\"http:\\\/\\\/www.fjala.info\\\/2012\\\/berisha_pret_shiritin.jpg\",\"contentUrl\":\"http:\\\/\\\/www.fjala.info\\\/2012\\\/berisha_pret_shiritin.jpg\"},{\"@type\":\"BreadcrumbList\",\"@id\":\"https:\\\/\\\/fjala.info\\\/2009-2015\\\/sali-berisha-je-nje-burre-i-poshter\\\/#breadcrumb\",\"itemListElement\":[{\"@type\":\"ListItem\",\"position\":1,\"name\":\"Home\",\"item\":\"https:\\\/\\\/fjala.info\\\/2009-2015\\\/\"},{\"@type\":\"ListItem\",\"position\":2,\"name\":\"Sali Berisha, je nj\u00eb burr\u00eb i posht\u00ebr!\"}]},{\"@type\":\"WebSite\",\"@id\":\"https:\\\/\\\/fjala.info\\\/2009-2015\\\/#website\",\"url\":\"https:\\\/\\\/fjala.info\\\/2009-2015\\\/\",\"name\":\"FjALA e LIR\u00cb - Arkivi\",\"description\":\"Arkivi 2009-2015\",\"publisher\":{\"@id\":\"https:\\\/\\\/fjala.info\\\/2009-2015\\\/#organization\"},\"potentialAction\":[{\"@type\":\"SearchAction\",\"target\":{\"@type\":\"EntryPoint\",\"urlTemplate\":\"https:\\\/\\\/fjala.info\\\/2009-2015\\\/?s={search_term_string}\"},\"query-input\":{\"@type\":\"PropertyValueSpecification\",\"valueRequired\":true,\"valueName\":\"search_term_string\"}}],\"inLanguage\":\"sq-AL\"},{\"@type\":\"Organization\",\"@id\":\"https:\\\/\\\/fjala.info\\\/2009-2015\\\/#organization\",\"name\":\"FjALA e LIR\u00cb - Arkivi\",\"url\":\"https:\\\/\\\/fjala.info\\\/2009-2015\\\/\",\"logo\":{\"@type\":\"ImageObject\",\"inLanguage\":\"sq-AL\",\"@id\":\"https:\\\/\\\/fjala.info\\\/2009-2015\\\/#\\\/schema\\\/logo\\\/image\\\/\",\"url\":\"\",\"contentUrl\":\"\",\"caption\":\"FjALA e LIR\u00cb - Arkivi\"},\"image\":{\"@id\":\"https:\\\/\\\/fjala.info\\\/2009-2015\\\/#\\\/schema\\\/logo\\\/image\\\/\"}},{\"@type\":\"Person\",\"@id\":\"https:\\\/\\\/fjala.info\\\/2009-2015\\\/#\\\/schema\\\/person\\\/3aa1163ef05469c496fc94e77611ada2\",\"name\":\"admin\",\"image\":{\"@type\":\"ImageObject\",\"inLanguage\":\"sq-AL\",\"@id\":\"https:\\\/\\\/fjala.info\\\/2009-2015\\\/wp-content\\\/uploads\\\/2012\\\/02\\\/arben_cokaj-120x150.jpg\",\"url\":\"https:\\\/\\\/fjala.info\\\/2009-2015\\\/wp-content\\\/uploads\\\/2012\\\/02\\\/arben_cokaj-120x150.jpg\",\"contentUrl\":\"https:\\\/\\\/fjala.info\\\/2009-2015\\\/wp-content\\\/uploads\\\/2012\\\/02\\\/arben_cokaj-120x150.jpg\",\"caption\":\"admin\"},\"description\":\"Admin, Fjala e Lir\u00eb\",\"sameAs\":[\"https:\\\/\\\/fjala.info\\\/\"],\"url\":\"https:\\\/\\\/fjala.info\\\/2009-2015\\\/author\\\/admin\\\/\"}]}<\/script>\n<!-- \/ Yoast SEO plugin. -->","yoast_head_json":{"title":"Sali Berisha, je nj\u00eb burr\u00eb i posht\u00ebr! - FjALA e LIR\u00cb - Arkivi","robots":{"index":"index","follow":"follow","max-snippet":"max-snippet:-1","max-image-preview":"max-image-preview:large","max-video-preview":"max-video-preview:-1"},"canonical":"https:\/\/fjala.info\/2009-2015\/sali-berisha-je-nje-burre-i-poshter\/","og_locale":"sq_AL","og_type":"article","og_title":"Sali Berisha, je nj\u00eb burr\u00eb i posht\u00ebr! - FjALA e LIR\u00cb - Arkivi","og_description":"Nga Erion Bra\u00e7e, 2 Gusht 2012 Sali Berisha, je nj\u00eb burr\u00eb i posht\u00ebr si \u00e7do autokrat i korruptuar dhe gjakatar ndaj opozit\u00ebs. Sali Berisha paska inauguruar \u2018autostrad\u00ebn\u2019 Levan- Dam\u00ebs si loti i par\u00eb i \u2018autostrad\u00ebs Levan- Tepelen\u00eb\u2019. Sali Berisha na paska th\u00ebn\u00eb se opozita ka penguar k\u00ebt\u00eb rrug\u00eb, se opozita nuk votoi shtes\u00ebn e parave [&hellip;]","og_url":"https:\/\/fjala.info\/2009-2015\/sali-berisha-je-nje-burre-i-poshter\/","og_site_name":"FjALA e LIR\u00cb - Arkivi","article_published_time":"2012-08-03T13:59:07+00:00","og_image":[{"url":"http:\/\/www.fjala.info\/2012\/berisha_pret_shiritin.jpg","type":"","width":"","height":""}],"author":"admin","twitter_card":"summary_large_image","twitter_misc":{"Written by":"admin","Est. reading time":"2 minutes"},"schema":{"@context":"https:\/\/schema.org","@graph":[{"@type":"Article","@id":"https:\/\/fjala.info\/2009-2015\/sali-berisha-je-nje-burre-i-poshter\/#article","isPartOf":{"@id":"https:\/\/fjala.info\/2009-2015\/sali-berisha-je-nje-burre-i-poshter\/"},"author":{"name":"admin","@id":"https:\/\/fjala.info\/2009-2015\/#\/schema\/person\/3aa1163ef05469c496fc94e77611ada2"},"headline":"Sali Berisha, je nj\u00eb burr\u00eb i posht\u00ebr!","datePublished":"2012-08-03T13:59:07+00:00","mainEntityOfPage":{"@id":"https:\/\/fjala.info\/2009-2015\/sali-berisha-je-nje-burre-i-poshter\/"},"wordCount":386,"commentCount":0,"publisher":{"@id":"https:\/\/fjala.info\/2009-2015\/#organization"},"image":{"@id":"https:\/\/fjala.info\/2009-2015\/sali-berisha-je-nje-burre-i-poshter\/#primaryimage"},"thumbnailUrl":"http:\/\/www.fjala.info\/2012\/berisha_pret_shiritin.jpg","articleSection":["Artikuj"],"inLanguage":"sq-AL","potentialAction":[{"@type":"CommentAction","name":"Comment","target":["https:\/\/fjala.info\/2009-2015\/sali-berisha-je-nje-burre-i-poshter\/#respond"]}]},{"@type":"WebPage","@id":"https:\/\/fjala.info\/2009-2015\/sali-berisha-je-nje-burre-i-poshter\/","url":"https:\/\/fjala.info\/2009-2015\/sali-berisha-je-nje-burre-i-poshter\/","name":"Sali Berisha, je nj\u00eb burr\u00eb i posht\u00ebr! - FjALA e LIR\u00cb - Arkivi","isPartOf":{"@id":"https:\/\/fjala.info\/2009-2015\/#website"},"primaryImageOfPage":{"@id":"https:\/\/fjala.info\/2009-2015\/sali-berisha-je-nje-burre-i-poshter\/#primaryimage"},"image":{"@id":"https:\/\/fjala.info\/2009-2015\/sali-berisha-je-nje-burre-i-poshter\/#primaryimage"},"thumbnailUrl":"http:\/\/www.fjala.info\/2012\/berisha_pret_shiritin.jpg","datePublished":"2012-08-03T13:59:07+00:00","breadcrumb":{"@id":"https:\/\/fjala.info\/2009-2015\/sali-berisha-je-nje-burre-i-poshter\/#breadcrumb"},"inLanguage":"sq-AL","potentialAction":[{"@type":"ReadAction","target":["https:\/\/fjala.info\/2009-2015\/sali-berisha-je-nje-burre-i-poshter\/"]}]},{"@type":"ImageObject","inLanguage":"sq-AL","@id":"https:\/\/fjala.info\/2009-2015\/sali-berisha-je-nje-burre-i-poshter\/#primaryimage","url":"http:\/\/www.fjala.info\/2012\/berisha_pret_shiritin.jpg","contentUrl":"http:\/\/www.fjala.info\/2012\/berisha_pret_shiritin.jpg"},{"@type":"BreadcrumbList","@id":"https:\/\/fjala.info\/2009-2015\/sali-berisha-je-nje-burre-i-poshter\/#breadcrumb","itemListElement":[{"@type":"ListItem","position":1,"name":"Home","item":"https:\/\/fjala.info\/2009-2015\/"},{"@type":"ListItem","position":2,"name":"Sali Berisha, je nj\u00eb burr\u00eb i posht\u00ebr!"}]},{"@type":"WebSite","@id":"https:\/\/fjala.info\/2009-2015\/#website","url":"https:\/\/fjala.info\/2009-2015\/","name":"FjALA e LIR\u00cb - Arkivi","description":"Arkivi 2009-2015","publisher":{"@id":"https:\/\/fjala.info\/2009-2015\/#organization"},"potentialAction":[{"@type":"SearchAction","target":{"@type":"EntryPoint","urlTemplate":"https:\/\/fjala.info\/2009-2015\/?s={search_term_string}"},"query-input":{"@type":"PropertyValueSpecification","valueRequired":true,"valueName":"search_term_string"}}],"inLanguage":"sq-AL"},{"@type":"Organization","@id":"https:\/\/fjala.info\/2009-2015\/#organization","name":"FjALA e LIR\u00cb - Arkivi","url":"https:\/\/fjala.info\/2009-2015\/","logo":{"@type":"ImageObject","inLanguage":"sq-AL","@id":"https:\/\/fjala.info\/2009-2015\/#\/schema\/logo\/image\/","url":"","contentUrl":"","caption":"FjALA e LIR\u00cb - Arkivi"},"image":{"@id":"https:\/\/fjala.info\/2009-2015\/#\/schema\/logo\/image\/"}},{"@type":"Person","@id":"https:\/\/fjala.info\/2009-2015\/#\/schema\/person\/3aa1163ef05469c496fc94e77611ada2","name":"admin","image":{"@type":"ImageObject","inLanguage":"sq-AL","@id":"https:\/\/fjala.info\/2009-2015\/wp-content\/uploads\/2012\/02\/arben_cokaj-120x150.jpg","url":"https:\/\/fjala.info\/2009-2015\/wp-content\/uploads\/2012\/02\/arben_cokaj-120x150.jpg","contentUrl":"https:\/\/fjala.info\/2009-2015\/wp-content\/uploads\/2012\/02\/arben_cokaj-120x150.jpg","caption":"admin"},"description":"Admin, Fjala e Lir\u00eb","sameAs":["https:\/\/fjala.info\/"],"url":"https:\/\/fjala.info\/2009-2015\/author\/admin\/"}]}},"_links":{"self":[{"href":"https:\/\/fjala.info\/2009-2015\/wp-json\/wp\/v2\/posts\/4144","targetHints":{"allow":["GET"]}}],"collection":[{"href":"https:\/\/fjala.info\/2009-2015\/wp-json\/wp\/v2\/posts"}],"about":[{"href":"https:\/\/fjala.info\/2009-2015\/wp-json\/wp\/v2\/types\/post"}],"author":[{"embeddable":true,"href":"https:\/\/fjala.info\/2009-2015\/wp-json\/wp\/v2\/users\/1"}],"replies":[{"embeddable":true,"href":"https:\/\/fjala.info\/2009-2015\/wp-json\/wp\/v2\/comments?post=4144"}],"version-history":[{"count":0,"href":"https:\/\/fjala.info\/2009-2015\/wp-json\/wp\/v2\/posts\/4144\/revisions"}],"wp:attachment":[{"href":"https:\/\/fjala.info\/2009-2015\/wp-json\/wp\/v2\/media?parent=4144"}],"wp:term":[{"taxonomy":"category","embeddable":true,"href":"https:\/\/fjala.info\/2009-2015\/wp-json\/wp\/v2\/categories?post=4144"},{"taxonomy":"post_tag","embeddable":true,"href":"https:\/\/fjala.info\/2009-2015\/wp-json\/wp\/v2\/tags?post=4144"}],"curies":[{"name":"wp","href":"https:\/\/api.w.org\/{rel}","templated":true}]}}