{"id":4143,"date":"2010-10-03T22:57:06","date_gmt":"2010-10-03T21:57:06","guid":{"rendered":"http:\/\/fjala.shkoder.net\/?p=4143"},"modified":"2010-10-03T22:57:06","modified_gmt":"2010-10-03T21:57:06","slug":"deshtimi-i-derisotem-i-ina-rames","status":"publish","type":"post","link":"https:\/\/fjala.info\/2009-2015\/deshtimi-i-derisotem-i-ina-rames\/","title":{"rendered":"D\u00ebshtimi i derisot\u00ebm i Ina Ram\u00ebs"},"content":{"rendered":"<p><img loading=\"lazy\" decoding=\"async\" src=\"http:\/\/fjala.shkoder.net\/wp-content\/uploads\/2010\/10\/ina_rama.jpg\" alt=\"\" title=\"Ina Rama\" width=\"215\" height=\"170\" class=\"alignleft size-full wp-image-4145\" \/><\/p>\n<p>Nga: <strong>EDUARD ZALOSHNJA<\/strong><\/p>\n<p>A jeni kureshtar\u00eb t\u00eb dini se \u00e7\u2019do t\u00eb kishte ndodhur n\u00eb qoftese ne Kushtetuten tone do te ekzistonte nje nen qe te percaktonte se kryeprokurorja shkarkohet n\u00eb \u00e7astin q\u00eb qytetarit Eduard Zaloshnja i mbushet mendja se ajo nuk po e kryen mir\u00eb detyr\u00ebn? P\u00ebrgjigjja e shkurt\u00ebr \u00ebsht\u00eb: \u201cIna Rama do t\u00eb ishte shkarkuar me koh\u00eb\u201d. P\u00ebrgjigjja e gjat\u00eb vijon m\u00eb posht\u00eb.<\/p>\n<p>Kur Rama u em\u00ebrua n\u00eb postin q\u00eb mban sot, gj\u00ebja e par\u00eb q\u00eb m\u00eb shkoi n\u00eb mendje ishte se, e armatosur me nj\u00eb mandat t\u00eb fort\u00eb kushtetues dhe e p\u00ebrkrahur fort nga partner\u00ebt tan\u00eb nd\u00ebrkomb\u00ebtar\u00eb, ajo kishte mund\u00ebsin\u00eb t\u00eb fillonte nj\u00eb pastrim t\u00eb till\u00eb t\u00eb administrat\u00ebs shtet\u00ebrore q\u00eb, p\u00ebr nga p\u00ebrmasat, mund t\u00eb kishte qen\u00eb i ngjash\u00ebm me revolucionin e \u201cDuarve t\u00eb Pastra\u201d t\u00eb prokurorit italian Antonio Di Pietro; mjaft q\u00eb ajo t\u00eb fillonte me verifikimin e akuzave publike t\u00eb b\u00ebra nga Fatos Nano dhe Sali Berisha n\u00eb vitet 2001-\u201807, dhe n\u00eb rrjet\u00ebn e prokuroris\u00eb do t\u00eb kishin r\u00ebn\u00eb ndoshta po aq peshq t\u00eb m\u00ebdhenj e t\u00eb vegj\u00ebl sa kapi prokurori Di Pietro n\u00eb fillim t\u00eb viteve \u201990, n\u00eb \u00e7\u00ebshtjen \u201cTangentopoli\u201d.<\/p>\n<p>Po Rama nuk ndoqi shembullin e kolegut italian. Ajo thjesht u struk n\u00eb zyr\u00ebn e saj, ku u mor kryesisht me njer\u00ebz t\u00eb pambrojtur nga politika. Asnj\u00eb nga zyrtar\u00ebt e lart\u00eb q\u00eb akuzoi Nano n\u00eb periudh\u00ebn katarsiste, apo Berisha n\u00eb periudh\u00ebn opozitare, nuk u procedua. Asnj\u00eb prej padive t\u00eb shumta p\u00ebr shpifje nuk p\u00ebrfundoi n\u00eb dyert e gjykat\u00ebs. Dhe shum\u00eb pak zyrtar\u00eb t\u00eb akuzuar nga mediat p\u00ebr shp\u00ebrdorime pan\u00eb dyert e prokuroris\u00eb.<\/p>\n<p>Rama u b\u00eb e gjall\u00eb p\u00ebr t\u00eb \u00e7uar n\u00eb gjykat\u00eb n\u00eb p\u00ebrputhje me procedur\u00ebn penale vet\u00ebm nj\u00eb minist\u00ebr, pasi u pandeh se prej veprimeve dhe mosveprimeve t\u00eb tij humb\u00ebn jet\u00ebn 26 veta n\u00eb G\u00ebrdec. Dhe kjo ndoshta erdhi vet\u00ebm si rezultat i trysnis\u00eb s\u00eb madhe t\u00eb SHBA-s\u00eb p\u00ebr k\u00ebt\u00eb rast, n\u00eb t\u00eb cilin ishte implikuar edhe nj\u00eb kompani amerikane. Po kur gjykata e rr\u00ebzoi padin\u00eb p\u00ebr shkak t\u00eb imunitetit parlamentar t\u00eb ministrit, Rama nuk rik\u00ebrkoi heqjen e imunitetit t\u00eb tij. Dhe ai vazhdon t\u00eb jet\u00eb ende edhe sot minist\u00ebr&#8230; <\/p>\n<p>Rama d\u00ebrgoi dosje n\u00eb gjykat\u00eb edhe p\u00ebr nj\u00eb minist\u00ebr tjet\u00ebr, q\u00eb, sipas prokuroris\u00eb, kishte shp\u00ebrdoruar qindra miliona euro n\u00eb nd\u00ebrtimin e rrug\u00ebs Rr\u00ebshen-Kalimash. Por, dosja u rr\u00ebzua nga gjykata p\u00ebr gabime procedurale t\u00eb prokuroris\u00eb dhe nuk u rid\u00ebrgua m\u00eb. Me pak fjal\u00eb, mund t\u00eb thuhet se n\u00eb \u00e7do udh\u00ebkryq t\u00eb r\u00ebnd\u00ebsish\u00ebm Rama ka marr\u00eb kthes\u00ebn e gabuar deri m\u00eb sot; ajo thjesht ka ndjekur shembullin e paraardh\u00ebsve t\u00eb vet, t\u00eb cil\u00ebt jan\u00eb jo pak p\u00ebrgjegj\u00ebs p\u00ebr k\u00ebnet\u00ebn e korrupsionit q\u00eb ka mbytur sot Shqip\u00ebrin\u00eb. Pra, deri tani, ajo nuk ka zgjedhur rrug\u00ebn q\u00eb do t\u2019ia skaliste emrin n\u00eb nd\u00ebrtes\u00ebn e shtetit si njeriu q\u00eb vuri nj\u00eb kolon\u00eb t\u00eb fuqishme ligjshm\u00ebrie n\u00eb t\u00eb, po rrug\u00ebn q\u00eb mund ta \u00e7oj\u00eb n\u00eb fondin gri t\u00eb kujtes\u00ebs popullore.<\/p>\n<p>Kuptohet q\u00eb argumentet e m\u00ebsip\u00ebrme do ta kishin p\u00ebrligjur shkarkimin e Ram\u00ebs, n\u00eb qoft\u00eb se Kushtetuta jon\u00eb do t\u00eb kishte nenin q\u00eb p\u00ebrmenda n\u00eb fillim. Por dihet q\u00eb ai nen mund t\u00eb ekzistoj\u00eb vet\u00ebm n\u00eb \u00ebndrra. Nd\u00ebrsa n\u00eb realitet, i vetmi nen q\u00eb ekziston n\u00eb Kushtetut\u00ebn e Republik\u00ebs s\u00eb Shqip\u00ebris\u00eb p\u00ebr shkarkimin e Prokurorit t\u00eb P\u00ebrgjithsh\u00ebm, thot\u00eb se ai \u201cmund t\u00eb shkarkohet nga Presidenti i Republik\u00ebs, me propozim t\u00eb Kuvendit, p\u00ebr shkelje t\u00eb Kushtetut\u00ebs ose p\u00ebr shkelje t\u00eb r\u00ebnda t\u00eb ligjit gjat\u00eb ushtrimit t\u00eb funksioneve t\u00eb tij, p\u00ebr paaft\u00ebsi mendore a fizike, p\u00ebr akte e sjellje q\u00eb diskreditojn\u00eb r\u00ebnd\u00eb pozit\u00ebn dhe figur\u00ebn e Prokurorit\u201d. Po \u201cshkelje t\u00eb r\u00ebnda t\u00eb Kushtetut\u00ebs ose ligjit\u201d, ndonj\u00eb \u201cpaaft\u00ebsi mendore e fizike\u201d apo ndonj\u00eb \u201csjellje q\u00eb d\u00ebmton r\u00ebnd\u00eb pozit\u00ebn dhe figur\u00ebn e Prokurorit\u201d, konstatohen nga Kuvendi vet\u00ebm n\u00eb rastet kur jep urdh\u00ebr Kryekomandanti. Pse? Sepse k\u00ebshtu b\u00ebhen pun\u00ebt n\u00eb k\u00ebt\u00eb republik\u00ebn ton\u00eb\u2026 <\/p>\n<p>Meqen\u00ebse kam pak forca (p\u00ebr t\u00eb mos th\u00ebn\u00eb fare) p\u00ebr t\u00eb ndryshuar m\u00ebnyr\u00ebn sesi b\u00ebhen pun\u00ebt n\u00eb k\u00ebt\u00eb republik\u00ebn ton\u00eb, pyetja aktuale rreth \u00e7\u00ebshtjes s\u00eb kryeprokurores p\u00ebr mua (e besoj p\u00ebr shum\u00eb shqiptar\u00eb t\u00eb tjer\u00eb) \u00ebsht\u00eb n\u00ebse ajo do t\u00eb arrij\u00eb m\u00eb s\u00eb fundi t\u00eb d\u00ebrgoj\u00eb n\u00eb qeli ndonj\u00eb nga peshqit e m\u00ebdhenj q\u00eb po akuzojn\u00eb nj\u00ebri-tjetrin p\u00ebr pasurime p\u00ebrrallore t\u00eb paligjshme. Pra, pyetja \u00ebsht\u00eb n\u00ebse do ta kemi fatin ne, shqiptar\u00ebt, q\u00eb t\u00eb na \u00e7el\u00eb nj\u00eb tr\u00ebndafil nga ferrat tona t\u00eb kokolepsura. Ose th\u00ebn\u00eb ndryshe, a do t\u00eb b\u00ebhet kryeprokurorja aktuale nj\u00eb Di Pietro shqiptare?<\/p>\n<p>Di Pietroja italian, duke e filluar gjuetin\u00eb nga funksionari socialist Mario Kieza e duke e p\u00ebrfunduar te Kraksi e Andreoti, \u00e7oi drejt varrit nj\u00eb sistem politik t\u00eb krimbur nga korrupsioni. Nd\u00ebrsa kryeprokurorja shqiptare mund ta filloj\u00eb n\u00eb Shkallnuer e ta mbaroj\u00eb n\u00eb Kalimash, p\u00ebr t\u2019i dh\u00ebn\u00eb k\u00ebshtu nj\u00eb m\u00ebsim t\u00eb mir\u00eb si politikan\u00ebve t\u00eb s\u00eb sotmes, edhe atyre t\u00eb s\u00eb nes\u00ebrmes. Po frika ime \u00ebsht\u00eb se ajo do t\u00eb mbetet thjesht nj\u00eb pasuese e denj\u00eb e paraardh\u00ebsve t\u00eb saj. Dhe n\u00eb at\u00eb rast, ne do t\u00eb vazhdojm\u00eb edhe p\u00ebr ca vjet t\u00eb tjer\u00eb t\u00eb notojm\u00eb n\u00ebp\u00ebr uj\u00ebrat e turbullta t\u00eb k\u00ebnet\u00ebs s\u00eb korrupsionit\u2026<\/p>\n","protected":false},"excerpt":{"rendered":"<p>Nga: EDUARD ZALOSHNJA A jeni kureshtar\u00eb t\u00eb dini se \u00e7\u2019do t\u00eb kishte ndodhur n\u00eb qoftese ne Kushtetuten tone do te ekzistonte nje nen qe te percaktonte se kryeprokurorja shkarkohet n\u00eb \u00e7astin q\u00eb qytetarit Eduard Zaloshnja i mbushet mendja se ajo nuk po e kryen mir\u00eb detyr\u00ebn? P\u00ebrgjigjja e shkurt\u00ebr \u00ebsht\u00eb: \u201cIna Rama do t\u00eb ishte [&hellip;]<\/p>\n","protected":false},"author":1,"featured_media":0,"comment_status":"open","ping_status":"closed","sticky":false,"template":"","format":"standard","meta":{"footnotes":""},"categories":[2],"tags":[],"class_list":{"0":"post-4143","1":"post","2":"type-post","3":"status-publish","4":"format-standard","6":"category-artikuj"},"yoast_head":"<!-- This site is optimized with the Yoast SEO plugin v27.4 - https:\/\/yoast.com\/product\/yoast-seo-wordpress\/ -->\n<title>D\u00ebshtimi i derisot\u00ebm i Ina Ram\u00ebs - FjALA e LIR\u00cb - Arkivi<\/title>\n<meta name=\"robots\" content=\"index, follow, max-snippet:-1, max-image-preview:large, max-video-preview:-1\" \/>\n<link rel=\"canonical\" href=\"https:\/\/fjala.info\/2009-2015\/deshtimi-i-derisotem-i-ina-rames\/\" \/>\n<meta property=\"og:locale\" content=\"sq_AL\" \/>\n<meta property=\"og:type\" content=\"article\" \/>\n<meta property=\"og:title\" content=\"D\u00ebshtimi i derisot\u00ebm i Ina Ram\u00ebs - FjALA e LIR\u00cb - Arkivi\" \/>\n<meta property=\"og:description\" content=\"Nga: EDUARD ZALOSHNJA A jeni kureshtar\u00eb t\u00eb dini se \u00e7\u2019do t\u00eb kishte ndodhur n\u00eb qoftese ne Kushtetuten tone do te ekzistonte nje nen qe te percaktonte se kryeprokurorja shkarkohet n\u00eb \u00e7astin q\u00eb qytetarit Eduard Zaloshnja i mbushet mendja se ajo nuk po e kryen mir\u00eb detyr\u00ebn? P\u00ebrgjigjja e shkurt\u00ebr \u00ebsht\u00eb: \u201cIna Rama do t\u00eb ishte [&hellip;]\" \/>\n<meta property=\"og:url\" content=\"https:\/\/fjala.info\/2009-2015\/deshtimi-i-derisotem-i-ina-rames\/\" \/>\n<meta property=\"og:site_name\" content=\"FjALA e LIR\u00cb - Arkivi\" \/>\n<meta property=\"article:published_time\" content=\"2010-10-03T21:57:06+00:00\" \/>\n<meta property=\"og:image\" content=\"http:\/\/fjala.shkoder.net\/wp-content\/uploads\/2010\/10\/ina_rama.jpg\" \/>\n<meta name=\"author\" content=\"admin\" \/>\n<meta name=\"twitter:card\" content=\"summary_large_image\" \/>\n<meta name=\"twitter:label1\" content=\"Written by\" \/>\n\t<meta name=\"twitter:data1\" content=\"admin\" \/>\n\t<meta name=\"twitter:label2\" content=\"Est. reading time\" \/>\n\t<meta name=\"twitter:data2\" content=\"5 minutes\" \/>\n<script type=\"application\/ld+json\" class=\"yoast-schema-graph\">{\"@context\":\"https:\\\/\\\/schema.org\",\"@graph\":[{\"@type\":\"Article\",\"@id\":\"https:\\\/\\\/fjala.info\\\/2009-2015\\\/deshtimi-i-derisotem-i-ina-rames\\\/#article\",\"isPartOf\":{\"@id\":\"https:\\\/\\\/fjala.info\\\/2009-2015\\\/deshtimi-i-derisotem-i-ina-rames\\\/\"},\"author\":{\"name\":\"admin\",\"@id\":\"https:\\\/\\\/fjala.info\\\/2009-2015\\\/#\\\/schema\\\/person\\\/3aa1163ef05469c496fc94e77611ada2\"},\"headline\":\"D\u00ebshtimi i derisot\u00ebm i Ina Ram\u00ebs\",\"datePublished\":\"2010-10-03T21:57:06+00:00\",\"mainEntityOfPage\":{\"@id\":\"https:\\\/\\\/fjala.info\\\/2009-2015\\\/deshtimi-i-derisotem-i-ina-rames\\\/\"},\"wordCount\":977,\"commentCount\":0,\"publisher\":{\"@id\":\"https:\\\/\\\/fjala.info\\\/2009-2015\\\/#organization\"},\"image\":{\"@id\":\"https:\\\/\\\/fjala.info\\\/2009-2015\\\/deshtimi-i-derisotem-i-ina-rames\\\/#primaryimage\"},\"thumbnailUrl\":\"http:\\\/\\\/fjala.shkoder.net\\\/wp-content\\\/uploads\\\/2010\\\/10\\\/ina_rama.jpg\",\"articleSection\":[\"Artikuj\"],\"inLanguage\":\"sq-AL\",\"potentialAction\":[{\"@type\":\"CommentAction\",\"name\":\"Comment\",\"target\":[\"https:\\\/\\\/fjala.info\\\/2009-2015\\\/deshtimi-i-derisotem-i-ina-rames\\\/#respond\"]}]},{\"@type\":\"WebPage\",\"@id\":\"https:\\\/\\\/fjala.info\\\/2009-2015\\\/deshtimi-i-derisotem-i-ina-rames\\\/\",\"url\":\"https:\\\/\\\/fjala.info\\\/2009-2015\\\/deshtimi-i-derisotem-i-ina-rames\\\/\",\"name\":\"D\u00ebshtimi i derisot\u00ebm i Ina Ram\u00ebs - FjALA e LIR\u00cb - Arkivi\",\"isPartOf\":{\"@id\":\"https:\\\/\\\/fjala.info\\\/2009-2015\\\/#website\"},\"primaryImageOfPage\":{\"@id\":\"https:\\\/\\\/fjala.info\\\/2009-2015\\\/deshtimi-i-derisotem-i-ina-rames\\\/#primaryimage\"},\"image\":{\"@id\":\"https:\\\/\\\/fjala.info\\\/2009-2015\\\/deshtimi-i-derisotem-i-ina-rames\\\/#primaryimage\"},\"thumbnailUrl\":\"http:\\\/\\\/fjala.shkoder.net\\\/wp-content\\\/uploads\\\/2010\\\/10\\\/ina_rama.jpg\",\"datePublished\":\"2010-10-03T21:57:06+00:00\",\"breadcrumb\":{\"@id\":\"https:\\\/\\\/fjala.info\\\/2009-2015\\\/deshtimi-i-derisotem-i-ina-rames\\\/#breadcrumb\"},\"inLanguage\":\"sq-AL\",\"potentialAction\":[{\"@type\":\"ReadAction\",\"target\":[\"https:\\\/\\\/fjala.info\\\/2009-2015\\\/deshtimi-i-derisotem-i-ina-rames\\\/\"]}]},{\"@type\":\"ImageObject\",\"inLanguage\":\"sq-AL\",\"@id\":\"https:\\\/\\\/fjala.info\\\/2009-2015\\\/deshtimi-i-derisotem-i-ina-rames\\\/#primaryimage\",\"url\":\"http:\\\/\\\/fjala.shkoder.net\\\/wp-content\\\/uploads\\\/2010\\\/10\\\/ina_rama.jpg\",\"contentUrl\":\"http:\\\/\\\/fjala.shkoder.net\\\/wp-content\\\/uploads\\\/2010\\\/10\\\/ina_rama.jpg\"},{\"@type\":\"BreadcrumbList\",\"@id\":\"https:\\\/\\\/fjala.info\\\/2009-2015\\\/deshtimi-i-derisotem-i-ina-rames\\\/#breadcrumb\",\"itemListElement\":[{\"@type\":\"ListItem\",\"position\":1,\"name\":\"Home\",\"item\":\"https:\\\/\\\/fjala.info\\\/2009-2015\\\/\"},{\"@type\":\"ListItem\",\"position\":2,\"name\":\"D\u00ebshtimi i derisot\u00ebm i Ina Ram\u00ebs\"}]},{\"@type\":\"WebSite\",\"@id\":\"https:\\\/\\\/fjala.info\\\/2009-2015\\\/#website\",\"url\":\"https:\\\/\\\/fjala.info\\\/2009-2015\\\/\",\"name\":\"FjALA e LIR\u00cb - Arkivi\",\"description\":\"Arkivi 2009-2015\",\"publisher\":{\"@id\":\"https:\\\/\\\/fjala.info\\\/2009-2015\\\/#organization\"},\"potentialAction\":[{\"@type\":\"SearchAction\",\"target\":{\"@type\":\"EntryPoint\",\"urlTemplate\":\"https:\\\/\\\/fjala.info\\\/2009-2015\\\/?s={search_term_string}\"},\"query-input\":{\"@type\":\"PropertyValueSpecification\",\"valueRequired\":true,\"valueName\":\"search_term_string\"}}],\"inLanguage\":\"sq-AL\"},{\"@type\":\"Organization\",\"@id\":\"https:\\\/\\\/fjala.info\\\/2009-2015\\\/#organization\",\"name\":\"FjALA e LIR\u00cb - Arkivi\",\"url\":\"https:\\\/\\\/fjala.info\\\/2009-2015\\\/\",\"logo\":{\"@type\":\"ImageObject\",\"inLanguage\":\"sq-AL\",\"@id\":\"https:\\\/\\\/fjala.info\\\/2009-2015\\\/#\\\/schema\\\/logo\\\/image\\\/\",\"url\":\"\",\"contentUrl\":\"\",\"caption\":\"FjALA e LIR\u00cb - Arkivi\"},\"image\":{\"@id\":\"https:\\\/\\\/fjala.info\\\/2009-2015\\\/#\\\/schema\\\/logo\\\/image\\\/\"}},{\"@type\":\"Person\",\"@id\":\"https:\\\/\\\/fjala.info\\\/2009-2015\\\/#\\\/schema\\\/person\\\/3aa1163ef05469c496fc94e77611ada2\",\"name\":\"admin\",\"image\":{\"@type\":\"ImageObject\",\"inLanguage\":\"sq-AL\",\"@id\":\"https:\\\/\\\/fjala.info\\\/2009-2015\\\/wp-content\\\/uploads\\\/2012\\\/02\\\/arben_cokaj-120x150.jpg\",\"url\":\"https:\\\/\\\/fjala.info\\\/2009-2015\\\/wp-content\\\/uploads\\\/2012\\\/02\\\/arben_cokaj-120x150.jpg\",\"contentUrl\":\"https:\\\/\\\/fjala.info\\\/2009-2015\\\/wp-content\\\/uploads\\\/2012\\\/02\\\/arben_cokaj-120x150.jpg\",\"caption\":\"admin\"},\"description\":\"Admin, Fjala e Lir\u00eb\",\"sameAs\":[\"https:\\\/\\\/fjala.info\\\/\"],\"url\":\"https:\\\/\\\/fjala.info\\\/2009-2015\\\/author\\\/admin\\\/\"}]}<\/script>\n<!-- \/ Yoast SEO plugin. -->","yoast_head_json":{"title":"D\u00ebshtimi i derisot\u00ebm i Ina Ram\u00ebs - FjALA e LIR\u00cb - Arkivi","robots":{"index":"index","follow":"follow","max-snippet":"max-snippet:-1","max-image-preview":"max-image-preview:large","max-video-preview":"max-video-preview:-1"},"canonical":"https:\/\/fjala.info\/2009-2015\/deshtimi-i-derisotem-i-ina-rames\/","og_locale":"sq_AL","og_type":"article","og_title":"D\u00ebshtimi i derisot\u00ebm i Ina Ram\u00ebs - FjALA e LIR\u00cb - Arkivi","og_description":"Nga: EDUARD ZALOSHNJA A jeni kureshtar\u00eb t\u00eb dini se \u00e7\u2019do t\u00eb kishte ndodhur n\u00eb qoftese ne Kushtetuten tone do te ekzistonte nje nen qe te percaktonte se kryeprokurorja shkarkohet n\u00eb \u00e7astin q\u00eb qytetarit Eduard Zaloshnja i mbushet mendja se ajo nuk po e kryen mir\u00eb detyr\u00ebn? P\u00ebrgjigjja e shkurt\u00ebr \u00ebsht\u00eb: \u201cIna Rama do t\u00eb ishte [&hellip;]","og_url":"https:\/\/fjala.info\/2009-2015\/deshtimi-i-derisotem-i-ina-rames\/","og_site_name":"FjALA e LIR\u00cb - Arkivi","article_published_time":"2010-10-03T21:57:06+00:00","og_image":[{"url":"http:\/\/fjala.shkoder.net\/wp-content\/uploads\/2010\/10\/ina_rama.jpg","type":"","width":"","height":""}],"author":"admin","twitter_card":"summary_large_image","twitter_misc":{"Written by":"admin","Est. reading time":"5 minutes"},"schema":{"@context":"https:\/\/schema.org","@graph":[{"@type":"Article","@id":"https:\/\/fjala.info\/2009-2015\/deshtimi-i-derisotem-i-ina-rames\/#article","isPartOf":{"@id":"https:\/\/fjala.info\/2009-2015\/deshtimi-i-derisotem-i-ina-rames\/"},"author":{"name":"admin","@id":"https:\/\/fjala.info\/2009-2015\/#\/schema\/person\/3aa1163ef05469c496fc94e77611ada2"},"headline":"D\u00ebshtimi i derisot\u00ebm i Ina Ram\u00ebs","datePublished":"2010-10-03T21:57:06+00:00","mainEntityOfPage":{"@id":"https:\/\/fjala.info\/2009-2015\/deshtimi-i-derisotem-i-ina-rames\/"},"wordCount":977,"commentCount":0,"publisher":{"@id":"https:\/\/fjala.info\/2009-2015\/#organization"},"image":{"@id":"https:\/\/fjala.info\/2009-2015\/deshtimi-i-derisotem-i-ina-rames\/#primaryimage"},"thumbnailUrl":"http:\/\/fjala.shkoder.net\/wp-content\/uploads\/2010\/10\/ina_rama.jpg","articleSection":["Artikuj"],"inLanguage":"sq-AL","potentialAction":[{"@type":"CommentAction","name":"Comment","target":["https:\/\/fjala.info\/2009-2015\/deshtimi-i-derisotem-i-ina-rames\/#respond"]}]},{"@type":"WebPage","@id":"https:\/\/fjala.info\/2009-2015\/deshtimi-i-derisotem-i-ina-rames\/","url":"https:\/\/fjala.info\/2009-2015\/deshtimi-i-derisotem-i-ina-rames\/","name":"D\u00ebshtimi i derisot\u00ebm i Ina Ram\u00ebs - FjALA e LIR\u00cb - Arkivi","isPartOf":{"@id":"https:\/\/fjala.info\/2009-2015\/#website"},"primaryImageOfPage":{"@id":"https:\/\/fjala.info\/2009-2015\/deshtimi-i-derisotem-i-ina-rames\/#primaryimage"},"image":{"@id":"https:\/\/fjala.info\/2009-2015\/deshtimi-i-derisotem-i-ina-rames\/#primaryimage"},"thumbnailUrl":"http:\/\/fjala.shkoder.net\/wp-content\/uploads\/2010\/10\/ina_rama.jpg","datePublished":"2010-10-03T21:57:06+00:00","breadcrumb":{"@id":"https:\/\/fjala.info\/2009-2015\/deshtimi-i-derisotem-i-ina-rames\/#breadcrumb"},"inLanguage":"sq-AL","potentialAction":[{"@type":"ReadAction","target":["https:\/\/fjala.info\/2009-2015\/deshtimi-i-derisotem-i-ina-rames\/"]}]},{"@type":"ImageObject","inLanguage":"sq-AL","@id":"https:\/\/fjala.info\/2009-2015\/deshtimi-i-derisotem-i-ina-rames\/#primaryimage","url":"http:\/\/fjala.shkoder.net\/wp-content\/uploads\/2010\/10\/ina_rama.jpg","contentUrl":"http:\/\/fjala.shkoder.net\/wp-content\/uploads\/2010\/10\/ina_rama.jpg"},{"@type":"BreadcrumbList","@id":"https:\/\/fjala.info\/2009-2015\/deshtimi-i-derisotem-i-ina-rames\/#breadcrumb","itemListElement":[{"@type":"ListItem","position":1,"name":"Home","item":"https:\/\/fjala.info\/2009-2015\/"},{"@type":"ListItem","position":2,"name":"D\u00ebshtimi i derisot\u00ebm i Ina Ram\u00ebs"}]},{"@type":"WebSite","@id":"https:\/\/fjala.info\/2009-2015\/#website","url":"https:\/\/fjala.info\/2009-2015\/","name":"FjALA e LIR\u00cb - Arkivi","description":"Arkivi 2009-2015","publisher":{"@id":"https:\/\/fjala.info\/2009-2015\/#organization"},"potentialAction":[{"@type":"SearchAction","target":{"@type":"EntryPoint","urlTemplate":"https:\/\/fjala.info\/2009-2015\/?s={search_term_string}"},"query-input":{"@type":"PropertyValueSpecification","valueRequired":true,"valueName":"search_term_string"}}],"inLanguage":"sq-AL"},{"@type":"Organization","@id":"https:\/\/fjala.info\/2009-2015\/#organization","name":"FjALA e LIR\u00cb - Arkivi","url":"https:\/\/fjala.info\/2009-2015\/","logo":{"@type":"ImageObject","inLanguage":"sq-AL","@id":"https:\/\/fjala.info\/2009-2015\/#\/schema\/logo\/image\/","url":"","contentUrl":"","caption":"FjALA e LIR\u00cb - Arkivi"},"image":{"@id":"https:\/\/fjala.info\/2009-2015\/#\/schema\/logo\/image\/"}},{"@type":"Person","@id":"https:\/\/fjala.info\/2009-2015\/#\/schema\/person\/3aa1163ef05469c496fc94e77611ada2","name":"admin","image":{"@type":"ImageObject","inLanguage":"sq-AL","@id":"https:\/\/fjala.info\/2009-2015\/wp-content\/uploads\/2012\/02\/arben_cokaj-120x150.jpg","url":"https:\/\/fjala.info\/2009-2015\/wp-content\/uploads\/2012\/02\/arben_cokaj-120x150.jpg","contentUrl":"https:\/\/fjala.info\/2009-2015\/wp-content\/uploads\/2012\/02\/arben_cokaj-120x150.jpg","caption":"admin"},"description":"Admin, Fjala e Lir\u00eb","sameAs":["https:\/\/fjala.info\/"],"url":"https:\/\/fjala.info\/2009-2015\/author\/admin\/"}]}},"_links":{"self":[{"href":"https:\/\/fjala.info\/2009-2015\/wp-json\/wp\/v2\/posts\/4143","targetHints":{"allow":["GET"]}}],"collection":[{"href":"https:\/\/fjala.info\/2009-2015\/wp-json\/wp\/v2\/posts"}],"about":[{"href":"https:\/\/fjala.info\/2009-2015\/wp-json\/wp\/v2\/types\/post"}],"author":[{"embeddable":true,"href":"https:\/\/fjala.info\/2009-2015\/wp-json\/wp\/v2\/users\/1"}],"replies":[{"embeddable":true,"href":"https:\/\/fjala.info\/2009-2015\/wp-json\/wp\/v2\/comments?post=4143"}],"version-history":[{"count":0,"href":"https:\/\/fjala.info\/2009-2015\/wp-json\/wp\/v2\/posts\/4143\/revisions"}],"wp:attachment":[{"href":"https:\/\/fjala.info\/2009-2015\/wp-json\/wp\/v2\/media?parent=4143"}],"wp:term":[{"taxonomy":"category","embeddable":true,"href":"https:\/\/fjala.info\/2009-2015\/wp-json\/wp\/v2\/categories?post=4143"},{"taxonomy":"post_tag","embeddable":true,"href":"https:\/\/fjala.info\/2009-2015\/wp-json\/wp\/v2\/tags?post=4143"}],"curies":[{"name":"wp","href":"https:\/\/api.w.org\/{rel}","templated":true}]}}