{"id":4142,"date":"2012-08-03T14:56:29","date_gmt":"2012-08-03T13:56:29","guid":{"rendered":"http:\/\/www.fjala.info\/?p=4142"},"modified":"2012-08-03T14:56:29","modified_gmt":"2012-08-03T13:56:29","slug":"topalli-dhe-mamografia-te-privati","status":"publish","type":"post","link":"https:\/\/fjala.info\/2009-2015\/topalli-dhe-mamografia-te-privati\/","title":{"rendered":"Topalli dhe mamografia te privati"},"content":{"rendered":"<p><img decoding=\"async\" class=\"alignright size-thumbnail wp-image-7236\" title=\"Arben Muka\" src=\"http:\/\/www.fjala.info\/2012\/arben_muka.jpg\" alt=\"\" width=\"200\" \/> Analize nga <strong>ARBEN MUKA<\/strong><\/p>\n<p>Fushatat e Kryetares s\u00eb Parlamentit kund\u00ebr kancerit n\u00eb p\u00ebrgjith\u00ebsi, por n\u00eb m\u00ebnyr\u00eb t\u00eb ve\u00e7ant\u00eb kund\u00ebr tumorit t\u00eb gjirit dhe t\u00eb qaf\u00ebs s\u00eb mitr\u00ebs s\u00eb grave e vajzave shqiptare jan\u00eb t\u00eb hershme. M\u00eb kujtohen madje dhe parakalime e manifestime n\u00ebp\u00ebr rrug\u00eb, t\u00eb cilat n\u00eb nj\u00eb pik\u00ebpamje t\u00eb ftoht\u00eb jan\u00eb nj\u00eb kauz\u00eb tejet njer\u00ebzore, n\u00eb vendin e duhur, n\u00eb koh\u00ebn e duhur dhe aq m\u00eb tep\u00ebr q\u00eb b\u00ebhen nga nj\u00eb njeri i duhur.<br \/>\nPor, ajo q\u00eb kam par\u00eb dit\u00ebn e mart\u00eb m\u00eb ka befasuar.<\/p>\n<p>N\u00eb fillim n\u00eb ekranet e televizioneve dhe m\u00eb pas n\u00eb faqen elektronike t\u00eb Parlamentit kam par\u00eb zonj\u00ebn Jozefina Topalli me foto, shoq\u00ebruar dhe me tekst t\u00eb holl\u00ebsish\u00ebm, q\u00eb e tregonte duke shp\u00ebrndar\u00eb kupona p\u00ebr sh\u00ebrbimin falas t\u00eb Mamografis\u00eb dhe Paptestit n\u00eb nj\u00eb spital privat t\u00eb huaj n\u00eb periferi t\u00eb Tiran\u00ebs. Duke gjetur rastin p\u00ebr t\u2019i th\u00ebn\u00eb \u00e7do gruaje \u201cmos ki frik\u00eb, shko dhe b\u00ebj Mamografin\u00eb, mos ki frik\u00eb, shko edhe b\u00ebj Paptestin; mos ki ndrojtje, p\u00ebrkundrazi, ta parandalosh k\u00ebt\u00eb s\u00ebmundje, t\u00eb ndihmosh edhe nj\u00eb mike, edhe shoqen edhe motr\u00ebn, komshijen, kush\u00ebrir\u00ebn edhe familjen, \u00e7do njeri q\u00eb do n\u00eb jet\u00eb, q\u00eb t\u00eb shkojn\u00eb t\u00eb b\u00ebjn\u00eb Mamografin\u00eb dhe Paptestin\u201d.<\/p>\n<p>Gjithnj\u00eb sipas lajmit q\u00eb shp\u00ebrndahet online nga Parlamenti, znj. Topalli duke patur si sfond nj\u00eb banner t\u00eb madh ku reklamohej spitali i huaj privat u ka shp\u00ebrndar\u00eb atyre \u201ckuponin p\u00ebr diagnostifikimin falas t\u00eb Mamografis\u00eb dhe Paptestit\u201d. Dhe m\u00eb tej: \u201c\u2026mjek\u00ebt e spitalit (jepet emri) vler\u00ebsuan fushat\u00ebn sensibilizuese t\u00eb Kryetares s\u00eb Kuvendit p\u00ebr kryerjen e Mamografis\u00eb dhe t\u00eb Paptestit dhe theksuan se, k\u00ebto analiza jan\u00eb sh\u00ebrbime esenciale p\u00ebr nj\u00eb jet\u00eb t\u00eb sh\u00ebndetshme dhe sa m\u00eb t\u00eb gjat\u00eb t\u00eb n\u00ebnave, grave dhe vajzave\u201d.<\/p>\n<p>Q\u00eb Kryetarja e Parlamentit t\u00eb Shqip\u00ebris\u00eb nxit vajzat e grat\u00eb shqiptare t\u00eb b\u00ebjn\u00eb analiza, t\u00eb cilat parandalojn\u00eb dhe kurojn\u00eb me efektivitet s\u00ebmundje serioze, kjo \u00ebsht\u00eb padiskutim me shum\u00eb vend dhe e nderon znj.Topalli. Por, orientimi i pacient\u00ebve p\u00ebr t\u2019u drejtuar n\u00eb nj\u00eb spital privat \u00ebsht\u00eb shum\u00eb i diskutuesh\u00ebm dhe jo pa dyshime.<\/p>\n<p>Ndodh r\u00ebndom q\u00eb nj\u00eb zyrtar i lart\u00eb shqiptar n\u00eb qeverisjen qendrore dhe lokale t\u2019i kryej\u00eb t\u00eb gjitha \u201csh\u00ebrbesat\u201d sh\u00ebndet\u00ebsore, parandaluese e kuruese, n\u00eb spitalet private brenda ose jasht\u00eb Shqip\u00ebris\u00eb. Kjo \u00ebsht\u00eb nj\u00eb zgjedhje e natyrshme dhe e pakritikueshme, pavar\u00ebsisht ndonj\u00eb argumentimi moralizues, p\u00ebrderisa \u00ebsht\u00eb nj\u00eb aksion dhe zgjidhje t\u00ebr\u00ebsisht private q\u00eb i takon zyrtarit vet\u00eb ose famijes s\u00eb tij, n\u00ebse \u201cia mban xhepi\u201d le t\u00eb shkoj\u00eb.<\/p>\n<p>(Personalisht i kam p\u00ebrcjell\u00eb me shum\u00eb trishtim m\u00eb her\u00ebt lajmet q\u00eb drejtues t\u00eb Ministris\u00eb s\u00eb Sh\u00ebndet\u00ebsis\u00eb edhe p\u00ebr shqet\u00ebsimin m\u00eb t\u00eb vog\u00ebl kan\u00eb vrapuar p\u00ebr trajtim tek privati dhe pasi kan\u00eb mbaruar pun\u00eb jan\u00eb kthyer po me entuziaz\u00ebm t\u00eb sh\u00ebrbejn\u00eb dhe t\u00eb lavd\u00ebrojn\u00eb kushtet n\u00eb sektorin publik t\u00eb sh\u00ebndet\u00ebsis\u00eb shqiptare\u2026).<\/p>\n<p>Duke iu kthyer fushat\u00ebs s\u00eb znj. Topalli, m\u00eb duket i pavend akti i orientimit t\u00eb pacienteve gra p\u00ebr tek privati. Rrjeti i spitaleve jopublike (duke p\u00ebrfshir\u00eb dhe spitalin q\u00eb ka bashk\u00ebpunuar me Kryetaren e Parlamentit) n\u00eb t\u00eb gjitha profilet e sh\u00ebrbimit q\u00eb ofron ka nj\u00eb sistem dinamik t\u00eb promocionit, p\u00ebr t\u00eb cilin shpenzon fonde me q\u00ebllimin e vet\u00ebm p\u00ebr t\u00eb patur sa m\u00eb shum\u00eb pacient\u00eb n\u00eb ambientet e tyre. Kjo ec\u00ebn sipas logjik\u00ebs se ekonomis\u00eb e tregut dhe nuk ka vend p\u00ebr kund\u00ebrshti.<\/p>\n<p>Por ama pjes\u00eb e sistemit promocional nuk mund t\u00eb b\u00ebhet nj\u00eb Kryetare e Parlamentit. E dim\u00eb q\u00eb krejt hapur doktor\u00eb t\u00eb specialiteteve t\u00eb ndryshme n\u00eb sh\u00ebrbimin publik kur rekomandojn\u00eb vizita ose analiza p\u00ebr tek privati nuk harrojn\u00eb t\u2019i kujtojn\u00eb pacient\u00ebt q\u00eb t\u00eb p\u00ebrmendin emrin e tyre si rekomandues. Ky \u00ebsht\u00eb nj\u00eb mekaniz\u00ebm q\u00eb gjeneron p\u00ebrqindje fitimi. K\u00ebshtu funksion bashk\u00ebpunimi mes doktor\u00ebve, kurse n\u00eb rastin e znj, Topalli nuk i dim\u00eb termat e kooperimit me privatin n\u00eb k\u00ebt\u00eb fushat\u00eb.<\/p>\n<p>Do ta konsideroja si shum\u00eb pozitive, serioze dhe dobiprur\u00ebse n\u00ebse idet\u00eb dhe q\u00ebllimet e fushat\u00ebs antikancer znj. Topalli t\u2019i aplikonte n\u00eb bashk\u00ebpunim t\u00eb ngusht\u00eb me sistemin publik sh\u00ebndet\u00ebsor. Mund t\u00eb afrohen n\u00eb k\u00ebt\u00eb nism\u00eb dhe operator\u00eb privat\u00eb, por rolin kryesor e luan sektori publik. \u00cbsht\u00eb ai q\u00eb pret e p\u00ebrcjell pjes\u00ebn m\u00eb t\u00eb madhe t\u00eb qytetar\u00ebve t\u00eb k\u00ebtij vendi. Orientimi n\u00eb k\u00ebt\u00eb rast i grave dhe vajzave n\u00eb ambientet publike t\u00eb sh\u00ebndetit lidhet dhe me faktin se ato jan\u00eb m\u00eb t\u00eb p\u00ebrballueshme n\u00eb kosto sh\u00ebrbimi jo vet\u00ebm p\u00ebr thjesht nj\u00eb Mamografi a Paptest, por p\u00ebr gjith\u00eb gam\u00ebn e s\u00ebmundjeve t\u00eb k\u00ebsaj natyre.<\/p>\n<p>T\u00eb nd\u00ebrhyet pran\u00eb autoriteteve sh\u00ebndet\u00ebsore, q\u00eb p\u00ebr gra dhe vajza n\u00eb nevoj\u00eb t\u00eb ket\u00eb Mamografi dhe Paptest falas, ose me \u00e7mime simbolike. N\u00ebse n\u00eb qytete e zona t\u00eb caktuara ky sh\u00ebrbim \u00ebsht\u00eb problematik, apo nuk ekziston, Kryetarja e Parlamentit t\u00eb Shqip\u00ebris\u00eb ka gjith\u00eb instrumentet p\u00ebr t\u00eb nd\u00ebrgjegj\u00ebsuar dhe nxitur n\u00eb radh\u00eb t\u00eb par\u00eb autoritetet sh\u00ebndet\u00ebsore qendrore e lokale q\u00eb ta ndryshojn\u00eb gjendjen.<\/p>\n<p>Ja, e zem\u00eb se pasi ato qindra gra e vajza q\u00eb mor\u00ebn nga duart e vet\u00eb kryeparlamentares k\u00ebt\u00eb t\u00eb mart\u00eb nj\u00eb kupon falas, u bind\u00ebn, hoq\u00ebn frik\u00ebn dhe mor\u00ebn rrug\u00ebn e shkuan n\u00eb spitalin privat t\u00eb huaj n\u00eb periferi t\u00eb Tiran\u00ebs. Por, nuk e di a ka zot m\u00eb pas, t\u2019u heq\u00eb atyre frik\u00ebn e list\u00ebs s\u00eb \u00e7mimeve p\u00ebr analiza, nd\u00ebrhyrje apo trajtime t\u00eb tjera edhe ato t\u00eb domosdoshme?<\/p>\n<p>Dikush mund t\u00eb thot\u00eb se kjo \u00ebsht\u00eb nj\u00eb \u00e7\u00ebshtje personale t\u00eb cil\u00ebsdo paciente, sepse, kushdo sipas mund\u00ebsive mund t\u00eb zgjedh\u00eb vet\u00eb privatin apo publikun. Por, cili \u00ebsht\u00eb efekti afatgjat\u00eb i nj\u00eb fushate nd\u00ebrgjegj\u00ebsimi, ku n\u00eb qend\u00ebr \u00ebsht\u00eb Kryetarja e Parlamentit t\u00eb Shqip\u00ebris\u00eb? T\u00eb ndaj\u00eb kupona p\u00ebr nj\u00eb spital privat, apo t\u00eb ndihmoj\u00eb n\u00eb p\u00ebrmir\u00ebsimin e kushteve t\u00eb sektorit publik sh\u00ebndet\u00ebsor, q\u00eb ai t\u2019i p\u00ebrgjigjet nj\u00eb numri sa m\u00eb t\u00eb madh qytetar\u00ebsh?<\/p>\n<p>Mir\u00eb, n\u00eb Tiran\u00eb Kryetarja e Parlamentit e ka gjetur nj\u00eb partner privat n\u00eb fushat\u00ebn e saj publike. Po grat\u00eb dhe vajzat n\u00eb zona t\u00eb tjera t\u00eb vendit, ku do t\u2019i orientoj\u00eb p\u00ebr t\u00eb b\u00ebr\u00eb Mamografin\u00eb dhe Paptestin? Apo krahas kuponave falas p\u00ebr dy analizat do t\u00eb ver\u00eb n\u00eb dipozicion dhe automjete q\u00eb pacientet t\u00eb mb\u00ebrrijn\u00eb n\u00eb periferi t\u00eb Tiran\u00ebs, p\u00ebr t\u00eb gjall\u00ebruar aktivitetin e k\u00ebtij spitali privat.<\/p>\n<p>Duke e shtyr\u00eb m\u00eb tej hamend\u00ebsimin mbi fakte t\u00eb dukshme, kjo ka shkas edhe sepse n\u00eb k\u00ebt\u00eb mandat, sektorin publik sh\u00ebndet\u00ebsor e menaxhon nj\u00eb parti an\u00ebtare e koalicionit qeveritar, q\u00eb nuk para g\u00ebzon ndonj\u00eb simpati t\u00eb ve\u00e7ant\u00eb nga znj. Topalli.<\/p>\n","protected":false},"excerpt":{"rendered":"<p>Analize nga ARBEN MUKA Fushatat e Kryetares s\u00eb Parlamentit kund\u00ebr kancerit n\u00eb p\u00ebrgjith\u00ebsi, por n\u00eb m\u00ebnyr\u00eb t\u00eb ve\u00e7ant\u00eb kund\u00ebr tumorit t\u00eb gjirit dhe t\u00eb qaf\u00ebs s\u00eb mitr\u00ebs s\u00eb grave e vajzave shqiptare jan\u00eb t\u00eb hershme. M\u00eb kujtohen madje dhe parakalime e manifestime n\u00ebp\u00ebr rrug\u00eb, t\u00eb cilat n\u00eb nj\u00eb pik\u00ebpamje t\u00eb ftoht\u00eb jan\u00eb nj\u00eb kauz\u00eb tejet [&hellip;]<\/p>\n","protected":false},"author":1,"featured_media":0,"comment_status":"open","ping_status":"closed","sticky":false,"template":"","format":"standard","meta":{"footnotes":""},"categories":[2],"tags":[],"class_list":{"0":"post-4142","1":"post","2":"type-post","3":"status-publish","4":"format-standard","6":"category-artikuj"},"yoast_head":"<!-- This site is optimized with the Yoast SEO plugin v27.4 - https:\/\/yoast.com\/product\/yoast-seo-wordpress\/ -->\n<title>Topalli dhe mamografia te privati - FjALA e LIR\u00cb - Arkivi<\/title>\n<meta name=\"robots\" content=\"index, follow, max-snippet:-1, max-image-preview:large, max-video-preview:-1\" \/>\n<link rel=\"canonical\" href=\"https:\/\/fjala.info\/2009-2015\/topalli-dhe-mamografia-te-privati\/\" \/>\n<meta property=\"og:locale\" content=\"sq_AL\" \/>\n<meta property=\"og:type\" content=\"article\" \/>\n<meta property=\"og:title\" content=\"Topalli dhe mamografia te privati - FjALA e LIR\u00cb - Arkivi\" \/>\n<meta property=\"og:description\" content=\"Analize nga ARBEN MUKA Fushatat e Kryetares s\u00eb Parlamentit kund\u00ebr kancerit n\u00eb p\u00ebrgjith\u00ebsi, por n\u00eb m\u00ebnyr\u00eb t\u00eb ve\u00e7ant\u00eb kund\u00ebr tumorit t\u00eb gjirit dhe t\u00eb qaf\u00ebs s\u00eb mitr\u00ebs s\u00eb grave e vajzave shqiptare jan\u00eb t\u00eb hershme. M\u00eb kujtohen madje dhe parakalime e manifestime n\u00ebp\u00ebr rrug\u00eb, t\u00eb cilat n\u00eb nj\u00eb pik\u00ebpamje t\u00eb ftoht\u00eb jan\u00eb nj\u00eb kauz\u00eb tejet [&hellip;]\" \/>\n<meta property=\"og:url\" content=\"https:\/\/fjala.info\/2009-2015\/topalli-dhe-mamografia-te-privati\/\" \/>\n<meta property=\"og:site_name\" content=\"FjALA e LIR\u00cb - Arkivi\" \/>\n<meta property=\"article:published_time\" content=\"2012-08-03T13:56:29+00:00\" \/>\n<meta property=\"og:image\" content=\"http:\/\/www.fjala.info\/2012\/arben_muka.jpg\" \/>\n<meta name=\"author\" content=\"admin\" \/>\n<meta name=\"twitter:card\" content=\"summary_large_image\" \/>\n<meta name=\"twitter:label1\" content=\"Written by\" \/>\n\t<meta name=\"twitter:data1\" content=\"admin\" \/>\n\t<meta name=\"twitter:label2\" content=\"Est. reading time\" \/>\n\t<meta name=\"twitter:data2\" content=\"6 minutes\" \/>\n<script type=\"application\/ld+json\" class=\"yoast-schema-graph\">{\"@context\":\"https:\\\/\\\/schema.org\",\"@graph\":[{\"@type\":\"Article\",\"@id\":\"https:\\\/\\\/fjala.info\\\/2009-2015\\\/topalli-dhe-mamografia-te-privati\\\/#article\",\"isPartOf\":{\"@id\":\"https:\\\/\\\/fjala.info\\\/2009-2015\\\/topalli-dhe-mamografia-te-privati\\\/\"},\"author\":{\"name\":\"admin\",\"@id\":\"https:\\\/\\\/fjala.info\\\/2009-2015\\\/#\\\/schema\\\/person\\\/3aa1163ef05469c496fc94e77611ada2\"},\"headline\":\"Topalli dhe mamografia te privati\",\"datePublished\":\"2012-08-03T13:56:29+00:00\",\"mainEntityOfPage\":{\"@id\":\"https:\\\/\\\/fjala.info\\\/2009-2015\\\/topalli-dhe-mamografia-te-privati\\\/\"},\"wordCount\":1203,\"commentCount\":0,\"publisher\":{\"@id\":\"https:\\\/\\\/fjala.info\\\/2009-2015\\\/#organization\"},\"image\":{\"@id\":\"https:\\\/\\\/fjala.info\\\/2009-2015\\\/topalli-dhe-mamografia-te-privati\\\/#primaryimage\"},\"thumbnailUrl\":\"http:\\\/\\\/www.fjala.info\\\/2012\\\/arben_muka.jpg\",\"articleSection\":[\"Artikuj\"],\"inLanguage\":\"sq-AL\",\"potentialAction\":[{\"@type\":\"CommentAction\",\"name\":\"Comment\",\"target\":[\"https:\\\/\\\/fjala.info\\\/2009-2015\\\/topalli-dhe-mamografia-te-privati\\\/#respond\"]}]},{\"@type\":\"WebPage\",\"@id\":\"https:\\\/\\\/fjala.info\\\/2009-2015\\\/topalli-dhe-mamografia-te-privati\\\/\",\"url\":\"https:\\\/\\\/fjala.info\\\/2009-2015\\\/topalli-dhe-mamografia-te-privati\\\/\",\"name\":\"Topalli dhe mamografia te privati - FjALA e LIR\u00cb - Arkivi\",\"isPartOf\":{\"@id\":\"https:\\\/\\\/fjala.info\\\/2009-2015\\\/#website\"},\"primaryImageOfPage\":{\"@id\":\"https:\\\/\\\/fjala.info\\\/2009-2015\\\/topalli-dhe-mamografia-te-privati\\\/#primaryimage\"},\"image\":{\"@id\":\"https:\\\/\\\/fjala.info\\\/2009-2015\\\/topalli-dhe-mamografia-te-privati\\\/#primaryimage\"},\"thumbnailUrl\":\"http:\\\/\\\/www.fjala.info\\\/2012\\\/arben_muka.jpg\",\"datePublished\":\"2012-08-03T13:56:29+00:00\",\"breadcrumb\":{\"@id\":\"https:\\\/\\\/fjala.info\\\/2009-2015\\\/topalli-dhe-mamografia-te-privati\\\/#breadcrumb\"},\"inLanguage\":\"sq-AL\",\"potentialAction\":[{\"@type\":\"ReadAction\",\"target\":[\"https:\\\/\\\/fjala.info\\\/2009-2015\\\/topalli-dhe-mamografia-te-privati\\\/\"]}]},{\"@type\":\"ImageObject\",\"inLanguage\":\"sq-AL\",\"@id\":\"https:\\\/\\\/fjala.info\\\/2009-2015\\\/topalli-dhe-mamografia-te-privati\\\/#primaryimage\",\"url\":\"http:\\\/\\\/www.fjala.info\\\/2012\\\/arben_muka.jpg\",\"contentUrl\":\"http:\\\/\\\/www.fjala.info\\\/2012\\\/arben_muka.jpg\"},{\"@type\":\"BreadcrumbList\",\"@id\":\"https:\\\/\\\/fjala.info\\\/2009-2015\\\/topalli-dhe-mamografia-te-privati\\\/#breadcrumb\",\"itemListElement\":[{\"@type\":\"ListItem\",\"position\":1,\"name\":\"Home\",\"item\":\"https:\\\/\\\/fjala.info\\\/2009-2015\\\/\"},{\"@type\":\"ListItem\",\"position\":2,\"name\":\"Topalli dhe mamografia te privati\"}]},{\"@type\":\"WebSite\",\"@id\":\"https:\\\/\\\/fjala.info\\\/2009-2015\\\/#website\",\"url\":\"https:\\\/\\\/fjala.info\\\/2009-2015\\\/\",\"name\":\"FjALA e LIR\u00cb - Arkivi\",\"description\":\"Arkivi 2009-2015\",\"publisher\":{\"@id\":\"https:\\\/\\\/fjala.info\\\/2009-2015\\\/#organization\"},\"potentialAction\":[{\"@type\":\"SearchAction\",\"target\":{\"@type\":\"EntryPoint\",\"urlTemplate\":\"https:\\\/\\\/fjala.info\\\/2009-2015\\\/?s={search_term_string}\"},\"query-input\":{\"@type\":\"PropertyValueSpecification\",\"valueRequired\":true,\"valueName\":\"search_term_string\"}}],\"inLanguage\":\"sq-AL\"},{\"@type\":\"Organization\",\"@id\":\"https:\\\/\\\/fjala.info\\\/2009-2015\\\/#organization\",\"name\":\"FjALA e LIR\u00cb - Arkivi\",\"url\":\"https:\\\/\\\/fjala.info\\\/2009-2015\\\/\",\"logo\":{\"@type\":\"ImageObject\",\"inLanguage\":\"sq-AL\",\"@id\":\"https:\\\/\\\/fjala.info\\\/2009-2015\\\/#\\\/schema\\\/logo\\\/image\\\/\",\"url\":\"\",\"contentUrl\":\"\",\"caption\":\"FjALA e LIR\u00cb - Arkivi\"},\"image\":{\"@id\":\"https:\\\/\\\/fjala.info\\\/2009-2015\\\/#\\\/schema\\\/logo\\\/image\\\/\"}},{\"@type\":\"Person\",\"@id\":\"https:\\\/\\\/fjala.info\\\/2009-2015\\\/#\\\/schema\\\/person\\\/3aa1163ef05469c496fc94e77611ada2\",\"name\":\"admin\",\"image\":{\"@type\":\"ImageObject\",\"inLanguage\":\"sq-AL\",\"@id\":\"https:\\\/\\\/fjala.info\\\/2009-2015\\\/wp-content\\\/uploads\\\/2012\\\/02\\\/arben_cokaj-120x150.jpg\",\"url\":\"https:\\\/\\\/fjala.info\\\/2009-2015\\\/wp-content\\\/uploads\\\/2012\\\/02\\\/arben_cokaj-120x150.jpg\",\"contentUrl\":\"https:\\\/\\\/fjala.info\\\/2009-2015\\\/wp-content\\\/uploads\\\/2012\\\/02\\\/arben_cokaj-120x150.jpg\",\"caption\":\"admin\"},\"description\":\"Admin, Fjala e Lir\u00eb\",\"sameAs\":[\"https:\\\/\\\/fjala.info\\\/\"],\"url\":\"https:\\\/\\\/fjala.info\\\/2009-2015\\\/author\\\/admin\\\/\"}]}<\/script>\n<!-- \/ Yoast SEO plugin. -->","yoast_head_json":{"title":"Topalli dhe mamografia te privati - FjALA e LIR\u00cb - Arkivi","robots":{"index":"index","follow":"follow","max-snippet":"max-snippet:-1","max-image-preview":"max-image-preview:large","max-video-preview":"max-video-preview:-1"},"canonical":"https:\/\/fjala.info\/2009-2015\/topalli-dhe-mamografia-te-privati\/","og_locale":"sq_AL","og_type":"article","og_title":"Topalli dhe mamografia te privati - FjALA e LIR\u00cb - Arkivi","og_description":"Analize nga ARBEN MUKA Fushatat e Kryetares s\u00eb Parlamentit kund\u00ebr kancerit n\u00eb p\u00ebrgjith\u00ebsi, por n\u00eb m\u00ebnyr\u00eb t\u00eb ve\u00e7ant\u00eb kund\u00ebr tumorit t\u00eb gjirit dhe t\u00eb qaf\u00ebs s\u00eb mitr\u00ebs s\u00eb grave e vajzave shqiptare jan\u00eb t\u00eb hershme. M\u00eb kujtohen madje dhe parakalime e manifestime n\u00ebp\u00ebr rrug\u00eb, t\u00eb cilat n\u00eb nj\u00eb pik\u00ebpamje t\u00eb ftoht\u00eb jan\u00eb nj\u00eb kauz\u00eb tejet [&hellip;]","og_url":"https:\/\/fjala.info\/2009-2015\/topalli-dhe-mamografia-te-privati\/","og_site_name":"FjALA e LIR\u00cb - Arkivi","article_published_time":"2012-08-03T13:56:29+00:00","og_image":[{"url":"http:\/\/www.fjala.info\/2012\/arben_muka.jpg","type":"","width":"","height":""}],"author":"admin","twitter_card":"summary_large_image","twitter_misc":{"Written by":"admin","Est. reading time":"6 minutes"},"schema":{"@context":"https:\/\/schema.org","@graph":[{"@type":"Article","@id":"https:\/\/fjala.info\/2009-2015\/topalli-dhe-mamografia-te-privati\/#article","isPartOf":{"@id":"https:\/\/fjala.info\/2009-2015\/topalli-dhe-mamografia-te-privati\/"},"author":{"name":"admin","@id":"https:\/\/fjala.info\/2009-2015\/#\/schema\/person\/3aa1163ef05469c496fc94e77611ada2"},"headline":"Topalli dhe mamografia te privati","datePublished":"2012-08-03T13:56:29+00:00","mainEntityOfPage":{"@id":"https:\/\/fjala.info\/2009-2015\/topalli-dhe-mamografia-te-privati\/"},"wordCount":1203,"commentCount":0,"publisher":{"@id":"https:\/\/fjala.info\/2009-2015\/#organization"},"image":{"@id":"https:\/\/fjala.info\/2009-2015\/topalli-dhe-mamografia-te-privati\/#primaryimage"},"thumbnailUrl":"http:\/\/www.fjala.info\/2012\/arben_muka.jpg","articleSection":["Artikuj"],"inLanguage":"sq-AL","potentialAction":[{"@type":"CommentAction","name":"Comment","target":["https:\/\/fjala.info\/2009-2015\/topalli-dhe-mamografia-te-privati\/#respond"]}]},{"@type":"WebPage","@id":"https:\/\/fjala.info\/2009-2015\/topalli-dhe-mamografia-te-privati\/","url":"https:\/\/fjala.info\/2009-2015\/topalli-dhe-mamografia-te-privati\/","name":"Topalli dhe mamografia te privati - FjALA e LIR\u00cb - Arkivi","isPartOf":{"@id":"https:\/\/fjala.info\/2009-2015\/#website"},"primaryImageOfPage":{"@id":"https:\/\/fjala.info\/2009-2015\/topalli-dhe-mamografia-te-privati\/#primaryimage"},"image":{"@id":"https:\/\/fjala.info\/2009-2015\/topalli-dhe-mamografia-te-privati\/#primaryimage"},"thumbnailUrl":"http:\/\/www.fjala.info\/2012\/arben_muka.jpg","datePublished":"2012-08-03T13:56:29+00:00","breadcrumb":{"@id":"https:\/\/fjala.info\/2009-2015\/topalli-dhe-mamografia-te-privati\/#breadcrumb"},"inLanguage":"sq-AL","potentialAction":[{"@type":"ReadAction","target":["https:\/\/fjala.info\/2009-2015\/topalli-dhe-mamografia-te-privati\/"]}]},{"@type":"ImageObject","inLanguage":"sq-AL","@id":"https:\/\/fjala.info\/2009-2015\/topalli-dhe-mamografia-te-privati\/#primaryimage","url":"http:\/\/www.fjala.info\/2012\/arben_muka.jpg","contentUrl":"http:\/\/www.fjala.info\/2012\/arben_muka.jpg"},{"@type":"BreadcrumbList","@id":"https:\/\/fjala.info\/2009-2015\/topalli-dhe-mamografia-te-privati\/#breadcrumb","itemListElement":[{"@type":"ListItem","position":1,"name":"Home","item":"https:\/\/fjala.info\/2009-2015\/"},{"@type":"ListItem","position":2,"name":"Topalli dhe mamografia te privati"}]},{"@type":"WebSite","@id":"https:\/\/fjala.info\/2009-2015\/#website","url":"https:\/\/fjala.info\/2009-2015\/","name":"FjALA e LIR\u00cb - Arkivi","description":"Arkivi 2009-2015","publisher":{"@id":"https:\/\/fjala.info\/2009-2015\/#organization"},"potentialAction":[{"@type":"SearchAction","target":{"@type":"EntryPoint","urlTemplate":"https:\/\/fjala.info\/2009-2015\/?s={search_term_string}"},"query-input":{"@type":"PropertyValueSpecification","valueRequired":true,"valueName":"search_term_string"}}],"inLanguage":"sq-AL"},{"@type":"Organization","@id":"https:\/\/fjala.info\/2009-2015\/#organization","name":"FjALA e LIR\u00cb - Arkivi","url":"https:\/\/fjala.info\/2009-2015\/","logo":{"@type":"ImageObject","inLanguage":"sq-AL","@id":"https:\/\/fjala.info\/2009-2015\/#\/schema\/logo\/image\/","url":"","contentUrl":"","caption":"FjALA e LIR\u00cb - Arkivi"},"image":{"@id":"https:\/\/fjala.info\/2009-2015\/#\/schema\/logo\/image\/"}},{"@type":"Person","@id":"https:\/\/fjala.info\/2009-2015\/#\/schema\/person\/3aa1163ef05469c496fc94e77611ada2","name":"admin","image":{"@type":"ImageObject","inLanguage":"sq-AL","@id":"https:\/\/fjala.info\/2009-2015\/wp-content\/uploads\/2012\/02\/arben_cokaj-120x150.jpg","url":"https:\/\/fjala.info\/2009-2015\/wp-content\/uploads\/2012\/02\/arben_cokaj-120x150.jpg","contentUrl":"https:\/\/fjala.info\/2009-2015\/wp-content\/uploads\/2012\/02\/arben_cokaj-120x150.jpg","caption":"admin"},"description":"Admin, Fjala e Lir\u00eb","sameAs":["https:\/\/fjala.info\/"],"url":"https:\/\/fjala.info\/2009-2015\/author\/admin\/"}]}},"_links":{"self":[{"href":"https:\/\/fjala.info\/2009-2015\/wp-json\/wp\/v2\/posts\/4142","targetHints":{"allow":["GET"]}}],"collection":[{"href":"https:\/\/fjala.info\/2009-2015\/wp-json\/wp\/v2\/posts"}],"about":[{"href":"https:\/\/fjala.info\/2009-2015\/wp-json\/wp\/v2\/types\/post"}],"author":[{"embeddable":true,"href":"https:\/\/fjala.info\/2009-2015\/wp-json\/wp\/v2\/users\/1"}],"replies":[{"embeddable":true,"href":"https:\/\/fjala.info\/2009-2015\/wp-json\/wp\/v2\/comments?post=4142"}],"version-history":[{"count":0,"href":"https:\/\/fjala.info\/2009-2015\/wp-json\/wp\/v2\/posts\/4142\/revisions"}],"wp:attachment":[{"href":"https:\/\/fjala.info\/2009-2015\/wp-json\/wp\/v2\/media?parent=4142"}],"wp:term":[{"taxonomy":"category","embeddable":true,"href":"https:\/\/fjala.info\/2009-2015\/wp-json\/wp\/v2\/categories?post=4142"},{"taxonomy":"post_tag","embeddable":true,"href":"https:\/\/fjala.info\/2009-2015\/wp-json\/wp\/v2\/tags?post=4142"}],"curies":[{"name":"wp","href":"https:\/\/api.w.org\/{rel}","templated":true}]}}