{"id":4140,"date":"2012-08-02T14:46:40","date_gmt":"2012-08-02T13:46:40","guid":{"rendered":"http:\/\/www.fjala.info\/?p=4140"},"modified":"2012-08-02T14:46:40","modified_gmt":"2012-08-02T13:46:40","slug":"un-fantasma-si-aggira-per-leuropa-la-nuova-primavera-di-karl-marx","status":"publish","type":"post","link":"https:\/\/fjala.info\/2009-2015\/un-fantasma-si-aggira-per-leuropa-la-nuova-primavera-di-karl-marx\/","title":{"rendered":"Un fantasma si aggira per l&#8217;Europa: la nuova primavera di Karl Marx"},"content":{"rendered":"<p><em><strong>Oltre la tragedia del comunismo reale, la riscoperta del grande filosofo<\/strong><\/em><\/p>\n<p>Qualche tempo fa, la rete radiofonica della Bbc, Radio 4, nella rubrica \u00abIn our time\u00bb aveva promosso un&#8217;iniziativa davvero singolare. Si chiedeva agli ascoltatori di indicare \u00abil pi\u00f9 grande filosofo della storia\u00bb, fra una lista di 20 autori. L&#8217;esito finale del sondaggio, proseguito per alcune settimane con una risonanza crescente e con alcuni significativi riflessi nei grandi media, appare per molti aspetti sorprendente. In questa insolita classifica, infatti, \u00e8 risultato largamente vincitore Karl Marx (con quasi il 30% dei voti), seguito a notevole distanza da Hume (12,67%), Wittgenstein (6,80%), Nietzsche (6,49%), Platone (5,65%) e Kant (5,61%).<\/p>\n<p>Nelle ultime posizioni, Epicuro, Hobbes e Heidegger, votati con percentuali pressoch\u00e9 irrilevanti. A ridosso dei primi, anche se irrimediabilmente tagliati fuori dalla \u00abzona podio\u00bb, san Tommaso e Socrate, seguiti da Aristotele e da Popper, i quali raggranellano rispettivamente il 4,52% e il 4,20%. Ma prima di esprimere qualche valutazione in margine a una iniziativa per molti versi stravagante, pu\u00f2 essere istruttivo, oltre che talora anche divertente, andare a spulciare nel repertorio delle risposte fornite, oltre che delle motivazioni che accompagnano le diverse nomination.<\/p>\n<p>Trascurando le indicazioni pi\u00f9 scontate, riguardanti pensatori comunque noti e pi\u00f9 volte votati, colpisce anzitutto l&#8217;insistenza con la quale emergono i nomi di filosofi orientali &#8211; gli indiani Ghandi, Patanjali e Nagarjuna, i cinesi Lao-Tzu e Confucio, il persiano El Ghazali, proposti in esplicita polemica con l&#8217;impostazione \u00abeurocentrica\u00bb dominante nella lista dei 20 nomi proposti.<\/p>\n<p>Merita di essere sottolineata, in questo contesto, la motivazione addotta per la scelta di Averro\u00e8, grande esponente dell&#8217;aristotelismo arabo, fautore del dialogo interculturale e della tolleranza contro ogni forma di fanatismo, a proposito del quale si dice che \u00ababbiamo bisogno di ricordare quest&#8217;uomo oggi pi\u00f9 che mai\u00bb. Una seconda annotazione riguarda la filosofia italiana, che risulterebbe del tutto assente, se non fossero avanzate le candidature di due grandi autori, i quali non rientrano tuttavia fra i filosofi in senso stretto, quali sono Dante e Machiavelli.<\/p>\n<p>Tipicamente britannico il senso dell&#8217;umorismo che ha ispirato, fra le altre, le nomination di Guglielmo di Occam (\u00abPer il suo celebre rasoio. Ah, se solo la gente si ricordasse di usarlo di pi\u00f9!\u00bb) e di Montaigne (\u00abPerch\u00e9 mi fa ridere e perch\u00e9 non \u00e8 nella lista dei 20 che lo farebbe ridere!\u00bb). Pi\u00f9 corrosive, al limite della provocazione, altre proposte: quella relativa a Kermit the Frog (\u00abalmeno i suoi epigrammi ci fanno ridere\u00bb), o quella che vorrebbe incoronare come maggiore filosofo della storia il calciatore \u00c9ric Cantona, noto per le sue intemperanze violente dentro e fuori i campi da football, e pi\u00f9 recentemente per la sua performance come attore cinematografico.<\/p>\n<p>Infine, non prive di arguzia, e perfino di una sottile verit\u00e0, alcune proposte \u00abestremistiche\u00bb, per certi versi coincidenti, quali quella che indica \u00abnessuno\u00bb quale maggior filosofo della storia (\u00abPerch\u00e9 ha ragione il poeta giapponese Basho quando ammonisce a non cercare i saggi del passato, ma a cercare piuttosto ci\u00f2 che essi hanno cercato\u00bb), o quella che nomina se stesso, perch\u00e9 \u00abnon si deve credere ai filosofi pi\u00f9 di quanto si debba credere ai politici o a qualunque altro, in quanto ciascuno dovrebbe essere per se stesso il proprio filosofo favorito\u00bb.<\/p>\n<p>Nel complesso, il sondaggio promosso dalla Bbc pu\u00f2 essere giudicato semplicemente come un giochinobizzarro ma innocuo, derivato principalmente dalla tendenza a inventare nuove forme di intrattenimento. D&#8217;altra parte, da questa competizione emergono anche alcuni elementi un po&#8217; pi\u00f9 seri, che meritano qualche riflessione. Anzitutto stupisce, e per certi versi perfino allarma, il fatto che un quotidiano austero e prestigioso, quale l&#8217;\u00abEconomist\u00bb, nelle ultime settimane del sondaggio abbia svolto una campagna fra i suoi lettori, affinch\u00e9 fosse votato Hume, al solo scopo &#8211; esplicitamente dichiarato &#8211; di evitare l&#8217;incoronazione di Marx quale maggior filosofo.<\/p>\n<p>Segno evidente della persistenza di paure e pregiudizi tutt&#8217;altro che superati, in un Paese, e in un giornale, che pure dovrebbero essere perfettamente in grado di distinguere fra l&#8217;opera di un filosofo (certamente fra i pi\u00f9 grandi, comunque la si pensi) e la tragedia del comunismo realizzato. Senza altres\u00ec avvedersi che, in una societ\u00e0 dello spettacolo e della comunicazione quale \u00e8 la nostra, un intervento a gamba tesa di questo genere non poteva che generare un effetto controproducente.<\/p>\n<p>In secondo luogo, i risultati del sondaggio dimostrano che, almeno in un pubblico eterogeneo e indifferenziato quale \u00e8 quello presumibilmente coinvolto nella consultazione, la figura del filosofo \u00e8 ancora largamente associata a quella di alcuni grandi autori del passato, mentre stentano a emergere i protagonisti del pensiero del Novecento. A ci\u00f2 si aggiunga che, a eccezione di Wittgenstein, non vi \u00e8 traccia fra i pi\u00f9 votati di una particolare inclinazione per i filosofi di orientamento analitico. A dispetto di ci\u00f2 che, viceversa, si \u00e8 soliti ripetere, quando si indicano nei Paesi di lingua inglese le roccaforti della tendenza abitualmente contrapposta alla filosofia continentale.<\/p>\n<p>Insomma, per quanto possa apparire sorprendente:uno spettro ancora si aggira per l&#8217;Europa, nelle sembianze di un uomo con una folta capigliatura e una barba scurissima.<\/p>\n<p><strong>Umberto Curi<\/strong><\/p>\n","protected":false},"excerpt":{"rendered":"<p>Oltre la tragedia del comunismo reale, la riscoperta del grande filosofo Qualche tempo fa, la rete radiofonica della Bbc, Radio 4, nella rubrica \u00abIn our time\u00bb aveva promosso un&#8217;iniziativa davvero singolare. Si chiedeva agli ascoltatori di indicare \u00abil pi\u00f9 grande filosofo della storia\u00bb, fra una lista di 20 autori. L&#8217;esito finale del sondaggio, proseguito per [&hellip;]<\/p>\n","protected":false},"author":1,"featured_media":0,"comment_status":"open","ping_status":"closed","sticky":false,"template":"","format":"standard","meta":{"footnotes":""},"categories":[2],"tags":[],"class_list":{"0":"post-4140","1":"post","2":"type-post","3":"status-publish","4":"format-standard","6":"category-artikuj"},"yoast_head":"<!-- This site is optimized with the Yoast SEO plugin v27.4 - https:\/\/yoast.com\/product\/yoast-seo-wordpress\/ -->\n<title>Un fantasma si aggira per l&#039;Europa: la nuova primavera di Karl Marx - FjALA e LIR\u00cb - Arkivi<\/title>\n<meta name=\"robots\" content=\"index, follow, max-snippet:-1, max-image-preview:large, max-video-preview:-1\" \/>\n<link rel=\"canonical\" href=\"https:\/\/fjala.info\/2009-2015\/un-fantasma-si-aggira-per-leuropa-la-nuova-primavera-di-karl-marx\/\" \/>\n<meta property=\"og:locale\" content=\"sq_AL\" \/>\n<meta property=\"og:type\" content=\"article\" \/>\n<meta property=\"og:title\" content=\"Un fantasma si aggira per l&#039;Europa: la nuova primavera di Karl Marx - FjALA e LIR\u00cb - Arkivi\" \/>\n<meta property=\"og:description\" content=\"Oltre la tragedia del comunismo reale, la riscoperta del grande filosofo Qualche tempo fa, la rete radiofonica della Bbc, Radio 4, nella rubrica \u00abIn our time\u00bb aveva promosso un&#8217;iniziativa davvero singolare. Si chiedeva agli ascoltatori di indicare \u00abil pi\u00f9 grande filosofo della storia\u00bb, fra una lista di 20 autori. L&#8217;esito finale del sondaggio, proseguito per [&hellip;]\" \/>\n<meta property=\"og:url\" content=\"https:\/\/fjala.info\/2009-2015\/un-fantasma-si-aggira-per-leuropa-la-nuova-primavera-di-karl-marx\/\" \/>\n<meta property=\"og:site_name\" content=\"FjALA e LIR\u00cb - Arkivi\" \/>\n<meta property=\"article:published_time\" content=\"2012-08-02T13:46:40+00:00\" \/>\n<meta name=\"author\" content=\"admin\" \/>\n<meta name=\"twitter:card\" content=\"summary_large_image\" \/>\n<meta name=\"twitter:label1\" content=\"Written by\" \/>\n\t<meta name=\"twitter:data1\" content=\"admin\" \/>\n\t<meta name=\"twitter:label2\" content=\"Est. reading time\" \/>\n\t<meta name=\"twitter:data2\" content=\"4 minutes\" \/>\n<script type=\"application\/ld+json\" class=\"yoast-schema-graph\">{\"@context\":\"https:\\\/\\\/schema.org\",\"@graph\":[{\"@type\":\"Article\",\"@id\":\"https:\\\/\\\/fjala.info\\\/2009-2015\\\/un-fantasma-si-aggira-per-leuropa-la-nuova-primavera-di-karl-marx\\\/#article\",\"isPartOf\":{\"@id\":\"https:\\\/\\\/fjala.info\\\/2009-2015\\\/un-fantasma-si-aggira-per-leuropa-la-nuova-primavera-di-karl-marx\\\/\"},\"author\":{\"name\":\"admin\",\"@id\":\"https:\\\/\\\/fjala.info\\\/2009-2015\\\/#\\\/schema\\\/person\\\/3aa1163ef05469c496fc94e77611ada2\"},\"headline\":\"Un fantasma si aggira per l&#8217;Europa: la nuova primavera di Karl Marx\",\"datePublished\":\"2012-08-02T13:46:40+00:00\",\"mainEntityOfPage\":{\"@id\":\"https:\\\/\\\/fjala.info\\\/2009-2015\\\/un-fantasma-si-aggira-per-leuropa-la-nuova-primavera-di-karl-marx\\\/\"},\"wordCount\":839,\"commentCount\":0,\"publisher\":{\"@id\":\"https:\\\/\\\/fjala.info\\\/2009-2015\\\/#organization\"},\"articleSection\":[\"Artikuj\"],\"inLanguage\":\"sq-AL\",\"potentialAction\":[{\"@type\":\"CommentAction\",\"name\":\"Comment\",\"target\":[\"https:\\\/\\\/fjala.info\\\/2009-2015\\\/un-fantasma-si-aggira-per-leuropa-la-nuova-primavera-di-karl-marx\\\/#respond\"]}]},{\"@type\":\"WebPage\",\"@id\":\"https:\\\/\\\/fjala.info\\\/2009-2015\\\/un-fantasma-si-aggira-per-leuropa-la-nuova-primavera-di-karl-marx\\\/\",\"url\":\"https:\\\/\\\/fjala.info\\\/2009-2015\\\/un-fantasma-si-aggira-per-leuropa-la-nuova-primavera-di-karl-marx\\\/\",\"name\":\"Un fantasma si aggira per l'Europa: la nuova primavera di Karl Marx - FjALA e LIR\u00cb - Arkivi\",\"isPartOf\":{\"@id\":\"https:\\\/\\\/fjala.info\\\/2009-2015\\\/#website\"},\"datePublished\":\"2012-08-02T13:46:40+00:00\",\"breadcrumb\":{\"@id\":\"https:\\\/\\\/fjala.info\\\/2009-2015\\\/un-fantasma-si-aggira-per-leuropa-la-nuova-primavera-di-karl-marx\\\/#breadcrumb\"},\"inLanguage\":\"sq-AL\",\"potentialAction\":[{\"@type\":\"ReadAction\",\"target\":[\"https:\\\/\\\/fjala.info\\\/2009-2015\\\/un-fantasma-si-aggira-per-leuropa-la-nuova-primavera-di-karl-marx\\\/\"]}]},{\"@type\":\"BreadcrumbList\",\"@id\":\"https:\\\/\\\/fjala.info\\\/2009-2015\\\/un-fantasma-si-aggira-per-leuropa-la-nuova-primavera-di-karl-marx\\\/#breadcrumb\",\"itemListElement\":[{\"@type\":\"ListItem\",\"position\":1,\"name\":\"Home\",\"item\":\"https:\\\/\\\/fjala.info\\\/2009-2015\\\/\"},{\"@type\":\"ListItem\",\"position\":2,\"name\":\"Un fantasma si aggira per l&#8217;Europa: la nuova primavera di Karl Marx\"}]},{\"@type\":\"WebSite\",\"@id\":\"https:\\\/\\\/fjala.info\\\/2009-2015\\\/#website\",\"url\":\"https:\\\/\\\/fjala.info\\\/2009-2015\\\/\",\"name\":\"FjALA e LIR\u00cb - Arkivi\",\"description\":\"Arkivi 2009-2015\",\"publisher\":{\"@id\":\"https:\\\/\\\/fjala.info\\\/2009-2015\\\/#organization\"},\"potentialAction\":[{\"@type\":\"SearchAction\",\"target\":{\"@type\":\"EntryPoint\",\"urlTemplate\":\"https:\\\/\\\/fjala.info\\\/2009-2015\\\/?s={search_term_string}\"},\"query-input\":{\"@type\":\"PropertyValueSpecification\",\"valueRequired\":true,\"valueName\":\"search_term_string\"}}],\"inLanguage\":\"sq-AL\"},{\"@type\":\"Organization\",\"@id\":\"https:\\\/\\\/fjala.info\\\/2009-2015\\\/#organization\",\"name\":\"FjALA e LIR\u00cb - Arkivi\",\"url\":\"https:\\\/\\\/fjala.info\\\/2009-2015\\\/\",\"logo\":{\"@type\":\"ImageObject\",\"inLanguage\":\"sq-AL\",\"@id\":\"https:\\\/\\\/fjala.info\\\/2009-2015\\\/#\\\/schema\\\/logo\\\/image\\\/\",\"url\":\"\",\"contentUrl\":\"\",\"caption\":\"FjALA e LIR\u00cb - Arkivi\"},\"image\":{\"@id\":\"https:\\\/\\\/fjala.info\\\/2009-2015\\\/#\\\/schema\\\/logo\\\/image\\\/\"}},{\"@type\":\"Person\",\"@id\":\"https:\\\/\\\/fjala.info\\\/2009-2015\\\/#\\\/schema\\\/person\\\/3aa1163ef05469c496fc94e77611ada2\",\"name\":\"admin\",\"image\":{\"@type\":\"ImageObject\",\"inLanguage\":\"sq-AL\",\"@id\":\"https:\\\/\\\/fjala.info\\\/2009-2015\\\/wp-content\\\/uploads\\\/2012\\\/02\\\/arben_cokaj-120x150.jpg\",\"url\":\"https:\\\/\\\/fjala.info\\\/2009-2015\\\/wp-content\\\/uploads\\\/2012\\\/02\\\/arben_cokaj-120x150.jpg\",\"contentUrl\":\"https:\\\/\\\/fjala.info\\\/2009-2015\\\/wp-content\\\/uploads\\\/2012\\\/02\\\/arben_cokaj-120x150.jpg\",\"caption\":\"admin\"},\"description\":\"Admin, Fjala e Lir\u00eb\",\"sameAs\":[\"https:\\\/\\\/fjala.info\\\/\"],\"url\":\"https:\\\/\\\/fjala.info\\\/2009-2015\\\/author\\\/admin\\\/\"}]}<\/script>\n<!-- \/ Yoast SEO plugin. -->","yoast_head_json":{"title":"Un fantasma si aggira per l'Europa: la nuova primavera di Karl Marx - FjALA e LIR\u00cb - Arkivi","robots":{"index":"index","follow":"follow","max-snippet":"max-snippet:-1","max-image-preview":"max-image-preview:large","max-video-preview":"max-video-preview:-1"},"canonical":"https:\/\/fjala.info\/2009-2015\/un-fantasma-si-aggira-per-leuropa-la-nuova-primavera-di-karl-marx\/","og_locale":"sq_AL","og_type":"article","og_title":"Un fantasma si aggira per l'Europa: la nuova primavera di Karl Marx - FjALA e LIR\u00cb - Arkivi","og_description":"Oltre la tragedia del comunismo reale, la riscoperta del grande filosofo Qualche tempo fa, la rete radiofonica della Bbc, Radio 4, nella rubrica \u00abIn our time\u00bb aveva promosso un&#8217;iniziativa davvero singolare. Si chiedeva agli ascoltatori di indicare \u00abil pi\u00f9 grande filosofo della storia\u00bb, fra una lista di 20 autori. L&#8217;esito finale del sondaggio, proseguito per [&hellip;]","og_url":"https:\/\/fjala.info\/2009-2015\/un-fantasma-si-aggira-per-leuropa-la-nuova-primavera-di-karl-marx\/","og_site_name":"FjALA e LIR\u00cb - Arkivi","article_published_time":"2012-08-02T13:46:40+00:00","author":"admin","twitter_card":"summary_large_image","twitter_misc":{"Written by":"admin","Est. reading time":"4 minutes"},"schema":{"@context":"https:\/\/schema.org","@graph":[{"@type":"Article","@id":"https:\/\/fjala.info\/2009-2015\/un-fantasma-si-aggira-per-leuropa-la-nuova-primavera-di-karl-marx\/#article","isPartOf":{"@id":"https:\/\/fjala.info\/2009-2015\/un-fantasma-si-aggira-per-leuropa-la-nuova-primavera-di-karl-marx\/"},"author":{"name":"admin","@id":"https:\/\/fjala.info\/2009-2015\/#\/schema\/person\/3aa1163ef05469c496fc94e77611ada2"},"headline":"Un fantasma si aggira per l&#8217;Europa: la nuova primavera di Karl Marx","datePublished":"2012-08-02T13:46:40+00:00","mainEntityOfPage":{"@id":"https:\/\/fjala.info\/2009-2015\/un-fantasma-si-aggira-per-leuropa-la-nuova-primavera-di-karl-marx\/"},"wordCount":839,"commentCount":0,"publisher":{"@id":"https:\/\/fjala.info\/2009-2015\/#organization"},"articleSection":["Artikuj"],"inLanguage":"sq-AL","potentialAction":[{"@type":"CommentAction","name":"Comment","target":["https:\/\/fjala.info\/2009-2015\/un-fantasma-si-aggira-per-leuropa-la-nuova-primavera-di-karl-marx\/#respond"]}]},{"@type":"WebPage","@id":"https:\/\/fjala.info\/2009-2015\/un-fantasma-si-aggira-per-leuropa-la-nuova-primavera-di-karl-marx\/","url":"https:\/\/fjala.info\/2009-2015\/un-fantasma-si-aggira-per-leuropa-la-nuova-primavera-di-karl-marx\/","name":"Un fantasma si aggira per l'Europa: la nuova primavera di Karl Marx - FjALA e LIR\u00cb - Arkivi","isPartOf":{"@id":"https:\/\/fjala.info\/2009-2015\/#website"},"datePublished":"2012-08-02T13:46:40+00:00","breadcrumb":{"@id":"https:\/\/fjala.info\/2009-2015\/un-fantasma-si-aggira-per-leuropa-la-nuova-primavera-di-karl-marx\/#breadcrumb"},"inLanguage":"sq-AL","potentialAction":[{"@type":"ReadAction","target":["https:\/\/fjala.info\/2009-2015\/un-fantasma-si-aggira-per-leuropa-la-nuova-primavera-di-karl-marx\/"]}]},{"@type":"BreadcrumbList","@id":"https:\/\/fjala.info\/2009-2015\/un-fantasma-si-aggira-per-leuropa-la-nuova-primavera-di-karl-marx\/#breadcrumb","itemListElement":[{"@type":"ListItem","position":1,"name":"Home","item":"https:\/\/fjala.info\/2009-2015\/"},{"@type":"ListItem","position":2,"name":"Un fantasma si aggira per l&#8217;Europa: la nuova primavera di Karl Marx"}]},{"@type":"WebSite","@id":"https:\/\/fjala.info\/2009-2015\/#website","url":"https:\/\/fjala.info\/2009-2015\/","name":"FjALA e LIR\u00cb - Arkivi","description":"Arkivi 2009-2015","publisher":{"@id":"https:\/\/fjala.info\/2009-2015\/#organization"},"potentialAction":[{"@type":"SearchAction","target":{"@type":"EntryPoint","urlTemplate":"https:\/\/fjala.info\/2009-2015\/?s={search_term_string}"},"query-input":{"@type":"PropertyValueSpecification","valueRequired":true,"valueName":"search_term_string"}}],"inLanguage":"sq-AL"},{"@type":"Organization","@id":"https:\/\/fjala.info\/2009-2015\/#organization","name":"FjALA e LIR\u00cb - Arkivi","url":"https:\/\/fjala.info\/2009-2015\/","logo":{"@type":"ImageObject","inLanguage":"sq-AL","@id":"https:\/\/fjala.info\/2009-2015\/#\/schema\/logo\/image\/","url":"","contentUrl":"","caption":"FjALA e LIR\u00cb - Arkivi"},"image":{"@id":"https:\/\/fjala.info\/2009-2015\/#\/schema\/logo\/image\/"}},{"@type":"Person","@id":"https:\/\/fjala.info\/2009-2015\/#\/schema\/person\/3aa1163ef05469c496fc94e77611ada2","name":"admin","image":{"@type":"ImageObject","inLanguage":"sq-AL","@id":"https:\/\/fjala.info\/2009-2015\/wp-content\/uploads\/2012\/02\/arben_cokaj-120x150.jpg","url":"https:\/\/fjala.info\/2009-2015\/wp-content\/uploads\/2012\/02\/arben_cokaj-120x150.jpg","contentUrl":"https:\/\/fjala.info\/2009-2015\/wp-content\/uploads\/2012\/02\/arben_cokaj-120x150.jpg","caption":"admin"},"description":"Admin, Fjala e Lir\u00eb","sameAs":["https:\/\/fjala.info\/"],"url":"https:\/\/fjala.info\/2009-2015\/author\/admin\/"}]}},"_links":{"self":[{"href":"https:\/\/fjala.info\/2009-2015\/wp-json\/wp\/v2\/posts\/4140","targetHints":{"allow":["GET"]}}],"collection":[{"href":"https:\/\/fjala.info\/2009-2015\/wp-json\/wp\/v2\/posts"}],"about":[{"href":"https:\/\/fjala.info\/2009-2015\/wp-json\/wp\/v2\/types\/post"}],"author":[{"embeddable":true,"href":"https:\/\/fjala.info\/2009-2015\/wp-json\/wp\/v2\/users\/1"}],"replies":[{"embeddable":true,"href":"https:\/\/fjala.info\/2009-2015\/wp-json\/wp\/v2\/comments?post=4140"}],"version-history":[{"count":0,"href":"https:\/\/fjala.info\/2009-2015\/wp-json\/wp\/v2\/posts\/4140\/revisions"}],"wp:attachment":[{"href":"https:\/\/fjala.info\/2009-2015\/wp-json\/wp\/v2\/media?parent=4140"}],"wp:term":[{"taxonomy":"category","embeddable":true,"href":"https:\/\/fjala.info\/2009-2015\/wp-json\/wp\/v2\/categories?post=4140"},{"taxonomy":"post_tag","embeddable":true,"href":"https:\/\/fjala.info\/2009-2015\/wp-json\/wp\/v2\/tags?post=4140"}],"curies":[{"name":"wp","href":"https:\/\/api.w.org\/{rel}","templated":true}]}}