{"id":4135,"date":"2010-10-02T21:47:05","date_gmt":"2010-10-02T20:47:05","guid":{"rendered":"http:\/\/fjala.shkoder.net\/?p=4135"},"modified":"2010-10-02T21:47:05","modified_gmt":"2010-10-02T20:47:05","slug":"pagjumesia-e-fjaleve","status":"publish","type":"post","link":"https:\/\/fjala.info\/2009-2015\/pagjumesia-e-fjaleve\/","title":{"rendered":"Pagjum\u00ebsia e fjal\u00ebve"},"content":{"rendered":"<p><img decoding=\"async\" src=\"http:\/\/fjala.shkoder.net\/wp-content\/uploads\/2010\/10\/baki_ymeri.jpg\" alt=\"\" title=\"Baki Ymeri\" width=\"120\" class=\"alignright size-full wp-image-4136\" \/><\/p>\n<p><strong>Baki Ymeri <\/strong><\/p>\n<p>Teksa shp\u00ebrndahemi, vendtakim e kemi poezin\u00eb. D\u00ebshira p\u00ebr t\u2019u marr\u00eb me poezi \u00ebsht\u00eb e hershme, aq sa \u00e7\u2019\u00ebsht\u00eb i hersh\u00ebm dhe njeriu, madje dhe ikja e tij n\u00eb k\u00ebrkim t\u00eb vendeve t\u00eb tjera, mbase n\u00eb fund t\u00eb fundit \u00ebsht\u00eb k\u00ebrkimi i poezis\u00eb s\u00eb vetvetes, i thelbit, zbulim i s\u00eb bukur\u00ebs. N\u00ebse p\u00ebrs\u00ebritet shpesh th\u00ebnia e Dostojevkit se e bukura do ta shp\u00ebtoj\u00eb bot\u00ebn, mua m\u00eb p\u00eblqen t\u00eb shtoj se poezia \u00ebsht\u00eb ajo q\u00eb na shp\u00ebton ne nga kot\u00ebsia dhe zvet\u00ebnimi i gj\u00ebrave dhe na jep emocionin e duhur, aft\u00ebsin\u00eb p\u00ebr t\u2019u mrekulluar, thekson Visar Zhiti n\u00eb parath\u00ebnien e antologjis\u00eb Pagjum\u00ebsia e fjal\u00ebve, botim i Bashk\u00ebsis\u00eb Kulturore t\u00eb Shqiptar\u00ebve t\u00eb Rumanis\u00eb. Ideja p\u00ebr botimin e antologjive t\u00eb p\u00ebrbashk\u00ebta, me autor\u00eb shqiptar\u00eb dhe t\u00eb huaj i p\u00ebrket Mardena Kelmendit nga Triesta. <\/p>\n<p>N\u00eb vargjet e tyre defilon bota e ndjeshm\u00ebris\u00eb, shpirti i kombit dhe forca e fjal\u00ebs q\u00eb mbisundon n\u00eb shekuj. Nga pala shqiptare, n\u00eb k\u00ebt\u00eb vep\u00ebr p\u00ebrfshihet Vezir Ukaj nga Dobraja e komun\u00ebs s\u00eb Lipjanit. \u00cbsht\u00eb m\u00ebsues i gjuh\u00ebs shqipe dhe ka studiuar  Let\u00ebrsin\u00eb dhe gjuh\u00ebn shqipe n\u00eb Prishtin\u00eb. Si veprimtar i L\u00ebvizjes Revolucionare p\u00ebr Bashkimin e Shqiptar\u00ebve, me Adem Dema\u00e7in n\u00eb krye, ka qen\u00eb i d\u00ebnuar politikisht dhe, p\u00ebr disa vjet. D\u00ebnimin e ka vuajtur n\u00eb burgun m\u00eb fam\u00ebkeq t\u00eb Serbis\u00eb, n\u00eb Nish. Edhe pas vuajtjes s\u00eb k\u00ebtij d\u00ebnimi, \u00ebsht\u00eb arrestuar disa her\u00eb. Ka botuar tri p\u00ebrmbledhje me poezi dhe redakton revist\u00ebn pedagogjike \u201cShk\u00ebndija\u201d.<\/p>\n<p><img loading=\"lazy\" decoding=\"async\" src=\"http:\/\/fjala.shkoder.net\/wp-content\/uploads\/2010\/10\/baki_ymeri_pagjumesia.jpg\" alt=\"\" title=\"Baki Ymeri - Pagjum\u00ebsia e fjal\u00ebve\" width=\"500\" height=\"316\" class=\"alignnone size-full wp-image-4137\" \/><\/p>\n<p>Pason Sadik Krasniqi nga Llukari i Prishtin\u00ebs. Ka kryer studimet p\u00ebr Let\u00ebrsi dhe Gjuh\u00eb Shqipe n\u00eb kuadrin e Universitetit t\u00eb t\u00eb Kosov\u00ebs n\u00eb Prishtin\u00eb. Pas studimeve ka punuar si arsimtar i Gjuh\u00ebs Shqipe n\u00eb fshatin e lindjes, derisa ka emigruar me familjen n\u00eb Gjermani, ku jeton dhe vepron. Me shkrime \u00ebsht\u00eb marr\u00eb si student dhe krijimet e tij jan\u00eb botuar pothuajse n\u00eb t\u00eb gjitha gazetat dhe revistat e koh\u00ebs. Ka botuar poezi, tregime dhe v\u00ebshtrime kritike. <\/p>\n<p>Poezit\u00eb e tij jan\u00eb t\u00eb p\u00ebrfshira edhe n\u00eb antologjit\u00eb Asht e gjak Arb\u00ebrie (Doruntina, Hanover\/Prishtin\u00eb, 2007), P\u00ebshp\u00ebritjet e shpirtit dhe Pagjum\u00ebsia e fjal\u00ebve (Bukuresht, 2010). \u00cbsht\u00eb laureat i \u00e7mimit t\u00eb par\u00eb dhe t\u00eb dyt\u00eb n\u00eb Konkursin letrar organizuar nga Universiteti Popullor Shqiptar (UPSH), n\u00eb Gjenev\u00eb (2005), i nderuar edhe me \u00e7mimin letrar \u201eAgim Ramadani\u201d (2006). Bibliografi letrare: Ofsham\u00eb n\u00eb urn\u00eb (Faik Konica, Prishtin\u00eb, 2008), Lacrima vie\u0163ii\/Loti i jet\u00ebs (Bukuresht, 2010). <\/p>\n<p>Nj\u00eb poet tjet\u00ebr nga Kosova i p\u00ebrfshir\u00eb n\u00eb k\u00ebt\u00eb vep\u00ebr \u00ebsht\u00eb Remzi Limani. U lind n\u00eb Shal\u00eb t\u00eb Drenic\u00ebs, mbaroi shkoll\u00ebn e artit n\u00eb Pej\u00eb dhe m\u00eb pastaj u diplomua n\u00eb Fakultetin e Arteve,  Dega e Dizajnit n\u00eb Prishtin\u00eb. N\u00eb krijimet artistike, kryefjal\u00eb dhe kall\u00ebzues i ka artet e bukura me intensitet t\u00eb ndrysh\u00ebm. P\u00ebrmes shprehjeve artistike n\u00eb fush\u00ebn e dizajnit, piktur\u00ebs, poezis\u00eb, proz\u00ebs, eseve, aforizmave, por edhe p\u00ebrmes kuptimeve p\u00ebr artin,  p\u00ebrkat\u00ebsisht kritik\u00ebs  p\u00ebr artet pamore dhe muzik\u00ebs profesionale. <\/p>\n<p>N\u00eb t\u00eb gjitha k\u00ebto krijime ai ruan baraspesh\u00ebn e arsyes dhe t\u00eb ndjenj\u00ebs, n\u00eb at\u00eb m\u00ebnyr\u00eb q\u00eb arti t\u00eb shtrihet gjer\u00eb e gjat\u00eb n\u00eb rrafshin e vlerave komb\u00ebtare. P\u00ebr merita n\u00eb fush\u00ebn e kultur\u00ebs, t\u00eb arteve figurative dhe aplikative, \u00ebsht\u00eb nderuar me 11 shp\u00ebrblime e mir\u00ebnjohje vendore dhe nd\u00ebrkomb\u00ebtare. Ka botuar 7 vepra, nd\u00ebr t\u00eb cilat edhe v\u00eblimin poetik bilingv \u201cTinguj t\u00eb humbur \u201c (Bukuresht, 2010). <\/p>\n<p>Abdullah Konushevci \u00ebsht\u00eb nj\u00ebri nga poet\u00ebt e Kosov\u00ebs q\u00eb p\u00ebrfshihet p\u00ebr her\u00eb t\u00eb par\u00eb n\u00eb spektrin e antologjive t\u00eb hartuara nga autori i k\u00ebtij shkrimi. Ka studiuar let\u00ebrsin\u00eb krahasimtare n\u00eb Universitetin e Zagrebit dhe ka bashk\u00ebvepruar mbi 20 vjet si gazetar n\u00eb &#8220;Bota e Re&#8221; dhe &#8220;Rilindja&#8221;. Pasqyr\u00eb dhe diell, R\u00ebnia e moll\u00ebs, Qerrja e diellit, Loja e strucit, T\u00eb qen\u00ebt t\u00eb mosqen\u00eb, jan\u00eb disa nga v\u00ebllimet e tij me pozi. Ka botuar tekste shkollare si dhe nj\u00eb monografi kushtuar legjend\u00ebs aktuale t\u00eb Kosov\u00ebs, Adem Dema\u00e7it. <\/p>\n<p>Ka p\u00ebrkthyer disa vepra t\u00eb r\u00ebnd\u00ebsishme nga gjuh\u00ebt t\u00eb huaja, nd\u00ebrsa p\u00ebr  poezin\u00eb e tij kan\u00eb shkruar Ibrahim Rugova, Vehap Shita, Hysni Hoxha, Ali Aliu, Sabri Hamiti, Ramadan Musliu, Rushit Ramabaja, Emin Azemi, etj.  Pason Eduard M. Dilo nga New Yorku, i prezantuar koh\u00eb m\u00eb par\u00eb me nj\u00eb v\u00eblllim poetik Shpirt i trazuar (Bukuresht, 2010); nip i gjuh\u00ebtarit erudit Ilia Dilo Sheperi, pjestar i nj\u00ebr\u00ebs nga familjet m\u00eb t\u00eb persekutuara n\u00eb Shqip\u00ebrin\u00eb e fort\u00eb ushtarakisht dhe t\u00eb shpartalluar ekonomikisht t\u00eb Enver Hoxh\u00ebs. <\/p>\n<p>Nga pala shqiptare prezantohen me vargje n\u00eb gjuh\u00ebn rumune edhe Pal Sokoli, i lindur n\u00eb Kosov\u00eb, me banim n\u00eb Gjermani, dhe Elona Zhana, e lindur n\u00eb Shqip\u00ebri dhe me banim n\u00eb Belgjik\u00eb, p\u00ebr t\u00eb cil\u00ebt do t\u00eb shkruajm\u00eb m\u00eb shum\u00eb pas botimit t\u00eb v\u00ebllimeve t\u00eb tyre n\u00eb Bukuresht, nd\u00ebrsa nga pala rumune i kemi p\u00ebrfshir\u00eb k\u00ebta autor\u00eb: Gheorghe R\u00e2mboiu-Bursucani, Nicolae Grigore M\u0103r\u0103\u015fanu, Viorela Codreanu Tiron, Constantin Gherghinoiu, Sterie Bucoval\u0103, Vali  Ni\u0163u, Florin Gochia, s\u00eb bashku me nj\u00eb poet grek, Dimitris P. Kraniotis, dhe nj\u00eb poet nga Azerbajxhani, Elchin Isgenderzade. Autor\u00ebt tan\u00eb dhe t\u00eb huaj shkruajn\u00eb p\u00ebr \u00ebnd\u00ebrra t\u00eb p\u00ebrmbushura, p\u00ebr bukurin\u00eb q\u00eb fshihet n\u00eb kotarin e zemr\u00ebs, p\u00ebr z\u00ebrin e sirenave dhe lotin e jet\u00ebs, p\u00ebr shpatin e dashuris\u00eb dhe lindjen e pavar\u00ebsis\u00eb etj. <\/p>\n","protected":false},"excerpt":{"rendered":"<p>Baki Ymeri Teksa shp\u00ebrndahemi, vendtakim e kemi poezin\u00eb. D\u00ebshira p\u00ebr t\u2019u marr\u00eb me poezi \u00ebsht\u00eb e hershme, aq sa \u00e7\u2019\u00ebsht\u00eb i hersh\u00ebm dhe njeriu, madje dhe ikja e tij n\u00eb k\u00ebrkim t\u00eb vendeve t\u00eb tjera, mbase n\u00eb fund t\u00eb fundit \u00ebsht\u00eb k\u00ebrkimi i poezis\u00eb s\u00eb vetvetes, i thelbit, zbulim i s\u00eb bukur\u00ebs. N\u00ebse p\u00ebrs\u00ebritet shpesh [&hellip;]<\/p>\n","protected":false},"author":1,"featured_media":0,"comment_status":"open","ping_status":"closed","sticky":false,"template":"","format":"standard","meta":{"footnotes":""},"categories":[2,7],"tags":[],"class_list":{"0":"post-4135","1":"post","2":"type-post","3":"status-publish","4":"format-standard","6":"category-artikuj","7":"category-letersi"},"yoast_head":"<!-- This site is optimized with the Yoast SEO plugin v27.4 - https:\/\/yoast.com\/product\/yoast-seo-wordpress\/ -->\n<title>Pagjum\u00ebsia e fjal\u00ebve - FjALA e LIR\u00cb - Arkivi<\/title>\n<meta name=\"robots\" content=\"index, follow, max-snippet:-1, max-image-preview:large, max-video-preview:-1\" \/>\n<link rel=\"canonical\" href=\"https:\/\/fjala.info\/2009-2015\/pagjumesia-e-fjaleve\/\" \/>\n<meta property=\"og:locale\" content=\"sq_AL\" \/>\n<meta property=\"og:type\" content=\"article\" \/>\n<meta property=\"og:title\" content=\"Pagjum\u00ebsia e fjal\u00ebve - FjALA e LIR\u00cb - Arkivi\" \/>\n<meta property=\"og:description\" content=\"Baki Ymeri Teksa shp\u00ebrndahemi, vendtakim e kemi poezin\u00eb. D\u00ebshira p\u00ebr t\u2019u marr\u00eb me poezi \u00ebsht\u00eb e hershme, aq sa \u00e7\u2019\u00ebsht\u00eb i hersh\u00ebm dhe njeriu, madje dhe ikja e tij n\u00eb k\u00ebrkim t\u00eb vendeve t\u00eb tjera, mbase n\u00eb fund t\u00eb fundit \u00ebsht\u00eb k\u00ebrkimi i poezis\u00eb s\u00eb vetvetes, i thelbit, zbulim i s\u00eb bukur\u00ebs. N\u00ebse p\u00ebrs\u00ebritet shpesh [&hellip;]\" \/>\n<meta property=\"og:url\" content=\"https:\/\/fjala.info\/2009-2015\/pagjumesia-e-fjaleve\/\" \/>\n<meta property=\"og:site_name\" content=\"FjALA e LIR\u00cb - Arkivi\" \/>\n<meta property=\"article:published_time\" content=\"2010-10-02T20:47:05+00:00\" \/>\n<meta property=\"og:image\" content=\"http:\/\/fjala.shkoder.net\/wp-content\/uploads\/2010\/10\/baki_ymeri.jpg\" \/>\n<meta name=\"author\" content=\"admin\" \/>\n<meta name=\"twitter:card\" content=\"summary_large_image\" \/>\n<meta name=\"twitter:label1\" content=\"Written by\" \/>\n\t<meta name=\"twitter:data1\" content=\"admin\" \/>\n\t<meta name=\"twitter:label2\" content=\"Est. reading time\" \/>\n\t<meta name=\"twitter:data2\" content=\"5 minutes\" \/>\n<script type=\"application\/ld+json\" class=\"yoast-schema-graph\">{\"@context\":\"https:\\\/\\\/schema.org\",\"@graph\":[{\"@type\":\"Article\",\"@id\":\"https:\\\/\\\/fjala.info\\\/2009-2015\\\/pagjumesia-e-fjaleve\\\/#article\",\"isPartOf\":{\"@id\":\"https:\\\/\\\/fjala.info\\\/2009-2015\\\/pagjumesia-e-fjaleve\\\/\"},\"author\":{\"name\":\"admin\",\"@id\":\"https:\\\/\\\/fjala.info\\\/2009-2015\\\/#\\\/schema\\\/person\\\/3aa1163ef05469c496fc94e77611ada2\"},\"headline\":\"Pagjum\u00ebsia e fjal\u00ebve\",\"datePublished\":\"2010-10-02T20:47:05+00:00\",\"mainEntityOfPage\":{\"@id\":\"https:\\\/\\\/fjala.info\\\/2009-2015\\\/pagjumesia-e-fjaleve\\\/\"},\"wordCount\":966,\"commentCount\":0,\"publisher\":{\"@id\":\"https:\\\/\\\/fjala.info\\\/2009-2015\\\/#organization\"},\"image\":{\"@id\":\"https:\\\/\\\/fjala.info\\\/2009-2015\\\/pagjumesia-e-fjaleve\\\/#primaryimage\"},\"thumbnailUrl\":\"http:\\\/\\\/fjala.shkoder.net\\\/wp-content\\\/uploads\\\/2010\\\/10\\\/baki_ymeri.jpg\",\"articleSection\":[\"Artikuj\",\"Let\u00ebrsi\"],\"inLanguage\":\"sq-AL\",\"potentialAction\":[{\"@type\":\"CommentAction\",\"name\":\"Comment\",\"target\":[\"https:\\\/\\\/fjala.info\\\/2009-2015\\\/pagjumesia-e-fjaleve\\\/#respond\"]}]},{\"@type\":\"WebPage\",\"@id\":\"https:\\\/\\\/fjala.info\\\/2009-2015\\\/pagjumesia-e-fjaleve\\\/\",\"url\":\"https:\\\/\\\/fjala.info\\\/2009-2015\\\/pagjumesia-e-fjaleve\\\/\",\"name\":\"Pagjum\u00ebsia e fjal\u00ebve - FjALA e LIR\u00cb - Arkivi\",\"isPartOf\":{\"@id\":\"https:\\\/\\\/fjala.info\\\/2009-2015\\\/#website\"},\"primaryImageOfPage\":{\"@id\":\"https:\\\/\\\/fjala.info\\\/2009-2015\\\/pagjumesia-e-fjaleve\\\/#primaryimage\"},\"image\":{\"@id\":\"https:\\\/\\\/fjala.info\\\/2009-2015\\\/pagjumesia-e-fjaleve\\\/#primaryimage\"},\"thumbnailUrl\":\"http:\\\/\\\/fjala.shkoder.net\\\/wp-content\\\/uploads\\\/2010\\\/10\\\/baki_ymeri.jpg\",\"datePublished\":\"2010-10-02T20:47:05+00:00\",\"breadcrumb\":{\"@id\":\"https:\\\/\\\/fjala.info\\\/2009-2015\\\/pagjumesia-e-fjaleve\\\/#breadcrumb\"},\"inLanguage\":\"sq-AL\",\"potentialAction\":[{\"@type\":\"ReadAction\",\"target\":[\"https:\\\/\\\/fjala.info\\\/2009-2015\\\/pagjumesia-e-fjaleve\\\/\"]}]},{\"@type\":\"ImageObject\",\"inLanguage\":\"sq-AL\",\"@id\":\"https:\\\/\\\/fjala.info\\\/2009-2015\\\/pagjumesia-e-fjaleve\\\/#primaryimage\",\"url\":\"http:\\\/\\\/fjala.shkoder.net\\\/wp-content\\\/uploads\\\/2010\\\/10\\\/baki_ymeri.jpg\",\"contentUrl\":\"http:\\\/\\\/fjala.shkoder.net\\\/wp-content\\\/uploads\\\/2010\\\/10\\\/baki_ymeri.jpg\"},{\"@type\":\"BreadcrumbList\",\"@id\":\"https:\\\/\\\/fjala.info\\\/2009-2015\\\/pagjumesia-e-fjaleve\\\/#breadcrumb\",\"itemListElement\":[{\"@type\":\"ListItem\",\"position\":1,\"name\":\"Home\",\"item\":\"https:\\\/\\\/fjala.info\\\/2009-2015\\\/\"},{\"@type\":\"ListItem\",\"position\":2,\"name\":\"Pagjum\u00ebsia e fjal\u00ebve\"}]},{\"@type\":\"WebSite\",\"@id\":\"https:\\\/\\\/fjala.info\\\/2009-2015\\\/#website\",\"url\":\"https:\\\/\\\/fjala.info\\\/2009-2015\\\/\",\"name\":\"FjALA e LIR\u00cb - Arkivi\",\"description\":\"Arkivi 2009-2015\",\"publisher\":{\"@id\":\"https:\\\/\\\/fjala.info\\\/2009-2015\\\/#organization\"},\"potentialAction\":[{\"@type\":\"SearchAction\",\"target\":{\"@type\":\"EntryPoint\",\"urlTemplate\":\"https:\\\/\\\/fjala.info\\\/2009-2015\\\/?s={search_term_string}\"},\"query-input\":{\"@type\":\"PropertyValueSpecification\",\"valueRequired\":true,\"valueName\":\"search_term_string\"}}],\"inLanguage\":\"sq-AL\"},{\"@type\":\"Organization\",\"@id\":\"https:\\\/\\\/fjala.info\\\/2009-2015\\\/#organization\",\"name\":\"FjALA e LIR\u00cb - Arkivi\",\"url\":\"https:\\\/\\\/fjala.info\\\/2009-2015\\\/\",\"logo\":{\"@type\":\"ImageObject\",\"inLanguage\":\"sq-AL\",\"@id\":\"https:\\\/\\\/fjala.info\\\/2009-2015\\\/#\\\/schema\\\/logo\\\/image\\\/\",\"url\":\"\",\"contentUrl\":\"\",\"caption\":\"FjALA e LIR\u00cb - Arkivi\"},\"image\":{\"@id\":\"https:\\\/\\\/fjala.info\\\/2009-2015\\\/#\\\/schema\\\/logo\\\/image\\\/\"}},{\"@type\":\"Person\",\"@id\":\"https:\\\/\\\/fjala.info\\\/2009-2015\\\/#\\\/schema\\\/person\\\/3aa1163ef05469c496fc94e77611ada2\",\"name\":\"admin\",\"image\":{\"@type\":\"ImageObject\",\"inLanguage\":\"sq-AL\",\"@id\":\"https:\\\/\\\/fjala.info\\\/2009-2015\\\/wp-content\\\/uploads\\\/2012\\\/02\\\/arben_cokaj-120x150.jpg\",\"url\":\"https:\\\/\\\/fjala.info\\\/2009-2015\\\/wp-content\\\/uploads\\\/2012\\\/02\\\/arben_cokaj-120x150.jpg\",\"contentUrl\":\"https:\\\/\\\/fjala.info\\\/2009-2015\\\/wp-content\\\/uploads\\\/2012\\\/02\\\/arben_cokaj-120x150.jpg\",\"caption\":\"admin\"},\"description\":\"Admin, Fjala e Lir\u00eb\",\"sameAs\":[\"https:\\\/\\\/fjala.info\\\/\"],\"url\":\"https:\\\/\\\/fjala.info\\\/2009-2015\\\/author\\\/admin\\\/\"}]}<\/script>\n<!-- \/ Yoast SEO plugin. -->","yoast_head_json":{"title":"Pagjum\u00ebsia e fjal\u00ebve - FjALA e LIR\u00cb - Arkivi","robots":{"index":"index","follow":"follow","max-snippet":"max-snippet:-1","max-image-preview":"max-image-preview:large","max-video-preview":"max-video-preview:-1"},"canonical":"https:\/\/fjala.info\/2009-2015\/pagjumesia-e-fjaleve\/","og_locale":"sq_AL","og_type":"article","og_title":"Pagjum\u00ebsia e fjal\u00ebve - FjALA e LIR\u00cb - Arkivi","og_description":"Baki Ymeri Teksa shp\u00ebrndahemi, vendtakim e kemi poezin\u00eb. D\u00ebshira p\u00ebr t\u2019u marr\u00eb me poezi \u00ebsht\u00eb e hershme, aq sa \u00e7\u2019\u00ebsht\u00eb i hersh\u00ebm dhe njeriu, madje dhe ikja e tij n\u00eb k\u00ebrkim t\u00eb vendeve t\u00eb tjera, mbase n\u00eb fund t\u00eb fundit \u00ebsht\u00eb k\u00ebrkimi i poezis\u00eb s\u00eb vetvetes, i thelbit, zbulim i s\u00eb bukur\u00ebs. N\u00ebse p\u00ebrs\u00ebritet shpesh [&hellip;]","og_url":"https:\/\/fjala.info\/2009-2015\/pagjumesia-e-fjaleve\/","og_site_name":"FjALA e LIR\u00cb - Arkivi","article_published_time":"2010-10-02T20:47:05+00:00","og_image":[{"url":"http:\/\/fjala.shkoder.net\/wp-content\/uploads\/2010\/10\/baki_ymeri.jpg","type":"","width":"","height":""}],"author":"admin","twitter_card":"summary_large_image","twitter_misc":{"Written by":"admin","Est. reading time":"5 minutes"},"schema":{"@context":"https:\/\/schema.org","@graph":[{"@type":"Article","@id":"https:\/\/fjala.info\/2009-2015\/pagjumesia-e-fjaleve\/#article","isPartOf":{"@id":"https:\/\/fjala.info\/2009-2015\/pagjumesia-e-fjaleve\/"},"author":{"name":"admin","@id":"https:\/\/fjala.info\/2009-2015\/#\/schema\/person\/3aa1163ef05469c496fc94e77611ada2"},"headline":"Pagjum\u00ebsia e fjal\u00ebve","datePublished":"2010-10-02T20:47:05+00:00","mainEntityOfPage":{"@id":"https:\/\/fjala.info\/2009-2015\/pagjumesia-e-fjaleve\/"},"wordCount":966,"commentCount":0,"publisher":{"@id":"https:\/\/fjala.info\/2009-2015\/#organization"},"image":{"@id":"https:\/\/fjala.info\/2009-2015\/pagjumesia-e-fjaleve\/#primaryimage"},"thumbnailUrl":"http:\/\/fjala.shkoder.net\/wp-content\/uploads\/2010\/10\/baki_ymeri.jpg","articleSection":["Artikuj","Let\u00ebrsi"],"inLanguage":"sq-AL","potentialAction":[{"@type":"CommentAction","name":"Comment","target":["https:\/\/fjala.info\/2009-2015\/pagjumesia-e-fjaleve\/#respond"]}]},{"@type":"WebPage","@id":"https:\/\/fjala.info\/2009-2015\/pagjumesia-e-fjaleve\/","url":"https:\/\/fjala.info\/2009-2015\/pagjumesia-e-fjaleve\/","name":"Pagjum\u00ebsia e fjal\u00ebve - FjALA e LIR\u00cb - Arkivi","isPartOf":{"@id":"https:\/\/fjala.info\/2009-2015\/#website"},"primaryImageOfPage":{"@id":"https:\/\/fjala.info\/2009-2015\/pagjumesia-e-fjaleve\/#primaryimage"},"image":{"@id":"https:\/\/fjala.info\/2009-2015\/pagjumesia-e-fjaleve\/#primaryimage"},"thumbnailUrl":"http:\/\/fjala.shkoder.net\/wp-content\/uploads\/2010\/10\/baki_ymeri.jpg","datePublished":"2010-10-02T20:47:05+00:00","breadcrumb":{"@id":"https:\/\/fjala.info\/2009-2015\/pagjumesia-e-fjaleve\/#breadcrumb"},"inLanguage":"sq-AL","potentialAction":[{"@type":"ReadAction","target":["https:\/\/fjala.info\/2009-2015\/pagjumesia-e-fjaleve\/"]}]},{"@type":"ImageObject","inLanguage":"sq-AL","@id":"https:\/\/fjala.info\/2009-2015\/pagjumesia-e-fjaleve\/#primaryimage","url":"http:\/\/fjala.shkoder.net\/wp-content\/uploads\/2010\/10\/baki_ymeri.jpg","contentUrl":"http:\/\/fjala.shkoder.net\/wp-content\/uploads\/2010\/10\/baki_ymeri.jpg"},{"@type":"BreadcrumbList","@id":"https:\/\/fjala.info\/2009-2015\/pagjumesia-e-fjaleve\/#breadcrumb","itemListElement":[{"@type":"ListItem","position":1,"name":"Home","item":"https:\/\/fjala.info\/2009-2015\/"},{"@type":"ListItem","position":2,"name":"Pagjum\u00ebsia e fjal\u00ebve"}]},{"@type":"WebSite","@id":"https:\/\/fjala.info\/2009-2015\/#website","url":"https:\/\/fjala.info\/2009-2015\/","name":"FjALA e LIR\u00cb - Arkivi","description":"Arkivi 2009-2015","publisher":{"@id":"https:\/\/fjala.info\/2009-2015\/#organization"},"potentialAction":[{"@type":"SearchAction","target":{"@type":"EntryPoint","urlTemplate":"https:\/\/fjala.info\/2009-2015\/?s={search_term_string}"},"query-input":{"@type":"PropertyValueSpecification","valueRequired":true,"valueName":"search_term_string"}}],"inLanguage":"sq-AL"},{"@type":"Organization","@id":"https:\/\/fjala.info\/2009-2015\/#organization","name":"FjALA e LIR\u00cb - Arkivi","url":"https:\/\/fjala.info\/2009-2015\/","logo":{"@type":"ImageObject","inLanguage":"sq-AL","@id":"https:\/\/fjala.info\/2009-2015\/#\/schema\/logo\/image\/","url":"","contentUrl":"","caption":"FjALA e LIR\u00cb - Arkivi"},"image":{"@id":"https:\/\/fjala.info\/2009-2015\/#\/schema\/logo\/image\/"}},{"@type":"Person","@id":"https:\/\/fjala.info\/2009-2015\/#\/schema\/person\/3aa1163ef05469c496fc94e77611ada2","name":"admin","image":{"@type":"ImageObject","inLanguage":"sq-AL","@id":"https:\/\/fjala.info\/2009-2015\/wp-content\/uploads\/2012\/02\/arben_cokaj-120x150.jpg","url":"https:\/\/fjala.info\/2009-2015\/wp-content\/uploads\/2012\/02\/arben_cokaj-120x150.jpg","contentUrl":"https:\/\/fjala.info\/2009-2015\/wp-content\/uploads\/2012\/02\/arben_cokaj-120x150.jpg","caption":"admin"},"description":"Admin, Fjala e Lir\u00eb","sameAs":["https:\/\/fjala.info\/"],"url":"https:\/\/fjala.info\/2009-2015\/author\/admin\/"}]}},"_links":{"self":[{"href":"https:\/\/fjala.info\/2009-2015\/wp-json\/wp\/v2\/posts\/4135","targetHints":{"allow":["GET"]}}],"collection":[{"href":"https:\/\/fjala.info\/2009-2015\/wp-json\/wp\/v2\/posts"}],"about":[{"href":"https:\/\/fjala.info\/2009-2015\/wp-json\/wp\/v2\/types\/post"}],"author":[{"embeddable":true,"href":"https:\/\/fjala.info\/2009-2015\/wp-json\/wp\/v2\/users\/1"}],"replies":[{"embeddable":true,"href":"https:\/\/fjala.info\/2009-2015\/wp-json\/wp\/v2\/comments?post=4135"}],"version-history":[{"count":0,"href":"https:\/\/fjala.info\/2009-2015\/wp-json\/wp\/v2\/posts\/4135\/revisions"}],"wp:attachment":[{"href":"https:\/\/fjala.info\/2009-2015\/wp-json\/wp\/v2\/media?parent=4135"}],"wp:term":[{"taxonomy":"category","embeddable":true,"href":"https:\/\/fjala.info\/2009-2015\/wp-json\/wp\/v2\/categories?post=4135"},{"taxonomy":"post_tag","embeddable":true,"href":"https:\/\/fjala.info\/2009-2015\/wp-json\/wp\/v2\/tags?post=4135"}],"curies":[{"name":"wp","href":"https:\/\/api.w.org\/{rel}","templated":true}]}}