{"id":4133,"date":"2012-08-03T09:14:36","date_gmt":"2012-08-03T08:14:36","guid":{"rendered":"http:\/\/www.fjala.info\/?p=4133"},"modified":"2012-08-03T09:14:36","modified_gmt":"2012-08-03T08:14:36","slug":"nje-shpjegim-per-urrejtjen-ndaj-jugut","status":"publish","type":"post","link":"https:\/\/fjala.info\/2009-2015\/nje-shpjegim-per-urrejtjen-ndaj-jugut\/","title":{"rendered":"Nj\u00eb shpjegim p\u00ebr urrejtjen ndaj Jugut"},"content":{"rendered":"<p><img decoding=\"async\" class=\"alignright size-thumbnail wp-image-7236\" title=\"Mero Baze\" src=\"http:\/\/www.fjala.info\/2012\/mero_baze.jpg\" alt=\"\" width=\"150\" \/> Nga <strong>Mero Baze<\/strong>, <em>2 Gusht 2012<\/em><\/p>\n<p>Sali Berisha ka provokuar nj\u00eb debat delikat. Pas shtat\u00eb vitesh, ai arriti t\u00eb p\u00ebrfundoj\u00eb nj\u00eb segment rrugor pak m\u00eb shum\u00eb se 20 km q\u00eb lidh Levanin me rrug\u00ebn e vjet\u00ebr Ballsh- Tepelen\u00eb n\u00eb Fratar. Debati q\u00eb ka provokuar \u00ebsht\u00eb delikat pasi leximi i par\u00eb i tij \u00ebsht\u00eb se Sali Berisha bllokoi nd\u00ebrtimin e asaj rruge si anti-jugor.<\/p>\n<p>Historia ka nisur n\u00eb vjesht\u00ebn e vitit 2005 n\u00eb parlamentin e Shqip\u00ebris\u00eb. BERZH kishte dh\u00ebn\u00eb kredi p\u00ebr rrug\u00ebn Levan- Tepelen\u00eb dhe Levan- Vlor\u00eb. Levan- Tepelen\u00eb p\u00ebrb\u00ebhej nga dy lote, i pari Levan- Fratar dhe i dyti Fratar- Tepelen\u00eb, q\u00eb ende s\u2019ka mbaruar. Projektin e rrug\u00ebs dhe kredin\u00eb e kishte negociuar qeveria e Fatos Nanos, e cila p\u00ebr shkak t\u00eb pazareve nuk arriti ta tenderoj\u00eb. Berisha i gjeti k\u00ebto segmente gati p\u00ebr tenderim, me kredi t\u00eb miratuara n\u00eb parim.<\/p>\n<p>Gramoz Ru\u00e7i ia tha k\u00ebt\u00eb qartazi n\u00eb nj\u00eb seanc\u00eb parlamentare, duke e ftuar t\u00eb merrte g\u00ebrsh\u00ebr\u00ebt dhe t\u00eb priste shiritin e punimeve dhe t\u00eb mos e vononte m\u00eb at\u00eb rrug\u00eb q\u00eb lidhte Jugun me pjes\u00ebn tjet\u00ebr t\u00eb Shqip\u00ebris\u00eb. Berisha u t\u00ebrbua. Sapo seanca parlamentare p\u00ebrfundoi, vendimi i par\u00eb i tij ishte anulimi i segmentit rrugor Levan- Tepelen\u00eb, q\u00eb p\u00ebrb\u00ebhej nga dy lote. Ishte nj\u00eb lajm trondit\u00ebs, sidomos p\u00ebr ne q\u00eb mezi kishim pritur t\u00eb \u00e7elej nj\u00eb rrug\u00eb drejt Jugut. Arsyetimi i par\u00eb i Berish\u00ebs ishte se ato ishin rrug\u00eb elektorale, t\u00eb premtuara nga Fatos Nano p\u00ebr elektoratin e vet. Ka qen\u00eb nj\u00eb debat q\u00eb e ka b\u00ebr\u00eb disa her\u00eb dhe me mua.<\/p>\n<p>\u201cNuk b\u00ebj nj\u00eb rrug\u00eb q\u00eb kalon nga fshati i Gramoz Rucit\u201d, ishte arsyetimi i tij i mundimsh\u00ebm. Dhe kur e shihte se e gjitha dukej si nj\u00eb raciz\u00ebm ndaj Jugut, nxitonte t\u00eb thoshte nj\u00eb bro\u00e7kull m\u00eb t\u00eb madhe \u201cMos u shqet\u00ebso. Do b\u00ebj nj\u00eb rrug\u00eb q\u00eb do shp\u00ebtoj Jugun, nga Vaqarri n\u00eb Berat deri n\u00eb Memaliaj. I bie shkurt fare dhe shp\u00ebton Jugun\u201d. Me k\u00ebt\u00eb arsyetim q\u00eb g\u00ebnjente dhe veten, shtyu gati gjasht\u00eb muaj. Angazhoi dhe nj\u00eb kompani t\u00eb b\u00ebnte fizibilitetin e k\u00ebsaj gjurme dhe befas kuptoi se duheshin shum\u00eb pare, shum\u00eb koh\u00eb dhe thuajse asnj\u00eb mund\u00ebsi p\u00ebr ta b\u00ebr\u00eb g\u00ebnjeshtr\u00ebn realitet. Por nuk u t\u00ebrhoq nga ideja se segmenti Levan- Tepelen\u00eb s\u2019duhej nd\u00ebrtuar. Mbetej armiku m\u00eb i eg\u00ebr i atij segmenti.<\/p>\n<p>Si nj\u00eb jugor q\u00eb vizitoj Jugun m\u00eb shum\u00eb se nj\u00eb her\u00eb n\u00eb muaj, nuk m\u00eb rrihej pa u grindur p\u00ebr k\u00ebt\u00eb \u00e7\u00ebshtje derisa n\u00eb pranver\u00eb t\u00eb vitit 2006, n\u00eb nj\u00eb udh\u00ebtim n\u00eb Jug bashk\u00eb me Berish\u00ebn, Gramoz Pashko m\u00eb erdhi n\u00eb ndihm\u00eb duke shpjeguar n\u00eb sy t\u00eb tij sa shum\u00eb pun\u00eb ishte dashur t\u00eb b\u00ebhej projekti dhe t\u00eb nxirrej kredia p\u00ebr at\u00eb segment rrugor dhe sa i pamundur \u00ebsht\u00eb segmenti q\u00eb Berisha p\u00ebrdorte p\u00ebr alibi. Berisha nuk t\u00ebrhiqej. BERZH nga ana e vet po humbiste durimin dhe d\u00ebrgoi k\u00ebrc\u00ebnimet e para se do t\u00eb nd\u00ebrpriste bashk\u00ebpunimin me qeverin\u00eb shqiptare n\u00ebse anulonte kredit\u00eb e akorduara. Berisha po l\u00ebkundej, por ideja fikse se ajo ishte nj\u00eb rrug\u00eb e Fatos Nanos nuk i shqitej nga mendja. Ma tha k\u00ebt\u00eb disa her\u00eb. E tha n\u00eb nj\u00eb m\u00ebnyr\u00eb t\u00eb pand\u00ebrgjegjshme breng\u00ebn e tij se n\u00ebse ajo rrug\u00eb nd\u00ebrtohej sipas afatit, ishte nj\u00eb rrug\u00eb e Fatos Nanos, q\u00eb sipas tij \u201ckalonte nga fshati i Gramoz Ru\u00e7it\u201d. Por kontrasti n\u00eb publik po b\u00ebhej ther\u00ebs.<\/p>\n<p>Nga nj\u00eb an\u00eb diskutohej q\u00eb segmenti Rr\u00ebshen- Kalimash t\u00eb hante nj\u00eb miliard euro me kat\u00ebr korsi dhe dy tunele, nga ana tjet\u00ebr hezitohej t\u00eb harxhoheshin 70 milion\u00eb dollar\u00eb p\u00ebr t\u00eb lidhur Jugun me nj\u00eb rrug\u00eb t\u00eb kategoris\u00eb s\u00eb par\u00eb, por jo autostrad\u00eb. P\u00ebr t\u00eb mos dal\u00eb i mundur nga loja, nxori n\u00eb plan t\u00eb par\u00eb Lul\u00ebzim Bash\u00ebn, i cili nd\u00ebrkoh\u00eb filloi t\u00eb b\u00ebj\u00eb pazaret p\u00ebr rrug\u00ebn. Nd\u00ebrtuesi do t\u00eb ishte Fahri Balliu. Kunata e tij dhe nj\u00eb serb nga Beogradi formuan dhe udh\u00ebhoq\u00ebn bashk\u00eb nj\u00eb kompani bij\u00eb t\u00eb Alpine-s, nj\u00eb kompani austriake q\u00eb po shitej tek spanjoll\u00ebt, dhe me letrat e saj mor\u00ebn tenderin ende pa u miratuar kredia n\u00eb parlament. Pas k\u00ebsaj Berisha u t\u00ebrhoq. T\u00eb nj\u00ebjt\u00ebt sekser\u00eb mor\u00ebn segmentin Levan-Vlor\u00eb dhe FratarTepelen\u00eb.<\/p>\n<p>Segmentin Levan-Fratar, q\u00eb u p\u00ebrurua sot, e mori nj\u00eb kompani italiane. Qeveria pagoi kunat\u00ebn e Fahriut me fondet e saj me dhjet\u00eb p\u00ebr qind t\u00eb shum\u00ebs p\u00ebr t\u00eb dy segmentet, at\u00eb Levan- Vlor\u00eb dhe at\u00eb Fratar- Tepelen\u00eb, nd\u00ebrkoh\u00eb q\u00eb ajo ishte dhe zyrtare e lart\u00eb e shtetit shqiptar si Sekretare e P\u00ebrgjithshme e Ministris\u00eb s\u00eb Kultur\u00ebs. Nj\u00eb shkelje e till\u00eb flagrante do kishte \u00e7uar n\u00eb burg \u00e7do zyrtar t\u00eb shtetit shqiptar. Misioni i Balliut ishte vonesa e nd\u00ebrtimit t\u00eb k\u00ebsaj rruge aq shum\u00eb, sa t\u00eb harrohej q\u00eb ishte nj\u00eb iniciativ\u00eb e Fatos Nanos. Dhe ia doli. Segmenti Fratar-Tepelen\u00eb, q\u00eb mori Balliu me sekser\u00ebt e vet, nuk ka mbaruar ende.<\/p>\n<p>Kompania fantazm\u00eb e kunat\u00ebs s\u00eb Fahriut dhe nj\u00eb serbi, d\u00ebshtoi n\u00eb nd\u00ebrtim dhe ia \u201cshiti\u201d pun\u00ebn nj\u00eb kompanie greke, q\u00eb ende s\u2019e ka mbaruar. Natyrisht duke futur n\u00eb xhep dhjet\u00eb p\u00ebrqind\u00ebshin e paguar nga qeveria shqiptare jasht\u00eb \u00e7do rregulli. N\u00ebse n\u00eb k\u00ebt\u00eb vend do t\u00eb ket\u00eb ndonj\u00eb her\u00eb drejt\u00ebsi, Lul\u00ebzim Basha, Sali Berisha dhe sekser\u00ebt e tyre do t\u00eb duhet t\u00eb shkojn\u00eb pas hekurave p\u00ebr k\u00ebt\u00eb rrug\u00eb m\u00eb shum\u00eb se sa p\u00ebr rrug\u00ebn e Veriut ku ka favorizim korrupsioni, n\u00eb vend t\u00eb korrupsionit direkt q\u00eb ka n\u00eb k\u00ebt\u00eb rrug\u00eb duke ndar\u00eb lek\u00ebt me sekser\u00ebt e tyre. Rruga q\u00eb duhet t\u00eb mbaronte n\u00eb vitin 2007- 2008 \u00ebsht\u00eb af\u00ebr p\u00ebrfundimit, por jo e p\u00ebrfunduar n\u00eb vitin 2012. Sali Berisha ia arriti q\u00ebllimit ta vonoj\u00eb, ta cop\u00ebtoj\u00eb, ta degradoj\u00eb dhe t\u2019ua humbas\u00eb aq shum\u00eb durimin qindra- mij\u00ebra banor\u00ebve t\u00eb Jugut sa ta harrojn\u00eb q\u00eb k\u00ebt\u00eb rrug\u00eb do ta kishin gati m\u00eb 2007 sikur ky burr\u00eb i lig dhe hajdut t\u00eb mos ishte kryeminist\u00ebr.<\/p>\n<p>Shum\u00eb banor\u00eb t\u00eb Jugut, njer\u00ebz q\u00eb un\u00eb njoh dhe takoj n\u00eb Jug, m\u00eb thon\u00eb se e ka b\u00ebr\u00eb nga urrejtja p\u00ebr Jugun. E lidhin k\u00ebt\u00eb me faktin se Jugu e ka zbuar nj\u00eb her\u00eb Sali Berish\u00ebn nga pushteti dhe nuk e voton. Nuk e besoj deri n\u00eb fund. \u00cbsht\u00eb e v\u00ebrtet\u00eb q\u00eb Berisha e ka frik\u00eb Jugun, por jo si verior, por si politikan burracak dhe hakmarr\u00ebs. Ai e urren Jugun jo si tropojan, por si nj\u00eb humb\u00ebs. Ai e urren Jugun jo si nj\u00eb racist klasik, por si nj\u00eb viktim\u00eb e tij n\u00eb politik\u00eb. Ai e urren Jugun si \u00e7do i mundur q\u00eb i rijepet shansi t\u00eb ket\u00eb n\u00eb dor\u00eb at\u00eb q\u00eb e ka posht\u00ebruar dhe nuk di si t\u00eb hakmerret ndaj tij.<\/p>\n<p>Ai ka ndaj Jugut kompleksin q\u00eb ka \u00e7do humb\u00ebs ndaj fitimtarit. E ka frik\u00eb deri n\u00eb at\u00eb shkall\u00eb sa nuk guxon ta l\u00ebr\u00eb fare pa rrug\u00eb, pa uj\u00eb, pa drita dhe pa buk\u00eb, por po b\u00ebn gjith\u00e7ka q\u00eb rruga t\u00eb vej\u00eb e fundit, uji i fundit, dritat t\u00eb fundit dhe puna dhe zhvillimi t\u00eb fundit. Ka nj\u00eb p\u00ebrzierje t\u00eb frik\u00ebs dhe m\u00ebdyshjes p\u00ebr tu hakmarr\u00eb hapur dhe kjo dukej dhe n\u00eb fjal\u00ebn e tij prej burracaku dhe njeriu t\u00eb rrjedhur nd\u00ebrsa p\u00ebruronte segmentin e par\u00eb t\u00eb k\u00ebsaj rruge, kur nxiton t\u00eb thot\u00eb se opozita e ka vonuar k\u00ebt\u00eb rrug\u00eb. E ka akoma frik\u00ebn t\u00eb mburret me posht\u00ebrsin\u00eb q\u00eb ka b\u00ebr\u00eb. Si gjith\u00eb burracak\u00ebt e ligj.<\/p>\n","protected":false},"excerpt":{"rendered":"<p>Nga Mero Baze, 2 Gusht 2012 Sali Berisha ka provokuar nj\u00eb debat delikat. Pas shtat\u00eb vitesh, ai arriti t\u00eb p\u00ebrfundoj\u00eb nj\u00eb segment rrugor pak m\u00eb shum\u00eb se 20 km q\u00eb lidh Levanin me rrug\u00ebn e vjet\u00ebr Ballsh- Tepelen\u00eb n\u00eb Fratar. Debati q\u00eb ka provokuar \u00ebsht\u00eb delikat pasi leximi i par\u00eb i tij \u00ebsht\u00eb se Sali [&hellip;]<\/p>\n","protected":false},"author":1,"featured_media":0,"comment_status":"open","ping_status":"closed","sticky":false,"template":"","format":"standard","meta":{"footnotes":""},"categories":[2],"tags":[],"class_list":{"0":"post-4133","1":"post","2":"type-post","3":"status-publish","4":"format-standard","6":"category-artikuj"},"yoast_head":"<!-- This site is optimized with the Yoast SEO plugin v27.4 - https:\/\/yoast.com\/product\/yoast-seo-wordpress\/ -->\n<title>Nj\u00eb shpjegim p\u00ebr urrejtjen ndaj Jugut - FjALA e LIR\u00cb - Arkivi<\/title>\n<meta name=\"robots\" content=\"index, follow, max-snippet:-1, max-image-preview:large, max-video-preview:-1\" \/>\n<link rel=\"canonical\" href=\"https:\/\/fjala.info\/2009-2015\/nje-shpjegim-per-urrejtjen-ndaj-jugut\/\" \/>\n<meta property=\"og:locale\" content=\"sq_AL\" \/>\n<meta property=\"og:type\" content=\"article\" \/>\n<meta property=\"og:title\" content=\"Nj\u00eb shpjegim p\u00ebr urrejtjen ndaj Jugut - FjALA e LIR\u00cb - Arkivi\" \/>\n<meta property=\"og:description\" content=\"Nga Mero Baze, 2 Gusht 2012 Sali Berisha ka provokuar nj\u00eb debat delikat. Pas shtat\u00eb vitesh, ai arriti t\u00eb p\u00ebrfundoj\u00eb nj\u00eb segment rrugor pak m\u00eb shum\u00eb se 20 km q\u00eb lidh Levanin me rrug\u00ebn e vjet\u00ebr Ballsh- Tepelen\u00eb n\u00eb Fratar. Debati q\u00eb ka provokuar \u00ebsht\u00eb delikat pasi leximi i par\u00eb i tij \u00ebsht\u00eb se Sali [&hellip;]\" \/>\n<meta property=\"og:url\" content=\"https:\/\/fjala.info\/2009-2015\/nje-shpjegim-per-urrejtjen-ndaj-jugut\/\" \/>\n<meta property=\"og:site_name\" content=\"FjALA e LIR\u00cb - Arkivi\" \/>\n<meta property=\"article:published_time\" content=\"2012-08-03T08:14:36+00:00\" \/>\n<meta property=\"og:image\" content=\"http:\/\/www.fjala.info\/2012\/mero_baze.jpg\" \/>\n<meta name=\"author\" content=\"admin\" \/>\n<meta name=\"twitter:card\" content=\"summary_large_image\" \/>\n<meta name=\"twitter:label1\" content=\"Written by\" \/>\n\t<meta name=\"twitter:data1\" content=\"admin\" \/>\n\t<meta name=\"twitter:label2\" content=\"Est. reading time\" \/>\n\t<meta name=\"twitter:data2\" content=\"7 minutes\" \/>\n<script type=\"application\/ld+json\" class=\"yoast-schema-graph\">{\"@context\":\"https:\\\/\\\/schema.org\",\"@graph\":[{\"@type\":\"Article\",\"@id\":\"https:\\\/\\\/fjala.info\\\/2009-2015\\\/nje-shpjegim-per-urrejtjen-ndaj-jugut\\\/#article\",\"isPartOf\":{\"@id\":\"https:\\\/\\\/fjala.info\\\/2009-2015\\\/nje-shpjegim-per-urrejtjen-ndaj-jugut\\\/\"},\"author\":{\"name\":\"admin\",\"@id\":\"https:\\\/\\\/fjala.info\\\/2009-2015\\\/#\\\/schema\\\/person\\\/3aa1163ef05469c496fc94e77611ada2\"},\"headline\":\"Nj\u00eb shpjegim p\u00ebr urrejtjen ndaj Jugut\",\"datePublished\":\"2012-08-03T08:14:36+00:00\",\"mainEntityOfPage\":{\"@id\":\"https:\\\/\\\/fjala.info\\\/2009-2015\\\/nje-shpjegim-per-urrejtjen-ndaj-jugut\\\/\"},\"wordCount\":1338,\"commentCount\":0,\"publisher\":{\"@id\":\"https:\\\/\\\/fjala.info\\\/2009-2015\\\/#organization\"},\"image\":{\"@id\":\"https:\\\/\\\/fjala.info\\\/2009-2015\\\/nje-shpjegim-per-urrejtjen-ndaj-jugut\\\/#primaryimage\"},\"thumbnailUrl\":\"http:\\\/\\\/www.fjala.info\\\/2012\\\/mero_baze.jpg\",\"articleSection\":[\"Artikuj\"],\"inLanguage\":\"sq-AL\",\"potentialAction\":[{\"@type\":\"CommentAction\",\"name\":\"Comment\",\"target\":[\"https:\\\/\\\/fjala.info\\\/2009-2015\\\/nje-shpjegim-per-urrejtjen-ndaj-jugut\\\/#respond\"]}]},{\"@type\":\"WebPage\",\"@id\":\"https:\\\/\\\/fjala.info\\\/2009-2015\\\/nje-shpjegim-per-urrejtjen-ndaj-jugut\\\/\",\"url\":\"https:\\\/\\\/fjala.info\\\/2009-2015\\\/nje-shpjegim-per-urrejtjen-ndaj-jugut\\\/\",\"name\":\"Nj\u00eb shpjegim p\u00ebr urrejtjen ndaj Jugut - FjALA e LIR\u00cb - Arkivi\",\"isPartOf\":{\"@id\":\"https:\\\/\\\/fjala.info\\\/2009-2015\\\/#website\"},\"primaryImageOfPage\":{\"@id\":\"https:\\\/\\\/fjala.info\\\/2009-2015\\\/nje-shpjegim-per-urrejtjen-ndaj-jugut\\\/#primaryimage\"},\"image\":{\"@id\":\"https:\\\/\\\/fjala.info\\\/2009-2015\\\/nje-shpjegim-per-urrejtjen-ndaj-jugut\\\/#primaryimage\"},\"thumbnailUrl\":\"http:\\\/\\\/www.fjala.info\\\/2012\\\/mero_baze.jpg\",\"datePublished\":\"2012-08-03T08:14:36+00:00\",\"breadcrumb\":{\"@id\":\"https:\\\/\\\/fjala.info\\\/2009-2015\\\/nje-shpjegim-per-urrejtjen-ndaj-jugut\\\/#breadcrumb\"},\"inLanguage\":\"sq-AL\",\"potentialAction\":[{\"@type\":\"ReadAction\",\"target\":[\"https:\\\/\\\/fjala.info\\\/2009-2015\\\/nje-shpjegim-per-urrejtjen-ndaj-jugut\\\/\"]}]},{\"@type\":\"ImageObject\",\"inLanguage\":\"sq-AL\",\"@id\":\"https:\\\/\\\/fjala.info\\\/2009-2015\\\/nje-shpjegim-per-urrejtjen-ndaj-jugut\\\/#primaryimage\",\"url\":\"http:\\\/\\\/www.fjala.info\\\/2012\\\/mero_baze.jpg\",\"contentUrl\":\"http:\\\/\\\/www.fjala.info\\\/2012\\\/mero_baze.jpg\"},{\"@type\":\"BreadcrumbList\",\"@id\":\"https:\\\/\\\/fjala.info\\\/2009-2015\\\/nje-shpjegim-per-urrejtjen-ndaj-jugut\\\/#breadcrumb\",\"itemListElement\":[{\"@type\":\"ListItem\",\"position\":1,\"name\":\"Home\",\"item\":\"https:\\\/\\\/fjala.info\\\/2009-2015\\\/\"},{\"@type\":\"ListItem\",\"position\":2,\"name\":\"Nj\u00eb shpjegim p\u00ebr urrejtjen ndaj Jugut\"}]},{\"@type\":\"WebSite\",\"@id\":\"https:\\\/\\\/fjala.info\\\/2009-2015\\\/#website\",\"url\":\"https:\\\/\\\/fjala.info\\\/2009-2015\\\/\",\"name\":\"FjALA e LIR\u00cb - Arkivi\",\"description\":\"Arkivi 2009-2015\",\"publisher\":{\"@id\":\"https:\\\/\\\/fjala.info\\\/2009-2015\\\/#organization\"},\"potentialAction\":[{\"@type\":\"SearchAction\",\"target\":{\"@type\":\"EntryPoint\",\"urlTemplate\":\"https:\\\/\\\/fjala.info\\\/2009-2015\\\/?s={search_term_string}\"},\"query-input\":{\"@type\":\"PropertyValueSpecification\",\"valueRequired\":true,\"valueName\":\"search_term_string\"}}],\"inLanguage\":\"sq-AL\"},{\"@type\":\"Organization\",\"@id\":\"https:\\\/\\\/fjala.info\\\/2009-2015\\\/#organization\",\"name\":\"FjALA e LIR\u00cb - Arkivi\",\"url\":\"https:\\\/\\\/fjala.info\\\/2009-2015\\\/\",\"logo\":{\"@type\":\"ImageObject\",\"inLanguage\":\"sq-AL\",\"@id\":\"https:\\\/\\\/fjala.info\\\/2009-2015\\\/#\\\/schema\\\/logo\\\/image\\\/\",\"url\":\"\",\"contentUrl\":\"\",\"caption\":\"FjALA e LIR\u00cb - Arkivi\"},\"image\":{\"@id\":\"https:\\\/\\\/fjala.info\\\/2009-2015\\\/#\\\/schema\\\/logo\\\/image\\\/\"}},{\"@type\":\"Person\",\"@id\":\"https:\\\/\\\/fjala.info\\\/2009-2015\\\/#\\\/schema\\\/person\\\/3aa1163ef05469c496fc94e77611ada2\",\"name\":\"admin\",\"image\":{\"@type\":\"ImageObject\",\"inLanguage\":\"sq-AL\",\"@id\":\"https:\\\/\\\/fjala.info\\\/2009-2015\\\/wp-content\\\/uploads\\\/2012\\\/02\\\/arben_cokaj-120x150.jpg\",\"url\":\"https:\\\/\\\/fjala.info\\\/2009-2015\\\/wp-content\\\/uploads\\\/2012\\\/02\\\/arben_cokaj-120x150.jpg\",\"contentUrl\":\"https:\\\/\\\/fjala.info\\\/2009-2015\\\/wp-content\\\/uploads\\\/2012\\\/02\\\/arben_cokaj-120x150.jpg\",\"caption\":\"admin\"},\"description\":\"Admin, Fjala e Lir\u00eb\",\"sameAs\":[\"https:\\\/\\\/fjala.info\\\/\"],\"url\":\"https:\\\/\\\/fjala.info\\\/2009-2015\\\/author\\\/admin\\\/\"}]}<\/script>\n<!-- \/ Yoast SEO plugin. -->","yoast_head_json":{"title":"Nj\u00eb shpjegim p\u00ebr urrejtjen ndaj Jugut - FjALA e LIR\u00cb - Arkivi","robots":{"index":"index","follow":"follow","max-snippet":"max-snippet:-1","max-image-preview":"max-image-preview:large","max-video-preview":"max-video-preview:-1"},"canonical":"https:\/\/fjala.info\/2009-2015\/nje-shpjegim-per-urrejtjen-ndaj-jugut\/","og_locale":"sq_AL","og_type":"article","og_title":"Nj\u00eb shpjegim p\u00ebr urrejtjen ndaj Jugut - FjALA e LIR\u00cb - Arkivi","og_description":"Nga Mero Baze, 2 Gusht 2012 Sali Berisha ka provokuar nj\u00eb debat delikat. Pas shtat\u00eb vitesh, ai arriti t\u00eb p\u00ebrfundoj\u00eb nj\u00eb segment rrugor pak m\u00eb shum\u00eb se 20 km q\u00eb lidh Levanin me rrug\u00ebn e vjet\u00ebr Ballsh- Tepelen\u00eb n\u00eb Fratar. Debati q\u00eb ka provokuar \u00ebsht\u00eb delikat pasi leximi i par\u00eb i tij \u00ebsht\u00eb se Sali [&hellip;]","og_url":"https:\/\/fjala.info\/2009-2015\/nje-shpjegim-per-urrejtjen-ndaj-jugut\/","og_site_name":"FjALA e LIR\u00cb - Arkivi","article_published_time":"2012-08-03T08:14:36+00:00","og_image":[{"url":"http:\/\/www.fjala.info\/2012\/mero_baze.jpg","type":"","width":"","height":""}],"author":"admin","twitter_card":"summary_large_image","twitter_misc":{"Written by":"admin","Est. reading time":"7 minutes"},"schema":{"@context":"https:\/\/schema.org","@graph":[{"@type":"Article","@id":"https:\/\/fjala.info\/2009-2015\/nje-shpjegim-per-urrejtjen-ndaj-jugut\/#article","isPartOf":{"@id":"https:\/\/fjala.info\/2009-2015\/nje-shpjegim-per-urrejtjen-ndaj-jugut\/"},"author":{"name":"admin","@id":"https:\/\/fjala.info\/2009-2015\/#\/schema\/person\/3aa1163ef05469c496fc94e77611ada2"},"headline":"Nj\u00eb shpjegim p\u00ebr urrejtjen ndaj Jugut","datePublished":"2012-08-03T08:14:36+00:00","mainEntityOfPage":{"@id":"https:\/\/fjala.info\/2009-2015\/nje-shpjegim-per-urrejtjen-ndaj-jugut\/"},"wordCount":1338,"commentCount":0,"publisher":{"@id":"https:\/\/fjala.info\/2009-2015\/#organization"},"image":{"@id":"https:\/\/fjala.info\/2009-2015\/nje-shpjegim-per-urrejtjen-ndaj-jugut\/#primaryimage"},"thumbnailUrl":"http:\/\/www.fjala.info\/2012\/mero_baze.jpg","articleSection":["Artikuj"],"inLanguage":"sq-AL","potentialAction":[{"@type":"CommentAction","name":"Comment","target":["https:\/\/fjala.info\/2009-2015\/nje-shpjegim-per-urrejtjen-ndaj-jugut\/#respond"]}]},{"@type":"WebPage","@id":"https:\/\/fjala.info\/2009-2015\/nje-shpjegim-per-urrejtjen-ndaj-jugut\/","url":"https:\/\/fjala.info\/2009-2015\/nje-shpjegim-per-urrejtjen-ndaj-jugut\/","name":"Nj\u00eb shpjegim p\u00ebr urrejtjen ndaj Jugut - FjALA e LIR\u00cb - Arkivi","isPartOf":{"@id":"https:\/\/fjala.info\/2009-2015\/#website"},"primaryImageOfPage":{"@id":"https:\/\/fjala.info\/2009-2015\/nje-shpjegim-per-urrejtjen-ndaj-jugut\/#primaryimage"},"image":{"@id":"https:\/\/fjala.info\/2009-2015\/nje-shpjegim-per-urrejtjen-ndaj-jugut\/#primaryimage"},"thumbnailUrl":"http:\/\/www.fjala.info\/2012\/mero_baze.jpg","datePublished":"2012-08-03T08:14:36+00:00","breadcrumb":{"@id":"https:\/\/fjala.info\/2009-2015\/nje-shpjegim-per-urrejtjen-ndaj-jugut\/#breadcrumb"},"inLanguage":"sq-AL","potentialAction":[{"@type":"ReadAction","target":["https:\/\/fjala.info\/2009-2015\/nje-shpjegim-per-urrejtjen-ndaj-jugut\/"]}]},{"@type":"ImageObject","inLanguage":"sq-AL","@id":"https:\/\/fjala.info\/2009-2015\/nje-shpjegim-per-urrejtjen-ndaj-jugut\/#primaryimage","url":"http:\/\/www.fjala.info\/2012\/mero_baze.jpg","contentUrl":"http:\/\/www.fjala.info\/2012\/mero_baze.jpg"},{"@type":"BreadcrumbList","@id":"https:\/\/fjala.info\/2009-2015\/nje-shpjegim-per-urrejtjen-ndaj-jugut\/#breadcrumb","itemListElement":[{"@type":"ListItem","position":1,"name":"Home","item":"https:\/\/fjala.info\/2009-2015\/"},{"@type":"ListItem","position":2,"name":"Nj\u00eb shpjegim p\u00ebr urrejtjen ndaj Jugut"}]},{"@type":"WebSite","@id":"https:\/\/fjala.info\/2009-2015\/#website","url":"https:\/\/fjala.info\/2009-2015\/","name":"FjALA e LIR\u00cb - Arkivi","description":"Arkivi 2009-2015","publisher":{"@id":"https:\/\/fjala.info\/2009-2015\/#organization"},"potentialAction":[{"@type":"SearchAction","target":{"@type":"EntryPoint","urlTemplate":"https:\/\/fjala.info\/2009-2015\/?s={search_term_string}"},"query-input":{"@type":"PropertyValueSpecification","valueRequired":true,"valueName":"search_term_string"}}],"inLanguage":"sq-AL"},{"@type":"Organization","@id":"https:\/\/fjala.info\/2009-2015\/#organization","name":"FjALA e LIR\u00cb - Arkivi","url":"https:\/\/fjala.info\/2009-2015\/","logo":{"@type":"ImageObject","inLanguage":"sq-AL","@id":"https:\/\/fjala.info\/2009-2015\/#\/schema\/logo\/image\/","url":"","contentUrl":"","caption":"FjALA e LIR\u00cb - Arkivi"},"image":{"@id":"https:\/\/fjala.info\/2009-2015\/#\/schema\/logo\/image\/"}},{"@type":"Person","@id":"https:\/\/fjala.info\/2009-2015\/#\/schema\/person\/3aa1163ef05469c496fc94e77611ada2","name":"admin","image":{"@type":"ImageObject","inLanguage":"sq-AL","@id":"https:\/\/fjala.info\/2009-2015\/wp-content\/uploads\/2012\/02\/arben_cokaj-120x150.jpg","url":"https:\/\/fjala.info\/2009-2015\/wp-content\/uploads\/2012\/02\/arben_cokaj-120x150.jpg","contentUrl":"https:\/\/fjala.info\/2009-2015\/wp-content\/uploads\/2012\/02\/arben_cokaj-120x150.jpg","caption":"admin"},"description":"Admin, Fjala e Lir\u00eb","sameAs":["https:\/\/fjala.info\/"],"url":"https:\/\/fjala.info\/2009-2015\/author\/admin\/"}]}},"_links":{"self":[{"href":"https:\/\/fjala.info\/2009-2015\/wp-json\/wp\/v2\/posts\/4133","targetHints":{"allow":["GET"]}}],"collection":[{"href":"https:\/\/fjala.info\/2009-2015\/wp-json\/wp\/v2\/posts"}],"about":[{"href":"https:\/\/fjala.info\/2009-2015\/wp-json\/wp\/v2\/types\/post"}],"author":[{"embeddable":true,"href":"https:\/\/fjala.info\/2009-2015\/wp-json\/wp\/v2\/users\/1"}],"replies":[{"embeddable":true,"href":"https:\/\/fjala.info\/2009-2015\/wp-json\/wp\/v2\/comments?post=4133"}],"version-history":[{"count":0,"href":"https:\/\/fjala.info\/2009-2015\/wp-json\/wp\/v2\/posts\/4133\/revisions"}],"wp:attachment":[{"href":"https:\/\/fjala.info\/2009-2015\/wp-json\/wp\/v2\/media?parent=4133"}],"wp:term":[{"taxonomy":"category","embeddable":true,"href":"https:\/\/fjala.info\/2009-2015\/wp-json\/wp\/v2\/categories?post=4133"},{"taxonomy":"post_tag","embeddable":true,"href":"https:\/\/fjala.info\/2009-2015\/wp-json\/wp\/v2\/tags?post=4133"}],"curies":[{"name":"wp","href":"https:\/\/api.w.org\/{rel}","templated":true}]}}