{"id":4130,"date":"2012-08-01T08:51:23","date_gmt":"2012-08-01T07:51:23","guid":{"rendered":"http:\/\/www.fjala.info\/?p=4130"},"modified":"2012-08-01T08:51:23","modified_gmt":"2012-08-01T07:51:23","slug":"spahiu-duhet-te-shkojme-ne-zgjedhje-pa-berishen","status":"publish","type":"post","link":"https:\/\/fjala.info\/2009-2015\/spahiu-duhet-te-shkojme-ne-zgjedhje-pa-berishen\/","title":{"rendered":"Spahiu: Duhet t\u00eb shkojm\u00eb n\u00eb zgjedhje pa Berish\u00ebn"},"content":{"rendered":"<p><img decoding=\"async\" class=\"alignright size-thumbnail wp-image-7236\" title=\"AK_meeting\" src=\"http:\/\/www.fjala.info\/2012\/ak_meeting.jpg\" alt=\"\" width=\"300\" \/> <strong>ResPublica.al<\/strong>, <em>31 korrik 2012<\/em><\/p>\n<p>I pari i Aleanc\u00ebs Kuq e Zi, Kreshnik Spahiu ka iden\u00eb se \u201crr\u00ebzimi i Sali Berish\u00ebs duhet t\u00eb ndodh\u00eb p\u00ebrpara se t\u00eb shkojm\u00eb n\u00eb zgjedhje, por kjo k\u00ebrkon q\u00eb \u00e7do l\u00ebvizje opozitare t\u00eb sakrifikoj\u00eb, dhe t\u00eb mbaj\u00eb presionin e brendsh\u00ebm dhe t\u00eb jasht\u00ebm; kjo k\u00ebrkon q\u00eb \u00e7do faktor opozitar t\u00eb ket\u00eb moral dhe parime, dhe jo pas plumbave t\u00eb b\u00ebhet marr\u00ebveshje me Saliun apo pas protestave t\u00eb m\u00ebngjesit t\u00eb hash dark\u00eb me Ilirin\u201d.<\/p>\n<p>K\u00ebto i thot\u00eb n\u00eb nj\u00eb shkrim t\u00eb vetin, pasi \u00ebsht\u00eb ngacmuar nga disa analiza mediatike q\u00eb kan\u00eb k\u00ebrkuar bashkim t\u00eb opozit\u00ebs. Dhe k\u00ebtyre, analist\u00ebve Spahiu u thot\u00eb: \u201cShqet\u00ebsimit t\u00eb atyre q\u00eb nuk e duan Berish\u00ebn dhe k\u00ebrkojn\u00eb ndryshimin e regjimit m\u00eb mafioz t\u00eb Europ\u00ebs do t\u2019u thosha q\u00eb ka vet\u00ebm nj\u00eb zgjidhje: q\u00eb t\u00eb shkojm\u00eb n\u00eb zgjedhje pa Sali Berish\u00ebn. N\u00eb t\u00eb kund\u00ebrt\u00ebn vet\u00ebm deputet\u00ebt socialist\u00eb besojn\u00eb te mrekullia\u2026. E pse jo, kan\u00eb nj\u00eb jet\u00eb n\u00eb ato karrige.\u201d<\/p>\n<p>Spahiu ka t\u00eb drejt\u00eb kur evidenton marr\u00ebveshjet e b\u00ebra pas plumbave e pas protestave (mes Ram\u00ebs e Berish\u00ebs\/Met\u00ebs), por nuk na shpjegon dot se si \u201crr\u00ebzimi i Sali Berish\u00ebs [mund] t\u00eb ndodh\u00eb p\u00ebrpara se t\u00eb shkojm\u00eb n\u00eb zgjedhje\u201d.<\/p>\n<p><strong>Re.Pu<\/strong>.<\/p>\n","protected":false},"excerpt":{"rendered":"<p>ResPublica.al, 31 korrik 2012 I pari i Aleanc\u00ebs Kuq e Zi, Kreshnik Spahiu ka iden\u00eb se \u201crr\u00ebzimi i Sali Berish\u00ebs duhet t\u00eb ndodh\u00eb p\u00ebrpara se t\u00eb shkojm\u00eb n\u00eb zgjedhje, por kjo k\u00ebrkon q\u00eb \u00e7do l\u00ebvizje opozitare t\u00eb sakrifikoj\u00eb, dhe t\u00eb mbaj\u00eb presionin e brendsh\u00ebm dhe t\u00eb jasht\u00ebm; kjo k\u00ebrkon q\u00eb \u00e7do faktor opozitar t\u00eb ket\u00eb [&hellip;]<\/p>\n","protected":false},"author":1,"featured_media":0,"comment_status":"open","ping_status":"closed","sticky":false,"template":"","format":"standard","meta":{"footnotes":""},"categories":[2],"tags":[],"class_list":{"0":"post-4130","1":"post","2":"type-post","3":"status-publish","4":"format-standard","6":"category-artikuj"},"yoast_head":"<!-- This site is optimized with the Yoast SEO plugin v27.4 - https:\/\/yoast.com\/product\/yoast-seo-wordpress\/ -->\n<title>Spahiu: Duhet t\u00eb shkojm\u00eb n\u00eb zgjedhje pa Berish\u00ebn - FjALA e LIR\u00cb - Arkivi<\/title>\n<meta name=\"robots\" content=\"index, follow, max-snippet:-1, max-image-preview:large, max-video-preview:-1\" \/>\n<link rel=\"canonical\" href=\"https:\/\/fjala.info\/2009-2015\/spahiu-duhet-te-shkojme-ne-zgjedhje-pa-berishen\/\" \/>\n<meta property=\"og:locale\" content=\"sq_AL\" \/>\n<meta property=\"og:type\" content=\"article\" \/>\n<meta property=\"og:title\" content=\"Spahiu: Duhet t\u00eb shkojm\u00eb n\u00eb zgjedhje pa Berish\u00ebn - FjALA e LIR\u00cb - Arkivi\" \/>\n<meta property=\"og:description\" content=\"ResPublica.al, 31 korrik 2012 I pari i Aleanc\u00ebs Kuq e Zi, Kreshnik Spahiu ka iden\u00eb se \u201crr\u00ebzimi i Sali Berish\u00ebs duhet t\u00eb ndodh\u00eb p\u00ebrpara se t\u00eb shkojm\u00eb n\u00eb zgjedhje, por kjo k\u00ebrkon q\u00eb \u00e7do l\u00ebvizje opozitare t\u00eb sakrifikoj\u00eb, dhe t\u00eb mbaj\u00eb presionin e brendsh\u00ebm dhe t\u00eb jasht\u00ebm; kjo k\u00ebrkon q\u00eb \u00e7do faktor opozitar t\u00eb ket\u00eb [&hellip;]\" \/>\n<meta property=\"og:url\" content=\"https:\/\/fjala.info\/2009-2015\/spahiu-duhet-te-shkojme-ne-zgjedhje-pa-berishen\/\" \/>\n<meta property=\"og:site_name\" content=\"FjALA e LIR\u00cb - Arkivi\" \/>\n<meta property=\"article:published_time\" content=\"2012-08-01T07:51:23+00:00\" \/>\n<meta property=\"og:image\" content=\"http:\/\/www.fjala.info\/2012\/ak_meeting.jpg\" \/>\n<meta name=\"author\" content=\"admin\" \/>\n<meta name=\"twitter:card\" content=\"summary_large_image\" \/>\n<meta name=\"twitter:label1\" content=\"Written by\" \/>\n\t<meta name=\"twitter:data1\" content=\"admin\" \/>\n\t<meta name=\"twitter:label2\" content=\"Est. reading time\" \/>\n\t<meta name=\"twitter:data2\" content=\"1 minute\" \/>\n<script type=\"application\/ld+json\" class=\"yoast-schema-graph\">{\"@context\":\"https:\\\/\\\/schema.org\",\"@graph\":[{\"@type\":\"Article\",\"@id\":\"https:\\\/\\\/fjala.info\\\/2009-2015\\\/spahiu-duhet-te-shkojme-ne-zgjedhje-pa-berishen\\\/#article\",\"isPartOf\":{\"@id\":\"https:\\\/\\\/fjala.info\\\/2009-2015\\\/spahiu-duhet-te-shkojme-ne-zgjedhje-pa-berishen\\\/\"},\"author\":{\"name\":\"admin\",\"@id\":\"https:\\\/\\\/fjala.info\\\/2009-2015\\\/#\\\/schema\\\/person\\\/3aa1163ef05469c496fc94e77611ada2\"},\"headline\":\"Spahiu: Duhet t\u00eb shkojm\u00eb n\u00eb zgjedhje pa Berish\u00ebn\",\"datePublished\":\"2012-08-01T07:51:23+00:00\",\"mainEntityOfPage\":{\"@id\":\"https:\\\/\\\/fjala.info\\\/2009-2015\\\/spahiu-duhet-te-shkojme-ne-zgjedhje-pa-berishen\\\/\"},\"wordCount\":240,\"commentCount\":0,\"publisher\":{\"@id\":\"https:\\\/\\\/fjala.info\\\/2009-2015\\\/#organization\"},\"image\":{\"@id\":\"https:\\\/\\\/fjala.info\\\/2009-2015\\\/spahiu-duhet-te-shkojme-ne-zgjedhje-pa-berishen\\\/#primaryimage\"},\"thumbnailUrl\":\"http:\\\/\\\/www.fjala.info\\\/2012\\\/ak_meeting.jpg\",\"articleSection\":[\"Artikuj\"],\"inLanguage\":\"sq-AL\",\"potentialAction\":[{\"@type\":\"CommentAction\",\"name\":\"Comment\",\"target\":[\"https:\\\/\\\/fjala.info\\\/2009-2015\\\/spahiu-duhet-te-shkojme-ne-zgjedhje-pa-berishen\\\/#respond\"]}]},{\"@type\":\"WebPage\",\"@id\":\"https:\\\/\\\/fjala.info\\\/2009-2015\\\/spahiu-duhet-te-shkojme-ne-zgjedhje-pa-berishen\\\/\",\"url\":\"https:\\\/\\\/fjala.info\\\/2009-2015\\\/spahiu-duhet-te-shkojme-ne-zgjedhje-pa-berishen\\\/\",\"name\":\"Spahiu: Duhet t\u00eb shkojm\u00eb n\u00eb zgjedhje pa Berish\u00ebn - FjALA e LIR\u00cb - Arkivi\",\"isPartOf\":{\"@id\":\"https:\\\/\\\/fjala.info\\\/2009-2015\\\/#website\"},\"primaryImageOfPage\":{\"@id\":\"https:\\\/\\\/fjala.info\\\/2009-2015\\\/spahiu-duhet-te-shkojme-ne-zgjedhje-pa-berishen\\\/#primaryimage\"},\"image\":{\"@id\":\"https:\\\/\\\/fjala.info\\\/2009-2015\\\/spahiu-duhet-te-shkojme-ne-zgjedhje-pa-berishen\\\/#primaryimage\"},\"thumbnailUrl\":\"http:\\\/\\\/www.fjala.info\\\/2012\\\/ak_meeting.jpg\",\"datePublished\":\"2012-08-01T07:51:23+00:00\",\"breadcrumb\":{\"@id\":\"https:\\\/\\\/fjala.info\\\/2009-2015\\\/spahiu-duhet-te-shkojme-ne-zgjedhje-pa-berishen\\\/#breadcrumb\"},\"inLanguage\":\"sq-AL\",\"potentialAction\":[{\"@type\":\"ReadAction\",\"target\":[\"https:\\\/\\\/fjala.info\\\/2009-2015\\\/spahiu-duhet-te-shkojme-ne-zgjedhje-pa-berishen\\\/\"]}]},{\"@type\":\"ImageObject\",\"inLanguage\":\"sq-AL\",\"@id\":\"https:\\\/\\\/fjala.info\\\/2009-2015\\\/spahiu-duhet-te-shkojme-ne-zgjedhje-pa-berishen\\\/#primaryimage\",\"url\":\"http:\\\/\\\/www.fjala.info\\\/2012\\\/ak_meeting.jpg\",\"contentUrl\":\"http:\\\/\\\/www.fjala.info\\\/2012\\\/ak_meeting.jpg\"},{\"@type\":\"BreadcrumbList\",\"@id\":\"https:\\\/\\\/fjala.info\\\/2009-2015\\\/spahiu-duhet-te-shkojme-ne-zgjedhje-pa-berishen\\\/#breadcrumb\",\"itemListElement\":[{\"@type\":\"ListItem\",\"position\":1,\"name\":\"Home\",\"item\":\"https:\\\/\\\/fjala.info\\\/2009-2015\\\/\"},{\"@type\":\"ListItem\",\"position\":2,\"name\":\"Spahiu: Duhet t\u00eb shkojm\u00eb n\u00eb zgjedhje pa Berish\u00ebn\"}]},{\"@type\":\"WebSite\",\"@id\":\"https:\\\/\\\/fjala.info\\\/2009-2015\\\/#website\",\"url\":\"https:\\\/\\\/fjala.info\\\/2009-2015\\\/\",\"name\":\"FjALA e LIR\u00cb - Arkivi\",\"description\":\"Arkivi 2009-2015\",\"publisher\":{\"@id\":\"https:\\\/\\\/fjala.info\\\/2009-2015\\\/#organization\"},\"potentialAction\":[{\"@type\":\"SearchAction\",\"target\":{\"@type\":\"EntryPoint\",\"urlTemplate\":\"https:\\\/\\\/fjala.info\\\/2009-2015\\\/?s={search_term_string}\"},\"query-input\":{\"@type\":\"PropertyValueSpecification\",\"valueRequired\":true,\"valueName\":\"search_term_string\"}}],\"inLanguage\":\"sq-AL\"},{\"@type\":\"Organization\",\"@id\":\"https:\\\/\\\/fjala.info\\\/2009-2015\\\/#organization\",\"name\":\"FjALA e LIR\u00cb - Arkivi\",\"url\":\"https:\\\/\\\/fjala.info\\\/2009-2015\\\/\",\"logo\":{\"@type\":\"ImageObject\",\"inLanguage\":\"sq-AL\",\"@id\":\"https:\\\/\\\/fjala.info\\\/2009-2015\\\/#\\\/schema\\\/logo\\\/image\\\/\",\"url\":\"\",\"contentUrl\":\"\",\"caption\":\"FjALA e LIR\u00cb - Arkivi\"},\"image\":{\"@id\":\"https:\\\/\\\/fjala.info\\\/2009-2015\\\/#\\\/schema\\\/logo\\\/image\\\/\"}},{\"@type\":\"Person\",\"@id\":\"https:\\\/\\\/fjala.info\\\/2009-2015\\\/#\\\/schema\\\/person\\\/3aa1163ef05469c496fc94e77611ada2\",\"name\":\"admin\",\"image\":{\"@type\":\"ImageObject\",\"inLanguage\":\"sq-AL\",\"@id\":\"https:\\\/\\\/fjala.info\\\/2009-2015\\\/wp-content\\\/uploads\\\/2012\\\/02\\\/arben_cokaj-120x150.jpg\",\"url\":\"https:\\\/\\\/fjala.info\\\/2009-2015\\\/wp-content\\\/uploads\\\/2012\\\/02\\\/arben_cokaj-120x150.jpg\",\"contentUrl\":\"https:\\\/\\\/fjala.info\\\/2009-2015\\\/wp-content\\\/uploads\\\/2012\\\/02\\\/arben_cokaj-120x150.jpg\",\"caption\":\"admin\"},\"description\":\"Admin, Fjala e Lir\u00eb\",\"sameAs\":[\"https:\\\/\\\/fjala.info\\\/\"],\"url\":\"https:\\\/\\\/fjala.info\\\/2009-2015\\\/author\\\/admin\\\/\"}]}<\/script>\n<!-- \/ Yoast SEO plugin. -->","yoast_head_json":{"title":"Spahiu: Duhet t\u00eb shkojm\u00eb n\u00eb zgjedhje pa Berish\u00ebn - FjALA e LIR\u00cb - Arkivi","robots":{"index":"index","follow":"follow","max-snippet":"max-snippet:-1","max-image-preview":"max-image-preview:large","max-video-preview":"max-video-preview:-1"},"canonical":"https:\/\/fjala.info\/2009-2015\/spahiu-duhet-te-shkojme-ne-zgjedhje-pa-berishen\/","og_locale":"sq_AL","og_type":"article","og_title":"Spahiu: Duhet t\u00eb shkojm\u00eb n\u00eb zgjedhje pa Berish\u00ebn - FjALA e LIR\u00cb - Arkivi","og_description":"ResPublica.al, 31 korrik 2012 I pari i Aleanc\u00ebs Kuq e Zi, Kreshnik Spahiu ka iden\u00eb se \u201crr\u00ebzimi i Sali Berish\u00ebs duhet t\u00eb ndodh\u00eb p\u00ebrpara se t\u00eb shkojm\u00eb n\u00eb zgjedhje, por kjo k\u00ebrkon q\u00eb \u00e7do l\u00ebvizje opozitare t\u00eb sakrifikoj\u00eb, dhe t\u00eb mbaj\u00eb presionin e brendsh\u00ebm dhe t\u00eb jasht\u00ebm; kjo k\u00ebrkon q\u00eb \u00e7do faktor opozitar t\u00eb ket\u00eb [&hellip;]","og_url":"https:\/\/fjala.info\/2009-2015\/spahiu-duhet-te-shkojme-ne-zgjedhje-pa-berishen\/","og_site_name":"FjALA e LIR\u00cb - Arkivi","article_published_time":"2012-08-01T07:51:23+00:00","og_image":[{"url":"http:\/\/www.fjala.info\/2012\/ak_meeting.jpg","type":"","width":"","height":""}],"author":"admin","twitter_card":"summary_large_image","twitter_misc":{"Written by":"admin","Est. reading time":"1 minute"},"schema":{"@context":"https:\/\/schema.org","@graph":[{"@type":"Article","@id":"https:\/\/fjala.info\/2009-2015\/spahiu-duhet-te-shkojme-ne-zgjedhje-pa-berishen\/#article","isPartOf":{"@id":"https:\/\/fjala.info\/2009-2015\/spahiu-duhet-te-shkojme-ne-zgjedhje-pa-berishen\/"},"author":{"name":"admin","@id":"https:\/\/fjala.info\/2009-2015\/#\/schema\/person\/3aa1163ef05469c496fc94e77611ada2"},"headline":"Spahiu: Duhet t\u00eb shkojm\u00eb n\u00eb zgjedhje pa Berish\u00ebn","datePublished":"2012-08-01T07:51:23+00:00","mainEntityOfPage":{"@id":"https:\/\/fjala.info\/2009-2015\/spahiu-duhet-te-shkojme-ne-zgjedhje-pa-berishen\/"},"wordCount":240,"commentCount":0,"publisher":{"@id":"https:\/\/fjala.info\/2009-2015\/#organization"},"image":{"@id":"https:\/\/fjala.info\/2009-2015\/spahiu-duhet-te-shkojme-ne-zgjedhje-pa-berishen\/#primaryimage"},"thumbnailUrl":"http:\/\/www.fjala.info\/2012\/ak_meeting.jpg","articleSection":["Artikuj"],"inLanguage":"sq-AL","potentialAction":[{"@type":"CommentAction","name":"Comment","target":["https:\/\/fjala.info\/2009-2015\/spahiu-duhet-te-shkojme-ne-zgjedhje-pa-berishen\/#respond"]}]},{"@type":"WebPage","@id":"https:\/\/fjala.info\/2009-2015\/spahiu-duhet-te-shkojme-ne-zgjedhje-pa-berishen\/","url":"https:\/\/fjala.info\/2009-2015\/spahiu-duhet-te-shkojme-ne-zgjedhje-pa-berishen\/","name":"Spahiu: Duhet t\u00eb shkojm\u00eb n\u00eb zgjedhje pa Berish\u00ebn - FjALA e LIR\u00cb - Arkivi","isPartOf":{"@id":"https:\/\/fjala.info\/2009-2015\/#website"},"primaryImageOfPage":{"@id":"https:\/\/fjala.info\/2009-2015\/spahiu-duhet-te-shkojme-ne-zgjedhje-pa-berishen\/#primaryimage"},"image":{"@id":"https:\/\/fjala.info\/2009-2015\/spahiu-duhet-te-shkojme-ne-zgjedhje-pa-berishen\/#primaryimage"},"thumbnailUrl":"http:\/\/www.fjala.info\/2012\/ak_meeting.jpg","datePublished":"2012-08-01T07:51:23+00:00","breadcrumb":{"@id":"https:\/\/fjala.info\/2009-2015\/spahiu-duhet-te-shkojme-ne-zgjedhje-pa-berishen\/#breadcrumb"},"inLanguage":"sq-AL","potentialAction":[{"@type":"ReadAction","target":["https:\/\/fjala.info\/2009-2015\/spahiu-duhet-te-shkojme-ne-zgjedhje-pa-berishen\/"]}]},{"@type":"ImageObject","inLanguage":"sq-AL","@id":"https:\/\/fjala.info\/2009-2015\/spahiu-duhet-te-shkojme-ne-zgjedhje-pa-berishen\/#primaryimage","url":"http:\/\/www.fjala.info\/2012\/ak_meeting.jpg","contentUrl":"http:\/\/www.fjala.info\/2012\/ak_meeting.jpg"},{"@type":"BreadcrumbList","@id":"https:\/\/fjala.info\/2009-2015\/spahiu-duhet-te-shkojme-ne-zgjedhje-pa-berishen\/#breadcrumb","itemListElement":[{"@type":"ListItem","position":1,"name":"Home","item":"https:\/\/fjala.info\/2009-2015\/"},{"@type":"ListItem","position":2,"name":"Spahiu: Duhet t\u00eb shkojm\u00eb n\u00eb zgjedhje pa Berish\u00ebn"}]},{"@type":"WebSite","@id":"https:\/\/fjala.info\/2009-2015\/#website","url":"https:\/\/fjala.info\/2009-2015\/","name":"FjALA e LIR\u00cb - Arkivi","description":"Arkivi 2009-2015","publisher":{"@id":"https:\/\/fjala.info\/2009-2015\/#organization"},"potentialAction":[{"@type":"SearchAction","target":{"@type":"EntryPoint","urlTemplate":"https:\/\/fjala.info\/2009-2015\/?s={search_term_string}"},"query-input":{"@type":"PropertyValueSpecification","valueRequired":true,"valueName":"search_term_string"}}],"inLanguage":"sq-AL"},{"@type":"Organization","@id":"https:\/\/fjala.info\/2009-2015\/#organization","name":"FjALA e LIR\u00cb - Arkivi","url":"https:\/\/fjala.info\/2009-2015\/","logo":{"@type":"ImageObject","inLanguage":"sq-AL","@id":"https:\/\/fjala.info\/2009-2015\/#\/schema\/logo\/image\/","url":"","contentUrl":"","caption":"FjALA e LIR\u00cb - Arkivi"},"image":{"@id":"https:\/\/fjala.info\/2009-2015\/#\/schema\/logo\/image\/"}},{"@type":"Person","@id":"https:\/\/fjala.info\/2009-2015\/#\/schema\/person\/3aa1163ef05469c496fc94e77611ada2","name":"admin","image":{"@type":"ImageObject","inLanguage":"sq-AL","@id":"https:\/\/fjala.info\/2009-2015\/wp-content\/uploads\/2012\/02\/arben_cokaj-120x150.jpg","url":"https:\/\/fjala.info\/2009-2015\/wp-content\/uploads\/2012\/02\/arben_cokaj-120x150.jpg","contentUrl":"https:\/\/fjala.info\/2009-2015\/wp-content\/uploads\/2012\/02\/arben_cokaj-120x150.jpg","caption":"admin"},"description":"Admin, Fjala e Lir\u00eb","sameAs":["https:\/\/fjala.info\/"],"url":"https:\/\/fjala.info\/2009-2015\/author\/admin\/"}]}},"_links":{"self":[{"href":"https:\/\/fjala.info\/2009-2015\/wp-json\/wp\/v2\/posts\/4130","targetHints":{"allow":["GET"]}}],"collection":[{"href":"https:\/\/fjala.info\/2009-2015\/wp-json\/wp\/v2\/posts"}],"about":[{"href":"https:\/\/fjala.info\/2009-2015\/wp-json\/wp\/v2\/types\/post"}],"author":[{"embeddable":true,"href":"https:\/\/fjala.info\/2009-2015\/wp-json\/wp\/v2\/users\/1"}],"replies":[{"embeddable":true,"href":"https:\/\/fjala.info\/2009-2015\/wp-json\/wp\/v2\/comments?post=4130"}],"version-history":[{"count":0,"href":"https:\/\/fjala.info\/2009-2015\/wp-json\/wp\/v2\/posts\/4130\/revisions"}],"wp:attachment":[{"href":"https:\/\/fjala.info\/2009-2015\/wp-json\/wp\/v2\/media?parent=4130"}],"wp:term":[{"taxonomy":"category","embeddable":true,"href":"https:\/\/fjala.info\/2009-2015\/wp-json\/wp\/v2\/categories?post=4130"},{"taxonomy":"post_tag","embeddable":true,"href":"https:\/\/fjala.info\/2009-2015\/wp-json\/wp\/v2\/tags?post=4130"}],"curies":[{"name":"wp","href":"https:\/\/api.w.org\/{rel}","templated":true}]}}