{"id":4129,"date":"2010-10-02T21:39:11","date_gmt":"2010-10-02T20:39:11","guid":{"rendered":"http:\/\/fjala.shkoder.net\/?p=4129"},"modified":"2010-10-02T21:39:11","modified_gmt":"2010-10-02T20:39:11","slug":"po-plackitin-shqiperine-diten-me-diell","status":"publish","type":"post","link":"https:\/\/fjala.info\/2009-2015\/po-plackitin-shqiperine-diten-me-diell\/","title":{"rendered":"Po pla\u00e7kitin Shqip\u00ebrin\u00eb dit\u00ebn me diell"},"content":{"rendered":"<p><img decoding=\"async\" class=\"alignleft size-full wp-image-4130\" title=\"Mustafa Nano\" src=\"http:\/\/fjala.shkoder.net\/wp-content\/uploads\/2010\/10\/mustafa_nano.jpg\" alt=\"\" width=\"120\" \/><\/p>\n<p><strong>Mustafa Nano<\/strong>, <em>02.10.2010<\/em><\/p>\n<p>Ja disa afermacione t\u00eb thjeshta aksiomatike n\u00eb l\u00ebm\u00eb t\u00eb politik\u00ebs e qeverisjes: Nj\u00eb qeveri ngrihet nga partia apo koalicioni fitues n\u00eb zgjedhjet parlamentare. Qysh nga momenti q\u00eb koalicioni fitues merr form\u00ebn e nj\u00eb qeverie mbi baz\u00ebn e nj\u00eb programi, i cili negociohet e miratohet m\u00eb p\u00ebrpara nga faktor\u00ebt politik\u00eb t\u00eb maxhoranc\u00ebs, vet\u00eb qeveria kalon n\u00ebn hyqmin e kryeministrit. \u00cbsht\u00eb ky i fundit q\u00eb e drejton qeverin\u00eb, dhe q\u00eb mban p\u00ebrgjegj\u00ebsi p\u00ebr \u00e7do gj\u00eb q\u00eb s&#8217;shkon brenda saj.<\/p>\n<p>K\u00ebt\u00eb ta thot\u00eb logjika, e thon\u00eb teorit\u00eb politike, e thot\u00eb n\u00eb m\u00ebnyr\u00ebn e vet dhe kushtetuta e Republik\u00ebs s\u00eb Shqip\u00ebris\u00eb (sidomos neni 102). Nj\u00eb parti e koalicionit qeveris\u00ebs, apo p\u00ebrgjith\u00ebsisht nj\u00eb faktor politik q\u00eb p\u00ebrfaq\u00ebsohet n\u00eb qeverisje, nuk mund t\u00eb hedh\u00eb vickla e nuk mund t\u00eb mbaj\u00eb n\u00ebn presion as qeverin\u00eb, as qeverisjen, dhe as kryeministrin. Partit\u00eb e koalicionit kan\u00eb nj\u00eb z\u00eb, p\u00ebrsa koh\u00eb nuk \u00ebsht\u00eb r\u00ebn\u00eb dakord mbi formul\u00ebn e p\u00ebrfaq\u00ebsimit n\u00eb qeveri, mbi emrat q\u00eb do t\u00eb jen\u00eb pjes\u00eb e kabinetit, dhe mbi programin qeveris\u00ebs.<\/p>\n<p>Me t&#8217;u r\u00ebn\u00eb dakord mbi k\u00ebto gj\u00ebra, partit\u00eb e faktor\u00ebt brenda maxhoranc\u00ebs b\u00ebhen pjes\u00eb e orkestr\u00ebs s\u00eb qeverisjes s\u00eb dirigjuar nga kryeministri mbi baz\u00ebn e marr\u00ebveshjes s\u00eb b\u00ebr\u00eb mes pal\u00ebve dhe mbi baz\u00ebn e ligjeve t\u00eb shtetit. Mund t\u00eb b\u00ebhen t\u00eb gjall\u00eb e mund t\u00eb ngrejn\u00eb z\u00ebrin, ve\u00e7 n\u00ebse dirigjenti u nd\u00ebrron papritur e papandehur partiturat (programin), apo n\u00ebse dirigjenti vendos t&#8217;u nd\u00ebrroj\u00eb veglat, pozicionin e rolin instrumentist\u00ebve (ministrave), pa u k\u00ebrkuar nj\u00eb mendim k\u00ebtyre t\u00eb fundit. N\u00eb rrethana t\u00eb tilla, partit\u00eb e koalicionit mund edhe t\u00eb largohen nga qeveria e nga qeverisja.<\/p>\n<p>Kjo po ndodh n\u00eb Shqip\u00ebri? Jo, po ndodh e kund\u00ebrta. Jan\u00eb instrumentist\u00ebt (po i mbetem parabol\u00ebs s\u00eb orkestr\u00ebs), q\u00eb b\u00ebjn\u00eb \u00e7&#8217;u ka \u00ebnda, dhe dirigjenti as q\u00eb e v\u00eb ujin n\u00eb zjarr. Do t\u00eb ishte interesante t\u00eb lexonit me kujdes nj\u00eb fragment t\u00eb intervist\u00ebs q\u00eb Ilir Meta ka dh\u00ebn\u00eb para dy dit\u00ebsh (fragmentin, q\u00eb u \u00ebsht\u00eb d\u00ebrguar t\u00eb gjitha gazetave, t\u00eb cilat e kan\u00eb publikuar en bloc, si t\u00eb ishte fjala p\u00ebr ca komandamente t\u00eb up-date-uara biblike; sidoqoft\u00eb, kjo \u00ebsht\u00eb puna dhe avazi i gazetave). N\u00eb k\u00ebt\u00eb intervist\u00eb, ka nj\u00eb moment, ku Met\u00ebs i duhet t\u00eb shpjegoj\u00eb zanafillin e sherrit me Priftin. Po ua sjell g\u00ebrm\u00eb p\u00ebr g\u00ebrm\u00eb at\u00eb fragment t\u00eb fragmentit q\u00eb ilustron m\u00eb mir\u00eb parabol\u00ebn e \u00e7akorduar t\u00eb orkestr\u00ebs. Tok me pyetjet e gazetarit:<\/p>\n<p><strong>Gazetari<\/strong>: \u00c7far\u00eb s&#8217;funksionoi mes jush dhe Priftit?<br \/>\n<strong>Meta<\/strong>: Nuk ezgiston asnj\u00eb debat mes meje e Priftit&#8230;.<br \/>\n<strong>Gazetari<\/strong>: Por ju e keni larguar zotin Prifti.<br \/>\n<strong>Meta<\/strong>: Jo, nuk b\u00ebhet fjal\u00eb p\u00ebr largim. \u00cbsht\u00eb rikompozim i qeverisjes. Kisha presion nga struktura t\u00eb LSI-s\u00eb q\u00eb ta lija Ministrin\u00eb e Jashtme.<br \/>\n<strong>Gazetari<\/strong>: P\u00ebrderisa ishte ky presion, pse s&#8217;u larguat fare nga qeveria?<br \/>\n<strong>Meta<\/strong>: Vendimi u mor n\u00eb funksion t\u00eb nj\u00eb pune m\u00eb t\u00eb mir\u00eb me LSI-n\u00eb.<br \/>\n<strong>Gazetari<\/strong>: Pse nuk u b\u00eb rikompozimi me mir\u00ebkuptimin e Priftit?<br \/>\n<strong>Meta<\/strong>: I kam b\u00ebr\u00eb t\u00eb gjitha p\u00ebrpjekjet p\u00ebr mir\u00ebkuptim<br \/>\n<strong>Gazetari<\/strong>: Si ka punuar Prifti si minist\u00ebr?<br \/>\n<strong>Meta<\/strong>: S&#8217;kam v\u00ebrejtje.<br \/>\n<strong>Gazetari<\/strong>: \u00c7far\u00eb bisede b\u00ebt\u00eb me Priftin?<br \/>\n<strong>Meta<\/strong>: I kam th\u00ebn\u00eb t\u00eb b\u00ebnim nj\u00eb rokad\u00eb, por ai kish probleme me avionin. Etj. Etj.<\/p>\n<p>E shihni? K\u00ebta jan\u00eb dy ministra, t\u00eb cil\u00ebt tregojn\u00eb se s&#8217;e kan\u00eb p\u00ebr gj\u00eb t&#8217;i nd\u00ebrrojn\u00eb portofolet e poltronat sa her\u00eb t\u00eb duan. Nuk p\u00ebrmendin fare kryeministrin, i cili \u00ebsht\u00eb boss-i i tyre, dhe me t\u00eb cilin e kan\u00eb p\u00ebr detyr\u00eb t\u00eb konsultohen, ngaq\u00eb \u00ebsht\u00eb bash ai q\u00eb do t&#8217;i v\u00ebr\u00eb vul\u00ebn k\u00ebtyre l\u00ebvizjeve. Jo, jo, as q\u00eb b\u00ebhet fjal\u00eb. Mjafton q\u00eb k\u00ebta t\u00eb dy t\u00eb merren vesh me sho-shoqjn, e k\u00ebshtu, puna quhet e mbaruar dhe hesapi i q\u00ebruar.<\/p>\n<p>T&#8217;i ket\u00eb mbetur qejfi vall\u00eb kryeministrit? \u00c7&#8217;\u00ebsht\u00eb ajo fjal\u00eb! Mund t\u00eb duket bajagi e \u00e7uditshme se si nj\u00eb kryeminist\u00ebr mund t\u00eb mos e vras\u00eb mendjen fare, q\u00eb dy ministra t\u00eb tij jan\u00eb duke negocjuar nj\u00eb rokad\u00eb postesh mes tyre, por kjo \u00ebsht\u00eb e v\u00ebrtet\u00eb. Edhe sikur t\u00eb supozonim se kryeministri nuk ka ditur gj\u00eb mbi k\u00ebto negociata xhambaz\u00ebsh (supozim kot m\u00eb kot, ngaq\u00eb e din\u00eb t\u00eb gjith\u00eb q\u00eb Prifti e ka informuar n\u00eb vijim\u00ebsi), ne dim\u00eb q\u00eb ai \u00ebsht\u00eb informuar m\u00eb pas. Meta e Prifti jan\u00eb zbrazur gjith\u00eb k\u00ebto dit\u00eb.<\/p>\n<p>E si ka reaguar kryeministri? N\u00eb m\u00ebnyr\u00ebn q\u00eb pritej. Tha, se &#8220;nuk p\u00ebrzihem n\u00eb pun\u00ebt e LSI-s\u00eb (qyshkur pun\u00ebt e qeveris\u00eb q\u00ebnkan pun\u00ebt e LSI-s\u00eb?)&#8221;, dhe tha pak m\u00eb pas, se &#8220;maxhoranca \u00ebsht\u00eb solide&#8221;. E kuptoni? Ministri i jasht\u00ebm i republik\u00ebs son\u00eb e nxjerr postin n\u00eb ankand, madje m\u00eb keq se sa kaq, ia ofron at\u00eb nj\u00eb &#8220;medemek harvardisti&#8221;, dhe kryeministri thot\u00eb, se &#8220;kjo \u00ebsht\u00eb pun\u00eb e LSI-s\u00eb&#8221;. Shyqyr q\u00eb ky &#8220;medemek harvardisti&#8221; kish frik\u00eb nga avion\u00ebt!<\/p>\n<p>Shpjegimi i reagimit t\u00eb qet\u00eb e gazmor t\u00eb kryeministrit n\u00eb k\u00ebto rrethana merret leht\u00eb me mend. Askujt n\u00eb qeveri nuk i intereson se \u00e7far\u00eb b\u00ebn tjetri. Secili ka hesapet dhe interesat e veta, t\u00eb cilat mund t&#8217;i kuroj\u00eb i pashqet\u00ebsuar nga t\u00eb tjer\u00ebt. Me ndonj\u00eb kusht, am\u00e1. Kushti q\u00eb ministrat kan\u00eb p\u00ebr nj\u00ebri-tjetrin \u00ebsht\u00eb: kur u ndan\u00eb, k\u00ebto na ran\u00eb, prandaj askush t\u00eb mos i hyj\u00eb n\u00eb hise tjetrit. Ilir Meta, i cili kuptoi se nuk i kish b\u00ebr\u00eb hesapet mir\u00eb, dhe i cili, n\u00eb ndryshim nga Prifti q\u00eb mendon ve\u00e7 p\u00ebr sot, mendon dhe p\u00ebr nes\u00ebr, donte ta prishte k\u00ebt\u00eb kusht. Dhe k\u00ebtu plasi sherri, t\u00eb cilin Berisha ka dashur ta mbaj\u00eb si nj\u00eb bomb\u00eb implosive (q\u00eb plas brenda vetes). Por q\u00eblloi t\u00eb ishte nj\u00eb bomb\u00eb eksplozive.<\/p>\n<p>Berisha nuk i ka dashur k\u00ebto sherre. Madje, ka q\u00ebn\u00eb i sigurt\u00eb q\u00eb vet\u00ebm sherre nuk do t\u00eb ket\u00eb. E pse duhet t\u00eb ket\u00eb? T\u00eb gjith\u00eb b\u00ebjn\u00eb pla\u00e7k\u00eb p\u00ebr hesap t\u00eb vet, dhe secili mbrohet nga Berisha; secili \u00ebsht\u00eb mendjefjetur se ka Berish\u00ebn si nj\u00eb k\u00ebmish\u00eb imunitare, apo impunitare. Po pse k\u00ebshtu? Kaq Budalla \u00ebsht\u00eb Berisha? Jo, Berisha \u00ebsht\u00eb m\u00eb i men\u00e7uri nga t\u00eb gjith\u00eb, ngaq\u00eb e di, se p\u00ebr t&#8217;i mbrojtur mir\u00eb e mir\u00eb, do t&#8217;i duhet t&#8217;u k\u00ebrkoj\u00eb vot\u00ebn p\u00ebr t\u00eb uzurpuar t\u00eb gjitha institucionet e do t&#8217;i duhet t&#8217;u k\u00ebrkoj\u00eb mb\u00ebshtetje n\u00eb t\u00eb gjitha prap\u00ebsit\u00eb e veta parlamentare e jasht\u00ebparlamentare p\u00ebr hesape q\u00eb shkojn\u00eb p\u00ebrtej th\u00ebrrimeve korruptive, me t\u00eb cilat k\u00ebnaqen ministrat.<\/p>\n<p>Kur vjen puna p\u00ebr t\u00eb b\u00ebr\u00eb pla\u00e7k\u00eb, Berisha ua kalon t\u00eb gjith\u00ebve. Ai \u00ebsht\u00eb l\u00ebshuar si kurr\u00eb (e si askush) ndonj\u00ebher\u00eb; \u00ebsht\u00eb l\u00ebshuar me ku\u00e7 e me ma\u00e7. T\u00eb gjith\u00eb e din\u00eb k\u00ebt\u00eb gj\u00eb, por me implikimin korruptiv q\u00eb u ka b\u00ebr\u00eb, dhe me mbrojtjen q\u00eb u ofron, Berisha \u00ebsht\u00eb siguruar q\u00eb s&#8217;mund ta hapin goj\u00ebn p\u00ebr t\u00eb e p\u00ebr t\u00eb vet\u00ebt.<\/p>\n<p>Ky \u00ebsht\u00eb sistemi q\u00eb \u00ebsht\u00eb ngritur k\u00ebto nj\u00ebzet vite. Kjo \u00ebsht\u00eb finalja e tranzicionit shqiptar, pas t\u00eb cilit un\u00eb personalisht nuk jam n\u00eb gjendje t\u00eb di se \u00e7far\u00eb vjen. Ndoshta nuk vjen asgj\u00eb. Kjo do t\u00eb thot\u00eb q\u00eb do t\u00eb vijoj\u00eb ky tranzicion. Tranzicioni i pla\u00e7kitjes s\u00eb Shqip\u00ebris\u00eb.<\/p>\n<p>P.S. Sa m\u00eb sip\u00ebr, n\u00eb m\u00ebnyr\u00eb t\u00eb p\u00ebrmbledhur, thash\u00eb, se pushteti i sot\u00ebm \u00ebsht\u00eb korruptuar deri n\u00eb indet e veta. Doni ta mbyll me nj\u00eb afermacion tjet\u00ebr aksiomatik? Nj\u00eb pushtet t\u00ebr\u00ebsisht i korruptuar komandon vendin krejt i pashqet\u00ebsuar ve\u00e7 n\u00eb nj\u00eb rrethan\u00eb: kur opozita \u00ebsht\u00eb po kaq e korruptuar. Si\u00e7!<\/p>\n","protected":false},"excerpt":{"rendered":"<p>Mustafa Nano, 02.10.2010 Ja disa afermacione t\u00eb thjeshta aksiomatike n\u00eb l\u00ebm\u00eb t\u00eb politik\u00ebs e qeverisjes: Nj\u00eb qeveri ngrihet nga partia apo koalicioni fitues n\u00eb zgjedhjet parlamentare. Qysh nga momenti q\u00eb koalicioni fitues merr form\u00ebn e nj\u00eb qeverie mbi baz\u00ebn e nj\u00eb programi, i cili negociohet e miratohet m\u00eb p\u00ebrpara nga faktor\u00ebt politik\u00eb t\u00eb maxhoranc\u00ebs, vet\u00eb [&hellip;]<\/p>\n","protected":false},"author":1,"featured_media":0,"comment_status":"open","ping_status":"closed","sticky":false,"template":"","format":"standard","meta":{"footnotes":""},"categories":[2],"tags":[],"class_list":{"0":"post-4129","1":"post","2":"type-post","3":"status-publish","4":"format-standard","6":"category-artikuj"},"yoast_head":"<!-- This site is optimized with the Yoast SEO plugin v27.4 - https:\/\/yoast.com\/product\/yoast-seo-wordpress\/ -->\n<title>Po pla\u00e7kitin Shqip\u00ebrin\u00eb dit\u00ebn me diell - FjALA e LIR\u00cb - Arkivi<\/title>\n<meta name=\"robots\" content=\"index, follow, max-snippet:-1, max-image-preview:large, max-video-preview:-1\" \/>\n<link rel=\"canonical\" href=\"https:\/\/fjala.info\/2009-2015\/po-plackitin-shqiperine-diten-me-diell\/\" \/>\n<meta property=\"og:locale\" content=\"sq_AL\" \/>\n<meta property=\"og:type\" content=\"article\" \/>\n<meta property=\"og:title\" content=\"Po pla\u00e7kitin Shqip\u00ebrin\u00eb dit\u00ebn me diell - FjALA e LIR\u00cb - Arkivi\" \/>\n<meta property=\"og:description\" content=\"Mustafa Nano, 02.10.2010 Ja disa afermacione t\u00eb thjeshta aksiomatike n\u00eb l\u00ebm\u00eb t\u00eb politik\u00ebs e qeverisjes: Nj\u00eb qeveri ngrihet nga partia apo koalicioni fitues n\u00eb zgjedhjet parlamentare. Qysh nga momenti q\u00eb koalicioni fitues merr form\u00ebn e nj\u00eb qeverie mbi baz\u00ebn e nj\u00eb programi, i cili negociohet e miratohet m\u00eb p\u00ebrpara nga faktor\u00ebt politik\u00eb t\u00eb maxhoranc\u00ebs, vet\u00eb [&hellip;]\" \/>\n<meta property=\"og:url\" content=\"https:\/\/fjala.info\/2009-2015\/po-plackitin-shqiperine-diten-me-diell\/\" \/>\n<meta property=\"og:site_name\" content=\"FjALA e LIR\u00cb - Arkivi\" \/>\n<meta property=\"article:published_time\" content=\"2010-10-02T20:39:11+00:00\" \/>\n<meta property=\"og:image\" content=\"http:\/\/fjala.shkoder.net\/wp-content\/uploads\/2010\/10\/mustafa_nano.jpg\" \/>\n<meta name=\"author\" content=\"admin\" \/>\n<meta name=\"twitter:card\" content=\"summary_large_image\" \/>\n<meta name=\"twitter:label1\" content=\"Written by\" \/>\n\t<meta name=\"twitter:data1\" content=\"admin\" \/>\n\t<meta name=\"twitter:label2\" content=\"Est. reading time\" \/>\n\t<meta name=\"twitter:data2\" content=\"7 minutes\" \/>\n<script type=\"application\/ld+json\" class=\"yoast-schema-graph\">{\"@context\":\"https:\\\/\\\/schema.org\",\"@graph\":[{\"@type\":\"Article\",\"@id\":\"https:\\\/\\\/fjala.info\\\/2009-2015\\\/po-plackitin-shqiperine-diten-me-diell\\\/#article\",\"isPartOf\":{\"@id\":\"https:\\\/\\\/fjala.info\\\/2009-2015\\\/po-plackitin-shqiperine-diten-me-diell\\\/\"},\"author\":{\"name\":\"admin\",\"@id\":\"https:\\\/\\\/fjala.info\\\/2009-2015\\\/#\\\/schema\\\/person\\\/3aa1163ef05469c496fc94e77611ada2\"},\"headline\":\"Po pla\u00e7kitin Shqip\u00ebrin\u00eb dit\u00ebn me diell\",\"datePublished\":\"2010-10-02T20:39:11+00:00\",\"mainEntityOfPage\":{\"@id\":\"https:\\\/\\\/fjala.info\\\/2009-2015\\\/po-plackitin-shqiperine-diten-me-diell\\\/\"},\"wordCount\":1355,\"commentCount\":1,\"publisher\":{\"@id\":\"https:\\\/\\\/fjala.info\\\/2009-2015\\\/#organization\"},\"image\":{\"@id\":\"https:\\\/\\\/fjala.info\\\/2009-2015\\\/po-plackitin-shqiperine-diten-me-diell\\\/#primaryimage\"},\"thumbnailUrl\":\"http:\\\/\\\/fjala.shkoder.net\\\/wp-content\\\/uploads\\\/2010\\\/10\\\/mustafa_nano.jpg\",\"articleSection\":[\"Artikuj\"],\"inLanguage\":\"sq-AL\",\"potentialAction\":[{\"@type\":\"CommentAction\",\"name\":\"Comment\",\"target\":[\"https:\\\/\\\/fjala.info\\\/2009-2015\\\/po-plackitin-shqiperine-diten-me-diell\\\/#respond\"]}]},{\"@type\":\"WebPage\",\"@id\":\"https:\\\/\\\/fjala.info\\\/2009-2015\\\/po-plackitin-shqiperine-diten-me-diell\\\/\",\"url\":\"https:\\\/\\\/fjala.info\\\/2009-2015\\\/po-plackitin-shqiperine-diten-me-diell\\\/\",\"name\":\"Po pla\u00e7kitin Shqip\u00ebrin\u00eb dit\u00ebn me diell - FjALA e LIR\u00cb - Arkivi\",\"isPartOf\":{\"@id\":\"https:\\\/\\\/fjala.info\\\/2009-2015\\\/#website\"},\"primaryImageOfPage\":{\"@id\":\"https:\\\/\\\/fjala.info\\\/2009-2015\\\/po-plackitin-shqiperine-diten-me-diell\\\/#primaryimage\"},\"image\":{\"@id\":\"https:\\\/\\\/fjala.info\\\/2009-2015\\\/po-plackitin-shqiperine-diten-me-diell\\\/#primaryimage\"},\"thumbnailUrl\":\"http:\\\/\\\/fjala.shkoder.net\\\/wp-content\\\/uploads\\\/2010\\\/10\\\/mustafa_nano.jpg\",\"datePublished\":\"2010-10-02T20:39:11+00:00\",\"breadcrumb\":{\"@id\":\"https:\\\/\\\/fjala.info\\\/2009-2015\\\/po-plackitin-shqiperine-diten-me-diell\\\/#breadcrumb\"},\"inLanguage\":\"sq-AL\",\"potentialAction\":[{\"@type\":\"ReadAction\",\"target\":[\"https:\\\/\\\/fjala.info\\\/2009-2015\\\/po-plackitin-shqiperine-diten-me-diell\\\/\"]}]},{\"@type\":\"ImageObject\",\"inLanguage\":\"sq-AL\",\"@id\":\"https:\\\/\\\/fjala.info\\\/2009-2015\\\/po-plackitin-shqiperine-diten-me-diell\\\/#primaryimage\",\"url\":\"http:\\\/\\\/fjala.shkoder.net\\\/wp-content\\\/uploads\\\/2010\\\/10\\\/mustafa_nano.jpg\",\"contentUrl\":\"http:\\\/\\\/fjala.shkoder.net\\\/wp-content\\\/uploads\\\/2010\\\/10\\\/mustafa_nano.jpg\"},{\"@type\":\"BreadcrumbList\",\"@id\":\"https:\\\/\\\/fjala.info\\\/2009-2015\\\/po-plackitin-shqiperine-diten-me-diell\\\/#breadcrumb\",\"itemListElement\":[{\"@type\":\"ListItem\",\"position\":1,\"name\":\"Home\",\"item\":\"https:\\\/\\\/fjala.info\\\/2009-2015\\\/\"},{\"@type\":\"ListItem\",\"position\":2,\"name\":\"Po pla\u00e7kitin Shqip\u00ebrin\u00eb dit\u00ebn me diell\"}]},{\"@type\":\"WebSite\",\"@id\":\"https:\\\/\\\/fjala.info\\\/2009-2015\\\/#website\",\"url\":\"https:\\\/\\\/fjala.info\\\/2009-2015\\\/\",\"name\":\"FjALA e LIR\u00cb - Arkivi\",\"description\":\"Arkivi 2009-2015\",\"publisher\":{\"@id\":\"https:\\\/\\\/fjala.info\\\/2009-2015\\\/#organization\"},\"potentialAction\":[{\"@type\":\"SearchAction\",\"target\":{\"@type\":\"EntryPoint\",\"urlTemplate\":\"https:\\\/\\\/fjala.info\\\/2009-2015\\\/?s={search_term_string}\"},\"query-input\":{\"@type\":\"PropertyValueSpecification\",\"valueRequired\":true,\"valueName\":\"search_term_string\"}}],\"inLanguage\":\"sq-AL\"},{\"@type\":\"Organization\",\"@id\":\"https:\\\/\\\/fjala.info\\\/2009-2015\\\/#organization\",\"name\":\"FjALA e LIR\u00cb - Arkivi\",\"url\":\"https:\\\/\\\/fjala.info\\\/2009-2015\\\/\",\"logo\":{\"@type\":\"ImageObject\",\"inLanguage\":\"sq-AL\",\"@id\":\"https:\\\/\\\/fjala.info\\\/2009-2015\\\/#\\\/schema\\\/logo\\\/image\\\/\",\"url\":\"\",\"contentUrl\":\"\",\"caption\":\"FjALA e LIR\u00cb - Arkivi\"},\"image\":{\"@id\":\"https:\\\/\\\/fjala.info\\\/2009-2015\\\/#\\\/schema\\\/logo\\\/image\\\/\"}},{\"@type\":\"Person\",\"@id\":\"https:\\\/\\\/fjala.info\\\/2009-2015\\\/#\\\/schema\\\/person\\\/3aa1163ef05469c496fc94e77611ada2\",\"name\":\"admin\",\"image\":{\"@type\":\"ImageObject\",\"inLanguage\":\"sq-AL\",\"@id\":\"https:\\\/\\\/fjala.info\\\/2009-2015\\\/wp-content\\\/uploads\\\/2012\\\/02\\\/arben_cokaj-120x150.jpg\",\"url\":\"https:\\\/\\\/fjala.info\\\/2009-2015\\\/wp-content\\\/uploads\\\/2012\\\/02\\\/arben_cokaj-120x150.jpg\",\"contentUrl\":\"https:\\\/\\\/fjala.info\\\/2009-2015\\\/wp-content\\\/uploads\\\/2012\\\/02\\\/arben_cokaj-120x150.jpg\",\"caption\":\"admin\"},\"description\":\"Admin, Fjala e Lir\u00eb\",\"sameAs\":[\"https:\\\/\\\/fjala.info\\\/\"],\"url\":\"https:\\\/\\\/fjala.info\\\/2009-2015\\\/author\\\/admin\\\/\"}]}<\/script>\n<!-- \/ Yoast SEO plugin. -->","yoast_head_json":{"title":"Po pla\u00e7kitin Shqip\u00ebrin\u00eb dit\u00ebn me diell - FjALA e LIR\u00cb - Arkivi","robots":{"index":"index","follow":"follow","max-snippet":"max-snippet:-1","max-image-preview":"max-image-preview:large","max-video-preview":"max-video-preview:-1"},"canonical":"https:\/\/fjala.info\/2009-2015\/po-plackitin-shqiperine-diten-me-diell\/","og_locale":"sq_AL","og_type":"article","og_title":"Po pla\u00e7kitin Shqip\u00ebrin\u00eb dit\u00ebn me diell - FjALA e LIR\u00cb - Arkivi","og_description":"Mustafa Nano, 02.10.2010 Ja disa afermacione t\u00eb thjeshta aksiomatike n\u00eb l\u00ebm\u00eb t\u00eb politik\u00ebs e qeverisjes: Nj\u00eb qeveri ngrihet nga partia apo koalicioni fitues n\u00eb zgjedhjet parlamentare. Qysh nga momenti q\u00eb koalicioni fitues merr form\u00ebn e nj\u00eb qeverie mbi baz\u00ebn e nj\u00eb programi, i cili negociohet e miratohet m\u00eb p\u00ebrpara nga faktor\u00ebt politik\u00eb t\u00eb maxhoranc\u00ebs, vet\u00eb [&hellip;]","og_url":"https:\/\/fjala.info\/2009-2015\/po-plackitin-shqiperine-diten-me-diell\/","og_site_name":"FjALA e LIR\u00cb - Arkivi","article_published_time":"2010-10-02T20:39:11+00:00","og_image":[{"url":"http:\/\/fjala.shkoder.net\/wp-content\/uploads\/2010\/10\/mustafa_nano.jpg","type":"","width":"","height":""}],"author":"admin","twitter_card":"summary_large_image","twitter_misc":{"Written by":"admin","Est. reading time":"7 minutes"},"schema":{"@context":"https:\/\/schema.org","@graph":[{"@type":"Article","@id":"https:\/\/fjala.info\/2009-2015\/po-plackitin-shqiperine-diten-me-diell\/#article","isPartOf":{"@id":"https:\/\/fjala.info\/2009-2015\/po-plackitin-shqiperine-diten-me-diell\/"},"author":{"name":"admin","@id":"https:\/\/fjala.info\/2009-2015\/#\/schema\/person\/3aa1163ef05469c496fc94e77611ada2"},"headline":"Po pla\u00e7kitin Shqip\u00ebrin\u00eb dit\u00ebn me diell","datePublished":"2010-10-02T20:39:11+00:00","mainEntityOfPage":{"@id":"https:\/\/fjala.info\/2009-2015\/po-plackitin-shqiperine-diten-me-diell\/"},"wordCount":1355,"commentCount":1,"publisher":{"@id":"https:\/\/fjala.info\/2009-2015\/#organization"},"image":{"@id":"https:\/\/fjala.info\/2009-2015\/po-plackitin-shqiperine-diten-me-diell\/#primaryimage"},"thumbnailUrl":"http:\/\/fjala.shkoder.net\/wp-content\/uploads\/2010\/10\/mustafa_nano.jpg","articleSection":["Artikuj"],"inLanguage":"sq-AL","potentialAction":[{"@type":"CommentAction","name":"Comment","target":["https:\/\/fjala.info\/2009-2015\/po-plackitin-shqiperine-diten-me-diell\/#respond"]}]},{"@type":"WebPage","@id":"https:\/\/fjala.info\/2009-2015\/po-plackitin-shqiperine-diten-me-diell\/","url":"https:\/\/fjala.info\/2009-2015\/po-plackitin-shqiperine-diten-me-diell\/","name":"Po pla\u00e7kitin Shqip\u00ebrin\u00eb dit\u00ebn me diell - FjALA e LIR\u00cb - Arkivi","isPartOf":{"@id":"https:\/\/fjala.info\/2009-2015\/#website"},"primaryImageOfPage":{"@id":"https:\/\/fjala.info\/2009-2015\/po-plackitin-shqiperine-diten-me-diell\/#primaryimage"},"image":{"@id":"https:\/\/fjala.info\/2009-2015\/po-plackitin-shqiperine-diten-me-diell\/#primaryimage"},"thumbnailUrl":"http:\/\/fjala.shkoder.net\/wp-content\/uploads\/2010\/10\/mustafa_nano.jpg","datePublished":"2010-10-02T20:39:11+00:00","breadcrumb":{"@id":"https:\/\/fjala.info\/2009-2015\/po-plackitin-shqiperine-diten-me-diell\/#breadcrumb"},"inLanguage":"sq-AL","potentialAction":[{"@type":"ReadAction","target":["https:\/\/fjala.info\/2009-2015\/po-plackitin-shqiperine-diten-me-diell\/"]}]},{"@type":"ImageObject","inLanguage":"sq-AL","@id":"https:\/\/fjala.info\/2009-2015\/po-plackitin-shqiperine-diten-me-diell\/#primaryimage","url":"http:\/\/fjala.shkoder.net\/wp-content\/uploads\/2010\/10\/mustafa_nano.jpg","contentUrl":"http:\/\/fjala.shkoder.net\/wp-content\/uploads\/2010\/10\/mustafa_nano.jpg"},{"@type":"BreadcrumbList","@id":"https:\/\/fjala.info\/2009-2015\/po-plackitin-shqiperine-diten-me-diell\/#breadcrumb","itemListElement":[{"@type":"ListItem","position":1,"name":"Home","item":"https:\/\/fjala.info\/2009-2015\/"},{"@type":"ListItem","position":2,"name":"Po pla\u00e7kitin Shqip\u00ebrin\u00eb dit\u00ebn me diell"}]},{"@type":"WebSite","@id":"https:\/\/fjala.info\/2009-2015\/#website","url":"https:\/\/fjala.info\/2009-2015\/","name":"FjALA e LIR\u00cb - Arkivi","description":"Arkivi 2009-2015","publisher":{"@id":"https:\/\/fjala.info\/2009-2015\/#organization"},"potentialAction":[{"@type":"SearchAction","target":{"@type":"EntryPoint","urlTemplate":"https:\/\/fjala.info\/2009-2015\/?s={search_term_string}"},"query-input":{"@type":"PropertyValueSpecification","valueRequired":true,"valueName":"search_term_string"}}],"inLanguage":"sq-AL"},{"@type":"Organization","@id":"https:\/\/fjala.info\/2009-2015\/#organization","name":"FjALA e LIR\u00cb - Arkivi","url":"https:\/\/fjala.info\/2009-2015\/","logo":{"@type":"ImageObject","inLanguage":"sq-AL","@id":"https:\/\/fjala.info\/2009-2015\/#\/schema\/logo\/image\/","url":"","contentUrl":"","caption":"FjALA e LIR\u00cb - Arkivi"},"image":{"@id":"https:\/\/fjala.info\/2009-2015\/#\/schema\/logo\/image\/"}},{"@type":"Person","@id":"https:\/\/fjala.info\/2009-2015\/#\/schema\/person\/3aa1163ef05469c496fc94e77611ada2","name":"admin","image":{"@type":"ImageObject","inLanguage":"sq-AL","@id":"https:\/\/fjala.info\/2009-2015\/wp-content\/uploads\/2012\/02\/arben_cokaj-120x150.jpg","url":"https:\/\/fjala.info\/2009-2015\/wp-content\/uploads\/2012\/02\/arben_cokaj-120x150.jpg","contentUrl":"https:\/\/fjala.info\/2009-2015\/wp-content\/uploads\/2012\/02\/arben_cokaj-120x150.jpg","caption":"admin"},"description":"Admin, Fjala e Lir\u00eb","sameAs":["https:\/\/fjala.info\/"],"url":"https:\/\/fjala.info\/2009-2015\/author\/admin\/"}]}},"_links":{"self":[{"href":"https:\/\/fjala.info\/2009-2015\/wp-json\/wp\/v2\/posts\/4129","targetHints":{"allow":["GET"]}}],"collection":[{"href":"https:\/\/fjala.info\/2009-2015\/wp-json\/wp\/v2\/posts"}],"about":[{"href":"https:\/\/fjala.info\/2009-2015\/wp-json\/wp\/v2\/types\/post"}],"author":[{"embeddable":true,"href":"https:\/\/fjala.info\/2009-2015\/wp-json\/wp\/v2\/users\/1"}],"replies":[{"embeddable":true,"href":"https:\/\/fjala.info\/2009-2015\/wp-json\/wp\/v2\/comments?post=4129"}],"version-history":[{"count":0,"href":"https:\/\/fjala.info\/2009-2015\/wp-json\/wp\/v2\/posts\/4129\/revisions"}],"wp:attachment":[{"href":"https:\/\/fjala.info\/2009-2015\/wp-json\/wp\/v2\/media?parent=4129"}],"wp:term":[{"taxonomy":"category","embeddable":true,"href":"https:\/\/fjala.info\/2009-2015\/wp-json\/wp\/v2\/categories?post=4129"},{"taxonomy":"post_tag","embeddable":true,"href":"https:\/\/fjala.info\/2009-2015\/wp-json\/wp\/v2\/tags?post=4129"}],"curies":[{"name":"wp","href":"https:\/\/api.w.org\/{rel}","templated":true}]}}