{"id":4125,"date":"2012-08-01T08:30:24","date_gmt":"2012-08-01T07:30:24","guid":{"rendered":"http:\/\/www.fjala.info\/?p=4125"},"modified":"2012-08-01T08:30:24","modified_gmt":"2012-08-01T07:30:24","slug":"dash-ne-shqiperi-hamulli-fetare","status":"publish","type":"post","link":"https:\/\/fjala.info\/2009-2015\/dash-ne-shqiperi-hamulli-fetare\/","title":{"rendered":"DASH: N\u00eb Shqip\u00ebri, \u201chamulli\u201d fetare"},"content":{"rendered":"<p><img decoding=\"async\" class=\"alignright size-thumbnail wp-image-7236\" title=\"Fet\u00eb n\u00eb Shqip\u00ebri\" src=\"http:\/\/www.fjala.info\/2012\/fete_shqiperi.gif\" alt=\"\" width=\"300\" \/> <strong>Ervin Ko\u00e7i<\/strong><\/p>\n<p>Departamenti i Shtetit publikoi sot raportin e p\u00ebrvitsh\u00ebm p\u00ebr lirit\u00eb fetare n\u00eb mbar\u00eb bot\u00ebn. N\u00eb raportin e DASH-it p\u00ebr Shqip\u00ebrin\u00eb thuhej se, nuk ka t\u00eb dh\u00ebna t\u00eb besueshme p\u00ebr pjes\u00ebmarrjen fetare. N\u00eb raport theksohet se, t\u00eb dh\u00ebnat e fundit zyrtare i p\u00ebrkasin vitit 1939. \u201cCensusi i vitit 2011 u p\u00ebrmbyll n\u00eb n\u00ebntor. Aty p\u00ebrfshihej nj\u00eb pyetje n\u00eb lidhje me p\u00ebrkat\u00ebsin\u00eb fetare, por rezultatet e plota t\u00eb sondazhit nuk priten s\u00eb paku deri n\u00eb mes t\u00eb vitit 2012\u201d,- vijon raporti.<\/p>\n<p>\u201cSipas Kushtetut\u00ebs, nuk ka nj\u00eb fe zyrtare dhe t\u00eb gjitha fet\u00eb jan\u00eb t\u00eb barabarta, megjithat\u00eb, mysliman\u00ebt suni, bektashinjt\u00eb, ortodoks\u00ebt dhe katolik\u00ebt kan\u00eb nj\u00eb shkall\u00eb m\u00eb t\u00eb lart\u00eb njohje dhe status social bazuar n\u00eb prezenc\u00ebn e tyre historike n\u00eb vend\u201d,- thuhet n\u00eb raport.<\/p>\n<p>N\u00eb raport thuhet se, n\u00eb vend \u00ebsht\u00eb krijuar nj\u00eb zyr\u00eb p\u00ebr Komisionerin p\u00ebr Mbrojtjen nga Diskriminimi, por ky institucion nuk ka fonde dhe staf. Si thuajse gjithmon\u00eb, n\u00eb raport thuhet se, problem n\u00eb vend mbeten pronat e komuniteteve fetare. Edhe pse Agjencia e Kthimit dhe Kompensimit t\u00eb Pronave \u00ebsht\u00eb udh\u00ebzuar q\u00eb t\u2019i jap\u00eb p\u00ebrpar\u00ebsi kthimit t\u00eb pronave p\u00ebr komunitetet fetare, s\u00ebrish progresi ka qen\u00eb i avasht\u00eb.<\/p>\n<p>\u201cN\u00eb vend jan\u00eb n\u00eb total 102 institucione edukative fetare\u201d,- thekson m\u00eb tej raporti. Raporti thekson se, qeveria as nuk i p\u00ebrmir\u00ebsoi dhe as i p\u00ebrkeq\u00ebsoi lirit\u00eb fetare. \u201cQeveria nuk tregoi ndonj\u00eb tendenc\u00eb drejt p\u00ebrmir\u00ebsimit ose p\u00ebrkeq\u00ebsimit n\u00eb respektimin apo mbrojtjen e t\u00eb drejt\u00ebs p\u00ebr liri fetare.\u201d,- thuhet n\u00eb raport.<\/p>\n","protected":false},"excerpt":{"rendered":"<p>Ervin Ko\u00e7i Departamenti i Shtetit publikoi sot raportin e p\u00ebrvitsh\u00ebm p\u00ebr lirit\u00eb fetare n\u00eb mbar\u00eb bot\u00ebn. N\u00eb raportin e DASH-it p\u00ebr Shqip\u00ebrin\u00eb thuhej se, nuk ka t\u00eb dh\u00ebna t\u00eb besueshme p\u00ebr pjes\u00ebmarrjen fetare. N\u00eb raport theksohet se, t\u00eb dh\u00ebnat e fundit zyrtare i p\u00ebrkasin vitit 1939. \u201cCensusi i vitit 2011 u p\u00ebrmbyll n\u00eb n\u00ebntor. Aty [&hellip;]<\/p>\n","protected":false},"author":1,"featured_media":0,"comment_status":"open","ping_status":"closed","sticky":false,"template":"","format":"standard","meta":{"footnotes":""},"categories":[2],"tags":[],"class_list":{"0":"post-4125","1":"post","2":"type-post","3":"status-publish","4":"format-standard","6":"category-artikuj"},"yoast_head":"<!-- This site is optimized with the Yoast SEO plugin v27.4 - https:\/\/yoast.com\/product\/yoast-seo-wordpress\/ -->\n<title>DASH: N\u00eb Shqip\u00ebri, \u201chamulli\u201d fetare - FjALA e LIR\u00cb - Arkivi<\/title>\n<meta name=\"robots\" content=\"index, follow, max-snippet:-1, max-image-preview:large, max-video-preview:-1\" \/>\n<link rel=\"canonical\" href=\"https:\/\/fjala.info\/2009-2015\/dash-ne-shqiperi-hamulli-fetare\/\" \/>\n<meta property=\"og:locale\" content=\"sq_AL\" \/>\n<meta property=\"og:type\" content=\"article\" \/>\n<meta property=\"og:title\" content=\"DASH: N\u00eb Shqip\u00ebri, \u201chamulli\u201d fetare - FjALA e LIR\u00cb - Arkivi\" \/>\n<meta property=\"og:description\" content=\"Ervin Ko\u00e7i Departamenti i Shtetit publikoi sot raportin e p\u00ebrvitsh\u00ebm p\u00ebr lirit\u00eb fetare n\u00eb mbar\u00eb bot\u00ebn. N\u00eb raportin e DASH-it p\u00ebr Shqip\u00ebrin\u00eb thuhej se, nuk ka t\u00eb dh\u00ebna t\u00eb besueshme p\u00ebr pjes\u00ebmarrjen fetare. N\u00eb raport theksohet se, t\u00eb dh\u00ebnat e fundit zyrtare i p\u00ebrkasin vitit 1939. \u201cCensusi i vitit 2011 u p\u00ebrmbyll n\u00eb n\u00ebntor. Aty [&hellip;]\" \/>\n<meta property=\"og:url\" content=\"https:\/\/fjala.info\/2009-2015\/dash-ne-shqiperi-hamulli-fetare\/\" \/>\n<meta property=\"og:site_name\" content=\"FjALA e LIR\u00cb - Arkivi\" \/>\n<meta property=\"article:published_time\" content=\"2012-08-01T07:30:24+00:00\" \/>\n<meta property=\"og:image\" content=\"http:\/\/www.fjala.info\/2012\/fete_shqiperi.gif\" \/>\n<meta name=\"author\" content=\"admin\" \/>\n<meta name=\"twitter:card\" content=\"summary_large_image\" \/>\n<meta name=\"twitter:label1\" content=\"Written by\" \/>\n\t<meta name=\"twitter:data1\" content=\"admin\" \/>\n\t<meta name=\"twitter:label2\" content=\"Est. reading time\" \/>\n\t<meta name=\"twitter:data2\" content=\"1 minute\" \/>\n<script type=\"application\/ld+json\" class=\"yoast-schema-graph\">{\"@context\":\"https:\\\/\\\/schema.org\",\"@graph\":[{\"@type\":\"Article\",\"@id\":\"https:\\\/\\\/fjala.info\\\/2009-2015\\\/dash-ne-shqiperi-hamulli-fetare\\\/#article\",\"isPartOf\":{\"@id\":\"https:\\\/\\\/fjala.info\\\/2009-2015\\\/dash-ne-shqiperi-hamulli-fetare\\\/\"},\"author\":{\"name\":\"admin\",\"@id\":\"https:\\\/\\\/fjala.info\\\/2009-2015\\\/#\\\/schema\\\/person\\\/3aa1163ef05469c496fc94e77611ada2\"},\"headline\":\"DASH: N\u00eb Shqip\u00ebri, \u201chamulli\u201d fetare\",\"datePublished\":\"2012-08-01T07:30:24+00:00\",\"mainEntityOfPage\":{\"@id\":\"https:\\\/\\\/fjala.info\\\/2009-2015\\\/dash-ne-shqiperi-hamulli-fetare\\\/\"},\"wordCount\":284,\"commentCount\":0,\"publisher\":{\"@id\":\"https:\\\/\\\/fjala.info\\\/2009-2015\\\/#organization\"},\"image\":{\"@id\":\"https:\\\/\\\/fjala.info\\\/2009-2015\\\/dash-ne-shqiperi-hamulli-fetare\\\/#primaryimage\"},\"thumbnailUrl\":\"http:\\\/\\\/www.fjala.info\\\/2012\\\/fete_shqiperi.gif\",\"articleSection\":[\"Artikuj\"],\"inLanguage\":\"sq-AL\",\"potentialAction\":[{\"@type\":\"CommentAction\",\"name\":\"Comment\",\"target\":[\"https:\\\/\\\/fjala.info\\\/2009-2015\\\/dash-ne-shqiperi-hamulli-fetare\\\/#respond\"]}]},{\"@type\":\"WebPage\",\"@id\":\"https:\\\/\\\/fjala.info\\\/2009-2015\\\/dash-ne-shqiperi-hamulli-fetare\\\/\",\"url\":\"https:\\\/\\\/fjala.info\\\/2009-2015\\\/dash-ne-shqiperi-hamulli-fetare\\\/\",\"name\":\"DASH: N\u00eb Shqip\u00ebri, \u201chamulli\u201d fetare - FjALA e LIR\u00cb - Arkivi\",\"isPartOf\":{\"@id\":\"https:\\\/\\\/fjala.info\\\/2009-2015\\\/#website\"},\"primaryImageOfPage\":{\"@id\":\"https:\\\/\\\/fjala.info\\\/2009-2015\\\/dash-ne-shqiperi-hamulli-fetare\\\/#primaryimage\"},\"image\":{\"@id\":\"https:\\\/\\\/fjala.info\\\/2009-2015\\\/dash-ne-shqiperi-hamulli-fetare\\\/#primaryimage\"},\"thumbnailUrl\":\"http:\\\/\\\/www.fjala.info\\\/2012\\\/fete_shqiperi.gif\",\"datePublished\":\"2012-08-01T07:30:24+00:00\",\"breadcrumb\":{\"@id\":\"https:\\\/\\\/fjala.info\\\/2009-2015\\\/dash-ne-shqiperi-hamulli-fetare\\\/#breadcrumb\"},\"inLanguage\":\"sq-AL\",\"potentialAction\":[{\"@type\":\"ReadAction\",\"target\":[\"https:\\\/\\\/fjala.info\\\/2009-2015\\\/dash-ne-shqiperi-hamulli-fetare\\\/\"]}]},{\"@type\":\"ImageObject\",\"inLanguage\":\"sq-AL\",\"@id\":\"https:\\\/\\\/fjala.info\\\/2009-2015\\\/dash-ne-shqiperi-hamulli-fetare\\\/#primaryimage\",\"url\":\"http:\\\/\\\/www.fjala.info\\\/2012\\\/fete_shqiperi.gif\",\"contentUrl\":\"http:\\\/\\\/www.fjala.info\\\/2012\\\/fete_shqiperi.gif\"},{\"@type\":\"BreadcrumbList\",\"@id\":\"https:\\\/\\\/fjala.info\\\/2009-2015\\\/dash-ne-shqiperi-hamulli-fetare\\\/#breadcrumb\",\"itemListElement\":[{\"@type\":\"ListItem\",\"position\":1,\"name\":\"Home\",\"item\":\"https:\\\/\\\/fjala.info\\\/2009-2015\\\/\"},{\"@type\":\"ListItem\",\"position\":2,\"name\":\"DASH: N\u00eb Shqip\u00ebri, \u201chamulli\u201d fetare\"}]},{\"@type\":\"WebSite\",\"@id\":\"https:\\\/\\\/fjala.info\\\/2009-2015\\\/#website\",\"url\":\"https:\\\/\\\/fjala.info\\\/2009-2015\\\/\",\"name\":\"FjALA e LIR\u00cb - Arkivi\",\"description\":\"Arkivi 2009-2015\",\"publisher\":{\"@id\":\"https:\\\/\\\/fjala.info\\\/2009-2015\\\/#organization\"},\"potentialAction\":[{\"@type\":\"SearchAction\",\"target\":{\"@type\":\"EntryPoint\",\"urlTemplate\":\"https:\\\/\\\/fjala.info\\\/2009-2015\\\/?s={search_term_string}\"},\"query-input\":{\"@type\":\"PropertyValueSpecification\",\"valueRequired\":true,\"valueName\":\"search_term_string\"}}],\"inLanguage\":\"sq-AL\"},{\"@type\":\"Organization\",\"@id\":\"https:\\\/\\\/fjala.info\\\/2009-2015\\\/#organization\",\"name\":\"FjALA e LIR\u00cb - Arkivi\",\"url\":\"https:\\\/\\\/fjala.info\\\/2009-2015\\\/\",\"logo\":{\"@type\":\"ImageObject\",\"inLanguage\":\"sq-AL\",\"@id\":\"https:\\\/\\\/fjala.info\\\/2009-2015\\\/#\\\/schema\\\/logo\\\/image\\\/\",\"url\":\"\",\"contentUrl\":\"\",\"caption\":\"FjALA e LIR\u00cb - Arkivi\"},\"image\":{\"@id\":\"https:\\\/\\\/fjala.info\\\/2009-2015\\\/#\\\/schema\\\/logo\\\/image\\\/\"}},{\"@type\":\"Person\",\"@id\":\"https:\\\/\\\/fjala.info\\\/2009-2015\\\/#\\\/schema\\\/person\\\/3aa1163ef05469c496fc94e77611ada2\",\"name\":\"admin\",\"image\":{\"@type\":\"ImageObject\",\"inLanguage\":\"sq-AL\",\"@id\":\"https:\\\/\\\/fjala.info\\\/2009-2015\\\/wp-content\\\/uploads\\\/2012\\\/02\\\/arben_cokaj-120x150.jpg\",\"url\":\"https:\\\/\\\/fjala.info\\\/2009-2015\\\/wp-content\\\/uploads\\\/2012\\\/02\\\/arben_cokaj-120x150.jpg\",\"contentUrl\":\"https:\\\/\\\/fjala.info\\\/2009-2015\\\/wp-content\\\/uploads\\\/2012\\\/02\\\/arben_cokaj-120x150.jpg\",\"caption\":\"admin\"},\"description\":\"Admin, Fjala e Lir\u00eb\",\"sameAs\":[\"https:\\\/\\\/fjala.info\\\/\"],\"url\":\"https:\\\/\\\/fjala.info\\\/2009-2015\\\/author\\\/admin\\\/\"}]}<\/script>\n<!-- \/ Yoast SEO plugin. -->","yoast_head_json":{"title":"DASH: N\u00eb Shqip\u00ebri, \u201chamulli\u201d fetare - FjALA e LIR\u00cb - Arkivi","robots":{"index":"index","follow":"follow","max-snippet":"max-snippet:-1","max-image-preview":"max-image-preview:large","max-video-preview":"max-video-preview:-1"},"canonical":"https:\/\/fjala.info\/2009-2015\/dash-ne-shqiperi-hamulli-fetare\/","og_locale":"sq_AL","og_type":"article","og_title":"DASH: N\u00eb Shqip\u00ebri, \u201chamulli\u201d fetare - FjALA e LIR\u00cb - Arkivi","og_description":"Ervin Ko\u00e7i Departamenti i Shtetit publikoi sot raportin e p\u00ebrvitsh\u00ebm p\u00ebr lirit\u00eb fetare n\u00eb mbar\u00eb bot\u00ebn. N\u00eb raportin e DASH-it p\u00ebr Shqip\u00ebrin\u00eb thuhej se, nuk ka t\u00eb dh\u00ebna t\u00eb besueshme p\u00ebr pjes\u00ebmarrjen fetare. N\u00eb raport theksohet se, t\u00eb dh\u00ebnat e fundit zyrtare i p\u00ebrkasin vitit 1939. \u201cCensusi i vitit 2011 u p\u00ebrmbyll n\u00eb n\u00ebntor. Aty [&hellip;]","og_url":"https:\/\/fjala.info\/2009-2015\/dash-ne-shqiperi-hamulli-fetare\/","og_site_name":"FjALA e LIR\u00cb - Arkivi","article_published_time":"2012-08-01T07:30:24+00:00","og_image":[{"url":"http:\/\/www.fjala.info\/2012\/fete_shqiperi.gif","type":"","width":"","height":""}],"author":"admin","twitter_card":"summary_large_image","twitter_misc":{"Written by":"admin","Est. reading time":"1 minute"},"schema":{"@context":"https:\/\/schema.org","@graph":[{"@type":"Article","@id":"https:\/\/fjala.info\/2009-2015\/dash-ne-shqiperi-hamulli-fetare\/#article","isPartOf":{"@id":"https:\/\/fjala.info\/2009-2015\/dash-ne-shqiperi-hamulli-fetare\/"},"author":{"name":"admin","@id":"https:\/\/fjala.info\/2009-2015\/#\/schema\/person\/3aa1163ef05469c496fc94e77611ada2"},"headline":"DASH: N\u00eb Shqip\u00ebri, \u201chamulli\u201d fetare","datePublished":"2012-08-01T07:30:24+00:00","mainEntityOfPage":{"@id":"https:\/\/fjala.info\/2009-2015\/dash-ne-shqiperi-hamulli-fetare\/"},"wordCount":284,"commentCount":0,"publisher":{"@id":"https:\/\/fjala.info\/2009-2015\/#organization"},"image":{"@id":"https:\/\/fjala.info\/2009-2015\/dash-ne-shqiperi-hamulli-fetare\/#primaryimage"},"thumbnailUrl":"http:\/\/www.fjala.info\/2012\/fete_shqiperi.gif","articleSection":["Artikuj"],"inLanguage":"sq-AL","potentialAction":[{"@type":"CommentAction","name":"Comment","target":["https:\/\/fjala.info\/2009-2015\/dash-ne-shqiperi-hamulli-fetare\/#respond"]}]},{"@type":"WebPage","@id":"https:\/\/fjala.info\/2009-2015\/dash-ne-shqiperi-hamulli-fetare\/","url":"https:\/\/fjala.info\/2009-2015\/dash-ne-shqiperi-hamulli-fetare\/","name":"DASH: N\u00eb Shqip\u00ebri, \u201chamulli\u201d fetare - FjALA e LIR\u00cb - Arkivi","isPartOf":{"@id":"https:\/\/fjala.info\/2009-2015\/#website"},"primaryImageOfPage":{"@id":"https:\/\/fjala.info\/2009-2015\/dash-ne-shqiperi-hamulli-fetare\/#primaryimage"},"image":{"@id":"https:\/\/fjala.info\/2009-2015\/dash-ne-shqiperi-hamulli-fetare\/#primaryimage"},"thumbnailUrl":"http:\/\/www.fjala.info\/2012\/fete_shqiperi.gif","datePublished":"2012-08-01T07:30:24+00:00","breadcrumb":{"@id":"https:\/\/fjala.info\/2009-2015\/dash-ne-shqiperi-hamulli-fetare\/#breadcrumb"},"inLanguage":"sq-AL","potentialAction":[{"@type":"ReadAction","target":["https:\/\/fjala.info\/2009-2015\/dash-ne-shqiperi-hamulli-fetare\/"]}]},{"@type":"ImageObject","inLanguage":"sq-AL","@id":"https:\/\/fjala.info\/2009-2015\/dash-ne-shqiperi-hamulli-fetare\/#primaryimage","url":"http:\/\/www.fjala.info\/2012\/fete_shqiperi.gif","contentUrl":"http:\/\/www.fjala.info\/2012\/fete_shqiperi.gif"},{"@type":"BreadcrumbList","@id":"https:\/\/fjala.info\/2009-2015\/dash-ne-shqiperi-hamulli-fetare\/#breadcrumb","itemListElement":[{"@type":"ListItem","position":1,"name":"Home","item":"https:\/\/fjala.info\/2009-2015\/"},{"@type":"ListItem","position":2,"name":"DASH: N\u00eb Shqip\u00ebri, \u201chamulli\u201d fetare"}]},{"@type":"WebSite","@id":"https:\/\/fjala.info\/2009-2015\/#website","url":"https:\/\/fjala.info\/2009-2015\/","name":"FjALA e LIR\u00cb - Arkivi","description":"Arkivi 2009-2015","publisher":{"@id":"https:\/\/fjala.info\/2009-2015\/#organization"},"potentialAction":[{"@type":"SearchAction","target":{"@type":"EntryPoint","urlTemplate":"https:\/\/fjala.info\/2009-2015\/?s={search_term_string}"},"query-input":{"@type":"PropertyValueSpecification","valueRequired":true,"valueName":"search_term_string"}}],"inLanguage":"sq-AL"},{"@type":"Organization","@id":"https:\/\/fjala.info\/2009-2015\/#organization","name":"FjALA e LIR\u00cb - Arkivi","url":"https:\/\/fjala.info\/2009-2015\/","logo":{"@type":"ImageObject","inLanguage":"sq-AL","@id":"https:\/\/fjala.info\/2009-2015\/#\/schema\/logo\/image\/","url":"","contentUrl":"","caption":"FjALA e LIR\u00cb - Arkivi"},"image":{"@id":"https:\/\/fjala.info\/2009-2015\/#\/schema\/logo\/image\/"}},{"@type":"Person","@id":"https:\/\/fjala.info\/2009-2015\/#\/schema\/person\/3aa1163ef05469c496fc94e77611ada2","name":"admin","image":{"@type":"ImageObject","inLanguage":"sq-AL","@id":"https:\/\/fjala.info\/2009-2015\/wp-content\/uploads\/2012\/02\/arben_cokaj-120x150.jpg","url":"https:\/\/fjala.info\/2009-2015\/wp-content\/uploads\/2012\/02\/arben_cokaj-120x150.jpg","contentUrl":"https:\/\/fjala.info\/2009-2015\/wp-content\/uploads\/2012\/02\/arben_cokaj-120x150.jpg","caption":"admin"},"description":"Admin, Fjala e Lir\u00eb","sameAs":["https:\/\/fjala.info\/"],"url":"https:\/\/fjala.info\/2009-2015\/author\/admin\/"}]}},"_links":{"self":[{"href":"https:\/\/fjala.info\/2009-2015\/wp-json\/wp\/v2\/posts\/4125","targetHints":{"allow":["GET"]}}],"collection":[{"href":"https:\/\/fjala.info\/2009-2015\/wp-json\/wp\/v2\/posts"}],"about":[{"href":"https:\/\/fjala.info\/2009-2015\/wp-json\/wp\/v2\/types\/post"}],"author":[{"embeddable":true,"href":"https:\/\/fjala.info\/2009-2015\/wp-json\/wp\/v2\/users\/1"}],"replies":[{"embeddable":true,"href":"https:\/\/fjala.info\/2009-2015\/wp-json\/wp\/v2\/comments?post=4125"}],"version-history":[{"count":0,"href":"https:\/\/fjala.info\/2009-2015\/wp-json\/wp\/v2\/posts\/4125\/revisions"}],"wp:attachment":[{"href":"https:\/\/fjala.info\/2009-2015\/wp-json\/wp\/v2\/media?parent=4125"}],"wp:term":[{"taxonomy":"category","embeddable":true,"href":"https:\/\/fjala.info\/2009-2015\/wp-json\/wp\/v2\/categories?post=4125"},{"taxonomy":"post_tag","embeddable":true,"href":"https:\/\/fjala.info\/2009-2015\/wp-json\/wp\/v2\/tags?post=4125"}],"curies":[{"name":"wp","href":"https:\/\/api.w.org\/{rel}","templated":true}]}}