{"id":4123,"date":"2010-10-02T21:31:57","date_gmt":"2010-10-02T20:31:57","guid":{"rendered":"http:\/\/fjala.shkoder.net\/?p=4123"},"modified":"2010-10-02T21:31:57","modified_gmt":"2010-10-02T20:31:57","slug":"deshira-e-fundit","status":"publish","type":"post","link":"https:\/\/fjala.info\/2009-2015\/deshira-e-fundit\/","title":{"rendered":"D\u00cbSHIRA E FUNDIT!"},"content":{"rendered":"<p><img loading=\"lazy\" decoding=\"async\" class=\"alignright size-medium wp-image-4124\" title=\"Albin Kurti\" src=\"http:\/\/fjala.shkoder.net\/wp-content\/uploads\/2010\/10\/albin_kurti1-300x226.jpg\" alt=\"\" width=\"300\" height=\"226\" \/><\/p>\n<p>Nga <strong>ALBIN KURTI<\/strong>, <em>02.10.2010<\/em><\/p>\n<p>Duket q\u00eb fotografia me presidentin e ShBAve, Barack Obam\u00ebn, ka qen\u00eb d\u00ebshira e fundit e ish-presidentit t\u00eb Kosov\u00ebs, Fatmir Sejdiut. Gjykata Kushtetuese e ekzekutoi at\u00eb politikisht dhe juridikisht gjersa ai ndodhej n\u00eb ShBA, prandaj vet\u00ebm atje ish-presidentit Sejdiu do t\u00eb mund t&#8217;i plot\u00ebsohej d\u00ebshira e fundit. Nj\u00eb fotografi me presidentin e famsh\u00ebm Obama nuk do t&#8217;i mungoj\u00eb m\u00eb koleksionit t\u00eb fotografive t\u00eb shumta t\u00eb Sejdiut me burr\u00ebshtetas t\u00eb ndrysh\u00ebm, t\u00eb cilit ai mund t&#8217;i rikthehet tash q\u00eb i mungon posti i presidentit. Vendimi i Gjykat\u00ebs Kushtetuese nuk ishte lajm p\u00ebr ish-presidentin Fatmir Sejdiu dhe as p\u00ebr qytetar\u00ebt e Kosov\u00ebs. Q\u00eb t\u00eb gjith\u00eb e dinim q\u00eb ai e ka shkelur Kushtetut\u00ebn e Kosov\u00ebs. Ky vendim \u00ebsht\u00eb lajm p\u00ebr vet\u00eb Gjykat\u00ebn Kushtetuese.<\/p>\n<p>K\u00ebrsh\u00ebria e publikut konsistonte te dilema, n\u00ebse Gjykata Kushtetuese do ta thot\u00eb at\u00eb q\u00eb e dinim t\u00eb gjith\u00eb: duke i mbajtur t\u00eb dy postet, at\u00eb t\u00eb kreut t\u00eb vendit dhe t\u00eb LDK-s\u00eb, Fatmir Sejdiu po e shkelte Kushtetut\u00ebn n\u00eb nenin 88.2 t\u00eb saj. Interesimi nuk ishte n\u00ebse Sejdiu nj\u00ebmend na e paska shkelur Kushtetut\u00ebn, apo mbase edhe nuk e ka shkelur at\u00eb n\u00eb fund t\u00eb fundit. Njer\u00ebzit donin t\u00eb dinin vet\u00ebm n\u00ebse Gjykata Kushtetuese do ta shkel\u00eb Fatmir Sejdiun, pasi q\u00eb shkeljen e Kushtetut\u00ebs nga ana e Fatmir Sejdiut s&#8217;e vinte n\u00eb dyshim njeri. Por, pse gjith\u00eb ky dyshim n\u00eb Gjykat\u00ebn Kushtetuese? Pse njer\u00ebzit ishin t\u00eb hamendur, n\u00ebse Gjykata Kushtetuese do ta thot\u00eb at\u00eb q\u00eb dihej bot\u00ebrisht?<\/p>\n<p>Qytetar\u00ebt e Kosov\u00ebs e ndjejn\u00eb thell\u00ebsisht q\u00eb n\u00eb institucionet e drejt\u00ebsis\u00eb n\u00eb Kosov\u00eb, q\u00eb nga gjykatat p\u00ebr kund\u00ebrvajtje e deri tek ajo Kushtetuese, nuk ka drejt\u00ebsi. Ata e din\u00eb nga p\u00ebrvoja q\u00eb drejt\u00ebsia n\u00eb Kosov\u00eb zbatohet selektivisht, ashtu si\u00e7 do politika q\u00eb ndodhet sip\u00ebr saj. Kushtetuta e Kosov\u00ebs nuk \u00ebsht\u00eb respektuar fare n\u00eb \u00e7erekun e territorit t\u00eb Kosov\u00ebs q\u00eb kontrollohet nga strukturat e Serbis\u00eb dhe shum\u00eb zyrtar\u00eb t\u00eb Kosov\u00ebs kan\u00eb shkelur nene t\u00eb ndryshme t\u00eb kushtetut\u00ebs gjat\u00eb k\u00ebtyre dy viteve. Drejt\u00ebsia n\u00eb Kosov\u00eb \u00ebsht\u00eb e \u00e7&#8217;ky\u00e7ur &#8211; ajo ky\u00e7et vet\u00ebm n\u00eb momente t\u00eb caktuara kur kjo i nevojitet politik\u00ebs. N\u00eb dor\u00ebheqjen e ish-presidentit Sejdiu dora nuk ishte e tij.<\/p>\n<p>Fatmir Sejdiu u shtrydh si limoni p\u00ebrgjat\u00eb tre vjet\u00ebve dhe tash u hodh porsi nj\u00eb limon i shtrydhur, gjithsesi i pap\u00ebrdorsh\u00ebm p\u00ebr limonada t\u00eb reja. \u00cbsht\u00eb pik\u00ebrisht Fatmir Sejdiu, ai q\u00eb mori pjes\u00eb n\u00eb p\u00ebrpilimin e k\u00ebsaj kushtetute q\u00eb p\u00ebr thelb ka Planin e Ahtisaarit, i cili e solli decentralizimin mbi baza etnike dhe at\u00eb vet\u00ebm p\u00ebr serb\u00ebt, eksterritorialitetin mbi baza fetare dhe at\u00eb vet\u00ebm p\u00ebr trash\u00ebgimin\u00eb kulturore ortodokse q\u00eb p\u00ebr m\u00eb keq u serbizua, t\u00eb drejt\u00ebn e vetos p\u00ebr deputet\u00ebt e serb\u00ebve q\u00eb jan\u00eb vet\u00ebm 6% e popullsis\u00eb n\u00eb Kosov\u00eb, pjes\u00ebmarrjen e Kosov\u00ebs n\u00eb borxhin e jasht\u00ebm t\u00eb Serbis\u00eb pa paguar ajo kurrfar\u00eb d\u00ebmshp\u00ebrblimi p\u00ebr shkat\u00ebrrimet e luft\u00ebs, betonimin e protektoratit nd\u00ebrkomb\u00ebtar si nj\u00eb qeveri mbi Qeverin\u00eb e Kosov\u00ebs, vendosjen e privatizimit si parim kushtetues, shuarjen e TMK-s\u00eb dhe l\u00ebnien e Kosov\u00ebs pa ushtri etj., etj.<\/p>\n<p>Kosova sigurisht q\u00eb ka nevoj\u00eb p\u00ebr president m\u00eb t\u00eb mir\u00eb, p\u00ebr kryeminist\u00ebr e qeveri shum\u00eb m\u00eb t\u00eb mir\u00eb, por sidomos ka nevoj\u00eb p\u00ebr nj\u00eb kushtetut\u00eb tjet\u00ebr q\u00eb e b\u00ebn Kosov\u00ebn shtet normal me sovranitet e demokraci, me mir\u00ebqenie e perspektiv\u00eb p\u00ebr qytetar\u00ebt e saj. Pas dor\u00ebheqjes s\u00eb Fatmir Sejdiut, ligj\u00ebrimet p\u00ebr kriz\u00ebn institucionale n\u00eb Kosov\u00eb jan\u00eb moskuptim i faktit q\u00eb n\u00eb Kosov\u00eb \u00ebsht\u00eb institucionalizuar kriza. Madje, vet\u00eb EULEX-i e p\u00ebrkufizon veten si operacion i menaxhimit t\u00eb kriz\u00ebs. N\u00eb Kosov\u00eb kemi kriz\u00eb t\u00eb thell\u00eb politike, t\u00eb siguris\u00eb dhe socio-ekonomike. Institucionet e Kosov\u00ebs nuk jan\u00eb k\u00ebtu q\u00eb ta zgjidhin k\u00ebt\u00eb kriz\u00eb, por q\u00eb ta institucionalizojn\u00eb at\u00eb.<\/p>\n<p>Kriza shum\u00eb m\u00eb her\u00ebt dhe shum\u00eb m\u00eb tep\u00ebr \u00ebsht\u00eb kriz\u00eb politike dhe socioekonomike sesa institucionale. Kriza n\u00eb Kosov\u00eb \u00ebsht\u00eb kriz\u00eb p\u00ebr qytetarin m\u00eb shum\u00eb dhe para se t\u00eb jet\u00eb kriz\u00eb p\u00ebr pushtetarin. T&#8217;i thuash qytetarit se vet\u00ebm tash jemi n\u00eb kriz\u00eb, meq\u00eb mbet\u00ebm pa president, do t\u00eb thot\u00eb t&#8217;ia shp\u00ebrfill\u00ebsh atij kriz\u00ebn e r\u00ebnd\u00eb q\u00eb ai e jeton p\u00ebr \u00e7do dit\u00eb teksa rropatet t\u00eb mbijetoj\u00eb. Jet\u00ebn e qytetarit t\u00eb Kosov\u00ebs shum\u00eb m\u00eb dramatike e b\u00ebn mjerimi social dhe pasiguria politike sesa fakti q\u00eb n\u00eb vend t\u00eb presidentit tash paskemi ushtrues detyre t\u00eb presidentit. P\u00ebr qytetarin \u00ebsht\u00eb pakrahasimisht m\u00eb e v\u00ebshtir\u00eb q\u00eb s&#8217;ka buk\u00eb e s&#8217;ka vend pune, q\u00eb s&#8217;ka arsimim cil\u00ebsor p\u00ebr f\u00ebmij\u00ebt e tij dhe s&#8217;ia del dot t\u00eb blej\u00eb barna p\u00ebr prind\u00ebrit e moshuar, sesa q\u00eb n\u00eb fund t\u00eb nj\u00eb figure prej politikani n\u00eb ekranin televiziv tash e tutje do t&#8217;i shoh\u00eb titrat ku shkruan u.d., i presidentit.<\/p>\n<p>T\u00eb gjith\u00eb politikan\u00ebt q\u00eb jan\u00eb ngritur n\u00eb hierarki n\u00eb kurriz t\u00eb Kosov\u00ebs dhe n\u00eb llogari t\u00eb qytetar\u00ebve t\u00eb saj jan\u00eb rr\u00ebzuar prej andej. Fatmir Sejdiu nuk \u00ebsht\u00eb as i pari e as i fundit. Edhe m\u00eb her\u00ebt u pat\u00ebn p\u00ebrdorur politikan\u00eb t\u00eb tjer\u00eb q\u00eb u hodh\u00ebn si lecka kur u b\u00ebn\u00eb m\u00eb t\u00eb ndotur sesa ajo q\u00eb duhej pastruar me ta. T\u00eb gjith\u00eb k\u00ebta politikan\u00eb do ta ken\u00eb shansin p\u00ebr d\u00ebshir\u00ebn e fundit. Ajo patjet\u00ebr q\u00eb do t&#8217;iu plot\u00ebsohet, porse zakonisht n\u00eb form\u00ebn e ndonj\u00eb fotografie q\u00eb p\u00ebrmban buz\u00ebqeshjen e tyre t\u00eb fundit. Nuk thot\u00eb kot populli yn\u00eb: shko fotografoju tash.<\/p>\n","protected":false},"excerpt":{"rendered":"<p>Nga ALBIN KURTI, 02.10.2010 Duket q\u00eb fotografia me presidentin e ShBAve, Barack Obam\u00ebn, ka qen\u00eb d\u00ebshira e fundit e ish-presidentit t\u00eb Kosov\u00ebs, Fatmir Sejdiut. Gjykata Kushtetuese e ekzekutoi at\u00eb politikisht dhe juridikisht gjersa ai ndodhej n\u00eb ShBA, prandaj vet\u00ebm atje ish-presidentit Sejdiu do t\u00eb mund t&#8217;i plot\u00ebsohej d\u00ebshira e fundit. Nj\u00eb fotografi me presidentin e [&hellip;]<\/p>\n","protected":false},"author":1,"featured_media":0,"comment_status":"open","ping_status":"closed","sticky":false,"template":"","format":"standard","meta":{"footnotes":""},"categories":[2],"tags":[],"class_list":{"0":"post-4123","1":"post","2":"type-post","3":"status-publish","4":"format-standard","6":"category-artikuj"},"yoast_head":"<!-- This site is optimized with the Yoast SEO plugin v27.4 - https:\/\/yoast.com\/product\/yoast-seo-wordpress\/ -->\n<title>D\u00cbSHIRA E FUNDIT! - FjALA e LIR\u00cb - Arkivi<\/title>\n<meta name=\"robots\" content=\"index, follow, max-snippet:-1, max-image-preview:large, max-video-preview:-1\" \/>\n<link rel=\"canonical\" href=\"https:\/\/fjala.info\/2009-2015\/deshira-e-fundit\/\" \/>\n<meta property=\"og:locale\" content=\"sq_AL\" \/>\n<meta property=\"og:type\" content=\"article\" \/>\n<meta property=\"og:title\" content=\"D\u00cbSHIRA E FUNDIT! - FjALA e LIR\u00cb - Arkivi\" \/>\n<meta property=\"og:description\" content=\"Nga ALBIN KURTI, 02.10.2010 Duket q\u00eb fotografia me presidentin e ShBAve, Barack Obam\u00ebn, ka qen\u00eb d\u00ebshira e fundit e ish-presidentit t\u00eb Kosov\u00ebs, Fatmir Sejdiut. Gjykata Kushtetuese e ekzekutoi at\u00eb politikisht dhe juridikisht gjersa ai ndodhej n\u00eb ShBA, prandaj vet\u00ebm atje ish-presidentit Sejdiu do t\u00eb mund t&#8217;i plot\u00ebsohej d\u00ebshira e fundit. Nj\u00eb fotografi me presidentin e [&hellip;]\" \/>\n<meta property=\"og:url\" content=\"https:\/\/fjala.info\/2009-2015\/deshira-e-fundit\/\" \/>\n<meta property=\"og:site_name\" content=\"FjALA e LIR\u00cb - Arkivi\" \/>\n<meta property=\"article:published_time\" content=\"2010-10-02T20:31:57+00:00\" \/>\n<meta property=\"og:image\" content=\"http:\/\/fjala.shkoder.net\/wp-content\/uploads\/2010\/10\/albin_kurti1-300x226.jpg\" \/>\n<meta name=\"author\" content=\"admin\" \/>\n<meta name=\"twitter:card\" content=\"summary_large_image\" \/>\n<meta name=\"twitter:label1\" content=\"Written by\" \/>\n\t<meta name=\"twitter:data1\" content=\"admin\" \/>\n\t<meta name=\"twitter:label2\" content=\"Est. reading time\" \/>\n\t<meta name=\"twitter:data2\" content=\"5 minutes\" \/>\n<script type=\"application\/ld+json\" class=\"yoast-schema-graph\">{\"@context\":\"https:\\\/\\\/schema.org\",\"@graph\":[{\"@type\":\"Article\",\"@id\":\"https:\\\/\\\/fjala.info\\\/2009-2015\\\/deshira-e-fundit\\\/#article\",\"isPartOf\":{\"@id\":\"https:\\\/\\\/fjala.info\\\/2009-2015\\\/deshira-e-fundit\\\/\"},\"author\":{\"name\":\"admin\",\"@id\":\"https:\\\/\\\/fjala.info\\\/2009-2015\\\/#\\\/schema\\\/person\\\/3aa1163ef05469c496fc94e77611ada2\"},\"headline\":\"D\u00cbSHIRA E FUNDIT!\",\"datePublished\":\"2010-10-02T20:31:57+00:00\",\"mainEntityOfPage\":{\"@id\":\"https:\\\/\\\/fjala.info\\\/2009-2015\\\/deshira-e-fundit\\\/\"},\"wordCount\":1003,\"commentCount\":0,\"publisher\":{\"@id\":\"https:\\\/\\\/fjala.info\\\/2009-2015\\\/#organization\"},\"image\":{\"@id\":\"https:\\\/\\\/fjala.info\\\/2009-2015\\\/deshira-e-fundit\\\/#primaryimage\"},\"thumbnailUrl\":\"http:\\\/\\\/fjala.shkoder.net\\\/wp-content\\\/uploads\\\/2010\\\/10\\\/albin_kurti1-300x226.jpg\",\"articleSection\":[\"Artikuj\"],\"inLanguage\":\"sq-AL\",\"potentialAction\":[{\"@type\":\"CommentAction\",\"name\":\"Comment\",\"target\":[\"https:\\\/\\\/fjala.info\\\/2009-2015\\\/deshira-e-fundit\\\/#respond\"]}]},{\"@type\":\"WebPage\",\"@id\":\"https:\\\/\\\/fjala.info\\\/2009-2015\\\/deshira-e-fundit\\\/\",\"url\":\"https:\\\/\\\/fjala.info\\\/2009-2015\\\/deshira-e-fundit\\\/\",\"name\":\"D\u00cbSHIRA E FUNDIT! - FjALA e LIR\u00cb - Arkivi\",\"isPartOf\":{\"@id\":\"https:\\\/\\\/fjala.info\\\/2009-2015\\\/#website\"},\"primaryImageOfPage\":{\"@id\":\"https:\\\/\\\/fjala.info\\\/2009-2015\\\/deshira-e-fundit\\\/#primaryimage\"},\"image\":{\"@id\":\"https:\\\/\\\/fjala.info\\\/2009-2015\\\/deshira-e-fundit\\\/#primaryimage\"},\"thumbnailUrl\":\"http:\\\/\\\/fjala.shkoder.net\\\/wp-content\\\/uploads\\\/2010\\\/10\\\/albin_kurti1-300x226.jpg\",\"datePublished\":\"2010-10-02T20:31:57+00:00\",\"breadcrumb\":{\"@id\":\"https:\\\/\\\/fjala.info\\\/2009-2015\\\/deshira-e-fundit\\\/#breadcrumb\"},\"inLanguage\":\"sq-AL\",\"potentialAction\":[{\"@type\":\"ReadAction\",\"target\":[\"https:\\\/\\\/fjala.info\\\/2009-2015\\\/deshira-e-fundit\\\/\"]}]},{\"@type\":\"ImageObject\",\"inLanguage\":\"sq-AL\",\"@id\":\"https:\\\/\\\/fjala.info\\\/2009-2015\\\/deshira-e-fundit\\\/#primaryimage\",\"url\":\"http:\\\/\\\/fjala.shkoder.net\\\/wp-content\\\/uploads\\\/2010\\\/10\\\/albin_kurti1-300x226.jpg\",\"contentUrl\":\"http:\\\/\\\/fjala.shkoder.net\\\/wp-content\\\/uploads\\\/2010\\\/10\\\/albin_kurti1-300x226.jpg\"},{\"@type\":\"BreadcrumbList\",\"@id\":\"https:\\\/\\\/fjala.info\\\/2009-2015\\\/deshira-e-fundit\\\/#breadcrumb\",\"itemListElement\":[{\"@type\":\"ListItem\",\"position\":1,\"name\":\"Home\",\"item\":\"https:\\\/\\\/fjala.info\\\/2009-2015\\\/\"},{\"@type\":\"ListItem\",\"position\":2,\"name\":\"D\u00cbSHIRA E FUNDIT!\"}]},{\"@type\":\"WebSite\",\"@id\":\"https:\\\/\\\/fjala.info\\\/2009-2015\\\/#website\",\"url\":\"https:\\\/\\\/fjala.info\\\/2009-2015\\\/\",\"name\":\"FjALA e LIR\u00cb - Arkivi\",\"description\":\"Arkivi 2009-2015\",\"publisher\":{\"@id\":\"https:\\\/\\\/fjala.info\\\/2009-2015\\\/#organization\"},\"potentialAction\":[{\"@type\":\"SearchAction\",\"target\":{\"@type\":\"EntryPoint\",\"urlTemplate\":\"https:\\\/\\\/fjala.info\\\/2009-2015\\\/?s={search_term_string}\"},\"query-input\":{\"@type\":\"PropertyValueSpecification\",\"valueRequired\":true,\"valueName\":\"search_term_string\"}}],\"inLanguage\":\"sq-AL\"},{\"@type\":\"Organization\",\"@id\":\"https:\\\/\\\/fjala.info\\\/2009-2015\\\/#organization\",\"name\":\"FjALA e LIR\u00cb - Arkivi\",\"url\":\"https:\\\/\\\/fjala.info\\\/2009-2015\\\/\",\"logo\":{\"@type\":\"ImageObject\",\"inLanguage\":\"sq-AL\",\"@id\":\"https:\\\/\\\/fjala.info\\\/2009-2015\\\/#\\\/schema\\\/logo\\\/image\\\/\",\"url\":\"\",\"contentUrl\":\"\",\"caption\":\"FjALA e LIR\u00cb - Arkivi\"},\"image\":{\"@id\":\"https:\\\/\\\/fjala.info\\\/2009-2015\\\/#\\\/schema\\\/logo\\\/image\\\/\"}},{\"@type\":\"Person\",\"@id\":\"https:\\\/\\\/fjala.info\\\/2009-2015\\\/#\\\/schema\\\/person\\\/3aa1163ef05469c496fc94e77611ada2\",\"name\":\"admin\",\"image\":{\"@type\":\"ImageObject\",\"inLanguage\":\"sq-AL\",\"@id\":\"https:\\\/\\\/fjala.info\\\/2009-2015\\\/wp-content\\\/uploads\\\/2012\\\/02\\\/arben_cokaj-120x150.jpg\",\"url\":\"https:\\\/\\\/fjala.info\\\/2009-2015\\\/wp-content\\\/uploads\\\/2012\\\/02\\\/arben_cokaj-120x150.jpg\",\"contentUrl\":\"https:\\\/\\\/fjala.info\\\/2009-2015\\\/wp-content\\\/uploads\\\/2012\\\/02\\\/arben_cokaj-120x150.jpg\",\"caption\":\"admin\"},\"description\":\"Admin, Fjala e Lir\u00eb\",\"sameAs\":[\"https:\\\/\\\/fjala.info\\\/\"],\"url\":\"https:\\\/\\\/fjala.info\\\/2009-2015\\\/author\\\/admin\\\/\"}]}<\/script>\n<!-- \/ Yoast SEO plugin. -->","yoast_head_json":{"title":"D\u00cbSHIRA E FUNDIT! - FjALA e LIR\u00cb - Arkivi","robots":{"index":"index","follow":"follow","max-snippet":"max-snippet:-1","max-image-preview":"max-image-preview:large","max-video-preview":"max-video-preview:-1"},"canonical":"https:\/\/fjala.info\/2009-2015\/deshira-e-fundit\/","og_locale":"sq_AL","og_type":"article","og_title":"D\u00cbSHIRA E FUNDIT! - FjALA e LIR\u00cb - Arkivi","og_description":"Nga ALBIN KURTI, 02.10.2010 Duket q\u00eb fotografia me presidentin e ShBAve, Barack Obam\u00ebn, ka qen\u00eb d\u00ebshira e fundit e ish-presidentit t\u00eb Kosov\u00ebs, Fatmir Sejdiut. Gjykata Kushtetuese e ekzekutoi at\u00eb politikisht dhe juridikisht gjersa ai ndodhej n\u00eb ShBA, prandaj vet\u00ebm atje ish-presidentit Sejdiu do t\u00eb mund t&#8217;i plot\u00ebsohej d\u00ebshira e fundit. Nj\u00eb fotografi me presidentin e [&hellip;]","og_url":"https:\/\/fjala.info\/2009-2015\/deshira-e-fundit\/","og_site_name":"FjALA e LIR\u00cb - Arkivi","article_published_time":"2010-10-02T20:31:57+00:00","og_image":[{"url":"http:\/\/fjala.shkoder.net\/wp-content\/uploads\/2010\/10\/albin_kurti1-300x226.jpg","type":"","width":"","height":""}],"author":"admin","twitter_card":"summary_large_image","twitter_misc":{"Written by":"admin","Est. reading time":"5 minutes"},"schema":{"@context":"https:\/\/schema.org","@graph":[{"@type":"Article","@id":"https:\/\/fjala.info\/2009-2015\/deshira-e-fundit\/#article","isPartOf":{"@id":"https:\/\/fjala.info\/2009-2015\/deshira-e-fundit\/"},"author":{"name":"admin","@id":"https:\/\/fjala.info\/2009-2015\/#\/schema\/person\/3aa1163ef05469c496fc94e77611ada2"},"headline":"D\u00cbSHIRA E FUNDIT!","datePublished":"2010-10-02T20:31:57+00:00","mainEntityOfPage":{"@id":"https:\/\/fjala.info\/2009-2015\/deshira-e-fundit\/"},"wordCount":1003,"commentCount":0,"publisher":{"@id":"https:\/\/fjala.info\/2009-2015\/#organization"},"image":{"@id":"https:\/\/fjala.info\/2009-2015\/deshira-e-fundit\/#primaryimage"},"thumbnailUrl":"http:\/\/fjala.shkoder.net\/wp-content\/uploads\/2010\/10\/albin_kurti1-300x226.jpg","articleSection":["Artikuj"],"inLanguage":"sq-AL","potentialAction":[{"@type":"CommentAction","name":"Comment","target":["https:\/\/fjala.info\/2009-2015\/deshira-e-fundit\/#respond"]}]},{"@type":"WebPage","@id":"https:\/\/fjala.info\/2009-2015\/deshira-e-fundit\/","url":"https:\/\/fjala.info\/2009-2015\/deshira-e-fundit\/","name":"D\u00cbSHIRA E FUNDIT! - FjALA e LIR\u00cb - Arkivi","isPartOf":{"@id":"https:\/\/fjala.info\/2009-2015\/#website"},"primaryImageOfPage":{"@id":"https:\/\/fjala.info\/2009-2015\/deshira-e-fundit\/#primaryimage"},"image":{"@id":"https:\/\/fjala.info\/2009-2015\/deshira-e-fundit\/#primaryimage"},"thumbnailUrl":"http:\/\/fjala.shkoder.net\/wp-content\/uploads\/2010\/10\/albin_kurti1-300x226.jpg","datePublished":"2010-10-02T20:31:57+00:00","breadcrumb":{"@id":"https:\/\/fjala.info\/2009-2015\/deshira-e-fundit\/#breadcrumb"},"inLanguage":"sq-AL","potentialAction":[{"@type":"ReadAction","target":["https:\/\/fjala.info\/2009-2015\/deshira-e-fundit\/"]}]},{"@type":"ImageObject","inLanguage":"sq-AL","@id":"https:\/\/fjala.info\/2009-2015\/deshira-e-fundit\/#primaryimage","url":"http:\/\/fjala.shkoder.net\/wp-content\/uploads\/2010\/10\/albin_kurti1-300x226.jpg","contentUrl":"http:\/\/fjala.shkoder.net\/wp-content\/uploads\/2010\/10\/albin_kurti1-300x226.jpg"},{"@type":"BreadcrumbList","@id":"https:\/\/fjala.info\/2009-2015\/deshira-e-fundit\/#breadcrumb","itemListElement":[{"@type":"ListItem","position":1,"name":"Home","item":"https:\/\/fjala.info\/2009-2015\/"},{"@type":"ListItem","position":2,"name":"D\u00cbSHIRA E FUNDIT!"}]},{"@type":"WebSite","@id":"https:\/\/fjala.info\/2009-2015\/#website","url":"https:\/\/fjala.info\/2009-2015\/","name":"FjALA e LIR\u00cb - Arkivi","description":"Arkivi 2009-2015","publisher":{"@id":"https:\/\/fjala.info\/2009-2015\/#organization"},"potentialAction":[{"@type":"SearchAction","target":{"@type":"EntryPoint","urlTemplate":"https:\/\/fjala.info\/2009-2015\/?s={search_term_string}"},"query-input":{"@type":"PropertyValueSpecification","valueRequired":true,"valueName":"search_term_string"}}],"inLanguage":"sq-AL"},{"@type":"Organization","@id":"https:\/\/fjala.info\/2009-2015\/#organization","name":"FjALA e LIR\u00cb - Arkivi","url":"https:\/\/fjala.info\/2009-2015\/","logo":{"@type":"ImageObject","inLanguage":"sq-AL","@id":"https:\/\/fjala.info\/2009-2015\/#\/schema\/logo\/image\/","url":"","contentUrl":"","caption":"FjALA e LIR\u00cb - Arkivi"},"image":{"@id":"https:\/\/fjala.info\/2009-2015\/#\/schema\/logo\/image\/"}},{"@type":"Person","@id":"https:\/\/fjala.info\/2009-2015\/#\/schema\/person\/3aa1163ef05469c496fc94e77611ada2","name":"admin","image":{"@type":"ImageObject","inLanguage":"sq-AL","@id":"https:\/\/fjala.info\/2009-2015\/wp-content\/uploads\/2012\/02\/arben_cokaj-120x150.jpg","url":"https:\/\/fjala.info\/2009-2015\/wp-content\/uploads\/2012\/02\/arben_cokaj-120x150.jpg","contentUrl":"https:\/\/fjala.info\/2009-2015\/wp-content\/uploads\/2012\/02\/arben_cokaj-120x150.jpg","caption":"admin"},"description":"Admin, Fjala e Lir\u00eb","sameAs":["https:\/\/fjala.info\/"],"url":"https:\/\/fjala.info\/2009-2015\/author\/admin\/"}]}},"_links":{"self":[{"href":"https:\/\/fjala.info\/2009-2015\/wp-json\/wp\/v2\/posts\/4123","targetHints":{"allow":["GET"]}}],"collection":[{"href":"https:\/\/fjala.info\/2009-2015\/wp-json\/wp\/v2\/posts"}],"about":[{"href":"https:\/\/fjala.info\/2009-2015\/wp-json\/wp\/v2\/types\/post"}],"author":[{"embeddable":true,"href":"https:\/\/fjala.info\/2009-2015\/wp-json\/wp\/v2\/users\/1"}],"replies":[{"embeddable":true,"href":"https:\/\/fjala.info\/2009-2015\/wp-json\/wp\/v2\/comments?post=4123"}],"version-history":[{"count":0,"href":"https:\/\/fjala.info\/2009-2015\/wp-json\/wp\/v2\/posts\/4123\/revisions"}],"wp:attachment":[{"href":"https:\/\/fjala.info\/2009-2015\/wp-json\/wp\/v2\/media?parent=4123"}],"wp:term":[{"taxonomy":"category","embeddable":true,"href":"https:\/\/fjala.info\/2009-2015\/wp-json\/wp\/v2\/categories?post=4123"},{"taxonomy":"post_tag","embeddable":true,"href":"https:\/\/fjala.info\/2009-2015\/wp-json\/wp\/v2\/tags?post=4123"}],"curies":[{"name":"wp","href":"https:\/\/api.w.org\/{rel}","templated":true}]}}