{"id":412,"date":"2011-12-01T22:05:37","date_gmt":"2011-12-01T21:05:37","guid":{"rendered":"http:\/\/fjala.shkoder.net\/?p=412"},"modified":"2011-12-01T22:05:37","modified_gmt":"2011-12-01T21:05:37","slug":"e-keqja-me-e-madhe-dhe-me-e-vogel","status":"publish","type":"post","link":"https:\/\/fjala.info\/2009-2015\/e-keqja-me-e-madhe-dhe-me-e-vogel\/","title":{"rendered":"E keqja m\u00eb e madhe dhe m\u00eb e vog\u00ebl"},"content":{"rendered":"<p><img decoding=\"async\" class=\"alignleft size-thumbnail wp-image-7236\" title=\"Eduard Zaloshnja\" src=\"http:\/\/www.shkoder.net\/images\/fjala\/eduard_zaloshnja.jpg\" alt=\"\" width=\"150\" \/> Nga <strong>Eduard Zaloshnja<\/strong>, <em>1 Dhjetor 2011<\/em><\/p>\n<p>Para zgjedhjeve t\u00eb vitit 2005, maksima \u201cT\u00eb pranojm\u00eb t\u00eb keqen m\u00eb t\u00eb vog\u00ebl\u201d p\u00ebrdorej shpesh n\u00eb mediat dhe kafenet\u00eb shqiptare, kur krahasohej qeverisja e at\u00ebhershme e Nanos me qeverisjen e pritshme t\u00eb Berish\u00ebs. Dhe kjo maksim\u00eb sulmohej nga disa opinionist\u00eb t\u00eb pavarur, nga nj\u00eb pozit\u00eb morale q\u00eb s\u2019kishte t\u00eb shar\u00eb. Sipas tyre, edhe kur personat n\u00eb krye t\u00eb pushtetit nd\u00ebrrohen n\u00eb Shqip\u00ebri, simbioza e oligark\u00ebve t\u00eb biznesit dhe mediave me politikan\u00ebt e fuqish\u00ebm mund t\u00eb ndryshoj\u00eb pak n\u00eb form\u00eb, por mbetet e nj\u00ebjta n\u00eb substanc\u00eb. Dhe kjo p\u00ebrb\u00ebnte t\u00eb keqen m\u00eb e madhe p\u00ebr ata opinionist\u00eb.<\/p>\n<p>N\u00eb fakt, 20 vjet\u00ebt e fundit ofrojn\u00eb mjaftuesh\u00ebm shembuj lokal\u00eb e komb\u00ebtar\u00eb q\u00eb i sjellin uj\u00eb t\u00eb bollsh\u00ebm k\u00ebtij mulliri t\u00eb argumentimit. Por historia e zhvillimit t\u00eb nj\u00eb vendi ofron gjithnj\u00eb \u201cpor\u201d-a pas argumentimeve t\u00eb tilla. K\u00ebshtu, 20 vjet\u00ebt e fundit na japin edhe shembuj q\u00eb tregojn\u00eb se nd\u00ebrrimi i personave n\u00eb krye t\u00eb pushtetit ka sjell\u00eb nj\u00eb hop n\u00eb zhvillim, pavar\u00ebsisht se sistemi nuk \u00ebsht\u00eb ndryshuar rr\u00ebnj\u00ebsisht. K\u00ebshtu, korrupsioni, klientelizmi dhe lidhjet e err\u00ebta t\u00eb biznesit me politik\u00ebn dhe mediat nuk u zhduk\u00ebn me ngjitjen e Ilir Met\u00ebs n\u00eb postin e kryeministrit, por Shqip\u00ebria njohu nj\u00eb rritje ekonomike t\u00eb admirueshme n\u00eb ato vite. Dhe nd\u00ebrkoh\u00eb, rrug\u00ebt e reja filluan t\u00eb shtrihen shum\u00eb p\u00ebrtej ur\u00ebs s\u00eb Limuthit, vendit ku kishin ngecur deri n\u00eb vitin 2000. Gjithashtu, ardhja e Ram\u00ebs n\u00eb krye t\u00eb Bashkis\u00eb s\u00eb Tiran\u00ebs, v\u00ebrtet nuk e b\u00ebri k\u00ebt\u00eb t\u00eb fundit Kopenhagen, por hapi rrug\u00ebn p\u00ebr nj\u00eb bum t\u00eb papar\u00eb ekonomik t\u00eb kryeqytetit. Dhe s\u00eb fundi, ikja e Nanos dhe ardhja e Berish\u00ebs n\u00eb pushtet nuk ishte thjesht vazhdim i status-kous\u00eb.<\/p>\n<p>Meq\u00eb ardhja e Berish\u00ebs n\u00eb pushtet \u00ebsht\u00eb m\u00eb aktuale, le t\u00eb merremi pak m\u00eb gjat\u00eb me t\u00eb. S\u00eb pari, ajo sh\u00ebnoi transferimin e par\u00eb paq\u00ebsor t\u00eb pushtetit n\u00eb kushte normale, qysh nga themelimi i shtetit shqiptar. Dhe p\u00ebr nj\u00eb vend q\u00eb synon t\u00eb adoptoj\u00eb sistemin demokratik t\u00eb qeverisjes, nuk ka gj\u00eb m\u00eb t\u00eb r\u00ebnd\u00ebsishme se sa vet\u00eb alfa e sistemit \u2013 transferimi paq\u00ebsor i pushtetit n\u00eb kushte normale.<\/p>\n<p>M\u00eb tej, pavar\u00ebsisht se simbioza politik\u00eb-biznes-media vazhdoi lul\u00ebzimin n\u00ebn hijen e Berish\u00ebs, gj\u00ebrat nuk mbet\u00ebn nj\u00eblloj si n\u00eb koh\u00ebn kur qeveriste Nano. K\u00ebshtu, me ardhjen e Berish\u00ebs n\u00eb pushtet, edhe pse buxheti i shtetit mbeti n\u00eb nivelin 28-29 p\u00ebrqind t\u00eb Produktit t\u00eb Brendsh\u00ebm Bruto, raporti mes investimeve publike dhe shpenzimeve operative u p\u00ebrmir\u00ebsua. K\u00ebshtu, gjat\u00eb qeverisjes s\u00eb Nanos, investimet publike mezi arrit\u00ebn t\u00eb ngjiten deri n\u00eb nivelin 15% t\u00eb buxhetit t\u00eb shtetit, nd\u00ebrsa gjat\u00eb qeverisjes s\u00eb Berish\u00ebs, kan\u00eb kapur edhe nivelin 33% t\u00eb buxhetit n\u00eb vitin 2008, nd\u00ebrkoh\u00eb q\u00eb ende nuk kan\u00eb r\u00ebn\u00eb posht\u00eb 20 p\u00ebrqind\u00ebshit. Dhe investimet, sado q\u00eb mund t\u00eb shp\u00ebrdorohen gjat\u00eb tenderimeve, trup\u00ebzohen n\u00eb objekte q\u00eb kan\u00eb jet\u00eb t\u00eb gjat\u00eb. Nd\u00ebrsa shpenzimet operative treten n\u00eb xhepat e zyrtar\u00ebve, n\u00eb serbator\u00ebt e makinave shtet\u00ebrore, n\u00eb impulset e celular\u00ebve, etj. etj.<\/p>\n<p>Por, a duhet t\u00eb k\u00ebnaqemi me sukseset e pjesshme t\u00eb Met\u00ebs, Ram\u00ebs, e Berish\u00ebs, nd\u00ebrkoh\u00eb q\u00eb oktapodi politik\u00eb-biznes-media ka vazhduar t\u00eb majmet n\u00ebn hijen e tyre? Mendja ta do se shumica e shqiptar\u00ebve do t\u00eb d\u00ebshironte nj\u00eb sistem puritan politiko-ekonomiko-mediatik, t\u00eb bazuar n\u00eb meritokraci dhe ndershm\u00ebri (t\u00eb ngjash\u00ebm me t\u00eb Danimark\u00ebs, p\u00ebr shembull). Por e keqja \u00ebsht\u00eb se historia bot\u00ebrore ka treguar q\u00eb rruga drejt nj\u00eb sistemi t\u00eb till\u00eb \u00ebsht\u00eb shum\u00eb e gjat\u00eb dhe me shum\u00eb kthesa.<\/p>\n<p>K\u00ebshtu, po t\u00eb g\u00ebrmosh n\u00eb arkivat e gazetave amerikane t\u00eb shekullit 19, do t\u00eb gjesh skandale shum\u00eb t\u00eb shpeshta korrupsioni t\u00eb elit\u00ebs politiko-ekonomike. Vet\u00eb pasurimi marramend\u00ebs i t\u00eb mbiquajturve \u201cbaron\u00eb pla\u00e7kit\u00ebs\u201d, si Rok\u00ebfeller, Morgan, Stanford, Karnegi, Hopkins, e shum\u00eb t\u00eb tjer\u00eb, i pati rr\u00ebnj\u00ebt n\u00eb mbylljen prej politikan\u00ebve t\u00eb nj\u00ebrit sy e t\u00eb nj\u00ebrit vesh. (P\u00ebr Rok\u00ebfellerin thuhet se ka th\u00ebn\u00eb: \u201cVet\u00ebm mos m\u00eb pyesni sesi e kam fituar milionin e par\u00eb; p\u00ebr t\u00eb tjerat u tregoj gjith\u00e7ka\u201d) Nd\u00ebrsa po ta hedh\u00ebsh v\u00ebshtrimin m\u00eb af\u00ebr n\u00eb koh\u00eb dhe hap\u00ebsir\u00eb \u2013 n\u00eb Italin\u00eb fqinje \u2013 65 vjet\u00ebt e fundit ofrojn\u00eb shembuj t\u00eb panum\u00ebrt t\u00eb nj\u00eb oktapodi politik\u00eb-biznes-media q\u00eb majmet n\u00eb kurriz t\u00eb publikut, nd\u00ebrkoh\u00eb q\u00eb vendi, ama, vazhdon rrug\u00ebn e mundimshme t\u00eb zhvillimit ekonomik (Pavar\u00ebsisht nga gjith\u00e7ka, prej vitit 1970 e k\u00ebtej, kurba e rritjes s\u00eb PBB-s\u00eb p\u00ebr frym\u00eb n\u00eb Itali ka ndjekur pothuaj hap pas hapi at\u00eb t\u00eb Gjermanis\u00eb).<\/p>\n<p>Duke u kthyer n\u00eb Shqip\u00ebri, rishtrojm\u00eb pyetjen n\u00ebse simbioza politik\u00eb-biznes-media \u00ebsht\u00eb e keqja m\u00eb e madhe aktualisht p\u00ebr ne. Un\u00eb do t\u00eb p\u00ebrgjigjesha se \u00ebsht\u00eb e keqja m\u00eb e vog\u00ebl. E keqja m\u00eb e madhe p\u00ebr Shqip\u00ebrin\u00eb do t\u00eb jet\u00eb n\u00eb qoft\u00eb se zgjedhjet e 2013-\u00ebs nuk do t\u00eb realizojn\u00eb transferimin e pushtetit n\u00eb m\u00ebnyr\u00eb paq\u00ebsore p\u00ebr t\u00eb dyt\u00ebn her\u00eb radhazi (n\u00eb m\u00ebnyr\u00eb t\u00eb ngjashme me ato t\u00eb 2005-\u00ebs), ose n\u00eb qoft\u00eb se Berisha do t\u00eb mbetet n\u00eb pushtet fal\u00eb zgjedhjeve t\u00eb kontestuara nga opozita dhe komuniteti nd\u00ebrkomb\u00ebtar. Kjo e fundit, sepse nj\u00eb pal\u00eb zgjedhje t\u00eb kontestuara apo, m\u00eb keq akoma, t\u00eb dhunshme, do ta zgjasnin deri n\u00eb dhimbje tranzicionin ton\u00eb drejt demokracis\u00eb. Dhe demokracia ka treguar nd\u00ebr shekuj se, pavar\u00ebsisht nga ngadal\u00ebsia e breshk\u00ebs n\u00eb purifikimin e sistemit, \u00ebsht\u00eb mjeti m\u00eb i mir\u00eb p\u00ebr t\u00eb siguruar zhvillim gradual afatgjat\u00eb t\u00eb nj\u00eb vendi.<\/p>\n<p>*<em>respublica.al<\/em><\/p>\n","protected":false},"excerpt":{"rendered":"<p>Nga Eduard Zaloshnja, 1 Dhjetor 2011 Para zgjedhjeve t\u00eb vitit 2005, maksima \u201cT\u00eb pranojm\u00eb t\u00eb keqen m\u00eb t\u00eb vog\u00ebl\u201d p\u00ebrdorej shpesh n\u00eb mediat dhe kafenet\u00eb shqiptare, kur krahasohej qeverisja e at\u00ebhershme e Nanos me qeverisjen e pritshme t\u00eb Berish\u00ebs. Dhe kjo maksim\u00eb sulmohej nga disa opinionist\u00eb t\u00eb pavarur, nga nj\u00eb pozit\u00eb morale q\u00eb s\u2019kishte t\u00eb [&hellip;]<\/p>\n","protected":false},"author":1,"featured_media":0,"comment_status":"open","ping_status":"closed","sticky":false,"template":"","format":"standard","meta":{"footnotes":""},"categories":[2],"tags":[],"class_list":{"0":"post-412","1":"post","2":"type-post","3":"status-publish","4":"format-standard","6":"category-artikuj"},"yoast_head":"<!-- This site is optimized with the Yoast SEO plugin v27.4 - https:\/\/yoast.com\/product\/yoast-seo-wordpress\/ -->\n<title>E keqja m\u00eb e madhe dhe m\u00eb e vog\u00ebl - FjALA e LIR\u00cb - Arkivi<\/title>\n<meta name=\"robots\" content=\"index, follow, max-snippet:-1, max-image-preview:large, max-video-preview:-1\" \/>\n<link rel=\"canonical\" href=\"https:\/\/fjala.info\/2009-2015\/e-keqja-me-e-madhe-dhe-me-e-vogel\/\" \/>\n<meta property=\"og:locale\" content=\"sq_AL\" \/>\n<meta property=\"og:type\" content=\"article\" \/>\n<meta property=\"og:title\" content=\"E keqja m\u00eb e madhe dhe m\u00eb e vog\u00ebl - FjALA e LIR\u00cb - Arkivi\" \/>\n<meta property=\"og:description\" content=\"Nga Eduard Zaloshnja, 1 Dhjetor 2011 Para zgjedhjeve t\u00eb vitit 2005, maksima \u201cT\u00eb pranojm\u00eb t\u00eb keqen m\u00eb t\u00eb vog\u00ebl\u201d p\u00ebrdorej shpesh n\u00eb mediat dhe kafenet\u00eb shqiptare, kur krahasohej qeverisja e at\u00ebhershme e Nanos me qeverisjen e pritshme t\u00eb Berish\u00ebs. Dhe kjo maksim\u00eb sulmohej nga disa opinionist\u00eb t\u00eb pavarur, nga nj\u00eb pozit\u00eb morale q\u00eb s\u2019kishte t\u00eb [&hellip;]\" \/>\n<meta property=\"og:url\" content=\"https:\/\/fjala.info\/2009-2015\/e-keqja-me-e-madhe-dhe-me-e-vogel\/\" \/>\n<meta property=\"og:site_name\" content=\"FjALA e LIR\u00cb - Arkivi\" \/>\n<meta property=\"article:published_time\" content=\"2011-12-01T21:05:37+00:00\" \/>\n<meta property=\"og:image\" content=\"http:\/\/www.shkoder.net\/images\/fjala\/eduard_zaloshnja.jpg\" \/>\n<meta name=\"author\" content=\"admin\" \/>\n<meta name=\"twitter:card\" content=\"summary_large_image\" \/>\n<meta name=\"twitter:label1\" content=\"Written by\" \/>\n\t<meta name=\"twitter:data1\" content=\"admin\" \/>\n\t<meta name=\"twitter:label2\" content=\"Est. reading time\" \/>\n\t<meta name=\"twitter:data2\" content=\"5 minutes\" \/>\n<script type=\"application\/ld+json\" class=\"yoast-schema-graph\">{\"@context\":\"https:\\\/\\\/schema.org\",\"@graph\":[{\"@type\":\"Article\",\"@id\":\"https:\\\/\\\/fjala.info\\\/2009-2015\\\/e-keqja-me-e-madhe-dhe-me-e-vogel\\\/#article\",\"isPartOf\":{\"@id\":\"https:\\\/\\\/fjala.info\\\/2009-2015\\\/e-keqja-me-e-madhe-dhe-me-e-vogel\\\/\"},\"author\":{\"name\":\"admin\",\"@id\":\"https:\\\/\\\/fjala.info\\\/2009-2015\\\/#\\\/schema\\\/person\\\/3aa1163ef05469c496fc94e77611ada2\"},\"headline\":\"E keqja m\u00eb e madhe dhe m\u00eb e vog\u00ebl\",\"datePublished\":\"2011-12-01T21:05:37+00:00\",\"mainEntityOfPage\":{\"@id\":\"https:\\\/\\\/fjala.info\\\/2009-2015\\\/e-keqja-me-e-madhe-dhe-me-e-vogel\\\/\"},\"wordCount\":988,\"commentCount\":0,\"publisher\":{\"@id\":\"https:\\\/\\\/fjala.info\\\/2009-2015\\\/#organization\"},\"image\":{\"@id\":\"https:\\\/\\\/fjala.info\\\/2009-2015\\\/e-keqja-me-e-madhe-dhe-me-e-vogel\\\/#primaryimage\"},\"thumbnailUrl\":\"http:\\\/\\\/www.shkoder.net\\\/images\\\/fjala\\\/eduard_zaloshnja.jpg\",\"articleSection\":[\"Artikuj\"],\"inLanguage\":\"sq-AL\",\"potentialAction\":[{\"@type\":\"CommentAction\",\"name\":\"Comment\",\"target\":[\"https:\\\/\\\/fjala.info\\\/2009-2015\\\/e-keqja-me-e-madhe-dhe-me-e-vogel\\\/#respond\"]}]},{\"@type\":\"WebPage\",\"@id\":\"https:\\\/\\\/fjala.info\\\/2009-2015\\\/e-keqja-me-e-madhe-dhe-me-e-vogel\\\/\",\"url\":\"https:\\\/\\\/fjala.info\\\/2009-2015\\\/e-keqja-me-e-madhe-dhe-me-e-vogel\\\/\",\"name\":\"E keqja m\u00eb e madhe dhe m\u00eb e vog\u00ebl - FjALA e LIR\u00cb - Arkivi\",\"isPartOf\":{\"@id\":\"https:\\\/\\\/fjala.info\\\/2009-2015\\\/#website\"},\"primaryImageOfPage\":{\"@id\":\"https:\\\/\\\/fjala.info\\\/2009-2015\\\/e-keqja-me-e-madhe-dhe-me-e-vogel\\\/#primaryimage\"},\"image\":{\"@id\":\"https:\\\/\\\/fjala.info\\\/2009-2015\\\/e-keqja-me-e-madhe-dhe-me-e-vogel\\\/#primaryimage\"},\"thumbnailUrl\":\"http:\\\/\\\/www.shkoder.net\\\/images\\\/fjala\\\/eduard_zaloshnja.jpg\",\"datePublished\":\"2011-12-01T21:05:37+00:00\",\"breadcrumb\":{\"@id\":\"https:\\\/\\\/fjala.info\\\/2009-2015\\\/e-keqja-me-e-madhe-dhe-me-e-vogel\\\/#breadcrumb\"},\"inLanguage\":\"sq-AL\",\"potentialAction\":[{\"@type\":\"ReadAction\",\"target\":[\"https:\\\/\\\/fjala.info\\\/2009-2015\\\/e-keqja-me-e-madhe-dhe-me-e-vogel\\\/\"]}]},{\"@type\":\"ImageObject\",\"inLanguage\":\"sq-AL\",\"@id\":\"https:\\\/\\\/fjala.info\\\/2009-2015\\\/e-keqja-me-e-madhe-dhe-me-e-vogel\\\/#primaryimage\",\"url\":\"http:\\\/\\\/www.shkoder.net\\\/images\\\/fjala\\\/eduard_zaloshnja.jpg\",\"contentUrl\":\"http:\\\/\\\/www.shkoder.net\\\/images\\\/fjala\\\/eduard_zaloshnja.jpg\"},{\"@type\":\"BreadcrumbList\",\"@id\":\"https:\\\/\\\/fjala.info\\\/2009-2015\\\/e-keqja-me-e-madhe-dhe-me-e-vogel\\\/#breadcrumb\",\"itemListElement\":[{\"@type\":\"ListItem\",\"position\":1,\"name\":\"Home\",\"item\":\"https:\\\/\\\/fjala.info\\\/2009-2015\\\/\"},{\"@type\":\"ListItem\",\"position\":2,\"name\":\"E keqja m\u00eb e madhe dhe m\u00eb e vog\u00ebl\"}]},{\"@type\":\"WebSite\",\"@id\":\"https:\\\/\\\/fjala.info\\\/2009-2015\\\/#website\",\"url\":\"https:\\\/\\\/fjala.info\\\/2009-2015\\\/\",\"name\":\"FjALA e LIR\u00cb - Arkivi\",\"description\":\"Arkivi 2009-2015\",\"publisher\":{\"@id\":\"https:\\\/\\\/fjala.info\\\/2009-2015\\\/#organization\"},\"potentialAction\":[{\"@type\":\"SearchAction\",\"target\":{\"@type\":\"EntryPoint\",\"urlTemplate\":\"https:\\\/\\\/fjala.info\\\/2009-2015\\\/?s={search_term_string}\"},\"query-input\":{\"@type\":\"PropertyValueSpecification\",\"valueRequired\":true,\"valueName\":\"search_term_string\"}}],\"inLanguage\":\"sq-AL\"},{\"@type\":\"Organization\",\"@id\":\"https:\\\/\\\/fjala.info\\\/2009-2015\\\/#organization\",\"name\":\"FjALA e LIR\u00cb - Arkivi\",\"url\":\"https:\\\/\\\/fjala.info\\\/2009-2015\\\/\",\"logo\":{\"@type\":\"ImageObject\",\"inLanguage\":\"sq-AL\",\"@id\":\"https:\\\/\\\/fjala.info\\\/2009-2015\\\/#\\\/schema\\\/logo\\\/image\\\/\",\"url\":\"\",\"contentUrl\":\"\",\"caption\":\"FjALA e LIR\u00cb - Arkivi\"},\"image\":{\"@id\":\"https:\\\/\\\/fjala.info\\\/2009-2015\\\/#\\\/schema\\\/logo\\\/image\\\/\"}},{\"@type\":\"Person\",\"@id\":\"https:\\\/\\\/fjala.info\\\/2009-2015\\\/#\\\/schema\\\/person\\\/3aa1163ef05469c496fc94e77611ada2\",\"name\":\"admin\",\"image\":{\"@type\":\"ImageObject\",\"inLanguage\":\"sq-AL\",\"@id\":\"https:\\\/\\\/fjala.info\\\/2009-2015\\\/wp-content\\\/uploads\\\/2012\\\/02\\\/arben_cokaj-120x150.jpg\",\"url\":\"https:\\\/\\\/fjala.info\\\/2009-2015\\\/wp-content\\\/uploads\\\/2012\\\/02\\\/arben_cokaj-120x150.jpg\",\"contentUrl\":\"https:\\\/\\\/fjala.info\\\/2009-2015\\\/wp-content\\\/uploads\\\/2012\\\/02\\\/arben_cokaj-120x150.jpg\",\"caption\":\"admin\"},\"description\":\"Admin, Fjala e Lir\u00eb\",\"sameAs\":[\"https:\\\/\\\/fjala.info\\\/\"],\"url\":\"https:\\\/\\\/fjala.info\\\/2009-2015\\\/author\\\/admin\\\/\"}]}<\/script>\n<!-- \/ Yoast SEO plugin. -->","yoast_head_json":{"title":"E keqja m\u00eb e madhe dhe m\u00eb e vog\u00ebl - FjALA e LIR\u00cb - Arkivi","robots":{"index":"index","follow":"follow","max-snippet":"max-snippet:-1","max-image-preview":"max-image-preview:large","max-video-preview":"max-video-preview:-1"},"canonical":"https:\/\/fjala.info\/2009-2015\/e-keqja-me-e-madhe-dhe-me-e-vogel\/","og_locale":"sq_AL","og_type":"article","og_title":"E keqja m\u00eb e madhe dhe m\u00eb e vog\u00ebl - FjALA e LIR\u00cb - Arkivi","og_description":"Nga Eduard Zaloshnja, 1 Dhjetor 2011 Para zgjedhjeve t\u00eb vitit 2005, maksima \u201cT\u00eb pranojm\u00eb t\u00eb keqen m\u00eb t\u00eb vog\u00ebl\u201d p\u00ebrdorej shpesh n\u00eb mediat dhe kafenet\u00eb shqiptare, kur krahasohej qeverisja e at\u00ebhershme e Nanos me qeverisjen e pritshme t\u00eb Berish\u00ebs. Dhe kjo maksim\u00eb sulmohej nga disa opinionist\u00eb t\u00eb pavarur, nga nj\u00eb pozit\u00eb morale q\u00eb s\u2019kishte t\u00eb [&hellip;]","og_url":"https:\/\/fjala.info\/2009-2015\/e-keqja-me-e-madhe-dhe-me-e-vogel\/","og_site_name":"FjALA e LIR\u00cb - Arkivi","article_published_time":"2011-12-01T21:05:37+00:00","og_image":[{"url":"http:\/\/www.shkoder.net\/images\/fjala\/eduard_zaloshnja.jpg","type":"","width":"","height":""}],"author":"admin","twitter_card":"summary_large_image","twitter_misc":{"Written by":"admin","Est. reading time":"5 minutes"},"schema":{"@context":"https:\/\/schema.org","@graph":[{"@type":"Article","@id":"https:\/\/fjala.info\/2009-2015\/e-keqja-me-e-madhe-dhe-me-e-vogel\/#article","isPartOf":{"@id":"https:\/\/fjala.info\/2009-2015\/e-keqja-me-e-madhe-dhe-me-e-vogel\/"},"author":{"name":"admin","@id":"https:\/\/fjala.info\/2009-2015\/#\/schema\/person\/3aa1163ef05469c496fc94e77611ada2"},"headline":"E keqja m\u00eb e madhe dhe m\u00eb e vog\u00ebl","datePublished":"2011-12-01T21:05:37+00:00","mainEntityOfPage":{"@id":"https:\/\/fjala.info\/2009-2015\/e-keqja-me-e-madhe-dhe-me-e-vogel\/"},"wordCount":988,"commentCount":0,"publisher":{"@id":"https:\/\/fjala.info\/2009-2015\/#organization"},"image":{"@id":"https:\/\/fjala.info\/2009-2015\/e-keqja-me-e-madhe-dhe-me-e-vogel\/#primaryimage"},"thumbnailUrl":"http:\/\/www.shkoder.net\/images\/fjala\/eduard_zaloshnja.jpg","articleSection":["Artikuj"],"inLanguage":"sq-AL","potentialAction":[{"@type":"CommentAction","name":"Comment","target":["https:\/\/fjala.info\/2009-2015\/e-keqja-me-e-madhe-dhe-me-e-vogel\/#respond"]}]},{"@type":"WebPage","@id":"https:\/\/fjala.info\/2009-2015\/e-keqja-me-e-madhe-dhe-me-e-vogel\/","url":"https:\/\/fjala.info\/2009-2015\/e-keqja-me-e-madhe-dhe-me-e-vogel\/","name":"E keqja m\u00eb e madhe dhe m\u00eb e vog\u00ebl - FjALA e LIR\u00cb - Arkivi","isPartOf":{"@id":"https:\/\/fjala.info\/2009-2015\/#website"},"primaryImageOfPage":{"@id":"https:\/\/fjala.info\/2009-2015\/e-keqja-me-e-madhe-dhe-me-e-vogel\/#primaryimage"},"image":{"@id":"https:\/\/fjala.info\/2009-2015\/e-keqja-me-e-madhe-dhe-me-e-vogel\/#primaryimage"},"thumbnailUrl":"http:\/\/www.shkoder.net\/images\/fjala\/eduard_zaloshnja.jpg","datePublished":"2011-12-01T21:05:37+00:00","breadcrumb":{"@id":"https:\/\/fjala.info\/2009-2015\/e-keqja-me-e-madhe-dhe-me-e-vogel\/#breadcrumb"},"inLanguage":"sq-AL","potentialAction":[{"@type":"ReadAction","target":["https:\/\/fjala.info\/2009-2015\/e-keqja-me-e-madhe-dhe-me-e-vogel\/"]}]},{"@type":"ImageObject","inLanguage":"sq-AL","@id":"https:\/\/fjala.info\/2009-2015\/e-keqja-me-e-madhe-dhe-me-e-vogel\/#primaryimage","url":"http:\/\/www.shkoder.net\/images\/fjala\/eduard_zaloshnja.jpg","contentUrl":"http:\/\/www.shkoder.net\/images\/fjala\/eduard_zaloshnja.jpg"},{"@type":"BreadcrumbList","@id":"https:\/\/fjala.info\/2009-2015\/e-keqja-me-e-madhe-dhe-me-e-vogel\/#breadcrumb","itemListElement":[{"@type":"ListItem","position":1,"name":"Home","item":"https:\/\/fjala.info\/2009-2015\/"},{"@type":"ListItem","position":2,"name":"E keqja m\u00eb e madhe dhe m\u00eb e vog\u00ebl"}]},{"@type":"WebSite","@id":"https:\/\/fjala.info\/2009-2015\/#website","url":"https:\/\/fjala.info\/2009-2015\/","name":"FjALA e LIR\u00cb - Arkivi","description":"Arkivi 2009-2015","publisher":{"@id":"https:\/\/fjala.info\/2009-2015\/#organization"},"potentialAction":[{"@type":"SearchAction","target":{"@type":"EntryPoint","urlTemplate":"https:\/\/fjala.info\/2009-2015\/?s={search_term_string}"},"query-input":{"@type":"PropertyValueSpecification","valueRequired":true,"valueName":"search_term_string"}}],"inLanguage":"sq-AL"},{"@type":"Organization","@id":"https:\/\/fjala.info\/2009-2015\/#organization","name":"FjALA e LIR\u00cb - Arkivi","url":"https:\/\/fjala.info\/2009-2015\/","logo":{"@type":"ImageObject","inLanguage":"sq-AL","@id":"https:\/\/fjala.info\/2009-2015\/#\/schema\/logo\/image\/","url":"","contentUrl":"","caption":"FjALA e LIR\u00cb - Arkivi"},"image":{"@id":"https:\/\/fjala.info\/2009-2015\/#\/schema\/logo\/image\/"}},{"@type":"Person","@id":"https:\/\/fjala.info\/2009-2015\/#\/schema\/person\/3aa1163ef05469c496fc94e77611ada2","name":"admin","image":{"@type":"ImageObject","inLanguage":"sq-AL","@id":"https:\/\/fjala.info\/2009-2015\/wp-content\/uploads\/2012\/02\/arben_cokaj-120x150.jpg","url":"https:\/\/fjala.info\/2009-2015\/wp-content\/uploads\/2012\/02\/arben_cokaj-120x150.jpg","contentUrl":"https:\/\/fjala.info\/2009-2015\/wp-content\/uploads\/2012\/02\/arben_cokaj-120x150.jpg","caption":"admin"},"description":"Admin, Fjala e Lir\u00eb","sameAs":["https:\/\/fjala.info\/"],"url":"https:\/\/fjala.info\/2009-2015\/author\/admin\/"}]}},"_links":{"self":[{"href":"https:\/\/fjala.info\/2009-2015\/wp-json\/wp\/v2\/posts\/412","targetHints":{"allow":["GET"]}}],"collection":[{"href":"https:\/\/fjala.info\/2009-2015\/wp-json\/wp\/v2\/posts"}],"about":[{"href":"https:\/\/fjala.info\/2009-2015\/wp-json\/wp\/v2\/types\/post"}],"author":[{"embeddable":true,"href":"https:\/\/fjala.info\/2009-2015\/wp-json\/wp\/v2\/users\/1"}],"replies":[{"embeddable":true,"href":"https:\/\/fjala.info\/2009-2015\/wp-json\/wp\/v2\/comments?post=412"}],"version-history":[{"count":0,"href":"https:\/\/fjala.info\/2009-2015\/wp-json\/wp\/v2\/posts\/412\/revisions"}],"wp:attachment":[{"href":"https:\/\/fjala.info\/2009-2015\/wp-json\/wp\/v2\/media?parent=412"}],"wp:term":[{"taxonomy":"category","embeddable":true,"href":"https:\/\/fjala.info\/2009-2015\/wp-json\/wp\/v2\/categories?post=412"},{"taxonomy":"post_tag","embeddable":true,"href":"https:\/\/fjala.info\/2009-2015\/wp-json\/wp\/v2\/tags?post=412"}],"curies":[{"name":"wp","href":"https:\/\/api.w.org\/{rel}","templated":true}]}}