{"id":4118,"date":"2012-08-01T08:02:19","date_gmt":"2012-08-01T07:02:19","guid":{"rendered":"http:\/\/www.fjala.info\/?p=4118"},"modified":"2012-08-01T08:02:19","modified_gmt":"2012-08-01T07:02:19","slug":"majko-dhe-brace-reagojne-per-falenderimet-e-leka-zogut-ii-ndaj-ruseve","status":"publish","type":"post","link":"https:\/\/fjala.info\/2009-2015\/majko-dhe-brace-reagojne-per-falenderimet-e-leka-zogut-ii-ndaj-ruseve\/","title":{"rendered":"Majko dhe Bra\u00e7e reagojn\u00eb p\u00ebr fal\u00ebnderimet e Leka Zogut II ndaj rus\u00ebve"},"content":{"rendered":"<p><img decoding=\"async\" class=\"alignright size-thumbnail wp-image-7236\" title=\"Leka Zogu II\" src=\"http:\/\/www.fjala.info\/2012\/leka_zogu2.jpg\" alt=\"\" width=\"300\" \/> <strong>TemA<\/strong>, <em>31 Korrik 2012<\/em><\/p>\n<p>N\u00eb nj\u00eb intervist\u00eb p\u00ebr gazet\u00ebn ruse \u201cEkho planety\u201d t\u00eb 27 korrikut 2012, Leka Zogu II tha se ishte mir\u00ebnjoh\u00ebs ndaj rus\u00ebve q\u00eb ndihmuan gjyshin e tij Ahmet Zogu t\u00eb kthehej n\u00eb pushtet m\u00eb \u201824.<\/p>\n<p>\u201c<em>N\u00eb dhjetor t\u00eb vitit 1924, 7000 ushtar\u00eb shqiptar\u00eb nuk ishin n\u00eb gjendje t\u00eb p\u00ebrballonin qindra oficer\u00eb rus\u00eb, t\u00eb cil\u00ebt, pas dy jav\u00ebsh t\u00eb luftimeve me gjyshin tim erdh\u00ebn n\u00eb Tiran\u00eb. Pas k\u00ebsaj Shqip\u00ebria u shpall republik\u00eb, president i t\u00eb cil\u00ebs ishte Ahmet Zogu. Un\u00eb u jam p\u00ebrjet\u00ebsisht mir\u00ebnjoh\u00ebs emigrant\u00ebve rus\u00eb, t\u00eb cil\u00ebt e mb\u00ebshtet\u00ebn gjyshin tim dhe k\u00ebshtu ndryshoi rrjedha e historis\u00eb dhe s\u00eb paku, disa p\u00ebr disa koh\u00eb e vonuan vendosjen e regjimit komunist n\u00eb Shqip\u00ebri<\/em>,\u201d tha Leka Zogu II.<\/p>\n<p>Deklarata e tij ka ngjallur reagimin e dy deputet\u00ebve t\u00eb majt\u00eb, Pandeli Majko dhe Erion Bra\u00e7e.<\/p>\n<p>Majko ka n\u00ebnvizuar faktin se \u201c<em>nipi i Ahmet Zogut n\u00eb m\u00ebnyr\u00ebn m\u00eb t\u00eb sinqert\u00eb dhe m\u00eb me edukat\u00eb ka pranuar at\u00eb q\u00eb e din\u00eb t\u00eb gjith\u00eb dhe q\u00eb \u00ebsht\u00eb nj\u00eb fakt historik, q\u00eb Zogu u rikthye n\u00eb pushtet p\u00ebrmes bajonetave ruse dhe serbe<\/em>\u201d.<\/p>\n<p>Sipas Majkos, k\u00ebt\u00eb e ka shkruar n\u00eb shtypin amerikan dhe ish-ambasadori amerikan n\u00eb Shqip\u00ebri, Bernstein. Dhe p\u00ebr m\u00eb tep\u00ebr q\u00eb sipas Majkos, historia ka vijuar pastaj me rus\u00ebt e kuq t\u00eb Stalinit, por q\u00eb s\u00ebrish n\u00ebnvizon se vijon ende kjo mb\u00ebshtetje e rus\u00ebve n\u00eb Shqip\u00ebri, duke l\u00ebn\u00eb p\u00ebr t\u00eb kuptuar dhe qeverisjen aktuale.<\/p>\n<p>Kurse deputeti socialist, duke ironizuar ndaj princ Lek\u00ebs, shkroi n\u00eb statusin e tij n\u00eb Facebook se \u201c<em>i biri i Lek\u00ebs dhe nipi i Ahmet Zogut, ky q\u00eb e th\u00ebrrasin \u201cPrinc Leka\u201d, i qenka mir\u00ebnjoh\u00ebs \u201cBjello gardist\u00ebve\u201d rus\u00eb q\u00eb rr\u00ebzuan qeverin\u00eb e Fan Nolit dhe soll\u00ebn n\u00eb pushtet Ahmet Zogun!<\/em>\u201d.<\/p>\n<p>\u201c<em>A doni m\u00eb prova?<\/em>\u201d, shkruan Bra\u00e7e, teksa vijon \u201c<em>ky \u00ebsht\u00eb k\u00ebshilltari politik i presidentit Bujar Nishani<\/em>\u201d.<\/p>\n","protected":false},"excerpt":{"rendered":"<p>TemA, 31 Korrik 2012 N\u00eb nj\u00eb intervist\u00eb p\u00ebr gazet\u00ebn ruse \u201cEkho planety\u201d t\u00eb 27 korrikut 2012, Leka Zogu II tha se ishte mir\u00ebnjoh\u00ebs ndaj rus\u00ebve q\u00eb ndihmuan gjyshin e tij Ahmet Zogu t\u00eb kthehej n\u00eb pushtet m\u00eb \u201824. \u201cN\u00eb dhjetor t\u00eb vitit 1924, 7000 ushtar\u00eb shqiptar\u00eb nuk ishin n\u00eb gjendje t\u00eb p\u00ebrballonin qindra oficer\u00eb rus\u00eb, [&hellip;]<\/p>\n","protected":false},"author":1,"featured_media":0,"comment_status":"open","ping_status":"closed","sticky":false,"template":"","format":"standard","meta":{"footnotes":""},"categories":[2],"tags":[],"class_list":{"0":"post-4118","1":"post","2":"type-post","3":"status-publish","4":"format-standard","6":"category-artikuj"},"yoast_head":"<!-- This site is optimized with the Yoast SEO plugin v27.4 - https:\/\/yoast.com\/product\/yoast-seo-wordpress\/ -->\n<title>Majko dhe Bra\u00e7e reagojn\u00eb p\u00ebr fal\u00ebnderimet e Leka Zogut II ndaj rus\u00ebve - FjALA e LIR\u00cb - Arkivi<\/title>\n<meta name=\"robots\" content=\"index, follow, max-snippet:-1, max-image-preview:large, max-video-preview:-1\" \/>\n<link rel=\"canonical\" href=\"https:\/\/fjala.info\/2009-2015\/majko-dhe-brace-reagojne-per-falenderimet-e-leka-zogut-ii-ndaj-ruseve\/\" \/>\n<meta property=\"og:locale\" content=\"sq_AL\" \/>\n<meta property=\"og:type\" content=\"article\" \/>\n<meta property=\"og:title\" content=\"Majko dhe Bra\u00e7e reagojn\u00eb p\u00ebr fal\u00ebnderimet e Leka Zogut II ndaj rus\u00ebve - FjALA e LIR\u00cb - Arkivi\" \/>\n<meta property=\"og:description\" content=\"TemA, 31 Korrik 2012 N\u00eb nj\u00eb intervist\u00eb p\u00ebr gazet\u00ebn ruse \u201cEkho planety\u201d t\u00eb 27 korrikut 2012, Leka Zogu II tha se ishte mir\u00ebnjoh\u00ebs ndaj rus\u00ebve q\u00eb ndihmuan gjyshin e tij Ahmet Zogu t\u00eb kthehej n\u00eb pushtet m\u00eb \u201824. \u201cN\u00eb dhjetor t\u00eb vitit 1924, 7000 ushtar\u00eb shqiptar\u00eb nuk ishin n\u00eb gjendje t\u00eb p\u00ebrballonin qindra oficer\u00eb rus\u00eb, [&hellip;]\" \/>\n<meta property=\"og:url\" content=\"https:\/\/fjala.info\/2009-2015\/majko-dhe-brace-reagojne-per-falenderimet-e-leka-zogut-ii-ndaj-ruseve\/\" \/>\n<meta property=\"og:site_name\" content=\"FjALA e LIR\u00cb - Arkivi\" \/>\n<meta property=\"article:published_time\" content=\"2012-08-01T07:02:19+00:00\" \/>\n<meta property=\"og:image\" content=\"http:\/\/www.fjala.info\/2012\/leka_zogu2.jpg\" \/>\n<meta name=\"author\" content=\"admin\" \/>\n<meta name=\"twitter:card\" content=\"summary_large_image\" \/>\n<meta name=\"twitter:label1\" content=\"Written by\" \/>\n\t<meta name=\"twitter:data1\" content=\"admin\" \/>\n\t<meta name=\"twitter:label2\" content=\"Est. reading time\" \/>\n\t<meta name=\"twitter:data2\" content=\"2 minutes\" \/>\n<script type=\"application\/ld+json\" class=\"yoast-schema-graph\">{\"@context\":\"https:\\\/\\\/schema.org\",\"@graph\":[{\"@type\":\"Article\",\"@id\":\"https:\\\/\\\/fjala.info\\\/2009-2015\\\/majko-dhe-brace-reagojne-per-falenderimet-e-leka-zogut-ii-ndaj-ruseve\\\/#article\",\"isPartOf\":{\"@id\":\"https:\\\/\\\/fjala.info\\\/2009-2015\\\/majko-dhe-brace-reagojne-per-falenderimet-e-leka-zogut-ii-ndaj-ruseve\\\/\"},\"author\":{\"name\":\"admin\",\"@id\":\"https:\\\/\\\/fjala.info\\\/2009-2015\\\/#\\\/schema\\\/person\\\/3aa1163ef05469c496fc94e77611ada2\"},\"headline\":\"Majko dhe Bra\u00e7e reagojn\u00eb p\u00ebr fal\u00ebnderimet e Leka Zogut II ndaj rus\u00ebve\",\"datePublished\":\"2012-08-01T07:02:19+00:00\",\"mainEntityOfPage\":{\"@id\":\"https:\\\/\\\/fjala.info\\\/2009-2015\\\/majko-dhe-brace-reagojne-per-falenderimet-e-leka-zogut-ii-ndaj-ruseve\\\/\"},\"wordCount\":356,\"commentCount\":0,\"publisher\":{\"@id\":\"https:\\\/\\\/fjala.info\\\/2009-2015\\\/#organization\"},\"image\":{\"@id\":\"https:\\\/\\\/fjala.info\\\/2009-2015\\\/majko-dhe-brace-reagojne-per-falenderimet-e-leka-zogut-ii-ndaj-ruseve\\\/#primaryimage\"},\"thumbnailUrl\":\"http:\\\/\\\/www.fjala.info\\\/2012\\\/leka_zogu2.jpg\",\"articleSection\":[\"Artikuj\"],\"inLanguage\":\"sq-AL\",\"potentialAction\":[{\"@type\":\"CommentAction\",\"name\":\"Comment\",\"target\":[\"https:\\\/\\\/fjala.info\\\/2009-2015\\\/majko-dhe-brace-reagojne-per-falenderimet-e-leka-zogut-ii-ndaj-ruseve\\\/#respond\"]}]},{\"@type\":\"WebPage\",\"@id\":\"https:\\\/\\\/fjala.info\\\/2009-2015\\\/majko-dhe-brace-reagojne-per-falenderimet-e-leka-zogut-ii-ndaj-ruseve\\\/\",\"url\":\"https:\\\/\\\/fjala.info\\\/2009-2015\\\/majko-dhe-brace-reagojne-per-falenderimet-e-leka-zogut-ii-ndaj-ruseve\\\/\",\"name\":\"Majko dhe Bra\u00e7e reagojn\u00eb p\u00ebr fal\u00ebnderimet e Leka Zogut II ndaj rus\u00ebve - FjALA e LIR\u00cb - Arkivi\",\"isPartOf\":{\"@id\":\"https:\\\/\\\/fjala.info\\\/2009-2015\\\/#website\"},\"primaryImageOfPage\":{\"@id\":\"https:\\\/\\\/fjala.info\\\/2009-2015\\\/majko-dhe-brace-reagojne-per-falenderimet-e-leka-zogut-ii-ndaj-ruseve\\\/#primaryimage\"},\"image\":{\"@id\":\"https:\\\/\\\/fjala.info\\\/2009-2015\\\/majko-dhe-brace-reagojne-per-falenderimet-e-leka-zogut-ii-ndaj-ruseve\\\/#primaryimage\"},\"thumbnailUrl\":\"http:\\\/\\\/www.fjala.info\\\/2012\\\/leka_zogu2.jpg\",\"datePublished\":\"2012-08-01T07:02:19+00:00\",\"breadcrumb\":{\"@id\":\"https:\\\/\\\/fjala.info\\\/2009-2015\\\/majko-dhe-brace-reagojne-per-falenderimet-e-leka-zogut-ii-ndaj-ruseve\\\/#breadcrumb\"},\"inLanguage\":\"sq-AL\",\"potentialAction\":[{\"@type\":\"ReadAction\",\"target\":[\"https:\\\/\\\/fjala.info\\\/2009-2015\\\/majko-dhe-brace-reagojne-per-falenderimet-e-leka-zogut-ii-ndaj-ruseve\\\/\"]}]},{\"@type\":\"ImageObject\",\"inLanguage\":\"sq-AL\",\"@id\":\"https:\\\/\\\/fjala.info\\\/2009-2015\\\/majko-dhe-brace-reagojne-per-falenderimet-e-leka-zogut-ii-ndaj-ruseve\\\/#primaryimage\",\"url\":\"http:\\\/\\\/www.fjala.info\\\/2012\\\/leka_zogu2.jpg\",\"contentUrl\":\"http:\\\/\\\/www.fjala.info\\\/2012\\\/leka_zogu2.jpg\"},{\"@type\":\"BreadcrumbList\",\"@id\":\"https:\\\/\\\/fjala.info\\\/2009-2015\\\/majko-dhe-brace-reagojne-per-falenderimet-e-leka-zogut-ii-ndaj-ruseve\\\/#breadcrumb\",\"itemListElement\":[{\"@type\":\"ListItem\",\"position\":1,\"name\":\"Home\",\"item\":\"https:\\\/\\\/fjala.info\\\/2009-2015\\\/\"},{\"@type\":\"ListItem\",\"position\":2,\"name\":\"Majko dhe Bra\u00e7e reagojn\u00eb p\u00ebr fal\u00ebnderimet e Leka Zogut II ndaj rus\u00ebve\"}]},{\"@type\":\"WebSite\",\"@id\":\"https:\\\/\\\/fjala.info\\\/2009-2015\\\/#website\",\"url\":\"https:\\\/\\\/fjala.info\\\/2009-2015\\\/\",\"name\":\"FjALA e LIR\u00cb - Arkivi\",\"description\":\"Arkivi 2009-2015\",\"publisher\":{\"@id\":\"https:\\\/\\\/fjala.info\\\/2009-2015\\\/#organization\"},\"potentialAction\":[{\"@type\":\"SearchAction\",\"target\":{\"@type\":\"EntryPoint\",\"urlTemplate\":\"https:\\\/\\\/fjala.info\\\/2009-2015\\\/?s={search_term_string}\"},\"query-input\":{\"@type\":\"PropertyValueSpecification\",\"valueRequired\":true,\"valueName\":\"search_term_string\"}}],\"inLanguage\":\"sq-AL\"},{\"@type\":\"Organization\",\"@id\":\"https:\\\/\\\/fjala.info\\\/2009-2015\\\/#organization\",\"name\":\"FjALA e LIR\u00cb - Arkivi\",\"url\":\"https:\\\/\\\/fjala.info\\\/2009-2015\\\/\",\"logo\":{\"@type\":\"ImageObject\",\"inLanguage\":\"sq-AL\",\"@id\":\"https:\\\/\\\/fjala.info\\\/2009-2015\\\/#\\\/schema\\\/logo\\\/image\\\/\",\"url\":\"\",\"contentUrl\":\"\",\"caption\":\"FjALA e LIR\u00cb - Arkivi\"},\"image\":{\"@id\":\"https:\\\/\\\/fjala.info\\\/2009-2015\\\/#\\\/schema\\\/logo\\\/image\\\/\"}},{\"@type\":\"Person\",\"@id\":\"https:\\\/\\\/fjala.info\\\/2009-2015\\\/#\\\/schema\\\/person\\\/3aa1163ef05469c496fc94e77611ada2\",\"name\":\"admin\",\"image\":{\"@type\":\"ImageObject\",\"inLanguage\":\"sq-AL\",\"@id\":\"https:\\\/\\\/fjala.info\\\/2009-2015\\\/wp-content\\\/uploads\\\/2012\\\/02\\\/arben_cokaj-120x150.jpg\",\"url\":\"https:\\\/\\\/fjala.info\\\/2009-2015\\\/wp-content\\\/uploads\\\/2012\\\/02\\\/arben_cokaj-120x150.jpg\",\"contentUrl\":\"https:\\\/\\\/fjala.info\\\/2009-2015\\\/wp-content\\\/uploads\\\/2012\\\/02\\\/arben_cokaj-120x150.jpg\",\"caption\":\"admin\"},\"description\":\"Admin, Fjala e Lir\u00eb\",\"sameAs\":[\"https:\\\/\\\/fjala.info\\\/\"],\"url\":\"https:\\\/\\\/fjala.info\\\/2009-2015\\\/author\\\/admin\\\/\"}]}<\/script>\n<!-- \/ Yoast SEO plugin. -->","yoast_head_json":{"title":"Majko dhe Bra\u00e7e reagojn\u00eb p\u00ebr fal\u00ebnderimet e Leka Zogut II ndaj rus\u00ebve - FjALA e LIR\u00cb - Arkivi","robots":{"index":"index","follow":"follow","max-snippet":"max-snippet:-1","max-image-preview":"max-image-preview:large","max-video-preview":"max-video-preview:-1"},"canonical":"https:\/\/fjala.info\/2009-2015\/majko-dhe-brace-reagojne-per-falenderimet-e-leka-zogut-ii-ndaj-ruseve\/","og_locale":"sq_AL","og_type":"article","og_title":"Majko dhe Bra\u00e7e reagojn\u00eb p\u00ebr fal\u00ebnderimet e Leka Zogut II ndaj rus\u00ebve - FjALA e LIR\u00cb - Arkivi","og_description":"TemA, 31 Korrik 2012 N\u00eb nj\u00eb intervist\u00eb p\u00ebr gazet\u00ebn ruse \u201cEkho planety\u201d t\u00eb 27 korrikut 2012, Leka Zogu II tha se ishte mir\u00ebnjoh\u00ebs ndaj rus\u00ebve q\u00eb ndihmuan gjyshin e tij Ahmet Zogu t\u00eb kthehej n\u00eb pushtet m\u00eb \u201824. \u201cN\u00eb dhjetor t\u00eb vitit 1924, 7000 ushtar\u00eb shqiptar\u00eb nuk ishin n\u00eb gjendje t\u00eb p\u00ebrballonin qindra oficer\u00eb rus\u00eb, [&hellip;]","og_url":"https:\/\/fjala.info\/2009-2015\/majko-dhe-brace-reagojne-per-falenderimet-e-leka-zogut-ii-ndaj-ruseve\/","og_site_name":"FjALA e LIR\u00cb - Arkivi","article_published_time":"2012-08-01T07:02:19+00:00","og_image":[{"url":"http:\/\/www.fjala.info\/2012\/leka_zogu2.jpg","type":"","width":"","height":""}],"author":"admin","twitter_card":"summary_large_image","twitter_misc":{"Written by":"admin","Est. reading time":"2 minutes"},"schema":{"@context":"https:\/\/schema.org","@graph":[{"@type":"Article","@id":"https:\/\/fjala.info\/2009-2015\/majko-dhe-brace-reagojne-per-falenderimet-e-leka-zogut-ii-ndaj-ruseve\/#article","isPartOf":{"@id":"https:\/\/fjala.info\/2009-2015\/majko-dhe-brace-reagojne-per-falenderimet-e-leka-zogut-ii-ndaj-ruseve\/"},"author":{"name":"admin","@id":"https:\/\/fjala.info\/2009-2015\/#\/schema\/person\/3aa1163ef05469c496fc94e77611ada2"},"headline":"Majko dhe Bra\u00e7e reagojn\u00eb p\u00ebr fal\u00ebnderimet e Leka Zogut II ndaj rus\u00ebve","datePublished":"2012-08-01T07:02:19+00:00","mainEntityOfPage":{"@id":"https:\/\/fjala.info\/2009-2015\/majko-dhe-brace-reagojne-per-falenderimet-e-leka-zogut-ii-ndaj-ruseve\/"},"wordCount":356,"commentCount":0,"publisher":{"@id":"https:\/\/fjala.info\/2009-2015\/#organization"},"image":{"@id":"https:\/\/fjala.info\/2009-2015\/majko-dhe-brace-reagojne-per-falenderimet-e-leka-zogut-ii-ndaj-ruseve\/#primaryimage"},"thumbnailUrl":"http:\/\/www.fjala.info\/2012\/leka_zogu2.jpg","articleSection":["Artikuj"],"inLanguage":"sq-AL","potentialAction":[{"@type":"CommentAction","name":"Comment","target":["https:\/\/fjala.info\/2009-2015\/majko-dhe-brace-reagojne-per-falenderimet-e-leka-zogut-ii-ndaj-ruseve\/#respond"]}]},{"@type":"WebPage","@id":"https:\/\/fjala.info\/2009-2015\/majko-dhe-brace-reagojne-per-falenderimet-e-leka-zogut-ii-ndaj-ruseve\/","url":"https:\/\/fjala.info\/2009-2015\/majko-dhe-brace-reagojne-per-falenderimet-e-leka-zogut-ii-ndaj-ruseve\/","name":"Majko dhe Bra\u00e7e reagojn\u00eb p\u00ebr fal\u00ebnderimet e Leka Zogut II ndaj rus\u00ebve - FjALA e LIR\u00cb - Arkivi","isPartOf":{"@id":"https:\/\/fjala.info\/2009-2015\/#website"},"primaryImageOfPage":{"@id":"https:\/\/fjala.info\/2009-2015\/majko-dhe-brace-reagojne-per-falenderimet-e-leka-zogut-ii-ndaj-ruseve\/#primaryimage"},"image":{"@id":"https:\/\/fjala.info\/2009-2015\/majko-dhe-brace-reagojne-per-falenderimet-e-leka-zogut-ii-ndaj-ruseve\/#primaryimage"},"thumbnailUrl":"http:\/\/www.fjala.info\/2012\/leka_zogu2.jpg","datePublished":"2012-08-01T07:02:19+00:00","breadcrumb":{"@id":"https:\/\/fjala.info\/2009-2015\/majko-dhe-brace-reagojne-per-falenderimet-e-leka-zogut-ii-ndaj-ruseve\/#breadcrumb"},"inLanguage":"sq-AL","potentialAction":[{"@type":"ReadAction","target":["https:\/\/fjala.info\/2009-2015\/majko-dhe-brace-reagojne-per-falenderimet-e-leka-zogut-ii-ndaj-ruseve\/"]}]},{"@type":"ImageObject","inLanguage":"sq-AL","@id":"https:\/\/fjala.info\/2009-2015\/majko-dhe-brace-reagojne-per-falenderimet-e-leka-zogut-ii-ndaj-ruseve\/#primaryimage","url":"http:\/\/www.fjala.info\/2012\/leka_zogu2.jpg","contentUrl":"http:\/\/www.fjala.info\/2012\/leka_zogu2.jpg"},{"@type":"BreadcrumbList","@id":"https:\/\/fjala.info\/2009-2015\/majko-dhe-brace-reagojne-per-falenderimet-e-leka-zogut-ii-ndaj-ruseve\/#breadcrumb","itemListElement":[{"@type":"ListItem","position":1,"name":"Home","item":"https:\/\/fjala.info\/2009-2015\/"},{"@type":"ListItem","position":2,"name":"Majko dhe Bra\u00e7e reagojn\u00eb p\u00ebr fal\u00ebnderimet e Leka Zogut II ndaj rus\u00ebve"}]},{"@type":"WebSite","@id":"https:\/\/fjala.info\/2009-2015\/#website","url":"https:\/\/fjala.info\/2009-2015\/","name":"FjALA e LIR\u00cb - Arkivi","description":"Arkivi 2009-2015","publisher":{"@id":"https:\/\/fjala.info\/2009-2015\/#organization"},"potentialAction":[{"@type":"SearchAction","target":{"@type":"EntryPoint","urlTemplate":"https:\/\/fjala.info\/2009-2015\/?s={search_term_string}"},"query-input":{"@type":"PropertyValueSpecification","valueRequired":true,"valueName":"search_term_string"}}],"inLanguage":"sq-AL"},{"@type":"Organization","@id":"https:\/\/fjala.info\/2009-2015\/#organization","name":"FjALA e LIR\u00cb - Arkivi","url":"https:\/\/fjala.info\/2009-2015\/","logo":{"@type":"ImageObject","inLanguage":"sq-AL","@id":"https:\/\/fjala.info\/2009-2015\/#\/schema\/logo\/image\/","url":"","contentUrl":"","caption":"FjALA e LIR\u00cb - Arkivi"},"image":{"@id":"https:\/\/fjala.info\/2009-2015\/#\/schema\/logo\/image\/"}},{"@type":"Person","@id":"https:\/\/fjala.info\/2009-2015\/#\/schema\/person\/3aa1163ef05469c496fc94e77611ada2","name":"admin","image":{"@type":"ImageObject","inLanguage":"sq-AL","@id":"https:\/\/fjala.info\/2009-2015\/wp-content\/uploads\/2012\/02\/arben_cokaj-120x150.jpg","url":"https:\/\/fjala.info\/2009-2015\/wp-content\/uploads\/2012\/02\/arben_cokaj-120x150.jpg","contentUrl":"https:\/\/fjala.info\/2009-2015\/wp-content\/uploads\/2012\/02\/arben_cokaj-120x150.jpg","caption":"admin"},"description":"Admin, Fjala e Lir\u00eb","sameAs":["https:\/\/fjala.info\/"],"url":"https:\/\/fjala.info\/2009-2015\/author\/admin\/"}]}},"_links":{"self":[{"href":"https:\/\/fjala.info\/2009-2015\/wp-json\/wp\/v2\/posts\/4118","targetHints":{"allow":["GET"]}}],"collection":[{"href":"https:\/\/fjala.info\/2009-2015\/wp-json\/wp\/v2\/posts"}],"about":[{"href":"https:\/\/fjala.info\/2009-2015\/wp-json\/wp\/v2\/types\/post"}],"author":[{"embeddable":true,"href":"https:\/\/fjala.info\/2009-2015\/wp-json\/wp\/v2\/users\/1"}],"replies":[{"embeddable":true,"href":"https:\/\/fjala.info\/2009-2015\/wp-json\/wp\/v2\/comments?post=4118"}],"version-history":[{"count":0,"href":"https:\/\/fjala.info\/2009-2015\/wp-json\/wp\/v2\/posts\/4118\/revisions"}],"wp:attachment":[{"href":"https:\/\/fjala.info\/2009-2015\/wp-json\/wp\/v2\/media?parent=4118"}],"wp:term":[{"taxonomy":"category","embeddable":true,"href":"https:\/\/fjala.info\/2009-2015\/wp-json\/wp\/v2\/categories?post=4118"},{"taxonomy":"post_tag","embeddable":true,"href":"https:\/\/fjala.info\/2009-2015\/wp-json\/wp\/v2\/tags?post=4118"}],"curies":[{"name":"wp","href":"https:\/\/api.w.org\/{rel}","templated":true}]}}