{"id":4116,"date":"2010-10-02T21:23:53","date_gmt":"2010-10-02T20:23:53","guid":{"rendered":"http:\/\/fjala.shkoder.net\/?p=4116"},"modified":"2010-10-02T21:23:53","modified_gmt":"2010-10-02T20:23:53","slug":"rreziku-i-shtetit-privat","status":"publish","type":"post","link":"https:\/\/fjala.info\/2009-2015\/rreziku-i-shtetit-privat\/","title":{"rendered":"Rreziku i shtetit privat"},"content":{"rendered":"<p><img decoding=\"async\" class=\"alignright size-full wp-image-4117\" title=\"Sali Berisha\" src=\"http:\/\/fjala.shkoder.net\/wp-content\/uploads\/2010\/10\/saluk_lula.jpg\" alt=\"\" width=\"200\" \/><\/p>\n<p>Nga: <strong>AFRIM KRASNIQI <\/strong><\/p>\n<p>Duke ndjekur akuzat dhe kund\u00ebrakuzat midis numrit dy te qeverise dhe ish-ministrit te ekonomise gjithashtu numri dy i partis\u00eb s\u00eb zv\/kryeministrit dy jan\u00eb mendimet q\u00eb t\u00eb vijn\u00eb n\u00eb mendje. E para, duket sikur kemi t\u00eb b\u00ebjm\u00eb me nj\u00eb rikthim t\u00eb mbledhjes s\u00eb famshme t\u00eb KPD socialiste m\u00eb 2001, ku pal\u00ebt politike p\u00ebrfshir\u00eb edhe emrat e m\u00ebsip\u00ebrm, akuzonin nj\u00ebri tjetrin p\u00ebr vepra kriminale dhe korrupsion. Mendimi i dyt\u00eb lidhet me shtetin dhe seriozitetin e tij. Kur shikon e d\u00ebgjon \u00e7far\u00eb thuhet mes tyre b\u00ebn ndjen frik\u00eb nga shteti i tij, ndjen zhg\u00ebnjim tek qeverisja dhe pasiguri p\u00ebr t\u00eb ardhmen e tij, t\u00eb familjes dhe t\u00eb vendit.<\/p>\n<p>N\u00ebse mendimi i par\u00eb ka t\u00eb b\u00ebj\u00eb me sjelljen tipike t\u00eb politik\u00ebs shqiptare (sjellje provincial, hakmarr\u00ebse, tribale, pa moral dhe pa asnj\u00eb ndjenj\u00eb vetp\u00ebrgjegj\u00ebsie e vetkontrolli), mendimi i tyre sjell trishtim dhe na b\u00ebn t\u00eb pyesim veten: a e meritojn\u00eb shqiptar\u00ebt nj\u00eb politik\u00eb \/ politikan\u00eb n\u00eb t\u00eb till\u00eb? A \u00ebsht\u00eb demokraci kjo q\u00eb shohim? A kemi arritur n\u00eb 20 vjet nj\u00eb pjekuri politike p\u00ebr t\u00eb ditur t\u00eb ndahemi nga e keqja? A kemi shtet demokratik, ai funksionon ai, a duhet ta besojm\u00eb at\u00eb dhe s\u00eb fundi, cil\u00ebt jan\u00eb kufijt\u00eb midis shtetit t\u00eb t\u00eb gjith\u00ebve dhe shtetit privat t\u00eb nj\u00eb dyzine politik\u00ebsh pa moral, t\u00eb gatsh\u00ebm t\u00eb b\u00ebjn\u00eb gjithcka p\u00ebr t\u00eb marr\u00eb ose p\u00ebr t\u00eb ruajtur pushtetin personal?<\/p>\n<p>Qeveria (zv\/kryeministri) na tha se nj\u00eb ish minist\u00ebr (aktualisht deputet) \u00ebsht\u00eb p\u00ebrfaq\u00ebsues i grupeve kriminale, b\u00ebn shantazh n\u00eb em\u00ebr t\u00eb k\u00ebtyre grupeve, \u00ebsht\u00eb korruptiv, abuziv, k\u00ebrc\u00ebnim p\u00ebr shtetin e demokracin\u00eb. Ish ministri aktualisht deputet na tha se qeveria \u00ebsht\u00eb e korruptuar, krer\u00eb t\u00eb policis\u00eb jan\u00eb organizat\u00eb trafiku, ministrat kan\u00eb fshehur pasurin\u00eb e abuzojn\u00eb me postet, se p\u00ebr gjith\u00e7ka ka informuar kryeministrin, se asgj\u00eb nuk ka ndyshuar, dhe se vet\u00eb ai, ka p\u00ebrdorur postin publik (ministrin\u00eb) p\u00ebr t\u00eb shlyer nderet elektorale ndaj t\u00eb gjith\u00eb atyre q\u00eb e kan\u00eb ndjekur e votuar m\u00eb 2009.<\/p>\n<p>Mesazhi i tij ishte publik: kush voton p\u00ebr mua, un\u00eb di ta shp\u00ebrblej! T\u00eb nj\u00ebjtin mesazh dha edhe kreu i qeveris\u00eb dit\u00eb m\u00eb par\u00eb n\u00eb Klan, kur mbrojti me fanatiz\u00ebm biznesin e dyshimt\u00eb t\u00eb nj\u00eb prej emrave m\u00eb t\u00eb p\u00ebrfolur n\u00eb t\u00eb gjitha aferat e viteve t\u00eb fundit n\u00eb Shqip\u00ebri. Policia e shtetit shkel statutin ligjor, del n\u00eb media si pal\u00eb politike p\u00ebr t\u00eb mbrojtur nj\u00eb em\u00ebr t\u00eb akuzuar, jo vet\u00eb simbolet e policis\u00eb; ministria e financave del n\u00eb media p\u00ebr t\u00eb mbrojtur biznesin e kasave t\u00eb nj\u00eb prej aksioner\u00ebve politiko-financiar t\u00eb \u201cSk\u00ebnderbeut\u201d; ministria e bujq\u00ebsis\u00eb del n\u00eb media p\u00ebr t\u00eb mbrojtur pronar\u00ebt e em\u00ebruar t\u00eb TEC-ve; bashkia Tiran\u00eb del n\u00eb media p\u00ebr t\u00eb mbrojtur pal\u00eb n\u00eb bizneset private n\u00eb pjes\u00eb t\u00eb ndryshme t\u00eb qytetit; vet\u00eb parlamenti p\u00ebrdor foltoren dhe simbolet e institucionit kryesor kushtetues p\u00ebr t\u00eb \u201clar\u00eb hesapet\u201d me k\u00ebdo q\u00eb mendon n\u00eb m\u00ebnyr\u00eb kritike kund\u00ebr titullar\u00ebve t\u00eb institucionit ose mazhoranc\u00ebs; mediat publike t\u00eb financuara nga taksat tona p\u00ebrdoren rregullisht p\u00ebr t\u00eb hartuar flet\u00eb-rrufe kund\u00ebr kritik\u00ebve t\u00eb qeveris\u00eb dhe vet\u00eb qeveria, p\u00ebrdor cdo instrument t\u00eb saj p\u00ebr t\u00eb akuzuar apriori \u00e7do kritik t\u00eb saj.<\/p>\n<p>Psh., qeveria dit\u00ebn e par\u00eb me nxitim tha se protest\u00ebn e kasave e organizoi PS, dit\u00ebn e dyt\u00eb hyri n\u00eb bisedime dhe b\u00ebri marr\u00ebveshje me protestuesit, dit\u00ebn e tret\u00eb tha se ka nisur hetim mbi abuzimet dhe se protestuesit kan\u00eb t\u00eb drejt\u00eb dhe dit\u00ebn e kat\u00ebrt tha se parat\u00eb e kasave t\u00eb rimbursohen nga taksat e bashksi\u00eb, jo t\u00eb qeveris\u00eb. Mjaftojn\u00eb k\u00ebto kat\u00ebr q\u00ebndrime brenda 100 or\u00ebve t\u00eb fundit p\u00ebr t\u00eb kuptuar se n\u00eb cfar\u00eb niveli \u00ebsht\u00eb p\u00ebrgjegj\u00ebsia politike e administrative e mazhoranc\u00ebs.<\/p>\n<p>Shteti \u00ebsht\u00eb pasuri e qytetar\u00ebve. Ai ka ekzistuar prej 100 vjet\u00ebsh dhe me siguri do t\u00eb ekzistojn\u00eb edhe p\u00ebr shum\u00eb shekuj t\u00eb tjer\u00eb, edhe at\u00ebher\u00eb kur n\u00eb librat e historis\u00eb t\u00eb ilustrojm\u00eb b\u00ebmat e sotme politike si pjes\u00eb t\u00eb dob\u00ebsive t\u00eb shtetit dhe sistemit qeveris\u00ebs n\u00eb Shqip\u00ebri. Kushtetuta njeh parimin e ndarjes e balanc\u00ebs s\u00eb pushteteve; krijon organe veprimi, kontrolli dhe gjykimi, parashikon qeverisje mbi vullnetin e qytetar\u00ebve, kurse ajo q\u00eb ne sot shohim \u00ebsht\u00eb nj\u00eb kopje e keqe e shtetit q\u00eb duam dhe q\u00eb parasheh kushtetuta.<\/p>\n<p>Ne shohim nj\u00eb mentalitet t\u00eb gjer\u00eb politik q\u00eb e konsideron shtetin nj\u00eb pron\u00eb private, t\u00eb cilin mund ta blesh, mund ta shes\u00ebsh, mund ta injorosh, mund ta fyesh, mund ta braktis\u00ebsh, mund t\u00eb abuzosh. Ne shohim politikan\u00eb q\u00eb kur jan\u00eb rival\u00eb politik\u00eb denigrojn\u00eb dhe shpesh arrestojn\u00eb nj\u00ebri tjetrin, por kur interesat e pushtetit i b\u00ebjn\u00eb bashk\u00eb na vetshpall\u00ebn shp\u00ebtimtar\u00eb t\u00eb vendit e misionar\u00eb t\u00eb integrimit. Kjo specie politike e formuar n\u00eb sistemin e vjet\u00ebr dhe e deformuar n\u00eb tranzicion, ka kurajon t\u00eb na imponohet n\u00eb media e publik si \u201cpatriot\u00eb\u201d, njer\u00ebz q\u00eb gjith\u00e7ka e b\u00ebjn\u00eb p\u00ebr Shqip\u00ebrin\u00eb, p\u00ebr vendin, p\u00ebr integrimin, kur n\u00eb fakt prej tyre dhe sojeve t\u00eb tyre, Shqip\u00ebria po humb shans pas shansi p\u00ebr tu b\u00ebr\u00eb shteti europian q\u00eb aspiruam n\u00eb dhjetor 1990.<\/p>\n<p>\u00c7far\u00eb duhet t\u00eb b\u00ebjm\u00eb? Si qytetar\u00eb ne kemi n\u00eb dor\u00eb t\u00eb flasim, t\u00eb mbajm\u00eb sh\u00ebnim, t\u00eb refuzojm\u00eb bashkimin me turm\u00ebn abuzuese dhe n\u00eb dit\u00ebn ton\u00eb kushtetuese, dita e votimit, t\u00eb mendohemi mir\u00eb p\u00ebr vot\u00ebn, edhe kur nuk jemi t\u00eb bindur n\u00ebse ajo num\u00ebrohet. Si shoq\u00ebri duhet t\u00eb dalim nga amnizia kolektive, t\u00eb dim\u00eb t\u00eb mbrojm\u00eb t\u00eb drejtat, mos t\u2019u l\u00ebm\u00eb rast klas\u00ebs abuzuese p\u00ebr t\u2019i kujtuar gabimet dhe p\u00ebrgj\u00ebgj\u00ebsit\u00eb, t\u00eb krijojm\u00eb mekanizma t\u00eb reja p\u00ebrfaq\u00ebsimi dhe t\u2019u d\u00ebshmojm\u00eb t\u00eb zhg\u00ebnjyerve se ky vend ka z\u00ebra, moral e virtyte q\u00eb nuk jan\u00eb shitur, nuk jan\u00eb p\u00ebrbaltur dhe q\u00eb ngjallin shpres\u00eb. Si shtet na mbetet t\u00eb shpresojm\u00eb se prokuroria publike (ajo q\u00eb hap dosje pa fund p\u00ebr kronika abuzuese n\u00eb TV p\u00ebr presion ndaj ndonj\u00eb gazetari, apo p\u00ebr dyshime korrupsioni n\u00eb konsultimet me maturant\u00ebt) t\u00eb flas\u00eb, t\u00eb veproj\u00eb, t\u00eb tregoj\u00eb t\u00eb vertatat si\u00e7 i k\u00ebrkon kushtetuta, si institucion mbrojt\u00ebs i interesave t\u00eb publikut dhe t\u00eb shtetit.<\/p>\n<p>KPD roz\u00eb m\u00eb 2001 u mbyll n\u00eb m\u00ebnyr\u00eb t\u00eb turpshme: ata q\u00eb u akuzuan m\u00eb shum\u00eb u b\u00ebn\u00eb ministra, ai q\u00eb akuzoi m\u00eb shum\u00eb u b\u00eb kryeminist\u00ebr. KPD blu e vitit 2010 duhet me \u00e7do kusht t\u00eb ket\u00eb nj\u00eb fund t\u00eb ndrysh\u00ebm, n\u00ebse ende pretentohet se sistemi i sot\u00ebm qeveris\u00ebs nuk \u00ebsht\u00eb i nj\u00ebjt\u00eb me modelin qeveris\u00ebs t\u00eb F. Nanos, p\u00ebr rrezimin e t\u00eb cilit demokrat\u00ebt erdh\u00ebn n\u00eb pushtet.<\/p>\n","protected":false},"excerpt":{"rendered":"<p>Nga: AFRIM KRASNIQI Duke ndjekur akuzat dhe kund\u00ebrakuzat midis numrit dy te qeverise dhe ish-ministrit te ekonomise gjithashtu numri dy i partis\u00eb s\u00eb zv\/kryeministrit dy jan\u00eb mendimet q\u00eb t\u00eb vijn\u00eb n\u00eb mendje. E para, duket sikur kemi t\u00eb b\u00ebjm\u00eb me nj\u00eb rikthim t\u00eb mbledhjes s\u00eb famshme t\u00eb KPD socialiste m\u00eb 2001, ku pal\u00ebt politike p\u00ebrfshir\u00eb [&hellip;]<\/p>\n","protected":false},"author":1,"featured_media":0,"comment_status":"open","ping_status":"closed","sticky":false,"template":"","format":"standard","meta":{"footnotes":""},"categories":[2],"tags":[],"class_list":{"0":"post-4116","1":"post","2":"type-post","3":"status-publish","4":"format-standard","6":"category-artikuj"},"yoast_head":"<!-- This site is optimized with the Yoast SEO plugin v27.4 - https:\/\/yoast.com\/product\/yoast-seo-wordpress\/ -->\n<title>Rreziku i shtetit privat - FjALA e LIR\u00cb - Arkivi<\/title>\n<meta name=\"robots\" content=\"index, follow, max-snippet:-1, max-image-preview:large, max-video-preview:-1\" \/>\n<link rel=\"canonical\" href=\"https:\/\/fjala.info\/2009-2015\/rreziku-i-shtetit-privat\/\" \/>\n<meta property=\"og:locale\" content=\"sq_AL\" \/>\n<meta property=\"og:type\" content=\"article\" \/>\n<meta property=\"og:title\" content=\"Rreziku i shtetit privat - FjALA e LIR\u00cb - Arkivi\" \/>\n<meta property=\"og:description\" content=\"Nga: AFRIM KRASNIQI Duke ndjekur akuzat dhe kund\u00ebrakuzat midis numrit dy te qeverise dhe ish-ministrit te ekonomise gjithashtu numri dy i partis\u00eb s\u00eb zv\/kryeministrit dy jan\u00eb mendimet q\u00eb t\u00eb vijn\u00eb n\u00eb mendje. E para, duket sikur kemi t\u00eb b\u00ebjm\u00eb me nj\u00eb rikthim t\u00eb mbledhjes s\u00eb famshme t\u00eb KPD socialiste m\u00eb 2001, ku pal\u00ebt politike p\u00ebrfshir\u00eb [&hellip;]\" \/>\n<meta property=\"og:url\" content=\"https:\/\/fjala.info\/2009-2015\/rreziku-i-shtetit-privat\/\" \/>\n<meta property=\"og:site_name\" content=\"FjALA e LIR\u00cb - Arkivi\" \/>\n<meta property=\"article:published_time\" content=\"2010-10-02T20:23:53+00:00\" \/>\n<meta property=\"og:image\" content=\"http:\/\/fjala.shkoder.net\/wp-content\/uploads\/2010\/10\/saluk_lula.jpg\" \/>\n<meta name=\"author\" content=\"admin\" \/>\n<meta name=\"twitter:card\" content=\"summary_large_image\" \/>\n<meta name=\"twitter:label1\" content=\"Written by\" \/>\n\t<meta name=\"twitter:data1\" content=\"admin\" \/>\n\t<meta name=\"twitter:label2\" content=\"Est. reading time\" \/>\n\t<meta name=\"twitter:data2\" content=\"6 minutes\" \/>\n<script type=\"application\/ld+json\" class=\"yoast-schema-graph\">{\"@context\":\"https:\\\/\\\/schema.org\",\"@graph\":[{\"@type\":\"Article\",\"@id\":\"https:\\\/\\\/fjala.info\\\/2009-2015\\\/rreziku-i-shtetit-privat\\\/#article\",\"isPartOf\":{\"@id\":\"https:\\\/\\\/fjala.info\\\/2009-2015\\\/rreziku-i-shtetit-privat\\\/\"},\"author\":{\"name\":\"admin\",\"@id\":\"https:\\\/\\\/fjala.info\\\/2009-2015\\\/#\\\/schema\\\/person\\\/3aa1163ef05469c496fc94e77611ada2\"},\"headline\":\"Rreziku i shtetit privat\",\"datePublished\":\"2010-10-02T20:23:53+00:00\",\"mainEntityOfPage\":{\"@id\":\"https:\\\/\\\/fjala.info\\\/2009-2015\\\/rreziku-i-shtetit-privat\\\/\"},\"wordCount\":1174,\"commentCount\":0,\"publisher\":{\"@id\":\"https:\\\/\\\/fjala.info\\\/2009-2015\\\/#organization\"},\"image\":{\"@id\":\"https:\\\/\\\/fjala.info\\\/2009-2015\\\/rreziku-i-shtetit-privat\\\/#primaryimage\"},\"thumbnailUrl\":\"http:\\\/\\\/fjala.shkoder.net\\\/wp-content\\\/uploads\\\/2010\\\/10\\\/saluk_lula.jpg\",\"articleSection\":[\"Artikuj\"],\"inLanguage\":\"sq-AL\",\"potentialAction\":[{\"@type\":\"CommentAction\",\"name\":\"Comment\",\"target\":[\"https:\\\/\\\/fjala.info\\\/2009-2015\\\/rreziku-i-shtetit-privat\\\/#respond\"]}]},{\"@type\":\"WebPage\",\"@id\":\"https:\\\/\\\/fjala.info\\\/2009-2015\\\/rreziku-i-shtetit-privat\\\/\",\"url\":\"https:\\\/\\\/fjala.info\\\/2009-2015\\\/rreziku-i-shtetit-privat\\\/\",\"name\":\"Rreziku i shtetit privat - FjALA e LIR\u00cb - Arkivi\",\"isPartOf\":{\"@id\":\"https:\\\/\\\/fjala.info\\\/2009-2015\\\/#website\"},\"primaryImageOfPage\":{\"@id\":\"https:\\\/\\\/fjala.info\\\/2009-2015\\\/rreziku-i-shtetit-privat\\\/#primaryimage\"},\"image\":{\"@id\":\"https:\\\/\\\/fjala.info\\\/2009-2015\\\/rreziku-i-shtetit-privat\\\/#primaryimage\"},\"thumbnailUrl\":\"http:\\\/\\\/fjala.shkoder.net\\\/wp-content\\\/uploads\\\/2010\\\/10\\\/saluk_lula.jpg\",\"datePublished\":\"2010-10-02T20:23:53+00:00\",\"breadcrumb\":{\"@id\":\"https:\\\/\\\/fjala.info\\\/2009-2015\\\/rreziku-i-shtetit-privat\\\/#breadcrumb\"},\"inLanguage\":\"sq-AL\",\"potentialAction\":[{\"@type\":\"ReadAction\",\"target\":[\"https:\\\/\\\/fjala.info\\\/2009-2015\\\/rreziku-i-shtetit-privat\\\/\"]}]},{\"@type\":\"ImageObject\",\"inLanguage\":\"sq-AL\",\"@id\":\"https:\\\/\\\/fjala.info\\\/2009-2015\\\/rreziku-i-shtetit-privat\\\/#primaryimage\",\"url\":\"http:\\\/\\\/fjala.shkoder.net\\\/wp-content\\\/uploads\\\/2010\\\/10\\\/saluk_lula.jpg\",\"contentUrl\":\"http:\\\/\\\/fjala.shkoder.net\\\/wp-content\\\/uploads\\\/2010\\\/10\\\/saluk_lula.jpg\"},{\"@type\":\"BreadcrumbList\",\"@id\":\"https:\\\/\\\/fjala.info\\\/2009-2015\\\/rreziku-i-shtetit-privat\\\/#breadcrumb\",\"itemListElement\":[{\"@type\":\"ListItem\",\"position\":1,\"name\":\"Home\",\"item\":\"https:\\\/\\\/fjala.info\\\/2009-2015\\\/\"},{\"@type\":\"ListItem\",\"position\":2,\"name\":\"Rreziku i shtetit privat\"}]},{\"@type\":\"WebSite\",\"@id\":\"https:\\\/\\\/fjala.info\\\/2009-2015\\\/#website\",\"url\":\"https:\\\/\\\/fjala.info\\\/2009-2015\\\/\",\"name\":\"FjALA e LIR\u00cb - Arkivi\",\"description\":\"Arkivi 2009-2015\",\"publisher\":{\"@id\":\"https:\\\/\\\/fjala.info\\\/2009-2015\\\/#organization\"},\"potentialAction\":[{\"@type\":\"SearchAction\",\"target\":{\"@type\":\"EntryPoint\",\"urlTemplate\":\"https:\\\/\\\/fjala.info\\\/2009-2015\\\/?s={search_term_string}\"},\"query-input\":{\"@type\":\"PropertyValueSpecification\",\"valueRequired\":true,\"valueName\":\"search_term_string\"}}],\"inLanguage\":\"sq-AL\"},{\"@type\":\"Organization\",\"@id\":\"https:\\\/\\\/fjala.info\\\/2009-2015\\\/#organization\",\"name\":\"FjALA e LIR\u00cb - Arkivi\",\"url\":\"https:\\\/\\\/fjala.info\\\/2009-2015\\\/\",\"logo\":{\"@type\":\"ImageObject\",\"inLanguage\":\"sq-AL\",\"@id\":\"https:\\\/\\\/fjala.info\\\/2009-2015\\\/#\\\/schema\\\/logo\\\/image\\\/\",\"url\":\"\",\"contentUrl\":\"\",\"caption\":\"FjALA e LIR\u00cb - Arkivi\"},\"image\":{\"@id\":\"https:\\\/\\\/fjala.info\\\/2009-2015\\\/#\\\/schema\\\/logo\\\/image\\\/\"}},{\"@type\":\"Person\",\"@id\":\"https:\\\/\\\/fjala.info\\\/2009-2015\\\/#\\\/schema\\\/person\\\/3aa1163ef05469c496fc94e77611ada2\",\"name\":\"admin\",\"image\":{\"@type\":\"ImageObject\",\"inLanguage\":\"sq-AL\",\"@id\":\"https:\\\/\\\/fjala.info\\\/2009-2015\\\/wp-content\\\/uploads\\\/2012\\\/02\\\/arben_cokaj-120x150.jpg\",\"url\":\"https:\\\/\\\/fjala.info\\\/2009-2015\\\/wp-content\\\/uploads\\\/2012\\\/02\\\/arben_cokaj-120x150.jpg\",\"contentUrl\":\"https:\\\/\\\/fjala.info\\\/2009-2015\\\/wp-content\\\/uploads\\\/2012\\\/02\\\/arben_cokaj-120x150.jpg\",\"caption\":\"admin\"},\"description\":\"Admin, Fjala e Lir\u00eb\",\"sameAs\":[\"https:\\\/\\\/fjala.info\\\/\"],\"url\":\"https:\\\/\\\/fjala.info\\\/2009-2015\\\/author\\\/admin\\\/\"}]}<\/script>\n<!-- \/ Yoast SEO plugin. -->","yoast_head_json":{"title":"Rreziku i shtetit privat - FjALA e LIR\u00cb - Arkivi","robots":{"index":"index","follow":"follow","max-snippet":"max-snippet:-1","max-image-preview":"max-image-preview:large","max-video-preview":"max-video-preview:-1"},"canonical":"https:\/\/fjala.info\/2009-2015\/rreziku-i-shtetit-privat\/","og_locale":"sq_AL","og_type":"article","og_title":"Rreziku i shtetit privat - FjALA e LIR\u00cb - Arkivi","og_description":"Nga: AFRIM KRASNIQI Duke ndjekur akuzat dhe kund\u00ebrakuzat midis numrit dy te qeverise dhe ish-ministrit te ekonomise gjithashtu numri dy i partis\u00eb s\u00eb zv\/kryeministrit dy jan\u00eb mendimet q\u00eb t\u00eb vijn\u00eb n\u00eb mendje. E para, duket sikur kemi t\u00eb b\u00ebjm\u00eb me nj\u00eb rikthim t\u00eb mbledhjes s\u00eb famshme t\u00eb KPD socialiste m\u00eb 2001, ku pal\u00ebt politike p\u00ebrfshir\u00eb [&hellip;]","og_url":"https:\/\/fjala.info\/2009-2015\/rreziku-i-shtetit-privat\/","og_site_name":"FjALA e LIR\u00cb - Arkivi","article_published_time":"2010-10-02T20:23:53+00:00","og_image":[{"url":"http:\/\/fjala.shkoder.net\/wp-content\/uploads\/2010\/10\/saluk_lula.jpg","type":"","width":"","height":""}],"author":"admin","twitter_card":"summary_large_image","twitter_misc":{"Written by":"admin","Est. reading time":"6 minutes"},"schema":{"@context":"https:\/\/schema.org","@graph":[{"@type":"Article","@id":"https:\/\/fjala.info\/2009-2015\/rreziku-i-shtetit-privat\/#article","isPartOf":{"@id":"https:\/\/fjala.info\/2009-2015\/rreziku-i-shtetit-privat\/"},"author":{"name":"admin","@id":"https:\/\/fjala.info\/2009-2015\/#\/schema\/person\/3aa1163ef05469c496fc94e77611ada2"},"headline":"Rreziku i shtetit privat","datePublished":"2010-10-02T20:23:53+00:00","mainEntityOfPage":{"@id":"https:\/\/fjala.info\/2009-2015\/rreziku-i-shtetit-privat\/"},"wordCount":1174,"commentCount":0,"publisher":{"@id":"https:\/\/fjala.info\/2009-2015\/#organization"},"image":{"@id":"https:\/\/fjala.info\/2009-2015\/rreziku-i-shtetit-privat\/#primaryimage"},"thumbnailUrl":"http:\/\/fjala.shkoder.net\/wp-content\/uploads\/2010\/10\/saluk_lula.jpg","articleSection":["Artikuj"],"inLanguage":"sq-AL","potentialAction":[{"@type":"CommentAction","name":"Comment","target":["https:\/\/fjala.info\/2009-2015\/rreziku-i-shtetit-privat\/#respond"]}]},{"@type":"WebPage","@id":"https:\/\/fjala.info\/2009-2015\/rreziku-i-shtetit-privat\/","url":"https:\/\/fjala.info\/2009-2015\/rreziku-i-shtetit-privat\/","name":"Rreziku i shtetit privat - FjALA e LIR\u00cb - Arkivi","isPartOf":{"@id":"https:\/\/fjala.info\/2009-2015\/#website"},"primaryImageOfPage":{"@id":"https:\/\/fjala.info\/2009-2015\/rreziku-i-shtetit-privat\/#primaryimage"},"image":{"@id":"https:\/\/fjala.info\/2009-2015\/rreziku-i-shtetit-privat\/#primaryimage"},"thumbnailUrl":"http:\/\/fjala.shkoder.net\/wp-content\/uploads\/2010\/10\/saluk_lula.jpg","datePublished":"2010-10-02T20:23:53+00:00","breadcrumb":{"@id":"https:\/\/fjala.info\/2009-2015\/rreziku-i-shtetit-privat\/#breadcrumb"},"inLanguage":"sq-AL","potentialAction":[{"@type":"ReadAction","target":["https:\/\/fjala.info\/2009-2015\/rreziku-i-shtetit-privat\/"]}]},{"@type":"ImageObject","inLanguage":"sq-AL","@id":"https:\/\/fjala.info\/2009-2015\/rreziku-i-shtetit-privat\/#primaryimage","url":"http:\/\/fjala.shkoder.net\/wp-content\/uploads\/2010\/10\/saluk_lula.jpg","contentUrl":"http:\/\/fjala.shkoder.net\/wp-content\/uploads\/2010\/10\/saluk_lula.jpg"},{"@type":"BreadcrumbList","@id":"https:\/\/fjala.info\/2009-2015\/rreziku-i-shtetit-privat\/#breadcrumb","itemListElement":[{"@type":"ListItem","position":1,"name":"Home","item":"https:\/\/fjala.info\/2009-2015\/"},{"@type":"ListItem","position":2,"name":"Rreziku i shtetit privat"}]},{"@type":"WebSite","@id":"https:\/\/fjala.info\/2009-2015\/#website","url":"https:\/\/fjala.info\/2009-2015\/","name":"FjALA e LIR\u00cb - Arkivi","description":"Arkivi 2009-2015","publisher":{"@id":"https:\/\/fjala.info\/2009-2015\/#organization"},"potentialAction":[{"@type":"SearchAction","target":{"@type":"EntryPoint","urlTemplate":"https:\/\/fjala.info\/2009-2015\/?s={search_term_string}"},"query-input":{"@type":"PropertyValueSpecification","valueRequired":true,"valueName":"search_term_string"}}],"inLanguage":"sq-AL"},{"@type":"Organization","@id":"https:\/\/fjala.info\/2009-2015\/#organization","name":"FjALA e LIR\u00cb - Arkivi","url":"https:\/\/fjala.info\/2009-2015\/","logo":{"@type":"ImageObject","inLanguage":"sq-AL","@id":"https:\/\/fjala.info\/2009-2015\/#\/schema\/logo\/image\/","url":"","contentUrl":"","caption":"FjALA e LIR\u00cb - Arkivi"},"image":{"@id":"https:\/\/fjala.info\/2009-2015\/#\/schema\/logo\/image\/"}},{"@type":"Person","@id":"https:\/\/fjala.info\/2009-2015\/#\/schema\/person\/3aa1163ef05469c496fc94e77611ada2","name":"admin","image":{"@type":"ImageObject","inLanguage":"sq-AL","@id":"https:\/\/fjala.info\/2009-2015\/wp-content\/uploads\/2012\/02\/arben_cokaj-120x150.jpg","url":"https:\/\/fjala.info\/2009-2015\/wp-content\/uploads\/2012\/02\/arben_cokaj-120x150.jpg","contentUrl":"https:\/\/fjala.info\/2009-2015\/wp-content\/uploads\/2012\/02\/arben_cokaj-120x150.jpg","caption":"admin"},"description":"Admin, Fjala e Lir\u00eb","sameAs":["https:\/\/fjala.info\/"],"url":"https:\/\/fjala.info\/2009-2015\/author\/admin\/"}]}},"_links":{"self":[{"href":"https:\/\/fjala.info\/2009-2015\/wp-json\/wp\/v2\/posts\/4116","targetHints":{"allow":["GET"]}}],"collection":[{"href":"https:\/\/fjala.info\/2009-2015\/wp-json\/wp\/v2\/posts"}],"about":[{"href":"https:\/\/fjala.info\/2009-2015\/wp-json\/wp\/v2\/types\/post"}],"author":[{"embeddable":true,"href":"https:\/\/fjala.info\/2009-2015\/wp-json\/wp\/v2\/users\/1"}],"replies":[{"embeddable":true,"href":"https:\/\/fjala.info\/2009-2015\/wp-json\/wp\/v2\/comments?post=4116"}],"version-history":[{"count":0,"href":"https:\/\/fjala.info\/2009-2015\/wp-json\/wp\/v2\/posts\/4116\/revisions"}],"wp:attachment":[{"href":"https:\/\/fjala.info\/2009-2015\/wp-json\/wp\/v2\/media?parent=4116"}],"wp:term":[{"taxonomy":"category","embeddable":true,"href":"https:\/\/fjala.info\/2009-2015\/wp-json\/wp\/v2\/categories?post=4116"},{"taxonomy":"post_tag","embeddable":true,"href":"https:\/\/fjala.info\/2009-2015\/wp-json\/wp\/v2\/tags?post=4116"}],"curies":[{"name":"wp","href":"https:\/\/api.w.org\/{rel}","templated":true}]}}