{"id":4114,"date":"2010-10-02T21:20:02","date_gmt":"2010-10-02T20:20:02","guid":{"rendered":"http:\/\/fjala.shkoder.net\/?p=4114"},"modified":"2010-10-02T21:20:02","modified_gmt":"2010-10-02T20:20:02","slug":"pushtet-i-se-shkuares-ne-kohen-e-sotme","status":"publish","type":"post","link":"https:\/\/fjala.info\/2009-2015\/pushtet-i-se-shkuares-ne-kohen-e-sotme\/","title":{"rendered":"Pushtet i s\u00eb shkuar\u00ebs n\u00eb koh\u00ebn e sotme"},"content":{"rendered":"<p>Nga: <strong>ILIR DHIMA <\/strong><\/p>\n<p>Mbi gjysm\u00eb shekulli m\u00eb par\u00eb, kur po kon\ufb01 gurohej nje Europe e Bashkuar, si gur themeli i kesaj ngrehine kontrinentale sh\u00ebrbeu edhe nj\u00eb deklarat\u00eb publike e ish-kancelarit gjerman, Konrad Adenauer: \u201cEuropa po i largohet forc\u00ebs, ose po e ushtron at\u00eb disi ndryshe; ajo po l\u00ebviz p\u00ebrtej pushtetit, forc\u00ebs, drejt nj\u00eb bote vet\u00ebp\u00ebrfshir\u00ebse t\u00eb ligjeve dhe rregullave\u201d (Kagan, R.\/Knopf: A. \u201cOf Paradise and Power\u201d, New York 2003, pg.3). \u00c7ka t\u00ebrhoqi ve\u00e7an\u00ebrisht v\u00ebmendjen n\u00eb k\u00ebto fjal\u00eb ishte p\u00ebrvijimi i nj\u00eb lloji t\u00eb ri t\u00eb shtetit pas Luft\u00ebs II Bot\u00ebrore, i atij q\u00eb me koh\u00eb u quajt \u201cshtet i s\u00eb drejt\u00ebs\u201d dhe q\u00eb nga fundi i shekullit t\u00eb kaluar u artikulua si nj\u00eb prej kritereve baz\u00eb t\u00eb p\u00ebrcaktuara n\u00eb samitin e Kopenhagenit, plot\u00ebsimi i t\u00eb cilave mund t\u2019i siguronte \u00e7do vendi t\u00eb kontinentit ton\u00eb an\u00ebtar\u00ebsimin n\u00eb Bashkimin Europian.<br \/>\nMe k\u00ebt\u00eb em\u00ebrtim, ky lloj shteti u konsiderua si mjeti, me an\u00eb t\u00eb t\u00eb cilit sistemi i vlerave demokratike dep\u00ebrton n\u00eb mekanizmat juridik\u00eb. N\u00eb kuadrin e regjimeve demokratike liberale, nocioni i k\u00ebtyre mekanizmave, sidomos i konstitucionalizmit identifikohet me kufizimin e pushteteve nga kushtetuta dhe te e fundit, me n\u00ebnshtrimin e shtetit ndaj s\u00eb drejt\u00ebs. Prandaj, shpesh her\u00eb p\u00ebrmendet, ve\u00e7 t\u00eb tjerash, edhe p\u00ebrkufizimi, sipas t\u00eb cilit shteti i s\u00eb drejt\u00ebs \u00ebsht\u00eb i till\u00eb, kur brenda limiteve t\u00eb normave kushtetuese, duke i respektuar k\u00ebto norma, n\u00ebp\u00ebrmjet veprimtaris\u00eb ligjv\u00ebn\u00ebse garanton zbatimin e t\u00eb drejtave themelore t\u00eb njeriut n\u00ebn kontrollin e nj\u00eb organi specifik t\u00eb ngarkuar p\u00ebr t\u00eb verifikuar pajtueshm\u00ebrin\u00eb, midis k\u00ebtyre ligjeve dhe t\u00eb drejtave t\u00eb individit.<br \/>\nMir\u00ebpo, pik\u00ebrisht n\u00eb nj\u00eb koh\u00eb kur pretendohet q\u00eb, m\u00eb s\u00eb fundi edhe Shqip\u00ebria t\u00eb mund t\u00eb siguroj\u00eb statusin zyrtar t\u00eb kandidatit p\u00ebr an\u00ebtar\u00ebsimin n\u00eb BE, ende s\u2019\u00ebsht\u00eb hequr dor\u00eb nga drejtimi te ne, i pun\u00ebve me konceptin e vjet\u00ebrsuar t\u00eb pushtetit. Aktualisht, megjith\u00ebse numri i mandateve t\u00eb deputet\u00ebve \u00ebsht\u00eb i ndar\u00eb n\u00eb m\u00ebnyr\u00eb pothuajse t\u00eb barabart\u00eb midis dy krah\u00ebve t\u00eb politik\u00ebs vendase, p\u00ebrs\u00ebri duket q\u00eb dominon i ashtuquajturi \u2018regjim asambleje\u2019, me t\u00eb cilin kuptohet plotfuqishm\u00ebria e Parlamentit mbi t\u00eb gjitha pushtetet e tjera dhe organet e pavarura, \u00e7ka sanksionohej formalisht edhe n\u00eb kushtetutat e periudh\u00ebs, kur vendi yn\u00eb i n\u00ebnshtrohej sistemit komunist. P\u00ebrdoret fjala formalisht, sepse aso kohe Kuvendi Popullor miratonte mekanikisht projektligjet e paraqitura atij prej Partis\u00eb. Nd\u00ebrkaq, edhe tani pasqyrimi i k\u00ebtij realiteti trishtues b\u00ebhet n\u00ebp\u00ebrmjet shum\u00eb shembujve regresist. Por, n\u00eb k\u00ebto radh\u00eb ndoshta ia vlen q\u00eb, qoft\u00eb edhe t\u00ebrthorazi apo shkurtimisht, t\u00eb p\u00ebrqendrohemi te nj\u00eb i muajve t\u00eb fundit, i cili vijoi t\u00eb kompleksitohet agresivisht n\u00eb d\u00ebm t\u00eb platform\u00ebs baz\u00eb t\u00eb organizimit t\u00eb shoq\u00ebris\u00eb, t\u00eb interesave elementare t\u00eb shum\u00eb qytetar\u00ebve dhe t\u00eb n\u00eb shkelje t\u00eb hapur t\u00eb normave t\u00eb Ligjit Themelor t\u00eb shtetit. Trajtimi i k\u00ebtij shembulli mbase edhe do t\u00eb justifikonte titullin e k\u00ebtij artikulli.<br \/>\nFjala \u00ebsht\u00eb p\u00ebr Ligjin 10207, dat\u00eb 23.12.2009 \u201cP\u00ebr disa ndryshime n\u00eb ligjin nr. 9235, dat\u00eb 29.07.2004 \u201cP\u00ebr kthimin dhe kompensimin e pron\u00ebs\u201d, i ndryshuar\u201d, q\u00eb u miratua nga Kuvendi vet\u00ebm me votat e shumic\u00ebs. Pasi subjektet e interesuara e ankimuan \u00e7\u00ebshtjen n\u00eb Gjykat\u00ebn Kushtetuese, kjo e fundit mori Vendimin nr. 27, dat\u00eb 26. 05. 2010, me an\u00eb t\u00eb cilit shfuqizoheshin disa dispozita t\u00eb atij Ligji, si t\u00eb papajtueshme me Kushtetut\u00ebn e Republik\u00ebs s\u00eb Shqip\u00ebris\u00eb. N\u00eb k\u00ebto rrethana, maxhoranca parlamentare nuk mori mundimin q\u00eb t\u00eb reflektonte ndaj k\u00ebtij Vendimi, madje e injoroi plot\u00ebsisht at\u00eb. Prandaj, brenda dy \u2013 tri jav\u00ebsh b\u00ebri sikur riformuloi Ligjin, duke i shtrir\u00eb dispozitat e shfuqizuara n\u00eb 10 \u2013 15 dispozita t\u00eb tjera, t\u00eb cilat n\u00eb thelb kishin t\u00eb nj\u00ebjt\u00ebn p\u00ebrmbajtje. Miratimi p\u00ebrs\u00ebri u realizua me ca karton\u00eb t\u00eb shumic\u00ebs. Sidoqoft\u00eb, ndaj tij Presidentit t\u00eb Republik\u00ebs iu desh t\u00eb ushtronte veton pezulluese. Megjithat\u00eb, dekreti i vet u hodh posht\u00eb, p\u00ebrs\u00ebri me ca karton\u00eb t\u00eb maxhoranc\u00ebs. Por, k\u00ebsaj radhe, me manipulim flagrant t\u00eb rezultatit t\u00eb votimit n\u00eb seanc\u00eb plenare. H\u00eb p\u00ebr h\u00eb, disa subjekte t\u00eb d\u00ebmtuara prej k\u00ebtij Ligji dhe ndonj\u00eb pal\u00eb tjet\u00ebr e interesuar p\u00ebr mbrojtjen e t\u00eb drejtave t\u00eb k\u00ebtyre subjekteve, edhe nj\u00eb her\u00eb d\u00ebrgojn\u00eb ankimimet e tyre n\u00eb Gjykat\u00ebn Kushtetuese. Ja pra, k\u00ebto jan\u00eb procedurat e ndjekura deri tani.<br \/>\nPor, k\u00ebtu vetvetiu shtrohet pyetja: a mund t\u00eb legjitimohen p\u00ebrs\u00ebri k\u00ebto ankimime, p\u00ebr ta v\u00ebn\u00eb n\u00eb l\u00ebvizje organin e rishikimit kushtetues q\u00eb t\u00eb shqyrtoj\u00eb \u00e7\u00ebshtjen dhe t\u00eb mos \u2018ndruhet\u2019 q\u00eb t\u00eb rivendos\u00eb rreth saj? Sigurisht q\u00eb nuk mund t\u00eb paragjykohen drejtp\u00ebrs\u00ebdrejti zhvillimet e m\u00ebtejshme, megjithat\u00eb nuk mund t\u2019i hiqet e drejta askujt q\u00eb t\u00eb debatoj\u00eb dhe t\u00eb shtroj\u00eb paraprakisht ndonj\u00eb argument (midis shum\u00eb t\u00eb tjerave t\u00eb publikuara m\u00eb par\u00eb edhe n\u00eb faqet e \u2018Gazeta Shqiptare\u2019, si cenimi i siguris\u00eb juridike, pafuqia n\u00eb t\u00ebr\u00ebsi e ligjeve me efekte prapavepruese etj.) rreth anti-kushtetutshm\u00ebris\u00eb s\u00eb ligjit n\u00eb fjal\u00eb. M\u00eb s\u00eb pari duhet th\u00ebn\u00eb se, kompetenca q\u00eb i jepet nga ky i fundit, Drejtorit t\u00eb P\u00ebrgjithsh\u00ebm t\u00eb Agjencis\u00eb s\u00eb Kthimit dhe Kompensimit t\u00eb Pronave, p\u00ebr t\u00eb shqyrtuar kryesisht dhe p\u00ebr t\u00eb anuluar vendimet e ish komisioneve t\u00eb Kthimit dhe Kompensimit t\u00eb Pronave \u00ebsht\u00eb atribut vet\u00ebm i pushtetit gjyq\u00ebsor. Jo vet\u00ebm se Drejtori i P\u00ebrgjithsh\u00ebm i AKKP-s\u00eb \u00ebsht\u00eb nj\u00eb organ monokratik administrativ i em\u00ebruar dhe i varur nga K\u00ebshilli i Ministrave, por edhe sepse ish-KKKP -t\u00eb kan\u00eb qen\u00eb organe kolegjiale dhe organi epror i tyre \u2013 i zgjedhur nga Parlamenti. Madje, vendimet e k\u00ebtyre organeve nuk jan\u00eb konsideruar dhe nuk mund t\u00eb konsiderohen as tani akte administrative n\u00eb kuptimin juridik t\u00eb termit (strictu sensu), por si akte t\u00eb organeve sui generis, p\u00ebr t\u00eb cilat Gjykata Europiane e t\u00eb Drejtave dhe Lirive Themelore t\u00eb Njeriut ka p\u00ebrdorur neologjizmin: quasi gjykata. N\u00eb k\u00ebt\u00eb k\u00ebndv\u00ebshtrim, e drejta administrative s\u2019mund t\u00eb shfuqizoj\u00eb dhe as t\u00eb rregulloj\u00eb me akte detyruese (imperium) interesa t\u00eb personave privat\u00eb, kur nuk ekziston nj\u00eb interes publik. Aq m\u00eb tep\u00ebr q\u00eb Ligji Themelor i Republik\u00ebs s\u00eb Shqip\u00ebris\u00eb n\u00eb nenin 42\/1 sanksionon se: \u201cLiria, prona dhe t\u00eb drejtat e njohura me Kushtetut\u00eb dhe me ligj nuk mund t\u00eb cenohen pa nj\u00eb proces t\u00eb rregullt ligjor\u201d, \u00e7ka i jep kujtdo mund\u00ebsin\u00eb p\u00ebr t\u2019iu drejtuar gjykat\u00ebs, n\u00ebse mendon q\u00eb organet publike, individ\u00ebt ose subjekte t\u00eb tjera kan\u00eb n\u00ebp\u00ebrk\u00ebmbur nj\u00eb interes t\u00eb ligjsh\u00ebm t\u00eb tyre.<br \/>\nDihet q\u00eb nga pik\u00ebpamja juridike, gjykimi nuk \u00ebsht\u00eb as administrim, as qeverisje. Sigurisht q\u00eb gjyqtari, sikurse edhe administratori, personat i detyrojn\u00eb q\u00eb t\u00eb plot\u00ebsojn\u00eb detyrimet, ose t\u2019u plot\u00ebsohen disa t\u00eb drejta. Por, juridikisht, funksionet e t\u00eb dyve ndryshojn\u00eb thelb\u00ebsisht. N\u00ebse autoritetet administrative shpesh her\u00eb e zbatojn\u00eb t\u00eb drejt\u00ebn p\u00ebrtej \u00e7do konflikti, q\u00ebllimi i gjyqtar\u00ebve \u00ebsht\u00eb q\u00eb t\u00eb zgjidhin konfliktet, duke zbatuar normat juridike n\u00eb fuqi. Gjithashtu, gjykatat vendosin n\u00eb respektim t\u00eb formave dhe procedurave t\u00eb gjykimit n\u00eb pajtim me normat dhe me parimet e p\u00ebr pajtim me normat dhe me parimet e p\u00ebrcaktuara nga jurisprudenca, si: karakteri kontradiktor i procesit, detyrimi i arsyetimit t\u00eb vendimeve, ndryshimi i vendimit gjyq\u00ebsor n\u00eb rrug\u00eb Apeli etj. Kurse, qeveria dhe administrata publike, n\u00eb p\u00ebrgjith\u00ebsi s\u2019u n\u00ebnshtrohen k\u00ebtyre rregullave.<br \/>\nNj\u00ebkoh\u00ebsisht, akti gjyq\u00ebsor efektivisht vler\u00ebsohet me pesh\u00eb m\u00eb t\u00eb r\u00ebnd\u00eb se sa ai administrativ, edhe kur t\u00eb dyja kan\u00eb t\u00eb nj\u00ebjt\u00ebn p\u00ebrmbajtje. Sepse, administratori kufizohet me konstatimin e ekzistenc\u00ebs s\u00eb nj\u00eb detyrimi apo nj\u00eb t\u00eb drejte dhe me urdh\u00ebrimin q\u00eb t\u00eb merren masa p\u00ebr realizimin e tyre. K\u00ebt\u00eb funksion e kryen padyshim edhe gjyqtari, por vendimet e tij kan\u00eb forc\u00eb m\u00eb t\u00eb madhe; ato kan\u00eb fuqin\u00eb e t\u00eb v\u00ebrtet\u00ebs ligjore dhe jan\u00eb t\u00eb pandryshuesh\u00ebm pasi kan\u00eb marr\u00eb form\u00eb prer\u00eb. Q\u00eb k\u00ebtej buron edhe veshja e k\u00ebtyre vendimeve me autoritetin e \u2018gj\u00ebs\u00eb s\u00eb gjykuar\u2019, ndryshe nga akti administrativ q\u00eb mund t\u00eb ndryshohet a t\u00eb p\u00ebrmir\u00ebsohet nga organi administrativ. Krahas k\u00ebsaj, ky akti i fundit mund t\u2019i n\u00ebnshtrohet kontrollit dhe rishikimit nga ana e gjykat\u00ebs, n\u00eb rast se k\u00ebsaj i drejtohen individ\u00eb dhe subjekte t\u00eb ndryshme, q\u00eb mendojn\u00eb se \u2018k\u00ebrc\u00ebnohen\u2019 prej aktit administrativ. Pik\u00ebrisht, p\u00ebr t\u00eb shmangur sado pak n\u00eb dukje k\u00ebto ndryshime t\u00eb funksioneve, hartuesit e Ligjit n\u00eb fjal\u00eb kan\u00eb sajuar dhe mballosur m\u00eb s\u00eb fundmi n\u00eb tekstin e tij nj\u00eb nen p\u00ebr mund\u00ebsin\u00eb e rishikimit t\u00eb vendimit t\u00eb AKKP\u2013s\u00eb. Mir\u00ebpo, falsitetin e k\u00ebsaj dispozite e kupton cilido q\u00eb shfleton Kodin e Procedur\u00ebs Civile, neni 494 i t\u00eb cilit parashikon q\u00eb b\u00ebrja e k\u00ebrkes\u00ebs p\u00ebr rishikimin e nj\u00eb vendimi t\u00eb form\u00ebs s\u00eb prer\u00eb limitohet n\u00eb periudh\u00ebn brenda nj\u00eb viti nga marrja dijeni e nj\u00eb t\u00eb dh\u00ebne p\u00ebrcaktuese p\u00ebr fatin e m\u00ebtejsh\u00ebm t\u00eb \u00e7\u00ebshtjes. Dhe, pa u zgjatur m\u00eb tej, mund t\u00eb thuhet q\u00eb, n\u00ebse prezumohet q\u00eb akti gjyq\u00ebsor buron nga nj\u00eb autoriteti i paansh\u00ebm dhe i pavarur nga pushtetet e tjera, nuk do shum\u00eb diskutim t\u00eb nxirret p\u00ebrfundimi, sipas t\u00eb cilit aktet administrative, pra edhe vendimet e mundshme t\u00eb AKKP \u2013s\u00eb, h\u00eb p\u00ebr h\u00eb n\u00eb Shqip\u00ebri nxirren nga nj\u00eb autoritet me var\u00ebsi n\u00eb shkall\u00eb hierarkike, si edhe frym\u00ebzohen prej forcave politike q\u00eb marrin pushtetin politik. P\u00ebr hir t\u00eb s\u00eb v\u00ebrtet\u00ebs duhet th\u00ebn\u00eb q\u00eb vendi yn\u00eb \u00ebsht\u00eb ende larg zbatimit t\u00eb ides\u00eb q\u00eb sundon n\u00eb demokracit\u00eb e konsoliduara: rule of law (qeverisja e s\u00eb drejt\u00ebs).<\/p>\n","protected":false},"excerpt":{"rendered":"<p>Nga: ILIR DHIMA Mbi gjysm\u00eb shekulli m\u00eb par\u00eb, kur po kon\ufb01 gurohej nje Europe e Bashkuar, si gur themeli i kesaj ngrehine kontrinentale sh\u00ebrbeu edhe nj\u00eb deklarat\u00eb publike e ish-kancelarit gjerman, Konrad Adenauer: \u201cEuropa po i largohet forc\u00ebs, ose po e ushtron at\u00eb disi ndryshe; ajo po l\u00ebviz p\u00ebrtej pushtetit, forc\u00ebs, drejt nj\u00eb bote vet\u00ebp\u00ebrfshir\u00ebse [&hellip;]<\/p>\n","protected":false},"author":1,"featured_media":0,"comment_status":"open","ping_status":"closed","sticky":false,"template":"","format":"standard","meta":{"footnotes":""},"categories":[2],"tags":[],"class_list":{"0":"post-4114","1":"post","2":"type-post","3":"status-publish","4":"format-standard","6":"category-artikuj"},"yoast_head":"<!-- This site is optimized with the Yoast SEO plugin v27.4 - https:\/\/yoast.com\/product\/yoast-seo-wordpress\/ -->\n<title>Pushtet i s\u00eb shkuar\u00ebs n\u00eb koh\u00ebn e sotme - FjALA e LIR\u00cb - Arkivi<\/title>\n<meta name=\"robots\" content=\"index, follow, max-snippet:-1, max-image-preview:large, max-video-preview:-1\" \/>\n<link rel=\"canonical\" href=\"https:\/\/fjala.info\/2009-2015\/pushtet-i-se-shkuares-ne-kohen-e-sotme\/\" \/>\n<meta property=\"og:locale\" content=\"sq_AL\" \/>\n<meta property=\"og:type\" content=\"article\" \/>\n<meta property=\"og:title\" content=\"Pushtet i s\u00eb shkuar\u00ebs n\u00eb koh\u00ebn e sotme - FjALA e LIR\u00cb - Arkivi\" \/>\n<meta property=\"og:description\" content=\"Nga: ILIR DHIMA Mbi gjysm\u00eb shekulli m\u00eb par\u00eb, kur po kon\ufb01 gurohej nje Europe e Bashkuar, si gur themeli i kesaj ngrehine kontrinentale sh\u00ebrbeu edhe nj\u00eb deklarat\u00eb publike e ish-kancelarit gjerman, Konrad Adenauer: \u201cEuropa po i largohet forc\u00ebs, ose po e ushtron at\u00eb disi ndryshe; ajo po l\u00ebviz p\u00ebrtej pushtetit, forc\u00ebs, drejt nj\u00eb bote vet\u00ebp\u00ebrfshir\u00ebse [&hellip;]\" \/>\n<meta property=\"og:url\" content=\"https:\/\/fjala.info\/2009-2015\/pushtet-i-se-shkuares-ne-kohen-e-sotme\/\" \/>\n<meta property=\"og:site_name\" content=\"FjALA e LIR\u00cb - Arkivi\" \/>\n<meta property=\"article:published_time\" content=\"2010-10-02T20:20:02+00:00\" \/>\n<meta name=\"author\" content=\"admin\" \/>\n<meta name=\"twitter:card\" content=\"summary_large_image\" \/>\n<meta name=\"twitter:label1\" content=\"Written by\" \/>\n\t<meta name=\"twitter:data1\" content=\"admin\" \/>\n\t<meta name=\"twitter:label2\" content=\"Est. reading time\" \/>\n\t<meta name=\"twitter:data2\" content=\"8 minutes\" \/>\n<script type=\"application\/ld+json\" class=\"yoast-schema-graph\">{\"@context\":\"https:\\\/\\\/schema.org\",\"@graph\":[{\"@type\":\"Article\",\"@id\":\"https:\\\/\\\/fjala.info\\\/2009-2015\\\/pushtet-i-se-shkuares-ne-kohen-e-sotme\\\/#article\",\"isPartOf\":{\"@id\":\"https:\\\/\\\/fjala.info\\\/2009-2015\\\/pushtet-i-se-shkuares-ne-kohen-e-sotme\\\/\"},\"author\":{\"name\":\"admin\",\"@id\":\"https:\\\/\\\/fjala.info\\\/2009-2015\\\/#\\\/schema\\\/person\\\/3aa1163ef05469c496fc94e77611ada2\"},\"headline\":\"Pushtet i s\u00eb shkuar\u00ebs n\u00eb koh\u00ebn e sotme\",\"datePublished\":\"2010-10-02T20:20:02+00:00\",\"mainEntityOfPage\":{\"@id\":\"https:\\\/\\\/fjala.info\\\/2009-2015\\\/pushtet-i-se-shkuares-ne-kohen-e-sotme\\\/\"},\"wordCount\":1676,\"commentCount\":0,\"publisher\":{\"@id\":\"https:\\\/\\\/fjala.info\\\/2009-2015\\\/#organization\"},\"articleSection\":[\"Artikuj\"],\"inLanguage\":\"sq-AL\",\"potentialAction\":[{\"@type\":\"CommentAction\",\"name\":\"Comment\",\"target\":[\"https:\\\/\\\/fjala.info\\\/2009-2015\\\/pushtet-i-se-shkuares-ne-kohen-e-sotme\\\/#respond\"]}]},{\"@type\":\"WebPage\",\"@id\":\"https:\\\/\\\/fjala.info\\\/2009-2015\\\/pushtet-i-se-shkuares-ne-kohen-e-sotme\\\/\",\"url\":\"https:\\\/\\\/fjala.info\\\/2009-2015\\\/pushtet-i-se-shkuares-ne-kohen-e-sotme\\\/\",\"name\":\"Pushtet i s\u00eb shkuar\u00ebs n\u00eb koh\u00ebn e sotme - FjALA e LIR\u00cb - Arkivi\",\"isPartOf\":{\"@id\":\"https:\\\/\\\/fjala.info\\\/2009-2015\\\/#website\"},\"datePublished\":\"2010-10-02T20:20:02+00:00\",\"breadcrumb\":{\"@id\":\"https:\\\/\\\/fjala.info\\\/2009-2015\\\/pushtet-i-se-shkuares-ne-kohen-e-sotme\\\/#breadcrumb\"},\"inLanguage\":\"sq-AL\",\"potentialAction\":[{\"@type\":\"ReadAction\",\"target\":[\"https:\\\/\\\/fjala.info\\\/2009-2015\\\/pushtet-i-se-shkuares-ne-kohen-e-sotme\\\/\"]}]},{\"@type\":\"BreadcrumbList\",\"@id\":\"https:\\\/\\\/fjala.info\\\/2009-2015\\\/pushtet-i-se-shkuares-ne-kohen-e-sotme\\\/#breadcrumb\",\"itemListElement\":[{\"@type\":\"ListItem\",\"position\":1,\"name\":\"Home\",\"item\":\"https:\\\/\\\/fjala.info\\\/2009-2015\\\/\"},{\"@type\":\"ListItem\",\"position\":2,\"name\":\"Pushtet i s\u00eb shkuar\u00ebs n\u00eb koh\u00ebn e sotme\"}]},{\"@type\":\"WebSite\",\"@id\":\"https:\\\/\\\/fjala.info\\\/2009-2015\\\/#website\",\"url\":\"https:\\\/\\\/fjala.info\\\/2009-2015\\\/\",\"name\":\"FjALA e LIR\u00cb - Arkivi\",\"description\":\"Arkivi 2009-2015\",\"publisher\":{\"@id\":\"https:\\\/\\\/fjala.info\\\/2009-2015\\\/#organization\"},\"potentialAction\":[{\"@type\":\"SearchAction\",\"target\":{\"@type\":\"EntryPoint\",\"urlTemplate\":\"https:\\\/\\\/fjala.info\\\/2009-2015\\\/?s={search_term_string}\"},\"query-input\":{\"@type\":\"PropertyValueSpecification\",\"valueRequired\":true,\"valueName\":\"search_term_string\"}}],\"inLanguage\":\"sq-AL\"},{\"@type\":\"Organization\",\"@id\":\"https:\\\/\\\/fjala.info\\\/2009-2015\\\/#organization\",\"name\":\"FjALA e LIR\u00cb - Arkivi\",\"url\":\"https:\\\/\\\/fjala.info\\\/2009-2015\\\/\",\"logo\":{\"@type\":\"ImageObject\",\"inLanguage\":\"sq-AL\",\"@id\":\"https:\\\/\\\/fjala.info\\\/2009-2015\\\/#\\\/schema\\\/logo\\\/image\\\/\",\"url\":\"\",\"contentUrl\":\"\",\"caption\":\"FjALA e LIR\u00cb - Arkivi\"},\"image\":{\"@id\":\"https:\\\/\\\/fjala.info\\\/2009-2015\\\/#\\\/schema\\\/logo\\\/image\\\/\"}},{\"@type\":\"Person\",\"@id\":\"https:\\\/\\\/fjala.info\\\/2009-2015\\\/#\\\/schema\\\/person\\\/3aa1163ef05469c496fc94e77611ada2\",\"name\":\"admin\",\"image\":{\"@type\":\"ImageObject\",\"inLanguage\":\"sq-AL\",\"@id\":\"https:\\\/\\\/fjala.info\\\/2009-2015\\\/wp-content\\\/uploads\\\/2012\\\/02\\\/arben_cokaj-120x150.jpg\",\"url\":\"https:\\\/\\\/fjala.info\\\/2009-2015\\\/wp-content\\\/uploads\\\/2012\\\/02\\\/arben_cokaj-120x150.jpg\",\"contentUrl\":\"https:\\\/\\\/fjala.info\\\/2009-2015\\\/wp-content\\\/uploads\\\/2012\\\/02\\\/arben_cokaj-120x150.jpg\",\"caption\":\"admin\"},\"description\":\"Admin, Fjala e Lir\u00eb\",\"sameAs\":[\"https:\\\/\\\/fjala.info\\\/\"],\"url\":\"https:\\\/\\\/fjala.info\\\/2009-2015\\\/author\\\/admin\\\/\"}]}<\/script>\n<!-- \/ Yoast SEO plugin. -->","yoast_head_json":{"title":"Pushtet i s\u00eb shkuar\u00ebs n\u00eb koh\u00ebn e sotme - FjALA e LIR\u00cb - Arkivi","robots":{"index":"index","follow":"follow","max-snippet":"max-snippet:-1","max-image-preview":"max-image-preview:large","max-video-preview":"max-video-preview:-1"},"canonical":"https:\/\/fjala.info\/2009-2015\/pushtet-i-se-shkuares-ne-kohen-e-sotme\/","og_locale":"sq_AL","og_type":"article","og_title":"Pushtet i s\u00eb shkuar\u00ebs n\u00eb koh\u00ebn e sotme - FjALA e LIR\u00cb - Arkivi","og_description":"Nga: ILIR DHIMA Mbi gjysm\u00eb shekulli m\u00eb par\u00eb, kur po kon\ufb01 gurohej nje Europe e Bashkuar, si gur themeli i kesaj ngrehine kontrinentale sh\u00ebrbeu edhe nj\u00eb deklarat\u00eb publike e ish-kancelarit gjerman, Konrad Adenauer: \u201cEuropa po i largohet forc\u00ebs, ose po e ushtron at\u00eb disi ndryshe; ajo po l\u00ebviz p\u00ebrtej pushtetit, forc\u00ebs, drejt nj\u00eb bote vet\u00ebp\u00ebrfshir\u00ebse [&hellip;]","og_url":"https:\/\/fjala.info\/2009-2015\/pushtet-i-se-shkuares-ne-kohen-e-sotme\/","og_site_name":"FjALA e LIR\u00cb - Arkivi","article_published_time":"2010-10-02T20:20:02+00:00","author":"admin","twitter_card":"summary_large_image","twitter_misc":{"Written by":"admin","Est. reading time":"8 minutes"},"schema":{"@context":"https:\/\/schema.org","@graph":[{"@type":"Article","@id":"https:\/\/fjala.info\/2009-2015\/pushtet-i-se-shkuares-ne-kohen-e-sotme\/#article","isPartOf":{"@id":"https:\/\/fjala.info\/2009-2015\/pushtet-i-se-shkuares-ne-kohen-e-sotme\/"},"author":{"name":"admin","@id":"https:\/\/fjala.info\/2009-2015\/#\/schema\/person\/3aa1163ef05469c496fc94e77611ada2"},"headline":"Pushtet i s\u00eb shkuar\u00ebs n\u00eb koh\u00ebn e sotme","datePublished":"2010-10-02T20:20:02+00:00","mainEntityOfPage":{"@id":"https:\/\/fjala.info\/2009-2015\/pushtet-i-se-shkuares-ne-kohen-e-sotme\/"},"wordCount":1676,"commentCount":0,"publisher":{"@id":"https:\/\/fjala.info\/2009-2015\/#organization"},"articleSection":["Artikuj"],"inLanguage":"sq-AL","potentialAction":[{"@type":"CommentAction","name":"Comment","target":["https:\/\/fjala.info\/2009-2015\/pushtet-i-se-shkuares-ne-kohen-e-sotme\/#respond"]}]},{"@type":"WebPage","@id":"https:\/\/fjala.info\/2009-2015\/pushtet-i-se-shkuares-ne-kohen-e-sotme\/","url":"https:\/\/fjala.info\/2009-2015\/pushtet-i-se-shkuares-ne-kohen-e-sotme\/","name":"Pushtet i s\u00eb shkuar\u00ebs n\u00eb koh\u00ebn e sotme - FjALA e LIR\u00cb - Arkivi","isPartOf":{"@id":"https:\/\/fjala.info\/2009-2015\/#website"},"datePublished":"2010-10-02T20:20:02+00:00","breadcrumb":{"@id":"https:\/\/fjala.info\/2009-2015\/pushtet-i-se-shkuares-ne-kohen-e-sotme\/#breadcrumb"},"inLanguage":"sq-AL","potentialAction":[{"@type":"ReadAction","target":["https:\/\/fjala.info\/2009-2015\/pushtet-i-se-shkuares-ne-kohen-e-sotme\/"]}]},{"@type":"BreadcrumbList","@id":"https:\/\/fjala.info\/2009-2015\/pushtet-i-se-shkuares-ne-kohen-e-sotme\/#breadcrumb","itemListElement":[{"@type":"ListItem","position":1,"name":"Home","item":"https:\/\/fjala.info\/2009-2015\/"},{"@type":"ListItem","position":2,"name":"Pushtet i s\u00eb shkuar\u00ebs n\u00eb koh\u00ebn e sotme"}]},{"@type":"WebSite","@id":"https:\/\/fjala.info\/2009-2015\/#website","url":"https:\/\/fjala.info\/2009-2015\/","name":"FjALA e LIR\u00cb - Arkivi","description":"Arkivi 2009-2015","publisher":{"@id":"https:\/\/fjala.info\/2009-2015\/#organization"},"potentialAction":[{"@type":"SearchAction","target":{"@type":"EntryPoint","urlTemplate":"https:\/\/fjala.info\/2009-2015\/?s={search_term_string}"},"query-input":{"@type":"PropertyValueSpecification","valueRequired":true,"valueName":"search_term_string"}}],"inLanguage":"sq-AL"},{"@type":"Organization","@id":"https:\/\/fjala.info\/2009-2015\/#organization","name":"FjALA e LIR\u00cb - Arkivi","url":"https:\/\/fjala.info\/2009-2015\/","logo":{"@type":"ImageObject","inLanguage":"sq-AL","@id":"https:\/\/fjala.info\/2009-2015\/#\/schema\/logo\/image\/","url":"","contentUrl":"","caption":"FjALA e LIR\u00cb - Arkivi"},"image":{"@id":"https:\/\/fjala.info\/2009-2015\/#\/schema\/logo\/image\/"}},{"@type":"Person","@id":"https:\/\/fjala.info\/2009-2015\/#\/schema\/person\/3aa1163ef05469c496fc94e77611ada2","name":"admin","image":{"@type":"ImageObject","inLanguage":"sq-AL","@id":"https:\/\/fjala.info\/2009-2015\/wp-content\/uploads\/2012\/02\/arben_cokaj-120x150.jpg","url":"https:\/\/fjala.info\/2009-2015\/wp-content\/uploads\/2012\/02\/arben_cokaj-120x150.jpg","contentUrl":"https:\/\/fjala.info\/2009-2015\/wp-content\/uploads\/2012\/02\/arben_cokaj-120x150.jpg","caption":"admin"},"description":"Admin, Fjala e Lir\u00eb","sameAs":["https:\/\/fjala.info\/"],"url":"https:\/\/fjala.info\/2009-2015\/author\/admin\/"}]}},"_links":{"self":[{"href":"https:\/\/fjala.info\/2009-2015\/wp-json\/wp\/v2\/posts\/4114","targetHints":{"allow":["GET"]}}],"collection":[{"href":"https:\/\/fjala.info\/2009-2015\/wp-json\/wp\/v2\/posts"}],"about":[{"href":"https:\/\/fjala.info\/2009-2015\/wp-json\/wp\/v2\/types\/post"}],"author":[{"embeddable":true,"href":"https:\/\/fjala.info\/2009-2015\/wp-json\/wp\/v2\/users\/1"}],"replies":[{"embeddable":true,"href":"https:\/\/fjala.info\/2009-2015\/wp-json\/wp\/v2\/comments?post=4114"}],"version-history":[{"count":0,"href":"https:\/\/fjala.info\/2009-2015\/wp-json\/wp\/v2\/posts\/4114\/revisions"}],"wp:attachment":[{"href":"https:\/\/fjala.info\/2009-2015\/wp-json\/wp\/v2\/media?parent=4114"}],"wp:term":[{"taxonomy":"category","embeddable":true,"href":"https:\/\/fjala.info\/2009-2015\/wp-json\/wp\/v2\/categories?post=4114"},{"taxonomy":"post_tag","embeddable":true,"href":"https:\/\/fjala.info\/2009-2015\/wp-json\/wp\/v2\/tags?post=4114"}],"curies":[{"name":"wp","href":"https:\/\/api.w.org\/{rel}","templated":true}]}}