{"id":4112,"date":"2012-07-31T10:14:24","date_gmt":"2012-07-31T09:14:24","guid":{"rendered":"http:\/\/www.fjala.info\/?p=4112"},"modified":"2012-07-31T10:14:24","modified_gmt":"2012-07-31T09:14:24","slug":"5-ndotjet-e-lubonjes","status":"publish","type":"post","link":"https:\/\/fjala.info\/2009-2015\/5-ndotjet-e-lubonjes\/","title":{"rendered":"5 ndotjet e Lubonj\u00ebs"},"content":{"rendered":"<p><img decoding=\"async\" class=\"alignright size-thumbnail wp-image-7236\" title=\"Fatos Lubonja\" src=\"http:\/\/www.fjala.info\/2012\/fatos_lubonja.jpg\" alt=\"\" width=\"200\" \/> <strong>ResPublica.al<\/strong>, <em>30 korrik 2012<\/em><\/p>\n<p>&#8220;Ndotjet&#8221; e ka titulluar shkrimin e sot\u00ebm n\u00eb Panorama, Fatos Lubonja, ku fillimisht flet p\u00ebr situat\u00ebn ton\u00eb t\u00eb jasht\u00ebzakonshme me plehrat: &#8220;\u2026Plehra q\u00eb dergjen rrug\u00ebve rreth e rrotull vendeve t\u00eb banimit; plehra q\u00eb shkarkohen n\u00ebp\u00ebr rr\u00ebpira; plehra gjithandej. Dhe ne q\u00eb jetojm\u00eb mes tyre pa na b\u00ebr\u00eb p\u00ebrshtypje\u2026&#8221;.<\/p>\n<p>Por ve\u00e7 k\u00ebsaj ndotje t\u00eb madhe t\u00eb jashtme, Lubonja num\u00ebron 4 ndotje t\u00eb tjera, t\u00eb brendshme. Shkruan Lubonja: &#8220;Ndotja q\u00eb ne shohim, d\u00ebgjojm\u00eb, prekim, nuhasim e shijojm\u00eb me shqisat tona n\u00eb trajt\u00ebn e plehrave, mbeturinave, kalb\u00ebsirave, bajgave, dioksin\u00ebs etj., nuk \u00ebsht\u00eb tjet\u00ebr ve\u00e7se vizualizata e jashtme e ndotjes son\u00eb t\u00eb brendshme.<\/p>\n<p>E kam fjal\u00ebn, p\u00ebr shembull, p\u00ebr ndotjen ton\u00eb morale. Shikoni \u00e7\u2019b\u00ebhet: t\u00eb duket sikur jemi nj\u00eb popull q\u00eb e ka t\u00eb natyrshme \u2013 ashtu sikurse t\u00eb hedh\u00eb plehrat n\u00ebp\u00ebr rrug\u00eb \u2013 t\u00eb pasurohet duke vjedhur, mashtruar, g\u00ebnjyer, trafikuar, korruptuar e jo duke punuar me ndershm\u00ebri.<\/p>\n<p>E kam fjal\u00ebn p\u00ebr ndotjen politike. Shikoni \u00e7\u2019b\u00ebhet: nuk gjen dot nj\u00eb politikan q\u00eb t\u2019i p\u00ebrmend\u00ebsh emrin pa menduar se \u00ebsht\u00eb i ndotur, e megjithat\u00eb emrat e tyre p\u00ebrmenden nat\u00eb e dit\u00eb me respekt t\u00eb madh \u2013 pale kur l\u00ebn\u00eb ndonj\u00eb koalicion e kalojn\u00eb n\u00eb ndonj\u00eb tjet\u00ebr!<\/p>\n<p>E kam fjal\u00ebn p\u00ebr ndotjen mediatike. Shikoni \u00e7\u2019b\u00ebhet: gazetat e televizionet, n\u00eb vend q\u00eb t\u00eb informojn\u00eb e t\u00eb investigojn\u00eb p\u00ebr t\u2019i sh\u00ebrbyer publikut, riciklojn\u00eb e ambalazhojn\u00eb ndotjet e politik\u00ebs e t\u00eb korrupsionit t\u00eb pronar\u00ebve t\u00eb tyre p\u00ebr t\u2019ia shitur publikut, n\u00ebp\u00ebrmjet gazetar\u00ebsh\/kamerier\u00eb q\u00eb t\u00eb paraqesin menyn\u00eb t\u00eb veshur me papion, si ushqim \u201cBIO\u201d.<\/p>\n<p>E kam fjal\u00ebn p\u00ebr ndotjen e Drejt\u00ebsis\u00eb. Shkoni \u00e7\u2019b\u00ebhet me gjyqet dhe jo gjyqet e shumta q\u00eb t\u00eb b\u00ebjn\u00eb t\u00eb mendosh se Drejt\u00ebsia, n\u00eb vend q\u00eb t\u00eb jet\u00eb fshes\u00eb e pastrimit t\u00eb krimit, kullon krim e korrupsion vet\u00eb\u2026&#8221;<br \/>\n(A.N.)<\/p>\n","protected":false},"excerpt":{"rendered":"<p>ResPublica.al, 30 korrik 2012 &#8220;Ndotjet&#8221; e ka titulluar shkrimin e sot\u00ebm n\u00eb Panorama, Fatos Lubonja, ku fillimisht flet p\u00ebr situat\u00ebn ton\u00eb t\u00eb jasht\u00ebzakonshme me plehrat: &#8220;\u2026Plehra q\u00eb dergjen rrug\u00ebve rreth e rrotull vendeve t\u00eb banimit; plehra q\u00eb shkarkohen n\u00ebp\u00ebr rr\u00ebpira; plehra gjithandej. Dhe ne q\u00eb jetojm\u00eb mes tyre pa na b\u00ebr\u00eb p\u00ebrshtypje\u2026&#8221;. Por ve\u00e7 k\u00ebsaj [&hellip;]<\/p>\n","protected":false},"author":1,"featured_media":0,"comment_status":"open","ping_status":"closed","sticky":false,"template":"","format":"standard","meta":{"footnotes":""},"categories":[2],"tags":[],"class_list":{"0":"post-4112","1":"post","2":"type-post","3":"status-publish","4":"format-standard","6":"category-artikuj"},"yoast_head":"<!-- This site is optimized with the Yoast SEO plugin v27.4 - https:\/\/yoast.com\/product\/yoast-seo-wordpress\/ -->\n<title>5 ndotjet e Lubonj\u00ebs - FjALA e LIR\u00cb - Arkivi<\/title>\n<meta name=\"robots\" content=\"index, follow, max-snippet:-1, max-image-preview:large, max-video-preview:-1\" \/>\n<link rel=\"canonical\" href=\"https:\/\/fjala.info\/2009-2015\/5-ndotjet-e-lubonjes\/\" \/>\n<meta property=\"og:locale\" content=\"sq_AL\" \/>\n<meta property=\"og:type\" content=\"article\" \/>\n<meta property=\"og:title\" content=\"5 ndotjet e Lubonj\u00ebs - FjALA e LIR\u00cb - Arkivi\" \/>\n<meta property=\"og:description\" content=\"ResPublica.al, 30 korrik 2012 &#8220;Ndotjet&#8221; e ka titulluar shkrimin e sot\u00ebm n\u00eb Panorama, Fatos Lubonja, ku fillimisht flet p\u00ebr situat\u00ebn ton\u00eb t\u00eb jasht\u00ebzakonshme me plehrat: &#8220;\u2026Plehra q\u00eb dergjen rrug\u00ebve rreth e rrotull vendeve t\u00eb banimit; plehra q\u00eb shkarkohen n\u00ebp\u00ebr rr\u00ebpira; plehra gjithandej. Dhe ne q\u00eb jetojm\u00eb mes tyre pa na b\u00ebr\u00eb p\u00ebrshtypje\u2026&#8221;. Por ve\u00e7 k\u00ebsaj [&hellip;]\" \/>\n<meta property=\"og:url\" content=\"https:\/\/fjala.info\/2009-2015\/5-ndotjet-e-lubonjes\/\" \/>\n<meta property=\"og:site_name\" content=\"FjALA e LIR\u00cb - Arkivi\" \/>\n<meta property=\"article:published_time\" content=\"2012-07-31T09:14:24+00:00\" \/>\n<meta property=\"og:image\" content=\"http:\/\/www.fjala.info\/2012\/fatos_lubonja.jpg\" \/>\n<meta name=\"author\" content=\"admin\" \/>\n<meta name=\"twitter:card\" content=\"summary_large_image\" \/>\n<meta name=\"twitter:label1\" content=\"Written by\" \/>\n\t<meta name=\"twitter:data1\" content=\"admin\" \/>\n\t<meta name=\"twitter:label2\" content=\"Est. reading time\" \/>\n\t<meta name=\"twitter:data2\" content=\"2 minutes\" \/>\n<script type=\"application\/ld+json\" class=\"yoast-schema-graph\">{\"@context\":\"https:\\\/\\\/schema.org\",\"@graph\":[{\"@type\":\"Article\",\"@id\":\"https:\\\/\\\/fjala.info\\\/2009-2015\\\/5-ndotjet-e-lubonjes\\\/#article\",\"isPartOf\":{\"@id\":\"https:\\\/\\\/fjala.info\\\/2009-2015\\\/5-ndotjet-e-lubonjes\\\/\"},\"author\":{\"name\":\"admin\",\"@id\":\"https:\\\/\\\/fjala.info\\\/2009-2015\\\/#\\\/schema\\\/person\\\/3aa1163ef05469c496fc94e77611ada2\"},\"headline\":\"5 ndotjet e Lubonj\u00ebs\",\"datePublished\":\"2012-07-31T09:14:24+00:00\",\"mainEntityOfPage\":{\"@id\":\"https:\\\/\\\/fjala.info\\\/2009-2015\\\/5-ndotjet-e-lubonjes\\\/\"},\"wordCount\":342,\"commentCount\":0,\"publisher\":{\"@id\":\"https:\\\/\\\/fjala.info\\\/2009-2015\\\/#organization\"},\"image\":{\"@id\":\"https:\\\/\\\/fjala.info\\\/2009-2015\\\/5-ndotjet-e-lubonjes\\\/#primaryimage\"},\"thumbnailUrl\":\"http:\\\/\\\/www.fjala.info\\\/2012\\\/fatos_lubonja.jpg\",\"articleSection\":[\"Artikuj\"],\"inLanguage\":\"sq-AL\",\"potentialAction\":[{\"@type\":\"CommentAction\",\"name\":\"Comment\",\"target\":[\"https:\\\/\\\/fjala.info\\\/2009-2015\\\/5-ndotjet-e-lubonjes\\\/#respond\"]}]},{\"@type\":\"WebPage\",\"@id\":\"https:\\\/\\\/fjala.info\\\/2009-2015\\\/5-ndotjet-e-lubonjes\\\/\",\"url\":\"https:\\\/\\\/fjala.info\\\/2009-2015\\\/5-ndotjet-e-lubonjes\\\/\",\"name\":\"5 ndotjet e Lubonj\u00ebs - FjALA e LIR\u00cb - Arkivi\",\"isPartOf\":{\"@id\":\"https:\\\/\\\/fjala.info\\\/2009-2015\\\/#website\"},\"primaryImageOfPage\":{\"@id\":\"https:\\\/\\\/fjala.info\\\/2009-2015\\\/5-ndotjet-e-lubonjes\\\/#primaryimage\"},\"image\":{\"@id\":\"https:\\\/\\\/fjala.info\\\/2009-2015\\\/5-ndotjet-e-lubonjes\\\/#primaryimage\"},\"thumbnailUrl\":\"http:\\\/\\\/www.fjala.info\\\/2012\\\/fatos_lubonja.jpg\",\"datePublished\":\"2012-07-31T09:14:24+00:00\",\"breadcrumb\":{\"@id\":\"https:\\\/\\\/fjala.info\\\/2009-2015\\\/5-ndotjet-e-lubonjes\\\/#breadcrumb\"},\"inLanguage\":\"sq-AL\",\"potentialAction\":[{\"@type\":\"ReadAction\",\"target\":[\"https:\\\/\\\/fjala.info\\\/2009-2015\\\/5-ndotjet-e-lubonjes\\\/\"]}]},{\"@type\":\"ImageObject\",\"inLanguage\":\"sq-AL\",\"@id\":\"https:\\\/\\\/fjala.info\\\/2009-2015\\\/5-ndotjet-e-lubonjes\\\/#primaryimage\",\"url\":\"http:\\\/\\\/www.fjala.info\\\/2012\\\/fatos_lubonja.jpg\",\"contentUrl\":\"http:\\\/\\\/www.fjala.info\\\/2012\\\/fatos_lubonja.jpg\"},{\"@type\":\"BreadcrumbList\",\"@id\":\"https:\\\/\\\/fjala.info\\\/2009-2015\\\/5-ndotjet-e-lubonjes\\\/#breadcrumb\",\"itemListElement\":[{\"@type\":\"ListItem\",\"position\":1,\"name\":\"Home\",\"item\":\"https:\\\/\\\/fjala.info\\\/2009-2015\\\/\"},{\"@type\":\"ListItem\",\"position\":2,\"name\":\"5 ndotjet e Lubonj\u00ebs\"}]},{\"@type\":\"WebSite\",\"@id\":\"https:\\\/\\\/fjala.info\\\/2009-2015\\\/#website\",\"url\":\"https:\\\/\\\/fjala.info\\\/2009-2015\\\/\",\"name\":\"FjALA e LIR\u00cb - Arkivi\",\"description\":\"Arkivi 2009-2015\",\"publisher\":{\"@id\":\"https:\\\/\\\/fjala.info\\\/2009-2015\\\/#organization\"},\"potentialAction\":[{\"@type\":\"SearchAction\",\"target\":{\"@type\":\"EntryPoint\",\"urlTemplate\":\"https:\\\/\\\/fjala.info\\\/2009-2015\\\/?s={search_term_string}\"},\"query-input\":{\"@type\":\"PropertyValueSpecification\",\"valueRequired\":true,\"valueName\":\"search_term_string\"}}],\"inLanguage\":\"sq-AL\"},{\"@type\":\"Organization\",\"@id\":\"https:\\\/\\\/fjala.info\\\/2009-2015\\\/#organization\",\"name\":\"FjALA e LIR\u00cb - Arkivi\",\"url\":\"https:\\\/\\\/fjala.info\\\/2009-2015\\\/\",\"logo\":{\"@type\":\"ImageObject\",\"inLanguage\":\"sq-AL\",\"@id\":\"https:\\\/\\\/fjala.info\\\/2009-2015\\\/#\\\/schema\\\/logo\\\/image\\\/\",\"url\":\"\",\"contentUrl\":\"\",\"caption\":\"FjALA e LIR\u00cb - Arkivi\"},\"image\":{\"@id\":\"https:\\\/\\\/fjala.info\\\/2009-2015\\\/#\\\/schema\\\/logo\\\/image\\\/\"}},{\"@type\":\"Person\",\"@id\":\"https:\\\/\\\/fjala.info\\\/2009-2015\\\/#\\\/schema\\\/person\\\/3aa1163ef05469c496fc94e77611ada2\",\"name\":\"admin\",\"image\":{\"@type\":\"ImageObject\",\"inLanguage\":\"sq-AL\",\"@id\":\"https:\\\/\\\/fjala.info\\\/2009-2015\\\/wp-content\\\/uploads\\\/2012\\\/02\\\/arben_cokaj-120x150.jpg\",\"url\":\"https:\\\/\\\/fjala.info\\\/2009-2015\\\/wp-content\\\/uploads\\\/2012\\\/02\\\/arben_cokaj-120x150.jpg\",\"contentUrl\":\"https:\\\/\\\/fjala.info\\\/2009-2015\\\/wp-content\\\/uploads\\\/2012\\\/02\\\/arben_cokaj-120x150.jpg\",\"caption\":\"admin\"},\"description\":\"Admin, Fjala e Lir\u00eb\",\"sameAs\":[\"https:\\\/\\\/fjala.info\\\/\"],\"url\":\"https:\\\/\\\/fjala.info\\\/2009-2015\\\/author\\\/admin\\\/\"}]}<\/script>\n<!-- \/ Yoast SEO plugin. -->","yoast_head_json":{"title":"5 ndotjet e Lubonj\u00ebs - FjALA e LIR\u00cb - Arkivi","robots":{"index":"index","follow":"follow","max-snippet":"max-snippet:-1","max-image-preview":"max-image-preview:large","max-video-preview":"max-video-preview:-1"},"canonical":"https:\/\/fjala.info\/2009-2015\/5-ndotjet-e-lubonjes\/","og_locale":"sq_AL","og_type":"article","og_title":"5 ndotjet e Lubonj\u00ebs - FjALA e LIR\u00cb - Arkivi","og_description":"ResPublica.al, 30 korrik 2012 &#8220;Ndotjet&#8221; e ka titulluar shkrimin e sot\u00ebm n\u00eb Panorama, Fatos Lubonja, ku fillimisht flet p\u00ebr situat\u00ebn ton\u00eb t\u00eb jasht\u00ebzakonshme me plehrat: &#8220;\u2026Plehra q\u00eb dergjen rrug\u00ebve rreth e rrotull vendeve t\u00eb banimit; plehra q\u00eb shkarkohen n\u00ebp\u00ebr rr\u00ebpira; plehra gjithandej. Dhe ne q\u00eb jetojm\u00eb mes tyre pa na b\u00ebr\u00eb p\u00ebrshtypje\u2026&#8221;. Por ve\u00e7 k\u00ebsaj [&hellip;]","og_url":"https:\/\/fjala.info\/2009-2015\/5-ndotjet-e-lubonjes\/","og_site_name":"FjALA e LIR\u00cb - Arkivi","article_published_time":"2012-07-31T09:14:24+00:00","og_image":[{"url":"http:\/\/www.fjala.info\/2012\/fatos_lubonja.jpg","type":"","width":"","height":""}],"author":"admin","twitter_card":"summary_large_image","twitter_misc":{"Written by":"admin","Est. reading time":"2 minutes"},"schema":{"@context":"https:\/\/schema.org","@graph":[{"@type":"Article","@id":"https:\/\/fjala.info\/2009-2015\/5-ndotjet-e-lubonjes\/#article","isPartOf":{"@id":"https:\/\/fjala.info\/2009-2015\/5-ndotjet-e-lubonjes\/"},"author":{"name":"admin","@id":"https:\/\/fjala.info\/2009-2015\/#\/schema\/person\/3aa1163ef05469c496fc94e77611ada2"},"headline":"5 ndotjet e Lubonj\u00ebs","datePublished":"2012-07-31T09:14:24+00:00","mainEntityOfPage":{"@id":"https:\/\/fjala.info\/2009-2015\/5-ndotjet-e-lubonjes\/"},"wordCount":342,"commentCount":0,"publisher":{"@id":"https:\/\/fjala.info\/2009-2015\/#organization"},"image":{"@id":"https:\/\/fjala.info\/2009-2015\/5-ndotjet-e-lubonjes\/#primaryimage"},"thumbnailUrl":"http:\/\/www.fjala.info\/2012\/fatos_lubonja.jpg","articleSection":["Artikuj"],"inLanguage":"sq-AL","potentialAction":[{"@type":"CommentAction","name":"Comment","target":["https:\/\/fjala.info\/2009-2015\/5-ndotjet-e-lubonjes\/#respond"]}]},{"@type":"WebPage","@id":"https:\/\/fjala.info\/2009-2015\/5-ndotjet-e-lubonjes\/","url":"https:\/\/fjala.info\/2009-2015\/5-ndotjet-e-lubonjes\/","name":"5 ndotjet e Lubonj\u00ebs - FjALA e LIR\u00cb - Arkivi","isPartOf":{"@id":"https:\/\/fjala.info\/2009-2015\/#website"},"primaryImageOfPage":{"@id":"https:\/\/fjala.info\/2009-2015\/5-ndotjet-e-lubonjes\/#primaryimage"},"image":{"@id":"https:\/\/fjala.info\/2009-2015\/5-ndotjet-e-lubonjes\/#primaryimage"},"thumbnailUrl":"http:\/\/www.fjala.info\/2012\/fatos_lubonja.jpg","datePublished":"2012-07-31T09:14:24+00:00","breadcrumb":{"@id":"https:\/\/fjala.info\/2009-2015\/5-ndotjet-e-lubonjes\/#breadcrumb"},"inLanguage":"sq-AL","potentialAction":[{"@type":"ReadAction","target":["https:\/\/fjala.info\/2009-2015\/5-ndotjet-e-lubonjes\/"]}]},{"@type":"ImageObject","inLanguage":"sq-AL","@id":"https:\/\/fjala.info\/2009-2015\/5-ndotjet-e-lubonjes\/#primaryimage","url":"http:\/\/www.fjala.info\/2012\/fatos_lubonja.jpg","contentUrl":"http:\/\/www.fjala.info\/2012\/fatos_lubonja.jpg"},{"@type":"BreadcrumbList","@id":"https:\/\/fjala.info\/2009-2015\/5-ndotjet-e-lubonjes\/#breadcrumb","itemListElement":[{"@type":"ListItem","position":1,"name":"Home","item":"https:\/\/fjala.info\/2009-2015\/"},{"@type":"ListItem","position":2,"name":"5 ndotjet e Lubonj\u00ebs"}]},{"@type":"WebSite","@id":"https:\/\/fjala.info\/2009-2015\/#website","url":"https:\/\/fjala.info\/2009-2015\/","name":"FjALA e LIR\u00cb - Arkivi","description":"Arkivi 2009-2015","publisher":{"@id":"https:\/\/fjala.info\/2009-2015\/#organization"},"potentialAction":[{"@type":"SearchAction","target":{"@type":"EntryPoint","urlTemplate":"https:\/\/fjala.info\/2009-2015\/?s={search_term_string}"},"query-input":{"@type":"PropertyValueSpecification","valueRequired":true,"valueName":"search_term_string"}}],"inLanguage":"sq-AL"},{"@type":"Organization","@id":"https:\/\/fjala.info\/2009-2015\/#organization","name":"FjALA e LIR\u00cb - Arkivi","url":"https:\/\/fjala.info\/2009-2015\/","logo":{"@type":"ImageObject","inLanguage":"sq-AL","@id":"https:\/\/fjala.info\/2009-2015\/#\/schema\/logo\/image\/","url":"","contentUrl":"","caption":"FjALA e LIR\u00cb - Arkivi"},"image":{"@id":"https:\/\/fjala.info\/2009-2015\/#\/schema\/logo\/image\/"}},{"@type":"Person","@id":"https:\/\/fjala.info\/2009-2015\/#\/schema\/person\/3aa1163ef05469c496fc94e77611ada2","name":"admin","image":{"@type":"ImageObject","inLanguage":"sq-AL","@id":"https:\/\/fjala.info\/2009-2015\/wp-content\/uploads\/2012\/02\/arben_cokaj-120x150.jpg","url":"https:\/\/fjala.info\/2009-2015\/wp-content\/uploads\/2012\/02\/arben_cokaj-120x150.jpg","contentUrl":"https:\/\/fjala.info\/2009-2015\/wp-content\/uploads\/2012\/02\/arben_cokaj-120x150.jpg","caption":"admin"},"description":"Admin, Fjala e Lir\u00eb","sameAs":["https:\/\/fjala.info\/"],"url":"https:\/\/fjala.info\/2009-2015\/author\/admin\/"}]}},"_links":{"self":[{"href":"https:\/\/fjala.info\/2009-2015\/wp-json\/wp\/v2\/posts\/4112","targetHints":{"allow":["GET"]}}],"collection":[{"href":"https:\/\/fjala.info\/2009-2015\/wp-json\/wp\/v2\/posts"}],"about":[{"href":"https:\/\/fjala.info\/2009-2015\/wp-json\/wp\/v2\/types\/post"}],"author":[{"embeddable":true,"href":"https:\/\/fjala.info\/2009-2015\/wp-json\/wp\/v2\/users\/1"}],"replies":[{"embeddable":true,"href":"https:\/\/fjala.info\/2009-2015\/wp-json\/wp\/v2\/comments?post=4112"}],"version-history":[{"count":0,"href":"https:\/\/fjala.info\/2009-2015\/wp-json\/wp\/v2\/posts\/4112\/revisions"}],"wp:attachment":[{"href":"https:\/\/fjala.info\/2009-2015\/wp-json\/wp\/v2\/media?parent=4112"}],"wp:term":[{"taxonomy":"category","embeddable":true,"href":"https:\/\/fjala.info\/2009-2015\/wp-json\/wp\/v2\/categories?post=4112"},{"taxonomy":"post_tag","embeddable":true,"href":"https:\/\/fjala.info\/2009-2015\/wp-json\/wp\/v2\/tags?post=4112"}],"curies":[{"name":"wp","href":"https:\/\/api.w.org\/{rel}","templated":true}]}}