{"id":4111,"date":"2010-10-02T21:18:12","date_gmt":"2010-10-02T20:18:12","guid":{"rendered":"http:\/\/fjala.shkoder.net\/?p=4111"},"modified":"2010-10-02T21:18:12","modified_gmt":"2010-10-02T20:18:12","slug":"cdo-minister-minister-shendetesie","status":"publish","type":"post","link":"https:\/\/fjala.info\/2009-2015\/cdo-minister-minister-shendetesie\/","title":{"rendered":"\u00c7do minist\u00ebr, minist\u00ebr Sh\u00ebndet\u00ebsie"},"content":{"rendered":"<p><img loading=\"lazy\" decoding=\"async\" src=\"http:\/\/fjala.shkoder.net\/wp-content\/uploads\/2010\/10\/zaloshnja.jpg\" alt=\"\" title=\"Eduard Zaloshnja\" width=\"110\" height=\"98\" class=\"alignright size-full wp-image-4112\" \/> <\/p>\n<p>Nga: <strong>EDUARD ZALOSHNJA <\/strong><\/p>\n<p>Cdo minist\u00ebr n\u00eb nj\u00eb qeveri, n\u00eb nj\u00eb far\u00eb mase, duhet t\u00eb jete edhe Minister Shendetesie. Kjo fjali permbledh me pak fjale fjalimin e S\u00ebr Majk\u00ebll Marmott n\u00eb Konferenc\u00ebn Bot\u00ebrore rreth Siguris\u00eb s\u00eb Jet\u00ebs, e cila u mbajt jav\u00ebn e kaluar n\u00eb Lond\u00ebr. Le ta p\u00ebrkthejm\u00eb k\u00ebt\u00eb fjali n\u00eb shqipen e realitetit t\u00eb Republik\u00ebs s\u00eb Shqip\u00ebris\u00eb.<br \/>\nQ\u00eb ministri i Mbrojtjes, n\u00eb nj\u00eb far\u00eb mase t\u00eb jet\u00eb edhe minist\u00ebr Sh\u00ebndet\u00ebsie, duhet t\u00eb b\u00ebj\u00eb kujdes, p\u00ebr shembull, q\u00eb municionet e vjetra t\u00eb mos demontohen n\u00eb G\u00ebrdec, fare pran\u00eb qendrave t\u00eb banuara. Gjithashtu, ai duhet t\u00eb b\u00ebj\u00eb kujdes q\u00eb p\u00ebr demontimin e municioneve t\u00eb mos punojn\u00eb gra e f\u00ebmij\u00eb n\u00eb kushte primitive, t\u00eb ngjashme me ato q\u00eb ka p\u00ebrshkruar \u00c7arls Dikensi n\u00eb romanin \u201cOliver Tuist\u201d. Sepse, n\u00eb qoft\u00eb se ai e lejon k\u00ebt\u00eb gj\u00eb, dhjet\u00ebra shqiptar\u00eb mund t\u00eb humbasin jet\u00ebn dhe qindra t\u00eb tjer\u00eb t\u00eb gjymtohen.<br \/>\nQ\u00eb ministri i Bujq\u00ebsis\u00eb dhe Ushqimit, n\u00eb nj\u00eb far\u00eb mase, t\u00eb jet\u00eb edhe minist\u00ebr sh\u00ebndet\u00ebsie, duhet t\u00eb b\u00ebj\u00eb kujdes q\u00eb konsumator\u00ebve shqiptar\u00eb t\u00eb mos u shiten ushqime t\u00eb skaduara apo t\u00eb prodhuara\/ruajtura n\u00eb kushte johigjienike. Sepse kur ai e lejon k\u00ebt\u00eb gj\u00eb, dhjet\u00ebra shqiptar\u00eb mund t\u00eb vdesin nga helmimet dhe mij\u00ebra t\u00eb tjer\u00eb t\u00eb vuajn\u00eb nga s\u00ebmundjet e shkaktuara prej ushqimeve t\u00eb tilla, si\u00e7 ka ndodhur shpesh vitet e fundit.<br \/>\nQ\u00eb ministri i Brendsh\u00ebm, n\u00eb nj\u00eb far\u00eb mase, t\u00eb jet\u00eb edhe minist\u00ebr Sh\u00ebndet\u00ebsie, duhet t\u00eb b\u00ebj\u00eb kujdes q\u00eb policia rrugore t\u00eb parandaloj\u00eb aksidentet e shkaktuara nga shpejt\u00ebsia, alkooli dhe mosrespektimi i Kodit Rrugor. Gjithashtu, ai duhet t\u00eb b\u00ebj\u00eb kujdes q\u00eb policia e shtetit t\u00eb parandaloj\u00eb krimet e dhunshme. Sepse n\u00eb qoft\u00eb se ai nuk e b\u00ebn k\u00ebt\u00eb gj\u00eb, qindra njer\u00ebz mund t\u00eb vdesin n\u00eb vit dhe mij\u00ebra t\u00eb tjer\u00eb t\u00eb gjymtohen.<br \/>\nK\u00ebshtu, p\u00ebr shembull, n\u00eb qoft\u00eb se shpejt\u00ebsia mesatare e ngjarjes s\u00eb automjeteve n\u00eb t\u00eb gjith\u00eb vendin ulet me 5km\/or\u00eb, numri i aksidenteve mund t\u00eb ulet 25%. I nj\u00ebjti reduktim mund t\u00eb realizohet nga nj\u00eb p\u00ebrgjysmim i numrit t\u00eb drejtuesve t\u00eb pir\u00eb t\u00eb automjeteve. Nd\u00ebrsa nga p\u00ebrdorimi i rripit t\u00eb siguris\u00eb, numri i vdekjeve prej aksidenteve mund t\u00eb pak\u00ebsohet pothuajse 45% dhe numri i plagosjeve t\u00eb r\u00ebnda 28%.<br \/>\nQ\u00eb ministri i Transportit dhe Pun\u00ebve Publike, n\u00eb nj\u00eb far\u00eb mase, t\u00eb jet\u00eb edhe minist\u00ebr Sh\u00ebndet\u00ebsie, duhet t\u00eb b\u00ebj\u00eb kujdes q\u00eb rrug\u00ebt t\u00eb mos nd\u00ebrtohen me nxitim, sa p\u00ebr t\u00eb prer\u00eb shiritat e inaugurimit para zgjedhjeve. Sepse nj\u00eb rrug\u00eb e re pa sinjalistik\u00ebn dhe mobilimin mbrojt\u00ebs t\u00eb duhur \u00ebsht\u00eb m\u00eb e rrezikshme se nj\u00eb rrug\u00eb e vjet\u00ebr. N\u00eb nj\u00eb rrug\u00eb t\u00eb re, kur sinjalistika dhe mobilimi mbrojt\u00ebs nuk \u00ebsht\u00eb plot\u00ebsuar, mund t\u00eb ndodhin m\u00eb shpesh aksidente. Kjo, sepse makinat ecin me shpejt\u00ebsi n\u00eb nj\u00eb rrug\u00eb t\u00eb re. Gjithashtu, p\u00ebrmir\u00ebsimi i rrug\u00ebve ekzistuese mund t\u00eb reduktoj\u00eb ndjesh\u00ebm aksidentet. N\u00eb SHBA, p\u00ebr shembull, kostoja e aksidenteve t\u00eb ndikuara nga kushtet jo t\u00eb mira t\u00eb rrug\u00ebve \u00ebsht\u00eb 240 miliard dollar\u00eb n\u00eb vit, ose rreth 1300 dollar\u00eb p\u00ebr qytetar me t\u00eb drejt\u00eb patente. N\u00eb Shqip\u00ebri, Zoti e di sesa mund t\u00eb jet\u00eb kjo kosto.<br \/>\nQ\u00eb ministri i Ekonomis\u00eb t\u00eb jet\u00eb n\u00eb nj\u00eb far\u00eb mase edhe minist\u00ebr Sh\u00ebndet\u00ebsie, duhet t\u00eb b\u00ebj\u00eb kujdes q\u00eb t\u00eb zbatoj\u00eb politika nxit\u00ebse p\u00ebr hapjen e sa m\u00eb shum\u00eb vendeve t\u00eb reja t\u00eb pun\u00ebs. Sepse studime t\u00eb shumta kan\u00eb treguar se ka nj\u00eb nd\u00ebrlidhje t\u00eb fort\u00eb statistikore mes nivelit t\u00eb papun\u00ebsis\u00eb dhe nivelit t\u00eb vet\u00ebvrasjeve, akteve t\u00eb dhunshme e alkoolizmit.<br \/>\nLista e ministrave, q\u00eb n\u00eb nj\u00eb far\u00eb mase mund t\u00eb jen\u00eb edhe ministra Sh\u00ebndet\u00ebsie, vazhdon deri te vet\u00eb ministri i Sh\u00ebndet\u00ebsis\u00eb, i cili, p\u00ebrve\u00e7 kujdesit p\u00ebr tenderat e spitaleve dhe t\u00eb ila\u00e7eve, mund t\u00eb kujdeset realisht p\u00ebr sh\u00ebndetin e qytetar\u00ebve t\u00eb Shqip\u00ebris\u00eb.Dhe s\u00eb fundi, por jo m\u00eb s\u00eb pakti, kryeministri, i cili ka qen\u00eb mjek para se t\u00eb b\u00ebhej nj\u00eb politikan profesionist, duhet t\u00eb jet\u00eb edhe ai n\u00eb nj\u00eb far\u00eb mase minist\u00ebr Sh\u00ebndet\u00ebsie. N\u00eb qoft\u00eb se kryeministri mendon vet\u00ebm p\u00ebr karrier\u00ebn e vet politike apo p\u00ebr pasurimin e familjes dhe vart\u00ebsve t\u00eb tij, mij\u00ebra shqiptar\u00eb mund t\u00eb vdesin apo gjymtohen nga plagosjet dhe s\u00ebmundjet e sip\u00ebrp\u00ebrmendura.<br \/>\nNj\u00eb kryeminist\u00ebr i till\u00eb kuptohet q\u00eb nuk i p\u00ebrket koh\u00ebs n\u00eb t\u00eb cil\u00ebn jetojm\u00eb, kur shteti po b\u00ebhet gjithnj\u00eb e m\u00eb tep\u00ebr garantuesi i jet\u00ebs s\u00eb qytetar\u00ebve. Shtetit, q\u00eb \u00ebsht\u00eb thjesht nj\u00eb veg\u00ebl n\u00eb duart e sundimtarit p\u00ebr t\u00eb pasuruar vetveten dhe vasal\u00ebt e tij, po i kalon koha kudo n\u00eb bot\u00eb&#8230;  <\/p>\n","protected":false},"excerpt":{"rendered":"<p>Nga: EDUARD ZALOSHNJA Cdo minist\u00ebr n\u00eb nj\u00eb qeveri, n\u00eb nj\u00eb far\u00eb mase, duhet t\u00eb jete edhe Minister Shendetesie. Kjo fjali permbledh me pak fjale fjalimin e S\u00ebr Majk\u00ebll Marmott n\u00eb Konferenc\u00ebn Bot\u00ebrore rreth Siguris\u00eb s\u00eb Jet\u00ebs, e cila u mbajt jav\u00ebn e kaluar n\u00eb Lond\u00ebr. Le ta p\u00ebrkthejm\u00eb k\u00ebt\u00eb fjali n\u00eb shqipen e realitetit t\u00eb [&hellip;]<\/p>\n","protected":false},"author":1,"featured_media":0,"comment_status":"open","ping_status":"closed","sticky":false,"template":"","format":"standard","meta":{"footnotes":""},"categories":[2],"tags":[],"class_list":{"0":"post-4111","1":"post","2":"type-post","3":"status-publish","4":"format-standard","6":"category-artikuj"},"yoast_head":"<!-- This site is optimized with the Yoast SEO plugin v27.4 - https:\/\/yoast.com\/product\/yoast-seo-wordpress\/ -->\n<title>\u00c7do minist\u00ebr, minist\u00ebr Sh\u00ebndet\u00ebsie - FjALA e LIR\u00cb - Arkivi<\/title>\n<meta name=\"robots\" content=\"index, follow, max-snippet:-1, max-image-preview:large, max-video-preview:-1\" \/>\n<link rel=\"canonical\" href=\"https:\/\/fjala.info\/2009-2015\/cdo-minister-minister-shendetesie\/\" \/>\n<meta property=\"og:locale\" content=\"sq_AL\" \/>\n<meta property=\"og:type\" content=\"article\" \/>\n<meta property=\"og:title\" content=\"\u00c7do minist\u00ebr, minist\u00ebr Sh\u00ebndet\u00ebsie - FjALA e LIR\u00cb - Arkivi\" \/>\n<meta property=\"og:description\" content=\"Nga: EDUARD ZALOSHNJA Cdo minist\u00ebr n\u00eb nj\u00eb qeveri, n\u00eb nj\u00eb far\u00eb mase, duhet t\u00eb jete edhe Minister Shendetesie. Kjo fjali permbledh me pak fjale fjalimin e S\u00ebr Majk\u00ebll Marmott n\u00eb Konferenc\u00ebn Bot\u00ebrore rreth Siguris\u00eb s\u00eb Jet\u00ebs, e cila u mbajt jav\u00ebn e kaluar n\u00eb Lond\u00ebr. Le ta p\u00ebrkthejm\u00eb k\u00ebt\u00eb fjali n\u00eb shqipen e realitetit t\u00eb [&hellip;]\" \/>\n<meta property=\"og:url\" content=\"https:\/\/fjala.info\/2009-2015\/cdo-minister-minister-shendetesie\/\" \/>\n<meta property=\"og:site_name\" content=\"FjALA e LIR\u00cb - Arkivi\" \/>\n<meta property=\"article:published_time\" content=\"2010-10-02T20:18:12+00:00\" \/>\n<meta property=\"og:image\" content=\"http:\/\/fjala.shkoder.net\/wp-content\/uploads\/2010\/10\/zaloshnja.jpg\" \/>\n<meta name=\"author\" content=\"admin\" \/>\n<meta name=\"twitter:card\" content=\"summary_large_image\" \/>\n<meta name=\"twitter:label1\" content=\"Written by\" \/>\n\t<meta name=\"twitter:data1\" content=\"admin\" \/>\n\t<meta name=\"twitter:label2\" content=\"Est. reading time\" \/>\n\t<meta name=\"twitter:data2\" content=\"4 minutes\" \/>\n<script type=\"application\/ld+json\" class=\"yoast-schema-graph\">{\"@context\":\"https:\\\/\\\/schema.org\",\"@graph\":[{\"@type\":\"Article\",\"@id\":\"https:\\\/\\\/fjala.info\\\/2009-2015\\\/cdo-minister-minister-shendetesie\\\/#article\",\"isPartOf\":{\"@id\":\"https:\\\/\\\/fjala.info\\\/2009-2015\\\/cdo-minister-minister-shendetesie\\\/\"},\"author\":{\"name\":\"admin\",\"@id\":\"https:\\\/\\\/fjala.info\\\/2009-2015\\\/#\\\/schema\\\/person\\\/3aa1163ef05469c496fc94e77611ada2\"},\"headline\":\"\u00c7do minist\u00ebr, minist\u00ebr Sh\u00ebndet\u00ebsie\",\"datePublished\":\"2010-10-02T20:18:12+00:00\",\"mainEntityOfPage\":{\"@id\":\"https:\\\/\\\/fjala.info\\\/2009-2015\\\/cdo-minister-minister-shendetesie\\\/\"},\"wordCount\":838,\"commentCount\":0,\"publisher\":{\"@id\":\"https:\\\/\\\/fjala.info\\\/2009-2015\\\/#organization\"},\"image\":{\"@id\":\"https:\\\/\\\/fjala.info\\\/2009-2015\\\/cdo-minister-minister-shendetesie\\\/#primaryimage\"},\"thumbnailUrl\":\"http:\\\/\\\/fjala.shkoder.net\\\/wp-content\\\/uploads\\\/2010\\\/10\\\/zaloshnja.jpg\",\"articleSection\":[\"Artikuj\"],\"inLanguage\":\"sq-AL\",\"potentialAction\":[{\"@type\":\"CommentAction\",\"name\":\"Comment\",\"target\":[\"https:\\\/\\\/fjala.info\\\/2009-2015\\\/cdo-minister-minister-shendetesie\\\/#respond\"]}]},{\"@type\":\"WebPage\",\"@id\":\"https:\\\/\\\/fjala.info\\\/2009-2015\\\/cdo-minister-minister-shendetesie\\\/\",\"url\":\"https:\\\/\\\/fjala.info\\\/2009-2015\\\/cdo-minister-minister-shendetesie\\\/\",\"name\":\"\u00c7do minist\u00ebr, minist\u00ebr Sh\u00ebndet\u00ebsie - FjALA e LIR\u00cb - Arkivi\",\"isPartOf\":{\"@id\":\"https:\\\/\\\/fjala.info\\\/2009-2015\\\/#website\"},\"primaryImageOfPage\":{\"@id\":\"https:\\\/\\\/fjala.info\\\/2009-2015\\\/cdo-minister-minister-shendetesie\\\/#primaryimage\"},\"image\":{\"@id\":\"https:\\\/\\\/fjala.info\\\/2009-2015\\\/cdo-minister-minister-shendetesie\\\/#primaryimage\"},\"thumbnailUrl\":\"http:\\\/\\\/fjala.shkoder.net\\\/wp-content\\\/uploads\\\/2010\\\/10\\\/zaloshnja.jpg\",\"datePublished\":\"2010-10-02T20:18:12+00:00\",\"breadcrumb\":{\"@id\":\"https:\\\/\\\/fjala.info\\\/2009-2015\\\/cdo-minister-minister-shendetesie\\\/#breadcrumb\"},\"inLanguage\":\"sq-AL\",\"potentialAction\":[{\"@type\":\"ReadAction\",\"target\":[\"https:\\\/\\\/fjala.info\\\/2009-2015\\\/cdo-minister-minister-shendetesie\\\/\"]}]},{\"@type\":\"ImageObject\",\"inLanguage\":\"sq-AL\",\"@id\":\"https:\\\/\\\/fjala.info\\\/2009-2015\\\/cdo-minister-minister-shendetesie\\\/#primaryimage\",\"url\":\"http:\\\/\\\/fjala.shkoder.net\\\/wp-content\\\/uploads\\\/2010\\\/10\\\/zaloshnja.jpg\",\"contentUrl\":\"http:\\\/\\\/fjala.shkoder.net\\\/wp-content\\\/uploads\\\/2010\\\/10\\\/zaloshnja.jpg\"},{\"@type\":\"BreadcrumbList\",\"@id\":\"https:\\\/\\\/fjala.info\\\/2009-2015\\\/cdo-minister-minister-shendetesie\\\/#breadcrumb\",\"itemListElement\":[{\"@type\":\"ListItem\",\"position\":1,\"name\":\"Home\",\"item\":\"https:\\\/\\\/fjala.info\\\/2009-2015\\\/\"},{\"@type\":\"ListItem\",\"position\":2,\"name\":\"\u00c7do minist\u00ebr, minist\u00ebr Sh\u00ebndet\u00ebsie\"}]},{\"@type\":\"WebSite\",\"@id\":\"https:\\\/\\\/fjala.info\\\/2009-2015\\\/#website\",\"url\":\"https:\\\/\\\/fjala.info\\\/2009-2015\\\/\",\"name\":\"FjALA e LIR\u00cb - Arkivi\",\"description\":\"Arkivi 2009-2015\",\"publisher\":{\"@id\":\"https:\\\/\\\/fjala.info\\\/2009-2015\\\/#organization\"},\"potentialAction\":[{\"@type\":\"SearchAction\",\"target\":{\"@type\":\"EntryPoint\",\"urlTemplate\":\"https:\\\/\\\/fjala.info\\\/2009-2015\\\/?s={search_term_string}\"},\"query-input\":{\"@type\":\"PropertyValueSpecification\",\"valueRequired\":true,\"valueName\":\"search_term_string\"}}],\"inLanguage\":\"sq-AL\"},{\"@type\":\"Organization\",\"@id\":\"https:\\\/\\\/fjala.info\\\/2009-2015\\\/#organization\",\"name\":\"FjALA e LIR\u00cb - Arkivi\",\"url\":\"https:\\\/\\\/fjala.info\\\/2009-2015\\\/\",\"logo\":{\"@type\":\"ImageObject\",\"inLanguage\":\"sq-AL\",\"@id\":\"https:\\\/\\\/fjala.info\\\/2009-2015\\\/#\\\/schema\\\/logo\\\/image\\\/\",\"url\":\"\",\"contentUrl\":\"\",\"caption\":\"FjALA e LIR\u00cb - Arkivi\"},\"image\":{\"@id\":\"https:\\\/\\\/fjala.info\\\/2009-2015\\\/#\\\/schema\\\/logo\\\/image\\\/\"}},{\"@type\":\"Person\",\"@id\":\"https:\\\/\\\/fjala.info\\\/2009-2015\\\/#\\\/schema\\\/person\\\/3aa1163ef05469c496fc94e77611ada2\",\"name\":\"admin\",\"image\":{\"@type\":\"ImageObject\",\"inLanguage\":\"sq-AL\",\"@id\":\"https:\\\/\\\/fjala.info\\\/2009-2015\\\/wp-content\\\/uploads\\\/2012\\\/02\\\/arben_cokaj-120x150.jpg\",\"url\":\"https:\\\/\\\/fjala.info\\\/2009-2015\\\/wp-content\\\/uploads\\\/2012\\\/02\\\/arben_cokaj-120x150.jpg\",\"contentUrl\":\"https:\\\/\\\/fjala.info\\\/2009-2015\\\/wp-content\\\/uploads\\\/2012\\\/02\\\/arben_cokaj-120x150.jpg\",\"caption\":\"admin\"},\"description\":\"Admin, Fjala e Lir\u00eb\",\"sameAs\":[\"https:\\\/\\\/fjala.info\\\/\"],\"url\":\"https:\\\/\\\/fjala.info\\\/2009-2015\\\/author\\\/admin\\\/\"}]}<\/script>\n<!-- \/ Yoast SEO plugin. -->","yoast_head_json":{"title":"\u00c7do minist\u00ebr, minist\u00ebr Sh\u00ebndet\u00ebsie - FjALA e LIR\u00cb - Arkivi","robots":{"index":"index","follow":"follow","max-snippet":"max-snippet:-1","max-image-preview":"max-image-preview:large","max-video-preview":"max-video-preview:-1"},"canonical":"https:\/\/fjala.info\/2009-2015\/cdo-minister-minister-shendetesie\/","og_locale":"sq_AL","og_type":"article","og_title":"\u00c7do minist\u00ebr, minist\u00ebr Sh\u00ebndet\u00ebsie - FjALA e LIR\u00cb - Arkivi","og_description":"Nga: EDUARD ZALOSHNJA Cdo minist\u00ebr n\u00eb nj\u00eb qeveri, n\u00eb nj\u00eb far\u00eb mase, duhet t\u00eb jete edhe Minister Shendetesie. Kjo fjali permbledh me pak fjale fjalimin e S\u00ebr Majk\u00ebll Marmott n\u00eb Konferenc\u00ebn Bot\u00ebrore rreth Siguris\u00eb s\u00eb Jet\u00ebs, e cila u mbajt jav\u00ebn e kaluar n\u00eb Lond\u00ebr. Le ta p\u00ebrkthejm\u00eb k\u00ebt\u00eb fjali n\u00eb shqipen e realitetit t\u00eb [&hellip;]","og_url":"https:\/\/fjala.info\/2009-2015\/cdo-minister-minister-shendetesie\/","og_site_name":"FjALA e LIR\u00cb - Arkivi","article_published_time":"2010-10-02T20:18:12+00:00","og_image":[{"url":"http:\/\/fjala.shkoder.net\/wp-content\/uploads\/2010\/10\/zaloshnja.jpg","type":"","width":"","height":""}],"author":"admin","twitter_card":"summary_large_image","twitter_misc":{"Written by":"admin","Est. reading time":"4 minutes"},"schema":{"@context":"https:\/\/schema.org","@graph":[{"@type":"Article","@id":"https:\/\/fjala.info\/2009-2015\/cdo-minister-minister-shendetesie\/#article","isPartOf":{"@id":"https:\/\/fjala.info\/2009-2015\/cdo-minister-minister-shendetesie\/"},"author":{"name":"admin","@id":"https:\/\/fjala.info\/2009-2015\/#\/schema\/person\/3aa1163ef05469c496fc94e77611ada2"},"headline":"\u00c7do minist\u00ebr, minist\u00ebr Sh\u00ebndet\u00ebsie","datePublished":"2010-10-02T20:18:12+00:00","mainEntityOfPage":{"@id":"https:\/\/fjala.info\/2009-2015\/cdo-minister-minister-shendetesie\/"},"wordCount":838,"commentCount":0,"publisher":{"@id":"https:\/\/fjala.info\/2009-2015\/#organization"},"image":{"@id":"https:\/\/fjala.info\/2009-2015\/cdo-minister-minister-shendetesie\/#primaryimage"},"thumbnailUrl":"http:\/\/fjala.shkoder.net\/wp-content\/uploads\/2010\/10\/zaloshnja.jpg","articleSection":["Artikuj"],"inLanguage":"sq-AL","potentialAction":[{"@type":"CommentAction","name":"Comment","target":["https:\/\/fjala.info\/2009-2015\/cdo-minister-minister-shendetesie\/#respond"]}]},{"@type":"WebPage","@id":"https:\/\/fjala.info\/2009-2015\/cdo-minister-minister-shendetesie\/","url":"https:\/\/fjala.info\/2009-2015\/cdo-minister-minister-shendetesie\/","name":"\u00c7do minist\u00ebr, minist\u00ebr Sh\u00ebndet\u00ebsie - FjALA e LIR\u00cb - Arkivi","isPartOf":{"@id":"https:\/\/fjala.info\/2009-2015\/#website"},"primaryImageOfPage":{"@id":"https:\/\/fjala.info\/2009-2015\/cdo-minister-minister-shendetesie\/#primaryimage"},"image":{"@id":"https:\/\/fjala.info\/2009-2015\/cdo-minister-minister-shendetesie\/#primaryimage"},"thumbnailUrl":"http:\/\/fjala.shkoder.net\/wp-content\/uploads\/2010\/10\/zaloshnja.jpg","datePublished":"2010-10-02T20:18:12+00:00","breadcrumb":{"@id":"https:\/\/fjala.info\/2009-2015\/cdo-minister-minister-shendetesie\/#breadcrumb"},"inLanguage":"sq-AL","potentialAction":[{"@type":"ReadAction","target":["https:\/\/fjala.info\/2009-2015\/cdo-minister-minister-shendetesie\/"]}]},{"@type":"ImageObject","inLanguage":"sq-AL","@id":"https:\/\/fjala.info\/2009-2015\/cdo-minister-minister-shendetesie\/#primaryimage","url":"http:\/\/fjala.shkoder.net\/wp-content\/uploads\/2010\/10\/zaloshnja.jpg","contentUrl":"http:\/\/fjala.shkoder.net\/wp-content\/uploads\/2010\/10\/zaloshnja.jpg"},{"@type":"BreadcrumbList","@id":"https:\/\/fjala.info\/2009-2015\/cdo-minister-minister-shendetesie\/#breadcrumb","itemListElement":[{"@type":"ListItem","position":1,"name":"Home","item":"https:\/\/fjala.info\/2009-2015\/"},{"@type":"ListItem","position":2,"name":"\u00c7do minist\u00ebr, minist\u00ebr Sh\u00ebndet\u00ebsie"}]},{"@type":"WebSite","@id":"https:\/\/fjala.info\/2009-2015\/#website","url":"https:\/\/fjala.info\/2009-2015\/","name":"FjALA e LIR\u00cb - Arkivi","description":"Arkivi 2009-2015","publisher":{"@id":"https:\/\/fjala.info\/2009-2015\/#organization"},"potentialAction":[{"@type":"SearchAction","target":{"@type":"EntryPoint","urlTemplate":"https:\/\/fjala.info\/2009-2015\/?s={search_term_string}"},"query-input":{"@type":"PropertyValueSpecification","valueRequired":true,"valueName":"search_term_string"}}],"inLanguage":"sq-AL"},{"@type":"Organization","@id":"https:\/\/fjala.info\/2009-2015\/#organization","name":"FjALA e LIR\u00cb - Arkivi","url":"https:\/\/fjala.info\/2009-2015\/","logo":{"@type":"ImageObject","inLanguage":"sq-AL","@id":"https:\/\/fjala.info\/2009-2015\/#\/schema\/logo\/image\/","url":"","contentUrl":"","caption":"FjALA e LIR\u00cb - Arkivi"},"image":{"@id":"https:\/\/fjala.info\/2009-2015\/#\/schema\/logo\/image\/"}},{"@type":"Person","@id":"https:\/\/fjala.info\/2009-2015\/#\/schema\/person\/3aa1163ef05469c496fc94e77611ada2","name":"admin","image":{"@type":"ImageObject","inLanguage":"sq-AL","@id":"https:\/\/fjala.info\/2009-2015\/wp-content\/uploads\/2012\/02\/arben_cokaj-120x150.jpg","url":"https:\/\/fjala.info\/2009-2015\/wp-content\/uploads\/2012\/02\/arben_cokaj-120x150.jpg","contentUrl":"https:\/\/fjala.info\/2009-2015\/wp-content\/uploads\/2012\/02\/arben_cokaj-120x150.jpg","caption":"admin"},"description":"Admin, Fjala e Lir\u00eb","sameAs":["https:\/\/fjala.info\/"],"url":"https:\/\/fjala.info\/2009-2015\/author\/admin\/"}]}},"_links":{"self":[{"href":"https:\/\/fjala.info\/2009-2015\/wp-json\/wp\/v2\/posts\/4111","targetHints":{"allow":["GET"]}}],"collection":[{"href":"https:\/\/fjala.info\/2009-2015\/wp-json\/wp\/v2\/posts"}],"about":[{"href":"https:\/\/fjala.info\/2009-2015\/wp-json\/wp\/v2\/types\/post"}],"author":[{"embeddable":true,"href":"https:\/\/fjala.info\/2009-2015\/wp-json\/wp\/v2\/users\/1"}],"replies":[{"embeddable":true,"href":"https:\/\/fjala.info\/2009-2015\/wp-json\/wp\/v2\/comments?post=4111"}],"version-history":[{"count":0,"href":"https:\/\/fjala.info\/2009-2015\/wp-json\/wp\/v2\/posts\/4111\/revisions"}],"wp:attachment":[{"href":"https:\/\/fjala.info\/2009-2015\/wp-json\/wp\/v2\/media?parent=4111"}],"wp:term":[{"taxonomy":"category","embeddable":true,"href":"https:\/\/fjala.info\/2009-2015\/wp-json\/wp\/v2\/categories?post=4111"},{"taxonomy":"post_tag","embeddable":true,"href":"https:\/\/fjala.info\/2009-2015\/wp-json\/wp\/v2\/tags?post=4111"}],"curies":[{"name":"wp","href":"https:\/\/api.w.org\/{rel}","templated":true}]}}