{"id":4110,"date":"2012-07-31T10:10:01","date_gmt":"2012-07-31T09:10:01","guid":{"rendered":"http:\/\/www.fjala.info\/?p=4110"},"modified":"2012-07-31T10:10:01","modified_gmt":"2012-07-31T09:10:01","slug":"spartak-ngjela-pd-ps-dy-korporata-qe-vjedhin-popullin","status":"publish","type":"post","link":"https:\/\/fjala.info\/2009-2015\/spartak-ngjela-pd-ps-dy-korporata-qe-vjedhin-popullin\/","title":{"rendered":"Spartak Ngjela: PD-PS, dy korporata q\u00eb vjedhin popullin"},"content":{"rendered":"<p><img decoding=\"async\" class=\"alignright size-thumbnail wp-image-7236\" title=\"Spartak Ngjela\" src=\"http:\/\/www.fjala.info\/2012\/spartak_ngjela.gif\" alt=\"\" width=\"200\" \/> <strong>Skerdilajd Zaimi<\/strong><\/p>\n<p>Hapi i par\u00eb i reform\u00ebs, Konferenc\u00eb panshqiptare p\u00ebr Drejt\u00ebsin\u00eb. T\u00eb decentralizohet Prokuroria. Opozita ka humbur drejtimin. Imuniteti, loj\u00eb e Berish\u00ebs. Duhet hequr me \u00e7do kusht. Nishani, viktim\u00eb e Berish\u00ebs nj\u00ebsoj si viktimat e dikurshme n\u00eb Byron\u00eb Politike.<\/p>\n<p>\u201cPopulli ka theks m\u00eb opozitar se vet\u00eb opozita\u201d. K\u00ebshtu shprehet n\u00eb intervist\u00ebn p\u00ebr Shekullin, Spartak Ngjela, kryetar i Partis\u00eb Ligj dhe Drejt\u00ebsi, i cili merr n\u00eb analiz\u00eb zhvillimet e fundit politike n\u00eb Shqip\u00ebri. Sipas tij, reforma n\u00eb drejt\u00ebsi nuk ekziston dhe n\u00eb k\u00ebt\u00eb pik\u00eb nj\u00eb p\u00ebrgjegj\u00ebsi t\u00eb madhe kan\u00eb edhe socialist\u00ebt q\u00eb jan\u00eb pjes\u00eb e loj\u00ebs s\u00eb orkestruar nga Kryeministri Berisha. Sipas Ngjel\u00ebs, thelbi i kriz\u00ebs gati ekzistenciale t\u00eb vet\u00eb sistemit lidhet me transformimin e opozit\u00ebs, pushtetit politik por edhe gjyq\u00ebsorit n\u00eb nj\u00ebsi q\u00eb u ngjajn\u00eb korporatave mes t\u00eb cilave ka marr\u00ebveshje t\u00eb heshtur.<\/p>\n<p><strong>Z. Ngjela, politika, apo m\u00eb sakt\u00eb dy partit\u00eb e m\u00ebdha, duket ti jen\u00eb rikthyer klim\u00ebs s\u00eb bashk\u00ebpunimit. Po flitet p\u00ebr reforma n\u00eb drejt\u00ebsi, heqjen e imunitetit dhe po zgjidhet problemi i em\u00ebrimeve n\u00eb gjykatat e nivelit t\u00eb lart\u00eb. N\u00eb fakt \u00e7far\u00eb po ndodh sipas jush; po korrigjohet problematika n\u00eb Drejt\u00ebsi?<\/strong><\/p>\n<p>Jo, nuk ka asgj\u00eb q\u00eb mund t\u00eb t\u00eb b\u00ebj\u00eb optimist. Reforma n\u00eb drejt\u00ebsi as q\u00eb po duket as n\u00eb horizont. Partia Socialiste nuk ka potenciale p\u00ebr t\u00eb b\u00ebr\u00eb reform\u00ebn n\u00eb drejt\u00ebsi. Reforma, q\u00eb t\u00eb kuptohemi, \u00ebsht\u00eb ligj, nuk \u00ebsht\u00eb nd\u00ebrrim njer\u00ebzish. N\u00eb \u00e7do sfer\u00eb t\u00eb shtetit, reforma para s\u00eb gjithash \u00ebsht\u00eb ligj. Ende nuk ka fare nj\u00eb ligj t\u00eb till\u00eb, dhe as q\u00eb ka p\u00ebr t\u00eb pasur. Drejt\u00ebsia shqiptare, e cila nuk ekziston, nuk \u00ebsht\u00eb nj\u00eb \u00e7\u00ebshtje q\u00eb zgjidhet nga ata q\u00eb nuk e kan\u00eb b\u00ebr\u00eb dot si reform\u00eb, kur kan\u00eb qen\u00eb nj\u00eb her\u00eb n\u00eb pushtet. Socialist\u00ebt nuk e b\u00ebn\u00eb dot reform\u00ebn n\u00eb drejt\u00ebsi kur ishin n\u00eb pushtet, sepse nuk e njohin fare sistemin.<\/p>\n<p>Ende nuk ka n\u00eb Shqip\u00ebri nj\u00eb institucion me personalitet q\u00eb t\u00eb luftoj\u00eb krimin. Prokuroria aktuale \u00ebsht\u00eb nj\u00eb tip xhepi komunist q\u00eb nuk ka fare forc\u00eb jasht\u00eb politik\u00ebs, kurse gjykata nuk ka fare gjyqtar\u00eb. Gjykata shqiptare si korpus i p\u00ebrgjithsh\u00ebm, \u00ebsht\u00eb nj\u00eb korporat\u00eb biznesi, dhe nuk ka lidhje fare me drejt\u00ebsin\u00eb. Ajo ka b\u00ebr\u00eb nj\u00eb kompromis t\u00eb heshtur me pushtetin politik, q\u00eb ask\u00ebnd, q\u00eb do t\u00eb shkoj\u00eb para saj nga nivelet e larta t\u00eb politik\u00ebs me ndonj\u00eb akuz\u00eb \u00e7far\u00ebdo, nuk do ta d\u00ebnoj\u00eb, kurse nga ana tjet\u00ebr, vet\u00eb gjyqtar\u00ebt duhet t\u00eb jen\u00eb ndar\u00ebs pazaresh. K\u00ebshtu q\u00eb jan\u00eb krijuar dy korporata biznesi:<\/p>\n<p>Qeveria \u201cBerisha\u201d dhe Pushteti Gjyq\u00ebsor shqiptar, ose vet\u00eb gjykata shqiptare. Nj\u00eb situate t\u00eb till\u00eb nuk ka mund\u00ebsi q\u00eb t\u2019i dal\u00eb p\u00ebrpara nj\u00eb reform\u00eb q\u00eb s\u2019shpreh asgj\u00eb, por q\u00eb na flet p\u00ebr identitete, p\u00ebr nj\u00eb rutin\u00eb t\u00eb vjet\u00ebr dhe, mbi t\u00eb gjitha, pa asnj\u00eb studim dhe pa asnj\u00eb statistik\u00eb. \u00cbsht\u00eb nj\u00eb g\u00ebnjesht\u00ebr e injorant\u00ebve q\u00eb gjithmon\u00eb b\u00ebjn\u00eb sikur. Reforma n\u00eb drejt\u00ebsi duhej t\u00eb ishte nj\u00eb punim shkencor q\u00eb duhej t\u2019i kalonte 1000 faqe. Me statistik\u00eb, me d\u00ebshtime, me prova dhe m\u00eb m\u00ebnyr\u00ebn sesi duhej t\u00eb zgjidhet kjo situat\u00eb, e cila \u00ebsht\u00eb kriz\u00eb. Ne kemi para s\u00eb gjithash nj\u00eb kriz\u00eb n\u00eb drejt\u00ebsi, pastaj kemi nj\u00eb kriz\u00eb korrupsioni.<\/p>\n<p>N\u00ebse ke drejt\u00ebsi t\u00eb konsoliduar institucionalisht, nuk ke korrupsion. T\u00eb dyja aspektet e shtetit i ka pushtuar krimi, edhe gjykat\u00ebn edhe politik\u00ebn e lart\u00eb. Reform\u00eb do t\u00eb thot\u00eb q\u00eb duhen shkallmuar me ligj q\u00eb t\u00eb dyja. N\u00eb fillim duhet ngritur nj\u00eb Prokurori e decentralizuar q\u00eb t\u00eb hetoj\u00eb e t\u00eb zbuloj\u00eb krimin; e mandej duhet par\u00eb ri-institucionalizimi i gjykat\u00ebs. N\u00eb k\u00ebt\u00eb v\u00ebshtrim, duhen thirrur patjet\u00ebr gjyqtar\u00eb t\u00eb rinj; njer\u00ebz t\u00eb ndersh\u00ebm. Jurist\u00eb profesionalist\u00eb q\u00eb nuk kan\u00eb asnj\u00eb shenj\u00eb p\u00ebr korrupsion. Duhet t\u00eb kuptohemi p\u00ebr nj\u00eb gj\u00eb q\u00eb ende nuk dihet n\u00eb Shqip\u00ebrin\u00eb leniniste: drejt\u00ebsia ka sens komun, dhe jo sens profesional. Juria amerikane na i ka m\u00ebsuar t\u00eb gjith\u00ebve k\u00ebt\u00eb.<\/p>\n<p>Ne na duhen gjyqtar\u00eb t\u00eb ndersh\u00ebm, t\u00eb cil\u00ebt do t\u2019i paguajm\u00eb shum\u00eb mir\u00eb, por q\u00eb do t\u00eb na japin drejt\u00ebsi dhe do t\u00eb qet\u00ebsojn\u00eb shpirtin e revoltuar t\u00eb popullit. Duhet t\u00eb kuptohemi edhe p\u00ebr nj\u00eb gj\u00eb: ndershm\u00ebria paguhet. Kjo \u00ebsht\u00eb motua e shtetit dhe drejt\u00ebsis\u00eb moderne. Por n\u00eb t\u00eb nj\u00ebjt\u00ebn koh\u00eb, ne kemi nevoj\u00eb q\u00eb shum\u00eb shpejt t\u00eb ngrem\u00eb nj\u00eb Konferenc\u00eb p\u00ebr Drejt\u00ebsin\u00eb, e cila do t\u00eb ishte logjikisht moment preliminar i reform\u00ebs institucionale. N\u00eb k\u00ebt\u00eb Konferenc\u00eb panshqiptare domosdoshm\u00ebrisht duhet t\u00eb marrin pjes\u00eb edhe personalitete t\u00eb m\u00ebdhenj t\u00eb drejt\u00ebsis\u00eb bot\u00ebrore. Megjithat\u00eb, do t\u00eb kemi koh\u00eb q\u00eb t\u00eb flasim p\u00ebr reform\u00ebn n\u00eb drejt\u00ebsi, e cila as q\u00eb ka shenja se do t\u00eb b\u00ebhet.<\/p>\n<p><strong>Po p\u00ebr imunitetin?<\/strong><\/p>\n<p>Imuniteti n\u00eb Shqip\u00ebrin\u00eb e k\u00ebtyre 20 vjet\u00ebve t\u00eb fundit, ka qen\u00eb imunitet q\u00eb me Kushtetut\u00eb e me ligj, i \u00ebsht\u00eb dh\u00ebn\u00eb krimit. At\u00eb e g\u00ebzon krimi. Prandaj ai duhet hequr menj\u00ebher\u00eb. T\u00eb gjitha l\u00ebkundjet, jan\u00eb pasoj\u00eb e metodave t\u00eb liga q\u00eb luan Saliu, n\u00eb m\u00ebnyr\u00eb t\u00eb fsheht\u00eb ose me trembje politike. Ai q\u00eb ka frik\u00eb m\u00eb shum\u00eb nga kushdo tjet\u00ebr p\u00ebr heqjen e imunitetit \u00ebsht\u00eb Sali Berisha, sepse ai ka vrar\u00eb, ka vjedhur dhe ka uzurpuar pushtetin n\u00eb m\u00ebnyr\u00eb t\u00eb paligjshme. Sok\u00ebllimat e tij, jan\u00eb thirrje p\u00ebr t\u2019iu th\u00ebn\u00eb atyre q\u00eb ia kan\u00eb n\u00eb dor\u00eb provat, se \u201cun\u00eb jam p\u00ebr heqjen e imunitetit, por nuk duan socialist\u00ebt\u201d.<\/p>\n<p>Kurse socialist\u00ebt, si pa mendim politik q\u00eb jan\u00eb, mendojn\u00eb se ai po b\u00ebrtet kund\u00ebr tyre. Dometh\u00ebn\u00eb do t\u00eb godas\u00eb penalisht socialist\u00ebt e pambrojtur. Po jan\u00eb kaq naiv\u00eb sa nuk e kuptojn\u00eb: asnj\u00eb opozit\u00eb nuk ka imunitet, sepse mazhoranca ta heq imunitetin n\u00eb \u00e7do moment q\u00eb do dhe n\u00eb t\u00eb gjitha m\u00ebnyrat. Por, ose jan\u00eb viktim\u00eb e k\u00ebrc\u00ebnimit t\u00eb Saliut, ose bashk\u00ebpunojn\u00eb p\u00ebr t\u00eb mbajtur realisht nj\u00eb pushtet si ai q\u00eb thash\u00eb un\u00eb: dy korporata q\u00eb vjedhin popullin pavar\u00ebsisht nga nj\u00ebra-tjetra, por n\u00eb bashk\u00ebpunim me nj\u00ebra-tjetr\u00ebn. Por nuk besoj se do t\u2019ua l\u00ebn\u00eb nd\u00ebrkomb\u00ebtar\u00ebt q\u00eb ta vijojn\u00eb k\u00ebt\u00eb loj\u00eb. Imuniteti do t\u00eb hiqet. N\u00ebse nuk do ta heqin k\u00ebta, duhet t\u2019ua heq\u00eb populli.<\/p>\n<p><strong>Nj\u00eb faktor q\u00eb ndikon shum\u00eb \u00e7\u00ebshtjet e gjyq\u00ebsorit \u00ebsht\u00eb edhe Presidenti i Republik\u00ebs. Bamir Topi ka l\u00ebn\u00eb detyr\u00ebn dhe Bujar Nishani sapo e ka marr\u00eb at\u00eb. \u00c7far\u00eb prisni ju n\u00eb k\u00ebt\u00eb drejtim; a do t\u00eb luaj\u00eb Presidenti at\u00eb rol q\u00eb k\u00ebrkohet p\u00ebr t\u00eb mbajtur sistemin n\u00eb ekuilib\u00ebr?<\/strong><\/p>\n<p>Pik\u00eb s\u00eb pari, duhet th\u00ebn\u00eb se Shqip\u00ebria sot nuk ka m\u00eb nj\u00eb President. Bujar Nishani nuk mund t\u00eb jet\u00eb President i Republik\u00ebs s\u00eb Shqip\u00ebris\u00eb dhe, p\u00ebr k\u00ebt\u00eb fakt, do ta shihni q\u00eb do t\u00eb kthehet n\u00eb nj\u00eb viktim\u00eb. Ky President \u00ebsht\u00eb nj\u00eb zgjedhje abuzive e Sali Berish\u00ebs, dhe nj\u00eb tulatje apolitike e lidershipit socialist, q\u00eb kurr\u00eb n\u00eb k\u00ebta tet\u00eb vjet nuk ka kuptuar gj\u00eb nga agresiviteti i Saliut. Bujar Nishani nuk i ka aft\u00ebsit\u00eb, as mendore dhe as fizike, p\u00ebr t\u00eb qen\u00eb President i Republik\u00ebs s\u00eb Shqip\u00ebris\u00eb. Po p\u00ebr k\u00ebt\u00eb nuk ka faj. \u00cbsht\u00eb nj\u00eb viktim\u00eb, nj\u00eblloj si viktimat q\u00eb krijoi Enver Hoxha me Simon Stefanin, Hekuran Isain apo Lenka \u00c7ukon, q\u00eb, duke mos qen\u00eb t\u00eb aft\u00eb p\u00ebr t\u00eb drejtuar shtetin, n\u00eb vitin 1992, ran\u00eb viktima, por si pasoj\u00eb e talljes q\u00eb iu kishte b\u00ebr\u00eb Enver Hoxha kur i kishte futur n\u00eb Byron\u00eb e tij Politike.<\/p>\n<p>K\u00ebt\u00eb ka b\u00ebr\u00eb edhe Sali Berisha: pik\u00eb s\u00eb pari \u00ebsht\u00eb tallur me popullin shqiptar, por m\u00eb pas, \u00ebsht\u00eb tallur me vet\u00eb Bujar Nishanin. Ky, n\u00ebse nuk e kupton se nuk ka asnj\u00eb ingredient politik q\u00eb t\u00eb jet\u00eb i besuesh\u00ebm si president, fatkeq\u00ebsi p\u00ebr t\u00eb; por n\u00ebse e kupton dhe vazhdon ta pranoj\u00eb, at\u00ebher\u00eb \u00ebsht\u00eb edhe m\u00eb e r\u00ebnd\u00eb situata, sepse do t\u00eb jet\u00eb nj\u00eb viktim\u00eb historike q\u00eb \u00ebsht\u00eb sakrifikuar r\u00ebnd\u00eb p\u00ebr t\u00eb tjer\u00ebt. N\u00ebse nuk e kupton se n\u00eb Shqip\u00ebri nuk mund t\u00eb vendoset diktatura \u201cBerisha\u201d, dhe mendon se mund t\u00eb ndihmoj\u00eb n\u00eb vendosjen e k\u00ebsaj diktatur\u00eb me tagrin e tij si President, do ta p\u00ebsoj\u00eb shum\u00eb keq. E asgj\u00eb m\u00eb. Kjo \u00ebsht\u00eb situata. Por le t\u00eb presim p\u00ebr ta par\u00eb edhe m\u00eb qart\u00eb.<\/p>\n<p><strong>Z. Ngjela s\u00eb fundmi \u00ebsht\u00eb Ministria e Mbrojtjes dhe titullari i saj q\u00eb jan\u00eb v\u00ebn\u00eb n\u00eb qend\u00ebr t\u00eb v\u00ebmendjes p\u00ebr nj\u00eb \u00e7\u00ebshtje delikate si p\u00ebrgjimi i opozit\u00ebs. Ju besoni p\u00ebr nj\u00eb veprim t\u00eb till\u00eb nga ana e Imamit dhe n\u00ebse po, a jemi n\u00eb kushtet e vitit 1996 sa I p\u00ebrket raportit t\u00eb pushtetit me opozit\u00ebn?<\/strong><\/p>\n<p>N\u00ebse ajo q\u00eb kam d\u00ebgjuar \u00ebsht\u00eb e v\u00ebrtet\u00eb, Imami ka kryer nj\u00eb krim, p\u00ebr t\u00eb cilin, her\u00ebt a von\u00eb do t\u00eb p\u00ebrgjigjet, sepse ky lloj krimi nuk parashkruhet, se \u00ebsht\u00eb i barabart\u00eb me terrorin. P\u00ebrgjimi i opozit\u00ebs nga mazhoranca n\u00eb demokraci \u00ebsht\u00eb krim i r\u00ebnd\u00eb. Jam i bindur se n\u00eb k\u00ebt\u00eb krim Imamin e ka hedhur Saliu; por kjo nuk mjafton. T\u00eb gjith\u00eb e din\u00eb k\u00ebt\u00eb, por gjithsesi Imami, n\u00ebse do t\u00eb shp\u00ebtoj\u00eb disi nga p\u00ebrgjegj\u00ebsia q\u00eb do t\u00eb ket\u00eb, duhet ta denoncoj\u00eb q\u00eb tani, ose t\u00eb dij\u00eb t\u00eb distancohet, sepse un\u00eb mendoj se Saliu e ka b\u00ebr\u00eb pa e pyetur fare Imamin. N\u00ebse \u00ebsht\u00eb k\u00ebshtu, dhe Imami e denoncon me prova, kuptohet se Imami vet\u00eb hyn n\u00eb historin\u00eb pozitive t\u00eb demokracis\u00eb shqiptare si figur\u00eb. N\u00eb t\u00eb kund\u00ebrt, mund t\u00eb hyj\u00eb n\u00eb k\u00ebt\u00eb histori si i pandehur. E ka n\u00eb dor\u00eb p\u00ebr t\u00eb zgjedhur. Por gjithmon\u00eb duhet t\u2019i q\u00ebndroj\u00eb t\u00eb v\u00ebrtet\u00ebs.<\/p>\n<p><strong>N\u00eb fakt, teksa qeveria akuzohet p\u00ebr p\u00ebrgjime, opozita nuk mungon ta shfaj\u00ebsoj\u00eb at\u00eb duke i dh\u00ebn\u00eb konsensus n\u00eb sektor\u00eb t\u00eb tjer\u00eb. Mendoni se institucioni i opozit\u00ebs funksionon si duhet n\u00eb Shqip\u00ebri ? Si e shpjegoni nj\u00eb lloj ftoht\u00ebsie mes opinionit publik dhe apelit apo denoncimeve t\u00eb PS-s\u00eb si forca m\u00eb p\u00ebrfaq\u00ebsuese n\u00eb koalicionin e opozit\u00ebs?<\/strong><\/p>\n<p>Ju keni t\u00eb drejt\u00eb, por opozita nuk ka drejtim. \u00cbsht\u00eb l\u00ebshuar n\u00eb m\u00ebshir\u00eb t\u00eb fatit dhe po t\u00eb vijoj\u00eb k\u00ebshtu, do t\u00eb ket\u00eb nj\u00eb kriz\u00eb opozitare n\u00eb Shqip\u00ebri, e cila nuk dihet se \u00e7far\u00eb do t\u00eb prodhoj\u00eb. Populli \u00ebsht\u00eb m\u00eb p\u00ebrpara se opozita n\u00eb theksin e vet opozitar; dhe kjo sjell d\u00ebme t\u00eb m\u00ebdha n\u00eb demokraci. N\u00eb fakt, sa her\u00eb q\u00eb shoq\u00ebrit\u00eb kan\u00eb pasur degradim opozitar, gjendjet kan\u00eb degraduar n\u00eb anarki spontane. Por le t\u00eb shohim sesi do t\u00eb precipitojn\u00eb ngjarjet.<\/p>\n<p><strong>Nj\u00eb forc\u00eb e re politike po lind, brenda s\u00eb djatht\u00ebs-FRD-ja ku n\u00eb krye pritet Presidenti Bamir Topi. Si do ta p\u00ebrkufizonit k\u00ebt\u00eb l\u00ebvizje djathtas dhe \u00e7far\u00eb p\u00ebrfaq\u00ebson ajo p\u00ebr ju n\u00eb kuptim t\u00eb zgjedhjeve t\u00eb vitit 2013?<\/strong><\/p>\n<p>E shoh me pozitivitet, por ende duhet pritur p\u00ebr t\u00eb par\u00eb verbin dhe fjalimet e Bamir Topit. Gjith\u00e7ka do t\u00eb hyj\u00eb n\u00eb at\u00eb hullin\u00eb q\u00eb iu thash\u00eb m\u00eb lart: do t\u00eb jet\u00eb kjo parti me frym\u00ebn dhe nivelin e theksit opozitar popullor? Po t\u00eb jet\u00eb e till\u00eb, patjet\u00ebr q\u00eb do t\u00eb ket\u00eb sukses. Dhe do t\u00eb sjell\u00eb pozitivitet n\u00eb demokracin\u00eb shqiptare, e cila duhet th\u00ebn\u00eb se ende nuk ka ardhur n\u00eb Shqip\u00ebri.<\/p>\n<p><strong>Ju keni botuar nj\u00eb lib\u00ebr me refleksione p\u00ebr koh\u00ebn e Diktatur\u00ebs, viktim\u00eb e s\u00eb cil\u00ebs edhe ishit p\u00ebr disa koh\u00eb. Nd\u00ebrkoh\u00eb n\u00eb periudh\u00ebn e pluralizmit jeni protagonist. \u00c7far\u00eb mund t\u00eb na thoni p\u00ebr refleksionet tuaj p\u00ebr k\u00ebto 22 vjet tranzicion traumatik p\u00ebr shoq\u00ebrin\u00eb shqiptare? Pse \u00ebsht\u00eb i suksessh\u00ebm ky model politikani, mes t\u00eb cil\u00ebve padyshim dominimi i Sali Berish\u00ebs \u00ebsht\u00eb nyja nga rrjedhin ndoshta edhe shpjegimet e tjera?<\/strong><\/p>\n<p>Para s\u00eb gjithash, m\u00eb duhet t\u00eb nd\u00ebrhyj p\u00ebr t\u00eb rregulluar termin \u201cviktim\u00eb\u201d q\u00eb p\u00ebrdorni n\u00eb pyetjen tuaj. Un\u00eb, n\u00eb 90 % t\u00eb atyre q\u00eb kam takuar n\u00ebp\u00ebr burgjet shqiptare si t\u00eb burgosur politik\u00eb, nuk kam gjetur asnj\u00eb viktim\u00eb, sepse q\u00eb t\u00eb gjith\u00eb kishin dal\u00eb kund\u00ebr regjimit t\u00eb at\u00ebhersh\u00ebm. Dometh\u00ebn\u00eb, edhe kund\u00ebr ligjit komunist n\u00eb Shqip\u00ebri. K\u00ebt\u00eb fjal\u00ebn \u201cviktim\u00eb\u201d e ka nxjerre Saliu p\u00ebr t\u00eb \u201clar\u00eb veten\u201d. Ai ka qen\u00eb nj\u00eb sh\u00ebrbyes i Diktatur\u00ebs, q\u00eb ka lar\u00eb korridoret e pist\u00eb t\u00eb Partis\u00eb s\u00eb Pun\u00ebs, dhe mendon se t\u00eb tjer\u00ebt kan\u00eb qen\u00eb viktima. Por le t\u00eb vijojm\u00eb p\u00ebr librin. Libri im, i cili quhet \u201cP\u00ebrkulja dhe R\u00ebnia e Tiranis\u00eb Shqiptare 1957-2010\u201d, \u00ebsht\u00eb n\u00eb tre volume.<\/p>\n<p>\u00cbsht\u00eb botuar deri tani Volumi i Par\u00eb q\u00eb rrok ngjarjet deri n\u00eb vitin 1975; kurse Volumi i Dyt\u00eb, del k\u00ebto dit\u00eb, sepse e kam \u00e7uar p\u00ebr shtyp. Ky Volum shkon deri n\u00eb vitin 1991. Volumi i Tret\u00eb, i cili kap k\u00ebto 20 vjet q\u00eb ju pyesni, del n\u00eb janar ose shkurt t\u00eb vitit q\u00eb vjen. N\u00eb k\u00ebt\u00eb Volum t\u00eb Tret\u00eb, un\u00eb i shoh ngjarjet q\u00eb rrjedhin brenda arketipit t\u00eb Enver Hoxh\u00ebs. E kam analizuar arketipin e Enver Hoxh\u00ebs n\u00eb dy volumet e para dhe, pastaj arsyetoj q\u00eb ky arketip vijon, dhe \u00ebsht\u00eb i nj\u00ebjt\u00eb me arketipin e Enver Hoxh\u00ebs. Jan\u00eb shum\u00eb gj\u00ebra t\u00eb p\u00ebrbashk\u00ebta, por mbi t\u00eb gjitha impulsi i urrejtjes q\u00eb \u00ebsht\u00eb thuajse identik, vijon ende n\u00eb Shqip\u00ebri.<\/p>\n<p>Gjithashtu, e nj\u00ebjt\u00eb \u00ebsht\u00eb edhe psikologjia e drejtimit t\u00eb shtetit, dhe moslejimi i ngritjes s\u00eb nivelit t\u00eb arsimit. Pastaj i analizoj q\u00eb t\u00eb gjitha krizat q\u00eb kemi kaluar: pse jemi ndeshur s\u00eb brendshmi? Cili \u00ebsht\u00eb roli retrograd i politik\u00ebs? \u00c7\u2019\u00ebsht\u00eb orientalizmi i ri shqiptar pengues p\u00ebr-drejt Europ\u00ebs? Ngjarjet e vitit 1997 dhe gjith\u00e7ka q\u00eb vjen deri n\u00eb vitin 2010. E r\u00ebnd\u00ebsishme \u00ebsht\u00eb q\u00eb t\u00eb theksoj se, sipas analiz\u00ebs sime, tirania shqiptare e pasluft\u00ebs e ka marr\u00eb t\u00eb tat\u00ebpjet\u00ebn, por ende nuk po bie. Cila \u00ebsht\u00eb arsyeja e k\u00ebsaj inercie kaq t\u00eb gjat\u00eb? P\u00ebr k\u00ebt\u00eb, prisni q\u00eb t\u00eb lexoni librin.<\/p>\n","protected":false},"excerpt":{"rendered":"<p>Skerdilajd Zaimi Hapi i par\u00eb i reform\u00ebs, Konferenc\u00eb panshqiptare p\u00ebr Drejt\u00ebsin\u00eb. T\u00eb decentralizohet Prokuroria. Opozita ka humbur drejtimin. Imuniteti, loj\u00eb e Berish\u00ebs. Duhet hequr me \u00e7do kusht. Nishani, viktim\u00eb e Berish\u00ebs nj\u00ebsoj si viktimat e dikurshme n\u00eb Byron\u00eb Politike. \u201cPopulli ka theks m\u00eb opozitar se vet\u00eb opozita\u201d. K\u00ebshtu shprehet n\u00eb intervist\u00ebn p\u00ebr Shekullin, Spartak Ngjela, [&hellip;]<\/p>\n","protected":false},"author":1,"featured_media":0,"comment_status":"open","ping_status":"closed","sticky":false,"template":"","format":"standard","meta":{"footnotes":""},"categories":[2,4],"tags":[],"class_list":{"0":"post-4110","1":"post","2":"type-post","3":"status-publish","4":"format-standard","6":"category-artikuj","7":"category-intervista"},"yoast_head":"<!-- This site is optimized with the Yoast SEO plugin v27.4 - https:\/\/yoast.com\/product\/yoast-seo-wordpress\/ -->\n<title>Spartak Ngjela: PD-PS, dy korporata q\u00eb vjedhin popullin - FjALA e LIR\u00cb - Arkivi<\/title>\n<meta name=\"robots\" content=\"index, follow, max-snippet:-1, max-image-preview:large, max-video-preview:-1\" \/>\n<link rel=\"canonical\" href=\"https:\/\/fjala.info\/2009-2015\/spartak-ngjela-pd-ps-dy-korporata-qe-vjedhin-popullin\/\" \/>\n<meta property=\"og:locale\" content=\"sq_AL\" \/>\n<meta property=\"og:type\" content=\"article\" \/>\n<meta property=\"og:title\" content=\"Spartak Ngjela: PD-PS, dy korporata q\u00eb vjedhin popullin - FjALA e LIR\u00cb - Arkivi\" \/>\n<meta property=\"og:description\" content=\"Skerdilajd Zaimi Hapi i par\u00eb i reform\u00ebs, Konferenc\u00eb panshqiptare p\u00ebr Drejt\u00ebsin\u00eb. T\u00eb decentralizohet Prokuroria. Opozita ka humbur drejtimin. Imuniteti, loj\u00eb e Berish\u00ebs. Duhet hequr me \u00e7do kusht. Nishani, viktim\u00eb e Berish\u00ebs nj\u00ebsoj si viktimat e dikurshme n\u00eb Byron\u00eb Politike. \u201cPopulli ka theks m\u00eb opozitar se vet\u00eb opozita\u201d. K\u00ebshtu shprehet n\u00eb intervist\u00ebn p\u00ebr Shekullin, Spartak Ngjela, [&hellip;]\" \/>\n<meta property=\"og:url\" content=\"https:\/\/fjala.info\/2009-2015\/spartak-ngjela-pd-ps-dy-korporata-qe-vjedhin-popullin\/\" \/>\n<meta property=\"og:site_name\" content=\"FjALA e LIR\u00cb - Arkivi\" \/>\n<meta property=\"article:published_time\" content=\"2012-07-31T09:10:01+00:00\" \/>\n<meta property=\"og:image\" content=\"http:\/\/www.fjala.info\/2012\/spartak_ngjela.gif\" \/>\n<meta name=\"author\" content=\"admin\" \/>\n<meta name=\"twitter:card\" content=\"summary_large_image\" \/>\n<meta name=\"twitter:label1\" content=\"Written by\" \/>\n\t<meta name=\"twitter:data1\" content=\"admin\" \/>\n\t<meta name=\"twitter:label2\" content=\"Est. reading time\" \/>\n\t<meta name=\"twitter:data2\" content=\"12 minutes\" \/>\n<script type=\"application\/ld+json\" class=\"yoast-schema-graph\">{\"@context\":\"https:\\\/\\\/schema.org\",\"@graph\":[{\"@type\":\"Article\",\"@id\":\"https:\\\/\\\/fjala.info\\\/2009-2015\\\/spartak-ngjela-pd-ps-dy-korporata-qe-vjedhin-popullin\\\/#article\",\"isPartOf\":{\"@id\":\"https:\\\/\\\/fjala.info\\\/2009-2015\\\/spartak-ngjela-pd-ps-dy-korporata-qe-vjedhin-popullin\\\/\"},\"author\":{\"name\":\"admin\",\"@id\":\"https:\\\/\\\/fjala.info\\\/2009-2015\\\/#\\\/schema\\\/person\\\/3aa1163ef05469c496fc94e77611ada2\"},\"headline\":\"Spartak Ngjela: PD-PS, dy korporata q\u00eb vjedhin popullin\",\"datePublished\":\"2012-07-31T09:10:01+00:00\",\"mainEntityOfPage\":{\"@id\":\"https:\\\/\\\/fjala.info\\\/2009-2015\\\/spartak-ngjela-pd-ps-dy-korporata-qe-vjedhin-popullin\\\/\"},\"wordCount\":2436,\"commentCount\":0,\"publisher\":{\"@id\":\"https:\\\/\\\/fjala.info\\\/2009-2015\\\/#organization\"},\"image\":{\"@id\":\"https:\\\/\\\/fjala.info\\\/2009-2015\\\/spartak-ngjela-pd-ps-dy-korporata-qe-vjedhin-popullin\\\/#primaryimage\"},\"thumbnailUrl\":\"http:\\\/\\\/www.fjala.info\\\/2012\\\/spartak_ngjela.gif\",\"articleSection\":[\"Artikuj\",\"Intervista\"],\"inLanguage\":\"sq-AL\",\"potentialAction\":[{\"@type\":\"CommentAction\",\"name\":\"Comment\",\"target\":[\"https:\\\/\\\/fjala.info\\\/2009-2015\\\/spartak-ngjela-pd-ps-dy-korporata-qe-vjedhin-popullin\\\/#respond\"]}]},{\"@type\":\"WebPage\",\"@id\":\"https:\\\/\\\/fjala.info\\\/2009-2015\\\/spartak-ngjela-pd-ps-dy-korporata-qe-vjedhin-popullin\\\/\",\"url\":\"https:\\\/\\\/fjala.info\\\/2009-2015\\\/spartak-ngjela-pd-ps-dy-korporata-qe-vjedhin-popullin\\\/\",\"name\":\"Spartak Ngjela: PD-PS, dy korporata q\u00eb vjedhin popullin - FjALA e LIR\u00cb - Arkivi\",\"isPartOf\":{\"@id\":\"https:\\\/\\\/fjala.info\\\/2009-2015\\\/#website\"},\"primaryImageOfPage\":{\"@id\":\"https:\\\/\\\/fjala.info\\\/2009-2015\\\/spartak-ngjela-pd-ps-dy-korporata-qe-vjedhin-popullin\\\/#primaryimage\"},\"image\":{\"@id\":\"https:\\\/\\\/fjala.info\\\/2009-2015\\\/spartak-ngjela-pd-ps-dy-korporata-qe-vjedhin-popullin\\\/#primaryimage\"},\"thumbnailUrl\":\"http:\\\/\\\/www.fjala.info\\\/2012\\\/spartak_ngjela.gif\",\"datePublished\":\"2012-07-31T09:10:01+00:00\",\"breadcrumb\":{\"@id\":\"https:\\\/\\\/fjala.info\\\/2009-2015\\\/spartak-ngjela-pd-ps-dy-korporata-qe-vjedhin-popullin\\\/#breadcrumb\"},\"inLanguage\":\"sq-AL\",\"potentialAction\":[{\"@type\":\"ReadAction\",\"target\":[\"https:\\\/\\\/fjala.info\\\/2009-2015\\\/spartak-ngjela-pd-ps-dy-korporata-qe-vjedhin-popullin\\\/\"]}]},{\"@type\":\"ImageObject\",\"inLanguage\":\"sq-AL\",\"@id\":\"https:\\\/\\\/fjala.info\\\/2009-2015\\\/spartak-ngjela-pd-ps-dy-korporata-qe-vjedhin-popullin\\\/#primaryimage\",\"url\":\"http:\\\/\\\/www.fjala.info\\\/2012\\\/spartak_ngjela.gif\",\"contentUrl\":\"http:\\\/\\\/www.fjala.info\\\/2012\\\/spartak_ngjela.gif\"},{\"@type\":\"BreadcrumbList\",\"@id\":\"https:\\\/\\\/fjala.info\\\/2009-2015\\\/spartak-ngjela-pd-ps-dy-korporata-qe-vjedhin-popullin\\\/#breadcrumb\",\"itemListElement\":[{\"@type\":\"ListItem\",\"position\":1,\"name\":\"Home\",\"item\":\"https:\\\/\\\/fjala.info\\\/2009-2015\\\/\"},{\"@type\":\"ListItem\",\"position\":2,\"name\":\"Spartak Ngjela: PD-PS, dy korporata q\u00eb vjedhin popullin\"}]},{\"@type\":\"WebSite\",\"@id\":\"https:\\\/\\\/fjala.info\\\/2009-2015\\\/#website\",\"url\":\"https:\\\/\\\/fjala.info\\\/2009-2015\\\/\",\"name\":\"FjALA e LIR\u00cb - Arkivi\",\"description\":\"Arkivi 2009-2015\",\"publisher\":{\"@id\":\"https:\\\/\\\/fjala.info\\\/2009-2015\\\/#organization\"},\"potentialAction\":[{\"@type\":\"SearchAction\",\"target\":{\"@type\":\"EntryPoint\",\"urlTemplate\":\"https:\\\/\\\/fjala.info\\\/2009-2015\\\/?s={search_term_string}\"},\"query-input\":{\"@type\":\"PropertyValueSpecification\",\"valueRequired\":true,\"valueName\":\"search_term_string\"}}],\"inLanguage\":\"sq-AL\"},{\"@type\":\"Organization\",\"@id\":\"https:\\\/\\\/fjala.info\\\/2009-2015\\\/#organization\",\"name\":\"FjALA e LIR\u00cb - Arkivi\",\"url\":\"https:\\\/\\\/fjala.info\\\/2009-2015\\\/\",\"logo\":{\"@type\":\"ImageObject\",\"inLanguage\":\"sq-AL\",\"@id\":\"https:\\\/\\\/fjala.info\\\/2009-2015\\\/#\\\/schema\\\/logo\\\/image\\\/\",\"url\":\"\",\"contentUrl\":\"\",\"caption\":\"FjALA e LIR\u00cb - Arkivi\"},\"image\":{\"@id\":\"https:\\\/\\\/fjala.info\\\/2009-2015\\\/#\\\/schema\\\/logo\\\/image\\\/\"}},{\"@type\":\"Person\",\"@id\":\"https:\\\/\\\/fjala.info\\\/2009-2015\\\/#\\\/schema\\\/person\\\/3aa1163ef05469c496fc94e77611ada2\",\"name\":\"admin\",\"image\":{\"@type\":\"ImageObject\",\"inLanguage\":\"sq-AL\",\"@id\":\"https:\\\/\\\/fjala.info\\\/2009-2015\\\/wp-content\\\/uploads\\\/2012\\\/02\\\/arben_cokaj-120x150.jpg\",\"url\":\"https:\\\/\\\/fjala.info\\\/2009-2015\\\/wp-content\\\/uploads\\\/2012\\\/02\\\/arben_cokaj-120x150.jpg\",\"contentUrl\":\"https:\\\/\\\/fjala.info\\\/2009-2015\\\/wp-content\\\/uploads\\\/2012\\\/02\\\/arben_cokaj-120x150.jpg\",\"caption\":\"admin\"},\"description\":\"Admin, Fjala e Lir\u00eb\",\"sameAs\":[\"https:\\\/\\\/fjala.info\\\/\"],\"url\":\"https:\\\/\\\/fjala.info\\\/2009-2015\\\/author\\\/admin\\\/\"}]}<\/script>\n<!-- \/ Yoast SEO plugin. -->","yoast_head_json":{"title":"Spartak Ngjela: PD-PS, dy korporata q\u00eb vjedhin popullin - FjALA e LIR\u00cb - Arkivi","robots":{"index":"index","follow":"follow","max-snippet":"max-snippet:-1","max-image-preview":"max-image-preview:large","max-video-preview":"max-video-preview:-1"},"canonical":"https:\/\/fjala.info\/2009-2015\/spartak-ngjela-pd-ps-dy-korporata-qe-vjedhin-popullin\/","og_locale":"sq_AL","og_type":"article","og_title":"Spartak Ngjela: PD-PS, dy korporata q\u00eb vjedhin popullin - FjALA e LIR\u00cb - Arkivi","og_description":"Skerdilajd Zaimi Hapi i par\u00eb i reform\u00ebs, Konferenc\u00eb panshqiptare p\u00ebr Drejt\u00ebsin\u00eb. T\u00eb decentralizohet Prokuroria. Opozita ka humbur drejtimin. Imuniteti, loj\u00eb e Berish\u00ebs. Duhet hequr me \u00e7do kusht. Nishani, viktim\u00eb e Berish\u00ebs nj\u00ebsoj si viktimat e dikurshme n\u00eb Byron\u00eb Politike. \u201cPopulli ka theks m\u00eb opozitar se vet\u00eb opozita\u201d. K\u00ebshtu shprehet n\u00eb intervist\u00ebn p\u00ebr Shekullin, Spartak Ngjela, [&hellip;]","og_url":"https:\/\/fjala.info\/2009-2015\/spartak-ngjela-pd-ps-dy-korporata-qe-vjedhin-popullin\/","og_site_name":"FjALA e LIR\u00cb - Arkivi","article_published_time":"2012-07-31T09:10:01+00:00","og_image":[{"url":"http:\/\/www.fjala.info\/2012\/spartak_ngjela.gif","type":"","width":"","height":""}],"author":"admin","twitter_card":"summary_large_image","twitter_misc":{"Written by":"admin","Est. reading time":"12 minutes"},"schema":{"@context":"https:\/\/schema.org","@graph":[{"@type":"Article","@id":"https:\/\/fjala.info\/2009-2015\/spartak-ngjela-pd-ps-dy-korporata-qe-vjedhin-popullin\/#article","isPartOf":{"@id":"https:\/\/fjala.info\/2009-2015\/spartak-ngjela-pd-ps-dy-korporata-qe-vjedhin-popullin\/"},"author":{"name":"admin","@id":"https:\/\/fjala.info\/2009-2015\/#\/schema\/person\/3aa1163ef05469c496fc94e77611ada2"},"headline":"Spartak Ngjela: PD-PS, dy korporata q\u00eb vjedhin popullin","datePublished":"2012-07-31T09:10:01+00:00","mainEntityOfPage":{"@id":"https:\/\/fjala.info\/2009-2015\/spartak-ngjela-pd-ps-dy-korporata-qe-vjedhin-popullin\/"},"wordCount":2436,"commentCount":0,"publisher":{"@id":"https:\/\/fjala.info\/2009-2015\/#organization"},"image":{"@id":"https:\/\/fjala.info\/2009-2015\/spartak-ngjela-pd-ps-dy-korporata-qe-vjedhin-popullin\/#primaryimage"},"thumbnailUrl":"http:\/\/www.fjala.info\/2012\/spartak_ngjela.gif","articleSection":["Artikuj","Intervista"],"inLanguage":"sq-AL","potentialAction":[{"@type":"CommentAction","name":"Comment","target":["https:\/\/fjala.info\/2009-2015\/spartak-ngjela-pd-ps-dy-korporata-qe-vjedhin-popullin\/#respond"]}]},{"@type":"WebPage","@id":"https:\/\/fjala.info\/2009-2015\/spartak-ngjela-pd-ps-dy-korporata-qe-vjedhin-popullin\/","url":"https:\/\/fjala.info\/2009-2015\/spartak-ngjela-pd-ps-dy-korporata-qe-vjedhin-popullin\/","name":"Spartak Ngjela: PD-PS, dy korporata q\u00eb vjedhin popullin - FjALA e LIR\u00cb - Arkivi","isPartOf":{"@id":"https:\/\/fjala.info\/2009-2015\/#website"},"primaryImageOfPage":{"@id":"https:\/\/fjala.info\/2009-2015\/spartak-ngjela-pd-ps-dy-korporata-qe-vjedhin-popullin\/#primaryimage"},"image":{"@id":"https:\/\/fjala.info\/2009-2015\/spartak-ngjela-pd-ps-dy-korporata-qe-vjedhin-popullin\/#primaryimage"},"thumbnailUrl":"http:\/\/www.fjala.info\/2012\/spartak_ngjela.gif","datePublished":"2012-07-31T09:10:01+00:00","breadcrumb":{"@id":"https:\/\/fjala.info\/2009-2015\/spartak-ngjela-pd-ps-dy-korporata-qe-vjedhin-popullin\/#breadcrumb"},"inLanguage":"sq-AL","potentialAction":[{"@type":"ReadAction","target":["https:\/\/fjala.info\/2009-2015\/spartak-ngjela-pd-ps-dy-korporata-qe-vjedhin-popullin\/"]}]},{"@type":"ImageObject","inLanguage":"sq-AL","@id":"https:\/\/fjala.info\/2009-2015\/spartak-ngjela-pd-ps-dy-korporata-qe-vjedhin-popullin\/#primaryimage","url":"http:\/\/www.fjala.info\/2012\/spartak_ngjela.gif","contentUrl":"http:\/\/www.fjala.info\/2012\/spartak_ngjela.gif"},{"@type":"BreadcrumbList","@id":"https:\/\/fjala.info\/2009-2015\/spartak-ngjela-pd-ps-dy-korporata-qe-vjedhin-popullin\/#breadcrumb","itemListElement":[{"@type":"ListItem","position":1,"name":"Home","item":"https:\/\/fjala.info\/2009-2015\/"},{"@type":"ListItem","position":2,"name":"Spartak Ngjela: PD-PS, dy korporata q\u00eb vjedhin popullin"}]},{"@type":"WebSite","@id":"https:\/\/fjala.info\/2009-2015\/#website","url":"https:\/\/fjala.info\/2009-2015\/","name":"FjALA e LIR\u00cb - Arkivi","description":"Arkivi 2009-2015","publisher":{"@id":"https:\/\/fjala.info\/2009-2015\/#organization"},"potentialAction":[{"@type":"SearchAction","target":{"@type":"EntryPoint","urlTemplate":"https:\/\/fjala.info\/2009-2015\/?s={search_term_string}"},"query-input":{"@type":"PropertyValueSpecification","valueRequired":true,"valueName":"search_term_string"}}],"inLanguage":"sq-AL"},{"@type":"Organization","@id":"https:\/\/fjala.info\/2009-2015\/#organization","name":"FjALA e LIR\u00cb - Arkivi","url":"https:\/\/fjala.info\/2009-2015\/","logo":{"@type":"ImageObject","inLanguage":"sq-AL","@id":"https:\/\/fjala.info\/2009-2015\/#\/schema\/logo\/image\/","url":"","contentUrl":"","caption":"FjALA e LIR\u00cb - Arkivi"},"image":{"@id":"https:\/\/fjala.info\/2009-2015\/#\/schema\/logo\/image\/"}},{"@type":"Person","@id":"https:\/\/fjala.info\/2009-2015\/#\/schema\/person\/3aa1163ef05469c496fc94e77611ada2","name":"admin","image":{"@type":"ImageObject","inLanguage":"sq-AL","@id":"https:\/\/fjala.info\/2009-2015\/wp-content\/uploads\/2012\/02\/arben_cokaj-120x150.jpg","url":"https:\/\/fjala.info\/2009-2015\/wp-content\/uploads\/2012\/02\/arben_cokaj-120x150.jpg","contentUrl":"https:\/\/fjala.info\/2009-2015\/wp-content\/uploads\/2012\/02\/arben_cokaj-120x150.jpg","caption":"admin"},"description":"Admin, Fjala e Lir\u00eb","sameAs":["https:\/\/fjala.info\/"],"url":"https:\/\/fjala.info\/2009-2015\/author\/admin\/"}]}},"_links":{"self":[{"href":"https:\/\/fjala.info\/2009-2015\/wp-json\/wp\/v2\/posts\/4110","targetHints":{"allow":["GET"]}}],"collection":[{"href":"https:\/\/fjala.info\/2009-2015\/wp-json\/wp\/v2\/posts"}],"about":[{"href":"https:\/\/fjala.info\/2009-2015\/wp-json\/wp\/v2\/types\/post"}],"author":[{"embeddable":true,"href":"https:\/\/fjala.info\/2009-2015\/wp-json\/wp\/v2\/users\/1"}],"replies":[{"embeddable":true,"href":"https:\/\/fjala.info\/2009-2015\/wp-json\/wp\/v2\/comments?post=4110"}],"version-history":[{"count":0,"href":"https:\/\/fjala.info\/2009-2015\/wp-json\/wp\/v2\/posts\/4110\/revisions"}],"wp:attachment":[{"href":"https:\/\/fjala.info\/2009-2015\/wp-json\/wp\/v2\/media?parent=4110"}],"wp:term":[{"taxonomy":"category","embeddable":true,"href":"https:\/\/fjala.info\/2009-2015\/wp-json\/wp\/v2\/categories?post=4110"},{"taxonomy":"post_tag","embeddable":true,"href":"https:\/\/fjala.info\/2009-2015\/wp-json\/wp\/v2\/tags?post=4110"}],"curies":[{"name":"wp","href":"https:\/\/api.w.org\/{rel}","templated":true}]}}