{"id":4106,"date":"2012-07-31T09:52:49","date_gmt":"2012-07-31T08:52:49","guid":{"rendered":"http:\/\/www.fjala.info\/?p=4106"},"modified":"2012-07-31T09:52:49","modified_gmt":"2012-07-31T08:52:49","slug":"kurvat-krihen-e-stambolli-digjet","status":"publish","type":"post","link":"https:\/\/fjala.info\/2009-2015\/kurvat-krihen-e-stambolli-digjet\/","title":{"rendered":"Kurvat krihen e Stambolli digjet!"},"content":{"rendered":"<p><img decoding=\"async\" class=\"alignright size-thumbnail wp-image-7236\" title=\"Beq\u00eb Cufaj\" src=\"http:\/\/www.fjala.info\/2012\/beqe_cufaj.jpg\" alt=\"\" width=\"150\" \/> Nga <strong>Beq\u00eb Cufaj<\/strong>, <em>30 Korrik 2012<\/em><\/p>\n<p>Fjala, ose th\u00ebn\u00eb edhe m\u00eb mir\u00eb, shprehja m\u00eb e but\u00eb q\u00eb do t\u00eb mund t\u00eb p\u00ebrdorej do t\u00eb duhej t\u00eb ishte: bizare. Nj\u00eb debat m\u00eb inat\u00e7or dhe irracional, primitiv dhe t\u00eb shpifur rreth prapaskenave t\u00eb zgjedhjes s\u00eb, nj\u00ebher\u00eb presidentit e m\u00eb von\u00eb edhe presidentes s\u00eb Kosov\u00ebs, kaher\u00eb s\u2019e kemi p\u00ebrjetuar.<\/p>\n<p>Nuk e besoj t\u00eb ket\u00eb vend n\u00eb bot\u00eb dhe sidomos n\u00eb hemisfer\u00ebn e demokracive normale e t\u00eb sh\u00ebndosha per\u00ebndimore, ku t\u00eb palarat e politikan\u00ebve, diplomat\u00ebve, publicist\u00ebve dalin n\u00eb shesh n\u00eb nj\u00eb form\u00eb kaq t\u00eb vrazhd\u00ebt dhe t\u00eb qortueshme si\u00e7 k\u00ebso radhe ndodhi me t\u00ebr\u00eb sulmet e kund\u00ebrsulmet, goditjet e kund\u00ebrgoditjet q\u00eb n\u00eb media t\u00eb ndryshme, nga t\u00eb hidh\u00ebruarit, ftuarit e edhe paftuarit n\u00eb k\u00ebt\u00eb katrahur\u00eb kishin ngjar\u00eb.<\/p>\n<p>Prandaj, pyetja q\u00eb me k\u00ebt\u00eb rast, n\u00eb prag t\u00eb p\u00ebrfundimit t\u00eb k\u00ebtij nonsensi mediatik pyetja q\u00eb shtrohet \u00ebsht\u00eb: cilat do t\u00eb duhej t\u00eb jen\u00eb leksionet q\u00eb ne, vdekatar\u00ebt e zakonsh\u00ebm dhe v\u00ebzhguesit e k\u00ebtyre maskarall\u00ebqeve do t\u00eb duhej t\u2019i nxjerrim nga dalja n\u00eb shesh e rr\u00ebfimeve t\u00eb prapaskenave politike n\u00eb Kosov\u00ebn e sotme? Them q\u00eb jan\u00eb shum\u00eb por kryesori do t\u00eb duhej t\u00eb ishte q\u00eb s\u2019duhet v\u00ebrtet t\u2019i besohet askujt, ama askujt, n\u00eb sinqeritetin e (e tyre t\u00eb) angazhimit p\u00ebr t\u00eb mir\u00ebn e k\u00ebtij vendi, qytetar\u00ebve t\u00eb tij dhe brezave q\u00eb do vijn\u00eb.<\/p>\n<p>Ana tjet\u00ebr e k\u00ebtij rr\u00ebfimi t\u00eb shkap\u00ebrderdhur gjithandej- nga shtylla gazetash e ekrane eteri deri te mejhanet e kryeqytetit na tregon q\u00eb jo \u00e7do gj\u00eb q\u00eb na e thon\u00eb dhe propagojn\u00eb ka p\u00ebr q\u00ebllimin iluminimin dhe transparenc\u00ebn, demokracin\u00eb dhe shtetin e s\u00eb drejt\u00ebs. P\u00ebrkundrazi.<\/p>\n<p>Natyrisht q\u00eb nuk \u00ebsht\u00eb q\u00eb k\u00ebso prapaskenash nuk ndodhin edhe n\u00eb shtete dhe vende me demokraci shum\u00eb m\u00eb t\u00eb konsoliduara sesa kjo e jona. Por, problemi q\u00eb ne e kemi \u00ebsht\u00eb shum\u00eb m\u00eb i thjesht\u00eb dhe p\u00ebr k\u00ebt\u00eb edhe m\u00eb i madh ngase si mund t\u00eb plasin k\u00ebso sherresh p\u00ebr at\u00eb se \u201ckush kujt ia b\u00ebri at\u00eb e k\u00ebt\u00eb\u201d para se t\u00eb zgjidhej nj\u00eb president(e)\u2026 gati nj\u00eb vit e gjysm\u00eb m\u00eb pas dhe n\u00eb prag t\u00eb furtunave t\u00eb reja\u2026?<\/p>\n<p>\u201cKurvat krihen e Stambolli digjet\u201d, \u00ebsht\u00eb ajo th\u00ebnia e mo\u00e7me e cila nuk ka si t\u00eb mos na sh\u00ebrbej\u00eb edhe p\u00ebr nj\u00eb asociacion (e shum\u00eb m\u00eb tep\u00ebr) p\u00ebr situat\u00ebn n\u00eb t\u00eb cil\u00ebn Kosova ndodhet. Konteksti i diskutimit dhe grindjes n\u00eb fjal\u00eb \u00ebsht\u00eb jo vet\u00ebm i huquri dhe tejskajshmi por ai del t\u00eb jet\u00eb edhe nj\u00eb argument m\u00eb shum\u00eb q\u00eb ky vend ka koh\u00eb q\u00eb \u00ebsht\u00eb i zhytur n\u00eb luksin e (ish)lakmive p\u00ebr poste dhe me kaq mbyllet \u00e7do gj\u00eb.<\/p>\n<p>P\u00ebr k\u00ebt\u00eb shkak, seria e pyetjeve q\u00eb me k\u00ebt\u00eb rast, pas ose n\u00eb prag t\u00eb p\u00ebrmbylljes s\u00eb k\u00ebsaj zhurme t\u00eb grindavec\u00ebve (t\u00eb ftuar e paftuar!) do t\u00eb duhej t\u00eb ishte: a ka kush ndonj\u00eb ide si t\u00eb hapen vende t\u00eb reja pune? Po varf\u00ebria dhe papun\u00ebsia si dhe p\u00ebrmes cilave politika mund t\u00eb zbuten? A \u00ebsht\u00eb duke e goditur kriza e euros vendin m\u00eb t\u00eb varf\u00ebr t\u00eb Europ\u00ebs-Kosov\u00ebn? Korrupsioni, ky kancer i k\u00ebsaj shoq\u00ebrie, a \u00ebsht\u00eb e mundshme t\u00eb luftohet m\u00eb shum\u00eb dhe n\u00ebse po, si, me \u00e7far\u00eb mjetesh e planesh, strategjish e veprimesh?<\/p>\n<p>A mundet dikush t\u00eb na tregoj\u00eb si t\u00eb shtohet numri i njohjeve t\u00eb shtetit t\u00eb ri? Si q\u00ebndrojn\u00eb pun\u00ebt me reformat e premtuara zgjedhore e kushtetuese n\u00eb m\u00ebnyr\u00eb q\u00eb t\u2019i ikim vulosjes s\u00eb turpshme q\u00eb vota vet\u00ebm vidhet dhe p\u00ebr k\u00ebt\u00eb nuk mund t\u00eb pritet edhe transparenc\u00eb e demokraci e q\u00ebndrueshme?<\/p>\n<p>A ka dikush ndonj\u00eb ide sesi shteti yn\u00eb mund dhe duhet t\u00eb p\u00ebrballet me prij\u00ebsit e rinj t\u00eb shtetit serb, t\u00eb cil\u00ebt qysh n\u00eb fillim t\u00eb pun\u00ebs s\u00eb tyre jo vet\u00ebm q\u00eb po (p\u00ebr)betohen p\u00ebr Kosov\u00ebn serbe por edhe s\u2019e kan\u00eb nd\u00ebrmend ta nd\u00ebrrojn\u00eb fare as qimen e as l\u00ebkur\u00ebn kur Kosova \u00ebsht\u00eb n\u00eb pyetje?! Po puna e dialogut q\u00eb pritet t\u00eb filloj\u00eb p\u00ebr veriun pas t\u00ebrheqjes s\u00eb \u201cAhtisaarit\u201d nga kokat e politikan\u00ebve t\u00eb Beogradit?\u2026<\/p>\n<p>Krejt k\u00ebto dhe k\u00ebso dilemash jo vet\u00ebm q\u00eb duhet t\u00eb jen\u00eb prioritete p\u00ebr \u00e7do politikan, publicist dhe n\u00ebse doni edhe diplomat t\u00eb angazhuar n\u00eb Kosov\u00eb, por fakti q\u00eb fati i qytetar\u00ebve t\u00eb k\u00ebtij vendi \u00ebsht\u00eb i lidhur drejtp\u00ebrdrejt me secil\u00ebn prej krejt problemeve e n\u00eb fjal\u00eb, e b\u00ebn kaq t\u00eb paduruesh\u00ebm at\u00eb \u201csuad\u00eb magjistar\u00ebsh\u201d q\u00eb na lodhi qe gati nj\u00eb muaj me radh\u00eb.<\/p>\n<p>Q\u00eb t\u00eb jet\u00eb edhe m\u00eb keq, vet\u00eb fakti q\u00eb ende s\u2019po del askush, nga pozita e opozita, t\u00eb jap\u00eb zgjidhje e alternativa p\u00ebr gjendjen e r\u00ebnd\u00eb n\u00eb t\u00eb cil\u00ebn vendi ndodhet, friksh\u00ebm na bind q\u00eb odiseada e letrave dhe kund\u00ebrletrave me analizat p\u00ebrcjell\u00ebse, do na t\u00eb gjejn\u00eb s\u00ebrish k\u00ebmb\u00ebkryq, n\u00eb prag dhe pas zgjedhjeve t\u00eb reja. Prandaj, rr\u00ebfimi p\u00ebr kurvat q\u00eb krihen derisa Stambolli digjet\u2026 s\u2019ka si t\u00eb mos vazhdoj\u00eb.<\/p>\n","protected":false},"excerpt":{"rendered":"<p>Nga Beq\u00eb Cufaj, 30 Korrik 2012 Fjala, ose th\u00ebn\u00eb edhe m\u00eb mir\u00eb, shprehja m\u00eb e but\u00eb q\u00eb do t\u00eb mund t\u00eb p\u00ebrdorej do t\u00eb duhej t\u00eb ishte: bizare. Nj\u00eb debat m\u00eb inat\u00e7or dhe irracional, primitiv dhe t\u00eb shpifur rreth prapaskenave t\u00eb zgjedhjes s\u00eb, nj\u00ebher\u00eb presidentit e m\u00eb von\u00eb edhe presidentes s\u00eb Kosov\u00ebs, kaher\u00eb s\u2019e kemi [&hellip;]<\/p>\n","protected":false},"author":1,"featured_media":0,"comment_status":"open","ping_status":"closed","sticky":false,"template":"","format":"standard","meta":{"footnotes":""},"categories":[2],"tags":[],"class_list":{"0":"post-4106","1":"post","2":"type-post","3":"status-publish","4":"format-standard","6":"category-artikuj"},"yoast_head":"<!-- This site is optimized with the Yoast SEO plugin v27.4 - https:\/\/yoast.com\/product\/yoast-seo-wordpress\/ -->\n<title>Kurvat krihen e Stambolli digjet! - FjALA e LIR\u00cb - Arkivi<\/title>\n<meta name=\"robots\" content=\"index, follow, max-snippet:-1, max-image-preview:large, max-video-preview:-1\" \/>\n<link rel=\"canonical\" href=\"https:\/\/fjala.info\/2009-2015\/kurvat-krihen-e-stambolli-digjet\/\" \/>\n<meta property=\"og:locale\" content=\"sq_AL\" \/>\n<meta property=\"og:type\" content=\"article\" \/>\n<meta property=\"og:title\" content=\"Kurvat krihen e Stambolli digjet! - FjALA e LIR\u00cb - Arkivi\" \/>\n<meta property=\"og:description\" content=\"Nga Beq\u00eb Cufaj, 30 Korrik 2012 Fjala, ose th\u00ebn\u00eb edhe m\u00eb mir\u00eb, shprehja m\u00eb e but\u00eb q\u00eb do t\u00eb mund t\u00eb p\u00ebrdorej do t\u00eb duhej t\u00eb ishte: bizare. Nj\u00eb debat m\u00eb inat\u00e7or dhe irracional, primitiv dhe t\u00eb shpifur rreth prapaskenave t\u00eb zgjedhjes s\u00eb, nj\u00ebher\u00eb presidentit e m\u00eb von\u00eb edhe presidentes s\u00eb Kosov\u00ebs, kaher\u00eb s\u2019e kemi [&hellip;]\" \/>\n<meta property=\"og:url\" content=\"https:\/\/fjala.info\/2009-2015\/kurvat-krihen-e-stambolli-digjet\/\" \/>\n<meta property=\"og:site_name\" content=\"FjALA e LIR\u00cb - Arkivi\" \/>\n<meta property=\"article:published_time\" content=\"2012-07-31T08:52:49+00:00\" \/>\n<meta property=\"og:image\" content=\"http:\/\/www.fjala.info\/2012\/beqe_cufaj.jpg\" \/>\n<meta name=\"author\" content=\"admin\" \/>\n<meta name=\"twitter:card\" content=\"summary_large_image\" \/>\n<meta name=\"twitter:label1\" content=\"Written by\" \/>\n\t<meta name=\"twitter:data1\" content=\"admin\" \/>\n\t<meta name=\"twitter:label2\" content=\"Est. reading time\" \/>\n\t<meta name=\"twitter:data2\" content=\"5 minutes\" \/>\n<script type=\"application\/ld+json\" class=\"yoast-schema-graph\">{\"@context\":\"https:\\\/\\\/schema.org\",\"@graph\":[{\"@type\":\"Article\",\"@id\":\"https:\\\/\\\/fjala.info\\\/2009-2015\\\/kurvat-krihen-e-stambolli-digjet\\\/#article\",\"isPartOf\":{\"@id\":\"https:\\\/\\\/fjala.info\\\/2009-2015\\\/kurvat-krihen-e-stambolli-digjet\\\/\"},\"author\":{\"name\":\"admin\",\"@id\":\"https:\\\/\\\/fjala.info\\\/2009-2015\\\/#\\\/schema\\\/person\\\/3aa1163ef05469c496fc94e77611ada2\"},\"headline\":\"Kurvat krihen e Stambolli digjet!\",\"datePublished\":\"2012-07-31T08:52:49+00:00\",\"mainEntityOfPage\":{\"@id\":\"https:\\\/\\\/fjala.info\\\/2009-2015\\\/kurvat-krihen-e-stambolli-digjet\\\/\"},\"wordCount\":906,\"commentCount\":0,\"publisher\":{\"@id\":\"https:\\\/\\\/fjala.info\\\/2009-2015\\\/#organization\"},\"image\":{\"@id\":\"https:\\\/\\\/fjala.info\\\/2009-2015\\\/kurvat-krihen-e-stambolli-digjet\\\/#primaryimage\"},\"thumbnailUrl\":\"http:\\\/\\\/www.fjala.info\\\/2012\\\/beqe_cufaj.jpg\",\"articleSection\":[\"Artikuj\"],\"inLanguage\":\"sq-AL\",\"potentialAction\":[{\"@type\":\"CommentAction\",\"name\":\"Comment\",\"target\":[\"https:\\\/\\\/fjala.info\\\/2009-2015\\\/kurvat-krihen-e-stambolli-digjet\\\/#respond\"]}]},{\"@type\":\"WebPage\",\"@id\":\"https:\\\/\\\/fjala.info\\\/2009-2015\\\/kurvat-krihen-e-stambolli-digjet\\\/\",\"url\":\"https:\\\/\\\/fjala.info\\\/2009-2015\\\/kurvat-krihen-e-stambolli-digjet\\\/\",\"name\":\"Kurvat krihen e Stambolli digjet! - FjALA e LIR\u00cb - Arkivi\",\"isPartOf\":{\"@id\":\"https:\\\/\\\/fjala.info\\\/2009-2015\\\/#website\"},\"primaryImageOfPage\":{\"@id\":\"https:\\\/\\\/fjala.info\\\/2009-2015\\\/kurvat-krihen-e-stambolli-digjet\\\/#primaryimage\"},\"image\":{\"@id\":\"https:\\\/\\\/fjala.info\\\/2009-2015\\\/kurvat-krihen-e-stambolli-digjet\\\/#primaryimage\"},\"thumbnailUrl\":\"http:\\\/\\\/www.fjala.info\\\/2012\\\/beqe_cufaj.jpg\",\"datePublished\":\"2012-07-31T08:52:49+00:00\",\"breadcrumb\":{\"@id\":\"https:\\\/\\\/fjala.info\\\/2009-2015\\\/kurvat-krihen-e-stambolli-digjet\\\/#breadcrumb\"},\"inLanguage\":\"sq-AL\",\"potentialAction\":[{\"@type\":\"ReadAction\",\"target\":[\"https:\\\/\\\/fjala.info\\\/2009-2015\\\/kurvat-krihen-e-stambolli-digjet\\\/\"]}]},{\"@type\":\"ImageObject\",\"inLanguage\":\"sq-AL\",\"@id\":\"https:\\\/\\\/fjala.info\\\/2009-2015\\\/kurvat-krihen-e-stambolli-digjet\\\/#primaryimage\",\"url\":\"http:\\\/\\\/www.fjala.info\\\/2012\\\/beqe_cufaj.jpg\",\"contentUrl\":\"http:\\\/\\\/www.fjala.info\\\/2012\\\/beqe_cufaj.jpg\"},{\"@type\":\"BreadcrumbList\",\"@id\":\"https:\\\/\\\/fjala.info\\\/2009-2015\\\/kurvat-krihen-e-stambolli-digjet\\\/#breadcrumb\",\"itemListElement\":[{\"@type\":\"ListItem\",\"position\":1,\"name\":\"Home\",\"item\":\"https:\\\/\\\/fjala.info\\\/2009-2015\\\/\"},{\"@type\":\"ListItem\",\"position\":2,\"name\":\"Kurvat krihen e Stambolli digjet!\"}]},{\"@type\":\"WebSite\",\"@id\":\"https:\\\/\\\/fjala.info\\\/2009-2015\\\/#website\",\"url\":\"https:\\\/\\\/fjala.info\\\/2009-2015\\\/\",\"name\":\"FjALA e LIR\u00cb - Arkivi\",\"description\":\"Arkivi 2009-2015\",\"publisher\":{\"@id\":\"https:\\\/\\\/fjala.info\\\/2009-2015\\\/#organization\"},\"potentialAction\":[{\"@type\":\"SearchAction\",\"target\":{\"@type\":\"EntryPoint\",\"urlTemplate\":\"https:\\\/\\\/fjala.info\\\/2009-2015\\\/?s={search_term_string}\"},\"query-input\":{\"@type\":\"PropertyValueSpecification\",\"valueRequired\":true,\"valueName\":\"search_term_string\"}}],\"inLanguage\":\"sq-AL\"},{\"@type\":\"Organization\",\"@id\":\"https:\\\/\\\/fjala.info\\\/2009-2015\\\/#organization\",\"name\":\"FjALA e LIR\u00cb - Arkivi\",\"url\":\"https:\\\/\\\/fjala.info\\\/2009-2015\\\/\",\"logo\":{\"@type\":\"ImageObject\",\"inLanguage\":\"sq-AL\",\"@id\":\"https:\\\/\\\/fjala.info\\\/2009-2015\\\/#\\\/schema\\\/logo\\\/image\\\/\",\"url\":\"\",\"contentUrl\":\"\",\"caption\":\"FjALA e LIR\u00cb - Arkivi\"},\"image\":{\"@id\":\"https:\\\/\\\/fjala.info\\\/2009-2015\\\/#\\\/schema\\\/logo\\\/image\\\/\"}},{\"@type\":\"Person\",\"@id\":\"https:\\\/\\\/fjala.info\\\/2009-2015\\\/#\\\/schema\\\/person\\\/3aa1163ef05469c496fc94e77611ada2\",\"name\":\"admin\",\"image\":{\"@type\":\"ImageObject\",\"inLanguage\":\"sq-AL\",\"@id\":\"https:\\\/\\\/fjala.info\\\/2009-2015\\\/wp-content\\\/uploads\\\/2012\\\/02\\\/arben_cokaj-120x150.jpg\",\"url\":\"https:\\\/\\\/fjala.info\\\/2009-2015\\\/wp-content\\\/uploads\\\/2012\\\/02\\\/arben_cokaj-120x150.jpg\",\"contentUrl\":\"https:\\\/\\\/fjala.info\\\/2009-2015\\\/wp-content\\\/uploads\\\/2012\\\/02\\\/arben_cokaj-120x150.jpg\",\"caption\":\"admin\"},\"description\":\"Admin, Fjala e Lir\u00eb\",\"sameAs\":[\"https:\\\/\\\/fjala.info\\\/\"],\"url\":\"https:\\\/\\\/fjala.info\\\/2009-2015\\\/author\\\/admin\\\/\"}]}<\/script>\n<!-- \/ Yoast SEO plugin. -->","yoast_head_json":{"title":"Kurvat krihen e Stambolli digjet! - FjALA e LIR\u00cb - Arkivi","robots":{"index":"index","follow":"follow","max-snippet":"max-snippet:-1","max-image-preview":"max-image-preview:large","max-video-preview":"max-video-preview:-1"},"canonical":"https:\/\/fjala.info\/2009-2015\/kurvat-krihen-e-stambolli-digjet\/","og_locale":"sq_AL","og_type":"article","og_title":"Kurvat krihen e Stambolli digjet! - FjALA e LIR\u00cb - Arkivi","og_description":"Nga Beq\u00eb Cufaj, 30 Korrik 2012 Fjala, ose th\u00ebn\u00eb edhe m\u00eb mir\u00eb, shprehja m\u00eb e but\u00eb q\u00eb do t\u00eb mund t\u00eb p\u00ebrdorej do t\u00eb duhej t\u00eb ishte: bizare. Nj\u00eb debat m\u00eb inat\u00e7or dhe irracional, primitiv dhe t\u00eb shpifur rreth prapaskenave t\u00eb zgjedhjes s\u00eb, nj\u00ebher\u00eb presidentit e m\u00eb von\u00eb edhe presidentes s\u00eb Kosov\u00ebs, kaher\u00eb s\u2019e kemi [&hellip;]","og_url":"https:\/\/fjala.info\/2009-2015\/kurvat-krihen-e-stambolli-digjet\/","og_site_name":"FjALA e LIR\u00cb - Arkivi","article_published_time":"2012-07-31T08:52:49+00:00","og_image":[{"url":"http:\/\/www.fjala.info\/2012\/beqe_cufaj.jpg","type":"","width":"","height":""}],"author":"admin","twitter_card":"summary_large_image","twitter_misc":{"Written by":"admin","Est. reading time":"5 minutes"},"schema":{"@context":"https:\/\/schema.org","@graph":[{"@type":"Article","@id":"https:\/\/fjala.info\/2009-2015\/kurvat-krihen-e-stambolli-digjet\/#article","isPartOf":{"@id":"https:\/\/fjala.info\/2009-2015\/kurvat-krihen-e-stambolli-digjet\/"},"author":{"name":"admin","@id":"https:\/\/fjala.info\/2009-2015\/#\/schema\/person\/3aa1163ef05469c496fc94e77611ada2"},"headline":"Kurvat krihen e Stambolli digjet!","datePublished":"2012-07-31T08:52:49+00:00","mainEntityOfPage":{"@id":"https:\/\/fjala.info\/2009-2015\/kurvat-krihen-e-stambolli-digjet\/"},"wordCount":906,"commentCount":0,"publisher":{"@id":"https:\/\/fjala.info\/2009-2015\/#organization"},"image":{"@id":"https:\/\/fjala.info\/2009-2015\/kurvat-krihen-e-stambolli-digjet\/#primaryimage"},"thumbnailUrl":"http:\/\/www.fjala.info\/2012\/beqe_cufaj.jpg","articleSection":["Artikuj"],"inLanguage":"sq-AL","potentialAction":[{"@type":"CommentAction","name":"Comment","target":["https:\/\/fjala.info\/2009-2015\/kurvat-krihen-e-stambolli-digjet\/#respond"]}]},{"@type":"WebPage","@id":"https:\/\/fjala.info\/2009-2015\/kurvat-krihen-e-stambolli-digjet\/","url":"https:\/\/fjala.info\/2009-2015\/kurvat-krihen-e-stambolli-digjet\/","name":"Kurvat krihen e Stambolli digjet! - FjALA e LIR\u00cb - Arkivi","isPartOf":{"@id":"https:\/\/fjala.info\/2009-2015\/#website"},"primaryImageOfPage":{"@id":"https:\/\/fjala.info\/2009-2015\/kurvat-krihen-e-stambolli-digjet\/#primaryimage"},"image":{"@id":"https:\/\/fjala.info\/2009-2015\/kurvat-krihen-e-stambolli-digjet\/#primaryimage"},"thumbnailUrl":"http:\/\/www.fjala.info\/2012\/beqe_cufaj.jpg","datePublished":"2012-07-31T08:52:49+00:00","breadcrumb":{"@id":"https:\/\/fjala.info\/2009-2015\/kurvat-krihen-e-stambolli-digjet\/#breadcrumb"},"inLanguage":"sq-AL","potentialAction":[{"@type":"ReadAction","target":["https:\/\/fjala.info\/2009-2015\/kurvat-krihen-e-stambolli-digjet\/"]}]},{"@type":"ImageObject","inLanguage":"sq-AL","@id":"https:\/\/fjala.info\/2009-2015\/kurvat-krihen-e-stambolli-digjet\/#primaryimage","url":"http:\/\/www.fjala.info\/2012\/beqe_cufaj.jpg","contentUrl":"http:\/\/www.fjala.info\/2012\/beqe_cufaj.jpg"},{"@type":"BreadcrumbList","@id":"https:\/\/fjala.info\/2009-2015\/kurvat-krihen-e-stambolli-digjet\/#breadcrumb","itemListElement":[{"@type":"ListItem","position":1,"name":"Home","item":"https:\/\/fjala.info\/2009-2015\/"},{"@type":"ListItem","position":2,"name":"Kurvat krihen e Stambolli digjet!"}]},{"@type":"WebSite","@id":"https:\/\/fjala.info\/2009-2015\/#website","url":"https:\/\/fjala.info\/2009-2015\/","name":"FjALA e LIR\u00cb - Arkivi","description":"Arkivi 2009-2015","publisher":{"@id":"https:\/\/fjala.info\/2009-2015\/#organization"},"potentialAction":[{"@type":"SearchAction","target":{"@type":"EntryPoint","urlTemplate":"https:\/\/fjala.info\/2009-2015\/?s={search_term_string}"},"query-input":{"@type":"PropertyValueSpecification","valueRequired":true,"valueName":"search_term_string"}}],"inLanguage":"sq-AL"},{"@type":"Organization","@id":"https:\/\/fjala.info\/2009-2015\/#organization","name":"FjALA e LIR\u00cb - Arkivi","url":"https:\/\/fjala.info\/2009-2015\/","logo":{"@type":"ImageObject","inLanguage":"sq-AL","@id":"https:\/\/fjala.info\/2009-2015\/#\/schema\/logo\/image\/","url":"","contentUrl":"","caption":"FjALA e LIR\u00cb - Arkivi"},"image":{"@id":"https:\/\/fjala.info\/2009-2015\/#\/schema\/logo\/image\/"}},{"@type":"Person","@id":"https:\/\/fjala.info\/2009-2015\/#\/schema\/person\/3aa1163ef05469c496fc94e77611ada2","name":"admin","image":{"@type":"ImageObject","inLanguage":"sq-AL","@id":"https:\/\/fjala.info\/2009-2015\/wp-content\/uploads\/2012\/02\/arben_cokaj-120x150.jpg","url":"https:\/\/fjala.info\/2009-2015\/wp-content\/uploads\/2012\/02\/arben_cokaj-120x150.jpg","contentUrl":"https:\/\/fjala.info\/2009-2015\/wp-content\/uploads\/2012\/02\/arben_cokaj-120x150.jpg","caption":"admin"},"description":"Admin, Fjala e Lir\u00eb","sameAs":["https:\/\/fjala.info\/"],"url":"https:\/\/fjala.info\/2009-2015\/author\/admin\/"}]}},"_links":{"self":[{"href":"https:\/\/fjala.info\/2009-2015\/wp-json\/wp\/v2\/posts\/4106","targetHints":{"allow":["GET"]}}],"collection":[{"href":"https:\/\/fjala.info\/2009-2015\/wp-json\/wp\/v2\/posts"}],"about":[{"href":"https:\/\/fjala.info\/2009-2015\/wp-json\/wp\/v2\/types\/post"}],"author":[{"embeddable":true,"href":"https:\/\/fjala.info\/2009-2015\/wp-json\/wp\/v2\/users\/1"}],"replies":[{"embeddable":true,"href":"https:\/\/fjala.info\/2009-2015\/wp-json\/wp\/v2\/comments?post=4106"}],"version-history":[{"count":0,"href":"https:\/\/fjala.info\/2009-2015\/wp-json\/wp\/v2\/posts\/4106\/revisions"}],"wp:attachment":[{"href":"https:\/\/fjala.info\/2009-2015\/wp-json\/wp\/v2\/media?parent=4106"}],"wp:term":[{"taxonomy":"category","embeddable":true,"href":"https:\/\/fjala.info\/2009-2015\/wp-json\/wp\/v2\/categories?post=4106"},{"taxonomy":"post_tag","embeddable":true,"href":"https:\/\/fjala.info\/2009-2015\/wp-json\/wp\/v2\/tags?post=4106"}],"curies":[{"name":"wp","href":"https:\/\/api.w.org\/{rel}","templated":true}]}}