{"id":4104,"date":"2012-07-31T09:48:31","date_gmt":"2012-07-31T08:48:31","guid":{"rendered":"http:\/\/www.fjala.info\/?p=4104"},"modified":"2012-07-31T09:48:31","modified_gmt":"2012-07-31T08:48:31","slug":"sadri-abazi-ne-jemi-milionere-berisha-eshte-miliarder","status":"publish","type":"post","link":"https:\/\/fjala.info\/2009-2015\/sadri-abazi-ne-jemi-milionere-berisha-eshte-miliarder\/","title":{"rendered":"Sadri Abazi: Ne jemi milioner\u00eb, Berisha \u00ebsht\u00eb miliarder"},"content":{"rendered":"<p><img decoding=\"async\" class=\"alignleft size-thumbnail wp-image-7236\" title=\"Sadri Abazi\" src=\"http:\/\/www.fjala.info\/2012\/sadri_abazi.jpg\" alt=\"\" width=\"200\" \/> <strong>TemA<\/strong>, <em>31 Korrik 2012<\/em><\/p>\n<p>Berisha i mban n\u00eb goj\u00eb \u00e7do dit\u00eb ata. B\u00ebhet fjal\u00eb p\u00ebr Tom Doshin, Sadri Abazin dhe Fidel Yllin, tre deputet\u00ebt biznesmen\u00eb t\u00eb Partis\u00eb Socialiste. Si\u00e7 b\u00ebnte r\u00ebndom kur ishte n\u00eb opozit\u00eb, edhe tani, po t\u00eb mori n\u00eb goj\u00eb, nuk t\u00eb l\u00ebshon sikur nami t\u00eb b\u00ebhet. I akuzon se po pengojn\u00eb heqjen e imunitetit. Nga ana tjet\u00ebr, Edi Rama p\u00ebrgjigjet duke deklaruar se nuk \u00ebsht\u00eb m\u00ebkat t\u00eb jesh biznesmen dhe t\u00eb merresh me politik\u00eb, por m\u00ebkat \u00ebsht\u00eb t\u00eb b\u00ebhesh milioner duke p\u00ebrdorur politik\u00ebn.<\/p>\n<p>Vet\u00eb Sadri Abazi thot\u00eb p\u00ebr Panorama se ata jan\u00eb v\u00ebrtet milioner\u00eb, por Berisha \u00ebsht\u00eb miliarder. Abazi thot\u00eb se ata i kan\u00eb t\u00eb gjitha t\u00eb deklaruara, kurse problemi \u00ebsht\u00eb tek Berisha dhe ministrat e tij, q\u00eb nuk i kan\u00eb t\u00eb deklaruara pasurit\u00eb.<\/p>\n","protected":false},"excerpt":{"rendered":"<p>TemA, 31 Korrik 2012 Berisha i mban n\u00eb goj\u00eb \u00e7do dit\u00eb ata. B\u00ebhet fjal\u00eb p\u00ebr Tom Doshin, Sadri Abazin dhe Fidel Yllin, tre deputet\u00ebt biznesmen\u00eb t\u00eb Partis\u00eb Socialiste. Si\u00e7 b\u00ebnte r\u00ebndom kur ishte n\u00eb opozit\u00eb, edhe tani, po t\u00eb mori n\u00eb goj\u00eb, nuk t\u00eb l\u00ebshon sikur nami t\u00eb b\u00ebhet. I akuzon se po pengojn\u00eb heqjen [&hellip;]<\/p>\n","protected":false},"author":1,"featured_media":0,"comment_status":"open","ping_status":"closed","sticky":false,"template":"","format":"standard","meta":{"footnotes":""},"categories":[2,5],"tags":[],"class_list":{"0":"post-4104","1":"post","2":"type-post","3":"status-publish","4":"format-standard","6":"category-artikuj","7":"category-lajme"},"yoast_head":"<!-- This site is optimized with the Yoast SEO plugin v27.4 - https:\/\/yoast.com\/product\/yoast-seo-wordpress\/ -->\n<title>Sadri Abazi: Ne jemi milioner\u00eb, Berisha \u00ebsht\u00eb miliarder - FjALA e LIR\u00cb - Arkivi<\/title>\n<meta name=\"robots\" content=\"index, follow, max-snippet:-1, max-image-preview:large, max-video-preview:-1\" \/>\n<link rel=\"canonical\" href=\"https:\/\/fjala.info\/2009-2015\/sadri-abazi-ne-jemi-milionere-berisha-eshte-miliarder\/\" \/>\n<meta property=\"og:locale\" content=\"sq_AL\" \/>\n<meta property=\"og:type\" content=\"article\" \/>\n<meta property=\"og:title\" content=\"Sadri Abazi: Ne jemi milioner\u00eb, Berisha \u00ebsht\u00eb miliarder - FjALA e LIR\u00cb - Arkivi\" \/>\n<meta property=\"og:description\" content=\"TemA, 31 Korrik 2012 Berisha i mban n\u00eb goj\u00eb \u00e7do dit\u00eb ata. B\u00ebhet fjal\u00eb p\u00ebr Tom Doshin, Sadri Abazin dhe Fidel Yllin, tre deputet\u00ebt biznesmen\u00eb t\u00eb Partis\u00eb Socialiste. Si\u00e7 b\u00ebnte r\u00ebndom kur ishte n\u00eb opozit\u00eb, edhe tani, po t\u00eb mori n\u00eb goj\u00eb, nuk t\u00eb l\u00ebshon sikur nami t\u00eb b\u00ebhet. I akuzon se po pengojn\u00eb heqjen [&hellip;]\" \/>\n<meta property=\"og:url\" content=\"https:\/\/fjala.info\/2009-2015\/sadri-abazi-ne-jemi-milionere-berisha-eshte-miliarder\/\" \/>\n<meta property=\"og:site_name\" content=\"FjALA e LIR\u00cb - Arkivi\" \/>\n<meta property=\"article:published_time\" content=\"2012-07-31T08:48:31+00:00\" \/>\n<meta property=\"og:image\" content=\"http:\/\/www.fjala.info\/2012\/sadri_abazi.jpg\" \/>\n<meta name=\"author\" content=\"admin\" \/>\n<meta name=\"twitter:card\" content=\"summary_large_image\" \/>\n<meta name=\"twitter:label1\" content=\"Written by\" \/>\n\t<meta name=\"twitter:data1\" content=\"admin\" \/>\n\t<meta name=\"twitter:label2\" content=\"Est. reading time\" \/>\n\t<meta name=\"twitter:data2\" content=\"1 minute\" \/>\n<script type=\"application\/ld+json\" class=\"yoast-schema-graph\">{\"@context\":\"https:\\\/\\\/schema.org\",\"@graph\":[{\"@type\":\"Article\",\"@id\":\"https:\\\/\\\/fjala.info\\\/2009-2015\\\/sadri-abazi-ne-jemi-milionere-berisha-eshte-miliarder\\\/#article\",\"isPartOf\":{\"@id\":\"https:\\\/\\\/fjala.info\\\/2009-2015\\\/sadri-abazi-ne-jemi-milionere-berisha-eshte-miliarder\\\/\"},\"author\":{\"name\":\"admin\",\"@id\":\"https:\\\/\\\/fjala.info\\\/2009-2015\\\/#\\\/schema\\\/person\\\/3aa1163ef05469c496fc94e77611ada2\"},\"headline\":\"Sadri Abazi: Ne jemi milioner\u00eb, Berisha \u00ebsht\u00eb miliarder\",\"datePublished\":\"2012-07-31T08:48:31+00:00\",\"mainEntityOfPage\":{\"@id\":\"https:\\\/\\\/fjala.info\\\/2009-2015\\\/sadri-abazi-ne-jemi-milionere-berisha-eshte-miliarder\\\/\"},\"wordCount\":149,\"commentCount\":0,\"publisher\":{\"@id\":\"https:\\\/\\\/fjala.info\\\/2009-2015\\\/#organization\"},\"image\":{\"@id\":\"https:\\\/\\\/fjala.info\\\/2009-2015\\\/sadri-abazi-ne-jemi-milionere-berisha-eshte-miliarder\\\/#primaryimage\"},\"thumbnailUrl\":\"http:\\\/\\\/www.fjala.info\\\/2012\\\/sadri_abazi.jpg\",\"articleSection\":[\"Artikuj\",\"Lajme\"],\"inLanguage\":\"sq-AL\",\"potentialAction\":[{\"@type\":\"CommentAction\",\"name\":\"Comment\",\"target\":[\"https:\\\/\\\/fjala.info\\\/2009-2015\\\/sadri-abazi-ne-jemi-milionere-berisha-eshte-miliarder\\\/#respond\"]}]},{\"@type\":\"WebPage\",\"@id\":\"https:\\\/\\\/fjala.info\\\/2009-2015\\\/sadri-abazi-ne-jemi-milionere-berisha-eshte-miliarder\\\/\",\"url\":\"https:\\\/\\\/fjala.info\\\/2009-2015\\\/sadri-abazi-ne-jemi-milionere-berisha-eshte-miliarder\\\/\",\"name\":\"Sadri Abazi: Ne jemi milioner\u00eb, Berisha \u00ebsht\u00eb miliarder - FjALA e LIR\u00cb - Arkivi\",\"isPartOf\":{\"@id\":\"https:\\\/\\\/fjala.info\\\/2009-2015\\\/#website\"},\"primaryImageOfPage\":{\"@id\":\"https:\\\/\\\/fjala.info\\\/2009-2015\\\/sadri-abazi-ne-jemi-milionere-berisha-eshte-miliarder\\\/#primaryimage\"},\"image\":{\"@id\":\"https:\\\/\\\/fjala.info\\\/2009-2015\\\/sadri-abazi-ne-jemi-milionere-berisha-eshte-miliarder\\\/#primaryimage\"},\"thumbnailUrl\":\"http:\\\/\\\/www.fjala.info\\\/2012\\\/sadri_abazi.jpg\",\"datePublished\":\"2012-07-31T08:48:31+00:00\",\"breadcrumb\":{\"@id\":\"https:\\\/\\\/fjala.info\\\/2009-2015\\\/sadri-abazi-ne-jemi-milionere-berisha-eshte-miliarder\\\/#breadcrumb\"},\"inLanguage\":\"sq-AL\",\"potentialAction\":[{\"@type\":\"ReadAction\",\"target\":[\"https:\\\/\\\/fjala.info\\\/2009-2015\\\/sadri-abazi-ne-jemi-milionere-berisha-eshte-miliarder\\\/\"]}]},{\"@type\":\"ImageObject\",\"inLanguage\":\"sq-AL\",\"@id\":\"https:\\\/\\\/fjala.info\\\/2009-2015\\\/sadri-abazi-ne-jemi-milionere-berisha-eshte-miliarder\\\/#primaryimage\",\"url\":\"http:\\\/\\\/www.fjala.info\\\/2012\\\/sadri_abazi.jpg\",\"contentUrl\":\"http:\\\/\\\/www.fjala.info\\\/2012\\\/sadri_abazi.jpg\"},{\"@type\":\"BreadcrumbList\",\"@id\":\"https:\\\/\\\/fjala.info\\\/2009-2015\\\/sadri-abazi-ne-jemi-milionere-berisha-eshte-miliarder\\\/#breadcrumb\",\"itemListElement\":[{\"@type\":\"ListItem\",\"position\":1,\"name\":\"Home\",\"item\":\"https:\\\/\\\/fjala.info\\\/2009-2015\\\/\"},{\"@type\":\"ListItem\",\"position\":2,\"name\":\"Sadri Abazi: Ne jemi milioner\u00eb, Berisha \u00ebsht\u00eb miliarder\"}]},{\"@type\":\"WebSite\",\"@id\":\"https:\\\/\\\/fjala.info\\\/2009-2015\\\/#website\",\"url\":\"https:\\\/\\\/fjala.info\\\/2009-2015\\\/\",\"name\":\"FjALA e LIR\u00cb - Arkivi\",\"description\":\"Arkivi 2009-2015\",\"publisher\":{\"@id\":\"https:\\\/\\\/fjala.info\\\/2009-2015\\\/#organization\"},\"potentialAction\":[{\"@type\":\"SearchAction\",\"target\":{\"@type\":\"EntryPoint\",\"urlTemplate\":\"https:\\\/\\\/fjala.info\\\/2009-2015\\\/?s={search_term_string}\"},\"query-input\":{\"@type\":\"PropertyValueSpecification\",\"valueRequired\":true,\"valueName\":\"search_term_string\"}}],\"inLanguage\":\"sq-AL\"},{\"@type\":\"Organization\",\"@id\":\"https:\\\/\\\/fjala.info\\\/2009-2015\\\/#organization\",\"name\":\"FjALA e LIR\u00cb - Arkivi\",\"url\":\"https:\\\/\\\/fjala.info\\\/2009-2015\\\/\",\"logo\":{\"@type\":\"ImageObject\",\"inLanguage\":\"sq-AL\",\"@id\":\"https:\\\/\\\/fjala.info\\\/2009-2015\\\/#\\\/schema\\\/logo\\\/image\\\/\",\"url\":\"\",\"contentUrl\":\"\",\"caption\":\"FjALA e LIR\u00cb - Arkivi\"},\"image\":{\"@id\":\"https:\\\/\\\/fjala.info\\\/2009-2015\\\/#\\\/schema\\\/logo\\\/image\\\/\"}},{\"@type\":\"Person\",\"@id\":\"https:\\\/\\\/fjala.info\\\/2009-2015\\\/#\\\/schema\\\/person\\\/3aa1163ef05469c496fc94e77611ada2\",\"name\":\"admin\",\"image\":{\"@type\":\"ImageObject\",\"inLanguage\":\"sq-AL\",\"@id\":\"https:\\\/\\\/fjala.info\\\/2009-2015\\\/wp-content\\\/uploads\\\/2012\\\/02\\\/arben_cokaj-120x150.jpg\",\"url\":\"https:\\\/\\\/fjala.info\\\/2009-2015\\\/wp-content\\\/uploads\\\/2012\\\/02\\\/arben_cokaj-120x150.jpg\",\"contentUrl\":\"https:\\\/\\\/fjala.info\\\/2009-2015\\\/wp-content\\\/uploads\\\/2012\\\/02\\\/arben_cokaj-120x150.jpg\",\"caption\":\"admin\"},\"description\":\"Admin, Fjala e Lir\u00eb\",\"sameAs\":[\"https:\\\/\\\/fjala.info\\\/\"],\"url\":\"https:\\\/\\\/fjala.info\\\/2009-2015\\\/author\\\/admin\\\/\"}]}<\/script>\n<!-- \/ Yoast SEO plugin. -->","yoast_head_json":{"title":"Sadri Abazi: Ne jemi milioner\u00eb, Berisha \u00ebsht\u00eb miliarder - FjALA e LIR\u00cb - Arkivi","robots":{"index":"index","follow":"follow","max-snippet":"max-snippet:-1","max-image-preview":"max-image-preview:large","max-video-preview":"max-video-preview:-1"},"canonical":"https:\/\/fjala.info\/2009-2015\/sadri-abazi-ne-jemi-milionere-berisha-eshte-miliarder\/","og_locale":"sq_AL","og_type":"article","og_title":"Sadri Abazi: Ne jemi milioner\u00eb, Berisha \u00ebsht\u00eb miliarder - FjALA e LIR\u00cb - Arkivi","og_description":"TemA, 31 Korrik 2012 Berisha i mban n\u00eb goj\u00eb \u00e7do dit\u00eb ata. B\u00ebhet fjal\u00eb p\u00ebr Tom Doshin, Sadri Abazin dhe Fidel Yllin, tre deputet\u00ebt biznesmen\u00eb t\u00eb Partis\u00eb Socialiste. Si\u00e7 b\u00ebnte r\u00ebndom kur ishte n\u00eb opozit\u00eb, edhe tani, po t\u00eb mori n\u00eb goj\u00eb, nuk t\u00eb l\u00ebshon sikur nami t\u00eb b\u00ebhet. I akuzon se po pengojn\u00eb heqjen [&hellip;]","og_url":"https:\/\/fjala.info\/2009-2015\/sadri-abazi-ne-jemi-milionere-berisha-eshte-miliarder\/","og_site_name":"FjALA e LIR\u00cb - Arkivi","article_published_time":"2012-07-31T08:48:31+00:00","og_image":[{"url":"http:\/\/www.fjala.info\/2012\/sadri_abazi.jpg","type":"","width":"","height":""}],"author":"admin","twitter_card":"summary_large_image","twitter_misc":{"Written by":"admin","Est. reading time":"1 minute"},"schema":{"@context":"https:\/\/schema.org","@graph":[{"@type":"Article","@id":"https:\/\/fjala.info\/2009-2015\/sadri-abazi-ne-jemi-milionere-berisha-eshte-miliarder\/#article","isPartOf":{"@id":"https:\/\/fjala.info\/2009-2015\/sadri-abazi-ne-jemi-milionere-berisha-eshte-miliarder\/"},"author":{"name":"admin","@id":"https:\/\/fjala.info\/2009-2015\/#\/schema\/person\/3aa1163ef05469c496fc94e77611ada2"},"headline":"Sadri Abazi: Ne jemi milioner\u00eb, Berisha \u00ebsht\u00eb miliarder","datePublished":"2012-07-31T08:48:31+00:00","mainEntityOfPage":{"@id":"https:\/\/fjala.info\/2009-2015\/sadri-abazi-ne-jemi-milionere-berisha-eshte-miliarder\/"},"wordCount":149,"commentCount":0,"publisher":{"@id":"https:\/\/fjala.info\/2009-2015\/#organization"},"image":{"@id":"https:\/\/fjala.info\/2009-2015\/sadri-abazi-ne-jemi-milionere-berisha-eshte-miliarder\/#primaryimage"},"thumbnailUrl":"http:\/\/www.fjala.info\/2012\/sadri_abazi.jpg","articleSection":["Artikuj","Lajme"],"inLanguage":"sq-AL","potentialAction":[{"@type":"CommentAction","name":"Comment","target":["https:\/\/fjala.info\/2009-2015\/sadri-abazi-ne-jemi-milionere-berisha-eshte-miliarder\/#respond"]}]},{"@type":"WebPage","@id":"https:\/\/fjala.info\/2009-2015\/sadri-abazi-ne-jemi-milionere-berisha-eshte-miliarder\/","url":"https:\/\/fjala.info\/2009-2015\/sadri-abazi-ne-jemi-milionere-berisha-eshte-miliarder\/","name":"Sadri Abazi: Ne jemi milioner\u00eb, Berisha \u00ebsht\u00eb miliarder - FjALA e LIR\u00cb - Arkivi","isPartOf":{"@id":"https:\/\/fjala.info\/2009-2015\/#website"},"primaryImageOfPage":{"@id":"https:\/\/fjala.info\/2009-2015\/sadri-abazi-ne-jemi-milionere-berisha-eshte-miliarder\/#primaryimage"},"image":{"@id":"https:\/\/fjala.info\/2009-2015\/sadri-abazi-ne-jemi-milionere-berisha-eshte-miliarder\/#primaryimage"},"thumbnailUrl":"http:\/\/www.fjala.info\/2012\/sadri_abazi.jpg","datePublished":"2012-07-31T08:48:31+00:00","breadcrumb":{"@id":"https:\/\/fjala.info\/2009-2015\/sadri-abazi-ne-jemi-milionere-berisha-eshte-miliarder\/#breadcrumb"},"inLanguage":"sq-AL","potentialAction":[{"@type":"ReadAction","target":["https:\/\/fjala.info\/2009-2015\/sadri-abazi-ne-jemi-milionere-berisha-eshte-miliarder\/"]}]},{"@type":"ImageObject","inLanguage":"sq-AL","@id":"https:\/\/fjala.info\/2009-2015\/sadri-abazi-ne-jemi-milionere-berisha-eshte-miliarder\/#primaryimage","url":"http:\/\/www.fjala.info\/2012\/sadri_abazi.jpg","contentUrl":"http:\/\/www.fjala.info\/2012\/sadri_abazi.jpg"},{"@type":"BreadcrumbList","@id":"https:\/\/fjala.info\/2009-2015\/sadri-abazi-ne-jemi-milionere-berisha-eshte-miliarder\/#breadcrumb","itemListElement":[{"@type":"ListItem","position":1,"name":"Home","item":"https:\/\/fjala.info\/2009-2015\/"},{"@type":"ListItem","position":2,"name":"Sadri Abazi: Ne jemi milioner\u00eb, Berisha \u00ebsht\u00eb miliarder"}]},{"@type":"WebSite","@id":"https:\/\/fjala.info\/2009-2015\/#website","url":"https:\/\/fjala.info\/2009-2015\/","name":"FjALA e LIR\u00cb - Arkivi","description":"Arkivi 2009-2015","publisher":{"@id":"https:\/\/fjala.info\/2009-2015\/#organization"},"potentialAction":[{"@type":"SearchAction","target":{"@type":"EntryPoint","urlTemplate":"https:\/\/fjala.info\/2009-2015\/?s={search_term_string}"},"query-input":{"@type":"PropertyValueSpecification","valueRequired":true,"valueName":"search_term_string"}}],"inLanguage":"sq-AL"},{"@type":"Organization","@id":"https:\/\/fjala.info\/2009-2015\/#organization","name":"FjALA e LIR\u00cb - Arkivi","url":"https:\/\/fjala.info\/2009-2015\/","logo":{"@type":"ImageObject","inLanguage":"sq-AL","@id":"https:\/\/fjala.info\/2009-2015\/#\/schema\/logo\/image\/","url":"","contentUrl":"","caption":"FjALA e LIR\u00cb - Arkivi"},"image":{"@id":"https:\/\/fjala.info\/2009-2015\/#\/schema\/logo\/image\/"}},{"@type":"Person","@id":"https:\/\/fjala.info\/2009-2015\/#\/schema\/person\/3aa1163ef05469c496fc94e77611ada2","name":"admin","image":{"@type":"ImageObject","inLanguage":"sq-AL","@id":"https:\/\/fjala.info\/2009-2015\/wp-content\/uploads\/2012\/02\/arben_cokaj-120x150.jpg","url":"https:\/\/fjala.info\/2009-2015\/wp-content\/uploads\/2012\/02\/arben_cokaj-120x150.jpg","contentUrl":"https:\/\/fjala.info\/2009-2015\/wp-content\/uploads\/2012\/02\/arben_cokaj-120x150.jpg","caption":"admin"},"description":"Admin, Fjala e Lir\u00eb","sameAs":["https:\/\/fjala.info\/"],"url":"https:\/\/fjala.info\/2009-2015\/author\/admin\/"}]}},"_links":{"self":[{"href":"https:\/\/fjala.info\/2009-2015\/wp-json\/wp\/v2\/posts\/4104","targetHints":{"allow":["GET"]}}],"collection":[{"href":"https:\/\/fjala.info\/2009-2015\/wp-json\/wp\/v2\/posts"}],"about":[{"href":"https:\/\/fjala.info\/2009-2015\/wp-json\/wp\/v2\/types\/post"}],"author":[{"embeddable":true,"href":"https:\/\/fjala.info\/2009-2015\/wp-json\/wp\/v2\/users\/1"}],"replies":[{"embeddable":true,"href":"https:\/\/fjala.info\/2009-2015\/wp-json\/wp\/v2\/comments?post=4104"}],"version-history":[{"count":0,"href":"https:\/\/fjala.info\/2009-2015\/wp-json\/wp\/v2\/posts\/4104\/revisions"}],"wp:attachment":[{"href":"https:\/\/fjala.info\/2009-2015\/wp-json\/wp\/v2\/media?parent=4104"}],"wp:term":[{"taxonomy":"category","embeddable":true,"href":"https:\/\/fjala.info\/2009-2015\/wp-json\/wp\/v2\/categories?post=4104"},{"taxonomy":"post_tag","embeddable":true,"href":"https:\/\/fjala.info\/2009-2015\/wp-json\/wp\/v2\/tags?post=4104"}],"curies":[{"name":"wp","href":"https:\/\/api.w.org\/{rel}","templated":true}]}}