{"id":4101,"date":"2012-07-30T22:05:23","date_gmt":"2012-07-30T21:05:23","guid":{"rendered":"http:\/\/www.fjala.info\/?p=4101"},"modified":"2012-07-30T22:05:23","modified_gmt":"2012-07-30T21:05:23","slug":"pazari-i-fotos-berisha-cameron-qeveria-dorezon-sot-pagesen","status":"publish","type":"post","link":"https:\/\/fjala.info\/2009-2015\/pazari-i-fotos-berisha-cameron-qeveria-dorezon-sot-pagesen\/","title":{"rendered":"Pazari i fotos Berisha &#8211; Cameron qeveria dor\u00ebzon sot pages\u00ebn"},"content":{"rendered":"<p><img decoding=\"async\" class=\"alignleft size-thumbnail wp-image-7236\" title=\"Mal Berisha\" src=\"http:\/\/www.fjala.info\/2012\/mal_berisha.jpg\" alt=\"\" width=\"150\" \/><em>Negociatori Mal Berisha<\/em><\/p>\n<p><em>TIRANE<\/em> &#8211; \u00cbsht\u00eb parashikuar t\u00eb b\u00ebhet sot pagesa n\u00eb k\u00ebmbim t\u00eb fiksimit n\u00eb foto t\u00eb momentit t\u00eb takimit mes kryeministrit t\u00eb Shqip\u00ebris\u00eb Sali Berisha dhe kryeministrit britanik David Cameron. Shkrepja u b\u00eb mesdit\u00ebn e 27 korrikut, nd\u00ebrsa kryeministri ishte i ftuar n\u00eb Pallatin Mbret\u00ebror p\u00ebr tu takuar me mbret\u00ebresh\u00ebn Elisabet.<\/p>\n<p>Nga shk\u00ebmbimi i e-maileve t\u00eb zbuluara dje n\u00eb gazet\u00ebn Shqiptarja.com, qeveria shqiptare kishte pajtuar agjencin\u00eb &#8220;The Press Association&#8221; me qend\u00ebr n\u00eb Lond\u00ebr. p\u00ebr t\u00eb fotografuar momentin e takimit Berisha- Cameron, n\u00eb k\u00ebmbim pagesa do t\u00eb b\u00ebhej sot. Misioni \u00ebsht\u00eb marr\u00eb p\u00ebrsip\u00ebr nga Mal Berisha, i ngarkuari me pun\u00eb n\u00eb ambasad\u00ebn Shqiptare n\u00eb Lond\u00ebr.<\/p>\n<p><img decoding=\"async\" class=\"alignright size-thumbnail wp-image-7236\" title=\"Cameron - Berisha\" src=\"http:\/\/www.fjala.info\/2012\/cameron_berisha.jpg\" alt=\"\" width=\"300\" \/>Kryeministria nuk reagoi dje asnj\u00eb fjal\u00eb n\u00eb lidhje me blerjen e k\u00ebsaj foto. I vetmi njoftim q\u00eb u p\u00ebrcoll dje nga kryeministria ishte rekordi i ri me not q\u00eb kreu i ekzekutivit, Sali Berisha kishte vendosur me veten e tij duke notuar p\u00ebr 144 minuta n\u00eb ujrat e bregdetit t\u00eb Dh\u00ebrmiut.<\/p>\n<p><strong>E-MAILET<\/strong><br \/>\nT\u00eb premten paradite, n\u00eb or\u00ebn 10.12, shtetasja londineze Gemma De\u00ebhurst i nis nj\u00eb e-mail ambasadorit t\u00eb Shqip\u00ebris\u00eb n\u00eb Lond\u00ebr, Mal Berisha: &#8220;I dashur Mal, t\u00eb lutem gjej bashk\u00ebngjitur imazhin PA-14131607 q\u00eb t\u00eb kam premtuar. Do t\u00eb lidhemi t\u00eb h\u00ebn\u00ebn p\u00ebr t\u00eb konfirmuar p\u00ebrdorimin dhe pages\u00ebn. Gjith\u00eb t\u00eb mirat, Gemma&#8221;. Imazhi n\u00eb fjal\u00eb \u00ebsht\u00eb fotoja q\u00eb fiksoi takimin mes kryeministrave dhe \u00ebsht\u00eb nj\u00eb foto shum\u00eb e bukur. 11 or\u00eb m\u00eb von\u00eb, i ngarkuari me Pun\u00eb n\u00eb Lond\u00ebr, Mal Berisha i shkruan nj\u00eb email tjet\u00ebr Emma De\u00ebhurst me subjektin &#8220;konfirmimi&#8221;: &#8220;E dashur Gemma, t\u00eb lutem n\u00eb nis me e-mail foton q\u00eb kemi porositur (ishte Joana Papakostandini q\u00eb sapo foli me ju n\u00eb em\u00ebr t\u00eb ambasad\u00ebs shqiptare n\u00eb Lond\u00ebr&#8221;.<\/p>\n<p>Un\u00eb jam i Ngarkuari me Pun\u00eb i Shqip\u00ebris\u00eb. T\u00eb lutem nise menj\u00ebher\u00eb te adresa ime Berisham@gmail.com. Ne do tju paguajm\u00eb t\u00eb h\u00ebn\u00ebn (30 korrik) ashtu si\u00e7 rat\u00eb dakort me zonjush\u00ebn Papakostandini. Gjith\u00eb t\u00eb mirat dhe faleminderit. Mal Berisha&#8221;. Joana Papakostandini \u00ebsht\u00eb sekretarja e tret\u00eb e ambasad\u00ebs shqiptare, e cila pas dor\u00ebheqjes s\u00eb ish-ambasadorit Zef Mazi, m\u00ebse nj\u00eb vit m\u00eb par\u00eb ende nuk ka ambassador, por t\u00eb ngarkuar me pun\u00eb, zotin Mal Berisha, q\u00eb shkoi atje me vendim t\u00eb qeveris\u00eb n\u00eb shkurt 2012.<\/p>\n<p>Pas k\u00ebtij let\u00ebrk\u00ebmbimi online, fotoja \u00ebsht\u00eb d\u00ebrguar nga adresa e Mal berish\u00ebs te adresa e dh\u00ebnd\u00ebrrit t\u00eb kryeministrit, Jamarb\u00ebr Malltezi dhe m\u00eb pas n\u00eb adres\u00ebn e z\u00ebdh\u00ebn\u00ebses s\u00eb kryeministrit Berisha, Erla M\u00ebhilli. Pas k\u00ebsaj kryeministria e shp\u00ebrndau mbr\u00ebmjen e t\u00eb premtes, bashk\u00eb me lajmin p\u00ebr bised\u00ebn e gjat\u00eb mes kryeministrave Cameron dhe Berisha n\u00eb pallatin mbret\u00ebror. Por gabimisht, gjat\u00eb shp\u00ebrndarjes s\u00eb lajmit dhe fotos p\u00ebr takimin e shum\u00ebpritur me kryeministrin Cameron, zyra e shtypit pran\u00eb kryeministris\u00eb nisi edhe bashk\u00ebbisedimin mes Mal Berish\u00ebs dhe zonjush\u00ebs londineze p\u00ebr t\u00eb bler\u00eb n\u00eb Lond\u00ebr nj\u00eb foto q\u00eb shitet shum\u00eb shtrenjt\u00eb n\u00eb Tiran\u00eb.<\/p>\n<p>(<em>sg\/shqiptarja.com<\/em>)<\/p>\n","protected":false},"excerpt":{"rendered":"<p>Negociatori Mal Berisha TIRANE &#8211; \u00cbsht\u00eb parashikuar t\u00eb b\u00ebhet sot pagesa n\u00eb k\u00ebmbim t\u00eb fiksimit n\u00eb foto t\u00eb momentit t\u00eb takimit mes kryeministrit t\u00eb Shqip\u00ebris\u00eb Sali Berisha dhe kryeministrit britanik David Cameron. Shkrepja u b\u00eb mesdit\u00ebn e 27 korrikut, nd\u00ebrsa kryeministri ishte i ftuar n\u00eb Pallatin Mbret\u00ebror p\u00ebr tu takuar me mbret\u00ebresh\u00ebn Elisabet. Nga shk\u00ebmbimi [&hellip;]<\/p>\n","protected":false},"author":1,"featured_media":0,"comment_status":"open","ping_status":"closed","sticky":false,"template":"","format":"standard","meta":{"footnotes":""},"categories":[2],"tags":[],"class_list":{"0":"post-4101","1":"post","2":"type-post","3":"status-publish","4":"format-standard","6":"category-artikuj"},"yoast_head":"<!-- This site is optimized with the Yoast SEO plugin v27.4 - https:\/\/yoast.com\/product\/yoast-seo-wordpress\/ -->\n<title>Pazari i fotos Berisha - Cameron qeveria dor\u00ebzon sot pages\u00ebn - FjALA e LIR\u00cb - Arkivi<\/title>\n<meta name=\"robots\" content=\"index, follow, max-snippet:-1, max-image-preview:large, max-video-preview:-1\" \/>\n<link rel=\"canonical\" href=\"https:\/\/fjala.info\/2009-2015\/pazari-i-fotos-berisha-cameron-qeveria-dorezon-sot-pagesen\/\" \/>\n<meta property=\"og:locale\" content=\"sq_AL\" \/>\n<meta property=\"og:type\" content=\"article\" \/>\n<meta property=\"og:title\" content=\"Pazari i fotos Berisha - Cameron qeveria dor\u00ebzon sot pages\u00ebn - FjALA e LIR\u00cb - Arkivi\" \/>\n<meta property=\"og:description\" content=\"Negociatori Mal Berisha TIRANE &#8211; \u00cbsht\u00eb parashikuar t\u00eb b\u00ebhet sot pagesa n\u00eb k\u00ebmbim t\u00eb fiksimit n\u00eb foto t\u00eb momentit t\u00eb takimit mes kryeministrit t\u00eb Shqip\u00ebris\u00eb Sali Berisha dhe kryeministrit britanik David Cameron. Shkrepja u b\u00eb mesdit\u00ebn e 27 korrikut, nd\u00ebrsa kryeministri ishte i ftuar n\u00eb Pallatin Mbret\u00ebror p\u00ebr tu takuar me mbret\u00ebresh\u00ebn Elisabet. Nga shk\u00ebmbimi [&hellip;]\" \/>\n<meta property=\"og:url\" content=\"https:\/\/fjala.info\/2009-2015\/pazari-i-fotos-berisha-cameron-qeveria-dorezon-sot-pagesen\/\" \/>\n<meta property=\"og:site_name\" content=\"FjALA e LIR\u00cb - Arkivi\" \/>\n<meta property=\"article:published_time\" content=\"2012-07-30T21:05:23+00:00\" \/>\n<meta property=\"og:image\" content=\"http:\/\/www.fjala.info\/2012\/mal_berisha.jpg\" \/>\n<meta name=\"author\" content=\"admin\" \/>\n<meta name=\"twitter:card\" content=\"summary_large_image\" \/>\n<meta name=\"twitter:label1\" content=\"Written by\" \/>\n\t<meta name=\"twitter:data1\" content=\"admin\" \/>\n\t<meta name=\"twitter:label2\" content=\"Est. reading time\" \/>\n\t<meta name=\"twitter:data2\" content=\"3 minutes\" \/>\n<script type=\"application\/ld+json\" class=\"yoast-schema-graph\">{\"@context\":\"https:\\\/\\\/schema.org\",\"@graph\":[{\"@type\":\"Article\",\"@id\":\"https:\\\/\\\/fjala.info\\\/2009-2015\\\/pazari-i-fotos-berisha-cameron-qeveria-dorezon-sot-pagesen\\\/#article\",\"isPartOf\":{\"@id\":\"https:\\\/\\\/fjala.info\\\/2009-2015\\\/pazari-i-fotos-berisha-cameron-qeveria-dorezon-sot-pagesen\\\/\"},\"author\":{\"name\":\"admin\",\"@id\":\"https:\\\/\\\/fjala.info\\\/2009-2015\\\/#\\\/schema\\\/person\\\/3aa1163ef05469c496fc94e77611ada2\"},\"headline\":\"Pazari i fotos Berisha &#8211; Cameron qeveria dor\u00ebzon sot pages\u00ebn\",\"datePublished\":\"2012-07-30T21:05:23+00:00\",\"mainEntityOfPage\":{\"@id\":\"https:\\\/\\\/fjala.info\\\/2009-2015\\\/pazari-i-fotos-berisha-cameron-qeveria-dorezon-sot-pagesen\\\/\"},\"wordCount\":541,\"commentCount\":0,\"publisher\":{\"@id\":\"https:\\\/\\\/fjala.info\\\/2009-2015\\\/#organization\"},\"image\":{\"@id\":\"https:\\\/\\\/fjala.info\\\/2009-2015\\\/pazari-i-fotos-berisha-cameron-qeveria-dorezon-sot-pagesen\\\/#primaryimage\"},\"thumbnailUrl\":\"http:\\\/\\\/www.fjala.info\\\/2012\\\/mal_berisha.jpg\",\"articleSection\":[\"Artikuj\"],\"inLanguage\":\"sq-AL\",\"potentialAction\":[{\"@type\":\"CommentAction\",\"name\":\"Comment\",\"target\":[\"https:\\\/\\\/fjala.info\\\/2009-2015\\\/pazari-i-fotos-berisha-cameron-qeveria-dorezon-sot-pagesen\\\/#respond\"]}]},{\"@type\":\"WebPage\",\"@id\":\"https:\\\/\\\/fjala.info\\\/2009-2015\\\/pazari-i-fotos-berisha-cameron-qeveria-dorezon-sot-pagesen\\\/\",\"url\":\"https:\\\/\\\/fjala.info\\\/2009-2015\\\/pazari-i-fotos-berisha-cameron-qeveria-dorezon-sot-pagesen\\\/\",\"name\":\"Pazari i fotos Berisha - Cameron qeveria dor\u00ebzon sot pages\u00ebn - FjALA e LIR\u00cb - Arkivi\",\"isPartOf\":{\"@id\":\"https:\\\/\\\/fjala.info\\\/2009-2015\\\/#website\"},\"primaryImageOfPage\":{\"@id\":\"https:\\\/\\\/fjala.info\\\/2009-2015\\\/pazari-i-fotos-berisha-cameron-qeveria-dorezon-sot-pagesen\\\/#primaryimage\"},\"image\":{\"@id\":\"https:\\\/\\\/fjala.info\\\/2009-2015\\\/pazari-i-fotos-berisha-cameron-qeveria-dorezon-sot-pagesen\\\/#primaryimage\"},\"thumbnailUrl\":\"http:\\\/\\\/www.fjala.info\\\/2012\\\/mal_berisha.jpg\",\"datePublished\":\"2012-07-30T21:05:23+00:00\",\"breadcrumb\":{\"@id\":\"https:\\\/\\\/fjala.info\\\/2009-2015\\\/pazari-i-fotos-berisha-cameron-qeveria-dorezon-sot-pagesen\\\/#breadcrumb\"},\"inLanguage\":\"sq-AL\",\"potentialAction\":[{\"@type\":\"ReadAction\",\"target\":[\"https:\\\/\\\/fjala.info\\\/2009-2015\\\/pazari-i-fotos-berisha-cameron-qeveria-dorezon-sot-pagesen\\\/\"]}]},{\"@type\":\"ImageObject\",\"inLanguage\":\"sq-AL\",\"@id\":\"https:\\\/\\\/fjala.info\\\/2009-2015\\\/pazari-i-fotos-berisha-cameron-qeveria-dorezon-sot-pagesen\\\/#primaryimage\",\"url\":\"http:\\\/\\\/www.fjala.info\\\/2012\\\/mal_berisha.jpg\",\"contentUrl\":\"http:\\\/\\\/www.fjala.info\\\/2012\\\/mal_berisha.jpg\"},{\"@type\":\"BreadcrumbList\",\"@id\":\"https:\\\/\\\/fjala.info\\\/2009-2015\\\/pazari-i-fotos-berisha-cameron-qeveria-dorezon-sot-pagesen\\\/#breadcrumb\",\"itemListElement\":[{\"@type\":\"ListItem\",\"position\":1,\"name\":\"Home\",\"item\":\"https:\\\/\\\/fjala.info\\\/2009-2015\\\/\"},{\"@type\":\"ListItem\",\"position\":2,\"name\":\"Pazari i fotos Berisha &#8211; Cameron qeveria dor\u00ebzon sot pages\u00ebn\"}]},{\"@type\":\"WebSite\",\"@id\":\"https:\\\/\\\/fjala.info\\\/2009-2015\\\/#website\",\"url\":\"https:\\\/\\\/fjala.info\\\/2009-2015\\\/\",\"name\":\"FjALA e LIR\u00cb - Arkivi\",\"description\":\"Arkivi 2009-2015\",\"publisher\":{\"@id\":\"https:\\\/\\\/fjala.info\\\/2009-2015\\\/#organization\"},\"potentialAction\":[{\"@type\":\"SearchAction\",\"target\":{\"@type\":\"EntryPoint\",\"urlTemplate\":\"https:\\\/\\\/fjala.info\\\/2009-2015\\\/?s={search_term_string}\"},\"query-input\":{\"@type\":\"PropertyValueSpecification\",\"valueRequired\":true,\"valueName\":\"search_term_string\"}}],\"inLanguage\":\"sq-AL\"},{\"@type\":\"Organization\",\"@id\":\"https:\\\/\\\/fjala.info\\\/2009-2015\\\/#organization\",\"name\":\"FjALA e LIR\u00cb - Arkivi\",\"url\":\"https:\\\/\\\/fjala.info\\\/2009-2015\\\/\",\"logo\":{\"@type\":\"ImageObject\",\"inLanguage\":\"sq-AL\",\"@id\":\"https:\\\/\\\/fjala.info\\\/2009-2015\\\/#\\\/schema\\\/logo\\\/image\\\/\",\"url\":\"\",\"contentUrl\":\"\",\"caption\":\"FjALA e LIR\u00cb - Arkivi\"},\"image\":{\"@id\":\"https:\\\/\\\/fjala.info\\\/2009-2015\\\/#\\\/schema\\\/logo\\\/image\\\/\"}},{\"@type\":\"Person\",\"@id\":\"https:\\\/\\\/fjala.info\\\/2009-2015\\\/#\\\/schema\\\/person\\\/3aa1163ef05469c496fc94e77611ada2\",\"name\":\"admin\",\"image\":{\"@type\":\"ImageObject\",\"inLanguage\":\"sq-AL\",\"@id\":\"https:\\\/\\\/fjala.info\\\/2009-2015\\\/wp-content\\\/uploads\\\/2012\\\/02\\\/arben_cokaj-120x150.jpg\",\"url\":\"https:\\\/\\\/fjala.info\\\/2009-2015\\\/wp-content\\\/uploads\\\/2012\\\/02\\\/arben_cokaj-120x150.jpg\",\"contentUrl\":\"https:\\\/\\\/fjala.info\\\/2009-2015\\\/wp-content\\\/uploads\\\/2012\\\/02\\\/arben_cokaj-120x150.jpg\",\"caption\":\"admin\"},\"description\":\"Admin, Fjala e Lir\u00eb\",\"sameAs\":[\"https:\\\/\\\/fjala.info\\\/\"],\"url\":\"https:\\\/\\\/fjala.info\\\/2009-2015\\\/author\\\/admin\\\/\"}]}<\/script>\n<!-- \/ Yoast SEO plugin. -->","yoast_head_json":{"title":"Pazari i fotos Berisha - Cameron qeveria dor\u00ebzon sot pages\u00ebn - FjALA e LIR\u00cb - Arkivi","robots":{"index":"index","follow":"follow","max-snippet":"max-snippet:-1","max-image-preview":"max-image-preview:large","max-video-preview":"max-video-preview:-1"},"canonical":"https:\/\/fjala.info\/2009-2015\/pazari-i-fotos-berisha-cameron-qeveria-dorezon-sot-pagesen\/","og_locale":"sq_AL","og_type":"article","og_title":"Pazari i fotos Berisha - Cameron qeveria dor\u00ebzon sot pages\u00ebn - FjALA e LIR\u00cb - Arkivi","og_description":"Negociatori Mal Berisha TIRANE &#8211; \u00cbsht\u00eb parashikuar t\u00eb b\u00ebhet sot pagesa n\u00eb k\u00ebmbim t\u00eb fiksimit n\u00eb foto t\u00eb momentit t\u00eb takimit mes kryeministrit t\u00eb Shqip\u00ebris\u00eb Sali Berisha dhe kryeministrit britanik David Cameron. Shkrepja u b\u00eb mesdit\u00ebn e 27 korrikut, nd\u00ebrsa kryeministri ishte i ftuar n\u00eb Pallatin Mbret\u00ebror p\u00ebr tu takuar me mbret\u00ebresh\u00ebn Elisabet. Nga shk\u00ebmbimi [&hellip;]","og_url":"https:\/\/fjala.info\/2009-2015\/pazari-i-fotos-berisha-cameron-qeveria-dorezon-sot-pagesen\/","og_site_name":"FjALA e LIR\u00cb - Arkivi","article_published_time":"2012-07-30T21:05:23+00:00","og_image":[{"url":"http:\/\/www.fjala.info\/2012\/mal_berisha.jpg","type":"","width":"","height":""}],"author":"admin","twitter_card":"summary_large_image","twitter_misc":{"Written by":"admin","Est. reading time":"3 minutes"},"schema":{"@context":"https:\/\/schema.org","@graph":[{"@type":"Article","@id":"https:\/\/fjala.info\/2009-2015\/pazari-i-fotos-berisha-cameron-qeveria-dorezon-sot-pagesen\/#article","isPartOf":{"@id":"https:\/\/fjala.info\/2009-2015\/pazari-i-fotos-berisha-cameron-qeveria-dorezon-sot-pagesen\/"},"author":{"name":"admin","@id":"https:\/\/fjala.info\/2009-2015\/#\/schema\/person\/3aa1163ef05469c496fc94e77611ada2"},"headline":"Pazari i fotos Berisha &#8211; Cameron qeveria dor\u00ebzon sot pages\u00ebn","datePublished":"2012-07-30T21:05:23+00:00","mainEntityOfPage":{"@id":"https:\/\/fjala.info\/2009-2015\/pazari-i-fotos-berisha-cameron-qeveria-dorezon-sot-pagesen\/"},"wordCount":541,"commentCount":0,"publisher":{"@id":"https:\/\/fjala.info\/2009-2015\/#organization"},"image":{"@id":"https:\/\/fjala.info\/2009-2015\/pazari-i-fotos-berisha-cameron-qeveria-dorezon-sot-pagesen\/#primaryimage"},"thumbnailUrl":"http:\/\/www.fjala.info\/2012\/mal_berisha.jpg","articleSection":["Artikuj"],"inLanguage":"sq-AL","potentialAction":[{"@type":"CommentAction","name":"Comment","target":["https:\/\/fjala.info\/2009-2015\/pazari-i-fotos-berisha-cameron-qeveria-dorezon-sot-pagesen\/#respond"]}]},{"@type":"WebPage","@id":"https:\/\/fjala.info\/2009-2015\/pazari-i-fotos-berisha-cameron-qeveria-dorezon-sot-pagesen\/","url":"https:\/\/fjala.info\/2009-2015\/pazari-i-fotos-berisha-cameron-qeveria-dorezon-sot-pagesen\/","name":"Pazari i fotos Berisha - Cameron qeveria dor\u00ebzon sot pages\u00ebn - FjALA e LIR\u00cb - Arkivi","isPartOf":{"@id":"https:\/\/fjala.info\/2009-2015\/#website"},"primaryImageOfPage":{"@id":"https:\/\/fjala.info\/2009-2015\/pazari-i-fotos-berisha-cameron-qeveria-dorezon-sot-pagesen\/#primaryimage"},"image":{"@id":"https:\/\/fjala.info\/2009-2015\/pazari-i-fotos-berisha-cameron-qeveria-dorezon-sot-pagesen\/#primaryimage"},"thumbnailUrl":"http:\/\/www.fjala.info\/2012\/mal_berisha.jpg","datePublished":"2012-07-30T21:05:23+00:00","breadcrumb":{"@id":"https:\/\/fjala.info\/2009-2015\/pazari-i-fotos-berisha-cameron-qeveria-dorezon-sot-pagesen\/#breadcrumb"},"inLanguage":"sq-AL","potentialAction":[{"@type":"ReadAction","target":["https:\/\/fjala.info\/2009-2015\/pazari-i-fotos-berisha-cameron-qeveria-dorezon-sot-pagesen\/"]}]},{"@type":"ImageObject","inLanguage":"sq-AL","@id":"https:\/\/fjala.info\/2009-2015\/pazari-i-fotos-berisha-cameron-qeveria-dorezon-sot-pagesen\/#primaryimage","url":"http:\/\/www.fjala.info\/2012\/mal_berisha.jpg","contentUrl":"http:\/\/www.fjala.info\/2012\/mal_berisha.jpg"},{"@type":"BreadcrumbList","@id":"https:\/\/fjala.info\/2009-2015\/pazari-i-fotos-berisha-cameron-qeveria-dorezon-sot-pagesen\/#breadcrumb","itemListElement":[{"@type":"ListItem","position":1,"name":"Home","item":"https:\/\/fjala.info\/2009-2015\/"},{"@type":"ListItem","position":2,"name":"Pazari i fotos Berisha &#8211; Cameron qeveria dor\u00ebzon sot pages\u00ebn"}]},{"@type":"WebSite","@id":"https:\/\/fjala.info\/2009-2015\/#website","url":"https:\/\/fjala.info\/2009-2015\/","name":"FjALA e LIR\u00cb - Arkivi","description":"Arkivi 2009-2015","publisher":{"@id":"https:\/\/fjala.info\/2009-2015\/#organization"},"potentialAction":[{"@type":"SearchAction","target":{"@type":"EntryPoint","urlTemplate":"https:\/\/fjala.info\/2009-2015\/?s={search_term_string}"},"query-input":{"@type":"PropertyValueSpecification","valueRequired":true,"valueName":"search_term_string"}}],"inLanguage":"sq-AL"},{"@type":"Organization","@id":"https:\/\/fjala.info\/2009-2015\/#organization","name":"FjALA e LIR\u00cb - Arkivi","url":"https:\/\/fjala.info\/2009-2015\/","logo":{"@type":"ImageObject","inLanguage":"sq-AL","@id":"https:\/\/fjala.info\/2009-2015\/#\/schema\/logo\/image\/","url":"","contentUrl":"","caption":"FjALA e LIR\u00cb - Arkivi"},"image":{"@id":"https:\/\/fjala.info\/2009-2015\/#\/schema\/logo\/image\/"}},{"@type":"Person","@id":"https:\/\/fjala.info\/2009-2015\/#\/schema\/person\/3aa1163ef05469c496fc94e77611ada2","name":"admin","image":{"@type":"ImageObject","inLanguage":"sq-AL","@id":"https:\/\/fjala.info\/2009-2015\/wp-content\/uploads\/2012\/02\/arben_cokaj-120x150.jpg","url":"https:\/\/fjala.info\/2009-2015\/wp-content\/uploads\/2012\/02\/arben_cokaj-120x150.jpg","contentUrl":"https:\/\/fjala.info\/2009-2015\/wp-content\/uploads\/2012\/02\/arben_cokaj-120x150.jpg","caption":"admin"},"description":"Admin, Fjala e Lir\u00eb","sameAs":["https:\/\/fjala.info\/"],"url":"https:\/\/fjala.info\/2009-2015\/author\/admin\/"}]}},"_links":{"self":[{"href":"https:\/\/fjala.info\/2009-2015\/wp-json\/wp\/v2\/posts\/4101","targetHints":{"allow":["GET"]}}],"collection":[{"href":"https:\/\/fjala.info\/2009-2015\/wp-json\/wp\/v2\/posts"}],"about":[{"href":"https:\/\/fjala.info\/2009-2015\/wp-json\/wp\/v2\/types\/post"}],"author":[{"embeddable":true,"href":"https:\/\/fjala.info\/2009-2015\/wp-json\/wp\/v2\/users\/1"}],"replies":[{"embeddable":true,"href":"https:\/\/fjala.info\/2009-2015\/wp-json\/wp\/v2\/comments?post=4101"}],"version-history":[{"count":0,"href":"https:\/\/fjala.info\/2009-2015\/wp-json\/wp\/v2\/posts\/4101\/revisions"}],"wp:attachment":[{"href":"https:\/\/fjala.info\/2009-2015\/wp-json\/wp\/v2\/media?parent=4101"}],"wp:term":[{"taxonomy":"category","embeddable":true,"href":"https:\/\/fjala.info\/2009-2015\/wp-json\/wp\/v2\/categories?post=4101"},{"taxonomy":"post_tag","embeddable":true,"href":"https:\/\/fjala.info\/2009-2015\/wp-json\/wp\/v2\/tags?post=4101"}],"curies":[{"name":"wp","href":"https:\/\/api.w.org\/{rel}","templated":true}]}}