{"id":4095,"date":"2012-07-28T14:40:20","date_gmt":"2012-07-28T13:40:20","guid":{"rendered":"http:\/\/www.fjala.info\/?p=4095"},"modified":"2012-07-28T14:40:20","modified_gmt":"2012-07-28T13:40:20","slug":"ak-refuzon-koalicionin-me-ps-rama-edhe-4-vjet-ne-opozite","status":"publish","type":"post","link":"https:\/\/fjala.info\/2009-2015\/ak-refuzon-koalicionin-me-ps-rama-edhe-4-vjet-ne-opozite\/","title":{"rendered":"AK refuzon koalicionin me PS: Rama edhe 4 vjet n\u00eb opozit\u00eb"},"content":{"rendered":"<p><img decoding=\"async\" class=\"alignright size-thumbnail wp-image-7236\" title=\"AK takim\" src=\"http:\/\/www.fjala.info\/2012\/ak_takim.jpg\" alt=\"\" width=\"300\" \/> <em>Rama dje: Jemi t\u00eb hapur p\u00ebr AK dhe FRD <\/em><\/p>\n<p>TIRANE &#8211; Kryetari i Aleanc\u00ebs KuqeZi reagoi nga Kor\u00e7a n\u00eb lidhje me deklarat\u00ebn e Kryetarit t\u00eb Partis\u00eb Socialiste Edi Rama p\u00ebr mund\u00ebsin\u00eb e bashk\u00ebpunimit dhe p\u00ebrfshirjes n\u00eb t\u00eb nj\u00ebjtin koalicion t\u00eb AK me FRD dhe PS. Kreshnik Spahiu tha se \u201cdeklarata e Edi Ram\u00ebs \u00ebsht\u00eb b\u00ebr\u00eb n\u00eb kushtet e drith\u00ebrimave q\u00eb kan\u00eb kapur socialist\u00ebt dhe demokrat\u00ebt nga mb\u00ebshtetja popullore q\u00eb po fiton \u00e7do dit\u00eb Aleanca KuqeZi\u201d.<\/p>\n<p>\u201cNe refuzojm\u00eb \u00e7do lloj koalicioni t\u00eb mundsh\u00ebm dhe nuk pranojm\u00eb n\u00eb gjirin ton\u00eb as PD dhe as PS &#8211; shtoi ai &#8211; Rama dhe Berisha n\u00eb panik, kan\u00eb formalizuar modelin politik grek si PASOK dhe Demokracia e Re, duke i hapur dyert njeri-tjetrit p\u00ebr nj\u00eb koalicion n\u00eb zgjedhjet e ardhshme. Aleanca KuqeZi do t\u00eb jet\u00eb lokomotiva nacionaliste e koalicionit t\u00eb l\u00ebvizjeve patriotike n\u00eb zgjedhjet e ardhshme\u201d.<\/p>\n<p>M\u00eb tej Kreshnik Spahiu deklaroi se lufta politike dhe gara elektorale n\u00eb zgjedhjet e p\u00ebrgjithshme politike t\u00eb vitit 2013 do t\u00eb sjellin rezultatin e fitores s\u00eb kuqezinjve duke nxjerr\u00eb Sali Berish\u00ebn n\u00eb pension dhe duke l\u00ebn\u00eb n\u00eb opozit\u00eb Edi Ram\u00ebn p\u00ebr kat\u00ebr vite t\u00eb tjera.<\/p>\n<p>I pari nga selia roz\u00eb q\u00eb propozoi nj\u00eb bashk\u00ebpunim edhe me AK-n\u00eb dhe FRD-n\u00eb, p\u00ebr t\u00eb bashkuar opozit\u00ebn kund\u00ebr Kryeministrit Berisha, ishte deputeti Pandeli Majko. Nd\u00ebrsa dje, gjat\u00eb nj\u00eb interviste n\u00eb Vizion+, kryesocialisti Edi Rama, i pyetur n\u00eb k\u00ebt\u00eb drejtim, theksoi se ai q\u00ebndronte i hapur p\u00ebr \u00e7do bashk\u00ebpunim q\u00eb do t\u00eb kishte si bosht kryesor programin elektoral t\u00eb PS.<\/p>\n<p>(<em>im\/shqiptarja.com<\/em>)<\/p>\n","protected":false},"excerpt":{"rendered":"<p>Rama dje: Jemi t\u00eb hapur p\u00ebr AK dhe FRD TIRANE &#8211; Kryetari i Aleanc\u00ebs KuqeZi reagoi nga Kor\u00e7a n\u00eb lidhje me deklarat\u00ebn e Kryetarit t\u00eb Partis\u00eb Socialiste Edi Rama p\u00ebr mund\u00ebsin\u00eb e bashk\u00ebpunimit dhe p\u00ebrfshirjes n\u00eb t\u00eb nj\u00ebjtin koalicion t\u00eb AK me FRD dhe PS. Kreshnik Spahiu tha se \u201cdeklarata e Edi Ram\u00ebs \u00ebsht\u00eb b\u00ebr\u00eb [&hellip;]<\/p>\n","protected":false},"author":1,"featured_media":0,"comment_status":"open","ping_status":"closed","sticky":false,"template":"","format":"standard","meta":{"footnotes":""},"categories":[2],"tags":[],"class_list":{"0":"post-4095","1":"post","2":"type-post","3":"status-publish","4":"format-standard","6":"category-artikuj"},"yoast_head":"<!-- This site is optimized with the Yoast SEO plugin v27.4 - https:\/\/yoast.com\/product\/yoast-seo-wordpress\/ -->\n<title>AK refuzon koalicionin me PS: Rama edhe 4 vjet n\u00eb opozit\u00eb - FjALA e LIR\u00cb - Arkivi<\/title>\n<meta name=\"robots\" content=\"index, follow, max-snippet:-1, max-image-preview:large, max-video-preview:-1\" \/>\n<link rel=\"canonical\" href=\"https:\/\/fjala.info\/2009-2015\/ak-refuzon-koalicionin-me-ps-rama-edhe-4-vjet-ne-opozite\/\" \/>\n<meta property=\"og:locale\" content=\"sq_AL\" \/>\n<meta property=\"og:type\" content=\"article\" \/>\n<meta property=\"og:title\" content=\"AK refuzon koalicionin me PS: Rama edhe 4 vjet n\u00eb opozit\u00eb - FjALA e LIR\u00cb - Arkivi\" \/>\n<meta property=\"og:description\" content=\"Rama dje: Jemi t\u00eb hapur p\u00ebr AK dhe FRD TIRANE &#8211; Kryetari i Aleanc\u00ebs KuqeZi reagoi nga Kor\u00e7a n\u00eb lidhje me deklarat\u00ebn e Kryetarit t\u00eb Partis\u00eb Socialiste Edi Rama p\u00ebr mund\u00ebsin\u00eb e bashk\u00ebpunimit dhe p\u00ebrfshirjes n\u00eb t\u00eb nj\u00ebjtin koalicion t\u00eb AK me FRD dhe PS. Kreshnik Spahiu tha se \u201cdeklarata e Edi Ram\u00ebs \u00ebsht\u00eb b\u00ebr\u00eb [&hellip;]\" \/>\n<meta property=\"og:url\" content=\"https:\/\/fjala.info\/2009-2015\/ak-refuzon-koalicionin-me-ps-rama-edhe-4-vjet-ne-opozite\/\" \/>\n<meta property=\"og:site_name\" content=\"FjALA e LIR\u00cb - Arkivi\" \/>\n<meta property=\"article:published_time\" content=\"2012-07-28T13:40:20+00:00\" \/>\n<meta property=\"og:image\" content=\"http:\/\/www.fjala.info\/2012\/ak_takim.jpg\" \/>\n<meta name=\"author\" content=\"admin\" \/>\n<meta name=\"twitter:card\" content=\"summary_large_image\" \/>\n<meta name=\"twitter:label1\" content=\"Written by\" \/>\n\t<meta name=\"twitter:data1\" content=\"admin\" \/>\n\t<meta name=\"twitter:label2\" content=\"Est. reading time\" \/>\n\t<meta name=\"twitter:data2\" content=\"1 minute\" \/>\n<script type=\"application\/ld+json\" class=\"yoast-schema-graph\">{\"@context\":\"https:\\\/\\\/schema.org\",\"@graph\":[{\"@type\":\"Article\",\"@id\":\"https:\\\/\\\/fjala.info\\\/2009-2015\\\/ak-refuzon-koalicionin-me-ps-rama-edhe-4-vjet-ne-opozite\\\/#article\",\"isPartOf\":{\"@id\":\"https:\\\/\\\/fjala.info\\\/2009-2015\\\/ak-refuzon-koalicionin-me-ps-rama-edhe-4-vjet-ne-opozite\\\/\"},\"author\":{\"name\":\"admin\",\"@id\":\"https:\\\/\\\/fjala.info\\\/2009-2015\\\/#\\\/schema\\\/person\\\/3aa1163ef05469c496fc94e77611ada2\"},\"headline\":\"AK refuzon koalicionin me PS: Rama edhe 4 vjet n\u00eb opozit\u00eb\",\"datePublished\":\"2012-07-28T13:40:20+00:00\",\"mainEntityOfPage\":{\"@id\":\"https:\\\/\\\/fjala.info\\\/2009-2015\\\/ak-refuzon-koalicionin-me-ps-rama-edhe-4-vjet-ne-opozite\\\/\"},\"wordCount\":291,\"commentCount\":0,\"publisher\":{\"@id\":\"https:\\\/\\\/fjala.info\\\/2009-2015\\\/#organization\"},\"image\":{\"@id\":\"https:\\\/\\\/fjala.info\\\/2009-2015\\\/ak-refuzon-koalicionin-me-ps-rama-edhe-4-vjet-ne-opozite\\\/#primaryimage\"},\"thumbnailUrl\":\"http:\\\/\\\/www.fjala.info\\\/2012\\\/ak_takim.jpg\",\"articleSection\":[\"Artikuj\"],\"inLanguage\":\"sq-AL\",\"potentialAction\":[{\"@type\":\"CommentAction\",\"name\":\"Comment\",\"target\":[\"https:\\\/\\\/fjala.info\\\/2009-2015\\\/ak-refuzon-koalicionin-me-ps-rama-edhe-4-vjet-ne-opozite\\\/#respond\"]}]},{\"@type\":\"WebPage\",\"@id\":\"https:\\\/\\\/fjala.info\\\/2009-2015\\\/ak-refuzon-koalicionin-me-ps-rama-edhe-4-vjet-ne-opozite\\\/\",\"url\":\"https:\\\/\\\/fjala.info\\\/2009-2015\\\/ak-refuzon-koalicionin-me-ps-rama-edhe-4-vjet-ne-opozite\\\/\",\"name\":\"AK refuzon koalicionin me PS: Rama edhe 4 vjet n\u00eb opozit\u00eb - FjALA e LIR\u00cb - Arkivi\",\"isPartOf\":{\"@id\":\"https:\\\/\\\/fjala.info\\\/2009-2015\\\/#website\"},\"primaryImageOfPage\":{\"@id\":\"https:\\\/\\\/fjala.info\\\/2009-2015\\\/ak-refuzon-koalicionin-me-ps-rama-edhe-4-vjet-ne-opozite\\\/#primaryimage\"},\"image\":{\"@id\":\"https:\\\/\\\/fjala.info\\\/2009-2015\\\/ak-refuzon-koalicionin-me-ps-rama-edhe-4-vjet-ne-opozite\\\/#primaryimage\"},\"thumbnailUrl\":\"http:\\\/\\\/www.fjala.info\\\/2012\\\/ak_takim.jpg\",\"datePublished\":\"2012-07-28T13:40:20+00:00\",\"breadcrumb\":{\"@id\":\"https:\\\/\\\/fjala.info\\\/2009-2015\\\/ak-refuzon-koalicionin-me-ps-rama-edhe-4-vjet-ne-opozite\\\/#breadcrumb\"},\"inLanguage\":\"sq-AL\",\"potentialAction\":[{\"@type\":\"ReadAction\",\"target\":[\"https:\\\/\\\/fjala.info\\\/2009-2015\\\/ak-refuzon-koalicionin-me-ps-rama-edhe-4-vjet-ne-opozite\\\/\"]}]},{\"@type\":\"ImageObject\",\"inLanguage\":\"sq-AL\",\"@id\":\"https:\\\/\\\/fjala.info\\\/2009-2015\\\/ak-refuzon-koalicionin-me-ps-rama-edhe-4-vjet-ne-opozite\\\/#primaryimage\",\"url\":\"http:\\\/\\\/www.fjala.info\\\/2012\\\/ak_takim.jpg\",\"contentUrl\":\"http:\\\/\\\/www.fjala.info\\\/2012\\\/ak_takim.jpg\"},{\"@type\":\"BreadcrumbList\",\"@id\":\"https:\\\/\\\/fjala.info\\\/2009-2015\\\/ak-refuzon-koalicionin-me-ps-rama-edhe-4-vjet-ne-opozite\\\/#breadcrumb\",\"itemListElement\":[{\"@type\":\"ListItem\",\"position\":1,\"name\":\"Home\",\"item\":\"https:\\\/\\\/fjala.info\\\/2009-2015\\\/\"},{\"@type\":\"ListItem\",\"position\":2,\"name\":\"AK refuzon koalicionin me PS: Rama edhe 4 vjet n\u00eb opozit\u00eb\"}]},{\"@type\":\"WebSite\",\"@id\":\"https:\\\/\\\/fjala.info\\\/2009-2015\\\/#website\",\"url\":\"https:\\\/\\\/fjala.info\\\/2009-2015\\\/\",\"name\":\"FjALA e LIR\u00cb - Arkivi\",\"description\":\"Arkivi 2009-2015\",\"publisher\":{\"@id\":\"https:\\\/\\\/fjala.info\\\/2009-2015\\\/#organization\"},\"potentialAction\":[{\"@type\":\"SearchAction\",\"target\":{\"@type\":\"EntryPoint\",\"urlTemplate\":\"https:\\\/\\\/fjala.info\\\/2009-2015\\\/?s={search_term_string}\"},\"query-input\":{\"@type\":\"PropertyValueSpecification\",\"valueRequired\":true,\"valueName\":\"search_term_string\"}}],\"inLanguage\":\"sq-AL\"},{\"@type\":\"Organization\",\"@id\":\"https:\\\/\\\/fjala.info\\\/2009-2015\\\/#organization\",\"name\":\"FjALA e LIR\u00cb - Arkivi\",\"url\":\"https:\\\/\\\/fjala.info\\\/2009-2015\\\/\",\"logo\":{\"@type\":\"ImageObject\",\"inLanguage\":\"sq-AL\",\"@id\":\"https:\\\/\\\/fjala.info\\\/2009-2015\\\/#\\\/schema\\\/logo\\\/image\\\/\",\"url\":\"\",\"contentUrl\":\"\",\"caption\":\"FjALA e LIR\u00cb - Arkivi\"},\"image\":{\"@id\":\"https:\\\/\\\/fjala.info\\\/2009-2015\\\/#\\\/schema\\\/logo\\\/image\\\/\"}},{\"@type\":\"Person\",\"@id\":\"https:\\\/\\\/fjala.info\\\/2009-2015\\\/#\\\/schema\\\/person\\\/3aa1163ef05469c496fc94e77611ada2\",\"name\":\"admin\",\"image\":{\"@type\":\"ImageObject\",\"inLanguage\":\"sq-AL\",\"@id\":\"https:\\\/\\\/fjala.info\\\/2009-2015\\\/wp-content\\\/uploads\\\/2012\\\/02\\\/arben_cokaj-120x150.jpg\",\"url\":\"https:\\\/\\\/fjala.info\\\/2009-2015\\\/wp-content\\\/uploads\\\/2012\\\/02\\\/arben_cokaj-120x150.jpg\",\"contentUrl\":\"https:\\\/\\\/fjala.info\\\/2009-2015\\\/wp-content\\\/uploads\\\/2012\\\/02\\\/arben_cokaj-120x150.jpg\",\"caption\":\"admin\"},\"description\":\"Admin, Fjala e Lir\u00eb\",\"sameAs\":[\"https:\\\/\\\/fjala.info\\\/\"],\"url\":\"https:\\\/\\\/fjala.info\\\/2009-2015\\\/author\\\/admin\\\/\"}]}<\/script>\n<!-- \/ Yoast SEO plugin. -->","yoast_head_json":{"title":"AK refuzon koalicionin me PS: Rama edhe 4 vjet n\u00eb opozit\u00eb - FjALA e LIR\u00cb - Arkivi","robots":{"index":"index","follow":"follow","max-snippet":"max-snippet:-1","max-image-preview":"max-image-preview:large","max-video-preview":"max-video-preview:-1"},"canonical":"https:\/\/fjala.info\/2009-2015\/ak-refuzon-koalicionin-me-ps-rama-edhe-4-vjet-ne-opozite\/","og_locale":"sq_AL","og_type":"article","og_title":"AK refuzon koalicionin me PS: Rama edhe 4 vjet n\u00eb opozit\u00eb - FjALA e LIR\u00cb - Arkivi","og_description":"Rama dje: Jemi t\u00eb hapur p\u00ebr AK dhe FRD TIRANE &#8211; Kryetari i Aleanc\u00ebs KuqeZi reagoi nga Kor\u00e7a n\u00eb lidhje me deklarat\u00ebn e Kryetarit t\u00eb Partis\u00eb Socialiste Edi Rama p\u00ebr mund\u00ebsin\u00eb e bashk\u00ebpunimit dhe p\u00ebrfshirjes n\u00eb t\u00eb nj\u00ebjtin koalicion t\u00eb AK me FRD dhe PS. Kreshnik Spahiu tha se \u201cdeklarata e Edi Ram\u00ebs \u00ebsht\u00eb b\u00ebr\u00eb [&hellip;]","og_url":"https:\/\/fjala.info\/2009-2015\/ak-refuzon-koalicionin-me-ps-rama-edhe-4-vjet-ne-opozite\/","og_site_name":"FjALA e LIR\u00cb - Arkivi","article_published_time":"2012-07-28T13:40:20+00:00","og_image":[{"url":"http:\/\/www.fjala.info\/2012\/ak_takim.jpg","type":"","width":"","height":""}],"author":"admin","twitter_card":"summary_large_image","twitter_misc":{"Written by":"admin","Est. reading time":"1 minute"},"schema":{"@context":"https:\/\/schema.org","@graph":[{"@type":"Article","@id":"https:\/\/fjala.info\/2009-2015\/ak-refuzon-koalicionin-me-ps-rama-edhe-4-vjet-ne-opozite\/#article","isPartOf":{"@id":"https:\/\/fjala.info\/2009-2015\/ak-refuzon-koalicionin-me-ps-rama-edhe-4-vjet-ne-opozite\/"},"author":{"name":"admin","@id":"https:\/\/fjala.info\/2009-2015\/#\/schema\/person\/3aa1163ef05469c496fc94e77611ada2"},"headline":"AK refuzon koalicionin me PS: Rama edhe 4 vjet n\u00eb opozit\u00eb","datePublished":"2012-07-28T13:40:20+00:00","mainEntityOfPage":{"@id":"https:\/\/fjala.info\/2009-2015\/ak-refuzon-koalicionin-me-ps-rama-edhe-4-vjet-ne-opozite\/"},"wordCount":291,"commentCount":0,"publisher":{"@id":"https:\/\/fjala.info\/2009-2015\/#organization"},"image":{"@id":"https:\/\/fjala.info\/2009-2015\/ak-refuzon-koalicionin-me-ps-rama-edhe-4-vjet-ne-opozite\/#primaryimage"},"thumbnailUrl":"http:\/\/www.fjala.info\/2012\/ak_takim.jpg","articleSection":["Artikuj"],"inLanguage":"sq-AL","potentialAction":[{"@type":"CommentAction","name":"Comment","target":["https:\/\/fjala.info\/2009-2015\/ak-refuzon-koalicionin-me-ps-rama-edhe-4-vjet-ne-opozite\/#respond"]}]},{"@type":"WebPage","@id":"https:\/\/fjala.info\/2009-2015\/ak-refuzon-koalicionin-me-ps-rama-edhe-4-vjet-ne-opozite\/","url":"https:\/\/fjala.info\/2009-2015\/ak-refuzon-koalicionin-me-ps-rama-edhe-4-vjet-ne-opozite\/","name":"AK refuzon koalicionin me PS: Rama edhe 4 vjet n\u00eb opozit\u00eb - FjALA e LIR\u00cb - Arkivi","isPartOf":{"@id":"https:\/\/fjala.info\/2009-2015\/#website"},"primaryImageOfPage":{"@id":"https:\/\/fjala.info\/2009-2015\/ak-refuzon-koalicionin-me-ps-rama-edhe-4-vjet-ne-opozite\/#primaryimage"},"image":{"@id":"https:\/\/fjala.info\/2009-2015\/ak-refuzon-koalicionin-me-ps-rama-edhe-4-vjet-ne-opozite\/#primaryimage"},"thumbnailUrl":"http:\/\/www.fjala.info\/2012\/ak_takim.jpg","datePublished":"2012-07-28T13:40:20+00:00","breadcrumb":{"@id":"https:\/\/fjala.info\/2009-2015\/ak-refuzon-koalicionin-me-ps-rama-edhe-4-vjet-ne-opozite\/#breadcrumb"},"inLanguage":"sq-AL","potentialAction":[{"@type":"ReadAction","target":["https:\/\/fjala.info\/2009-2015\/ak-refuzon-koalicionin-me-ps-rama-edhe-4-vjet-ne-opozite\/"]}]},{"@type":"ImageObject","inLanguage":"sq-AL","@id":"https:\/\/fjala.info\/2009-2015\/ak-refuzon-koalicionin-me-ps-rama-edhe-4-vjet-ne-opozite\/#primaryimage","url":"http:\/\/www.fjala.info\/2012\/ak_takim.jpg","contentUrl":"http:\/\/www.fjala.info\/2012\/ak_takim.jpg"},{"@type":"BreadcrumbList","@id":"https:\/\/fjala.info\/2009-2015\/ak-refuzon-koalicionin-me-ps-rama-edhe-4-vjet-ne-opozite\/#breadcrumb","itemListElement":[{"@type":"ListItem","position":1,"name":"Home","item":"https:\/\/fjala.info\/2009-2015\/"},{"@type":"ListItem","position":2,"name":"AK refuzon koalicionin me PS: Rama edhe 4 vjet n\u00eb opozit\u00eb"}]},{"@type":"WebSite","@id":"https:\/\/fjala.info\/2009-2015\/#website","url":"https:\/\/fjala.info\/2009-2015\/","name":"FjALA e LIR\u00cb - Arkivi","description":"Arkivi 2009-2015","publisher":{"@id":"https:\/\/fjala.info\/2009-2015\/#organization"},"potentialAction":[{"@type":"SearchAction","target":{"@type":"EntryPoint","urlTemplate":"https:\/\/fjala.info\/2009-2015\/?s={search_term_string}"},"query-input":{"@type":"PropertyValueSpecification","valueRequired":true,"valueName":"search_term_string"}}],"inLanguage":"sq-AL"},{"@type":"Organization","@id":"https:\/\/fjala.info\/2009-2015\/#organization","name":"FjALA e LIR\u00cb - Arkivi","url":"https:\/\/fjala.info\/2009-2015\/","logo":{"@type":"ImageObject","inLanguage":"sq-AL","@id":"https:\/\/fjala.info\/2009-2015\/#\/schema\/logo\/image\/","url":"","contentUrl":"","caption":"FjALA e LIR\u00cb - Arkivi"},"image":{"@id":"https:\/\/fjala.info\/2009-2015\/#\/schema\/logo\/image\/"}},{"@type":"Person","@id":"https:\/\/fjala.info\/2009-2015\/#\/schema\/person\/3aa1163ef05469c496fc94e77611ada2","name":"admin","image":{"@type":"ImageObject","inLanguage":"sq-AL","@id":"https:\/\/fjala.info\/2009-2015\/wp-content\/uploads\/2012\/02\/arben_cokaj-120x150.jpg","url":"https:\/\/fjala.info\/2009-2015\/wp-content\/uploads\/2012\/02\/arben_cokaj-120x150.jpg","contentUrl":"https:\/\/fjala.info\/2009-2015\/wp-content\/uploads\/2012\/02\/arben_cokaj-120x150.jpg","caption":"admin"},"description":"Admin, Fjala e Lir\u00eb","sameAs":["https:\/\/fjala.info\/"],"url":"https:\/\/fjala.info\/2009-2015\/author\/admin\/"}]}},"_links":{"self":[{"href":"https:\/\/fjala.info\/2009-2015\/wp-json\/wp\/v2\/posts\/4095","targetHints":{"allow":["GET"]}}],"collection":[{"href":"https:\/\/fjala.info\/2009-2015\/wp-json\/wp\/v2\/posts"}],"about":[{"href":"https:\/\/fjala.info\/2009-2015\/wp-json\/wp\/v2\/types\/post"}],"author":[{"embeddable":true,"href":"https:\/\/fjala.info\/2009-2015\/wp-json\/wp\/v2\/users\/1"}],"replies":[{"embeddable":true,"href":"https:\/\/fjala.info\/2009-2015\/wp-json\/wp\/v2\/comments?post=4095"}],"version-history":[{"count":0,"href":"https:\/\/fjala.info\/2009-2015\/wp-json\/wp\/v2\/posts\/4095\/revisions"}],"wp:attachment":[{"href":"https:\/\/fjala.info\/2009-2015\/wp-json\/wp\/v2\/media?parent=4095"}],"wp:term":[{"taxonomy":"category","embeddable":true,"href":"https:\/\/fjala.info\/2009-2015\/wp-json\/wp\/v2\/categories?post=4095"},{"taxonomy":"post_tag","embeddable":true,"href":"https:\/\/fjala.info\/2009-2015\/wp-json\/wp\/v2\/tags?post=4095"}],"curies":[{"name":"wp","href":"https:\/\/api.w.org\/{rel}","templated":true}]}}