{"id":4091,"date":"2012-07-27T22:21:37","date_gmt":"2012-07-27T21:21:37","guid":{"rendered":"http:\/\/www.fjala.info\/?p=4091"},"modified":"2012-07-27T22:21:37","modified_gmt":"2012-07-27T21:21:37","slug":"aleancat-politike-dhe-aleancat-taktike-kunder-regjimit","status":"publish","type":"post","link":"https:\/\/fjala.info\/2009-2015\/aleancat-politike-dhe-aleancat-taktike-kunder-regjimit\/","title":{"rendered":"Aleancat politike dhe aleancat taktike kund\u00ebr regjimit"},"content":{"rendered":"<p><img decoding=\"async\" class=\"alignright size-thumbnail wp-image-7236\" title=\"Mero Baze\" src=\"http:\/\/www.fjala.info\/2012\/mero_baze.jpg\" alt=\"\" width=\"150\" \/> Nga <strong>Mero Baze<\/strong>, <em>27 Korrik 2012 <\/em><\/p>\n<p>Udh\u00ebheq\u00ebsi politik i Partis\u00eb Fryma e Re Demokratike, Bamir Topi, i dha nj\u00eb fizionomi t\u00eb qart\u00eb opozitare partis\u00eb s\u00eb krijuar n\u00ebn ndikimin e tij, pas deklarat\u00ebs s\u00eb qart\u00eb n\u00eb Top Story se ai dhe partia e tij do t\u00eb angazhohen p\u00ebr rotacion politik n\u00eb Shqip\u00ebri. Kjo deklarat\u00eb e qart\u00eb pa ekuivoke e rreshton FRD n\u00eb kampin opozitar, n\u00eb aleanc\u00eb me gjith\u00eb partit\u00eb dhe gjith\u00eb faktor\u00ebt opozitar\u00eb n\u00eb Shqip\u00ebri, q\u00eb k\u00ebrkojn\u00eb ndryshimin e pushtetit. Ky zhvillim i r\u00ebnd\u00ebsish\u00ebm politik i jep dhe nj\u00eb hap\u00ebsir\u00eb t\u00eb re veprimi partis\u00eb s\u00eb tij, pasi p\u00ebrve\u00e7 orientimit politik, duhet t\u00eb llogaris\u00eb dhe taktikat p\u00ebr maksimalizimin e votave.<\/p>\n<p>Kodi i ri elektoral i Shqip\u00ebris\u00eb imponon dy rreshtime t\u00eb m\u00ebdha taktike, rreshtimin pro pushtetit dhe rreshtimin kund\u00ebr tij. N\u00eb t\u00eb dy blloqet nuk ka dhe nuk mund t\u00eb ket\u00eb m\u00eb homogjenitet politik. Aleancat politike vlejn\u00eb p\u00ebr t\u00eb dominuar programin apo ndonj\u00eb identitet tjet\u00ebr t\u00eb par\u00ebnd\u00ebsish\u00ebm p\u00ebr shoq\u00ebrin\u00eb, kurse aleanca taktike \u00ebsht\u00eb dominuese n\u00eb k\u00ebto kushte. Berisha n\u00eb aleanc\u00ebn e regjimit t\u00eb tij ka brenda q\u00eb nga Hysni Milloshi i Partis\u00eb Komuniste, si i fundmi fraksion enverist n\u00eb vend, deri tek Ekrem Spahia i mbretit, q\u00eb \u00ebsht\u00eb fraksioni i fundit politik q\u00eb mbron mbret\u00ebrin\u00eb e rr\u00ebzuar nga Hoxha.<\/p>\n<p>Pra, vet\u00eb Berisha nuk ka asnj\u00eb kompleks politik p\u00ebr koalicionin. Ai \u00ebsht\u00eb parti e dyt\u00eb n\u00eb Shqip\u00ebri me tendenc\u00eb r\u00ebnie edhe m\u00eb t\u00eb madhe dhe gjith\u00eb shpresat e tij jan\u00eb tek mbledhja e votave nga nj\u00eb tren i gjat\u00eb me vagon\u00eb me lloj- lloj ngjyrash. Ai ka brenda enverist\u00eb, sigurimsa, ballist\u00eb, legalist\u00eb LSI-ist\u00eb, pra gjithk\u00ebnd q\u00eb i siguron atij mandatin e kryeministrit.<\/p>\n<p>Nga ana tjet\u00ebr po ky njeri nuk pranon brenda partis\u00eb s\u00eb tij dhe brenda koalicionit vet\u00ebm Bamir Topin. Arsyeja \u00ebsht\u00eb e qart\u00eb. Bamir Topi nuk \u00ebsht\u00eb komunist si enverist\u00ebt e Milloshit, as sigurims apo hajdut si njer\u00ebzit e LSI, q\u00eb t\u2019i prish\u00eb Berish\u00ebs imazhin. Berisha e mban larg Bamir Topin se ai i prodhon hijen e z\u00ebvend\u00ebsit n\u00eb pushtet, i krijon atij nj\u00eb pol t\u00eb ri pushteti brenda koalicionit si nj\u00eb figur\u00eb m\u00eb kredib\u00ebl se ai p\u00ebr kryeminist\u00ebr.<\/p>\n<p>Mes portretit t\u00eb lodhur t\u00eb Berish\u00ebs dhe fytyr\u00ebs s\u00eb r\u00ebnduar nga stimuluesit energjik\u00eb, mes marr\u00ebzive t\u00eb p\u00ebrditshme t\u00eb tij n\u00eb ekrane dhe imazhit skandaloz t\u00eb familjes s\u00eb tij n\u00eb pushtet, portreti i Bamir Topit do t\u00eb joshte shum\u00eb demokrat\u00eb t\u00eb mendoheshin para se t\u00eb njihnin Berish\u00ebn si kandidat p\u00ebr kryeminist\u00ebr. \u00cbsht\u00eb kjo arsyeja q\u00eb ai merr \u00e7dok\u00ebnd, \u00e7do parti apo individ n\u00eb koalicion, p\u00ebrve\u00e7 individit dhe partis\u00eb s\u00eb Bamir Topit. Lufta ndaj Topit nuk \u00ebsht\u00eb ideologjike, por qartazi nj\u00eb luft\u00eb p\u00ebr ta mbajtur larg pushtetit t\u00eb PD.<\/p>\n<p>P\u00ebr k\u00ebt\u00eb arsye, p\u00ebrcaktimi i Topit si faktor opozitar \u00ebsht\u00eb nj\u00eb zhvillim i r\u00ebnd\u00ebsish\u00ebm q\u00eb kap\u00ebrcen ng\u00ebr\u00e7in formal t\u00eb krijuar nga deklaratat e Oket\u00ebs se ai nuk do t\u00eb votonte kund\u00ebr qeveris\u00eb s\u00eb Berish\u00ebs deri m\u00eb 2013.<\/p>\n<p>Kjo deklarat\u00eb e rreshton Bamir Topin n\u00eb frontin opozitar bashk\u00eb me partit\u00eb aleat\u00eb t\u00eb Partis\u00eb Socialiste dhe Aleanc\u00ebs KuqeZi, e cila e ka deklaruar se prioriteti kryesor \u00ebsht\u00eb rr\u00ebzimi i regjimit. Kjo e leht\u00ebson shum\u00eb tashm\u00eb num\u00ebrimin e faktor\u00ebve opozitar\u00eb dhe qart\u00ebsin\u00eb e votuesve n\u00ebse do t\u00eb votonin p\u00ebr rotacion apo mbajtje t\u00eb Berish\u00ebs n\u00eb pushtet.<\/p>\n<p>Bamir Topi, Kreshnik Spahiu dhe faktor\u00eb t\u00eb tjer\u00eb opozitar\u00eb jan\u00eb tani pjes\u00eb e opozit\u00ebs shqiptare dhe kushdo q\u00eb voton p\u00ebr ta, voton p\u00ebr ikjen e regjimit t\u00eb Berish\u00ebs. N\u00eb k\u00ebto kushte deklarata e Edi Ram\u00ebs se \u00ebsht\u00eb i hapur p\u00ebr \u00e7do bashk\u00ebpunim taktik me ta, \u00ebsht\u00eb logjike dhe n\u00eb koh\u00ebn e duhur. Bamir Topi ka t\u00eb drejt\u00eb t\u2019u k\u00ebrkoj\u00eb votat shqiptar\u00ebve si ish president dhe figur\u00eb solide e s\u00eb djatht\u00ebs, Spahiu po ashtu ka t\u00eb drejt\u00eb t\u2019ua k\u00ebrkoj\u00eb at\u00eb n\u00eb em\u00ebr t\u00eb rritjes s\u00eb frym\u00ebs komb\u00ebtare n\u00eb vend dhe krenaris\u00eb komb\u00ebtare.<\/p>\n<p>N\u00ebse ne do t\u00eb kishim nj\u00eb sistem t\u00eb drejt\u00eb elektoral, ata do t\u00eb merrnin votat reale q\u00eb shqiptar\u00ebt do tu jepnin atyre. N\u00eb kushtet kur sistemi \u00ebsht\u00eb deformuar nga dy partit\u00eb e m\u00ebdha, \u00ebsht\u00eb detyr\u00eb e Partis\u00eb Socialiste si bashk\u00ebp\u00ebrgjegj\u00ebse n\u00eb k\u00ebt\u00eb deformim q\u00eb tu krijoj\u00eb k\u00ebtyre faktor\u00ebve opozitar\u00eb t\u00eb r\u00ebnd\u00ebsish\u00ebm hap\u00ebsir\u00eb taktike p\u00ebr nj\u00eb aleanc\u00eb t\u00eb gjer\u00eb kund\u00ebr regjimit. Ky sistem imponon vet\u00ebm nj\u00eb vot\u00eb, vet\u00ebm nj\u00eb ide dhe vet\u00ebm nj\u00eb plan: Pro ose kund\u00ebr Sali Berish\u00ebs. Se zgjidhet teknikisht kjo \u00e7\u00ebshtje, \u00ebsht\u00eb e nj\u00eb r\u00ebnd\u00ebsie m\u00eb t\u00eb vog\u00ebl.<\/p>\n<p>Politikisht duket se po zgjidhet duke u bashkuar t\u00eb gjith\u00eb p\u00ebr nevoj\u00ebn e rr\u00ebzimit. Opozita nuk duhet t\u00eb bjer\u00eb n\u00eb spiralen e kompleksimit q\u00eb Berisha tenton t\u2019i b\u00ebj\u00eb bashk\u00ebpunimit mes faktor\u00ebve opozitar\u00eb si t\u00eb majt\u00eb apo t\u00eb djatht\u00eb. Ai \u00ebsht\u00eb njeriu q\u00eb ka zbritur nga varka e djemve t\u00eb Enver Hoxh\u00ebs dhe me mbeturinat e enverist\u00ebve po mbahet n\u00eb pushtet. E vetmja pik\u00eb q\u00eb bashkon gjith\u00eb faktor\u00ebt opozitar\u00eb \u00ebsht\u00eb rr\u00ebzimi i tij. Kjo \u00ebsht\u00eb hipoteka themelore q\u00eb mban n\u00eb k\u00ebmb\u00eb opozit\u00ebn. Ndarja e pjes\u00ebve \u00ebsht\u00eb \u00e7\u00ebshtje taktike dhe vullneti. Berisha nuk ia del dot gjith\u00eb jet\u00ebn duke p\u00ebr\u00e7ar\u00eb e sunduar.<\/p>\n","protected":false},"excerpt":{"rendered":"<p>Nga Mero Baze, 27 Korrik 2012 Udh\u00ebheq\u00ebsi politik i Partis\u00eb Fryma e Re Demokratike, Bamir Topi, i dha nj\u00eb fizionomi t\u00eb qart\u00eb opozitare partis\u00eb s\u00eb krijuar n\u00ebn ndikimin e tij, pas deklarat\u00ebs s\u00eb qart\u00eb n\u00eb Top Story se ai dhe partia e tij do t\u00eb angazhohen p\u00ebr rotacion politik n\u00eb Shqip\u00ebri. Kjo deklarat\u00eb e qart\u00eb [&hellip;]<\/p>\n","protected":false},"author":1,"featured_media":0,"comment_status":"open","ping_status":"closed","sticky":false,"template":"","format":"standard","meta":{"footnotes":""},"categories":[2],"tags":[],"class_list":{"0":"post-4091","1":"post","2":"type-post","3":"status-publish","4":"format-standard","6":"category-artikuj"},"yoast_head":"<!-- This site is optimized with the Yoast SEO plugin v27.4 - https:\/\/yoast.com\/product\/yoast-seo-wordpress\/ -->\n<title>Aleancat politike dhe aleancat taktike kund\u00ebr regjimit - FjALA e LIR\u00cb - Arkivi<\/title>\n<meta name=\"robots\" content=\"index, follow, max-snippet:-1, max-image-preview:large, max-video-preview:-1\" \/>\n<link rel=\"canonical\" href=\"https:\/\/fjala.info\/2009-2015\/aleancat-politike-dhe-aleancat-taktike-kunder-regjimit\/\" \/>\n<meta property=\"og:locale\" content=\"sq_AL\" \/>\n<meta property=\"og:type\" content=\"article\" \/>\n<meta property=\"og:title\" content=\"Aleancat politike dhe aleancat taktike kund\u00ebr regjimit - FjALA e LIR\u00cb - Arkivi\" \/>\n<meta property=\"og:description\" content=\"Nga Mero Baze, 27 Korrik 2012 Udh\u00ebheq\u00ebsi politik i Partis\u00eb Fryma e Re Demokratike, Bamir Topi, i dha nj\u00eb fizionomi t\u00eb qart\u00eb opozitare partis\u00eb s\u00eb krijuar n\u00ebn ndikimin e tij, pas deklarat\u00ebs s\u00eb qart\u00eb n\u00eb Top Story se ai dhe partia e tij do t\u00eb angazhohen p\u00ebr rotacion politik n\u00eb Shqip\u00ebri. Kjo deklarat\u00eb e qart\u00eb [&hellip;]\" \/>\n<meta property=\"og:url\" content=\"https:\/\/fjala.info\/2009-2015\/aleancat-politike-dhe-aleancat-taktike-kunder-regjimit\/\" \/>\n<meta property=\"og:site_name\" content=\"FjALA e LIR\u00cb - Arkivi\" \/>\n<meta property=\"article:published_time\" content=\"2012-07-27T21:21:37+00:00\" \/>\n<meta property=\"og:image\" content=\"http:\/\/www.fjala.info\/2012\/mero_baze.jpg\" \/>\n<meta name=\"author\" content=\"admin\" \/>\n<meta name=\"twitter:card\" content=\"summary_large_image\" \/>\n<meta name=\"twitter:label1\" content=\"Written by\" \/>\n\t<meta name=\"twitter:data1\" content=\"admin\" \/>\n\t<meta name=\"twitter:label2\" content=\"Est. reading time\" \/>\n\t<meta name=\"twitter:data2\" content=\"5 minutes\" \/>\n<script type=\"application\/ld+json\" class=\"yoast-schema-graph\">{\"@context\":\"https:\\\/\\\/schema.org\",\"@graph\":[{\"@type\":\"Article\",\"@id\":\"https:\\\/\\\/fjala.info\\\/2009-2015\\\/aleancat-politike-dhe-aleancat-taktike-kunder-regjimit\\\/#article\",\"isPartOf\":{\"@id\":\"https:\\\/\\\/fjala.info\\\/2009-2015\\\/aleancat-politike-dhe-aleancat-taktike-kunder-regjimit\\\/\"},\"author\":{\"name\":\"admin\",\"@id\":\"https:\\\/\\\/fjala.info\\\/2009-2015\\\/#\\\/schema\\\/person\\\/3aa1163ef05469c496fc94e77611ada2\"},\"headline\":\"Aleancat politike dhe aleancat taktike kund\u00ebr regjimit\",\"datePublished\":\"2012-07-27T21:21:37+00:00\",\"mainEntityOfPage\":{\"@id\":\"https:\\\/\\\/fjala.info\\\/2009-2015\\\/aleancat-politike-dhe-aleancat-taktike-kunder-regjimit\\\/\"},\"wordCount\":947,\"commentCount\":0,\"publisher\":{\"@id\":\"https:\\\/\\\/fjala.info\\\/2009-2015\\\/#organization\"},\"image\":{\"@id\":\"https:\\\/\\\/fjala.info\\\/2009-2015\\\/aleancat-politike-dhe-aleancat-taktike-kunder-regjimit\\\/#primaryimage\"},\"thumbnailUrl\":\"http:\\\/\\\/www.fjala.info\\\/2012\\\/mero_baze.jpg\",\"articleSection\":[\"Artikuj\"],\"inLanguage\":\"sq-AL\",\"potentialAction\":[{\"@type\":\"CommentAction\",\"name\":\"Comment\",\"target\":[\"https:\\\/\\\/fjala.info\\\/2009-2015\\\/aleancat-politike-dhe-aleancat-taktike-kunder-regjimit\\\/#respond\"]}]},{\"@type\":\"WebPage\",\"@id\":\"https:\\\/\\\/fjala.info\\\/2009-2015\\\/aleancat-politike-dhe-aleancat-taktike-kunder-regjimit\\\/\",\"url\":\"https:\\\/\\\/fjala.info\\\/2009-2015\\\/aleancat-politike-dhe-aleancat-taktike-kunder-regjimit\\\/\",\"name\":\"Aleancat politike dhe aleancat taktike kund\u00ebr regjimit - FjALA e LIR\u00cb - Arkivi\",\"isPartOf\":{\"@id\":\"https:\\\/\\\/fjala.info\\\/2009-2015\\\/#website\"},\"primaryImageOfPage\":{\"@id\":\"https:\\\/\\\/fjala.info\\\/2009-2015\\\/aleancat-politike-dhe-aleancat-taktike-kunder-regjimit\\\/#primaryimage\"},\"image\":{\"@id\":\"https:\\\/\\\/fjala.info\\\/2009-2015\\\/aleancat-politike-dhe-aleancat-taktike-kunder-regjimit\\\/#primaryimage\"},\"thumbnailUrl\":\"http:\\\/\\\/www.fjala.info\\\/2012\\\/mero_baze.jpg\",\"datePublished\":\"2012-07-27T21:21:37+00:00\",\"breadcrumb\":{\"@id\":\"https:\\\/\\\/fjala.info\\\/2009-2015\\\/aleancat-politike-dhe-aleancat-taktike-kunder-regjimit\\\/#breadcrumb\"},\"inLanguage\":\"sq-AL\",\"potentialAction\":[{\"@type\":\"ReadAction\",\"target\":[\"https:\\\/\\\/fjala.info\\\/2009-2015\\\/aleancat-politike-dhe-aleancat-taktike-kunder-regjimit\\\/\"]}]},{\"@type\":\"ImageObject\",\"inLanguage\":\"sq-AL\",\"@id\":\"https:\\\/\\\/fjala.info\\\/2009-2015\\\/aleancat-politike-dhe-aleancat-taktike-kunder-regjimit\\\/#primaryimage\",\"url\":\"http:\\\/\\\/www.fjala.info\\\/2012\\\/mero_baze.jpg\",\"contentUrl\":\"http:\\\/\\\/www.fjala.info\\\/2012\\\/mero_baze.jpg\"},{\"@type\":\"BreadcrumbList\",\"@id\":\"https:\\\/\\\/fjala.info\\\/2009-2015\\\/aleancat-politike-dhe-aleancat-taktike-kunder-regjimit\\\/#breadcrumb\",\"itemListElement\":[{\"@type\":\"ListItem\",\"position\":1,\"name\":\"Home\",\"item\":\"https:\\\/\\\/fjala.info\\\/2009-2015\\\/\"},{\"@type\":\"ListItem\",\"position\":2,\"name\":\"Aleancat politike dhe aleancat taktike kund\u00ebr regjimit\"}]},{\"@type\":\"WebSite\",\"@id\":\"https:\\\/\\\/fjala.info\\\/2009-2015\\\/#website\",\"url\":\"https:\\\/\\\/fjala.info\\\/2009-2015\\\/\",\"name\":\"FjALA e LIR\u00cb - Arkivi\",\"description\":\"Arkivi 2009-2015\",\"publisher\":{\"@id\":\"https:\\\/\\\/fjala.info\\\/2009-2015\\\/#organization\"},\"potentialAction\":[{\"@type\":\"SearchAction\",\"target\":{\"@type\":\"EntryPoint\",\"urlTemplate\":\"https:\\\/\\\/fjala.info\\\/2009-2015\\\/?s={search_term_string}\"},\"query-input\":{\"@type\":\"PropertyValueSpecification\",\"valueRequired\":true,\"valueName\":\"search_term_string\"}}],\"inLanguage\":\"sq-AL\"},{\"@type\":\"Organization\",\"@id\":\"https:\\\/\\\/fjala.info\\\/2009-2015\\\/#organization\",\"name\":\"FjALA e LIR\u00cb - Arkivi\",\"url\":\"https:\\\/\\\/fjala.info\\\/2009-2015\\\/\",\"logo\":{\"@type\":\"ImageObject\",\"inLanguage\":\"sq-AL\",\"@id\":\"https:\\\/\\\/fjala.info\\\/2009-2015\\\/#\\\/schema\\\/logo\\\/image\\\/\",\"url\":\"\",\"contentUrl\":\"\",\"caption\":\"FjALA e LIR\u00cb - Arkivi\"},\"image\":{\"@id\":\"https:\\\/\\\/fjala.info\\\/2009-2015\\\/#\\\/schema\\\/logo\\\/image\\\/\"}},{\"@type\":\"Person\",\"@id\":\"https:\\\/\\\/fjala.info\\\/2009-2015\\\/#\\\/schema\\\/person\\\/3aa1163ef05469c496fc94e77611ada2\",\"name\":\"admin\",\"image\":{\"@type\":\"ImageObject\",\"inLanguage\":\"sq-AL\",\"@id\":\"https:\\\/\\\/fjala.info\\\/2009-2015\\\/wp-content\\\/uploads\\\/2012\\\/02\\\/arben_cokaj-120x150.jpg\",\"url\":\"https:\\\/\\\/fjala.info\\\/2009-2015\\\/wp-content\\\/uploads\\\/2012\\\/02\\\/arben_cokaj-120x150.jpg\",\"contentUrl\":\"https:\\\/\\\/fjala.info\\\/2009-2015\\\/wp-content\\\/uploads\\\/2012\\\/02\\\/arben_cokaj-120x150.jpg\",\"caption\":\"admin\"},\"description\":\"Admin, Fjala e Lir\u00eb\",\"sameAs\":[\"https:\\\/\\\/fjala.info\\\/\"],\"url\":\"https:\\\/\\\/fjala.info\\\/2009-2015\\\/author\\\/admin\\\/\"}]}<\/script>\n<!-- \/ Yoast SEO plugin. -->","yoast_head_json":{"title":"Aleancat politike dhe aleancat taktike kund\u00ebr regjimit - FjALA e LIR\u00cb - Arkivi","robots":{"index":"index","follow":"follow","max-snippet":"max-snippet:-1","max-image-preview":"max-image-preview:large","max-video-preview":"max-video-preview:-1"},"canonical":"https:\/\/fjala.info\/2009-2015\/aleancat-politike-dhe-aleancat-taktike-kunder-regjimit\/","og_locale":"sq_AL","og_type":"article","og_title":"Aleancat politike dhe aleancat taktike kund\u00ebr regjimit - FjALA e LIR\u00cb - Arkivi","og_description":"Nga Mero Baze, 27 Korrik 2012 Udh\u00ebheq\u00ebsi politik i Partis\u00eb Fryma e Re Demokratike, Bamir Topi, i dha nj\u00eb fizionomi t\u00eb qart\u00eb opozitare partis\u00eb s\u00eb krijuar n\u00ebn ndikimin e tij, pas deklarat\u00ebs s\u00eb qart\u00eb n\u00eb Top Story se ai dhe partia e tij do t\u00eb angazhohen p\u00ebr rotacion politik n\u00eb Shqip\u00ebri. Kjo deklarat\u00eb e qart\u00eb [&hellip;]","og_url":"https:\/\/fjala.info\/2009-2015\/aleancat-politike-dhe-aleancat-taktike-kunder-regjimit\/","og_site_name":"FjALA e LIR\u00cb - Arkivi","article_published_time":"2012-07-27T21:21:37+00:00","og_image":[{"url":"http:\/\/www.fjala.info\/2012\/mero_baze.jpg","type":"","width":"","height":""}],"author":"admin","twitter_card":"summary_large_image","twitter_misc":{"Written by":"admin","Est. reading time":"5 minutes"},"schema":{"@context":"https:\/\/schema.org","@graph":[{"@type":"Article","@id":"https:\/\/fjala.info\/2009-2015\/aleancat-politike-dhe-aleancat-taktike-kunder-regjimit\/#article","isPartOf":{"@id":"https:\/\/fjala.info\/2009-2015\/aleancat-politike-dhe-aleancat-taktike-kunder-regjimit\/"},"author":{"name":"admin","@id":"https:\/\/fjala.info\/2009-2015\/#\/schema\/person\/3aa1163ef05469c496fc94e77611ada2"},"headline":"Aleancat politike dhe aleancat taktike kund\u00ebr regjimit","datePublished":"2012-07-27T21:21:37+00:00","mainEntityOfPage":{"@id":"https:\/\/fjala.info\/2009-2015\/aleancat-politike-dhe-aleancat-taktike-kunder-regjimit\/"},"wordCount":947,"commentCount":0,"publisher":{"@id":"https:\/\/fjala.info\/2009-2015\/#organization"},"image":{"@id":"https:\/\/fjala.info\/2009-2015\/aleancat-politike-dhe-aleancat-taktike-kunder-regjimit\/#primaryimage"},"thumbnailUrl":"http:\/\/www.fjala.info\/2012\/mero_baze.jpg","articleSection":["Artikuj"],"inLanguage":"sq-AL","potentialAction":[{"@type":"CommentAction","name":"Comment","target":["https:\/\/fjala.info\/2009-2015\/aleancat-politike-dhe-aleancat-taktike-kunder-regjimit\/#respond"]}]},{"@type":"WebPage","@id":"https:\/\/fjala.info\/2009-2015\/aleancat-politike-dhe-aleancat-taktike-kunder-regjimit\/","url":"https:\/\/fjala.info\/2009-2015\/aleancat-politike-dhe-aleancat-taktike-kunder-regjimit\/","name":"Aleancat politike dhe aleancat taktike kund\u00ebr regjimit - FjALA e LIR\u00cb - Arkivi","isPartOf":{"@id":"https:\/\/fjala.info\/2009-2015\/#website"},"primaryImageOfPage":{"@id":"https:\/\/fjala.info\/2009-2015\/aleancat-politike-dhe-aleancat-taktike-kunder-regjimit\/#primaryimage"},"image":{"@id":"https:\/\/fjala.info\/2009-2015\/aleancat-politike-dhe-aleancat-taktike-kunder-regjimit\/#primaryimage"},"thumbnailUrl":"http:\/\/www.fjala.info\/2012\/mero_baze.jpg","datePublished":"2012-07-27T21:21:37+00:00","breadcrumb":{"@id":"https:\/\/fjala.info\/2009-2015\/aleancat-politike-dhe-aleancat-taktike-kunder-regjimit\/#breadcrumb"},"inLanguage":"sq-AL","potentialAction":[{"@type":"ReadAction","target":["https:\/\/fjala.info\/2009-2015\/aleancat-politike-dhe-aleancat-taktike-kunder-regjimit\/"]}]},{"@type":"ImageObject","inLanguage":"sq-AL","@id":"https:\/\/fjala.info\/2009-2015\/aleancat-politike-dhe-aleancat-taktike-kunder-regjimit\/#primaryimage","url":"http:\/\/www.fjala.info\/2012\/mero_baze.jpg","contentUrl":"http:\/\/www.fjala.info\/2012\/mero_baze.jpg"},{"@type":"BreadcrumbList","@id":"https:\/\/fjala.info\/2009-2015\/aleancat-politike-dhe-aleancat-taktike-kunder-regjimit\/#breadcrumb","itemListElement":[{"@type":"ListItem","position":1,"name":"Home","item":"https:\/\/fjala.info\/2009-2015\/"},{"@type":"ListItem","position":2,"name":"Aleancat politike dhe aleancat taktike kund\u00ebr regjimit"}]},{"@type":"WebSite","@id":"https:\/\/fjala.info\/2009-2015\/#website","url":"https:\/\/fjala.info\/2009-2015\/","name":"FjALA e LIR\u00cb - Arkivi","description":"Arkivi 2009-2015","publisher":{"@id":"https:\/\/fjala.info\/2009-2015\/#organization"},"potentialAction":[{"@type":"SearchAction","target":{"@type":"EntryPoint","urlTemplate":"https:\/\/fjala.info\/2009-2015\/?s={search_term_string}"},"query-input":{"@type":"PropertyValueSpecification","valueRequired":true,"valueName":"search_term_string"}}],"inLanguage":"sq-AL"},{"@type":"Organization","@id":"https:\/\/fjala.info\/2009-2015\/#organization","name":"FjALA e LIR\u00cb - Arkivi","url":"https:\/\/fjala.info\/2009-2015\/","logo":{"@type":"ImageObject","inLanguage":"sq-AL","@id":"https:\/\/fjala.info\/2009-2015\/#\/schema\/logo\/image\/","url":"","contentUrl":"","caption":"FjALA e LIR\u00cb - Arkivi"},"image":{"@id":"https:\/\/fjala.info\/2009-2015\/#\/schema\/logo\/image\/"}},{"@type":"Person","@id":"https:\/\/fjala.info\/2009-2015\/#\/schema\/person\/3aa1163ef05469c496fc94e77611ada2","name":"admin","image":{"@type":"ImageObject","inLanguage":"sq-AL","@id":"https:\/\/fjala.info\/2009-2015\/wp-content\/uploads\/2012\/02\/arben_cokaj-120x150.jpg","url":"https:\/\/fjala.info\/2009-2015\/wp-content\/uploads\/2012\/02\/arben_cokaj-120x150.jpg","contentUrl":"https:\/\/fjala.info\/2009-2015\/wp-content\/uploads\/2012\/02\/arben_cokaj-120x150.jpg","caption":"admin"},"description":"Admin, Fjala e Lir\u00eb","sameAs":["https:\/\/fjala.info\/"],"url":"https:\/\/fjala.info\/2009-2015\/author\/admin\/"}]}},"_links":{"self":[{"href":"https:\/\/fjala.info\/2009-2015\/wp-json\/wp\/v2\/posts\/4091","targetHints":{"allow":["GET"]}}],"collection":[{"href":"https:\/\/fjala.info\/2009-2015\/wp-json\/wp\/v2\/posts"}],"about":[{"href":"https:\/\/fjala.info\/2009-2015\/wp-json\/wp\/v2\/types\/post"}],"author":[{"embeddable":true,"href":"https:\/\/fjala.info\/2009-2015\/wp-json\/wp\/v2\/users\/1"}],"replies":[{"embeddable":true,"href":"https:\/\/fjala.info\/2009-2015\/wp-json\/wp\/v2\/comments?post=4091"}],"version-history":[{"count":0,"href":"https:\/\/fjala.info\/2009-2015\/wp-json\/wp\/v2\/posts\/4091\/revisions"}],"wp:attachment":[{"href":"https:\/\/fjala.info\/2009-2015\/wp-json\/wp\/v2\/media?parent=4091"}],"wp:term":[{"taxonomy":"category","embeddable":true,"href":"https:\/\/fjala.info\/2009-2015\/wp-json\/wp\/v2\/categories?post=4091"},{"taxonomy":"post_tag","embeddable":true,"href":"https:\/\/fjala.info\/2009-2015\/wp-json\/wp\/v2\/tags?post=4091"}],"curies":[{"name":"wp","href":"https:\/\/api.w.org\/{rel}","templated":true}]}}