{"id":4059,"date":"2012-07-26T14:47:03","date_gmt":"2012-07-26T13:47:03","guid":{"rendered":"http:\/\/www.fjala.info\/?p=4059"},"modified":"2012-07-26T14:47:03","modified_gmt":"2012-07-26T13:47:03","slug":"lamtumire-ali-podrimja-poeti-percillet-per-ne-banesen-e-fundit","status":"publish","type":"post","link":"https:\/\/fjala.info\/2009-2015\/lamtumire-ali-podrimja-poeti-percillet-per-ne-banesen-e-fundit\/","title":{"rendered":"Lamtumir\u00eb Ali Podrimja\u2026! Poeti p\u00ebrcillet p\u00ebr n\u00eb banes\u00ebn e fundit"},"content":{"rendered":"<p><img decoding=\"async\" class=\"alignleft size-thumbnail wp-image-7236\" title=\"Ali Podrimja\" src=\"http:\/\/www.fjala.info\/2012\/ali_podrimja_varrimi.jpg\" alt=\"\" width=\"200\" \/> <strong>Idea<\/strong>, <em>26 Korrik 2012<\/em><\/p>\n<p><em>Prishtin\u00eb<\/em> &#8211; Familjar\u00eb, koleg\u00eb, dashamir\u00ebs dhe miq t\u00eb nj\u00eb jet\u00eb i dhan\u00eb sot lamtumir\u00ebn e fundit poetit fam\u00ebmadh t\u00eb shqiptaris\u00eb, Ali Podrimja, i cili nd\u00ebrroi jet\u00eb fundjav\u00ebn e shkuar n\u00eb Lode t\u00eb Franc\u00ebs.<\/p>\n<p>Mediat e Kosov\u00ebs raportojn\u00eb se paraditen e k\u00ebsaj t\u00eb enjteje mb\u00ebrriti n\u00eb Prishtin\u00eb trupi i pajet\u00eb i poetit Podrimja. Sikund\u00ebr ishte parapar\u00eb, n\u00eb or\u00ebn 12:00-14:00 n\u00eb mjediset e Akademis\u00eb s\u00eb Shkencave dhe Arteve n\u00eb Prishtin\u00eb u mbajt\u00ebn homazhet n\u00eb nder t\u00eb atij q\u00eb e pat\u00ebn pag\u00ebzuar \u2018princ t\u00eb letrave shqipe\u2019. Ora 14:00\u2026! Trupi i Podrimjes u p\u00ebrcoll p\u00ebr n\u00eb banes\u00ebn e fundit nd\u00ebrsa mij\u00ebra personalitete dhe qytetar\u00eb, u p\u00ebrulen me nderim p\u00ebrmbi trupin e pajet\u00eb t\u00eb poetit i cili i ka dh\u00ebn\u00eb z\u00eb gjuh\u00ebs shqipe n\u00eb dhjetra gjuh\u00eb bot\u00ebrore.<\/p>\n<p>\u2018Bota Sot\u2019 raporton se kompozitori Rauf Dhomi ka rr\u00ebfyer se poeti i ndjer\u00eb Podrimja kishte shprehur d\u00ebshir\u00ebn q\u00eb varrimi i tij t\u00eb shoq\u00ebrohej me muzik\u00eb. \u201cKa koh\u00eb q\u00eb thoshte se po vdes, por ka qen\u00eb nj\u00eb lajtmotiv q\u00eb ne si kemi besuar. M\u00eb pati th\u00ebn\u00eb \u2018kur t\u00eb vdes un\u00eb, m\u00eb p\u00ebrcillni me tinguj t\u00eb orkestr\u00ebs\u2019\u201d- tha Dhomi.<\/p>\n<p>Dhe ashtu shkoi, me muzik\u00eb por s\u2019kish se si t\u00eb shkonte pa poezi. P\u00ebrgjat\u00eb dy or\u00ebve t\u00eb homazheve, dy poet\u00eb t\u00eb Kosov\u00ebs lexuan poezi nga vepra m\u00eb e njohur e Podrimjes \u201cLum Lumi\u201d teksa ceremonia kulmoi me interpretimin e k\u00ebng\u00ebs \u201cLamtumir\u00eb\u201d nga Kori i Burrave t\u00eb Gjakov\u00ebs, vendlindjes s\u00eb tij.<\/p>\n<p>Ishte e marta e jav\u00ebs s\u00eb shkuar, kur autoritetet franceze konfirmuan se poeti Ali Podrimja u shua p\u00ebr shkaqe natyrale. Rezultatet e raportit mjekoligjor q\u00eb jan\u00eb kryer n\u00eb Franc\u00eb dhe i jan\u00eb dor\u00ebzuar Ambasad\u00ebs s\u00eb Kosov\u00ebs atje por do t\u00eb duhet koh\u00eb p\u00ebrpara se ato t\u00eb mb\u00ebrrijn\u00eb n\u00eb Prishtin\u00eb p\u00ebr shkak t\u00eb procedurave.<\/p>\n<p>Trupi i pajet\u00eb i Ali Podrimjes u gjet m\u00eb 21 korrik n\u00eb nj\u00eb pyll af\u00ebr qytetit Lodeve t\u00eb Franc\u00ebs, prej nga kishte humbur kontaktet tre dit\u00eb m\u00eb par\u00eb. Nj\u00eb tjet\u00ebr raport n\u00eb detaje p\u00ebr vdekjen e poetit do t\u00eb jet\u00eb gati pas 15 dit\u00ebsh. N\u00eb nisje u hamend\u00ebsua p\u00ebr nj\u00eb vetvrasje apo dhunim t\u00eb tij por m\u00eb pas u v\u00ebrtetua se shkak i vdekjes ishte dehidratimi.<\/p>\n<p>Podrimja kishte udh\u00ebtuar p\u00ebr n\u00eb Franc\u00eb t\u00eb h\u00ebn\u00ebn e 16 Korrikut, p\u00ebr t\u00eb marr\u00eb pjes\u00eb n\u00eb edicionin e 15-t\u00eb t\u00eb festivalit t\u00eb poezis\u00eb \u201cZ\u00ebrat e Mesdheut\u201d.<\/p>\n<p>\/<em>IDEA<\/em>\/<\/p>\n","protected":false},"excerpt":{"rendered":"<p>Idea, 26 Korrik 2012 Prishtin\u00eb &#8211; Familjar\u00eb, koleg\u00eb, dashamir\u00ebs dhe miq t\u00eb nj\u00eb jet\u00eb i dhan\u00eb sot lamtumir\u00ebn e fundit poetit fam\u00ebmadh t\u00eb shqiptaris\u00eb, Ali Podrimja, i cili nd\u00ebrroi jet\u00eb fundjav\u00ebn e shkuar n\u00eb Lode t\u00eb Franc\u00ebs. Mediat e Kosov\u00ebs raportojn\u00eb se paraditen e k\u00ebsaj t\u00eb enjteje mb\u00ebrriti n\u00eb Prishtin\u00eb trupi i pajet\u00eb i poetit [&hellip;]<\/p>\n","protected":false},"author":1,"featured_media":0,"comment_status":"open","ping_status":"closed","sticky":false,"template":"","format":"standard","meta":{"footnotes":""},"categories":[2],"tags":[],"class_list":{"0":"post-4059","1":"post","2":"type-post","3":"status-publish","4":"format-standard","6":"category-artikuj"},"yoast_head":"<!-- This site is optimized with the Yoast SEO plugin v27.4 - https:\/\/yoast.com\/product\/yoast-seo-wordpress\/ -->\n<title>Lamtumir\u00eb Ali Podrimja\u2026! Poeti p\u00ebrcillet p\u00ebr n\u00eb banes\u00ebn e fundit - FjALA e LIR\u00cb - Arkivi<\/title>\n<meta name=\"robots\" content=\"index, follow, max-snippet:-1, max-image-preview:large, max-video-preview:-1\" \/>\n<link rel=\"canonical\" href=\"https:\/\/fjala.info\/2009-2015\/lamtumire-ali-podrimja-poeti-percillet-per-ne-banesen-e-fundit\/\" \/>\n<meta property=\"og:locale\" content=\"sq_AL\" \/>\n<meta property=\"og:type\" content=\"article\" \/>\n<meta property=\"og:title\" content=\"Lamtumir\u00eb Ali Podrimja\u2026! Poeti p\u00ebrcillet p\u00ebr n\u00eb banes\u00ebn e fundit - FjALA e LIR\u00cb - Arkivi\" \/>\n<meta property=\"og:description\" content=\"Idea, 26 Korrik 2012 Prishtin\u00eb &#8211; Familjar\u00eb, koleg\u00eb, dashamir\u00ebs dhe miq t\u00eb nj\u00eb jet\u00eb i dhan\u00eb sot lamtumir\u00ebn e fundit poetit fam\u00ebmadh t\u00eb shqiptaris\u00eb, Ali Podrimja, i cili nd\u00ebrroi jet\u00eb fundjav\u00ebn e shkuar n\u00eb Lode t\u00eb Franc\u00ebs. Mediat e Kosov\u00ebs raportojn\u00eb se paraditen e k\u00ebsaj t\u00eb enjteje mb\u00ebrriti n\u00eb Prishtin\u00eb trupi i pajet\u00eb i poetit [&hellip;]\" \/>\n<meta property=\"og:url\" content=\"https:\/\/fjala.info\/2009-2015\/lamtumire-ali-podrimja-poeti-percillet-per-ne-banesen-e-fundit\/\" \/>\n<meta property=\"og:site_name\" content=\"FjALA e LIR\u00cb - Arkivi\" \/>\n<meta property=\"article:published_time\" content=\"2012-07-26T13:47:03+00:00\" \/>\n<meta property=\"og:image\" content=\"http:\/\/www.fjala.info\/2012\/ali_podrimja_varrimi.jpg\" \/>\n<meta name=\"author\" content=\"admin\" \/>\n<meta name=\"twitter:card\" content=\"summary_large_image\" \/>\n<meta name=\"twitter:label1\" content=\"Written by\" \/>\n\t<meta name=\"twitter:data1\" content=\"admin\" \/>\n\t<meta name=\"twitter:label2\" content=\"Est. reading time\" \/>\n\t<meta name=\"twitter:data2\" content=\"2 minutes\" \/>\n<script type=\"application\/ld+json\" class=\"yoast-schema-graph\">{\"@context\":\"https:\\\/\\\/schema.org\",\"@graph\":[{\"@type\":\"Article\",\"@id\":\"https:\\\/\\\/fjala.info\\\/2009-2015\\\/lamtumire-ali-podrimja-poeti-percillet-per-ne-banesen-e-fundit\\\/#article\",\"isPartOf\":{\"@id\":\"https:\\\/\\\/fjala.info\\\/2009-2015\\\/lamtumire-ali-podrimja-poeti-percillet-per-ne-banesen-e-fundit\\\/\"},\"author\":{\"name\":\"admin\",\"@id\":\"https:\\\/\\\/fjala.info\\\/2009-2015\\\/#\\\/schema\\\/person\\\/3aa1163ef05469c496fc94e77611ada2\"},\"headline\":\"Lamtumir\u00eb Ali Podrimja\u2026! Poeti p\u00ebrcillet p\u00ebr n\u00eb banes\u00ebn e fundit\",\"datePublished\":\"2012-07-26T13:47:03+00:00\",\"mainEntityOfPage\":{\"@id\":\"https:\\\/\\\/fjala.info\\\/2009-2015\\\/lamtumire-ali-podrimja-poeti-percillet-per-ne-banesen-e-fundit\\\/\"},\"wordCount\":447,\"commentCount\":0,\"publisher\":{\"@id\":\"https:\\\/\\\/fjala.info\\\/2009-2015\\\/#organization\"},\"image\":{\"@id\":\"https:\\\/\\\/fjala.info\\\/2009-2015\\\/lamtumire-ali-podrimja-poeti-percillet-per-ne-banesen-e-fundit\\\/#primaryimage\"},\"thumbnailUrl\":\"http:\\\/\\\/www.fjala.info\\\/2012\\\/ali_podrimja_varrimi.jpg\",\"articleSection\":[\"Artikuj\"],\"inLanguage\":\"sq-AL\",\"potentialAction\":[{\"@type\":\"CommentAction\",\"name\":\"Comment\",\"target\":[\"https:\\\/\\\/fjala.info\\\/2009-2015\\\/lamtumire-ali-podrimja-poeti-percillet-per-ne-banesen-e-fundit\\\/#respond\"]}]},{\"@type\":\"WebPage\",\"@id\":\"https:\\\/\\\/fjala.info\\\/2009-2015\\\/lamtumire-ali-podrimja-poeti-percillet-per-ne-banesen-e-fundit\\\/\",\"url\":\"https:\\\/\\\/fjala.info\\\/2009-2015\\\/lamtumire-ali-podrimja-poeti-percillet-per-ne-banesen-e-fundit\\\/\",\"name\":\"Lamtumir\u00eb Ali Podrimja\u2026! Poeti p\u00ebrcillet p\u00ebr n\u00eb banes\u00ebn e fundit - FjALA e LIR\u00cb - Arkivi\",\"isPartOf\":{\"@id\":\"https:\\\/\\\/fjala.info\\\/2009-2015\\\/#website\"},\"primaryImageOfPage\":{\"@id\":\"https:\\\/\\\/fjala.info\\\/2009-2015\\\/lamtumire-ali-podrimja-poeti-percillet-per-ne-banesen-e-fundit\\\/#primaryimage\"},\"image\":{\"@id\":\"https:\\\/\\\/fjala.info\\\/2009-2015\\\/lamtumire-ali-podrimja-poeti-percillet-per-ne-banesen-e-fundit\\\/#primaryimage\"},\"thumbnailUrl\":\"http:\\\/\\\/www.fjala.info\\\/2012\\\/ali_podrimja_varrimi.jpg\",\"datePublished\":\"2012-07-26T13:47:03+00:00\",\"breadcrumb\":{\"@id\":\"https:\\\/\\\/fjala.info\\\/2009-2015\\\/lamtumire-ali-podrimja-poeti-percillet-per-ne-banesen-e-fundit\\\/#breadcrumb\"},\"inLanguage\":\"sq-AL\",\"potentialAction\":[{\"@type\":\"ReadAction\",\"target\":[\"https:\\\/\\\/fjala.info\\\/2009-2015\\\/lamtumire-ali-podrimja-poeti-percillet-per-ne-banesen-e-fundit\\\/\"]}]},{\"@type\":\"ImageObject\",\"inLanguage\":\"sq-AL\",\"@id\":\"https:\\\/\\\/fjala.info\\\/2009-2015\\\/lamtumire-ali-podrimja-poeti-percillet-per-ne-banesen-e-fundit\\\/#primaryimage\",\"url\":\"http:\\\/\\\/www.fjala.info\\\/2012\\\/ali_podrimja_varrimi.jpg\",\"contentUrl\":\"http:\\\/\\\/www.fjala.info\\\/2012\\\/ali_podrimja_varrimi.jpg\"},{\"@type\":\"BreadcrumbList\",\"@id\":\"https:\\\/\\\/fjala.info\\\/2009-2015\\\/lamtumire-ali-podrimja-poeti-percillet-per-ne-banesen-e-fundit\\\/#breadcrumb\",\"itemListElement\":[{\"@type\":\"ListItem\",\"position\":1,\"name\":\"Home\",\"item\":\"https:\\\/\\\/fjala.info\\\/2009-2015\\\/\"},{\"@type\":\"ListItem\",\"position\":2,\"name\":\"Lamtumir\u00eb Ali Podrimja\u2026! Poeti p\u00ebrcillet p\u00ebr n\u00eb banes\u00ebn e fundit\"}]},{\"@type\":\"WebSite\",\"@id\":\"https:\\\/\\\/fjala.info\\\/2009-2015\\\/#website\",\"url\":\"https:\\\/\\\/fjala.info\\\/2009-2015\\\/\",\"name\":\"FjALA e LIR\u00cb - Arkivi\",\"description\":\"Arkivi 2009-2015\",\"publisher\":{\"@id\":\"https:\\\/\\\/fjala.info\\\/2009-2015\\\/#organization\"},\"potentialAction\":[{\"@type\":\"SearchAction\",\"target\":{\"@type\":\"EntryPoint\",\"urlTemplate\":\"https:\\\/\\\/fjala.info\\\/2009-2015\\\/?s={search_term_string}\"},\"query-input\":{\"@type\":\"PropertyValueSpecification\",\"valueRequired\":true,\"valueName\":\"search_term_string\"}}],\"inLanguage\":\"sq-AL\"},{\"@type\":\"Organization\",\"@id\":\"https:\\\/\\\/fjala.info\\\/2009-2015\\\/#organization\",\"name\":\"FjALA e LIR\u00cb - Arkivi\",\"url\":\"https:\\\/\\\/fjala.info\\\/2009-2015\\\/\",\"logo\":{\"@type\":\"ImageObject\",\"inLanguage\":\"sq-AL\",\"@id\":\"https:\\\/\\\/fjala.info\\\/2009-2015\\\/#\\\/schema\\\/logo\\\/image\\\/\",\"url\":\"\",\"contentUrl\":\"\",\"caption\":\"FjALA e LIR\u00cb - Arkivi\"},\"image\":{\"@id\":\"https:\\\/\\\/fjala.info\\\/2009-2015\\\/#\\\/schema\\\/logo\\\/image\\\/\"}},{\"@type\":\"Person\",\"@id\":\"https:\\\/\\\/fjala.info\\\/2009-2015\\\/#\\\/schema\\\/person\\\/3aa1163ef05469c496fc94e77611ada2\",\"name\":\"admin\",\"image\":{\"@type\":\"ImageObject\",\"inLanguage\":\"sq-AL\",\"@id\":\"https:\\\/\\\/fjala.info\\\/2009-2015\\\/wp-content\\\/uploads\\\/2012\\\/02\\\/arben_cokaj-120x150.jpg\",\"url\":\"https:\\\/\\\/fjala.info\\\/2009-2015\\\/wp-content\\\/uploads\\\/2012\\\/02\\\/arben_cokaj-120x150.jpg\",\"contentUrl\":\"https:\\\/\\\/fjala.info\\\/2009-2015\\\/wp-content\\\/uploads\\\/2012\\\/02\\\/arben_cokaj-120x150.jpg\",\"caption\":\"admin\"},\"description\":\"Admin, Fjala e Lir\u00eb\",\"sameAs\":[\"https:\\\/\\\/fjala.info\\\/\"],\"url\":\"https:\\\/\\\/fjala.info\\\/2009-2015\\\/author\\\/admin\\\/\"}]}<\/script>\n<!-- \/ Yoast SEO plugin. -->","yoast_head_json":{"title":"Lamtumir\u00eb Ali Podrimja\u2026! Poeti p\u00ebrcillet p\u00ebr n\u00eb banes\u00ebn e fundit - FjALA e LIR\u00cb - Arkivi","robots":{"index":"index","follow":"follow","max-snippet":"max-snippet:-1","max-image-preview":"max-image-preview:large","max-video-preview":"max-video-preview:-1"},"canonical":"https:\/\/fjala.info\/2009-2015\/lamtumire-ali-podrimja-poeti-percillet-per-ne-banesen-e-fundit\/","og_locale":"sq_AL","og_type":"article","og_title":"Lamtumir\u00eb Ali Podrimja\u2026! Poeti p\u00ebrcillet p\u00ebr n\u00eb banes\u00ebn e fundit - FjALA e LIR\u00cb - Arkivi","og_description":"Idea, 26 Korrik 2012 Prishtin\u00eb &#8211; Familjar\u00eb, koleg\u00eb, dashamir\u00ebs dhe miq t\u00eb nj\u00eb jet\u00eb i dhan\u00eb sot lamtumir\u00ebn e fundit poetit fam\u00ebmadh t\u00eb shqiptaris\u00eb, Ali Podrimja, i cili nd\u00ebrroi jet\u00eb fundjav\u00ebn e shkuar n\u00eb Lode t\u00eb Franc\u00ebs. Mediat e Kosov\u00ebs raportojn\u00eb se paraditen e k\u00ebsaj t\u00eb enjteje mb\u00ebrriti n\u00eb Prishtin\u00eb trupi i pajet\u00eb i poetit [&hellip;]","og_url":"https:\/\/fjala.info\/2009-2015\/lamtumire-ali-podrimja-poeti-percillet-per-ne-banesen-e-fundit\/","og_site_name":"FjALA e LIR\u00cb - Arkivi","article_published_time":"2012-07-26T13:47:03+00:00","og_image":[{"url":"http:\/\/www.fjala.info\/2012\/ali_podrimja_varrimi.jpg","type":"","width":"","height":""}],"author":"admin","twitter_card":"summary_large_image","twitter_misc":{"Written by":"admin","Est. reading time":"2 minutes"},"schema":{"@context":"https:\/\/schema.org","@graph":[{"@type":"Article","@id":"https:\/\/fjala.info\/2009-2015\/lamtumire-ali-podrimja-poeti-percillet-per-ne-banesen-e-fundit\/#article","isPartOf":{"@id":"https:\/\/fjala.info\/2009-2015\/lamtumire-ali-podrimja-poeti-percillet-per-ne-banesen-e-fundit\/"},"author":{"name":"admin","@id":"https:\/\/fjala.info\/2009-2015\/#\/schema\/person\/3aa1163ef05469c496fc94e77611ada2"},"headline":"Lamtumir\u00eb Ali Podrimja\u2026! Poeti p\u00ebrcillet p\u00ebr n\u00eb banes\u00ebn e fundit","datePublished":"2012-07-26T13:47:03+00:00","mainEntityOfPage":{"@id":"https:\/\/fjala.info\/2009-2015\/lamtumire-ali-podrimja-poeti-percillet-per-ne-banesen-e-fundit\/"},"wordCount":447,"commentCount":0,"publisher":{"@id":"https:\/\/fjala.info\/2009-2015\/#organization"},"image":{"@id":"https:\/\/fjala.info\/2009-2015\/lamtumire-ali-podrimja-poeti-percillet-per-ne-banesen-e-fundit\/#primaryimage"},"thumbnailUrl":"http:\/\/www.fjala.info\/2012\/ali_podrimja_varrimi.jpg","articleSection":["Artikuj"],"inLanguage":"sq-AL","potentialAction":[{"@type":"CommentAction","name":"Comment","target":["https:\/\/fjala.info\/2009-2015\/lamtumire-ali-podrimja-poeti-percillet-per-ne-banesen-e-fundit\/#respond"]}]},{"@type":"WebPage","@id":"https:\/\/fjala.info\/2009-2015\/lamtumire-ali-podrimja-poeti-percillet-per-ne-banesen-e-fundit\/","url":"https:\/\/fjala.info\/2009-2015\/lamtumire-ali-podrimja-poeti-percillet-per-ne-banesen-e-fundit\/","name":"Lamtumir\u00eb Ali Podrimja\u2026! Poeti p\u00ebrcillet p\u00ebr n\u00eb banes\u00ebn e fundit - FjALA e LIR\u00cb - Arkivi","isPartOf":{"@id":"https:\/\/fjala.info\/2009-2015\/#website"},"primaryImageOfPage":{"@id":"https:\/\/fjala.info\/2009-2015\/lamtumire-ali-podrimja-poeti-percillet-per-ne-banesen-e-fundit\/#primaryimage"},"image":{"@id":"https:\/\/fjala.info\/2009-2015\/lamtumire-ali-podrimja-poeti-percillet-per-ne-banesen-e-fundit\/#primaryimage"},"thumbnailUrl":"http:\/\/www.fjala.info\/2012\/ali_podrimja_varrimi.jpg","datePublished":"2012-07-26T13:47:03+00:00","breadcrumb":{"@id":"https:\/\/fjala.info\/2009-2015\/lamtumire-ali-podrimja-poeti-percillet-per-ne-banesen-e-fundit\/#breadcrumb"},"inLanguage":"sq-AL","potentialAction":[{"@type":"ReadAction","target":["https:\/\/fjala.info\/2009-2015\/lamtumire-ali-podrimja-poeti-percillet-per-ne-banesen-e-fundit\/"]}]},{"@type":"ImageObject","inLanguage":"sq-AL","@id":"https:\/\/fjala.info\/2009-2015\/lamtumire-ali-podrimja-poeti-percillet-per-ne-banesen-e-fundit\/#primaryimage","url":"http:\/\/www.fjala.info\/2012\/ali_podrimja_varrimi.jpg","contentUrl":"http:\/\/www.fjala.info\/2012\/ali_podrimja_varrimi.jpg"},{"@type":"BreadcrumbList","@id":"https:\/\/fjala.info\/2009-2015\/lamtumire-ali-podrimja-poeti-percillet-per-ne-banesen-e-fundit\/#breadcrumb","itemListElement":[{"@type":"ListItem","position":1,"name":"Home","item":"https:\/\/fjala.info\/2009-2015\/"},{"@type":"ListItem","position":2,"name":"Lamtumir\u00eb Ali Podrimja\u2026! Poeti p\u00ebrcillet p\u00ebr n\u00eb banes\u00ebn e fundit"}]},{"@type":"WebSite","@id":"https:\/\/fjala.info\/2009-2015\/#website","url":"https:\/\/fjala.info\/2009-2015\/","name":"FjALA e LIR\u00cb - Arkivi","description":"Arkivi 2009-2015","publisher":{"@id":"https:\/\/fjala.info\/2009-2015\/#organization"},"potentialAction":[{"@type":"SearchAction","target":{"@type":"EntryPoint","urlTemplate":"https:\/\/fjala.info\/2009-2015\/?s={search_term_string}"},"query-input":{"@type":"PropertyValueSpecification","valueRequired":true,"valueName":"search_term_string"}}],"inLanguage":"sq-AL"},{"@type":"Organization","@id":"https:\/\/fjala.info\/2009-2015\/#organization","name":"FjALA e LIR\u00cb - Arkivi","url":"https:\/\/fjala.info\/2009-2015\/","logo":{"@type":"ImageObject","inLanguage":"sq-AL","@id":"https:\/\/fjala.info\/2009-2015\/#\/schema\/logo\/image\/","url":"","contentUrl":"","caption":"FjALA e LIR\u00cb - Arkivi"},"image":{"@id":"https:\/\/fjala.info\/2009-2015\/#\/schema\/logo\/image\/"}},{"@type":"Person","@id":"https:\/\/fjala.info\/2009-2015\/#\/schema\/person\/3aa1163ef05469c496fc94e77611ada2","name":"admin","image":{"@type":"ImageObject","inLanguage":"sq-AL","@id":"https:\/\/fjala.info\/2009-2015\/wp-content\/uploads\/2012\/02\/arben_cokaj-120x150.jpg","url":"https:\/\/fjala.info\/2009-2015\/wp-content\/uploads\/2012\/02\/arben_cokaj-120x150.jpg","contentUrl":"https:\/\/fjala.info\/2009-2015\/wp-content\/uploads\/2012\/02\/arben_cokaj-120x150.jpg","caption":"admin"},"description":"Admin, Fjala e Lir\u00eb","sameAs":["https:\/\/fjala.info\/"],"url":"https:\/\/fjala.info\/2009-2015\/author\/admin\/"}]}},"_links":{"self":[{"href":"https:\/\/fjala.info\/2009-2015\/wp-json\/wp\/v2\/posts\/4059","targetHints":{"allow":["GET"]}}],"collection":[{"href":"https:\/\/fjala.info\/2009-2015\/wp-json\/wp\/v2\/posts"}],"about":[{"href":"https:\/\/fjala.info\/2009-2015\/wp-json\/wp\/v2\/types\/post"}],"author":[{"embeddable":true,"href":"https:\/\/fjala.info\/2009-2015\/wp-json\/wp\/v2\/users\/1"}],"replies":[{"embeddable":true,"href":"https:\/\/fjala.info\/2009-2015\/wp-json\/wp\/v2\/comments?post=4059"}],"version-history":[{"count":0,"href":"https:\/\/fjala.info\/2009-2015\/wp-json\/wp\/v2\/posts\/4059\/revisions"}],"wp:attachment":[{"href":"https:\/\/fjala.info\/2009-2015\/wp-json\/wp\/v2\/media?parent=4059"}],"wp:term":[{"taxonomy":"category","embeddable":true,"href":"https:\/\/fjala.info\/2009-2015\/wp-json\/wp\/v2\/categories?post=4059"},{"taxonomy":"post_tag","embeddable":true,"href":"https:\/\/fjala.info\/2009-2015\/wp-json\/wp\/v2\/tags?post=4059"}],"curies":[{"name":"wp","href":"https:\/\/api.w.org\/{rel}","templated":true}]}}