{"id":4053,"date":"2012-07-26T14:32:38","date_gmt":"2012-07-26T13:32:38","guid":{"rendered":"http:\/\/www.fjala.info\/?p=4053"},"modified":"2012-07-26T14:32:38","modified_gmt":"2012-07-26T13:32:38","slug":"ca-e-ca-po-shohin-rrezikun-e-sundimit-te-pakices","status":"publish","type":"post","link":"https:\/\/fjala.info\/2009-2015\/ca-e-ca-po-shohin-rrezikun-e-sundimit-te-pakices\/","title":{"rendered":"Ca e ca po shohin rrezikun e sundimit t\u00eb pakic\u00ebs!!!"},"content":{"rendered":"<p><img decoding=\"async\" class=\"alignleft size-thumbnail wp-image-7236\" title=\"Mustafa Nano\" src=\"http:\/\/www.fjala.info\/2012\/mustafa_nano.jpg\" alt=\"\" width=\"150\" \/> Nga <strong>Mustafa Nano<\/strong>, <em>26 korrik 2012<\/em><\/p>\n<p>Nj\u00eb shqet\u00ebsim q\u00eb dallohet mbi t\u00eb tjer\u00ebt n\u00eb Shqip\u00ebrin\u00eb e sotme \u00ebsht\u00eb ai q\u00eb ka t\u00eb b\u00ebj\u00eb me nj\u00eb regjim t\u00eb kontrollit progresiv q\u00eb mazhoranca, m\u00eb s\u00eb pari e m\u00eb shumti Kryeministri Sali Berisha, ka vendosur mbi institucionet publike e shtet\u00ebrore, e mbi jet\u00ebn publike e politike. Si zor t\u00eb gjesh ndonj\u00eb njeri t\u00eb arsyesh\u00ebm q\u00eb ta mohoj\u00eb k\u00ebt\u00eb fakt. \u00cbsht\u00eb vet\u00eb Berisha q\u00eb nuk ka b\u00ebr\u00eb asnj\u00eb p\u00ebrpjekje p\u00ebr ta maskuar k\u00ebt\u00eb strategji t\u00eb tij\u00ebn p\u00ebr t\u00eb sht\u00ebn\u00eb n\u00eb dor\u00eb gjith\u00e7ka. P\u00ebr t\u00eb ilustruar k\u00ebt\u00eb q\u00eb sapo thash\u00eb, do mund t\u00eb b\u00ebja fare kollaj nj\u00eb list\u00eb t\u00eb gjat\u00eb strukturash shtet\u00ebrore, t\u00eb cilat jan\u00eb n\u00ebn kontrollin e Kryeministrit.<\/p>\n<p>Por m\u00eb duket m\u00eb e udh\u00ebs, s\u2019ka gj\u00eb se m\u00eb e mundimshme, t\u00eb b\u00ebj nj\u00eb list\u00eb fare t\u00eb shkurt\u00ebr institucionesh q\u00eb jan\u00eb t\u00eb pavarura, q\u00eb kontrollohen nga opozita apo q\u00eb kontrollohen nga faktor\u00eb t\u00eb tjer\u00eb joqeveritar\u00eb. Cilat jan\u00eb k\u00ebto? K\u00ebtu po fus disa media opozitare, ose neutrale, disa organizata joqeveritare, dhe \u2013 n\u00eb l\u00ebmin e institucioneve publike \u2013 po llogaris Avokatin e Popullit, gjykatat e t\u00eb gjitha niveleve, Kontrollin e Shtetit (e shihni sa zem\u00ebrgjer\u00eb po tregohem?), SHISH-in, Prokurorin\u00eb dhe kaq. Deri dje ish dhe Presidenti. Qysh sot nuk \u00ebsht\u00eb m\u00eb.<\/p>\n<p>Nishani mund t\u2019na befasoj\u00eb nes\u00ebr, por sot ne nuk mund t\u00eb injorojm\u00eb faktin q\u00eb ai \u00ebsht\u00eb zgjedhur President p\u00ebr t\u2019i sh\u00ebrbyer Berish\u00ebs, i cili shum\u00eb shpejt synon t\u00eb marr\u00eb kryeprokurorin, dhe kreun e SHISH-it (k\u00ebto dy em\u00ebrime p\u00ebrb\u00ebjn\u00eb pun\u00ebt m\u00eb t\u00eb para q\u00eb Nishanit i duhet t\u00eb b\u00ebj\u00eb p\u00ebr mentorin, mbi t\u00eb gjitha bossin, e tij), dhe k\u00ebshtu brenda gjysm\u00ebs s\u00eb dyt\u00eb t\u00eb k\u00ebtij viti bien tre nga institucionet m\u00eb t\u00eb r\u00ebnd\u00ebsishme t\u00eb shtetit, q\u00eb deri m\u00eb tani kan\u00eb qen\u00eb t\u00eb pakontrolluara nga Berisha (t\u00eb kuptohemi, nuk kan\u00eb qen\u00eb n\u00eb asnj\u00eb rast kund\u00ebr Berish\u00ebs ndon\u00ebse ky i fundit u ka dh\u00ebn\u00eb arsye t\u00eb jen\u00eb kund\u00ebr tij, e ndon\u00ebse ia ka dashur puna t\u2019i quaj\u00eb si armiq p\u00ebr vdekje).<\/p>\n<p>Sistemin gjyq\u00ebsor, tok me do institucione t\u00eb tjera, i llogarita t\u00eb pavarur, por nuk duhet t\u2019na dal\u00eb nga mendja se n\u00eb nj\u00eb klim\u00eb t\u00eb kontrollit t\u00eb institucioneve t\u00eb shtetit nga nj\u00eb dor\u00eb e vetme, njer\u00ebzit e sistemit t\u00eb drejt\u00ebsis\u00eb tremben vetvetiu, gj\u00eb q\u00eb \u00ebsht\u00eb provuar m\u00eb se nj\u00ebher\u00eb. E n\u00eb k\u00ebt\u00eb kuptim, shum\u00eb shpejt mund t\u00eb vijm\u00eb n\u00eb rrethanat, kur entet e entitetet e pavarura do t\u00eb num\u00ebrohen me gishtat e nj\u00ebr\u00ebs dor\u00eb, e kur asnj\u00ebra sosh nuk do t\u00eb jet\u00eb nj\u00eb institucion publik apo shtet\u00ebror.<\/p>\n<p>Kjo \u00ebsht\u00eb situata, dhe opozita, ngaq\u00eb i kan\u00eb mbetur n\u00eb dor\u00eb \u00e7el\u00ebsat e kasht\u00ebs, po k\u00ebrkon t\u00eb shfryt\u00ebzoj\u00eb nd\u00ebrhyrjen n\u00eb Kushtetut\u00eb p\u00ebr \u00e7\u00ebshtjen e imunitetit edhe p\u00ebr nd\u00ebrhyrje t\u00eb tjera q\u00eb synojn\u00eb zgjedhjen e kryeprokurorit, apo t\u00eb an\u00ebtar\u00ebve t\u00eb Gjykat\u00ebs s\u00eb Lart\u00eb me nj\u00eb shumic\u00eb t\u00eb cil\u00ebsuar (me 84 vota). \u00cbsht\u00eb kjo nj\u00eb k\u00ebrkes\u00eb normale? Apo jan\u00eb qiqra n\u00eb hell q\u00eb k\u00ebrkon Rama? E v\u00ebrteta \u00ebsht\u00eb se kjo k\u00ebrkes\u00eb \u00ebsht\u00eb e diskutueshme sa t\u00eb duash, e prandaj mazhoranca \u00ebsht\u00eb n\u00eb t\u00eb drejt\u00ebn e vet ta refuzoj\u00eb, ashtu si\u00e7 \u00ebsht\u00eb n\u00eb t\u00eb drejt\u00ebn e socialist\u00ebve ta k\u00ebrkojn\u00eb nj\u00eb gj\u00eb t\u00eb till\u00eb n\u00eb rrethanat e instalimit t\u00eb nj\u00eb regjimi putin-ian n\u00eb Tiran\u00eb.<\/p>\n<p>Dhe kjo po ndodh. Berisha po e refuzon. Por shihni \u00e7far\u00eb argumenti ka nxjerr\u00eb p\u00ebr ta hedhur posht\u00eb si k\u00ebrkes\u00eb: \u201cKy vend p\u00ebr 45 vite \u00ebsht\u00eb drejtuar nga nj\u00eb pakic\u00eb. Ka ikur kjo koh\u00eb. Un\u00eb i b\u00ebj thirrje zotit Rama t\u00eb l\u00ebr\u00eb m\u00ebnjan\u00eb pazaret. Nuk \u00ebsht\u00eb kultura jon\u00eb \u2018e t\u00ebra p\u00ebr mua, asgj\u00eb p\u00ebr kund\u00ebrshtarin\u2019. \u00cbsht\u00eb p\u00ebr t\u00eb qeshur, apo jo? Berisha po flet p\u00ebr nj\u00eb situat\u00eb, n\u00eb t\u00eb cil\u00ebn \u00ebsht\u00eb pakica parlamentare q\u00eb p\u00ebrpiqet t\u00eb sundoj\u00eb, e t\u00eb cil\u00ebn ai nuk mund ta lejoj\u00eb. Mund t\u00eb flasim sa t\u00eb duam ne t\u00eb tjer\u00ebt, por atij aq i b\u00ebn; ai ka krijuar ca realitete t\u00eb tjera n\u00eb kaptin\u00ebn e vet, dhe t\u00eb gjitha arsyetimet i v\u00ebrtit rreth atyre realiteteve. Themi ne q\u00eb Berisha po merr n\u00ebn kontroll gjith\u00e7ka? Hm, pun\u00eb e madhe. Ai vet\u00eb ka shqet\u00ebsim tjet\u00ebr n\u00eb mendje, ai ka shqet\u00ebsimin q\u00eb pakica parlamentare k\u00ebrkon t\u2019i marr\u00eb t\u00eb gjitha.<\/p>\n<p>Nuk do t\u2019ia vlente t\u00eb komentoje Berish\u00ebn n\u00eb k\u00ebt\u00eb rast (ashtu si dhe n\u00eb raste t\u00eb tjera), por njer\u00ebzit e mazhoranc\u00ebs, madje dhe ca q\u00eb njihen si m\u00eb racional\u00ebt mes tyre, po i mbajn\u00eb iso k\u00ebsaj logjike sureale. Nj\u00eb nga k\u00ebta \u00ebsht\u00eb Neritan Ceka. Un\u00eb besoj v\u00ebrtet se Ceka \u00ebsht\u00eb, n\u00eb mos tjet\u00ebr, nj\u00eb njeri racional, por ky, n\u00eb nj\u00eb intervist\u00eb p\u00ebr televizionin A1 Report, u vu t\u00eb ndiqte e t\u00eb p\u00ebrligjte pretendimin e Berish\u00ebs mbi nj\u00eb sundim fantomatik t\u00eb pakic\u00ebs parlamentare. \u00cbsht\u00eb t\u00eb v\u00ebsh duart n\u00eb kok\u00eb. T\u00eb shoh\u00ebsh n\u00eb Shqip\u00ebrin\u00eb e sotme rrezikun e sundimit t\u00eb pakic\u00ebs parlamentare do t\u00eb thot\u00eb t\u00eb jetosh n\u00eb nj\u00eb bot\u00eb mirazhesh e halucinacionesh.<\/p>\n<p>\u201c[Me propozimin e tyre p\u00ebr t\u00eb em\u00ebruar kryeprokurorin dhe an\u00ebtar\u00ebt e Gjykat\u00ebs s\u00eb Lart\u00eb me 84 vota] socialist\u00ebt po b\u00ebjn\u00eb nj\u00eb loj\u00eb, me synimin p\u00ebr t\u00eb marr\u00eb kryeprokurorin dhe p\u00ebr t\u00eb vendosur n\u00ebn kontrollin e partis\u00eb s\u00eb tyre gjykatat, t\u00eb cilat duhet t\u00eb jen\u00eb t\u00eb popullit, e jo t\u00eb nj\u00eb partie\u201d, ka th\u00ebn\u00eb Ceka n\u00eb at\u00eb intervist\u00eb, sipas shqiptares.com. Dhe po aty n\u00ebnvizon me ton t\u00eb prer\u00eb: Edi Rama ta harroj\u00eb Prokurorin e P\u00ebrgjithsh\u00ebm dhe Gjykat\u00ebn e Lart\u00eb!<\/p>\n<p>Tani, Rama thot\u00eb \u201chajt t\u2019i zgjedhim me 84 vota ca krer\u00eb apo an\u00ebtar\u00eb institucionesh t\u00eb pavarura\u201d, gj\u00eb q\u00eb don t\u00eb thot\u00eb \u201chajt t\u2019i zgjedhim bashk\u00eb\u201d, dhe k\u00ebt\u00eb propozim mund ta hedh\u00ebsh posht\u00eb, \u00e7\u2019\u00ebsht\u00eb e v\u00ebrteta, si nj\u00eb praktik\u00eb q\u00eb bart rrezikun e bllokimit t\u00eb procesit t\u00eb em\u00ebrimit n\u00eb k\u00ebto poste, mund ta hedh\u00ebsh posht\u00eb si nj\u00eb praktik\u00eb jo t\u00eb preferueshme kudo n\u00eb bot\u00ebn demokratike, mund ta hedh\u00ebsh posht\u00eb edhe me argumente t\u00eb tjera, por ta hedh\u00ebsh posht\u00eb si nj\u00eb tentativ\u00eb t\u00eb opozit\u00ebs p\u00ebr t\u00eb marr\u00eb n\u00ebn kontroll institucionet don t\u00eb thot\u00eb se \u2013 k\u00ebshtu thon\u00eb andej nga viset e mija \u2013 \u2018truri t\u2019ka l\u00ebn\u00eb sh\u00ebnden\u00eb\u2019. N\u00eb fakt, sikur t\u2019mos e dija autorin e k\u00ebtyre deklaratave, do thoja se i ka nxjerr\u00eb nga goja ndonj\u00eb koqe kandari. E prandaj jam i pagoj\u00eb kur mendoj se \u00ebsht\u00eb Ceka, p\u00ebr t\u00eb cilin \u2013 p\u00ebrs\u00ebris \u2013 kam menduar gjith\u00eb her\u00ebn se \u00ebsht\u00eb nj\u00eb nga qeniet racionale t\u00eb k\u00ebtij vendi. Apo s\u2019jam un\u00eb racional q\u00eb kam par\u00eb tek Ceka nj\u00eb racional?<\/p>\n","protected":false},"excerpt":{"rendered":"<p>Nga Mustafa Nano, 26 korrik 2012 Nj\u00eb shqet\u00ebsim q\u00eb dallohet mbi t\u00eb tjer\u00ebt n\u00eb Shqip\u00ebrin\u00eb e sotme \u00ebsht\u00eb ai q\u00eb ka t\u00eb b\u00ebj\u00eb me nj\u00eb regjim t\u00eb kontrollit progresiv q\u00eb mazhoranca, m\u00eb s\u00eb pari e m\u00eb shumti Kryeministri Sali Berisha, ka vendosur mbi institucionet publike e shtet\u00ebrore, e mbi jet\u00ebn publike e politike. Si zor [&hellip;]<\/p>\n","protected":false},"author":1,"featured_media":0,"comment_status":"open","ping_status":"closed","sticky":false,"template":"","format":"standard","meta":{"footnotes":""},"categories":[2],"tags":[],"class_list":{"0":"post-4053","1":"post","2":"type-post","3":"status-publish","4":"format-standard","6":"category-artikuj"},"yoast_head":"<!-- This site is optimized with the Yoast SEO plugin v27.4 - https:\/\/yoast.com\/product\/yoast-seo-wordpress\/ -->\n<title>Ca e ca po shohin rrezikun e sundimit t\u00eb pakic\u00ebs!!! - FjALA e LIR\u00cb - Arkivi<\/title>\n<meta name=\"robots\" content=\"index, follow, max-snippet:-1, max-image-preview:large, max-video-preview:-1\" \/>\n<link rel=\"canonical\" href=\"https:\/\/fjala.info\/2009-2015\/ca-e-ca-po-shohin-rrezikun-e-sundimit-te-pakices\/\" \/>\n<meta property=\"og:locale\" content=\"sq_AL\" \/>\n<meta property=\"og:type\" content=\"article\" \/>\n<meta property=\"og:title\" content=\"Ca e ca po shohin rrezikun e sundimit t\u00eb pakic\u00ebs!!! - FjALA e LIR\u00cb - Arkivi\" \/>\n<meta property=\"og:description\" content=\"Nga Mustafa Nano, 26 korrik 2012 Nj\u00eb shqet\u00ebsim q\u00eb dallohet mbi t\u00eb tjer\u00ebt n\u00eb Shqip\u00ebrin\u00eb e sotme \u00ebsht\u00eb ai q\u00eb ka t\u00eb b\u00ebj\u00eb me nj\u00eb regjim t\u00eb kontrollit progresiv q\u00eb mazhoranca, m\u00eb s\u00eb pari e m\u00eb shumti Kryeministri Sali Berisha, ka vendosur mbi institucionet publike e shtet\u00ebrore, e mbi jet\u00ebn publike e politike. Si zor [&hellip;]\" \/>\n<meta property=\"og:url\" content=\"https:\/\/fjala.info\/2009-2015\/ca-e-ca-po-shohin-rrezikun-e-sundimit-te-pakices\/\" \/>\n<meta property=\"og:site_name\" content=\"FjALA e LIR\u00cb - Arkivi\" \/>\n<meta property=\"article:published_time\" content=\"2012-07-26T13:32:38+00:00\" \/>\n<meta property=\"og:image\" content=\"http:\/\/www.fjala.info\/2012\/mustafa_nano.jpg\" \/>\n<meta name=\"author\" content=\"admin\" \/>\n<meta name=\"twitter:card\" content=\"summary_large_image\" \/>\n<meta name=\"twitter:label1\" content=\"Written by\" \/>\n\t<meta name=\"twitter:data1\" content=\"admin\" \/>\n\t<meta name=\"twitter:label2\" content=\"Est. reading time\" \/>\n\t<meta name=\"twitter:data2\" content=\"6 minutes\" \/>\n<script type=\"application\/ld+json\" class=\"yoast-schema-graph\">{\"@context\":\"https:\\\/\\\/schema.org\",\"@graph\":[{\"@type\":\"Article\",\"@id\":\"https:\\\/\\\/fjala.info\\\/2009-2015\\\/ca-e-ca-po-shohin-rrezikun-e-sundimit-te-pakices\\\/#article\",\"isPartOf\":{\"@id\":\"https:\\\/\\\/fjala.info\\\/2009-2015\\\/ca-e-ca-po-shohin-rrezikun-e-sundimit-te-pakices\\\/\"},\"author\":{\"name\":\"admin\",\"@id\":\"https:\\\/\\\/fjala.info\\\/2009-2015\\\/#\\\/schema\\\/person\\\/3aa1163ef05469c496fc94e77611ada2\"},\"headline\":\"Ca e ca po shohin rrezikun e sundimit t\u00eb pakic\u00ebs!!!\",\"datePublished\":\"2012-07-26T13:32:38+00:00\",\"mainEntityOfPage\":{\"@id\":\"https:\\\/\\\/fjala.info\\\/2009-2015\\\/ca-e-ca-po-shohin-rrezikun-e-sundimit-te-pakices\\\/\"},\"wordCount\":1196,\"commentCount\":0,\"publisher\":{\"@id\":\"https:\\\/\\\/fjala.info\\\/2009-2015\\\/#organization\"},\"image\":{\"@id\":\"https:\\\/\\\/fjala.info\\\/2009-2015\\\/ca-e-ca-po-shohin-rrezikun-e-sundimit-te-pakices\\\/#primaryimage\"},\"thumbnailUrl\":\"http:\\\/\\\/www.fjala.info\\\/2012\\\/mustafa_nano.jpg\",\"articleSection\":[\"Artikuj\"],\"inLanguage\":\"sq-AL\",\"potentialAction\":[{\"@type\":\"CommentAction\",\"name\":\"Comment\",\"target\":[\"https:\\\/\\\/fjala.info\\\/2009-2015\\\/ca-e-ca-po-shohin-rrezikun-e-sundimit-te-pakices\\\/#respond\"]}]},{\"@type\":\"WebPage\",\"@id\":\"https:\\\/\\\/fjala.info\\\/2009-2015\\\/ca-e-ca-po-shohin-rrezikun-e-sundimit-te-pakices\\\/\",\"url\":\"https:\\\/\\\/fjala.info\\\/2009-2015\\\/ca-e-ca-po-shohin-rrezikun-e-sundimit-te-pakices\\\/\",\"name\":\"Ca e ca po shohin rrezikun e sundimit t\u00eb pakic\u00ebs!!! - FjALA e LIR\u00cb - Arkivi\",\"isPartOf\":{\"@id\":\"https:\\\/\\\/fjala.info\\\/2009-2015\\\/#website\"},\"primaryImageOfPage\":{\"@id\":\"https:\\\/\\\/fjala.info\\\/2009-2015\\\/ca-e-ca-po-shohin-rrezikun-e-sundimit-te-pakices\\\/#primaryimage\"},\"image\":{\"@id\":\"https:\\\/\\\/fjala.info\\\/2009-2015\\\/ca-e-ca-po-shohin-rrezikun-e-sundimit-te-pakices\\\/#primaryimage\"},\"thumbnailUrl\":\"http:\\\/\\\/www.fjala.info\\\/2012\\\/mustafa_nano.jpg\",\"datePublished\":\"2012-07-26T13:32:38+00:00\",\"breadcrumb\":{\"@id\":\"https:\\\/\\\/fjala.info\\\/2009-2015\\\/ca-e-ca-po-shohin-rrezikun-e-sundimit-te-pakices\\\/#breadcrumb\"},\"inLanguage\":\"sq-AL\",\"potentialAction\":[{\"@type\":\"ReadAction\",\"target\":[\"https:\\\/\\\/fjala.info\\\/2009-2015\\\/ca-e-ca-po-shohin-rrezikun-e-sundimit-te-pakices\\\/\"]}]},{\"@type\":\"ImageObject\",\"inLanguage\":\"sq-AL\",\"@id\":\"https:\\\/\\\/fjala.info\\\/2009-2015\\\/ca-e-ca-po-shohin-rrezikun-e-sundimit-te-pakices\\\/#primaryimage\",\"url\":\"http:\\\/\\\/www.fjala.info\\\/2012\\\/mustafa_nano.jpg\",\"contentUrl\":\"http:\\\/\\\/www.fjala.info\\\/2012\\\/mustafa_nano.jpg\"},{\"@type\":\"BreadcrumbList\",\"@id\":\"https:\\\/\\\/fjala.info\\\/2009-2015\\\/ca-e-ca-po-shohin-rrezikun-e-sundimit-te-pakices\\\/#breadcrumb\",\"itemListElement\":[{\"@type\":\"ListItem\",\"position\":1,\"name\":\"Home\",\"item\":\"https:\\\/\\\/fjala.info\\\/2009-2015\\\/\"},{\"@type\":\"ListItem\",\"position\":2,\"name\":\"Ca e ca po shohin rrezikun e sundimit t\u00eb pakic\u00ebs!!!\"}]},{\"@type\":\"WebSite\",\"@id\":\"https:\\\/\\\/fjala.info\\\/2009-2015\\\/#website\",\"url\":\"https:\\\/\\\/fjala.info\\\/2009-2015\\\/\",\"name\":\"FjALA e LIR\u00cb - Arkivi\",\"description\":\"Arkivi 2009-2015\",\"publisher\":{\"@id\":\"https:\\\/\\\/fjala.info\\\/2009-2015\\\/#organization\"},\"potentialAction\":[{\"@type\":\"SearchAction\",\"target\":{\"@type\":\"EntryPoint\",\"urlTemplate\":\"https:\\\/\\\/fjala.info\\\/2009-2015\\\/?s={search_term_string}\"},\"query-input\":{\"@type\":\"PropertyValueSpecification\",\"valueRequired\":true,\"valueName\":\"search_term_string\"}}],\"inLanguage\":\"sq-AL\"},{\"@type\":\"Organization\",\"@id\":\"https:\\\/\\\/fjala.info\\\/2009-2015\\\/#organization\",\"name\":\"FjALA e LIR\u00cb - Arkivi\",\"url\":\"https:\\\/\\\/fjala.info\\\/2009-2015\\\/\",\"logo\":{\"@type\":\"ImageObject\",\"inLanguage\":\"sq-AL\",\"@id\":\"https:\\\/\\\/fjala.info\\\/2009-2015\\\/#\\\/schema\\\/logo\\\/image\\\/\",\"url\":\"\",\"contentUrl\":\"\",\"caption\":\"FjALA e LIR\u00cb - Arkivi\"},\"image\":{\"@id\":\"https:\\\/\\\/fjala.info\\\/2009-2015\\\/#\\\/schema\\\/logo\\\/image\\\/\"}},{\"@type\":\"Person\",\"@id\":\"https:\\\/\\\/fjala.info\\\/2009-2015\\\/#\\\/schema\\\/person\\\/3aa1163ef05469c496fc94e77611ada2\",\"name\":\"admin\",\"image\":{\"@type\":\"ImageObject\",\"inLanguage\":\"sq-AL\",\"@id\":\"https:\\\/\\\/fjala.info\\\/2009-2015\\\/wp-content\\\/uploads\\\/2012\\\/02\\\/arben_cokaj-120x150.jpg\",\"url\":\"https:\\\/\\\/fjala.info\\\/2009-2015\\\/wp-content\\\/uploads\\\/2012\\\/02\\\/arben_cokaj-120x150.jpg\",\"contentUrl\":\"https:\\\/\\\/fjala.info\\\/2009-2015\\\/wp-content\\\/uploads\\\/2012\\\/02\\\/arben_cokaj-120x150.jpg\",\"caption\":\"admin\"},\"description\":\"Admin, Fjala e Lir\u00eb\",\"sameAs\":[\"https:\\\/\\\/fjala.info\\\/\"],\"url\":\"https:\\\/\\\/fjala.info\\\/2009-2015\\\/author\\\/admin\\\/\"}]}<\/script>\n<!-- \/ Yoast SEO plugin. -->","yoast_head_json":{"title":"Ca e ca po shohin rrezikun e sundimit t\u00eb pakic\u00ebs!!! - FjALA e LIR\u00cb - Arkivi","robots":{"index":"index","follow":"follow","max-snippet":"max-snippet:-1","max-image-preview":"max-image-preview:large","max-video-preview":"max-video-preview:-1"},"canonical":"https:\/\/fjala.info\/2009-2015\/ca-e-ca-po-shohin-rrezikun-e-sundimit-te-pakices\/","og_locale":"sq_AL","og_type":"article","og_title":"Ca e ca po shohin rrezikun e sundimit t\u00eb pakic\u00ebs!!! - FjALA e LIR\u00cb - Arkivi","og_description":"Nga Mustafa Nano, 26 korrik 2012 Nj\u00eb shqet\u00ebsim q\u00eb dallohet mbi t\u00eb tjer\u00ebt n\u00eb Shqip\u00ebrin\u00eb e sotme \u00ebsht\u00eb ai q\u00eb ka t\u00eb b\u00ebj\u00eb me nj\u00eb regjim t\u00eb kontrollit progresiv q\u00eb mazhoranca, m\u00eb s\u00eb pari e m\u00eb shumti Kryeministri Sali Berisha, ka vendosur mbi institucionet publike e shtet\u00ebrore, e mbi jet\u00ebn publike e politike. Si zor [&hellip;]","og_url":"https:\/\/fjala.info\/2009-2015\/ca-e-ca-po-shohin-rrezikun-e-sundimit-te-pakices\/","og_site_name":"FjALA e LIR\u00cb - Arkivi","article_published_time":"2012-07-26T13:32:38+00:00","og_image":[{"url":"http:\/\/www.fjala.info\/2012\/mustafa_nano.jpg","type":"","width":"","height":""}],"author":"admin","twitter_card":"summary_large_image","twitter_misc":{"Written by":"admin","Est. reading time":"6 minutes"},"schema":{"@context":"https:\/\/schema.org","@graph":[{"@type":"Article","@id":"https:\/\/fjala.info\/2009-2015\/ca-e-ca-po-shohin-rrezikun-e-sundimit-te-pakices\/#article","isPartOf":{"@id":"https:\/\/fjala.info\/2009-2015\/ca-e-ca-po-shohin-rrezikun-e-sundimit-te-pakices\/"},"author":{"name":"admin","@id":"https:\/\/fjala.info\/2009-2015\/#\/schema\/person\/3aa1163ef05469c496fc94e77611ada2"},"headline":"Ca e ca po shohin rrezikun e sundimit t\u00eb pakic\u00ebs!!!","datePublished":"2012-07-26T13:32:38+00:00","mainEntityOfPage":{"@id":"https:\/\/fjala.info\/2009-2015\/ca-e-ca-po-shohin-rrezikun-e-sundimit-te-pakices\/"},"wordCount":1196,"commentCount":0,"publisher":{"@id":"https:\/\/fjala.info\/2009-2015\/#organization"},"image":{"@id":"https:\/\/fjala.info\/2009-2015\/ca-e-ca-po-shohin-rrezikun-e-sundimit-te-pakices\/#primaryimage"},"thumbnailUrl":"http:\/\/www.fjala.info\/2012\/mustafa_nano.jpg","articleSection":["Artikuj"],"inLanguage":"sq-AL","potentialAction":[{"@type":"CommentAction","name":"Comment","target":["https:\/\/fjala.info\/2009-2015\/ca-e-ca-po-shohin-rrezikun-e-sundimit-te-pakices\/#respond"]}]},{"@type":"WebPage","@id":"https:\/\/fjala.info\/2009-2015\/ca-e-ca-po-shohin-rrezikun-e-sundimit-te-pakices\/","url":"https:\/\/fjala.info\/2009-2015\/ca-e-ca-po-shohin-rrezikun-e-sundimit-te-pakices\/","name":"Ca e ca po shohin rrezikun e sundimit t\u00eb pakic\u00ebs!!! - FjALA e LIR\u00cb - Arkivi","isPartOf":{"@id":"https:\/\/fjala.info\/2009-2015\/#website"},"primaryImageOfPage":{"@id":"https:\/\/fjala.info\/2009-2015\/ca-e-ca-po-shohin-rrezikun-e-sundimit-te-pakices\/#primaryimage"},"image":{"@id":"https:\/\/fjala.info\/2009-2015\/ca-e-ca-po-shohin-rrezikun-e-sundimit-te-pakices\/#primaryimage"},"thumbnailUrl":"http:\/\/www.fjala.info\/2012\/mustafa_nano.jpg","datePublished":"2012-07-26T13:32:38+00:00","breadcrumb":{"@id":"https:\/\/fjala.info\/2009-2015\/ca-e-ca-po-shohin-rrezikun-e-sundimit-te-pakices\/#breadcrumb"},"inLanguage":"sq-AL","potentialAction":[{"@type":"ReadAction","target":["https:\/\/fjala.info\/2009-2015\/ca-e-ca-po-shohin-rrezikun-e-sundimit-te-pakices\/"]}]},{"@type":"ImageObject","inLanguage":"sq-AL","@id":"https:\/\/fjala.info\/2009-2015\/ca-e-ca-po-shohin-rrezikun-e-sundimit-te-pakices\/#primaryimage","url":"http:\/\/www.fjala.info\/2012\/mustafa_nano.jpg","contentUrl":"http:\/\/www.fjala.info\/2012\/mustafa_nano.jpg"},{"@type":"BreadcrumbList","@id":"https:\/\/fjala.info\/2009-2015\/ca-e-ca-po-shohin-rrezikun-e-sundimit-te-pakices\/#breadcrumb","itemListElement":[{"@type":"ListItem","position":1,"name":"Home","item":"https:\/\/fjala.info\/2009-2015\/"},{"@type":"ListItem","position":2,"name":"Ca e ca po shohin rrezikun e sundimit t\u00eb pakic\u00ebs!!!"}]},{"@type":"WebSite","@id":"https:\/\/fjala.info\/2009-2015\/#website","url":"https:\/\/fjala.info\/2009-2015\/","name":"FjALA e LIR\u00cb - Arkivi","description":"Arkivi 2009-2015","publisher":{"@id":"https:\/\/fjala.info\/2009-2015\/#organization"},"potentialAction":[{"@type":"SearchAction","target":{"@type":"EntryPoint","urlTemplate":"https:\/\/fjala.info\/2009-2015\/?s={search_term_string}"},"query-input":{"@type":"PropertyValueSpecification","valueRequired":true,"valueName":"search_term_string"}}],"inLanguage":"sq-AL"},{"@type":"Organization","@id":"https:\/\/fjala.info\/2009-2015\/#organization","name":"FjALA e LIR\u00cb - Arkivi","url":"https:\/\/fjala.info\/2009-2015\/","logo":{"@type":"ImageObject","inLanguage":"sq-AL","@id":"https:\/\/fjala.info\/2009-2015\/#\/schema\/logo\/image\/","url":"","contentUrl":"","caption":"FjALA e LIR\u00cb - Arkivi"},"image":{"@id":"https:\/\/fjala.info\/2009-2015\/#\/schema\/logo\/image\/"}},{"@type":"Person","@id":"https:\/\/fjala.info\/2009-2015\/#\/schema\/person\/3aa1163ef05469c496fc94e77611ada2","name":"admin","image":{"@type":"ImageObject","inLanguage":"sq-AL","@id":"https:\/\/fjala.info\/2009-2015\/wp-content\/uploads\/2012\/02\/arben_cokaj-120x150.jpg","url":"https:\/\/fjala.info\/2009-2015\/wp-content\/uploads\/2012\/02\/arben_cokaj-120x150.jpg","contentUrl":"https:\/\/fjala.info\/2009-2015\/wp-content\/uploads\/2012\/02\/arben_cokaj-120x150.jpg","caption":"admin"},"description":"Admin, Fjala e Lir\u00eb","sameAs":["https:\/\/fjala.info\/"],"url":"https:\/\/fjala.info\/2009-2015\/author\/admin\/"}]}},"_links":{"self":[{"href":"https:\/\/fjala.info\/2009-2015\/wp-json\/wp\/v2\/posts\/4053","targetHints":{"allow":["GET"]}}],"collection":[{"href":"https:\/\/fjala.info\/2009-2015\/wp-json\/wp\/v2\/posts"}],"about":[{"href":"https:\/\/fjala.info\/2009-2015\/wp-json\/wp\/v2\/types\/post"}],"author":[{"embeddable":true,"href":"https:\/\/fjala.info\/2009-2015\/wp-json\/wp\/v2\/users\/1"}],"replies":[{"embeddable":true,"href":"https:\/\/fjala.info\/2009-2015\/wp-json\/wp\/v2\/comments?post=4053"}],"version-history":[{"count":0,"href":"https:\/\/fjala.info\/2009-2015\/wp-json\/wp\/v2\/posts\/4053\/revisions"}],"wp:attachment":[{"href":"https:\/\/fjala.info\/2009-2015\/wp-json\/wp\/v2\/media?parent=4053"}],"wp:term":[{"taxonomy":"category","embeddable":true,"href":"https:\/\/fjala.info\/2009-2015\/wp-json\/wp\/v2\/categories?post=4053"},{"taxonomy":"post_tag","embeddable":true,"href":"https:\/\/fjala.info\/2009-2015\/wp-json\/wp\/v2\/tags?post=4053"}],"curies":[{"name":"wp","href":"https:\/\/api.w.org\/{rel}","templated":true}]}}