{"id":4051,"date":"2012-07-26T13:59:47","date_gmt":"2012-07-26T12:59:47","guid":{"rendered":"http:\/\/www.fjala.info\/?p=4051"},"modified":"2012-07-26T13:59:47","modified_gmt":"2012-07-26T12:59:47","slug":"sa-shume-ushqime-importi","status":"publish","type":"post","link":"https:\/\/fjala.info\/2009-2015\/sa-shume-ushqime-importi\/","title":{"rendered":"Sa shum\u00eb ushqime importi!"},"content":{"rendered":"<p><img decoding=\"async\" class=\"alignright size-thumbnail wp-image-7236\" title=\"Fruta - Perime\" src=\"http:\/\/www.fjala.info\/2012\/fruits_and_vegetables.jpg\" alt=\"\" width=\"300\" \/> Nga <strong>Eduard Zaloshnja<\/strong>, 26 Korrik 2012<\/p>\n<p>Jo pak shqiptar\u00eb, kur psonisin k\u00ebto dit\u00eb, b\u00ebjn\u00eb pyetjen: \u201d Si shpjegohet q\u00eb kaq shum\u00eb fruta e perime importohen nga jasht\u00eb, edhe tani n\u00eb kulmin e sezonit t\u00eb prodhimit vendas ?\u201d Nd\u00ebrsa ata q\u00eb ndjekin statistikat e INSTAT-it, mund t\u00eb b\u00ebjn\u00eb pyetjen se si shpjegohet q\u00eb p\u00ebr \u00e7do 100 lek\u00eb mallra ushqimore q\u00eb kemi eksportuar n\u00eb 6 muajt e par\u00eb t\u00eb vitit, jan\u00eb futur n\u00eb Shqip\u00ebri 766 lek\u00eb mallra ushqimore importi ( <a href=\"http:\/\/www.instat.gov.al\/graphics\/doc\/tabelat\/trjnew\/TRJ_Qershor_12\/t2.xls\">http:\/\/www.instat.gov.al\/graphics\/doc\/tabelat\/trjnew\/TRJ_Qershor_12\/t2.xls<\/a> ). Dhe k\u00ebto pyetje t\u00eb \u00e7ojn\u00eb vetiu tek pyetja tjet\u00ebr m\u00eb thelb\u00ebsore: \u201cSi shpiegohet q\u00eb privatizimi i bujq\u00ebsis\u00eb, n\u00eb vend q\u00eb t\u00eb sillte boll\u00ebk t\u00eb produkteve bujq\u00ebsore shqiptare, ka sjell\u00eb n\u00eb fakt l\u00ebnien e jo pak tokave djerr\u00eb?\u201d K\u00ebsaj pyetje, shum\u00eb analist\u00eb i jan\u00eb p\u00ebrgjigjur me t\u00eb drejt\u00eb se fajin e ka politika.<\/p>\n<p>Kritikat kryesore ndaj politik\u00ebs grupohen n\u00eb dy kategori. N\u00eb ato q\u00eb shohin si fajtore primare politik\u00ebn e periudh\u00ebs s\u00eb diktatur\u00ebs komuniste, e cila e shfytyroi bujq\u00ebsin\u00eb me eksperimentet ekstreme kolektiviste, dhe ato q\u00eb ia hedhin fajin PD-s\u00eb p\u00ebr iniciativ\u00ebn e shp\u00ebrndarjes s\u00eb tok\u00ebs atyre q\u00eb e punonin.<\/p>\n<p>T\u00eb dyja k\u00ebto kritika q\u00ebndrojn\u00eb, por nuk e adresojn\u00eb plot\u00ebsisht problemin. K\u00ebshtu, \u00ebsht\u00eb e padiskutueshme q\u00eb kolektivizimi i sforcuar ekstrem vrau ndjenj\u00ebn e pron\u00ebs dhe komunitetit n\u00eb fshatin shqiptar. Por t\u00eb nj\u00ebjt\u00ebn gj\u00eb kolektivizimi e kishte b\u00ebr\u00eb edhe n\u00eb Kin\u00eb, e cila, pas shp\u00ebrndarjes s\u00eb tok\u00ebs p\u00ebr p\u00ebrdorim an\u00ebtar\u00ebve t\u00eb komunave bujq\u00ebsore, e dyfishoi prodhimin e drith\u00ebrave n\u00eb 10 vjet. Gjithashtu, \u00ebsht\u00eb e padiskutueshme se parcelizimi i tok\u00ebs bujq\u00ebsore mbi parimet e barazis\u00eb \u00ebsht\u00eb nj\u00eb politik\u00eb jo fort e bazuar n\u00eb logjik\u00eb ekonomike. Por nuk duhet harruar se zhvillimi i vrullsh\u00ebm i bujq\u00ebsis\u00eb japoneze e pati zanafill\u00ebn n\u00eb reform\u00ebn agrare q\u00eb b\u00ebri gjenerali amerikan McArthur pas Luft\u00ebs s\u00eb Dyt\u00eb Bot\u00ebrore.<\/p>\n<p>At\u00ebher\u00eb p\u00ebrse reforma bujq\u00ebsore nuk dha rezultat n\u00eb Shqip\u00ebri? S\u00eb pari, q\u00eb dit\u00ebn q\u00eb PD-ja shpalli se do t\u00eb privatizonte bujq\u00ebsin\u00eb, PPSH-ja, e vendosur ta mbante pushtetin me \u00e7do kusht, filloi nj\u00eb sulm t\u00eb eg\u00ebr propagandistik p\u00ebr t\u2019i futur frik\u00ebn fshatar\u00ebve se toka do t\u2019iu rikthehej bejler\u00ebve dhe agallar\u00ebve. Dhe rezultatet e atij sulmi u pan\u00eb n\u00eb zgjedhjet e marsit 1991, n\u00eb t\u00eb cilat kryetar\u00ebt e kooperativave fituan pothuajse 60% t\u00eb vendeve n\u00eb parlament.<\/p>\n<p>E ndodhur para nj\u00eb realiteti t\u00eb till\u00eb, PD-ja propozoi nj\u00eb ligj p\u00ebr shp\u00ebrndarjen e tok\u00ebs, i cili praktikisht nuk i kompensonte ish-pronar\u00ebt e vjet\u00ebr. Duke krijuar k\u00ebshtu nj\u00eb pasiguri pron\u00ebsie, e cila nuk lejonte shitblerjen dhe dh\u00ebnien me qira afatgjat\u00eb t\u00eb tok\u00ebs \u2013 mekanizma k\u00ebto vendimtare p\u00ebr konsolidimin e fermave dhe investimeve private n\u00eb to.<\/p>\n<p>Kuptohet q\u00eb ligji i propozuar nga PD-ja bazohej n\u00eb nj\u00eb llogari t\u00eb thjesht\u00eb politike \u2013 pa shp\u00ebrb\u00ebrjen e kooperativave, ajo nuk mund t\u00eb fitonte zgjedhje. Dhe k\u00ebt\u00eb llogari politike t\u00eb saj pakkush e kritikonte at\u00ebher\u00eb. Edhe vet\u00eb PR-ja, e cila sot ka zgjedhur si kauz\u00eb dalluese t\u00eb saj mbrojtjen e ish-pronar\u00ebve t\u00eb tok\u00ebs, n\u00eb at\u00eb koh\u00eb, shprehej se \u201cishte q\u00eb toka t\u2019i p\u00ebrkiste atij q\u00eb e punonte\u201d, dhe q\u00eb \u201ctok\u00ebn bujq\u00ebsore fshatari t\u00eb kishte t\u00eb drejt\u00eb ta trash\u00ebgonte, por jo ta shiste, ta blinte ose ta jepte me qira\u201d (Programi Elektoral i Partis\u00eb Republikane \u2013 gazeta \u201cRepublika\u201d, 17 shkurt 1991).<\/p>\n<p>Zgjidhja e detyruar politike e PD-s\u00eb n\u00eb vitin 1991 ishte nj\u00eb hibrid midis modelit kinez dhe atij japonez, dhe si e till\u00eb, ishte e destinuar t\u00eb d\u00ebshtonte. Por fatkeq\u00ebsisht, pas fitores s\u00eb marsit 1992, PD-ja, e cila kishte marr\u00eb nj\u00eb mandat plebishitar nga elektorati, nuk iu p\u00ebrkushtua kompensimit fizik ose financiar t\u00eb ish-pronar\u00ebve t\u00eb vjet\u00ebr. Si rezultat, 20 vjet\u00ebt q\u00eb pasuan e mbajt\u00ebn bujq\u00ebsin\u00eb shqiptare n\u00eb limbo \u2013 tregu i tok\u00ebs nuk u zhvillua si n\u00eb Japoni, ngaq\u00eb ekzistonte pasiguria mbi pron\u00ebsin\u00eb, dhe prodhimi bujq\u00ebsor nuk u rrit si n\u00eb Kin\u00eb, ngaq\u00eb shteti nuk vazhdoi t\u00eb sh\u00ebrbente si furnizuesi i l\u00ebnd\u00ebve t\u00eb para dhe grumbulluesi i prodhimeve.<\/p>\n<p>Duke u kthyer tek pyetja e fillimit n\u00eb lidhje me frutat dhe perimet e importit, nj\u00eb pyetje tjet\u00ebr q\u00eb mund t\u00eb b\u00ebhet sot \u00ebsht\u00eb \u201cA do t\u00eb vij\u00eb dita q\u00eb n\u00eb tavolinat tona t\u00eb kemi me boll\u00ebk perime dhe produkte t\u00eb tjera bujq\u00ebsore shqiptare?\u201d Edhe p\u00ebr k\u00ebt\u00eb pyetje, mbetet t\u00eb hidhen syt\u00eb nga politika p\u00ebr p\u00ebrgjigje.<\/p>\n<p>N\u00ebn presionin e BE-s\u00eb dhe Bank\u00ebs Bot\u00ebrore, politika shqiptare do t\u00eb arrij\u00eb t\u2019i v\u00ebr\u00eb nj\u00eb dit\u00eb kapak ligjor \u00e7\u00ebshtjes s\u00eb pron\u00ebsis\u00eb. Nd\u00ebrsa m\u00eb tej, mbetet t\u00eb shihet se \u00e7do t\u00eb b\u00ebj\u00eb qeveria q\u00eb do t\u00eb jet\u00eb n\u00eb fuqi at\u00ebher\u00eb. Th\u00ebn\u00eb m\u00eb shkoqur, mbetet t\u00eb shihet n\u00ebse ajo do t\u00eb vazhdoj\u00eb politik\u00ebn e mb\u00ebshtetjes s\u00eb heshtur t\u00eb oligark\u00ebve t\u00eb importimit t\u00eb produkteve bujq\u00ebsore, apo do t\u00eb zbatoj\u00eb politika q\u00eb nxisin prodhimin bujq\u00ebsor vendas.<\/p>\n","protected":false},"excerpt":{"rendered":"<p>Nga Eduard Zaloshnja, 26 Korrik 2012 Jo pak shqiptar\u00eb, kur psonisin k\u00ebto dit\u00eb, b\u00ebjn\u00eb pyetjen: \u201d Si shpjegohet q\u00eb kaq shum\u00eb fruta e perime importohen nga jasht\u00eb, edhe tani n\u00eb kulmin e sezonit t\u00eb prodhimit vendas ?\u201d Nd\u00ebrsa ata q\u00eb ndjekin statistikat e INSTAT-it, mund t\u00eb b\u00ebjn\u00eb pyetjen se si shpjegohet q\u00eb p\u00ebr \u00e7do 100 [&hellip;]<\/p>\n","protected":false},"author":1,"featured_media":0,"comment_status":"open","ping_status":"closed","sticky":false,"template":"","format":"standard","meta":{"footnotes":""},"categories":[2],"tags":[],"class_list":{"0":"post-4051","1":"post","2":"type-post","3":"status-publish","4":"format-standard","6":"category-artikuj"},"yoast_head":"<!-- This site is optimized with the Yoast SEO plugin v27.4 - https:\/\/yoast.com\/product\/yoast-seo-wordpress\/ -->\n<title>Sa shum\u00eb ushqime importi! - FjALA e LIR\u00cb - Arkivi<\/title>\n<meta name=\"robots\" content=\"index, follow, max-snippet:-1, max-image-preview:large, max-video-preview:-1\" \/>\n<link rel=\"canonical\" href=\"https:\/\/fjala.info\/2009-2015\/sa-shume-ushqime-importi\/\" \/>\n<meta property=\"og:locale\" content=\"sq_AL\" \/>\n<meta property=\"og:type\" content=\"article\" \/>\n<meta property=\"og:title\" content=\"Sa shum\u00eb ushqime importi! - FjALA e LIR\u00cb - Arkivi\" \/>\n<meta property=\"og:description\" content=\"Nga Eduard Zaloshnja, 26 Korrik 2012 Jo pak shqiptar\u00eb, kur psonisin k\u00ebto dit\u00eb, b\u00ebjn\u00eb pyetjen: \u201d Si shpjegohet q\u00eb kaq shum\u00eb fruta e perime importohen nga jasht\u00eb, edhe tani n\u00eb kulmin e sezonit t\u00eb prodhimit vendas ?\u201d Nd\u00ebrsa ata q\u00eb ndjekin statistikat e INSTAT-it, mund t\u00eb b\u00ebjn\u00eb pyetjen se si shpjegohet q\u00eb p\u00ebr \u00e7do 100 [&hellip;]\" \/>\n<meta property=\"og:url\" content=\"https:\/\/fjala.info\/2009-2015\/sa-shume-ushqime-importi\/\" \/>\n<meta property=\"og:site_name\" content=\"FjALA e LIR\u00cb - Arkivi\" \/>\n<meta property=\"article:published_time\" content=\"2012-07-26T12:59:47+00:00\" \/>\n<meta property=\"og:image\" content=\"http:\/\/www.fjala.info\/2012\/fruits_and_vegetables.jpg\" \/>\n<meta name=\"author\" content=\"admin\" \/>\n<meta name=\"twitter:card\" content=\"summary_large_image\" \/>\n<meta name=\"twitter:label1\" content=\"Written by\" \/>\n\t<meta name=\"twitter:data1\" content=\"admin\" \/>\n\t<meta name=\"twitter:label2\" content=\"Est. reading time\" \/>\n\t<meta name=\"twitter:data2\" content=\"4 minutes\" \/>\n<script type=\"application\/ld+json\" class=\"yoast-schema-graph\">{\"@context\":\"https:\\\/\\\/schema.org\",\"@graph\":[{\"@type\":\"Article\",\"@id\":\"https:\\\/\\\/fjala.info\\\/2009-2015\\\/sa-shume-ushqime-importi\\\/#article\",\"isPartOf\":{\"@id\":\"https:\\\/\\\/fjala.info\\\/2009-2015\\\/sa-shume-ushqime-importi\\\/\"},\"author\":{\"name\":\"admin\",\"@id\":\"https:\\\/\\\/fjala.info\\\/2009-2015\\\/#\\\/schema\\\/person\\\/3aa1163ef05469c496fc94e77611ada2\"},\"headline\":\"Sa shum\u00eb ushqime importi!\",\"datePublished\":\"2012-07-26T12:59:47+00:00\",\"mainEntityOfPage\":{\"@id\":\"https:\\\/\\\/fjala.info\\\/2009-2015\\\/sa-shume-ushqime-importi\\\/\"},\"wordCount\":873,\"commentCount\":0,\"publisher\":{\"@id\":\"https:\\\/\\\/fjala.info\\\/2009-2015\\\/#organization\"},\"image\":{\"@id\":\"https:\\\/\\\/fjala.info\\\/2009-2015\\\/sa-shume-ushqime-importi\\\/#primaryimage\"},\"thumbnailUrl\":\"http:\\\/\\\/www.fjala.info\\\/2012\\\/fruits_and_vegetables.jpg\",\"articleSection\":[\"Artikuj\"],\"inLanguage\":\"sq-AL\",\"potentialAction\":[{\"@type\":\"CommentAction\",\"name\":\"Comment\",\"target\":[\"https:\\\/\\\/fjala.info\\\/2009-2015\\\/sa-shume-ushqime-importi\\\/#respond\"]}]},{\"@type\":\"WebPage\",\"@id\":\"https:\\\/\\\/fjala.info\\\/2009-2015\\\/sa-shume-ushqime-importi\\\/\",\"url\":\"https:\\\/\\\/fjala.info\\\/2009-2015\\\/sa-shume-ushqime-importi\\\/\",\"name\":\"Sa shum\u00eb ushqime importi! - FjALA e LIR\u00cb - Arkivi\",\"isPartOf\":{\"@id\":\"https:\\\/\\\/fjala.info\\\/2009-2015\\\/#website\"},\"primaryImageOfPage\":{\"@id\":\"https:\\\/\\\/fjala.info\\\/2009-2015\\\/sa-shume-ushqime-importi\\\/#primaryimage\"},\"image\":{\"@id\":\"https:\\\/\\\/fjala.info\\\/2009-2015\\\/sa-shume-ushqime-importi\\\/#primaryimage\"},\"thumbnailUrl\":\"http:\\\/\\\/www.fjala.info\\\/2012\\\/fruits_and_vegetables.jpg\",\"datePublished\":\"2012-07-26T12:59:47+00:00\",\"breadcrumb\":{\"@id\":\"https:\\\/\\\/fjala.info\\\/2009-2015\\\/sa-shume-ushqime-importi\\\/#breadcrumb\"},\"inLanguage\":\"sq-AL\",\"potentialAction\":[{\"@type\":\"ReadAction\",\"target\":[\"https:\\\/\\\/fjala.info\\\/2009-2015\\\/sa-shume-ushqime-importi\\\/\"]}]},{\"@type\":\"ImageObject\",\"inLanguage\":\"sq-AL\",\"@id\":\"https:\\\/\\\/fjala.info\\\/2009-2015\\\/sa-shume-ushqime-importi\\\/#primaryimage\",\"url\":\"http:\\\/\\\/www.fjala.info\\\/2012\\\/fruits_and_vegetables.jpg\",\"contentUrl\":\"http:\\\/\\\/www.fjala.info\\\/2012\\\/fruits_and_vegetables.jpg\"},{\"@type\":\"BreadcrumbList\",\"@id\":\"https:\\\/\\\/fjala.info\\\/2009-2015\\\/sa-shume-ushqime-importi\\\/#breadcrumb\",\"itemListElement\":[{\"@type\":\"ListItem\",\"position\":1,\"name\":\"Home\",\"item\":\"https:\\\/\\\/fjala.info\\\/2009-2015\\\/\"},{\"@type\":\"ListItem\",\"position\":2,\"name\":\"Sa shum\u00eb ushqime importi!\"}]},{\"@type\":\"WebSite\",\"@id\":\"https:\\\/\\\/fjala.info\\\/2009-2015\\\/#website\",\"url\":\"https:\\\/\\\/fjala.info\\\/2009-2015\\\/\",\"name\":\"FjALA e LIR\u00cb - Arkivi\",\"description\":\"Arkivi 2009-2015\",\"publisher\":{\"@id\":\"https:\\\/\\\/fjala.info\\\/2009-2015\\\/#organization\"},\"potentialAction\":[{\"@type\":\"SearchAction\",\"target\":{\"@type\":\"EntryPoint\",\"urlTemplate\":\"https:\\\/\\\/fjala.info\\\/2009-2015\\\/?s={search_term_string}\"},\"query-input\":{\"@type\":\"PropertyValueSpecification\",\"valueRequired\":true,\"valueName\":\"search_term_string\"}}],\"inLanguage\":\"sq-AL\"},{\"@type\":\"Organization\",\"@id\":\"https:\\\/\\\/fjala.info\\\/2009-2015\\\/#organization\",\"name\":\"FjALA e LIR\u00cb - Arkivi\",\"url\":\"https:\\\/\\\/fjala.info\\\/2009-2015\\\/\",\"logo\":{\"@type\":\"ImageObject\",\"inLanguage\":\"sq-AL\",\"@id\":\"https:\\\/\\\/fjala.info\\\/2009-2015\\\/#\\\/schema\\\/logo\\\/image\\\/\",\"url\":\"\",\"contentUrl\":\"\",\"caption\":\"FjALA e LIR\u00cb - Arkivi\"},\"image\":{\"@id\":\"https:\\\/\\\/fjala.info\\\/2009-2015\\\/#\\\/schema\\\/logo\\\/image\\\/\"}},{\"@type\":\"Person\",\"@id\":\"https:\\\/\\\/fjala.info\\\/2009-2015\\\/#\\\/schema\\\/person\\\/3aa1163ef05469c496fc94e77611ada2\",\"name\":\"admin\",\"image\":{\"@type\":\"ImageObject\",\"inLanguage\":\"sq-AL\",\"@id\":\"https:\\\/\\\/fjala.info\\\/2009-2015\\\/wp-content\\\/uploads\\\/2012\\\/02\\\/arben_cokaj-120x150.jpg\",\"url\":\"https:\\\/\\\/fjala.info\\\/2009-2015\\\/wp-content\\\/uploads\\\/2012\\\/02\\\/arben_cokaj-120x150.jpg\",\"contentUrl\":\"https:\\\/\\\/fjala.info\\\/2009-2015\\\/wp-content\\\/uploads\\\/2012\\\/02\\\/arben_cokaj-120x150.jpg\",\"caption\":\"admin\"},\"description\":\"Admin, Fjala e Lir\u00eb\",\"sameAs\":[\"https:\\\/\\\/fjala.info\\\/\"],\"url\":\"https:\\\/\\\/fjala.info\\\/2009-2015\\\/author\\\/admin\\\/\"}]}<\/script>\n<!-- \/ Yoast SEO plugin. -->","yoast_head_json":{"title":"Sa shum\u00eb ushqime importi! - FjALA e LIR\u00cb - Arkivi","robots":{"index":"index","follow":"follow","max-snippet":"max-snippet:-1","max-image-preview":"max-image-preview:large","max-video-preview":"max-video-preview:-1"},"canonical":"https:\/\/fjala.info\/2009-2015\/sa-shume-ushqime-importi\/","og_locale":"sq_AL","og_type":"article","og_title":"Sa shum\u00eb ushqime importi! - FjALA e LIR\u00cb - Arkivi","og_description":"Nga Eduard Zaloshnja, 26 Korrik 2012 Jo pak shqiptar\u00eb, kur psonisin k\u00ebto dit\u00eb, b\u00ebjn\u00eb pyetjen: \u201d Si shpjegohet q\u00eb kaq shum\u00eb fruta e perime importohen nga jasht\u00eb, edhe tani n\u00eb kulmin e sezonit t\u00eb prodhimit vendas ?\u201d Nd\u00ebrsa ata q\u00eb ndjekin statistikat e INSTAT-it, mund t\u00eb b\u00ebjn\u00eb pyetjen se si shpjegohet q\u00eb p\u00ebr \u00e7do 100 [&hellip;]","og_url":"https:\/\/fjala.info\/2009-2015\/sa-shume-ushqime-importi\/","og_site_name":"FjALA e LIR\u00cb - Arkivi","article_published_time":"2012-07-26T12:59:47+00:00","og_image":[{"url":"http:\/\/www.fjala.info\/2012\/fruits_and_vegetables.jpg","type":"","width":"","height":""}],"author":"admin","twitter_card":"summary_large_image","twitter_misc":{"Written by":"admin","Est. reading time":"4 minutes"},"schema":{"@context":"https:\/\/schema.org","@graph":[{"@type":"Article","@id":"https:\/\/fjala.info\/2009-2015\/sa-shume-ushqime-importi\/#article","isPartOf":{"@id":"https:\/\/fjala.info\/2009-2015\/sa-shume-ushqime-importi\/"},"author":{"name":"admin","@id":"https:\/\/fjala.info\/2009-2015\/#\/schema\/person\/3aa1163ef05469c496fc94e77611ada2"},"headline":"Sa shum\u00eb ushqime importi!","datePublished":"2012-07-26T12:59:47+00:00","mainEntityOfPage":{"@id":"https:\/\/fjala.info\/2009-2015\/sa-shume-ushqime-importi\/"},"wordCount":873,"commentCount":0,"publisher":{"@id":"https:\/\/fjala.info\/2009-2015\/#organization"},"image":{"@id":"https:\/\/fjala.info\/2009-2015\/sa-shume-ushqime-importi\/#primaryimage"},"thumbnailUrl":"http:\/\/www.fjala.info\/2012\/fruits_and_vegetables.jpg","articleSection":["Artikuj"],"inLanguage":"sq-AL","potentialAction":[{"@type":"CommentAction","name":"Comment","target":["https:\/\/fjala.info\/2009-2015\/sa-shume-ushqime-importi\/#respond"]}]},{"@type":"WebPage","@id":"https:\/\/fjala.info\/2009-2015\/sa-shume-ushqime-importi\/","url":"https:\/\/fjala.info\/2009-2015\/sa-shume-ushqime-importi\/","name":"Sa shum\u00eb ushqime importi! - FjALA e LIR\u00cb - Arkivi","isPartOf":{"@id":"https:\/\/fjala.info\/2009-2015\/#website"},"primaryImageOfPage":{"@id":"https:\/\/fjala.info\/2009-2015\/sa-shume-ushqime-importi\/#primaryimage"},"image":{"@id":"https:\/\/fjala.info\/2009-2015\/sa-shume-ushqime-importi\/#primaryimage"},"thumbnailUrl":"http:\/\/www.fjala.info\/2012\/fruits_and_vegetables.jpg","datePublished":"2012-07-26T12:59:47+00:00","breadcrumb":{"@id":"https:\/\/fjala.info\/2009-2015\/sa-shume-ushqime-importi\/#breadcrumb"},"inLanguage":"sq-AL","potentialAction":[{"@type":"ReadAction","target":["https:\/\/fjala.info\/2009-2015\/sa-shume-ushqime-importi\/"]}]},{"@type":"ImageObject","inLanguage":"sq-AL","@id":"https:\/\/fjala.info\/2009-2015\/sa-shume-ushqime-importi\/#primaryimage","url":"http:\/\/www.fjala.info\/2012\/fruits_and_vegetables.jpg","contentUrl":"http:\/\/www.fjala.info\/2012\/fruits_and_vegetables.jpg"},{"@type":"BreadcrumbList","@id":"https:\/\/fjala.info\/2009-2015\/sa-shume-ushqime-importi\/#breadcrumb","itemListElement":[{"@type":"ListItem","position":1,"name":"Home","item":"https:\/\/fjala.info\/2009-2015\/"},{"@type":"ListItem","position":2,"name":"Sa shum\u00eb ushqime importi!"}]},{"@type":"WebSite","@id":"https:\/\/fjala.info\/2009-2015\/#website","url":"https:\/\/fjala.info\/2009-2015\/","name":"FjALA e LIR\u00cb - Arkivi","description":"Arkivi 2009-2015","publisher":{"@id":"https:\/\/fjala.info\/2009-2015\/#organization"},"potentialAction":[{"@type":"SearchAction","target":{"@type":"EntryPoint","urlTemplate":"https:\/\/fjala.info\/2009-2015\/?s={search_term_string}"},"query-input":{"@type":"PropertyValueSpecification","valueRequired":true,"valueName":"search_term_string"}}],"inLanguage":"sq-AL"},{"@type":"Organization","@id":"https:\/\/fjala.info\/2009-2015\/#organization","name":"FjALA e LIR\u00cb - Arkivi","url":"https:\/\/fjala.info\/2009-2015\/","logo":{"@type":"ImageObject","inLanguage":"sq-AL","@id":"https:\/\/fjala.info\/2009-2015\/#\/schema\/logo\/image\/","url":"","contentUrl":"","caption":"FjALA e LIR\u00cb - Arkivi"},"image":{"@id":"https:\/\/fjala.info\/2009-2015\/#\/schema\/logo\/image\/"}},{"@type":"Person","@id":"https:\/\/fjala.info\/2009-2015\/#\/schema\/person\/3aa1163ef05469c496fc94e77611ada2","name":"admin","image":{"@type":"ImageObject","inLanguage":"sq-AL","@id":"https:\/\/fjala.info\/2009-2015\/wp-content\/uploads\/2012\/02\/arben_cokaj-120x150.jpg","url":"https:\/\/fjala.info\/2009-2015\/wp-content\/uploads\/2012\/02\/arben_cokaj-120x150.jpg","contentUrl":"https:\/\/fjala.info\/2009-2015\/wp-content\/uploads\/2012\/02\/arben_cokaj-120x150.jpg","caption":"admin"},"description":"Admin, Fjala e Lir\u00eb","sameAs":["https:\/\/fjala.info\/"],"url":"https:\/\/fjala.info\/2009-2015\/author\/admin\/"}]}},"_links":{"self":[{"href":"https:\/\/fjala.info\/2009-2015\/wp-json\/wp\/v2\/posts\/4051","targetHints":{"allow":["GET"]}}],"collection":[{"href":"https:\/\/fjala.info\/2009-2015\/wp-json\/wp\/v2\/posts"}],"about":[{"href":"https:\/\/fjala.info\/2009-2015\/wp-json\/wp\/v2\/types\/post"}],"author":[{"embeddable":true,"href":"https:\/\/fjala.info\/2009-2015\/wp-json\/wp\/v2\/users\/1"}],"replies":[{"embeddable":true,"href":"https:\/\/fjala.info\/2009-2015\/wp-json\/wp\/v2\/comments?post=4051"}],"version-history":[{"count":0,"href":"https:\/\/fjala.info\/2009-2015\/wp-json\/wp\/v2\/posts\/4051\/revisions"}],"wp:attachment":[{"href":"https:\/\/fjala.info\/2009-2015\/wp-json\/wp\/v2\/media?parent=4051"}],"wp:term":[{"taxonomy":"category","embeddable":true,"href":"https:\/\/fjala.info\/2009-2015\/wp-json\/wp\/v2\/categories?post=4051"},{"taxonomy":"post_tag","embeddable":true,"href":"https:\/\/fjala.info\/2009-2015\/wp-json\/wp\/v2\/tags?post=4051"}],"curies":[{"name":"wp","href":"https:\/\/api.w.org\/{rel}","templated":true}]}}