{"id":405,"date":"2011-11-30T20:48:44","date_gmt":"2011-11-30T19:48:44","guid":{"rendered":"http:\/\/fjala.shkoder.net\/?p=405"},"modified":"2011-11-30T20:48:44","modified_gmt":"2011-11-30T19:48:44","slug":"perse-ankoheni-per-putinin-zoti-gorbacov","status":"publish","type":"post","link":"https:\/\/fjala.info\/2009-2015\/perse-ankoheni-per-putinin-zoti-gorbacov\/","title":{"rendered":"P\u00ebrse ankoheni p\u00ebr Putinin zoti Gorba\u00e7ov?"},"content":{"rendered":"<p><img decoding=\"async\" class=\"alignright size-thumbnail wp-image-7236\" title=\"Mero Baze\" src=\"http:\/\/www.shkoder.net\/images\/fjala\/mero_baze1.jpg\" alt=\"\" width=\"150\" \/> Nga <strong>Mero Baze<\/strong>, <em>30 N\u00ebntor 2011<\/em><\/p>\n<p>Mihail Gorba\u00e7ov ka mb\u00ebrritur n\u00eb Tiran\u00eb. Edhe pse \u00ebsht\u00eb fotografuar me udh\u00ebheq\u00ebsit politik\u00eb t\u00eb Tiran\u00ebs, edhe pse kan\u00eb kujtuar e rikujtuar Perestrojk\u00ebn, rr\u00ebzimin e komunizmit dhe vendosjen e demokracis\u00eb, n\u00eb t\u00eb v\u00ebrtet\u00eb vizita e tij nuk ka lidhje fare me to. P\u00ebr ironi t\u00eb fatit ajo \u00ebsht\u00eb realizuar pik\u00ebrisht nga deformimi i demokracis\u00eb dhe gropat e zeza t\u00eb saj.<\/p>\n<p>Gorba\u00e7ov \u00ebsht\u00eb n\u00eb Tiran\u00eb n\u00eb nj\u00eb udh\u00ebtim biznesi, i paguar nj\u00eb biznesmen shqiptar, i akuzuar vite m\u00eb par\u00eb nga Sali Berisha si trafikanti m\u00eb i madh i naft\u00ebs n\u00eb Ballkan, i p\u00ebrfolur n\u00eb afera privatizimesh dhe evazion fiskal, dhe i mbrojtur publikisht nga fotografia q\u00eb ka me gruan e Sali Berish\u00ebs. \u00cbsht\u00eb nj\u00eb soj biznesmen\u00ebsh nga ata q\u00eb rrahin dhe padisin gazetar\u00eb p\u00ebr t&#8217;u mbyllur goj\u00ebn, dhe q\u00eb u l\u00ebpijn\u00eb prapanic\u00ebn dhe paguajn\u00eb miliona pastaj p\u00ebr nj\u00eb foto me ikona politike, t\u00eb gjalla dhe ish- t\u00eb gjalla. Nj\u00eb rac\u00eb e till\u00eb n\u00eb Shqip\u00ebri ka ardhur nga Rusia, Kazakistani, Azerbajxhani, Kirgizistani \u2026 Stani\u2026 Stani.<\/p>\n<p>Nga Rusia q\u00eb e la t\u00eb lir\u00eb nga komunizmi Gorba\u00e7ovi dhe q\u00eb hierark\u00ebt e rinj t\u00eb Kremlinit e shnd\u00ebrruan n\u00eb nj\u00eb republik\u00eb t\u00eb dhunshme t\u00eb biznesit t\u00eb lidhur me mafien dhe politik\u00ebn. Spekulant\u00ebt e naft\u00ebs s\u00eb Rusis\u00eb, q\u00eb u b\u00ebn\u00eb dhe bler\u00ebs- dhe dhunues t\u00eb medies, vras\u00ebs t\u00eb gazetar\u00ebve kurajoz, byth\u00ebl\u00ebpir\u00ebs t\u00eb Putinit dhe Jelcinit, por arrogant\u00eb dhe t\u00eb dhunsh\u00ebm n\u00eb raport me shoq\u00ebrin\u00eb dhe lirin\u00eb e atij vendi, kan\u00eb eksportuar modelin e tyre n\u00eb gjith\u00eb ish- republikat sovjetike dhe fatkeq\u00ebsisht deri n\u00eb Shqip\u00ebri.<\/p>\n<p>Disa muaj m\u00eb par\u00eb Gorba\u00e7ovi dha nj\u00eb intervist\u00eb p\u00ebr medien per\u00ebndimore ku shprehu shqet\u00ebsimin se Rusia po b\u00ebnte hapa mbrapa n\u00eb demokraci, sidomos n\u00eb lirit\u00eb politike dhe medien e lir\u00eb. Arsyeja p\u00ebrse Rusia kritikohet \u00ebsht\u00eb pik\u00ebrisht se cari i ri i Kremlinit \u00ebsht\u00eb nj\u00eb ish- komunist, q\u00eb ka nd\u00ebrtuar nj\u00eb pushtet t\u00eb hekurt me ndihm\u00ebn e biznesmen\u00ebve q\u00eb kan\u00eb rr\u00ebmbyer pasurit\u00eb komb\u00ebtare t\u00eb Rusis\u00eb dhe i kan\u00eb v\u00ebn\u00eb n\u00eb sh\u00ebrbim t\u00eb pushtetit t\u00eb tij. Aty njer\u00ebzit jan\u00eb t\u00eb lir\u00eb t\u00eb lexojn\u00eb \u00e7do lib\u00ebr apo gazet\u00eb, jan\u00eb t\u00eb lir\u00eb t\u00eb hyjn\u00eb n\u00eb k\u00eb parti t\u00eb duan, por nuk jan\u00eb t\u00eb lir\u00eb t\u00eb thon\u00eb t\u00eb v\u00ebrtet\u00ebn dhe t\u00eb zgjedhin at\u00eb q\u00eb duan. \u00cbsht\u00eb pik\u00ebrisht ajo q\u00eb po ndodh n\u00eb Shqip\u00ebri.<\/p>\n<p>\u00cbsht\u00eb pik\u00ebrisht modeli putinist i kontrollit mbi politik\u00ebn, mbi zgjedhjet, mbi medien e lir\u00eb dhe elit\u00ebn e nj\u00eb vendi ai q\u00eb e ka b\u00ebr\u00eb sot Shqip\u00ebrin\u00eb nj\u00eb vend qesharak dhe t\u00eb dhimbsh\u00ebm nj\u00ebkoh\u00ebsisht, nj\u00eb vend ku ministrat ngrihen n\u00eb k\u00ebmb\u00eb duke qeshur p\u00ebr t\u00eb nderuar nj\u00eb pasardh\u00ebs t\u00eb Familjes Mbret\u00ebrore dhe ulen n\u00eb gjunj\u00eb duke qar\u00eb n\u00ebse konstatojn\u00eb se Familja n\u00eb pushtet u ka hequr v\u00ebshtrimin dhe nuk i preferon m\u00eb. Shqip\u00ebria po kthehet nga shtet n\u00eb territor, ku sundon nj\u00eb familje dhe ku axhenda e kryeministrit \u00ebsht\u00eb t\u00ebr\u00ebsisht private.<\/p>\n<p>Ai sh\u00ebtit nga nj\u00eb biznes i Familjes s\u00eb tij n\u00eb tjetrin dhe i paraqet si biznese t\u00eb shqiptar\u00ebve dhe ky model transmetohet dhe tek pinjoll\u00ebt e tij n\u00eb pushtetin lokal, ku zaptuesi i Bashkis\u00eb s\u00eb Tiran\u00ebs po kthen Kunatin n\u00eb Princ t\u00eb Tiran\u00ebs. N\u00ebse ankohesh n\u00eb Rusi p\u00ebr Putinin dhe shpreh dyshime p\u00ebr lirin\u00eb e vendit t\u00ebnd, b\u00ebju i m\u00ebshirsh\u00ebm dhe q\u00ebndro larg Putinizmit t\u00eb Tiran\u00ebs zoti Gorba\u00e7ov. Rus\u00ebt nuk jan\u00eb popull i zgjedhur q\u00eb duhen mbrojtur dhe ne duhemi posht\u00ebruar, duke na shitur Putinizmin p\u00ebr demokraci.<\/p>\n<p>Por m\u00eb shum\u00eb se r\u00ebnia n\u00eb batakun e modelit putinist, Shqip\u00ebria pret e zhg\u00ebnjyer legjend\u00ebn e p\u00ebrmbysjes s\u00eb komunizmit n\u00eb Lindje, pasi ai po vjen aq von\u00eb, sa nuk ka koh\u00eb t\u00eb shpjegoj\u00eb asgj\u00eb nga \u00ebndrra e vet p\u00ebr demokracin\u00eb. Ai q\u00eb p\u00ebrmbysi komunizmin n\u00eb em\u00ebr t\u00eb liris\u00eb dhe shanseve t\u00eb barabarta, po vjen me nj\u00eb honorar q\u00eb b\u00ebn pis \u00ebndrr\u00ebn e tij, duke na sjell\u00eb n\u00eb vend t\u00eb nostalgjis\u00eb p\u00ebr at\u00eb q\u00eb ka b\u00ebr\u00eb, zhg\u00ebnjimin p\u00ebr k\u00ebt\u00eb q\u00eb po b\u00ebn.<\/p>\n<p>Ai po vjen jo m\u00eb n\u00eb em\u00ebr t\u00eb s\u00eb shkuar\u00ebs q\u00eb t\u00eb l\u00eb nj\u00eb shije fisnike n\u00eb kujtes\u00eb, por n\u00eb em\u00ebr t\u00eb skenarit m\u00eb t\u00eb keq t\u00eb degradimit t\u00eb demokracis\u00eb, modelit rus q\u00eb po p\u00ebrhapet si epidemi n\u00eb gjith\u00eb ish- hap\u00ebsirat e kampit socialist. Ai po vjen p\u00ebr t\u00eb na kujtuar se 20 vjet pas r\u00ebnies s\u00eb Murit, mbet\u00ebm me Lindjen, me mafien, me munges\u00ebn e liris\u00eb. Ai po vjen me honorare t\u00eb lart\u00eb. Aq t\u00eb lart\u00eb, sa kan\u00eb bler\u00eb me t\u00eb dhe historin\u00eb, p\u00ebr t\u00eb cil\u00ebn mund t\u00eb prisnim t\u00eb g\u00ebzuar Gorbacovin qe enderruam dhe nuk erdhi kurre.<\/p>\n","protected":false},"excerpt":{"rendered":"<p>Nga Mero Baze, 30 N\u00ebntor 2011 Mihail Gorba\u00e7ov ka mb\u00ebrritur n\u00eb Tiran\u00eb. Edhe pse \u00ebsht\u00eb fotografuar me udh\u00ebheq\u00ebsit politik\u00eb t\u00eb Tiran\u00ebs, edhe pse kan\u00eb kujtuar e rikujtuar Perestrojk\u00ebn, rr\u00ebzimin e komunizmit dhe vendosjen e demokracis\u00eb, n\u00eb t\u00eb v\u00ebrtet\u00eb vizita e tij nuk ka lidhje fare me to. P\u00ebr ironi t\u00eb fatit ajo \u00ebsht\u00eb realizuar pik\u00ebrisht [&hellip;]<\/p>\n","protected":false},"author":1,"featured_media":0,"comment_status":"open","ping_status":"closed","sticky":false,"template":"","format":"standard","meta":{"footnotes":""},"categories":[2],"tags":[],"class_list":{"0":"post-405","1":"post","2":"type-post","3":"status-publish","4":"format-standard","6":"category-artikuj"},"yoast_head":"<!-- This site is optimized with the Yoast SEO plugin v27.4 - https:\/\/yoast.com\/product\/yoast-seo-wordpress\/ -->\n<title>P\u00ebrse ankoheni p\u00ebr Putinin zoti Gorba\u00e7ov? - FjALA e LIR\u00cb - Arkivi<\/title>\n<meta name=\"robots\" content=\"index, follow, max-snippet:-1, max-image-preview:large, max-video-preview:-1\" \/>\n<link rel=\"canonical\" href=\"https:\/\/fjala.info\/2009-2015\/perse-ankoheni-per-putinin-zoti-gorbacov\/\" \/>\n<meta property=\"og:locale\" content=\"sq_AL\" \/>\n<meta property=\"og:type\" content=\"article\" \/>\n<meta property=\"og:title\" content=\"P\u00ebrse ankoheni p\u00ebr Putinin zoti Gorba\u00e7ov? - FjALA e LIR\u00cb - Arkivi\" \/>\n<meta property=\"og:description\" content=\"Nga Mero Baze, 30 N\u00ebntor 2011 Mihail Gorba\u00e7ov ka mb\u00ebrritur n\u00eb Tiran\u00eb. Edhe pse \u00ebsht\u00eb fotografuar me udh\u00ebheq\u00ebsit politik\u00eb t\u00eb Tiran\u00ebs, edhe pse kan\u00eb kujtuar e rikujtuar Perestrojk\u00ebn, rr\u00ebzimin e komunizmit dhe vendosjen e demokracis\u00eb, n\u00eb t\u00eb v\u00ebrtet\u00eb vizita e tij nuk ka lidhje fare me to. P\u00ebr ironi t\u00eb fatit ajo \u00ebsht\u00eb realizuar pik\u00ebrisht [&hellip;]\" \/>\n<meta property=\"og:url\" content=\"https:\/\/fjala.info\/2009-2015\/perse-ankoheni-per-putinin-zoti-gorbacov\/\" \/>\n<meta property=\"og:site_name\" content=\"FjALA e LIR\u00cb - Arkivi\" \/>\n<meta property=\"article:published_time\" content=\"2011-11-30T19:48:44+00:00\" \/>\n<meta property=\"og:image\" content=\"http:\/\/www.shkoder.net\/images\/fjala\/mero_baze1.jpg\" \/>\n<meta name=\"author\" content=\"admin\" \/>\n<meta name=\"twitter:card\" content=\"summary_large_image\" \/>\n<meta name=\"twitter:label1\" content=\"Written by\" \/>\n\t<meta name=\"twitter:data1\" content=\"admin\" \/>\n\t<meta name=\"twitter:label2\" content=\"Est. reading time\" \/>\n\t<meta name=\"twitter:data2\" content=\"4 minutes\" \/>\n<script type=\"application\/ld+json\" class=\"yoast-schema-graph\">{\"@context\":\"https:\\\/\\\/schema.org\",\"@graph\":[{\"@type\":\"Article\",\"@id\":\"https:\\\/\\\/fjala.info\\\/2009-2015\\\/perse-ankoheni-per-putinin-zoti-gorbacov\\\/#article\",\"isPartOf\":{\"@id\":\"https:\\\/\\\/fjala.info\\\/2009-2015\\\/perse-ankoheni-per-putinin-zoti-gorbacov\\\/\"},\"author\":{\"name\":\"admin\",\"@id\":\"https:\\\/\\\/fjala.info\\\/2009-2015\\\/#\\\/schema\\\/person\\\/3aa1163ef05469c496fc94e77611ada2\"},\"headline\":\"P\u00ebrse ankoheni p\u00ebr Putinin zoti Gorba\u00e7ov?\",\"datePublished\":\"2011-11-30T19:48:44+00:00\",\"mainEntityOfPage\":{\"@id\":\"https:\\\/\\\/fjala.info\\\/2009-2015\\\/perse-ankoheni-per-putinin-zoti-gorbacov\\\/\"},\"wordCount\":856,\"commentCount\":0,\"publisher\":{\"@id\":\"https:\\\/\\\/fjala.info\\\/2009-2015\\\/#organization\"},\"image\":{\"@id\":\"https:\\\/\\\/fjala.info\\\/2009-2015\\\/perse-ankoheni-per-putinin-zoti-gorbacov\\\/#primaryimage\"},\"thumbnailUrl\":\"http:\\\/\\\/www.shkoder.net\\\/images\\\/fjala\\\/mero_baze1.jpg\",\"articleSection\":[\"Artikuj\"],\"inLanguage\":\"sq-AL\",\"potentialAction\":[{\"@type\":\"CommentAction\",\"name\":\"Comment\",\"target\":[\"https:\\\/\\\/fjala.info\\\/2009-2015\\\/perse-ankoheni-per-putinin-zoti-gorbacov\\\/#respond\"]}]},{\"@type\":\"WebPage\",\"@id\":\"https:\\\/\\\/fjala.info\\\/2009-2015\\\/perse-ankoheni-per-putinin-zoti-gorbacov\\\/\",\"url\":\"https:\\\/\\\/fjala.info\\\/2009-2015\\\/perse-ankoheni-per-putinin-zoti-gorbacov\\\/\",\"name\":\"P\u00ebrse ankoheni p\u00ebr Putinin zoti Gorba\u00e7ov? - FjALA e LIR\u00cb - Arkivi\",\"isPartOf\":{\"@id\":\"https:\\\/\\\/fjala.info\\\/2009-2015\\\/#website\"},\"primaryImageOfPage\":{\"@id\":\"https:\\\/\\\/fjala.info\\\/2009-2015\\\/perse-ankoheni-per-putinin-zoti-gorbacov\\\/#primaryimage\"},\"image\":{\"@id\":\"https:\\\/\\\/fjala.info\\\/2009-2015\\\/perse-ankoheni-per-putinin-zoti-gorbacov\\\/#primaryimage\"},\"thumbnailUrl\":\"http:\\\/\\\/www.shkoder.net\\\/images\\\/fjala\\\/mero_baze1.jpg\",\"datePublished\":\"2011-11-30T19:48:44+00:00\",\"breadcrumb\":{\"@id\":\"https:\\\/\\\/fjala.info\\\/2009-2015\\\/perse-ankoheni-per-putinin-zoti-gorbacov\\\/#breadcrumb\"},\"inLanguage\":\"sq-AL\",\"potentialAction\":[{\"@type\":\"ReadAction\",\"target\":[\"https:\\\/\\\/fjala.info\\\/2009-2015\\\/perse-ankoheni-per-putinin-zoti-gorbacov\\\/\"]}]},{\"@type\":\"ImageObject\",\"inLanguage\":\"sq-AL\",\"@id\":\"https:\\\/\\\/fjala.info\\\/2009-2015\\\/perse-ankoheni-per-putinin-zoti-gorbacov\\\/#primaryimage\",\"url\":\"http:\\\/\\\/www.shkoder.net\\\/images\\\/fjala\\\/mero_baze1.jpg\",\"contentUrl\":\"http:\\\/\\\/www.shkoder.net\\\/images\\\/fjala\\\/mero_baze1.jpg\"},{\"@type\":\"BreadcrumbList\",\"@id\":\"https:\\\/\\\/fjala.info\\\/2009-2015\\\/perse-ankoheni-per-putinin-zoti-gorbacov\\\/#breadcrumb\",\"itemListElement\":[{\"@type\":\"ListItem\",\"position\":1,\"name\":\"Home\",\"item\":\"https:\\\/\\\/fjala.info\\\/2009-2015\\\/\"},{\"@type\":\"ListItem\",\"position\":2,\"name\":\"P\u00ebrse ankoheni p\u00ebr Putinin zoti Gorba\u00e7ov?\"}]},{\"@type\":\"WebSite\",\"@id\":\"https:\\\/\\\/fjala.info\\\/2009-2015\\\/#website\",\"url\":\"https:\\\/\\\/fjala.info\\\/2009-2015\\\/\",\"name\":\"FjALA e LIR\u00cb - Arkivi\",\"description\":\"Arkivi 2009-2015\",\"publisher\":{\"@id\":\"https:\\\/\\\/fjala.info\\\/2009-2015\\\/#organization\"},\"potentialAction\":[{\"@type\":\"SearchAction\",\"target\":{\"@type\":\"EntryPoint\",\"urlTemplate\":\"https:\\\/\\\/fjala.info\\\/2009-2015\\\/?s={search_term_string}\"},\"query-input\":{\"@type\":\"PropertyValueSpecification\",\"valueRequired\":true,\"valueName\":\"search_term_string\"}}],\"inLanguage\":\"sq-AL\"},{\"@type\":\"Organization\",\"@id\":\"https:\\\/\\\/fjala.info\\\/2009-2015\\\/#organization\",\"name\":\"FjALA e LIR\u00cb - Arkivi\",\"url\":\"https:\\\/\\\/fjala.info\\\/2009-2015\\\/\",\"logo\":{\"@type\":\"ImageObject\",\"inLanguage\":\"sq-AL\",\"@id\":\"https:\\\/\\\/fjala.info\\\/2009-2015\\\/#\\\/schema\\\/logo\\\/image\\\/\",\"url\":\"\",\"contentUrl\":\"\",\"caption\":\"FjALA e LIR\u00cb - Arkivi\"},\"image\":{\"@id\":\"https:\\\/\\\/fjala.info\\\/2009-2015\\\/#\\\/schema\\\/logo\\\/image\\\/\"}},{\"@type\":\"Person\",\"@id\":\"https:\\\/\\\/fjala.info\\\/2009-2015\\\/#\\\/schema\\\/person\\\/3aa1163ef05469c496fc94e77611ada2\",\"name\":\"admin\",\"image\":{\"@type\":\"ImageObject\",\"inLanguage\":\"sq-AL\",\"@id\":\"https:\\\/\\\/fjala.info\\\/2009-2015\\\/wp-content\\\/uploads\\\/2012\\\/02\\\/arben_cokaj-120x150.jpg\",\"url\":\"https:\\\/\\\/fjala.info\\\/2009-2015\\\/wp-content\\\/uploads\\\/2012\\\/02\\\/arben_cokaj-120x150.jpg\",\"contentUrl\":\"https:\\\/\\\/fjala.info\\\/2009-2015\\\/wp-content\\\/uploads\\\/2012\\\/02\\\/arben_cokaj-120x150.jpg\",\"caption\":\"admin\"},\"description\":\"Admin, Fjala e Lir\u00eb\",\"sameAs\":[\"https:\\\/\\\/fjala.info\\\/\"],\"url\":\"https:\\\/\\\/fjala.info\\\/2009-2015\\\/author\\\/admin\\\/\"}]}<\/script>\n<!-- \/ Yoast SEO plugin. -->","yoast_head_json":{"title":"P\u00ebrse ankoheni p\u00ebr Putinin zoti Gorba\u00e7ov? - FjALA e LIR\u00cb - Arkivi","robots":{"index":"index","follow":"follow","max-snippet":"max-snippet:-1","max-image-preview":"max-image-preview:large","max-video-preview":"max-video-preview:-1"},"canonical":"https:\/\/fjala.info\/2009-2015\/perse-ankoheni-per-putinin-zoti-gorbacov\/","og_locale":"sq_AL","og_type":"article","og_title":"P\u00ebrse ankoheni p\u00ebr Putinin zoti Gorba\u00e7ov? - FjALA e LIR\u00cb - Arkivi","og_description":"Nga Mero Baze, 30 N\u00ebntor 2011 Mihail Gorba\u00e7ov ka mb\u00ebrritur n\u00eb Tiran\u00eb. Edhe pse \u00ebsht\u00eb fotografuar me udh\u00ebheq\u00ebsit politik\u00eb t\u00eb Tiran\u00ebs, edhe pse kan\u00eb kujtuar e rikujtuar Perestrojk\u00ebn, rr\u00ebzimin e komunizmit dhe vendosjen e demokracis\u00eb, n\u00eb t\u00eb v\u00ebrtet\u00eb vizita e tij nuk ka lidhje fare me to. P\u00ebr ironi t\u00eb fatit ajo \u00ebsht\u00eb realizuar pik\u00ebrisht [&hellip;]","og_url":"https:\/\/fjala.info\/2009-2015\/perse-ankoheni-per-putinin-zoti-gorbacov\/","og_site_name":"FjALA e LIR\u00cb - Arkivi","article_published_time":"2011-11-30T19:48:44+00:00","og_image":[{"url":"http:\/\/www.shkoder.net\/images\/fjala\/mero_baze1.jpg","type":"","width":"","height":""}],"author":"admin","twitter_card":"summary_large_image","twitter_misc":{"Written by":"admin","Est. reading time":"4 minutes"},"schema":{"@context":"https:\/\/schema.org","@graph":[{"@type":"Article","@id":"https:\/\/fjala.info\/2009-2015\/perse-ankoheni-per-putinin-zoti-gorbacov\/#article","isPartOf":{"@id":"https:\/\/fjala.info\/2009-2015\/perse-ankoheni-per-putinin-zoti-gorbacov\/"},"author":{"name":"admin","@id":"https:\/\/fjala.info\/2009-2015\/#\/schema\/person\/3aa1163ef05469c496fc94e77611ada2"},"headline":"P\u00ebrse ankoheni p\u00ebr Putinin zoti Gorba\u00e7ov?","datePublished":"2011-11-30T19:48:44+00:00","mainEntityOfPage":{"@id":"https:\/\/fjala.info\/2009-2015\/perse-ankoheni-per-putinin-zoti-gorbacov\/"},"wordCount":856,"commentCount":0,"publisher":{"@id":"https:\/\/fjala.info\/2009-2015\/#organization"},"image":{"@id":"https:\/\/fjala.info\/2009-2015\/perse-ankoheni-per-putinin-zoti-gorbacov\/#primaryimage"},"thumbnailUrl":"http:\/\/www.shkoder.net\/images\/fjala\/mero_baze1.jpg","articleSection":["Artikuj"],"inLanguage":"sq-AL","potentialAction":[{"@type":"CommentAction","name":"Comment","target":["https:\/\/fjala.info\/2009-2015\/perse-ankoheni-per-putinin-zoti-gorbacov\/#respond"]}]},{"@type":"WebPage","@id":"https:\/\/fjala.info\/2009-2015\/perse-ankoheni-per-putinin-zoti-gorbacov\/","url":"https:\/\/fjala.info\/2009-2015\/perse-ankoheni-per-putinin-zoti-gorbacov\/","name":"P\u00ebrse ankoheni p\u00ebr Putinin zoti Gorba\u00e7ov? - FjALA e LIR\u00cb - Arkivi","isPartOf":{"@id":"https:\/\/fjala.info\/2009-2015\/#website"},"primaryImageOfPage":{"@id":"https:\/\/fjala.info\/2009-2015\/perse-ankoheni-per-putinin-zoti-gorbacov\/#primaryimage"},"image":{"@id":"https:\/\/fjala.info\/2009-2015\/perse-ankoheni-per-putinin-zoti-gorbacov\/#primaryimage"},"thumbnailUrl":"http:\/\/www.shkoder.net\/images\/fjala\/mero_baze1.jpg","datePublished":"2011-11-30T19:48:44+00:00","breadcrumb":{"@id":"https:\/\/fjala.info\/2009-2015\/perse-ankoheni-per-putinin-zoti-gorbacov\/#breadcrumb"},"inLanguage":"sq-AL","potentialAction":[{"@type":"ReadAction","target":["https:\/\/fjala.info\/2009-2015\/perse-ankoheni-per-putinin-zoti-gorbacov\/"]}]},{"@type":"ImageObject","inLanguage":"sq-AL","@id":"https:\/\/fjala.info\/2009-2015\/perse-ankoheni-per-putinin-zoti-gorbacov\/#primaryimage","url":"http:\/\/www.shkoder.net\/images\/fjala\/mero_baze1.jpg","contentUrl":"http:\/\/www.shkoder.net\/images\/fjala\/mero_baze1.jpg"},{"@type":"BreadcrumbList","@id":"https:\/\/fjala.info\/2009-2015\/perse-ankoheni-per-putinin-zoti-gorbacov\/#breadcrumb","itemListElement":[{"@type":"ListItem","position":1,"name":"Home","item":"https:\/\/fjala.info\/2009-2015\/"},{"@type":"ListItem","position":2,"name":"P\u00ebrse ankoheni p\u00ebr Putinin zoti Gorba\u00e7ov?"}]},{"@type":"WebSite","@id":"https:\/\/fjala.info\/2009-2015\/#website","url":"https:\/\/fjala.info\/2009-2015\/","name":"FjALA e LIR\u00cb - Arkivi","description":"Arkivi 2009-2015","publisher":{"@id":"https:\/\/fjala.info\/2009-2015\/#organization"},"potentialAction":[{"@type":"SearchAction","target":{"@type":"EntryPoint","urlTemplate":"https:\/\/fjala.info\/2009-2015\/?s={search_term_string}"},"query-input":{"@type":"PropertyValueSpecification","valueRequired":true,"valueName":"search_term_string"}}],"inLanguage":"sq-AL"},{"@type":"Organization","@id":"https:\/\/fjala.info\/2009-2015\/#organization","name":"FjALA e LIR\u00cb - Arkivi","url":"https:\/\/fjala.info\/2009-2015\/","logo":{"@type":"ImageObject","inLanguage":"sq-AL","@id":"https:\/\/fjala.info\/2009-2015\/#\/schema\/logo\/image\/","url":"","contentUrl":"","caption":"FjALA e LIR\u00cb - Arkivi"},"image":{"@id":"https:\/\/fjala.info\/2009-2015\/#\/schema\/logo\/image\/"}},{"@type":"Person","@id":"https:\/\/fjala.info\/2009-2015\/#\/schema\/person\/3aa1163ef05469c496fc94e77611ada2","name":"admin","image":{"@type":"ImageObject","inLanguage":"sq-AL","@id":"https:\/\/fjala.info\/2009-2015\/wp-content\/uploads\/2012\/02\/arben_cokaj-120x150.jpg","url":"https:\/\/fjala.info\/2009-2015\/wp-content\/uploads\/2012\/02\/arben_cokaj-120x150.jpg","contentUrl":"https:\/\/fjala.info\/2009-2015\/wp-content\/uploads\/2012\/02\/arben_cokaj-120x150.jpg","caption":"admin"},"description":"Admin, Fjala e Lir\u00eb","sameAs":["https:\/\/fjala.info\/"],"url":"https:\/\/fjala.info\/2009-2015\/author\/admin\/"}]}},"_links":{"self":[{"href":"https:\/\/fjala.info\/2009-2015\/wp-json\/wp\/v2\/posts\/405","targetHints":{"allow":["GET"]}}],"collection":[{"href":"https:\/\/fjala.info\/2009-2015\/wp-json\/wp\/v2\/posts"}],"about":[{"href":"https:\/\/fjala.info\/2009-2015\/wp-json\/wp\/v2\/types\/post"}],"author":[{"embeddable":true,"href":"https:\/\/fjala.info\/2009-2015\/wp-json\/wp\/v2\/users\/1"}],"replies":[{"embeddable":true,"href":"https:\/\/fjala.info\/2009-2015\/wp-json\/wp\/v2\/comments?post=405"}],"version-history":[{"count":0,"href":"https:\/\/fjala.info\/2009-2015\/wp-json\/wp\/v2\/posts\/405\/revisions"}],"wp:attachment":[{"href":"https:\/\/fjala.info\/2009-2015\/wp-json\/wp\/v2\/media?parent=405"}],"wp:term":[{"taxonomy":"category","embeddable":true,"href":"https:\/\/fjala.info\/2009-2015\/wp-json\/wp\/v2\/categories?post=405"},{"taxonomy":"post_tag","embeddable":true,"href":"https:\/\/fjala.info\/2009-2015\/wp-json\/wp\/v2\/tags?post=405"}],"curies":[{"name":"wp","href":"https:\/\/api.w.org\/{rel}","templated":true}]}}