{"id":4045,"date":"2012-07-26T09:52:36","date_gmt":"2012-07-26T08:52:36","guid":{"rendered":"http:\/\/www.fjala.info\/?p=4045"},"modified":"2012-07-26T09:52:36","modified_gmt":"2012-07-26T08:52:36","slug":"jari-me-mustaqe-jari-me-nishan","status":"publish","type":"post","link":"https:\/\/fjala.info\/2009-2015\/jari-me-mustaqe-jari-me-nishan\/","title":{"rendered":"Jari me mustaqe, Jari me nishan"},"content":{"rendered":"<p><img decoding=\"async\" class=\"alignright size-thumbnail wp-image-7236\" title=\"Bujari me t\u00eb shoqen\" src=\"http:\/\/www.fjala.info\/2012\/bujari_me_te_shoqen.jpg\" alt=\"\" width=\"300\" \/> Nga <strong>Bledi Mane<\/strong> &#8211; <strong><em>Public Enemy<\/em><\/strong>, <em>25 Korrik 2012<\/em><br \/>\nwww.facebook.com\/bledi.mane<\/p>\n<p>P\u00ebr her\u00eb t\u00eb par\u00eb gjat\u00eb k\u00ebtyre 100 viteve t\u00eb independenc\u00ebs, Shqip\u00ebria ka \u00e7liruar veten nga hipokrizia periodike e lider\u00ebzimit chic, fodull dhe hipokrit. Fatmir\u00ebsisht dhe fatkeq\u00ebsisht pes\u00eb vitet e ardhshme nuk do t\u00eb kemi n\u00eb krye t\u00eb shtetit nj\u00eb drejtues q\u00eb do t\u00eb stonoj\u00eb me republik\u00ebn. Nuk do t\u00eb kemi nj\u00eb president t\u00eb sh\u00ebndetsh\u00ebm, t\u00eb gjat\u00eb, simpatik, pragmatist, luajal, avokat t\u00eb Kushtetut\u00ebs, mbi pal\u00ebt politike por mrekullisht k\u00ebsaj here Ai na ka zgjedhur nj\u00eb president kopje t\u00eb vet\u00eb Shqip\u00ebris\u00eb.<\/p>\n<p>Nuk dua t\u2019ia prish g\u00ebzimin Bujar Nishanit t\u00eb sapo ulur m\u00eb byth\u00eb mbi karrigen e Bamir Topit, por dje tek shikoja pamjet e ceremonis\u00eb me topa e gjyle mu p\u00ebrshk\u00ebndit para syve dhe nuhata n\u00ebp\u00ebr hund\u00eb nj\u00eb Shqip\u00ebri m\u00eb orientale, m\u00eb t\u00eb lodhur. Bujari i veshur me kostum t\u00eb zi e kravat\u00eb t\u00eb kuqe thjesht m\u00eb sh\u00ebmb\u00eblleu Shqip\u00ebrin\u00eb e sotme origjinale e pa lajle-lule.<\/p>\n<p>Nj\u00eb Bujar me flok\u00eb gjys\u00ebm t\u00eb r\u00ebn\u00eb maj\u00eb koke m\u00eb fanepsi pyjet e prer\u00eb dhe t\u00eb masakruar t\u00eb vendit tim.<\/p>\n<p>Nj\u00eb Bujar gjys\u00ebm i mpir\u00eb me dor\u00eb e k\u00ebmb\u00eb t\u00eb s\u00ebmur\u00eb e pa qarkullim gjaku nd\u00ebr vena m\u00eb pikturoi Shqip\u00ebrin\u00eb e veriut t\u00eb braktisur e abandonuar prej gjindjes ku nuk qarkullon asnj\u00eb frym\u00eb.<\/p>\n<p>Nj\u00eb Bujar me mustaqe aspak estetike dhe stonatur\u00eb e gjall\u00eb n\u00eb raport me fytyr\u00ebn dhe llapat e vesh\u00ebve m\u00eb kujtoi nd\u00ebrtimet e paligjshme buz\u00eb bregdetit t\u00eb \u00e7virgj\u00ebruar shpartalluesh\u00ebm t\u00eb k\u00ebsaj qoshke mesdhetare.<\/p>\n<p>Nj\u00eb Bujar q\u00eb handikapi i t\u00eb ecurit ia v\u00ebshtir\u00ebson m\u00eb tep\u00ebr detyr\u00ebn m\u00eb vizaton bardh\u00eb e zi nj\u00eb Shqip\u00ebri q\u00eb pa ndihm\u00ebn prej shteteve mike mund t\u00eb plasej n\u00eb tok\u00eb e t\u00eb ngordhte e vetmuar aty prore.<\/p>\n<p>Nj\u00eb Bujar tek lexonte fjalimin e that\u00eb, ordiner, t\u00eb vak\u00ebt dhe pa kolorit shprese dhe entuziazmi t\u00eb inaugurimit m\u00eb kujtonte Shqip\u00ebrin\u00eb analfabete, t\u00eb keqarsimuar dhe me elita t\u00eb strukura fshehtas n\u00eb skutat e frik\u00ebs apo materializmit makut.<\/p>\n<p>Nj\u00eb Bujar i zgjedhur kuturu rast\u00ebsish\u00ebm president nga i Plotfuqishmi m\u00eb kujton n\u00ebp\u00ebrk\u00ebmbjen q\u00eb i b\u00ebhet vendit nga t\u00eb nj\u00ebjta koka t\u00eb nxehta politikan\u00ebsh lokal\u00eb apo diplomat\u00eb anonim\u00eb per\u00ebndimor\u00eb q\u00eb Shqip\u00ebria i kthen n\u00eb yje ekranesh t\u00eb cil\u00ebt xhelozojn\u00eb m\u00eb pas Hollywood e Bollywood bashk\u00eb.<\/p>\n<p>Bujar Nishani \u00ebsht\u00eb kopja e gjall\u00eb e Shqip\u00ebris\u00eb s\u00eb s\u00ebmur\u00eb. Zgjedhja e tij prej Atij duhet p\u00ebrsh\u00ebndetur sepse presidenti dhe republika tashm\u00eb jan\u00eb sh\u00ebmb\u00eblltyra e nj\u00ebri-tjetrit.<\/p>\n<p>Bujar Nishani p\u00ebrfaq\u00ebsues i k\u00ebtij vendi nuk do t\u00eb zhg\u00ebnjej\u00eb m\u00eb ask\u00ebnd. Kur emri ALBANIA do t\u00eb thirret kudo, kur flamuri a himni yn\u00eb komb\u00ebtar do t\u00eb val\u00ebvitet a k\u00ebndohet, kur do t\u00eb flitet p\u00ebr historin\u00eb, ekonomin\u00eb,turizmin, sportin shqiptar do t\u00eb shihni tek parakalon \u00e7al\u00eb-\u00e7al\u00eb e i s\u00ebmur\u00eb presidenti yn\u00eb. Bujari \u00ebsht\u00eb nj\u00eb prej nesh. Tek ky mustaqelli tashm\u00eb m\u00eb mir\u00eb se kurr\u00eb jan\u00eb fashitur dembelizmi yn\u00eb, servilizmi, hipokrizia, paaft\u00ebsia, virozat nacionale stinore, pamund\u00ebsia p\u00ebr t\u00eb shpartalluar amullin\u00eb e gjat\u00eb.<\/p>\n<p>Bujari ashtu si Shqip\u00ebria \u00ebsht\u00eb dilem\u00eb e madhe mes orientit dhe oksidentit, \u00ebsht\u00eb goja n\u00eb t\u00eb cil\u00ebn po nuk u g\u00eblltit\u00ebn tabletat antis\u00ebmundje prej recet\u00ebs s\u00eb mjek\u00ebve (nd\u00ebrkomb\u00ebtar\u00ebve) do t\u00eb mbetet thjesht nj\u00eb trup i pakallur q\u00eb nuk l\u00ebviz. Bujari porsi republika e tij mbetet qoshk\u00eb ballkanike ku e shkuara e mykur tall trapin me t\u00eb ardhmen, \u00ebsht\u00eb personifikimi i vezir\u00ebve t\u00eb dikursh\u00ebm, t\u00eb cil\u00ebt edhe p\u00ebr tu lar\u00eb n\u00eb hamam prisnin gjat\u00eb derisa u vinte haberi prej sulltanit.<\/p>\n<p>Un\u00eb personalisht ndjehem krenar k\u00ebsaj radhe me k\u00ebt\u00eb zgjedhje presidenciale. Atdheu im i s\u00ebmur\u00eb prej dekadash nuk ndjehet vet\u00ebm, por te dhoma e spitalit i vjen nj\u00eb tjet\u00ebr pacient, presidenti i tij. Ngush\u00eblloj veten sepse p\u00ebr her\u00eb t\u00eb par\u00eb Shqip\u00ebria nuk hapet byth\u00ebsh n\u00eb m\u00ebnyr\u00eb hipokrite. E \u00e7far\u00eb na duhet nj\u00eb president i sh\u00ebndetsh\u00ebm kur atdheun e kemi t\u00eb pa ngopur, t\u00eb pa lar\u00eb, t\u00eb keq arsimuar, me spitale si hale dhe hale si spitale\u2026? K\u00ebsaj radhe nuk po g\u00ebnjejm\u00eb as veten.<\/p>\n<p>Vet\u00ebm di\u00e7ka m\u00eb habiti para pak jav\u00ebsh tek d\u00ebgjoja Bujarin kur thoshte:<\/p>\n<p>-Jam i s\u00ebmur\u00eb, por doktor Mentor Petrela m\u00eb ka th\u00ebn\u00eb se pas nj\u00eb viti e gjys\u00ebm sh\u00ebrohem totalisht!<\/p>\n<p>\u00c7far\u00eb t\u00eb jet\u00eb vall\u00eb kjo p\u00ebrgjigje metaforike e Nishanit?<\/p>\n<p>Mos ndoshta parashikon se mot n\u00eb k\u00ebto koh\u00eb shporrim t\u00eb gjith\u00eb bashk\u00eb mentorin e tij nga pushteti dhe jo vet\u00ebm Bujari, por edhe Republika fillon t\u00eb sh\u00ebrohet dal\u00eb ngadal\u00eb?<\/p>\n<p>G\u00ebzuar 100 vjetorin e pavar\u00ebsis\u00eb Shqip\u00ebria ime. Je me fat si dikur. Porsi v\u00ebllez\u00ebrit Frash\u00ebri, Ismail Qemali, Luigj Gurakuqi, Ahmet Zogu, Bajram Curri nj\u00eb tjet\u00ebr burr\u00ebshteti q\u00eb do t\u00eb t\u00eb udh\u00ebheq\u00eb mban s\u00ebrish mustaqe mbi buz\u00eb. Vet\u00ebm mustaqe ka se p\u00ebr t\u00eb tjera virtyte as nuk b\u00ebhet fjal\u00eb. Ta g\u00ebzosh presidentin e ri atdheu i Jarit me mustaqe mbi buz\u00eb e nishan mbi mbiem\u00ebr.<\/p>\n","protected":false},"excerpt":{"rendered":"<p>Nga Bledi Mane &#8211; Public Enemy, 25 Korrik 2012 www.facebook.com\/bledi.mane P\u00ebr her\u00eb t\u00eb par\u00eb gjat\u00eb k\u00ebtyre 100 viteve t\u00eb independenc\u00ebs, Shqip\u00ebria ka \u00e7liruar veten nga hipokrizia periodike e lider\u00ebzimit chic, fodull dhe hipokrit. Fatmir\u00ebsisht dhe fatkeq\u00ebsisht pes\u00eb vitet e ardhshme nuk do t\u00eb kemi n\u00eb krye t\u00eb shtetit nj\u00eb drejtues q\u00eb do t\u00eb stonoj\u00eb me [&hellip;]<\/p>\n","protected":false},"author":1,"featured_media":0,"comment_status":"open","ping_status":"closed","sticky":false,"template":"","format":"standard","meta":{"footnotes":""},"categories":[2],"tags":[],"class_list":{"0":"post-4045","1":"post","2":"type-post","3":"status-publish","4":"format-standard","6":"category-artikuj"},"yoast_head":"<!-- This site is optimized with the Yoast SEO plugin v27.4 - https:\/\/yoast.com\/product\/yoast-seo-wordpress\/ -->\n<title>Jari me mustaqe, Jari me nishan - FjALA e LIR\u00cb - Arkivi<\/title>\n<meta name=\"robots\" content=\"index, follow, max-snippet:-1, max-image-preview:large, max-video-preview:-1\" \/>\n<link rel=\"canonical\" href=\"https:\/\/fjala.info\/2009-2015\/jari-me-mustaqe-jari-me-nishan\/\" \/>\n<meta property=\"og:locale\" content=\"sq_AL\" \/>\n<meta property=\"og:type\" content=\"article\" \/>\n<meta property=\"og:title\" content=\"Jari me mustaqe, Jari me nishan - FjALA e LIR\u00cb - Arkivi\" \/>\n<meta property=\"og:description\" content=\"Nga Bledi Mane &#8211; Public Enemy, 25 Korrik 2012 www.facebook.com\/bledi.mane P\u00ebr her\u00eb t\u00eb par\u00eb gjat\u00eb k\u00ebtyre 100 viteve t\u00eb independenc\u00ebs, Shqip\u00ebria ka \u00e7liruar veten nga hipokrizia periodike e lider\u00ebzimit chic, fodull dhe hipokrit. Fatmir\u00ebsisht dhe fatkeq\u00ebsisht pes\u00eb vitet e ardhshme nuk do t\u00eb kemi n\u00eb krye t\u00eb shtetit nj\u00eb drejtues q\u00eb do t\u00eb stonoj\u00eb me [&hellip;]\" \/>\n<meta property=\"og:url\" content=\"https:\/\/fjala.info\/2009-2015\/jari-me-mustaqe-jari-me-nishan\/\" \/>\n<meta property=\"og:site_name\" content=\"FjALA e LIR\u00cb - Arkivi\" \/>\n<meta property=\"article:published_time\" content=\"2012-07-26T08:52:36+00:00\" \/>\n<meta property=\"og:image\" content=\"http:\/\/www.fjala.info\/2012\/bujari_me_te_shoqen.jpg\" \/>\n<meta name=\"author\" content=\"admin\" \/>\n<meta name=\"twitter:card\" content=\"summary_large_image\" \/>\n<meta name=\"twitter:label1\" content=\"Written by\" \/>\n\t<meta name=\"twitter:data1\" content=\"admin\" \/>\n\t<meta name=\"twitter:label2\" content=\"Est. reading time\" \/>\n\t<meta name=\"twitter:data2\" content=\"4 minutes\" \/>\n<script type=\"application\/ld+json\" class=\"yoast-schema-graph\">{\"@context\":\"https:\\\/\\\/schema.org\",\"@graph\":[{\"@type\":\"Article\",\"@id\":\"https:\\\/\\\/fjala.info\\\/2009-2015\\\/jari-me-mustaqe-jari-me-nishan\\\/#article\",\"isPartOf\":{\"@id\":\"https:\\\/\\\/fjala.info\\\/2009-2015\\\/jari-me-mustaqe-jari-me-nishan\\\/\"},\"author\":{\"name\":\"admin\",\"@id\":\"https:\\\/\\\/fjala.info\\\/2009-2015\\\/#\\\/schema\\\/person\\\/3aa1163ef05469c496fc94e77611ada2\"},\"headline\":\"Jari me mustaqe, Jari me nishan\",\"datePublished\":\"2012-07-26T08:52:36+00:00\",\"mainEntityOfPage\":{\"@id\":\"https:\\\/\\\/fjala.info\\\/2009-2015\\\/jari-me-mustaqe-jari-me-nishan\\\/\"},\"wordCount\":898,\"commentCount\":0,\"publisher\":{\"@id\":\"https:\\\/\\\/fjala.info\\\/2009-2015\\\/#organization\"},\"image\":{\"@id\":\"https:\\\/\\\/fjala.info\\\/2009-2015\\\/jari-me-mustaqe-jari-me-nishan\\\/#primaryimage\"},\"thumbnailUrl\":\"http:\\\/\\\/www.fjala.info\\\/2012\\\/bujari_me_te_shoqen.jpg\",\"articleSection\":[\"Artikuj\"],\"inLanguage\":\"sq-AL\",\"potentialAction\":[{\"@type\":\"CommentAction\",\"name\":\"Comment\",\"target\":[\"https:\\\/\\\/fjala.info\\\/2009-2015\\\/jari-me-mustaqe-jari-me-nishan\\\/#respond\"]}]},{\"@type\":\"WebPage\",\"@id\":\"https:\\\/\\\/fjala.info\\\/2009-2015\\\/jari-me-mustaqe-jari-me-nishan\\\/\",\"url\":\"https:\\\/\\\/fjala.info\\\/2009-2015\\\/jari-me-mustaqe-jari-me-nishan\\\/\",\"name\":\"Jari me mustaqe, Jari me nishan - FjALA e LIR\u00cb - Arkivi\",\"isPartOf\":{\"@id\":\"https:\\\/\\\/fjala.info\\\/2009-2015\\\/#website\"},\"primaryImageOfPage\":{\"@id\":\"https:\\\/\\\/fjala.info\\\/2009-2015\\\/jari-me-mustaqe-jari-me-nishan\\\/#primaryimage\"},\"image\":{\"@id\":\"https:\\\/\\\/fjala.info\\\/2009-2015\\\/jari-me-mustaqe-jari-me-nishan\\\/#primaryimage\"},\"thumbnailUrl\":\"http:\\\/\\\/www.fjala.info\\\/2012\\\/bujari_me_te_shoqen.jpg\",\"datePublished\":\"2012-07-26T08:52:36+00:00\",\"breadcrumb\":{\"@id\":\"https:\\\/\\\/fjala.info\\\/2009-2015\\\/jari-me-mustaqe-jari-me-nishan\\\/#breadcrumb\"},\"inLanguage\":\"sq-AL\",\"potentialAction\":[{\"@type\":\"ReadAction\",\"target\":[\"https:\\\/\\\/fjala.info\\\/2009-2015\\\/jari-me-mustaqe-jari-me-nishan\\\/\"]}]},{\"@type\":\"ImageObject\",\"inLanguage\":\"sq-AL\",\"@id\":\"https:\\\/\\\/fjala.info\\\/2009-2015\\\/jari-me-mustaqe-jari-me-nishan\\\/#primaryimage\",\"url\":\"http:\\\/\\\/www.fjala.info\\\/2012\\\/bujari_me_te_shoqen.jpg\",\"contentUrl\":\"http:\\\/\\\/www.fjala.info\\\/2012\\\/bujari_me_te_shoqen.jpg\"},{\"@type\":\"BreadcrumbList\",\"@id\":\"https:\\\/\\\/fjala.info\\\/2009-2015\\\/jari-me-mustaqe-jari-me-nishan\\\/#breadcrumb\",\"itemListElement\":[{\"@type\":\"ListItem\",\"position\":1,\"name\":\"Home\",\"item\":\"https:\\\/\\\/fjala.info\\\/2009-2015\\\/\"},{\"@type\":\"ListItem\",\"position\":2,\"name\":\"Jari me mustaqe, Jari me nishan\"}]},{\"@type\":\"WebSite\",\"@id\":\"https:\\\/\\\/fjala.info\\\/2009-2015\\\/#website\",\"url\":\"https:\\\/\\\/fjala.info\\\/2009-2015\\\/\",\"name\":\"FjALA e LIR\u00cb - Arkivi\",\"description\":\"Arkivi 2009-2015\",\"publisher\":{\"@id\":\"https:\\\/\\\/fjala.info\\\/2009-2015\\\/#organization\"},\"potentialAction\":[{\"@type\":\"SearchAction\",\"target\":{\"@type\":\"EntryPoint\",\"urlTemplate\":\"https:\\\/\\\/fjala.info\\\/2009-2015\\\/?s={search_term_string}\"},\"query-input\":{\"@type\":\"PropertyValueSpecification\",\"valueRequired\":true,\"valueName\":\"search_term_string\"}}],\"inLanguage\":\"sq-AL\"},{\"@type\":\"Organization\",\"@id\":\"https:\\\/\\\/fjala.info\\\/2009-2015\\\/#organization\",\"name\":\"FjALA e LIR\u00cb - Arkivi\",\"url\":\"https:\\\/\\\/fjala.info\\\/2009-2015\\\/\",\"logo\":{\"@type\":\"ImageObject\",\"inLanguage\":\"sq-AL\",\"@id\":\"https:\\\/\\\/fjala.info\\\/2009-2015\\\/#\\\/schema\\\/logo\\\/image\\\/\",\"url\":\"\",\"contentUrl\":\"\",\"caption\":\"FjALA e LIR\u00cb - Arkivi\"},\"image\":{\"@id\":\"https:\\\/\\\/fjala.info\\\/2009-2015\\\/#\\\/schema\\\/logo\\\/image\\\/\"}},{\"@type\":\"Person\",\"@id\":\"https:\\\/\\\/fjala.info\\\/2009-2015\\\/#\\\/schema\\\/person\\\/3aa1163ef05469c496fc94e77611ada2\",\"name\":\"admin\",\"image\":{\"@type\":\"ImageObject\",\"inLanguage\":\"sq-AL\",\"@id\":\"https:\\\/\\\/fjala.info\\\/2009-2015\\\/wp-content\\\/uploads\\\/2012\\\/02\\\/arben_cokaj-120x150.jpg\",\"url\":\"https:\\\/\\\/fjala.info\\\/2009-2015\\\/wp-content\\\/uploads\\\/2012\\\/02\\\/arben_cokaj-120x150.jpg\",\"contentUrl\":\"https:\\\/\\\/fjala.info\\\/2009-2015\\\/wp-content\\\/uploads\\\/2012\\\/02\\\/arben_cokaj-120x150.jpg\",\"caption\":\"admin\"},\"description\":\"Admin, Fjala e Lir\u00eb\",\"sameAs\":[\"https:\\\/\\\/fjala.info\\\/\"],\"url\":\"https:\\\/\\\/fjala.info\\\/2009-2015\\\/author\\\/admin\\\/\"}]}<\/script>\n<!-- \/ Yoast SEO plugin. -->","yoast_head_json":{"title":"Jari me mustaqe, Jari me nishan - FjALA e LIR\u00cb - Arkivi","robots":{"index":"index","follow":"follow","max-snippet":"max-snippet:-1","max-image-preview":"max-image-preview:large","max-video-preview":"max-video-preview:-1"},"canonical":"https:\/\/fjala.info\/2009-2015\/jari-me-mustaqe-jari-me-nishan\/","og_locale":"sq_AL","og_type":"article","og_title":"Jari me mustaqe, Jari me nishan - FjALA e LIR\u00cb - Arkivi","og_description":"Nga Bledi Mane &#8211; Public Enemy, 25 Korrik 2012 www.facebook.com\/bledi.mane P\u00ebr her\u00eb t\u00eb par\u00eb gjat\u00eb k\u00ebtyre 100 viteve t\u00eb independenc\u00ebs, Shqip\u00ebria ka \u00e7liruar veten nga hipokrizia periodike e lider\u00ebzimit chic, fodull dhe hipokrit. Fatmir\u00ebsisht dhe fatkeq\u00ebsisht pes\u00eb vitet e ardhshme nuk do t\u00eb kemi n\u00eb krye t\u00eb shtetit nj\u00eb drejtues q\u00eb do t\u00eb stonoj\u00eb me [&hellip;]","og_url":"https:\/\/fjala.info\/2009-2015\/jari-me-mustaqe-jari-me-nishan\/","og_site_name":"FjALA e LIR\u00cb - Arkivi","article_published_time":"2012-07-26T08:52:36+00:00","og_image":[{"url":"http:\/\/www.fjala.info\/2012\/bujari_me_te_shoqen.jpg","type":"","width":"","height":""}],"author":"admin","twitter_card":"summary_large_image","twitter_misc":{"Written by":"admin","Est. reading time":"4 minutes"},"schema":{"@context":"https:\/\/schema.org","@graph":[{"@type":"Article","@id":"https:\/\/fjala.info\/2009-2015\/jari-me-mustaqe-jari-me-nishan\/#article","isPartOf":{"@id":"https:\/\/fjala.info\/2009-2015\/jari-me-mustaqe-jari-me-nishan\/"},"author":{"name":"admin","@id":"https:\/\/fjala.info\/2009-2015\/#\/schema\/person\/3aa1163ef05469c496fc94e77611ada2"},"headline":"Jari me mustaqe, Jari me nishan","datePublished":"2012-07-26T08:52:36+00:00","mainEntityOfPage":{"@id":"https:\/\/fjala.info\/2009-2015\/jari-me-mustaqe-jari-me-nishan\/"},"wordCount":898,"commentCount":0,"publisher":{"@id":"https:\/\/fjala.info\/2009-2015\/#organization"},"image":{"@id":"https:\/\/fjala.info\/2009-2015\/jari-me-mustaqe-jari-me-nishan\/#primaryimage"},"thumbnailUrl":"http:\/\/www.fjala.info\/2012\/bujari_me_te_shoqen.jpg","articleSection":["Artikuj"],"inLanguage":"sq-AL","potentialAction":[{"@type":"CommentAction","name":"Comment","target":["https:\/\/fjala.info\/2009-2015\/jari-me-mustaqe-jari-me-nishan\/#respond"]}]},{"@type":"WebPage","@id":"https:\/\/fjala.info\/2009-2015\/jari-me-mustaqe-jari-me-nishan\/","url":"https:\/\/fjala.info\/2009-2015\/jari-me-mustaqe-jari-me-nishan\/","name":"Jari me mustaqe, Jari me nishan - FjALA e LIR\u00cb - Arkivi","isPartOf":{"@id":"https:\/\/fjala.info\/2009-2015\/#website"},"primaryImageOfPage":{"@id":"https:\/\/fjala.info\/2009-2015\/jari-me-mustaqe-jari-me-nishan\/#primaryimage"},"image":{"@id":"https:\/\/fjala.info\/2009-2015\/jari-me-mustaqe-jari-me-nishan\/#primaryimage"},"thumbnailUrl":"http:\/\/www.fjala.info\/2012\/bujari_me_te_shoqen.jpg","datePublished":"2012-07-26T08:52:36+00:00","breadcrumb":{"@id":"https:\/\/fjala.info\/2009-2015\/jari-me-mustaqe-jari-me-nishan\/#breadcrumb"},"inLanguage":"sq-AL","potentialAction":[{"@type":"ReadAction","target":["https:\/\/fjala.info\/2009-2015\/jari-me-mustaqe-jari-me-nishan\/"]}]},{"@type":"ImageObject","inLanguage":"sq-AL","@id":"https:\/\/fjala.info\/2009-2015\/jari-me-mustaqe-jari-me-nishan\/#primaryimage","url":"http:\/\/www.fjala.info\/2012\/bujari_me_te_shoqen.jpg","contentUrl":"http:\/\/www.fjala.info\/2012\/bujari_me_te_shoqen.jpg"},{"@type":"BreadcrumbList","@id":"https:\/\/fjala.info\/2009-2015\/jari-me-mustaqe-jari-me-nishan\/#breadcrumb","itemListElement":[{"@type":"ListItem","position":1,"name":"Home","item":"https:\/\/fjala.info\/2009-2015\/"},{"@type":"ListItem","position":2,"name":"Jari me mustaqe, Jari me nishan"}]},{"@type":"WebSite","@id":"https:\/\/fjala.info\/2009-2015\/#website","url":"https:\/\/fjala.info\/2009-2015\/","name":"FjALA e LIR\u00cb - Arkivi","description":"Arkivi 2009-2015","publisher":{"@id":"https:\/\/fjala.info\/2009-2015\/#organization"},"potentialAction":[{"@type":"SearchAction","target":{"@type":"EntryPoint","urlTemplate":"https:\/\/fjala.info\/2009-2015\/?s={search_term_string}"},"query-input":{"@type":"PropertyValueSpecification","valueRequired":true,"valueName":"search_term_string"}}],"inLanguage":"sq-AL"},{"@type":"Organization","@id":"https:\/\/fjala.info\/2009-2015\/#organization","name":"FjALA e LIR\u00cb - Arkivi","url":"https:\/\/fjala.info\/2009-2015\/","logo":{"@type":"ImageObject","inLanguage":"sq-AL","@id":"https:\/\/fjala.info\/2009-2015\/#\/schema\/logo\/image\/","url":"","contentUrl":"","caption":"FjALA e LIR\u00cb - Arkivi"},"image":{"@id":"https:\/\/fjala.info\/2009-2015\/#\/schema\/logo\/image\/"}},{"@type":"Person","@id":"https:\/\/fjala.info\/2009-2015\/#\/schema\/person\/3aa1163ef05469c496fc94e77611ada2","name":"admin","image":{"@type":"ImageObject","inLanguage":"sq-AL","@id":"https:\/\/fjala.info\/2009-2015\/wp-content\/uploads\/2012\/02\/arben_cokaj-120x150.jpg","url":"https:\/\/fjala.info\/2009-2015\/wp-content\/uploads\/2012\/02\/arben_cokaj-120x150.jpg","contentUrl":"https:\/\/fjala.info\/2009-2015\/wp-content\/uploads\/2012\/02\/arben_cokaj-120x150.jpg","caption":"admin"},"description":"Admin, Fjala e Lir\u00eb","sameAs":["https:\/\/fjala.info\/"],"url":"https:\/\/fjala.info\/2009-2015\/author\/admin\/"}]}},"_links":{"self":[{"href":"https:\/\/fjala.info\/2009-2015\/wp-json\/wp\/v2\/posts\/4045","targetHints":{"allow":["GET"]}}],"collection":[{"href":"https:\/\/fjala.info\/2009-2015\/wp-json\/wp\/v2\/posts"}],"about":[{"href":"https:\/\/fjala.info\/2009-2015\/wp-json\/wp\/v2\/types\/post"}],"author":[{"embeddable":true,"href":"https:\/\/fjala.info\/2009-2015\/wp-json\/wp\/v2\/users\/1"}],"replies":[{"embeddable":true,"href":"https:\/\/fjala.info\/2009-2015\/wp-json\/wp\/v2\/comments?post=4045"}],"version-history":[{"count":0,"href":"https:\/\/fjala.info\/2009-2015\/wp-json\/wp\/v2\/posts\/4045\/revisions"}],"wp:attachment":[{"href":"https:\/\/fjala.info\/2009-2015\/wp-json\/wp\/v2\/media?parent=4045"}],"wp:term":[{"taxonomy":"category","embeddable":true,"href":"https:\/\/fjala.info\/2009-2015\/wp-json\/wp\/v2\/categories?post=4045"},{"taxonomy":"post_tag","embeddable":true,"href":"https:\/\/fjala.info\/2009-2015\/wp-json\/wp\/v2\/tags?post=4045"}],"curies":[{"name":"wp","href":"https:\/\/api.w.org\/{rel}","templated":true}]}}