{"id":4041,"date":"2012-07-26T09:20:12","date_gmt":"2012-07-26T08:20:12","guid":{"rendered":"http:\/\/www.fjala.info\/?p=4041"},"modified":"2012-07-26T09:20:12","modified_gmt":"2012-07-26T08:20:12","slug":"helikopteret-qe-futen-ne-sherr-berishen-me-shba-dhe-bunkeri-i-imamit","status":"publish","type":"post","link":"https:\/\/fjala.info\/2009-2015\/helikopteret-qe-futen-ne-sherr-berishen-me-shba-dhe-bunkeri-i-imamit\/","title":{"rendered":"Helikopter\u00ebt q\u00eb fut\u00ebn n\u00eb sherr Berish\u00ebn me SHBA dhe bunkeri i Imamit"},"content":{"rendered":"<p><img decoding=\"async\" class=\"alignright size-thumbnail wp-image-7236\" title=\"Mero Baze\" src=\"http:\/\/www.fjala.info\/2012\/helikopteri_saliut.jpg\" alt=\"\" width=\"300\" \/> <strong>TemA<\/strong>, <em>26 Korrik 2012<\/em><\/p>\n<p>Pak dit\u00eb p\u00ebrpara se Berisha t\u00eb dor\u00ebzonte n\u00eb Prag\u00eb aplikimin p\u00ebr marrjen e statusit t\u00eb vendit an\u00ebtar p\u00ebr n\u00eb Bashkimin Europian, shkoi me urgjenc\u00eb n\u00eb Paris, ku e priti presidenti francez, Nikola Sarkozi. Pa tapet t\u00eb kuq, pa ceremoni, thjesht nj\u00eb takim sa p\u00ebr t\u00eb l\u00ebshuar nj\u00eb deklarat\u00eb p\u00ebr shtyp m\u00eb pas. Berisha mori nj\u00eb mb\u00ebshtetje formale nga Sarkozi p\u00ebr aplikimin, kurse ky i fundit mori premtimin e Berish\u00ebs se do blinte nga kompania Eurocopter disa helikopter\u00eb. Nd\u00ebrkoh\u00eb n\u00eb Tiran\u00eb TV Klan p\u00ebr \u00e7udin\u00eb e t\u00eb gjith\u00ebve kishte nisur t\u00eb b\u00ebnte reklam\u00eb p\u00ebr\u2026 kompanin\u00eb e helikopter\u00ebve Eurocopter.<\/p>\n<p>B\u00ebhet fjal\u00eb p\u00ebr prillin e vitit 2009. Shqip\u00ebria nuk e ka marr\u00eb ende statusin kandidat, kurse helikopter\u00ebt u b\u00ebn\u00eb moll\u00eb sherri mes Berish\u00ebs dhe SHBA-ve, q\u00eb kishin hyr\u00eb n\u00eb gar\u00eb p\u00ebr tenderin e helikopter\u00ebve. Madje edhe n\u00eb dokumentet e Wikileaks u zbardh ky skandal i Berish\u00ebs. Nd\u00ebrkoh\u00eb q\u00eb u premtonte amerikan\u00ebve se do kishte procedura transparente n\u00eb tender, ai e kishte dh\u00ebn\u00eb tenderin tek francez\u00ebt.<\/p>\n<p>Sot e k\u00ebsaj dite ende askush nuk di cila \u00ebsht\u00eb kontrata me kompanin\u00eb Eurocopter, \u00e7far\u00eb parashikon ajo, si \u00ebsht\u00eb historia e nj\u00eb helikopteri VIP super t\u00eb shtrenjt\u00eb, sa ka kushtuar ai? Ministria e Imamit nuk ka denjuar asnj\u00ebher\u00eb t\u00eb zbardh\u00eb detaje p\u00ebr k\u00ebt\u00eb histori. Dhe ta mendoni se b\u00ebhet fjal\u00eb p\u00ebr dhjet\u00ebra miliona euro.<\/p>\n<p>Por gj\u00ebrat r\u00ebndohen m\u00eb shum\u00eb. Nd\u00ebrkoh\u00eb q\u00eb dje nuk kishte agjenci e media nd\u00ebrkomb\u00ebtare q\u00eb nuk raportonte p\u00ebr rr\u00ebzimin e helikopter\u00ebve, bunkeri i Imamit heshtte, sikur t\u00eb mos ishte rr\u00ebzuar nj\u00eb helikopter i bler\u00eb nga Shqip\u00ebria. Aq m\u00eb tep\u00ebr q\u00eb kishte dyshime se mund t\u00eb kishte pilot\u00eb shqiptar\u00eb n\u00eb trajnim.<\/p>\n<p>Pse ky njeri e drejton k\u00ebt\u00eb ministri si bunker dhe pse duhet q\u00eb shqiptar\u00ebt t\u00eb shfletojn\u00eb mediat franceze p\u00ebr t\u00eb marr\u00eb vesh \u00e7\u2019b\u00ebhet me parat\u00eb e tyre?<\/p>\n<p>&#8212;&#8212;&#8212;&#8212;&#8212;&#8212;-<\/p>\n<p><strong>Rr\u00ebzohet n\u00eb Franc\u00eb helikopteri i porositur nga qeveria shqiptare<\/strong><\/p>\n<p><strong>TemA<\/strong>, <em>26 Korrik 2012<\/em><\/p>\n<p>Nj\u00eb helikopter i porositur nga qeveria shqiptare tek kompania Eurocopter, \u00ebsht\u00eb rr\u00ebzuar n\u00eb Franc\u00eb gjat\u00eb provave, duke vrar\u00eb gjasht\u00eb persona.<\/p>\n<p>Helikopteri i llojit Cougar i p\u00ebrkiste kompanis\u00eb Eurocopter dhe po kryente nj\u00eb fluturim testi, q\u00eb p\u00ebrfshinte pilot\u00ebt dhe inxhinier\u00ebt.<\/p>\n<p>Ngjarja ka ndodhur n\u00eb af\u00ebrsi t\u00eb kufirit me Italin\u00eb t\u00eb m\u00ebrkur\u00ebn dhe sipas burimeve m\u00ebsohet se incidenti ka ndodhur n\u00eb testin e fundit t\u00eb prov\u00ebs n\u00eb kanionet e Verdonit, n\u00eb juglindje t\u00eb Franc\u00ebs. B\u00ebhet e ditur se ministri i Mbrojtjes, Arben Imami, do t\u00eb zhvillonte ceremonin\u00eb e helikopter\u00ebve, ku dy helikopter\u00eb t\u00eb rinj t\u00eb \u201cCougar\u201d dhe nj\u00eb i \u201cEC-145\u201d do vinin n\u00eb Rinas.<\/p>\n<p>Stacioni radiofonik francez, Europa, tha se helikopteri \u201cCougar\u201d ishte destinuar p\u00ebr ushtrin\u00eb shqiptare bashk\u00eb me nj\u00eb helikopter tjet\u00ebr t\u00eb tipit \u201cEC-145\u201d. Helikopteri parashikohej t\u00eb p\u00ebrdorej nga ushtria p\u00ebr transportimin e personaliteteve, por dhe p\u00ebr nevoja t\u00eb tjera t\u00eb ushtris\u00eb.<\/p>\n","protected":false},"excerpt":{"rendered":"<p>TemA, 26 Korrik 2012 Pak dit\u00eb p\u00ebrpara se Berisha t\u00eb dor\u00ebzonte n\u00eb Prag\u00eb aplikimin p\u00ebr marrjen e statusit t\u00eb vendit an\u00ebtar p\u00ebr n\u00eb Bashkimin Europian, shkoi me urgjenc\u00eb n\u00eb Paris, ku e priti presidenti francez, Nikola Sarkozi. Pa tapet t\u00eb kuq, pa ceremoni, thjesht nj\u00eb takim sa p\u00ebr t\u00eb l\u00ebshuar nj\u00eb deklarat\u00eb p\u00ebr shtyp m\u00eb [&hellip;]<\/p>\n","protected":false},"author":1,"featured_media":0,"comment_status":"open","ping_status":"closed","sticky":false,"template":"","format":"standard","meta":{"footnotes":""},"categories":[2,5],"tags":[],"class_list":{"0":"post-4041","1":"post","2":"type-post","3":"status-publish","4":"format-standard","6":"category-artikuj","7":"category-lajme"},"yoast_head":"<!-- This site is optimized with the Yoast SEO plugin v27.4 - https:\/\/yoast.com\/product\/yoast-seo-wordpress\/ -->\n<title>Helikopter\u00ebt q\u00eb fut\u00ebn n\u00eb sherr Berish\u00ebn me SHBA dhe bunkeri i Imamit - FjALA e LIR\u00cb - Arkivi<\/title>\n<meta name=\"robots\" content=\"index, follow, max-snippet:-1, max-image-preview:large, max-video-preview:-1\" \/>\n<link rel=\"canonical\" href=\"https:\/\/fjala.info\/2009-2015\/helikopteret-qe-futen-ne-sherr-berishen-me-shba-dhe-bunkeri-i-imamit\/\" \/>\n<meta property=\"og:locale\" content=\"sq_AL\" \/>\n<meta property=\"og:type\" content=\"article\" \/>\n<meta property=\"og:title\" content=\"Helikopter\u00ebt q\u00eb fut\u00ebn n\u00eb sherr Berish\u00ebn me SHBA dhe bunkeri i Imamit - FjALA e LIR\u00cb - Arkivi\" \/>\n<meta property=\"og:description\" content=\"TemA, 26 Korrik 2012 Pak dit\u00eb p\u00ebrpara se Berisha t\u00eb dor\u00ebzonte n\u00eb Prag\u00eb aplikimin p\u00ebr marrjen e statusit t\u00eb vendit an\u00ebtar p\u00ebr n\u00eb Bashkimin Europian, shkoi me urgjenc\u00eb n\u00eb Paris, ku e priti presidenti francez, Nikola Sarkozi. Pa tapet t\u00eb kuq, pa ceremoni, thjesht nj\u00eb takim sa p\u00ebr t\u00eb l\u00ebshuar nj\u00eb deklarat\u00eb p\u00ebr shtyp m\u00eb [&hellip;]\" \/>\n<meta property=\"og:url\" content=\"https:\/\/fjala.info\/2009-2015\/helikopteret-qe-futen-ne-sherr-berishen-me-shba-dhe-bunkeri-i-imamit\/\" \/>\n<meta property=\"og:site_name\" content=\"FjALA e LIR\u00cb - Arkivi\" \/>\n<meta property=\"article:published_time\" content=\"2012-07-26T08:20:12+00:00\" \/>\n<meta property=\"og:image\" content=\"http:\/\/www.fjala.info\/2012\/helikopteri_saliut.jpg\" \/>\n<meta name=\"author\" content=\"admin\" \/>\n<meta name=\"twitter:card\" content=\"summary_large_image\" \/>\n<meta name=\"twitter:label1\" content=\"Written by\" \/>\n\t<meta name=\"twitter:data1\" content=\"admin\" \/>\n\t<meta name=\"twitter:label2\" content=\"Est. reading time\" \/>\n\t<meta name=\"twitter:data2\" content=\"3 minutes\" \/>\n<script type=\"application\/ld+json\" class=\"yoast-schema-graph\">{\"@context\":\"https:\\\/\\\/schema.org\",\"@graph\":[{\"@type\":\"Article\",\"@id\":\"https:\\\/\\\/fjala.info\\\/2009-2015\\\/helikopteret-qe-futen-ne-sherr-berishen-me-shba-dhe-bunkeri-i-imamit\\\/#article\",\"isPartOf\":{\"@id\":\"https:\\\/\\\/fjala.info\\\/2009-2015\\\/helikopteret-qe-futen-ne-sherr-berishen-me-shba-dhe-bunkeri-i-imamit\\\/\"},\"author\":{\"name\":\"admin\",\"@id\":\"https:\\\/\\\/fjala.info\\\/2009-2015\\\/#\\\/schema\\\/person\\\/3aa1163ef05469c496fc94e77611ada2\"},\"headline\":\"Helikopter\u00ebt q\u00eb fut\u00ebn n\u00eb sherr Berish\u00ebn me SHBA dhe bunkeri i Imamit\",\"datePublished\":\"2012-07-26T08:20:12+00:00\",\"mainEntityOfPage\":{\"@id\":\"https:\\\/\\\/fjala.info\\\/2009-2015\\\/helikopteret-qe-futen-ne-sherr-berishen-me-shba-dhe-bunkeri-i-imamit\\\/\"},\"wordCount\":533,\"commentCount\":0,\"publisher\":{\"@id\":\"https:\\\/\\\/fjala.info\\\/2009-2015\\\/#organization\"},\"image\":{\"@id\":\"https:\\\/\\\/fjala.info\\\/2009-2015\\\/helikopteret-qe-futen-ne-sherr-berishen-me-shba-dhe-bunkeri-i-imamit\\\/#primaryimage\"},\"thumbnailUrl\":\"http:\\\/\\\/www.fjala.info\\\/2012\\\/helikopteri_saliut.jpg\",\"articleSection\":[\"Artikuj\",\"Lajme\"],\"inLanguage\":\"sq-AL\",\"potentialAction\":[{\"@type\":\"CommentAction\",\"name\":\"Comment\",\"target\":[\"https:\\\/\\\/fjala.info\\\/2009-2015\\\/helikopteret-qe-futen-ne-sherr-berishen-me-shba-dhe-bunkeri-i-imamit\\\/#respond\"]}]},{\"@type\":\"WebPage\",\"@id\":\"https:\\\/\\\/fjala.info\\\/2009-2015\\\/helikopteret-qe-futen-ne-sherr-berishen-me-shba-dhe-bunkeri-i-imamit\\\/\",\"url\":\"https:\\\/\\\/fjala.info\\\/2009-2015\\\/helikopteret-qe-futen-ne-sherr-berishen-me-shba-dhe-bunkeri-i-imamit\\\/\",\"name\":\"Helikopter\u00ebt q\u00eb fut\u00ebn n\u00eb sherr Berish\u00ebn me SHBA dhe bunkeri i Imamit - FjALA e LIR\u00cb - Arkivi\",\"isPartOf\":{\"@id\":\"https:\\\/\\\/fjala.info\\\/2009-2015\\\/#website\"},\"primaryImageOfPage\":{\"@id\":\"https:\\\/\\\/fjala.info\\\/2009-2015\\\/helikopteret-qe-futen-ne-sherr-berishen-me-shba-dhe-bunkeri-i-imamit\\\/#primaryimage\"},\"image\":{\"@id\":\"https:\\\/\\\/fjala.info\\\/2009-2015\\\/helikopteret-qe-futen-ne-sherr-berishen-me-shba-dhe-bunkeri-i-imamit\\\/#primaryimage\"},\"thumbnailUrl\":\"http:\\\/\\\/www.fjala.info\\\/2012\\\/helikopteri_saliut.jpg\",\"datePublished\":\"2012-07-26T08:20:12+00:00\",\"breadcrumb\":{\"@id\":\"https:\\\/\\\/fjala.info\\\/2009-2015\\\/helikopteret-qe-futen-ne-sherr-berishen-me-shba-dhe-bunkeri-i-imamit\\\/#breadcrumb\"},\"inLanguage\":\"sq-AL\",\"potentialAction\":[{\"@type\":\"ReadAction\",\"target\":[\"https:\\\/\\\/fjala.info\\\/2009-2015\\\/helikopteret-qe-futen-ne-sherr-berishen-me-shba-dhe-bunkeri-i-imamit\\\/\"]}]},{\"@type\":\"ImageObject\",\"inLanguage\":\"sq-AL\",\"@id\":\"https:\\\/\\\/fjala.info\\\/2009-2015\\\/helikopteret-qe-futen-ne-sherr-berishen-me-shba-dhe-bunkeri-i-imamit\\\/#primaryimage\",\"url\":\"http:\\\/\\\/www.fjala.info\\\/2012\\\/helikopteri_saliut.jpg\",\"contentUrl\":\"http:\\\/\\\/www.fjala.info\\\/2012\\\/helikopteri_saliut.jpg\"},{\"@type\":\"BreadcrumbList\",\"@id\":\"https:\\\/\\\/fjala.info\\\/2009-2015\\\/helikopteret-qe-futen-ne-sherr-berishen-me-shba-dhe-bunkeri-i-imamit\\\/#breadcrumb\",\"itemListElement\":[{\"@type\":\"ListItem\",\"position\":1,\"name\":\"Home\",\"item\":\"https:\\\/\\\/fjala.info\\\/2009-2015\\\/\"},{\"@type\":\"ListItem\",\"position\":2,\"name\":\"Helikopter\u00ebt q\u00eb fut\u00ebn n\u00eb sherr Berish\u00ebn me SHBA dhe bunkeri i Imamit\"}]},{\"@type\":\"WebSite\",\"@id\":\"https:\\\/\\\/fjala.info\\\/2009-2015\\\/#website\",\"url\":\"https:\\\/\\\/fjala.info\\\/2009-2015\\\/\",\"name\":\"FjALA e LIR\u00cb - Arkivi\",\"description\":\"Arkivi 2009-2015\",\"publisher\":{\"@id\":\"https:\\\/\\\/fjala.info\\\/2009-2015\\\/#organization\"},\"potentialAction\":[{\"@type\":\"SearchAction\",\"target\":{\"@type\":\"EntryPoint\",\"urlTemplate\":\"https:\\\/\\\/fjala.info\\\/2009-2015\\\/?s={search_term_string}\"},\"query-input\":{\"@type\":\"PropertyValueSpecification\",\"valueRequired\":true,\"valueName\":\"search_term_string\"}}],\"inLanguage\":\"sq-AL\"},{\"@type\":\"Organization\",\"@id\":\"https:\\\/\\\/fjala.info\\\/2009-2015\\\/#organization\",\"name\":\"FjALA e LIR\u00cb - Arkivi\",\"url\":\"https:\\\/\\\/fjala.info\\\/2009-2015\\\/\",\"logo\":{\"@type\":\"ImageObject\",\"inLanguage\":\"sq-AL\",\"@id\":\"https:\\\/\\\/fjala.info\\\/2009-2015\\\/#\\\/schema\\\/logo\\\/image\\\/\",\"url\":\"\",\"contentUrl\":\"\",\"caption\":\"FjALA e LIR\u00cb - Arkivi\"},\"image\":{\"@id\":\"https:\\\/\\\/fjala.info\\\/2009-2015\\\/#\\\/schema\\\/logo\\\/image\\\/\"}},{\"@type\":\"Person\",\"@id\":\"https:\\\/\\\/fjala.info\\\/2009-2015\\\/#\\\/schema\\\/person\\\/3aa1163ef05469c496fc94e77611ada2\",\"name\":\"admin\",\"image\":{\"@type\":\"ImageObject\",\"inLanguage\":\"sq-AL\",\"@id\":\"https:\\\/\\\/fjala.info\\\/2009-2015\\\/wp-content\\\/uploads\\\/2012\\\/02\\\/arben_cokaj-120x150.jpg\",\"url\":\"https:\\\/\\\/fjala.info\\\/2009-2015\\\/wp-content\\\/uploads\\\/2012\\\/02\\\/arben_cokaj-120x150.jpg\",\"contentUrl\":\"https:\\\/\\\/fjala.info\\\/2009-2015\\\/wp-content\\\/uploads\\\/2012\\\/02\\\/arben_cokaj-120x150.jpg\",\"caption\":\"admin\"},\"description\":\"Admin, Fjala e Lir\u00eb\",\"sameAs\":[\"https:\\\/\\\/fjala.info\\\/\"],\"url\":\"https:\\\/\\\/fjala.info\\\/2009-2015\\\/author\\\/admin\\\/\"}]}<\/script>\n<!-- \/ Yoast SEO plugin. -->","yoast_head_json":{"title":"Helikopter\u00ebt q\u00eb fut\u00ebn n\u00eb sherr Berish\u00ebn me SHBA dhe bunkeri i Imamit - FjALA e LIR\u00cb - Arkivi","robots":{"index":"index","follow":"follow","max-snippet":"max-snippet:-1","max-image-preview":"max-image-preview:large","max-video-preview":"max-video-preview:-1"},"canonical":"https:\/\/fjala.info\/2009-2015\/helikopteret-qe-futen-ne-sherr-berishen-me-shba-dhe-bunkeri-i-imamit\/","og_locale":"sq_AL","og_type":"article","og_title":"Helikopter\u00ebt q\u00eb fut\u00ebn n\u00eb sherr Berish\u00ebn me SHBA dhe bunkeri i Imamit - FjALA e LIR\u00cb - Arkivi","og_description":"TemA, 26 Korrik 2012 Pak dit\u00eb p\u00ebrpara se Berisha t\u00eb dor\u00ebzonte n\u00eb Prag\u00eb aplikimin p\u00ebr marrjen e statusit t\u00eb vendit an\u00ebtar p\u00ebr n\u00eb Bashkimin Europian, shkoi me urgjenc\u00eb n\u00eb Paris, ku e priti presidenti francez, Nikola Sarkozi. Pa tapet t\u00eb kuq, pa ceremoni, thjesht nj\u00eb takim sa p\u00ebr t\u00eb l\u00ebshuar nj\u00eb deklarat\u00eb p\u00ebr shtyp m\u00eb [&hellip;]","og_url":"https:\/\/fjala.info\/2009-2015\/helikopteret-qe-futen-ne-sherr-berishen-me-shba-dhe-bunkeri-i-imamit\/","og_site_name":"FjALA e LIR\u00cb - Arkivi","article_published_time":"2012-07-26T08:20:12+00:00","og_image":[{"url":"http:\/\/www.fjala.info\/2012\/helikopteri_saliut.jpg","type":"","width":"","height":""}],"author":"admin","twitter_card":"summary_large_image","twitter_misc":{"Written by":"admin","Est. reading time":"3 minutes"},"schema":{"@context":"https:\/\/schema.org","@graph":[{"@type":"Article","@id":"https:\/\/fjala.info\/2009-2015\/helikopteret-qe-futen-ne-sherr-berishen-me-shba-dhe-bunkeri-i-imamit\/#article","isPartOf":{"@id":"https:\/\/fjala.info\/2009-2015\/helikopteret-qe-futen-ne-sherr-berishen-me-shba-dhe-bunkeri-i-imamit\/"},"author":{"name":"admin","@id":"https:\/\/fjala.info\/2009-2015\/#\/schema\/person\/3aa1163ef05469c496fc94e77611ada2"},"headline":"Helikopter\u00ebt q\u00eb fut\u00ebn n\u00eb sherr Berish\u00ebn me SHBA dhe bunkeri i Imamit","datePublished":"2012-07-26T08:20:12+00:00","mainEntityOfPage":{"@id":"https:\/\/fjala.info\/2009-2015\/helikopteret-qe-futen-ne-sherr-berishen-me-shba-dhe-bunkeri-i-imamit\/"},"wordCount":533,"commentCount":0,"publisher":{"@id":"https:\/\/fjala.info\/2009-2015\/#organization"},"image":{"@id":"https:\/\/fjala.info\/2009-2015\/helikopteret-qe-futen-ne-sherr-berishen-me-shba-dhe-bunkeri-i-imamit\/#primaryimage"},"thumbnailUrl":"http:\/\/www.fjala.info\/2012\/helikopteri_saliut.jpg","articleSection":["Artikuj","Lajme"],"inLanguage":"sq-AL","potentialAction":[{"@type":"CommentAction","name":"Comment","target":["https:\/\/fjala.info\/2009-2015\/helikopteret-qe-futen-ne-sherr-berishen-me-shba-dhe-bunkeri-i-imamit\/#respond"]}]},{"@type":"WebPage","@id":"https:\/\/fjala.info\/2009-2015\/helikopteret-qe-futen-ne-sherr-berishen-me-shba-dhe-bunkeri-i-imamit\/","url":"https:\/\/fjala.info\/2009-2015\/helikopteret-qe-futen-ne-sherr-berishen-me-shba-dhe-bunkeri-i-imamit\/","name":"Helikopter\u00ebt q\u00eb fut\u00ebn n\u00eb sherr Berish\u00ebn me SHBA dhe bunkeri i Imamit - FjALA e LIR\u00cb - Arkivi","isPartOf":{"@id":"https:\/\/fjala.info\/2009-2015\/#website"},"primaryImageOfPage":{"@id":"https:\/\/fjala.info\/2009-2015\/helikopteret-qe-futen-ne-sherr-berishen-me-shba-dhe-bunkeri-i-imamit\/#primaryimage"},"image":{"@id":"https:\/\/fjala.info\/2009-2015\/helikopteret-qe-futen-ne-sherr-berishen-me-shba-dhe-bunkeri-i-imamit\/#primaryimage"},"thumbnailUrl":"http:\/\/www.fjala.info\/2012\/helikopteri_saliut.jpg","datePublished":"2012-07-26T08:20:12+00:00","breadcrumb":{"@id":"https:\/\/fjala.info\/2009-2015\/helikopteret-qe-futen-ne-sherr-berishen-me-shba-dhe-bunkeri-i-imamit\/#breadcrumb"},"inLanguage":"sq-AL","potentialAction":[{"@type":"ReadAction","target":["https:\/\/fjala.info\/2009-2015\/helikopteret-qe-futen-ne-sherr-berishen-me-shba-dhe-bunkeri-i-imamit\/"]}]},{"@type":"ImageObject","inLanguage":"sq-AL","@id":"https:\/\/fjala.info\/2009-2015\/helikopteret-qe-futen-ne-sherr-berishen-me-shba-dhe-bunkeri-i-imamit\/#primaryimage","url":"http:\/\/www.fjala.info\/2012\/helikopteri_saliut.jpg","contentUrl":"http:\/\/www.fjala.info\/2012\/helikopteri_saliut.jpg"},{"@type":"BreadcrumbList","@id":"https:\/\/fjala.info\/2009-2015\/helikopteret-qe-futen-ne-sherr-berishen-me-shba-dhe-bunkeri-i-imamit\/#breadcrumb","itemListElement":[{"@type":"ListItem","position":1,"name":"Home","item":"https:\/\/fjala.info\/2009-2015\/"},{"@type":"ListItem","position":2,"name":"Helikopter\u00ebt q\u00eb fut\u00ebn n\u00eb sherr Berish\u00ebn me SHBA dhe bunkeri i Imamit"}]},{"@type":"WebSite","@id":"https:\/\/fjala.info\/2009-2015\/#website","url":"https:\/\/fjala.info\/2009-2015\/","name":"FjALA e LIR\u00cb - Arkivi","description":"Arkivi 2009-2015","publisher":{"@id":"https:\/\/fjala.info\/2009-2015\/#organization"},"potentialAction":[{"@type":"SearchAction","target":{"@type":"EntryPoint","urlTemplate":"https:\/\/fjala.info\/2009-2015\/?s={search_term_string}"},"query-input":{"@type":"PropertyValueSpecification","valueRequired":true,"valueName":"search_term_string"}}],"inLanguage":"sq-AL"},{"@type":"Organization","@id":"https:\/\/fjala.info\/2009-2015\/#organization","name":"FjALA e LIR\u00cb - Arkivi","url":"https:\/\/fjala.info\/2009-2015\/","logo":{"@type":"ImageObject","inLanguage":"sq-AL","@id":"https:\/\/fjala.info\/2009-2015\/#\/schema\/logo\/image\/","url":"","contentUrl":"","caption":"FjALA e LIR\u00cb - Arkivi"},"image":{"@id":"https:\/\/fjala.info\/2009-2015\/#\/schema\/logo\/image\/"}},{"@type":"Person","@id":"https:\/\/fjala.info\/2009-2015\/#\/schema\/person\/3aa1163ef05469c496fc94e77611ada2","name":"admin","image":{"@type":"ImageObject","inLanguage":"sq-AL","@id":"https:\/\/fjala.info\/2009-2015\/wp-content\/uploads\/2012\/02\/arben_cokaj-120x150.jpg","url":"https:\/\/fjala.info\/2009-2015\/wp-content\/uploads\/2012\/02\/arben_cokaj-120x150.jpg","contentUrl":"https:\/\/fjala.info\/2009-2015\/wp-content\/uploads\/2012\/02\/arben_cokaj-120x150.jpg","caption":"admin"},"description":"Admin, Fjala e Lir\u00eb","sameAs":["https:\/\/fjala.info\/"],"url":"https:\/\/fjala.info\/2009-2015\/author\/admin\/"}]}},"_links":{"self":[{"href":"https:\/\/fjala.info\/2009-2015\/wp-json\/wp\/v2\/posts\/4041","targetHints":{"allow":["GET"]}}],"collection":[{"href":"https:\/\/fjala.info\/2009-2015\/wp-json\/wp\/v2\/posts"}],"about":[{"href":"https:\/\/fjala.info\/2009-2015\/wp-json\/wp\/v2\/types\/post"}],"author":[{"embeddable":true,"href":"https:\/\/fjala.info\/2009-2015\/wp-json\/wp\/v2\/users\/1"}],"replies":[{"embeddable":true,"href":"https:\/\/fjala.info\/2009-2015\/wp-json\/wp\/v2\/comments?post=4041"}],"version-history":[{"count":0,"href":"https:\/\/fjala.info\/2009-2015\/wp-json\/wp\/v2\/posts\/4041\/revisions"}],"wp:attachment":[{"href":"https:\/\/fjala.info\/2009-2015\/wp-json\/wp\/v2\/media?parent=4041"}],"wp:term":[{"taxonomy":"category","embeddable":true,"href":"https:\/\/fjala.info\/2009-2015\/wp-json\/wp\/v2\/categories?post=4041"},{"taxonomy":"post_tag","embeddable":true,"href":"https:\/\/fjala.info\/2009-2015\/wp-json\/wp\/v2\/tags?post=4041"}],"curies":[{"name":"wp","href":"https:\/\/api.w.org\/{rel}","templated":true}]}}