{"id":4037,"date":"2012-07-25T22:00:07","date_gmt":"2012-07-25T21:00:07","guid":{"rendered":"http:\/\/www.fjala.info\/?p=4037"},"modified":"2012-07-25T22:00:07","modified_gmt":"2012-07-25T21:00:07","slug":"arritjet-reale-te-lulezim-bashes","status":"publish","type":"post","link":"https:\/\/fjala.info\/2009-2015\/arritjet-reale-te-lulezim-bashes\/","title":{"rendered":"Arritjet reale t\u00eb Lul\u00ebzim Bash\u00ebs"},"content":{"rendered":"<p><img decoding=\"async\" class=\"alignright size-thumbnail wp-image-7236\" title=\"Mero Baze\" src=\"http:\/\/www.fjala.info\/2012\/mero_baze.jpg\" alt=\"\" width=\"150\" \/> Nga <strong>Mero Baze<\/strong>, <em>25 Korrik 2012<\/em><\/p>\n<p>N\u00eb p\u00ebrvjetorin e par\u00eb t\u00eb Lul\u00ebzim Bash\u00ebs n\u00eb krye t\u00eb Bashkis\u00eb s\u00eb Tiran\u00ebs, e ke t\u00eb v\u00ebshtir\u00eb t\u00eb b\u00ebsh nj\u00eb bilanc administrativ t\u00eb arritjeve t\u00eb tij. Kryebashkiaku q\u00eb hyri n\u00eb at\u00eb zyr\u00eb pas nj\u00eb procesi manipulimi spektakular, ia ka dal\u00eb t\u00eb mos b\u00ebj\u00eb asgj\u00eb rreth t\u00eb cil\u00ebs mund t\u00eb diskutojm\u00eb, ta lavd\u00ebrojm\u00eb apo kritikojm\u00eb. E vetmja iniciativ\u00eb urbane e tij \u00ebsht\u00eb diletantizmi dhe mediokriteti q\u00eb ngjizi n\u00eb Sheshin Sk\u00ebnderbej, dhe shum\u00ebfishimi i disa taksave. P\u00ebr k\u00ebt\u00eb arsye opozita rreket m\u00eb kot t\u00eb flas\u00eb p\u00ebr nj\u00eb bilanc kryebashkiaku, qoft\u00eb ky dhe i d\u00ebshtuar. Nuk ekziston nj\u00eb i till\u00eb. Por ama ekziston nj\u00eb bilanc politik i kryebashkiakut Lul\u00ebzim Basha, i cili \u00ebsht\u00eb nj\u00eb zhvillim i ri dometh\u00ebn\u00ebs p\u00ebr Partin\u00eb Demokratike n\u00eb pushtet dhe t\u00eb ardhmen e saj.<\/p>\n<p>S\u00eb pari, Lul\u00ebzim Basha arriti ta p\u00ebrdor\u00eb kandidimin, manipulimin dhe m\u00eb pas hyrjen n\u00eb zyr\u00ebn e kryebashkiakut p\u00ebr nj\u00eb problem madhor t\u00eb s\u00eb ardhmes s\u00eb tij n\u00eb politik\u00eb dhe n\u00eb jet\u00ebn qytetare t\u00eb k\u00ebtij vendi. Ai ishte Minist\u00ebr i Brendsh\u00ebm n\u00eb qeverin\u00eb e Sali Berish\u00ebs, q\u00eb vrau kat\u00ebr qytetar\u00eb shqiptar\u00eb m\u00eb 21 janar 2011. 8 f\u00ebmij\u00eb shqiptar\u00eb po rriten n\u00eb k\u00ebt\u00eb vend duke e par\u00eb Lul\u00ebzim Bash\u00ebn si vras\u00ebs t\u00eb prind\u00ebrve t\u00eb tyre, dhe miliona shqiptar\u00eb si nj\u00eb manekin q\u00eb Sali Berisha e p\u00ebrdori p\u00ebr k\u00ebt\u00eb krim t\u00eb sh\u00ebmtuar. I vendosur n\u00eb nj\u00eb kontekst m\u00eb familjar me Sali Berish\u00ebn dhe pushtetin e tij, ai u b\u00eb viktima m\u00eb e dhimbshme e Sali Berish\u00ebs p\u00ebr 21 janarin, njeriu q\u00eb Berisha duhet ta shp\u00ebtonte me \u00e7do kusht. \u201cYlli n\u00eb ngjitje\u201d i tij ishte sp\u00ebrkatur me njolla gjaku t\u00eb pafajsh\u00ebm dhe \u00ebndrra e familjes s\u00eb tij p\u00ebr t\u2019i l\u00ebn\u00eb t\u00eb ardhmen e pron\u00ebs private t\u00eb quajtur PD, ishte plagosur keqas.<\/p>\n<p>Kjo ishte nj\u00eb nga arsyet madhore p\u00ebrse Sali Berisha e nxori at\u00eb nga strofka e krimit dhe e hodhi n\u00eb betej\u00ebn p\u00ebr kryeqytetin, me nj\u00eb vendim t\u00eb qart\u00eb p\u00ebr ta marr\u00eb me \u00e7do kusht Bashkin\u00eb, jo se i duhej p\u00ebr t\u00eb qeverisur Tiran\u00ebn, por p\u00ebr t\u00eb lar\u00eb gjakun q\u00eb i kish ngelur n\u00eb duar kukull\u00ebs s\u00eb Familjes. Sali Berisha u investua i t\u00ebri me gjith\u00eb mekanizmat e pushtetit t\u00eb tij, me kriminel\u00eb dhe persona n\u00eb k\u00ebrkim, me votues t\u00eb eksportuar, me infrastruktur\u00eb zgjedhore, me polici dhe n\u00eb fund me kamikaz\u00eb t\u00eb tipit Ristani apo Ndreca e Jonuzi, p\u00ebr t\u00eb \u00e7uar me \u00e7do kusht n\u00eb zyr\u00ebn e Bashkis\u00eb Lul\u00ebzim Bash\u00ebn.<\/p>\n<p>Arsyeja nuk ishte e ardhmja e Tiran\u00ebs, por e ardhmja e Lul\u00ebzim Bash\u00ebs. Dy vajzat jetime t\u00eb Aleks Nik\u00ebs nuk duhet ta kishin para syve si vras\u00ebs Lul\u00ebzim Bash\u00ebn, por si kryebashkiak, f\u00ebmij\u00ebt e Hekuran Ded\u00ebs duhet ta harronin se nj\u00eb \u201cdibran\u201d ua kishte vrar\u00eb baban\u00eb, f\u00ebmij\u00ebt e Ziver Veizit dhe Faik Myrtajt duhet ta kishin inatin me Ndrea Prendin dhe ndonj\u00eb kamikaz tjet\u00ebr, por jo me fytyr\u00ebn pa muskuj dhe gjak t\u00eb Lul\u00ebzim Bash\u00ebs, q\u00eb u p\u00ebrdor n\u00eb k\u00ebt\u00eb vrasje. Ky superinvestim i Berish\u00ebs dhe Familjes s\u00eb tij p\u00ebr ta pastruar k\u00ebt\u00eb njeri nga nj\u00eb histori kriminale ishte dhe mbeti q\u00ebllimi madhor i hyrjes s\u00eb tij n\u00eb at\u00eb zyr\u00eb bashkie.<\/p>\n<p>Ndaj nj\u00eb vit m\u00eb pas askush nuk pret q\u00eb Lul\u00ebzim Basha t\u00eb ket\u00eb b\u00ebr\u00eb ndonj\u00eb pun\u00eb, por thjesht pyesin n\u00ebse i \u00ebsht\u00eb harruar apo jo fakti q\u00eb ka l\u00ebn\u00eb 8 f\u00ebmij\u00eb jetim\u00eb. Dhe si\u00e7 ka th\u00ebn\u00eb dhe ambasadori holandez, p\u00ebrfaq\u00ebsuesi i vendit, qytetar\u00eb t\u00eb t\u00eb cilit jan\u00eb vajzat e Lul\u00ebzim Bash\u00ebs dhe gruaja e tij, Berisha ia ka arritur ta b\u00ebj\u00eb t\u00eb harrohet 21 Janari, s\u00eb paku p\u00ebr at\u00eb pjes\u00eb t\u00eb krimit q\u00eb i takon Lul\u00ebzim Bash\u00ebs. T\u00eb vetmit q\u00eb ia mbajn\u00eb mend jan\u00eb familjar\u00ebt e viktimave si dhe qytetar\u00ebt e p\u00ebrgjegjsh\u00ebm t\u00eb k\u00ebtij vendi.<\/p>\n<p>Arritja e dyt\u00eb e r\u00ebnd\u00ebsishme politike e Lul\u00ebzim Bash\u00ebs \u00ebsht\u00eb fakti q\u00eb ai ka arritur t\u00eb b\u00ebhet nj\u00eb qend\u00ebr e r\u00ebnd\u00ebsishme pushteti jasht\u00eb pushtetit ekzekutiv t\u00eb Partis\u00eb Demokratike. Lul\u00ebzim Basha e ka p\u00ebrdorur hyrjen me dhun\u00eb n\u00eb Bashki si nj\u00eb arsye p\u00ebr t\u00eb gjeneruar nj\u00eb fuqi t\u00eb re pushteti q\u00eb nuk kalon doemos n\u00eb filtrat e pushtetit ekzekutiv t\u00eb Berish\u00ebs. Ai ka tentuar t\u00eb mbaj\u00eb distanc\u00eb nga klient\u00ebt e pushtetit qendror, p\u00ebr t\u00eb prodhuar klient\u00eb t\u00eb tij dhe p\u00ebr t\u00eb mbajtur q\u00ebndrim diferenc\u00ebs me armiqt\u00eb klasik\u00eb t\u00eb pushtetit qendror.<\/p>\n<p>Fjala vjen, Basha nuk \u00ebsht\u00eb aq i preferuar i Klanit bab\u00ebzit\u00ebs, edhe p\u00ebr arsyen se \u00ebsht\u00eb i kujdessh\u00ebm ndaj mediave t\u00eb tjera t\u00eb m\u00ebdha, t\u00eb cilat kan\u00eb nj\u00eb luajalitet t\u00eb heshtur me t\u00eb. Disa prej tyre, si grupi Panorama apo Fokus Grup jan\u00eb shum\u00eb t\u00eb af\u00ebrt t\u00eb tij, t\u00eb tjer\u00eb si Top Channel apo medie p\u00ebrgjith\u00ebsisht kritike me qeverin\u00eb, jan\u00eb m\u00eb luajal\u00eb e t\u00eb hapur me t\u00eb fal\u00eb disa politikave personale t\u00eb tij, q\u00eb nuk shkojn\u00eb n\u00eb nj\u00eb gjat\u00ebsi vale me politik\u00ebn e r\u00ebndomt\u00eb t\u00eb PD-s\u00eb.<\/p>\n<p>Nga ana tjet\u00ebr Basha ka qen\u00eb radikal n\u00eb spastrimet e njer\u00ebzve t\u00eb Ram\u00ebs nga Bashkia, p\u00ebrfshi dhe teknicien\u00ebve t\u00eb aft\u00eb, por qendrat kryesore t\u00eb pushtetit n\u00eb Bashki nuk jan\u00eb pjes\u00eb e sugjerimeve t\u00eb PD-s\u00eb klasike, pra t\u00eb strukturave formale t\u00eb PD-s\u00eb, por pjes\u00eb e sugjerimeve familjare t\u00eb tij, t\u00eb vjehrrit, Kunatit dhe \u201ckunet\u00ebrve\u201d t\u00eb tij n\u00eb PD dhe n\u00eb m\u00ebnyr\u00eb t\u00eb pakund\u00ebrshtueshme sugjerime t\u00eb Ilir Met\u00ebs dhe L\u00ebvizjes Socialiste p\u00ebr Integrim. Ai ka prodhuar praktikisht brenda bashkis\u00eb nj\u00eb vat\u00ebr t\u00eb element\u00ebve teknokrat\u00eb, t\u00eb aft\u00eb apo t\u00eb paaft\u00eb qofshin k\u00ebta, q\u00eb do t\u00eb jen\u00eb infrastruktura e tij politike n\u00eb t\u00eb ardhmen.<\/p>\n<p>Nj\u00eb shenj\u00eb e qart\u00eb e fuqis\u00eb s\u00eb tij t\u00eb re politike n\u00eb Bashkin\u00eb e Tiran\u00ebs \u00ebsht\u00eb bashk\u00ebpunimi i tij perfekt me L\u00ebvizjen Socialiste p\u00ebr Integrim dhe krijimi i nj\u00eb identiteti t\u00eb ri politik brenda koalicionit qeveris\u00ebs nga bashk\u00ebpunimi me Ilir Met\u00ebn. P\u00ebrfshirja e Lul\u00ebzim Bash\u00ebs n\u00eb betej\u00ebn presidenciale p\u00ebr shmangien e rivales s\u00eb tij kryesore n\u00eb Partin\u00eb Demokratike, Jozefina Topallit, ishte perfekt. Ai p\u00ebrdori Ilir Met\u00ebn si nj\u00eb element shantazhi ndaj pushtetit t\u00eb PD-s\u00eb n\u00eb nj\u00eb marr\u00ebveshje t\u00eb heshtur me Berish\u00ebn.<\/p>\n<p>Ilir Meta ngriti pazarin e vet duke u afruar me opozit\u00ebn dhe u investua vet\u00ebm n\u00eb shmangien e Jozefina Topallit nga kandidatura e presidentit, me arsyetimin se \u00ebsht\u00eb figur\u00eb e lart\u00eb e PD-s\u00eb. Nd\u00ebrkoh\u00eb, kur n\u00eb presidenc\u00eb shkoi nj\u00eb manekin as i gjall\u00eb, as i vdekur, dhe ushtar i Sali Berish\u00ebs, Ilir Meta pranoi me qet\u00ebsi, biles me entuziaz\u00ebm, duke e b\u00ebr\u00eb t\u00eb qart\u00eb n\u00eb em\u00ebr t\u00eb kujt u investua n\u00eb k\u00ebt\u00eb betej\u00eb.<\/p>\n<p>Bashk\u00ebpunimi politik Meta-Basha brenda Partis\u00eb Demokratike ka ndryshuar n\u00eb fakt fizionomin\u00eb e pushtetit t\u00eb ri dhe ka prodhuar dy flukse t\u00eb ndryshme pushteti brenda shumic\u00ebs, q\u00eb luftojn\u00eb p\u00ebr interesa t\u00eb tyre, duke u bazuar tek nj\u00eb parim i pandryshuesh\u00ebm, q\u00eb t\u00eb dy jan\u00eb n\u00eb gar\u00eb se kush \u00ebsht\u00eb m\u00eb i besuari i Sali Berish\u00ebs. Pra, n\u00eb thelb kjo l\u00ebvizje nuk \u00ebsht\u00eb se sjell di\u00e7ka pozitive p\u00ebr shoq\u00ebrin\u00eb, por sjell di\u00e7ka trondit\u00ebse p\u00ebr monolitetin e PD-s\u00eb dhe nj\u00ebtrajtshm\u00ebrin\u00eb e debatit politik brenda saj. Deri m\u00eb sot Lul\u00ebzim Basha \u00ebsht\u00eb i vetmi politikan n\u00eb PD q\u00eb ka prodhuar nj\u00eb l\u00ebvizje dhe aleanc\u00eb fluide brenda shumic\u00ebs p\u00ebr interesa t\u00eb veta dhe i \u00ebsht\u00eb pranuar shantazhi. Kjo nuk \u00ebsht\u00eb pak, edhe pse ky shantazh i ka p\u00eblqyer mbi t\u00eb gjitha Sali Berish\u00ebs.<\/p>\n<p>T\u00eb gjith\u00eb ata qytetar\u00eb naiv\u00eb q\u00eb menduan nj\u00eb vit m\u00eb par\u00eb se Edi Rama ishte nj\u00eb politikan q\u00eb nuk kishte m\u00eb koh\u00eb t\u00eb merrej me Bashkin\u00eb, kan\u00eb tani nj\u00eb kryebashkiak q\u00eb merret gjith\u00eb dit\u00ebn me intriga politike, q\u00eb kan\u00eb objektiv t\u2019i krijojn\u00eb atij siguri p\u00ebr karrier\u00ebn e tij politike dhe jo at\u00eb si kryebashkiak.<\/p>\n<p>Ai ia ka dal\u00eb q\u00eb nj\u00eb vit pasi ka hyr\u00eb n\u00eb Bashkin\u00eb e Tiran\u00ebs, p\u00ebr at\u00eb t\u00eb mos diskutohet se \u00e7far\u00eb ka b\u00ebr\u00eb p\u00ebr qytetin, \u00e7far\u00eb ka b\u00ebr\u00eb p\u00ebr premtimet e tij qesharake apo p\u00ebr qytetarin q\u00eb e kishte aq merak n\u00eb fushat\u00eb, por t\u00eb diskutohet se \u00e7far\u00eb ka b\u00ebr\u00eb me Ilir Met\u00ebn, \u00e7far\u00eb pazari ka b\u00ebr\u00eb me Fahri Balliun, \u00e7far\u00eb i ka dh\u00ebne Irfan Hysenbelliut, pse \u00ebsht\u00eb m\u00ebrzitur me Frangajn dhe Zamirin, si e eliminoi Topallin nga presidente, a \u00ebsht\u00eb m\u00ebrzitur v\u00ebrtet me Rrahmanin dhe Tan Lepurin, a ndikon kjo n\u00eb marr\u00ebdh\u00ebniet me Shk\u00eblzenin, dhe n\u00eb finale a \u00ebsht\u00eb e k\u00ebnaqur apo e m\u00ebrzitur Argita nga \u00e7\u2019po b\u00ebn ai\u2026, etj.<\/p>\n<p>Si\u00e7 t\u00eb gjith\u00eb e kemi par\u00eb, e ke shum\u00eb t\u00eb v\u00ebshtir\u00eb ta b\u00ebsh at\u00eb njeri t\u00eb ndjesh\u00ebm me debatet p\u00ebr qytetin, as kur ul\u00ebrin Fatos Lubonja p\u00ebr pem\u00ebt e prera n\u00eb Rrug\u00ebn e Elbasanit, as kur shoq\u00ebria civile p\u00ebr 50 dit\u00eb lutej t\u00eb d\u00ebgjonte vet\u00ebm nj\u00eb fjal\u00eb prej tij. Ai foli vet\u00ebm kur ambasadori amerikan e humbi qet\u00ebsin\u00eb. Dhe kur foli, b\u00ebri at\u00eb q\u00eb b\u00ebn gjithnj\u00eb, thjesht g\u00ebnjeu.<\/p>\n<p>Pra, nj\u00eb vit pas hyrjes s\u00eb tij n\u00eb Bashki ne nuk kemi nj\u00eb debat p\u00ebr pun\u00ebt publike apo performanc\u00ebn e kryebashkiakut Lul\u00ebzim Basha, por nj\u00eb debat p\u00ebr hilet e tij politike, mashtrimet e tij t\u00eb vockla, klient\u00ebt e tij t\u00eb rinj, marr\u00ebdh\u00ebniet delikate me aktor\u00ebt e vjet\u00ebr, pra gjith\u00e7ka q\u00eb ka t\u00eb b\u00ebj\u00eb me investimin e tij politik n\u00eb t\u00eb ardhmen. Dhe nuk ka asnj\u00eb detyrim. Nuk \u00ebsht\u00eb se pyeti p\u00ebr vot\u00ebn ton\u00eb apo p\u00ebr ndjeshm\u00ebrin\u00eb ton\u00eb ndaj qytetit. Mandatin e mori pa na pyetur ne. Ishte i qart\u00eb q\u00eb n\u00eb fillim se i duhej Tirana p\u00ebr t\u00eb shp\u00ebtuar veten e tij dhe nuk ofroi veten e tij p\u00ebr t\u00eb shp\u00ebtuar Tiran\u00ebn.<\/p>\n","protected":false},"excerpt":{"rendered":"<p>Nga Mero Baze, 25 Korrik 2012 N\u00eb p\u00ebrvjetorin e par\u00eb t\u00eb Lul\u00ebzim Bash\u00ebs n\u00eb krye t\u00eb Bashkis\u00eb s\u00eb Tiran\u00ebs, e ke t\u00eb v\u00ebshtir\u00eb t\u00eb b\u00ebsh nj\u00eb bilanc administrativ t\u00eb arritjeve t\u00eb tij. Kryebashkiaku q\u00eb hyri n\u00eb at\u00eb zyr\u00eb pas nj\u00eb procesi manipulimi spektakular, ia ka dal\u00eb t\u00eb mos b\u00ebj\u00eb asgj\u00eb rreth t\u00eb cil\u00ebs mund t\u00eb [&hellip;]<\/p>\n","protected":false},"author":1,"featured_media":0,"comment_status":"open","ping_status":"closed","sticky":false,"template":"","format":"standard","meta":{"footnotes":""},"categories":[2],"tags":[],"class_list":{"0":"post-4037","1":"post","2":"type-post","3":"status-publish","4":"format-standard","6":"category-artikuj"},"yoast_head":"<!-- This site is optimized with the Yoast SEO plugin v27.4 - https:\/\/yoast.com\/product\/yoast-seo-wordpress\/ -->\n<title>Arritjet reale t\u00eb Lul\u00ebzim Bash\u00ebs - FjALA e LIR\u00cb - Arkivi<\/title>\n<meta name=\"robots\" content=\"index, follow, max-snippet:-1, max-image-preview:large, max-video-preview:-1\" \/>\n<link rel=\"canonical\" href=\"https:\/\/fjala.info\/2009-2015\/arritjet-reale-te-lulezim-bashes\/\" \/>\n<meta property=\"og:locale\" content=\"sq_AL\" \/>\n<meta property=\"og:type\" content=\"article\" \/>\n<meta property=\"og:title\" content=\"Arritjet reale t\u00eb Lul\u00ebzim Bash\u00ebs - FjALA e LIR\u00cb - Arkivi\" \/>\n<meta property=\"og:description\" content=\"Nga Mero Baze, 25 Korrik 2012 N\u00eb p\u00ebrvjetorin e par\u00eb t\u00eb Lul\u00ebzim Bash\u00ebs n\u00eb krye t\u00eb Bashkis\u00eb s\u00eb Tiran\u00ebs, e ke t\u00eb v\u00ebshtir\u00eb t\u00eb b\u00ebsh nj\u00eb bilanc administrativ t\u00eb arritjeve t\u00eb tij. Kryebashkiaku q\u00eb hyri n\u00eb at\u00eb zyr\u00eb pas nj\u00eb procesi manipulimi spektakular, ia ka dal\u00eb t\u00eb mos b\u00ebj\u00eb asgj\u00eb rreth t\u00eb cil\u00ebs mund t\u00eb [&hellip;]\" \/>\n<meta property=\"og:url\" content=\"https:\/\/fjala.info\/2009-2015\/arritjet-reale-te-lulezim-bashes\/\" \/>\n<meta property=\"og:site_name\" content=\"FjALA e LIR\u00cb - Arkivi\" \/>\n<meta property=\"article:published_time\" content=\"2012-07-25T21:00:07+00:00\" \/>\n<meta property=\"og:image\" content=\"http:\/\/www.fjala.info\/2012\/mero_baze.jpg\" \/>\n<meta name=\"author\" content=\"admin\" \/>\n<meta name=\"twitter:card\" content=\"summary_large_image\" \/>\n<meta name=\"twitter:label1\" content=\"Written by\" \/>\n\t<meta name=\"twitter:data1\" content=\"admin\" \/>\n\t<meta name=\"twitter:label2\" content=\"Est. reading time\" \/>\n\t<meta name=\"twitter:data2\" content=\"9 minutes\" \/>\n<script type=\"application\/ld+json\" class=\"yoast-schema-graph\">{\"@context\":\"https:\\\/\\\/schema.org\",\"@graph\":[{\"@type\":\"Article\",\"@id\":\"https:\\\/\\\/fjala.info\\\/2009-2015\\\/arritjet-reale-te-lulezim-bashes\\\/#article\",\"isPartOf\":{\"@id\":\"https:\\\/\\\/fjala.info\\\/2009-2015\\\/arritjet-reale-te-lulezim-bashes\\\/\"},\"author\":{\"name\":\"admin\",\"@id\":\"https:\\\/\\\/fjala.info\\\/2009-2015\\\/#\\\/schema\\\/person\\\/3aa1163ef05469c496fc94e77611ada2\"},\"headline\":\"Arritjet reale t\u00eb Lul\u00ebzim Bash\u00ebs\",\"datePublished\":\"2012-07-25T21:00:07+00:00\",\"mainEntityOfPage\":{\"@id\":\"https:\\\/\\\/fjala.info\\\/2009-2015\\\/arritjet-reale-te-lulezim-bashes\\\/\"},\"wordCount\":1756,\"commentCount\":0,\"publisher\":{\"@id\":\"https:\\\/\\\/fjala.info\\\/2009-2015\\\/#organization\"},\"image\":{\"@id\":\"https:\\\/\\\/fjala.info\\\/2009-2015\\\/arritjet-reale-te-lulezim-bashes\\\/#primaryimage\"},\"thumbnailUrl\":\"http:\\\/\\\/www.fjala.info\\\/2012\\\/mero_baze.jpg\",\"articleSection\":[\"Artikuj\"],\"inLanguage\":\"sq-AL\",\"potentialAction\":[{\"@type\":\"CommentAction\",\"name\":\"Comment\",\"target\":[\"https:\\\/\\\/fjala.info\\\/2009-2015\\\/arritjet-reale-te-lulezim-bashes\\\/#respond\"]}]},{\"@type\":\"WebPage\",\"@id\":\"https:\\\/\\\/fjala.info\\\/2009-2015\\\/arritjet-reale-te-lulezim-bashes\\\/\",\"url\":\"https:\\\/\\\/fjala.info\\\/2009-2015\\\/arritjet-reale-te-lulezim-bashes\\\/\",\"name\":\"Arritjet reale t\u00eb Lul\u00ebzim Bash\u00ebs - FjALA e LIR\u00cb - Arkivi\",\"isPartOf\":{\"@id\":\"https:\\\/\\\/fjala.info\\\/2009-2015\\\/#website\"},\"primaryImageOfPage\":{\"@id\":\"https:\\\/\\\/fjala.info\\\/2009-2015\\\/arritjet-reale-te-lulezim-bashes\\\/#primaryimage\"},\"image\":{\"@id\":\"https:\\\/\\\/fjala.info\\\/2009-2015\\\/arritjet-reale-te-lulezim-bashes\\\/#primaryimage\"},\"thumbnailUrl\":\"http:\\\/\\\/www.fjala.info\\\/2012\\\/mero_baze.jpg\",\"datePublished\":\"2012-07-25T21:00:07+00:00\",\"breadcrumb\":{\"@id\":\"https:\\\/\\\/fjala.info\\\/2009-2015\\\/arritjet-reale-te-lulezim-bashes\\\/#breadcrumb\"},\"inLanguage\":\"sq-AL\",\"potentialAction\":[{\"@type\":\"ReadAction\",\"target\":[\"https:\\\/\\\/fjala.info\\\/2009-2015\\\/arritjet-reale-te-lulezim-bashes\\\/\"]}]},{\"@type\":\"ImageObject\",\"inLanguage\":\"sq-AL\",\"@id\":\"https:\\\/\\\/fjala.info\\\/2009-2015\\\/arritjet-reale-te-lulezim-bashes\\\/#primaryimage\",\"url\":\"http:\\\/\\\/www.fjala.info\\\/2012\\\/mero_baze.jpg\",\"contentUrl\":\"http:\\\/\\\/www.fjala.info\\\/2012\\\/mero_baze.jpg\"},{\"@type\":\"BreadcrumbList\",\"@id\":\"https:\\\/\\\/fjala.info\\\/2009-2015\\\/arritjet-reale-te-lulezim-bashes\\\/#breadcrumb\",\"itemListElement\":[{\"@type\":\"ListItem\",\"position\":1,\"name\":\"Home\",\"item\":\"https:\\\/\\\/fjala.info\\\/2009-2015\\\/\"},{\"@type\":\"ListItem\",\"position\":2,\"name\":\"Arritjet reale t\u00eb Lul\u00ebzim Bash\u00ebs\"}]},{\"@type\":\"WebSite\",\"@id\":\"https:\\\/\\\/fjala.info\\\/2009-2015\\\/#website\",\"url\":\"https:\\\/\\\/fjala.info\\\/2009-2015\\\/\",\"name\":\"FjALA e LIR\u00cb - Arkivi\",\"description\":\"Arkivi 2009-2015\",\"publisher\":{\"@id\":\"https:\\\/\\\/fjala.info\\\/2009-2015\\\/#organization\"},\"potentialAction\":[{\"@type\":\"SearchAction\",\"target\":{\"@type\":\"EntryPoint\",\"urlTemplate\":\"https:\\\/\\\/fjala.info\\\/2009-2015\\\/?s={search_term_string}\"},\"query-input\":{\"@type\":\"PropertyValueSpecification\",\"valueRequired\":true,\"valueName\":\"search_term_string\"}}],\"inLanguage\":\"sq-AL\"},{\"@type\":\"Organization\",\"@id\":\"https:\\\/\\\/fjala.info\\\/2009-2015\\\/#organization\",\"name\":\"FjALA e LIR\u00cb - Arkivi\",\"url\":\"https:\\\/\\\/fjala.info\\\/2009-2015\\\/\",\"logo\":{\"@type\":\"ImageObject\",\"inLanguage\":\"sq-AL\",\"@id\":\"https:\\\/\\\/fjala.info\\\/2009-2015\\\/#\\\/schema\\\/logo\\\/image\\\/\",\"url\":\"\",\"contentUrl\":\"\",\"caption\":\"FjALA e LIR\u00cb - Arkivi\"},\"image\":{\"@id\":\"https:\\\/\\\/fjala.info\\\/2009-2015\\\/#\\\/schema\\\/logo\\\/image\\\/\"}},{\"@type\":\"Person\",\"@id\":\"https:\\\/\\\/fjala.info\\\/2009-2015\\\/#\\\/schema\\\/person\\\/3aa1163ef05469c496fc94e77611ada2\",\"name\":\"admin\",\"image\":{\"@type\":\"ImageObject\",\"inLanguage\":\"sq-AL\",\"@id\":\"https:\\\/\\\/fjala.info\\\/2009-2015\\\/wp-content\\\/uploads\\\/2012\\\/02\\\/arben_cokaj-120x150.jpg\",\"url\":\"https:\\\/\\\/fjala.info\\\/2009-2015\\\/wp-content\\\/uploads\\\/2012\\\/02\\\/arben_cokaj-120x150.jpg\",\"contentUrl\":\"https:\\\/\\\/fjala.info\\\/2009-2015\\\/wp-content\\\/uploads\\\/2012\\\/02\\\/arben_cokaj-120x150.jpg\",\"caption\":\"admin\"},\"description\":\"Admin, Fjala e Lir\u00eb\",\"sameAs\":[\"https:\\\/\\\/fjala.info\\\/\"],\"url\":\"https:\\\/\\\/fjala.info\\\/2009-2015\\\/author\\\/admin\\\/\"}]}<\/script>\n<!-- \/ Yoast SEO plugin. -->","yoast_head_json":{"title":"Arritjet reale t\u00eb Lul\u00ebzim Bash\u00ebs - FjALA e LIR\u00cb - Arkivi","robots":{"index":"index","follow":"follow","max-snippet":"max-snippet:-1","max-image-preview":"max-image-preview:large","max-video-preview":"max-video-preview:-1"},"canonical":"https:\/\/fjala.info\/2009-2015\/arritjet-reale-te-lulezim-bashes\/","og_locale":"sq_AL","og_type":"article","og_title":"Arritjet reale t\u00eb Lul\u00ebzim Bash\u00ebs - FjALA e LIR\u00cb - Arkivi","og_description":"Nga Mero Baze, 25 Korrik 2012 N\u00eb p\u00ebrvjetorin e par\u00eb t\u00eb Lul\u00ebzim Bash\u00ebs n\u00eb krye t\u00eb Bashkis\u00eb s\u00eb Tiran\u00ebs, e ke t\u00eb v\u00ebshtir\u00eb t\u00eb b\u00ebsh nj\u00eb bilanc administrativ t\u00eb arritjeve t\u00eb tij. Kryebashkiaku q\u00eb hyri n\u00eb at\u00eb zyr\u00eb pas nj\u00eb procesi manipulimi spektakular, ia ka dal\u00eb t\u00eb mos b\u00ebj\u00eb asgj\u00eb rreth t\u00eb cil\u00ebs mund t\u00eb [&hellip;]","og_url":"https:\/\/fjala.info\/2009-2015\/arritjet-reale-te-lulezim-bashes\/","og_site_name":"FjALA e LIR\u00cb - Arkivi","article_published_time":"2012-07-25T21:00:07+00:00","og_image":[{"url":"http:\/\/www.fjala.info\/2012\/mero_baze.jpg","type":"","width":"","height":""}],"author":"admin","twitter_card":"summary_large_image","twitter_misc":{"Written by":"admin","Est. reading time":"9 minutes"},"schema":{"@context":"https:\/\/schema.org","@graph":[{"@type":"Article","@id":"https:\/\/fjala.info\/2009-2015\/arritjet-reale-te-lulezim-bashes\/#article","isPartOf":{"@id":"https:\/\/fjala.info\/2009-2015\/arritjet-reale-te-lulezim-bashes\/"},"author":{"name":"admin","@id":"https:\/\/fjala.info\/2009-2015\/#\/schema\/person\/3aa1163ef05469c496fc94e77611ada2"},"headline":"Arritjet reale t\u00eb Lul\u00ebzim Bash\u00ebs","datePublished":"2012-07-25T21:00:07+00:00","mainEntityOfPage":{"@id":"https:\/\/fjala.info\/2009-2015\/arritjet-reale-te-lulezim-bashes\/"},"wordCount":1756,"commentCount":0,"publisher":{"@id":"https:\/\/fjala.info\/2009-2015\/#organization"},"image":{"@id":"https:\/\/fjala.info\/2009-2015\/arritjet-reale-te-lulezim-bashes\/#primaryimage"},"thumbnailUrl":"http:\/\/www.fjala.info\/2012\/mero_baze.jpg","articleSection":["Artikuj"],"inLanguage":"sq-AL","potentialAction":[{"@type":"CommentAction","name":"Comment","target":["https:\/\/fjala.info\/2009-2015\/arritjet-reale-te-lulezim-bashes\/#respond"]}]},{"@type":"WebPage","@id":"https:\/\/fjala.info\/2009-2015\/arritjet-reale-te-lulezim-bashes\/","url":"https:\/\/fjala.info\/2009-2015\/arritjet-reale-te-lulezim-bashes\/","name":"Arritjet reale t\u00eb Lul\u00ebzim Bash\u00ebs - FjALA e LIR\u00cb - Arkivi","isPartOf":{"@id":"https:\/\/fjala.info\/2009-2015\/#website"},"primaryImageOfPage":{"@id":"https:\/\/fjala.info\/2009-2015\/arritjet-reale-te-lulezim-bashes\/#primaryimage"},"image":{"@id":"https:\/\/fjala.info\/2009-2015\/arritjet-reale-te-lulezim-bashes\/#primaryimage"},"thumbnailUrl":"http:\/\/www.fjala.info\/2012\/mero_baze.jpg","datePublished":"2012-07-25T21:00:07+00:00","breadcrumb":{"@id":"https:\/\/fjala.info\/2009-2015\/arritjet-reale-te-lulezim-bashes\/#breadcrumb"},"inLanguage":"sq-AL","potentialAction":[{"@type":"ReadAction","target":["https:\/\/fjala.info\/2009-2015\/arritjet-reale-te-lulezim-bashes\/"]}]},{"@type":"ImageObject","inLanguage":"sq-AL","@id":"https:\/\/fjala.info\/2009-2015\/arritjet-reale-te-lulezim-bashes\/#primaryimage","url":"http:\/\/www.fjala.info\/2012\/mero_baze.jpg","contentUrl":"http:\/\/www.fjala.info\/2012\/mero_baze.jpg"},{"@type":"BreadcrumbList","@id":"https:\/\/fjala.info\/2009-2015\/arritjet-reale-te-lulezim-bashes\/#breadcrumb","itemListElement":[{"@type":"ListItem","position":1,"name":"Home","item":"https:\/\/fjala.info\/2009-2015\/"},{"@type":"ListItem","position":2,"name":"Arritjet reale t\u00eb Lul\u00ebzim Bash\u00ebs"}]},{"@type":"WebSite","@id":"https:\/\/fjala.info\/2009-2015\/#website","url":"https:\/\/fjala.info\/2009-2015\/","name":"FjALA e LIR\u00cb - Arkivi","description":"Arkivi 2009-2015","publisher":{"@id":"https:\/\/fjala.info\/2009-2015\/#organization"},"potentialAction":[{"@type":"SearchAction","target":{"@type":"EntryPoint","urlTemplate":"https:\/\/fjala.info\/2009-2015\/?s={search_term_string}"},"query-input":{"@type":"PropertyValueSpecification","valueRequired":true,"valueName":"search_term_string"}}],"inLanguage":"sq-AL"},{"@type":"Organization","@id":"https:\/\/fjala.info\/2009-2015\/#organization","name":"FjALA e LIR\u00cb - Arkivi","url":"https:\/\/fjala.info\/2009-2015\/","logo":{"@type":"ImageObject","inLanguage":"sq-AL","@id":"https:\/\/fjala.info\/2009-2015\/#\/schema\/logo\/image\/","url":"","contentUrl":"","caption":"FjALA e LIR\u00cb - Arkivi"},"image":{"@id":"https:\/\/fjala.info\/2009-2015\/#\/schema\/logo\/image\/"}},{"@type":"Person","@id":"https:\/\/fjala.info\/2009-2015\/#\/schema\/person\/3aa1163ef05469c496fc94e77611ada2","name":"admin","image":{"@type":"ImageObject","inLanguage":"sq-AL","@id":"https:\/\/fjala.info\/2009-2015\/wp-content\/uploads\/2012\/02\/arben_cokaj-120x150.jpg","url":"https:\/\/fjala.info\/2009-2015\/wp-content\/uploads\/2012\/02\/arben_cokaj-120x150.jpg","contentUrl":"https:\/\/fjala.info\/2009-2015\/wp-content\/uploads\/2012\/02\/arben_cokaj-120x150.jpg","caption":"admin"},"description":"Admin, Fjala e Lir\u00eb","sameAs":["https:\/\/fjala.info\/"],"url":"https:\/\/fjala.info\/2009-2015\/author\/admin\/"}]}},"_links":{"self":[{"href":"https:\/\/fjala.info\/2009-2015\/wp-json\/wp\/v2\/posts\/4037","targetHints":{"allow":["GET"]}}],"collection":[{"href":"https:\/\/fjala.info\/2009-2015\/wp-json\/wp\/v2\/posts"}],"about":[{"href":"https:\/\/fjala.info\/2009-2015\/wp-json\/wp\/v2\/types\/post"}],"author":[{"embeddable":true,"href":"https:\/\/fjala.info\/2009-2015\/wp-json\/wp\/v2\/users\/1"}],"replies":[{"embeddable":true,"href":"https:\/\/fjala.info\/2009-2015\/wp-json\/wp\/v2\/comments?post=4037"}],"version-history":[{"count":0,"href":"https:\/\/fjala.info\/2009-2015\/wp-json\/wp\/v2\/posts\/4037\/revisions"}],"wp:attachment":[{"href":"https:\/\/fjala.info\/2009-2015\/wp-json\/wp\/v2\/media?parent=4037"}],"wp:term":[{"taxonomy":"category","embeddable":true,"href":"https:\/\/fjala.info\/2009-2015\/wp-json\/wp\/v2\/categories?post=4037"},{"taxonomy":"post_tag","embeddable":true,"href":"https:\/\/fjala.info\/2009-2015\/wp-json\/wp\/v2\/tags?post=4037"}],"curies":[{"name":"wp","href":"https:\/\/api.w.org\/{rel}","templated":true}]}}