{"id":4035,"date":"2012-07-25T21:56:50","date_gmt":"2012-07-25T20:56:50","guid":{"rendered":"http:\/\/www.fjala.info\/?p=4035"},"modified":"2012-07-25T21:56:50","modified_gmt":"2012-07-25T20:56:50","slug":"pak-po-me-jep-jeta-ime-e-teper-po-lyp-nga-une","status":"publish","type":"post","link":"https:\/\/fjala.info\/2009-2015\/pak-po-me-jep-jeta-ime-e-teper-po-lyp-nga-une\/","title":{"rendered":"\u201cPak po m\u00eb jep jeta ime \/ e tep\u00ebr po lyp nga Un\u00eb\u201d"},"content":{"rendered":"<p><img decoding=\"async\" class=\"alignleft size-thumbnail wp-image-7236\" title=\"Enver Robelli\" src=\"http:\/\/www.fjala.info\/2012\/enver_robelli.jpg\" alt=\"\" width=\"150\" \/> Nga <strong>Enver Robelli<\/strong>, <em>25 Korrik 2012<\/em><\/p>\n<p>Shkoi Ali Podrimja. Dhe do t\u00eb kthehet prap\u00eb mes nesh, nes\u00ebr, pasnes\u00ebr, e do t\u00eb na thot\u00eb: \u201cK\u00ebtu isha, po s\u2019m\u00eb pat\u00eb, t\u00eb verb\u00ebr\u201d! Ali Podrimja i ka l\u00ebn\u00eb shum\u00eb Kosov\u00ebs \u2013 Kosova publike e pasvitit 1999, nd\u00ebrkaq, p\u00ebr t\u00eb dhe shum\u00eb mendimtar\u00eb t\u00eb tjer\u00eb dhurat\u00eb t\u00eb vetme kishte: mosp\u00ebrfilljen dhe n\u00ebn\u00e7mimin<\/p>\n<p><strong>1<\/strong>.<\/p>\n<p>M\u2019u kujtua Ali Podrimja i viteve \u201890. M\u00eb sakt\u00ebsisht i mesit t\u00eb viteve \u201890, kur n\u00eb Kosov\u00eb kishin filluar t\u00eb zbeheshin shpresat, kur gjithnj\u00eb e m\u00eb pak njer\u00ebz besonin se \u201cpolitika e mosdhun\u00ebs\u201d do t\u00eb \u00e7onte n\u00eb cak, duke e detyruar hasmin t\u00eb l\u00ebshonte pe. Hasmi bartte uniform\u00eb luftarake, kryesisht t\u00eb kalt\u00ebr. N\u00eb qend\u00ebr t\u00eb Prishtin\u00ebs s\u2019kishte vend p\u00ebr shqiptar\u00eb. Para hotelit \u201cGrand\u201d ishte v\u00ebn\u00eb tabela: \u201cNdalohet hyrja p\u00ebr qen dhe shqiptar\u00eb\u201d. Brenda Arkani dhe kasap\u00ebt e tij num\u00ebronin parat\u00eb e fituara nga pla\u00e7kitjet n\u00eb Bosnj\u00eb dhe n\u00ebp\u00ebr dyqane shqiptar\u00ebsh n\u00eb Kosov\u00eb, e cila ishte e ndar\u00eb n\u00eb m\u00ebnyr\u00eb horizontale: n\u00eb sip\u00ebrfaqe hasmi me k\u00ebrba\u00e7in e tij, n\u00ebn t\u00eb nj\u00eb popull n\u00eb k\u00ebrkim t\u00eb rrug\u00ebs drejt liris\u00eb. Shqiptar\u00ebt ishin t\u00ebrhequr n\u00eb periferi. Te \u201cQafa\u201d zhvillohej di\u00e7ka si jet\u00eb kulturore n\u00ebp\u00ebr kafehane.<\/p>\n<p>K\u00ebtu qaheshin dertet, k\u00ebtu skalitej mendimi, k\u00ebtu mendohej e diskutohej p\u00ebr politik\u00ebn dhe policin\u00eb, t\u00eb vrar\u00ebt dhe t\u00eb gjall\u00ebt. Tri personalitete t\u00eb asaj kohe m\u00eb kujtohen ve\u00e7an\u00ebrisht: Ali Podrimja, Azem Shkreli dhe Bajram Kelmendi. Asnj\u00ebri s\u2019\u00ebsht\u00eb m\u00eb n\u00eb mesin ton\u00eb. Podrimja shkoi n\u00eb amshim tani, Shkreli iku nga kjo bot\u00eb para se ta shihte lirin\u00eb (e vrazhd\u00eb) t\u00eb Kosov\u00ebs, Kelmendi ra pre e ploj\u00ebs s\u00eb hasmit. M\u00eb kujtohen q\u00eb t\u00eb tre duke e admiruar Besim Ndrecajn, nj\u00eb burr\u00eb nga rrethina e Suharek\u00ebs q\u00eb nga mesi i viteve \u201890 kishte t\u00ebrhequr k\u00ebmb\u00ebz\u00ebn e arm\u00ebs kund\u00ebr hasmit. \u201cMe vdek\u00eb duhet m\u00ebsue \/ Qen\u00e7e nuk jetohet m\u00eb\u201d, do t\u00eb thoshte Ali Podrimja.<\/p>\n<p><strong>2<\/strong>.<\/p>\n<p>M\u2019u kujtua Ali Podrimja i mesit t\u00eb viteve \u201890, n\u00eb Gjenev\u00eb, dhe pyetja e tij e papritur n\u00eb m\u00ebngjes: \u201cA kam g\u00ebrhitur mbr\u00ebm\u00eb?\u201d Na kishte z\u00ebn\u00eb gjumi n\u00eb nj\u00eb dhom\u00eb t\u00eb madhe hoteli, n\u00eb muhabet e sip\u00ebr \u2013 m\u00eb shum\u00eb p\u00ebr politik\u00eb e m\u00eb pak p\u00ebr let\u00ebrsi. Dalja jasht\u00eb Kosov\u00ebs n\u00eb at\u00eb koh\u00eb ishte edhe moment i shkurt\u00ebr \u00e7lirimi: m\u00eb n\u00eb fund n\u00eb bot\u00ebn e civilizuar, larg uniformave t\u00eb hasmit, larg helmetave, larg kallashnikov\u00ebve, larg arbitraritetit t\u00eb pushtetit. Vinte Ali Podrimja shpesh bashk\u00eb me Azem Shkrelin; i pari i veshur l\u00e9ger, i dyti gati kurr\u00eb pa kravat\u00eb. Kush ka qen\u00eb d\u00ebshmitar i debatit t\u00eb tyre p\u00ebr veshjen e mod\u00ebn n\u00eb p\u00ebrgjith\u00ebsi, zor t\u00eb mos qesh me mall\u00ebngjim.<\/p>\n<p><strong>3<\/strong>.<\/p>\n<p>M\u2019u kujtua Ali Podrimja mbi t\u00eb gjitha si poet, i cili me z\u00ebrin e tij u shfaq n\u00eb horizont si flak\u00ebrim vet\u00ebtime. Shkroi vargje q\u00eb me kalimin e koh\u00ebs u shnd\u00ebrruan n\u00eb p\u00ebrbetime p\u00ebr liri e p\u00ebr dashuri. Jeta nuk e p\u00ebrk\u00ebdheli Ali Podrimjen. Prej d\u00ebshp\u00ebrimeve t\u00eb vogla deri te tragjedit\u00eb e m\u00ebdha personale \u2013 t\u00eb gjitha kaluan kah ai dhe mbi t\u00eb gjitha kaloi. Ikja e tij n\u00eb nj\u00eb mal t\u00eb thell\u00eb n\u00eb Franc\u00eb n\u00eb m\u00ebnyr\u00eb simbolike p\u00ebr\u00e7on edhe nj\u00eb mesazh: shikimi drejt horizontit per\u00ebndimor, t\u00eb cilin aq shum\u00eb e lart\u00ebsoi n\u00eb vargjet e tij dhe t\u00eb cilin si ideal p\u00ebrparimi aq shum\u00eb ia d\u00ebshiroi popullit t\u00eb tij. Iku Ali Podrimja n\u00eb nj\u00eb \u00e7ast kur populli i tij e ka humbur orientimin, kur ata q\u00eb quhen krer\u00eb t\u00eb tij me retorik\u00eb e shohin si model Evrop\u00ebn, por me vepra i jetojn\u00eb dhe p\u00ebrjetojn\u00eb veset q\u00eb na largojn\u00eb nga \u00e7do civilizim.<\/p>\n<p><strong>4<\/strong>.<\/p>\n<p>M\u2019u kujtua Ali Podrimja i v\u00ebllimit poetik \u201cDrejtpeshimi\u201d, botim i \u201cRilindjes\u201d, biblioteka \u201cAlbatros\u201d, viti 1981, \u201czgjodhi e p\u00ebrgatiti Ibrahim Rugova\u201d. Nga parath\u00ebnia \u2013 dor\u00ebn n\u00eb zem\u00ebr \u2013 mjaft hermetike e shkruar nga Rugova ve\u00e7ojm\u00eb: \u201cDhe sikur poeti inkuadrohet n\u00eb at\u00eb kuptimin e p\u00ebrgjithsh\u00ebm, jo t\u00eb ndalet vet\u00ebm n\u00eb semantik\u00ebn e formave, po p\u00ebrmes retorizimit t\u00eb tyre, t\u00eb k\u00ebrkoj\u00eb ekzistenc\u00ebn e formave, se pa ekzistenc\u00eb nuk ka as esenc\u00eb, e kjo sigurohet me krijimin dhe forcimin e formave poetike, q\u00eb nuk jan\u00eb zbraz\u00ebsi konstruktive, po plotni esenciale e aktive\u201d. N\u00eb k\u00ebt\u00eb v\u00ebllim Ali Podrimja th\u00ebrret: \u201epak po m\u00eb jep jeta ime \/ e tep\u00ebr po lyp nga Un\u00eb\u201d.<\/p>\n<p><strong>5<\/strong>.<\/p>\n<p>Shkoi Ali Podrimja. Dhe do t\u00eb kthehet prap\u00eb mes nesh, nes\u00ebr, pasnes\u00ebr, e do t\u00eb na thot\u00eb: \u201cK\u00ebtu isha, po s\u2019m\u00eb pat\u00eb, t\u00eb verb\u00ebr\u201d! Ali Podrimja i ka l\u00ebn\u00eb shum\u00eb Kosov\u00ebs \u2013 Kosova publike e pasvitit 1999, nd\u00ebrkaq, p\u00ebr t\u00eb dhe shum\u00eb mendimtar\u00eb t\u00eb tjer\u00eb dhurat\u00eb t\u00eb vetme kishte: mosp\u00ebrfilljen dhe n\u00ebn\u00e7mimin. Po, jeta atij i dha pak. Dikush nga pushteti shkruan: \u201cPenda e tij e palodhshme\u201d. Me gjas\u00eb ka menduar \u201cpena\u201d (mjet p\u00ebr t\u00eb shkruar me boj\u00eb). T\u00eb tjer\u00ebt ngarendin n\u00eb thurjen e vargjeve burokratike n\u00eb stilin \u201cishte ashtu, ishte k\u00ebshtu\u201d, ndon\u00ebse nga leximi i ditirambeve t\u00eb tyre t\u00eb dob\u00ebta s\u2019fitohet p\u00ebrshtypja t\u00eb ken\u00eb lexuar s\u00eb paku kryevepr\u00ebn e Ali Podrimjes: \u201cLum Lumi\u201d.<\/p>\n<p><strong>6<\/strong>.<\/p>\n<p>Edhe Ali Podrimja, p\u00ebr fat t\u00eb keq, do t\u00eb harrohet shpejt, si\u00e7 jan\u00eb harruar Esad Mekuli, Azem Shkreli, Beqir Musliu, Anton Pashku, Hilmi Agani e shum\u00eb e shum\u00eb t\u00eb tjer\u00eb, njer\u00ebz t\u00eb heshtur dhe atdhetar\u00eb t\u00eb zjarrt\u00eb. K\u00ebta i p\u00ebrkasin epok\u00ebs (modeste) iluministe t\u00eb Kosov\u00ebs. Por ne nuk jetojm\u00eb ngaher\u00eb n\u00eb koh\u00ebra iluministe \u2013 jetojm\u00eb n\u00eb koh\u00ebra t\u00eb tenderit, varrosjes s\u00eb sht\u00ebpive botuese (p\u00ebr shembull \u201cRilindja\u201d, ku me dekada kishte punuar Ali Podrimja), groposjes s\u00eb kultur\u00ebs. Tani botohen v\u00ebllime poetike t\u00eb autor\u00ebve anonim\u00eb nga Mu\u00e7ibaba e Ka\u00e7ibegu, derisa n\u00eb vitet \u201870 e \u201880 Ali Podrimja dhe shok\u00ebt e tij kujdeseshin q\u00eb ambienti kulturor i Kosov\u00ebs t\u00eb pasurohej me antologji poetike madje edhe nga vendet ekzotike.<\/p>\n<p>Sivjet te nj\u00eb librashit\u00ebs para hotelit \u201cGrand\u201d m\u00eb ran\u00eb n\u00eb sy nj\u00eb antologji e poezis\u00eb s\u00eb Kuvajtit, nj\u00eb p\u00ebrmbledhje me poezi e Giacomo Scottit (poet i pakic\u00ebs italiane t\u00eb Jugosllavis\u00eb) dhe nj\u00eb tjet\u00ebr me poezi t\u00eb autorit slloven Ciril Zllobec (t\u00eb gjitha t\u00eb botuara dikur nga \u201cRilindja\u201d). Sot (pu)shteti ndan para p\u00ebr gard\u00ebrob\u00eb ministrash, em\u00ebron militant\u00eb partiak\u00eb n\u00eb funksione t\u00eb r\u00ebnd\u00ebsishme t\u00eb sken\u00ebs s\u00eb kultur\u00ebs dhe vendos pllaka me k\u00ebso sh\u00ebnimesh: \u201cTempujt e dijes dhe t\u00eb shkenc\u00ebs jan\u00eb rreze drite p\u00ebr kombin dhe njer\u00ebzimin\u201d. K\u00ebshtu, dita-dit\u00ebs, Kosova i ngjan Turkmenistanit, ku i Gjith\u00ebpushtetshmi nj\u00eb dit\u00eb vendosi t\u2019ua nd\u00ebrronte emrat muajve t\u00eb vitit. P\u00ebr shembull, prilli mori emrin e n\u00ebn\u00ebs s\u00eb t\u00eb Gjith\u00ebpushtetshmit.<\/p>\n<p><strong>7<\/strong>.<\/p>\n<p>Si shkrimtar Ali Podrimja nuk ishte indiferent ndaj politik\u00ebs. Por kurr\u00eb nuk do ta marrim vesh (dhe kjo \u00ebsht\u00eb madh\u00ebshtia e tij e radh\u00ebs) se me cil\u00ebn parti ishte. Ka intelektual\u00eb n\u00eb Prishtin\u00eb, t\u00eb cil\u00ebt s\u2019e meritojn\u00eb me k\u00ebt\u00eb epitet, sepse p\u00ebr t\u00eb mb\u00ebshtetur partin\u00eb e tyre, tarafin e tyre jan\u00eb t\u00eb gatsh\u00ebm t\u2019i arsyetojn\u00eb t\u00eb gjitha: vrasjet e rival\u00ebve politik\u00eb, pla\u00e7kitjet, vjedhjet, korrupsionin, krimin. Viteve t\u00eb fundit Ali Podrimja zgjodhi protest\u00ebn n\u00eb heshtje. Kur e shihnim n\u00eb rrug\u00eb, pothuaj kalimthi ankohej p\u00ebr degradimin e kultur\u00ebs dhe vazhdonte rrug\u00ebn e tij. Moti e kishte v\u00ebrejtur se nj\u00eb epok\u00eb kishte marr\u00eb fund dhe tash niveli mendor i k\u00ebtij vendi n\u00eb Kuvend e gjetiu matet edhe me \u00e7ibuk e llull\u00eb. P\u00ebrball\u00eb k\u00ebsaj gjendjeje vuajti edhe krijimtaria e tij; poezit\u00eb e Ali Podrimjes viteve t\u00eb fundit shpesh ishin vet\u00ebm hija e krijimeve t\u00eb tij t\u00eb dikurshme.<\/p>\n<p><strong>8<\/strong>.<\/p>\n<p>M\u2019u kujtua Ali Podrimja i poezive t\u00eb p\u00ebrkthyera me kujdes n\u00eb gjermanisht nga Hans-Joachim Lankschi. Podrimja i buz\u00ebqeshjes n\u00eb kafaz, i liqenit t\u00eb Starnbergut dhe i Villa Waldbertas, i leximeve n\u00eb shum\u00eb cepa t\u00eb hap\u00ebsir\u00ebs gjermanofone, mes vendor\u00ebve kureshtar\u00eb dhe bashk\u00ebkomb\u00ebsve \u201cme \u00e7orap\u00eb t\u00eb bardha\u201d, si\u00e7 i quante me shpoti t\u00eb leht\u00eb dhe prap\u00eb i donte ashtu si\u00e7 ishin, gjithnj\u00eb duke shpresuar se vjen ora e fatit.<\/p>\n<p><strong>9<\/strong>.<\/p>\n<p>\u201cJemi aq pak n\u00eb k\u00ebt\u00eb vend, \u00e7do i r\u00ebn\u00eb \u00ebsht\u00eb v\u00eblla dhe mik\u201d. K\u00ebto vargje t\u00eb poetit dhe gazetarit norvegjez Nordahl Grieg do t\u2019i kishin p\u00eblqyer Ali Podrimjes. Sa qe gjall\u00eb ai k\u00ebshtu na fliste, por fatkeq\u00ebsia e Podrimjes ishte t\u00eb jetonte dhe mbijetonte \u2013 sidomos viteve t\u00eb fundit \u2013 jo vet\u00ebm n\u00eb nj\u00eb shoq\u00ebri t\u00eb varf\u00ebruar n\u00eb t\u00eb gjitha aspektet, por edhe pothuaj t\u00eb kalbur moralisht, ku model kulturor \u00ebsht\u00eb mend\u00ebsia grabitqare.<\/p>\n<p><strong>10<\/strong>.<\/p>\n<p>Por ndoshta vijn\u00eb koh\u00ebra t\u00eb tjera, koh\u00ebra kur Ali Podrimjen Kosova do ta kujtoj\u00eb si poet q\u00eb i dha gjuh\u00eb dhembjes e shpres\u00ebs dhe si pehlivan q\u00eb k\u00ebrcente nga Ura e Fshejt\u00eb n\u00eb Drinin e Bardh\u00eb. Deri at\u00ebher\u00eb bari mbi varrin e tij do t\u00eb kositet disa her\u00eb. Mes shum\u00eb vargjeve testament ai na ka l\u00ebn\u00eb edhe k\u00ebt\u00eb: \u201cNa iku jeta, trime, si s\u2019menduam pak edhe p\u00ebr vete. \/ Koha \u00ebsht\u00eb t\u00eb duhemi\u201d. N\u00eb k\u00ebt\u00eb qark dashurie Ali Podrimja i shihte t\u00eb gjith\u00eb njer\u00ebzit e vullnetit t\u00eb mir\u00eb. Por qarku i dashuris\u00eb n\u00eb Kosov\u00eb, n\u00eb trevat shqiptare n\u00eb p\u00ebrgjith\u00ebsi, \u00ebsht\u00eb i ngusht\u00eb, tep\u00ebr i ngusht\u00eb.<\/p>\n","protected":false},"excerpt":{"rendered":"<p>Nga Enver Robelli, 25 Korrik 2012 Shkoi Ali Podrimja. Dhe do t\u00eb kthehet prap\u00eb mes nesh, nes\u00ebr, pasnes\u00ebr, e do t\u00eb na thot\u00eb: \u201cK\u00ebtu isha, po s\u2019m\u00eb pat\u00eb, t\u00eb verb\u00ebr\u201d! Ali Podrimja i ka l\u00ebn\u00eb shum\u00eb Kosov\u00ebs \u2013 Kosova publike e pasvitit 1999, nd\u00ebrkaq, p\u00ebr t\u00eb dhe shum\u00eb mendimtar\u00eb t\u00eb tjer\u00eb dhurat\u00eb t\u00eb vetme kishte: [&hellip;]<\/p>\n","protected":false},"author":1,"featured_media":0,"comment_status":"open","ping_status":"closed","sticky":false,"template":"","format":"standard","meta":{"footnotes":""},"categories":[2],"tags":[],"class_list":{"0":"post-4035","1":"post","2":"type-post","3":"status-publish","4":"format-standard","6":"category-artikuj"},"yoast_head":"<!-- This site is optimized with the Yoast SEO plugin v27.4 - https:\/\/yoast.com\/product\/yoast-seo-wordpress\/ -->\n<title>\u201cPak po m\u00eb jep jeta ime \/ e tep\u00ebr po lyp nga Un\u00eb\u201d - FjALA e LIR\u00cb - Arkivi<\/title>\n<meta name=\"robots\" content=\"index, follow, max-snippet:-1, max-image-preview:large, max-video-preview:-1\" \/>\n<link rel=\"canonical\" href=\"https:\/\/fjala.info\/2009-2015\/pak-po-me-jep-jeta-ime-e-teper-po-lyp-nga-une\/\" \/>\n<meta property=\"og:locale\" content=\"sq_AL\" \/>\n<meta property=\"og:type\" content=\"article\" \/>\n<meta property=\"og:title\" content=\"\u201cPak po m\u00eb jep jeta ime \/ e tep\u00ebr po lyp nga Un\u00eb\u201d - FjALA e LIR\u00cb - Arkivi\" \/>\n<meta property=\"og:description\" content=\"Nga Enver Robelli, 25 Korrik 2012 Shkoi Ali Podrimja. Dhe do t\u00eb kthehet prap\u00eb mes nesh, nes\u00ebr, pasnes\u00ebr, e do t\u00eb na thot\u00eb: \u201cK\u00ebtu isha, po s\u2019m\u00eb pat\u00eb, t\u00eb verb\u00ebr\u201d! Ali Podrimja i ka l\u00ebn\u00eb shum\u00eb Kosov\u00ebs \u2013 Kosova publike e pasvitit 1999, nd\u00ebrkaq, p\u00ebr t\u00eb dhe shum\u00eb mendimtar\u00eb t\u00eb tjer\u00eb dhurat\u00eb t\u00eb vetme kishte: [&hellip;]\" \/>\n<meta property=\"og:url\" content=\"https:\/\/fjala.info\/2009-2015\/pak-po-me-jep-jeta-ime-e-teper-po-lyp-nga-une\/\" \/>\n<meta property=\"og:site_name\" content=\"FjALA e LIR\u00cb - Arkivi\" \/>\n<meta property=\"article:published_time\" content=\"2012-07-25T20:56:50+00:00\" \/>\n<meta property=\"og:image\" content=\"http:\/\/www.fjala.info\/2012\/enver_robelli.jpg\" \/>\n<meta name=\"author\" content=\"admin\" \/>\n<meta name=\"twitter:card\" content=\"summary_large_image\" \/>\n<meta name=\"twitter:label1\" content=\"Written by\" \/>\n\t<meta name=\"twitter:data1\" content=\"admin\" \/>\n\t<meta name=\"twitter:label2\" content=\"Est. reading time\" \/>\n\t<meta name=\"twitter:data2\" content=\"8 minutes\" \/>\n<script type=\"application\/ld+json\" class=\"yoast-schema-graph\">{\"@context\":\"https:\\\/\\\/schema.org\",\"@graph\":[{\"@type\":\"Article\",\"@id\":\"https:\\\/\\\/fjala.info\\\/2009-2015\\\/pak-po-me-jep-jeta-ime-e-teper-po-lyp-nga-une\\\/#article\",\"isPartOf\":{\"@id\":\"https:\\\/\\\/fjala.info\\\/2009-2015\\\/pak-po-me-jep-jeta-ime-e-teper-po-lyp-nga-une\\\/\"},\"author\":{\"name\":\"admin\",\"@id\":\"https:\\\/\\\/fjala.info\\\/2009-2015\\\/#\\\/schema\\\/person\\\/3aa1163ef05469c496fc94e77611ada2\"},\"headline\":\"\u201cPak po m\u00eb jep jeta ime \\\/ e tep\u00ebr po lyp nga Un\u00eb\u201d\",\"datePublished\":\"2012-07-25T20:56:50+00:00\",\"mainEntityOfPage\":{\"@id\":\"https:\\\/\\\/fjala.info\\\/2009-2015\\\/pak-po-me-jep-jeta-ime-e-teper-po-lyp-nga-une\\\/\"},\"wordCount\":1637,\"commentCount\":0,\"publisher\":{\"@id\":\"https:\\\/\\\/fjala.info\\\/2009-2015\\\/#organization\"},\"image\":{\"@id\":\"https:\\\/\\\/fjala.info\\\/2009-2015\\\/pak-po-me-jep-jeta-ime-e-teper-po-lyp-nga-une\\\/#primaryimage\"},\"thumbnailUrl\":\"http:\\\/\\\/www.fjala.info\\\/2012\\\/enver_robelli.jpg\",\"articleSection\":[\"Artikuj\"],\"inLanguage\":\"sq-AL\",\"potentialAction\":[{\"@type\":\"CommentAction\",\"name\":\"Comment\",\"target\":[\"https:\\\/\\\/fjala.info\\\/2009-2015\\\/pak-po-me-jep-jeta-ime-e-teper-po-lyp-nga-une\\\/#respond\"]}]},{\"@type\":\"WebPage\",\"@id\":\"https:\\\/\\\/fjala.info\\\/2009-2015\\\/pak-po-me-jep-jeta-ime-e-teper-po-lyp-nga-une\\\/\",\"url\":\"https:\\\/\\\/fjala.info\\\/2009-2015\\\/pak-po-me-jep-jeta-ime-e-teper-po-lyp-nga-une\\\/\",\"name\":\"\u201cPak po m\u00eb jep jeta ime \\\/ e tep\u00ebr po lyp nga Un\u00eb\u201d - FjALA e LIR\u00cb - Arkivi\",\"isPartOf\":{\"@id\":\"https:\\\/\\\/fjala.info\\\/2009-2015\\\/#website\"},\"primaryImageOfPage\":{\"@id\":\"https:\\\/\\\/fjala.info\\\/2009-2015\\\/pak-po-me-jep-jeta-ime-e-teper-po-lyp-nga-une\\\/#primaryimage\"},\"image\":{\"@id\":\"https:\\\/\\\/fjala.info\\\/2009-2015\\\/pak-po-me-jep-jeta-ime-e-teper-po-lyp-nga-une\\\/#primaryimage\"},\"thumbnailUrl\":\"http:\\\/\\\/www.fjala.info\\\/2012\\\/enver_robelli.jpg\",\"datePublished\":\"2012-07-25T20:56:50+00:00\",\"breadcrumb\":{\"@id\":\"https:\\\/\\\/fjala.info\\\/2009-2015\\\/pak-po-me-jep-jeta-ime-e-teper-po-lyp-nga-une\\\/#breadcrumb\"},\"inLanguage\":\"sq-AL\",\"potentialAction\":[{\"@type\":\"ReadAction\",\"target\":[\"https:\\\/\\\/fjala.info\\\/2009-2015\\\/pak-po-me-jep-jeta-ime-e-teper-po-lyp-nga-une\\\/\"]}]},{\"@type\":\"ImageObject\",\"inLanguage\":\"sq-AL\",\"@id\":\"https:\\\/\\\/fjala.info\\\/2009-2015\\\/pak-po-me-jep-jeta-ime-e-teper-po-lyp-nga-une\\\/#primaryimage\",\"url\":\"http:\\\/\\\/www.fjala.info\\\/2012\\\/enver_robelli.jpg\",\"contentUrl\":\"http:\\\/\\\/www.fjala.info\\\/2012\\\/enver_robelli.jpg\"},{\"@type\":\"BreadcrumbList\",\"@id\":\"https:\\\/\\\/fjala.info\\\/2009-2015\\\/pak-po-me-jep-jeta-ime-e-teper-po-lyp-nga-une\\\/#breadcrumb\",\"itemListElement\":[{\"@type\":\"ListItem\",\"position\":1,\"name\":\"Home\",\"item\":\"https:\\\/\\\/fjala.info\\\/2009-2015\\\/\"},{\"@type\":\"ListItem\",\"position\":2,\"name\":\"\u201cPak po m\u00eb jep jeta ime \\\/ e tep\u00ebr po lyp nga Un\u00eb\u201d\"}]},{\"@type\":\"WebSite\",\"@id\":\"https:\\\/\\\/fjala.info\\\/2009-2015\\\/#website\",\"url\":\"https:\\\/\\\/fjala.info\\\/2009-2015\\\/\",\"name\":\"FjALA e LIR\u00cb - Arkivi\",\"description\":\"Arkivi 2009-2015\",\"publisher\":{\"@id\":\"https:\\\/\\\/fjala.info\\\/2009-2015\\\/#organization\"},\"potentialAction\":[{\"@type\":\"SearchAction\",\"target\":{\"@type\":\"EntryPoint\",\"urlTemplate\":\"https:\\\/\\\/fjala.info\\\/2009-2015\\\/?s={search_term_string}\"},\"query-input\":{\"@type\":\"PropertyValueSpecification\",\"valueRequired\":true,\"valueName\":\"search_term_string\"}}],\"inLanguage\":\"sq-AL\"},{\"@type\":\"Organization\",\"@id\":\"https:\\\/\\\/fjala.info\\\/2009-2015\\\/#organization\",\"name\":\"FjALA e LIR\u00cb - Arkivi\",\"url\":\"https:\\\/\\\/fjala.info\\\/2009-2015\\\/\",\"logo\":{\"@type\":\"ImageObject\",\"inLanguage\":\"sq-AL\",\"@id\":\"https:\\\/\\\/fjala.info\\\/2009-2015\\\/#\\\/schema\\\/logo\\\/image\\\/\",\"url\":\"\",\"contentUrl\":\"\",\"caption\":\"FjALA e LIR\u00cb - Arkivi\"},\"image\":{\"@id\":\"https:\\\/\\\/fjala.info\\\/2009-2015\\\/#\\\/schema\\\/logo\\\/image\\\/\"}},{\"@type\":\"Person\",\"@id\":\"https:\\\/\\\/fjala.info\\\/2009-2015\\\/#\\\/schema\\\/person\\\/3aa1163ef05469c496fc94e77611ada2\",\"name\":\"admin\",\"image\":{\"@type\":\"ImageObject\",\"inLanguage\":\"sq-AL\",\"@id\":\"https:\\\/\\\/fjala.info\\\/2009-2015\\\/wp-content\\\/uploads\\\/2012\\\/02\\\/arben_cokaj-120x150.jpg\",\"url\":\"https:\\\/\\\/fjala.info\\\/2009-2015\\\/wp-content\\\/uploads\\\/2012\\\/02\\\/arben_cokaj-120x150.jpg\",\"contentUrl\":\"https:\\\/\\\/fjala.info\\\/2009-2015\\\/wp-content\\\/uploads\\\/2012\\\/02\\\/arben_cokaj-120x150.jpg\",\"caption\":\"admin\"},\"description\":\"Admin, Fjala e Lir\u00eb\",\"sameAs\":[\"https:\\\/\\\/fjala.info\\\/\"],\"url\":\"https:\\\/\\\/fjala.info\\\/2009-2015\\\/author\\\/admin\\\/\"}]}<\/script>\n<!-- \/ Yoast SEO plugin. -->","yoast_head_json":{"title":"\u201cPak po m\u00eb jep jeta ime \/ e tep\u00ebr po lyp nga Un\u00eb\u201d - FjALA e LIR\u00cb - Arkivi","robots":{"index":"index","follow":"follow","max-snippet":"max-snippet:-1","max-image-preview":"max-image-preview:large","max-video-preview":"max-video-preview:-1"},"canonical":"https:\/\/fjala.info\/2009-2015\/pak-po-me-jep-jeta-ime-e-teper-po-lyp-nga-une\/","og_locale":"sq_AL","og_type":"article","og_title":"\u201cPak po m\u00eb jep jeta ime \/ e tep\u00ebr po lyp nga Un\u00eb\u201d - FjALA e LIR\u00cb - Arkivi","og_description":"Nga Enver Robelli, 25 Korrik 2012 Shkoi Ali Podrimja. Dhe do t\u00eb kthehet prap\u00eb mes nesh, nes\u00ebr, pasnes\u00ebr, e do t\u00eb na thot\u00eb: \u201cK\u00ebtu isha, po s\u2019m\u00eb pat\u00eb, t\u00eb verb\u00ebr\u201d! Ali Podrimja i ka l\u00ebn\u00eb shum\u00eb Kosov\u00ebs \u2013 Kosova publike e pasvitit 1999, nd\u00ebrkaq, p\u00ebr t\u00eb dhe shum\u00eb mendimtar\u00eb t\u00eb tjer\u00eb dhurat\u00eb t\u00eb vetme kishte: [&hellip;]","og_url":"https:\/\/fjala.info\/2009-2015\/pak-po-me-jep-jeta-ime-e-teper-po-lyp-nga-une\/","og_site_name":"FjALA e LIR\u00cb - Arkivi","article_published_time":"2012-07-25T20:56:50+00:00","og_image":[{"url":"http:\/\/www.fjala.info\/2012\/enver_robelli.jpg","type":"","width":"","height":""}],"author":"admin","twitter_card":"summary_large_image","twitter_misc":{"Written by":"admin","Est. reading time":"8 minutes"},"schema":{"@context":"https:\/\/schema.org","@graph":[{"@type":"Article","@id":"https:\/\/fjala.info\/2009-2015\/pak-po-me-jep-jeta-ime-e-teper-po-lyp-nga-une\/#article","isPartOf":{"@id":"https:\/\/fjala.info\/2009-2015\/pak-po-me-jep-jeta-ime-e-teper-po-lyp-nga-une\/"},"author":{"name":"admin","@id":"https:\/\/fjala.info\/2009-2015\/#\/schema\/person\/3aa1163ef05469c496fc94e77611ada2"},"headline":"\u201cPak po m\u00eb jep jeta ime \/ e tep\u00ebr po lyp nga Un\u00eb\u201d","datePublished":"2012-07-25T20:56:50+00:00","mainEntityOfPage":{"@id":"https:\/\/fjala.info\/2009-2015\/pak-po-me-jep-jeta-ime-e-teper-po-lyp-nga-une\/"},"wordCount":1637,"commentCount":0,"publisher":{"@id":"https:\/\/fjala.info\/2009-2015\/#organization"},"image":{"@id":"https:\/\/fjala.info\/2009-2015\/pak-po-me-jep-jeta-ime-e-teper-po-lyp-nga-une\/#primaryimage"},"thumbnailUrl":"http:\/\/www.fjala.info\/2012\/enver_robelli.jpg","articleSection":["Artikuj"],"inLanguage":"sq-AL","potentialAction":[{"@type":"CommentAction","name":"Comment","target":["https:\/\/fjala.info\/2009-2015\/pak-po-me-jep-jeta-ime-e-teper-po-lyp-nga-une\/#respond"]}]},{"@type":"WebPage","@id":"https:\/\/fjala.info\/2009-2015\/pak-po-me-jep-jeta-ime-e-teper-po-lyp-nga-une\/","url":"https:\/\/fjala.info\/2009-2015\/pak-po-me-jep-jeta-ime-e-teper-po-lyp-nga-une\/","name":"\u201cPak po m\u00eb jep jeta ime \/ e tep\u00ebr po lyp nga Un\u00eb\u201d - FjALA e LIR\u00cb - Arkivi","isPartOf":{"@id":"https:\/\/fjala.info\/2009-2015\/#website"},"primaryImageOfPage":{"@id":"https:\/\/fjala.info\/2009-2015\/pak-po-me-jep-jeta-ime-e-teper-po-lyp-nga-une\/#primaryimage"},"image":{"@id":"https:\/\/fjala.info\/2009-2015\/pak-po-me-jep-jeta-ime-e-teper-po-lyp-nga-une\/#primaryimage"},"thumbnailUrl":"http:\/\/www.fjala.info\/2012\/enver_robelli.jpg","datePublished":"2012-07-25T20:56:50+00:00","breadcrumb":{"@id":"https:\/\/fjala.info\/2009-2015\/pak-po-me-jep-jeta-ime-e-teper-po-lyp-nga-une\/#breadcrumb"},"inLanguage":"sq-AL","potentialAction":[{"@type":"ReadAction","target":["https:\/\/fjala.info\/2009-2015\/pak-po-me-jep-jeta-ime-e-teper-po-lyp-nga-une\/"]}]},{"@type":"ImageObject","inLanguage":"sq-AL","@id":"https:\/\/fjala.info\/2009-2015\/pak-po-me-jep-jeta-ime-e-teper-po-lyp-nga-une\/#primaryimage","url":"http:\/\/www.fjala.info\/2012\/enver_robelli.jpg","contentUrl":"http:\/\/www.fjala.info\/2012\/enver_robelli.jpg"},{"@type":"BreadcrumbList","@id":"https:\/\/fjala.info\/2009-2015\/pak-po-me-jep-jeta-ime-e-teper-po-lyp-nga-une\/#breadcrumb","itemListElement":[{"@type":"ListItem","position":1,"name":"Home","item":"https:\/\/fjala.info\/2009-2015\/"},{"@type":"ListItem","position":2,"name":"\u201cPak po m\u00eb jep jeta ime \/ e tep\u00ebr po lyp nga Un\u00eb\u201d"}]},{"@type":"WebSite","@id":"https:\/\/fjala.info\/2009-2015\/#website","url":"https:\/\/fjala.info\/2009-2015\/","name":"FjALA e LIR\u00cb - Arkivi","description":"Arkivi 2009-2015","publisher":{"@id":"https:\/\/fjala.info\/2009-2015\/#organization"},"potentialAction":[{"@type":"SearchAction","target":{"@type":"EntryPoint","urlTemplate":"https:\/\/fjala.info\/2009-2015\/?s={search_term_string}"},"query-input":{"@type":"PropertyValueSpecification","valueRequired":true,"valueName":"search_term_string"}}],"inLanguage":"sq-AL"},{"@type":"Organization","@id":"https:\/\/fjala.info\/2009-2015\/#organization","name":"FjALA e LIR\u00cb - Arkivi","url":"https:\/\/fjala.info\/2009-2015\/","logo":{"@type":"ImageObject","inLanguage":"sq-AL","@id":"https:\/\/fjala.info\/2009-2015\/#\/schema\/logo\/image\/","url":"","contentUrl":"","caption":"FjALA e LIR\u00cb - Arkivi"},"image":{"@id":"https:\/\/fjala.info\/2009-2015\/#\/schema\/logo\/image\/"}},{"@type":"Person","@id":"https:\/\/fjala.info\/2009-2015\/#\/schema\/person\/3aa1163ef05469c496fc94e77611ada2","name":"admin","image":{"@type":"ImageObject","inLanguage":"sq-AL","@id":"https:\/\/fjala.info\/2009-2015\/wp-content\/uploads\/2012\/02\/arben_cokaj-120x150.jpg","url":"https:\/\/fjala.info\/2009-2015\/wp-content\/uploads\/2012\/02\/arben_cokaj-120x150.jpg","contentUrl":"https:\/\/fjala.info\/2009-2015\/wp-content\/uploads\/2012\/02\/arben_cokaj-120x150.jpg","caption":"admin"},"description":"Admin, Fjala e Lir\u00eb","sameAs":["https:\/\/fjala.info\/"],"url":"https:\/\/fjala.info\/2009-2015\/author\/admin\/"}]}},"_links":{"self":[{"href":"https:\/\/fjala.info\/2009-2015\/wp-json\/wp\/v2\/posts\/4035","targetHints":{"allow":["GET"]}}],"collection":[{"href":"https:\/\/fjala.info\/2009-2015\/wp-json\/wp\/v2\/posts"}],"about":[{"href":"https:\/\/fjala.info\/2009-2015\/wp-json\/wp\/v2\/types\/post"}],"author":[{"embeddable":true,"href":"https:\/\/fjala.info\/2009-2015\/wp-json\/wp\/v2\/users\/1"}],"replies":[{"embeddable":true,"href":"https:\/\/fjala.info\/2009-2015\/wp-json\/wp\/v2\/comments?post=4035"}],"version-history":[{"count":0,"href":"https:\/\/fjala.info\/2009-2015\/wp-json\/wp\/v2\/posts\/4035\/revisions"}],"wp:attachment":[{"href":"https:\/\/fjala.info\/2009-2015\/wp-json\/wp\/v2\/media?parent=4035"}],"wp:term":[{"taxonomy":"category","embeddable":true,"href":"https:\/\/fjala.info\/2009-2015\/wp-json\/wp\/v2\/categories?post=4035"},{"taxonomy":"post_tag","embeddable":true,"href":"https:\/\/fjala.info\/2009-2015\/wp-json\/wp\/v2\/tags?post=4035"}],"curies":[{"name":"wp","href":"https:\/\/api.w.org\/{rel}","templated":true}]}}